{"id":167793,"date":"2026-02-28T16:52:11","date_gmt":"2026-02-28T15:52:11","guid":{"rendered":"https:\/\/www.bellunopress.it\/?p=167793"},"modified":"2026-02-28T21:58:14","modified_gmt":"2026-02-28T20:58:14","slug":"sicurezza-tra-risate-e-riflessioni-a-borgo-valbelluna-la-prevenzione-sale-sul-palco-con-gli-studenti","status":"publish","type":"post","link":"https:\/\/www.bellunopress.it\/fr\/2026\/02\/28\/sicurezza-tra-risate-e-riflessioni-a-borgo-valbelluna-la-prevenzione-sale-sul-palco-con-gli-studenti\/","title":{"rendered":"Sicurezza tra risate e riflessioni: a Borgo Valbelluna la prevenzione sale sul palco con gli studenti"},"content":{"rendered":"<p data-path-to-node=\"3\">Borgo Valbelluna, 28\/02\/2026 \u2013 La sicurezza non \u00e8 solo una questione di norme e cartelli stradali, ma un valore che si impara fin da piccoli, magari ridendo. \u00c8 questo il messaggio lanciato venerd\u00ec 27 all\u2019Auditorium di San Pietro, dove gli studenti dell\u2019Istituto Comprensivo di Mel e Lentiai sono stati i protagonisti di &#8220;SICURAmente&#8221;, un progetto pilota che utilizza il teatro per insegnare la cultura della prevenzione.<\/p>\n<p data-path-to-node=\"5\">Organizzato da ReSiS (Rete Sicurezza Scuole Belluno), l\u2019evento ha scardinato il classico approccio didattico frontale. Invece di slide e statistiche, i ragazzi hanno incontrato l\u2019ironia del duo friulano Trigeminus, capace di affrontare temi delicatissimi con una chiave comica che ha saputo mantenere altissima l&#8217;attenzione della platea.<\/p>\n<p data-path-to-node=\"6\">L\u2019obiettivo? Far capire che il rischio non si annida solo nei grandi cantieri o nelle emergenze, ma si nasconde spesso dietro i gesti quotidiani, tra le mura di casa o sulla strada.<\/p>\n<p data-path-to-node=\"8\">La giornata \u00e8 stata divisa in due momenti chiave, pensati per diverse fasce d\u2019et\u00e0:<\/p>\n<ul data-path-to-node=\"9\">\n<li>\n<p data-path-to-node=\"9,0,0\">La mattina per le medie: Gli alunni delle classi seconde e terze delle secondarie di Mel e Lentiai hanno assistito a due pi\u00e8ce: <i data-path-to-node=\"9,0,0\" data-index-in-node=\"128\">Alcol velox<\/i> e <i data-path-to-node=\"9,0,0\" data-index-in-node=\"142\">Casa shock<\/i>. Gli spettacoli hanno acceso i riflettori sulle conseguenze tragiche della guida sotto l&#8217;effetto di alcol e droghe e sui pericoli, spesso sottovalutati, dell&#8217;ambiente domestico.<\/p>\n<\/li>\n<li>\n<p data-path-to-node=\"9,1,0\">Il pomeriggio per le primarie: I pi\u00f9 piccoli sono stati coinvolti con lo spettacolo <i data-path-to-node=\"9,1,0\" data-index-in-node=\"84\">GRANDI BABY \u2013 La sicurezza dei bambini<\/i>. In questo caso, il focus \u00e8 stato interamente dedicato ai rischi domestici, spiegati con un linguaggio semplice e diretto per trasformare i bambini in &#8220;sentinelle&#8221; della sicurezza in famiglia.<\/p>\n<\/li>\n<\/ul>\n<p data-path-to-node=\"11\"><i data-path-to-node=\"11\" data-index-in-node=\"0\">&#8220;Affrontare questo argomento gi\u00e0 dalle scuole primarie \u00e8 fondamentale&#8221;<\/i>, spiegano gli organizzatori. La sfida di ReSiS \u00e8 proprio quella di formare cittadini consapevoli che non percepiscano la sicurezza come un obbligo, ma come una tutela della propria salute e di quella di chi sta loro accanto.<\/p>\n<p data-path-to-node=\"12\">Il progetto &#8220;SICURAmente&#8221; dimostra che, se comunicata nel modo giusto, la prevenzione pu\u00f2 diventare un patrimonio condiviso, trasformando un tema complesso in una riflessione collettiva sulla responsabilit\u00e0 e sul valore della vita.<\/p>","protected":false},"excerpt":{"rendered":"<p>Borgo Valbelluna, 28\/02\/2026 \u2013 La sicurezza non \u00e8 solo una questione di norme e cartelli stradali, ma un valore che si impara fin da piccoli, magari ridendo. \u00c8 questo il messaggio lanciato venerd\u00ec 27 all\u2019Auditorium di San Pietro, dove gli studenti dell\u2019Istituto Comprensivo di Mel e Lentiai sono stati i protagonisti di &#8220;SICURAmente&#8221;, un progetto [&hellip;]<\/p>\n","protected":false},"author":2,"featured_media":167794,"comment_status":"closed","ping_status":"open","sticky":false,"template":"","format":"standard","meta":{"footnotes":""},"categories":[26,15],"tags":[],"class_list":["post-167793","post","type-post","status-publish","format-standard","has-post-thumbnail","category-prima-pagina","category-scuola"],"yoast_head":"<!-- This site is optimized with the Yoast SEO plugin v28.4 - https:\/\/yoast.com\/product\/yoast-seo-wordpress\/ -->\n<title>Sicurezza tra risate e riflessioni: a Borgo Valbelluna la prevenzione sale sul palco con gli studenti - Bellunopress - Dolomiti<\/title>\n<meta name=\"robots\" content=\"index, follow, max-snippet:-1, max-image-preview:large, max-video-preview:-1\" \/>\n<link rel=\"canonical\" href=\"https:\/\/www.bellunopress.it\/fr\/2026\/02\/28\/sicurezza-tra-risate-e-riflessioni-a-borgo-valbelluna-la-prevenzione-sale-sul-palco-con-gli-studenti\/\" \/>\n<meta property=\"og:locale\" content=\"fr_FR\" \/>\n<meta property=\"og:type\" content=\"article\" \/>\n<meta property=\"og:title\" content=\"Sicurezza tra risate e riflessioni: a Borgo Valbelluna la prevenzione sale sul palco con gli studenti - Bellunopress - Dolomiti\" \/>\n<meta property=\"og:description\" content=\"Borgo Valbelluna, 28\/02\/2026 \u2013 La sicurezza non \u00e8 solo una questione di norme e cartelli stradali, ma un valore che si impara fin da piccoli, magari ridendo. \u00c8 questo il messaggio lanciato venerd\u00ec 27 all\u2019Auditorium di San Pietro, dove gli studenti dell\u2019Istituto Comprensivo di Mel e Lentiai sono stati i protagonisti di &#8220;SICURAmente&#8221;, un progetto [&hellip;]\" \/>\n<meta property=\"og:url\" content=\"https:\/\/www.bellunopress.it\/fr\/2026\/02\/28\/sicurezza-tra-risate-e-riflessioni-a-borgo-valbelluna-la-prevenzione-sale-sul-palco-con-gli-studenti\/\" \/>\n<meta property=\"og:site_name\" content=\"Bellunopress - Dolomiti\" \/>\n<meta property=\"article:publisher\" content=\"https:\/\/www.facebook.com\/profile.php?id=100008943462799\" \/>\n<meta property=\"article:published_time\" content=\"2026-02-28T15:52:11+00:00\" \/>\n<meta property=\"article:modified_time\" content=\"2026-02-28T20:58:14+00:00\" \/>\n<meta property=\"og:image\" content=\"https:\/\/www.bellunopress.it\/wp-content\/uploads\/2026\/02\/Auditorium-S-Pietro-Mel-sicuramente.jpeg\" \/>\n\t<meta property=\"og:image:width\" content=\"500\" \/>\n\t<meta property=\"og:image:height\" content=\"375\" \/>\n\t<meta property=\"og:image:type\" content=\"image\/jpeg\" \/>\n<meta name=\"author\" content=\"redazione\" \/>\n<meta name=\"twitter:card\" content=\"summary_large_image\" \/>\n<meta name=\"twitter:creator\" content=\"@bellunopress\" \/>\n<meta name=\"twitter:site\" content=\"@bellunopress\" \/>\n<meta name=\"twitter:label1\" content=\"\u00c9crit par\" \/>\n\t<meta name=\"twitter:data1\" content=\"redazione\" \/>\n\t<meta name=\"twitter:label2\" content=\"Dur\u00e9e de lecture estim\u00e9e\" \/>\n\t<meta name=\"twitter:data2\" content=\"2 minutes\" \/>\n<script type=\"application\/ld+json\" class=\"yoast-schema-graph\">{\"@context\":\"https:\\\/\\\/schema.org\",\"@graph\":[{\"@type\":\"Article\",\"@id\":\"https:\\\/\\\/www.bellunopress.it\\\/2026\\\/02\\\/28\\\/sicurezza-tra-risate-e-riflessioni-a-borgo-valbelluna-la-prevenzione-sale-sul-palco-con-gli-studenti\\\/#article\",\"isPartOf\":{\"@id\":\"https:\\\/\\\/www.bellunopress.it\\\/2026\\\/02\\\/28\\\/sicurezza-tra-risate-e-riflessioni-a-borgo-valbelluna-la-prevenzione-sale-sul-palco-con-gli-studenti\\\/\"},\"author\":{\"name\":\"redazione\",\"@id\":\"https:\\\/\\\/www.bellunopress.it\\\/#\\\/schema\\\/person\\\/79bb06722b37ece1c03d3e94beb30d73\"},\"headline\":\"Sicurezza tra risate e riflessioni: a Borgo Valbelluna la prevenzione sale sul palco con gli studenti\",\"datePublished\":\"2026-02-28T15:52:11+00:00\",\"dateModified\":\"2026-02-28T20:58:14+00:00\",\"mainEntityOfPage\":{\"@id\":\"https:\\\/\\\/www.bellunopress.it\\\/2026\\\/02\\\/28\\\/sicurezza-tra-risate-e-riflessioni-a-borgo-valbelluna-la-prevenzione-sale-sul-palco-con-gli-studenti\\\/\"},\"wordCount\":354,\"publisher\":{\"@id\":\"https:\\\/\\\/www.bellunopress.it\\\/#organization\"},\"image\":{\"@id\":\"https:\\\/\\\/www.bellunopress.it\\\/2026\\\/02\\\/28\\\/sicurezza-tra-risate-e-riflessioni-a-borgo-valbelluna-la-prevenzione-sale-sul-palco-con-gli-studenti\\\/#primaryimage\"},\"thumbnailUrl\":\"https:\\\/\\\/www.bellunopress.it\\\/wp-content\\\/uploads\\\/2026\\\/02\\\/Auditorium-S-Pietro-Mel-sicuramente.jpeg\",\"articleSection\":[\"Prima Pagina\",\"Scuola\"],\"inLanguage\":\"fr-FR\"},{\"@type\":\"WebPage\",\"@id\":\"https:\\\/\\\/www.bellunopress.it\\\/2026\\\/02\\\/28\\\/sicurezza-tra-risate-e-riflessioni-a-borgo-valbelluna-la-prevenzione-sale-sul-palco-con-gli-studenti\\\/\",\"url\":\"https:\\\/\\\/www.bellunopress.it\\\/2026\\\/02\\\/28\\\/sicurezza-tra-risate-e-riflessioni-a-borgo-valbelluna-la-prevenzione-sale-sul-palco-con-gli-studenti\\\/\",\"name\":\"Sicurezza tra risate e riflessioni: a Borgo Valbelluna la prevenzione sale sul palco con gli studenti - Bellunopress - Dolomiti\",\"isPartOf\":{\"@id\":\"https:\\\/\\\/www.bellunopress.it\\\/#website\"},\"primaryImageOfPage\":{\"@id\":\"https:\\\/\\\/www.bellunopress.it\\\/2026\\\/02\\\/28\\\/sicurezza-tra-risate-e-riflessioni-a-borgo-valbelluna-la-prevenzione-sale-sul-palco-con-gli-studenti\\\/#primaryimage\"},\"image\":{\"@id\":\"https:\\\/\\\/www.bellunopress.it\\\/2026\\\/02\\\/28\\\/sicurezza-tra-risate-e-riflessioni-a-borgo-valbelluna-la-prevenzione-sale-sul-palco-con-gli-studenti\\\/#primaryimage\"},\"thumbnailUrl\":\"https:\\\/\\\/www.bellunopress.it\\\/wp-content\\\/uploads\\\/2026\\\/02\\\/Auditorium-S-Pietro-Mel-sicuramente.jpeg\",\"datePublished\":\"2026-02-28T15:52:11+00:00\",\"dateModified\":\"2026-02-28T20:58:14+00:00\",\"breadcrumb\":{\"@id\":\"https:\\\/\\\/www.bellunopress.it\\\/2026\\\/02\\\/28\\\/sicurezza-tra-risate-e-riflessioni-a-borgo-valbelluna-la-prevenzione-sale-sul-palco-con-gli-studenti\\\/#breadcrumb\"},\"inLanguage\":\"fr-FR\",\"potentialAction\":[{\"@type\":\"ReadAction\",\"target\":[\"https:\\\/\\\/www.bellunopress.it\\\/2026\\\/02\\\/28\\\/sicurezza-tra-risate-e-riflessioni-a-borgo-valbelluna-la-prevenzione-sale-sul-palco-con-gli-studenti\\\/\"]}]},{\"@type\":\"ImageObject\",\"inLanguage\":\"fr-FR\",\"@id\":\"https:\\\/\\\/www.bellunopress.it\\\/2026\\\/02\\\/28\\\/sicurezza-tra-risate-e-riflessioni-a-borgo-valbelluna-la-prevenzione-sale-sul-palco-con-gli-studenti\\\/#primaryimage\",\"url\":\"https:\\\/\\\/www.bellunopress.it\\\/wp-content\\\/uploads\\\/2026\\\/02\\\/Auditorium-S-Pietro-Mel-sicuramente.jpeg\",\"contentUrl\":\"https:\\\/\\\/www.bellunopress.it\\\/wp-content\\\/uploads\\\/2026\\\/02\\\/Auditorium-S-Pietro-Mel-sicuramente.jpeg\",\"width\":500,\"height\":375},{\"@type\":\"BreadcrumbList\",\"@id\":\"https:\\\/\\\/www.bellunopress.it\\\/2026\\\/02\\\/28\\\/sicurezza-tra-risate-e-riflessioni-a-borgo-valbelluna-la-prevenzione-sale-sul-palco-con-gli-studenti\\\/#breadcrumb\",\"itemListElement\":[{\"@type\":\"ListItem\",\"position\":1,\"name\":\"Home\",\"item\":\"https:\\\/\\\/www.bellunopress.it\\\/\"},{\"@type\":\"ListItem\",\"position\":2,\"name\":\"Sicurezza tra risate e riflessioni: a Borgo Valbelluna la prevenzione sale sul palco con gli studenti\"}]},{\"@type\":\"WebSite\",\"@id\":\"https:\\\/\\\/www.bellunopress.it\\\/#website\",\"url\":\"https:\\\/\\\/www.bellunopress.it\\\/\",\"name\":\"Bellunopress - Dolomiti\",\"description\":\"e-mail: redazione@bellunopress.it\",\"publisher\":{\"@id\":\"https:\\\/\\\/www.bellunopress.it\\\/#organization\"},\"potentialAction\":[{\"@type\":\"SearchAction\",\"target\":{\"@type\":\"EntryPoint\",\"urlTemplate\":\"https:\\\/\\\/www.bellunopress.it\\\/?s={search_term_string}\"},\"query-input\":{\"@type\":\"PropertyValueSpecification\",\"valueRequired\":true,\"valueName\":\"search_term_string\"}}],\"inLanguage\":\"fr-FR\"},{\"@type\":\"Organization\",\"@id\":\"https:\\\/\\\/www.bellunopress.it\\\/#organization\",\"name\":\"Bellunopress\",\"url\":\"https:\\\/\\\/www.bellunopress.it\\\/\",\"logo\":{\"@type\":\"ImageObject\",\"inLanguage\":\"fr-FR\",\"@id\":\"https:\\\/\\\/www.bellunopress.it\\\/#\\\/schema\\\/logo\\\/image\\\/\",\"url\":\"https:\\\/\\\/www.bellunopress.it\\\/wp-content\\\/uploads\\\/2011\\\/05\\\/cropped-logo-bellunopress-.jpg\",\"contentUrl\":\"https:\\\/\\\/www.bellunopress.it\\\/wp-content\\\/uploads\\\/2011\\\/05\\\/cropped-logo-bellunopress-.jpg\",\"width\":512,\"height\":512,\"caption\":\"Bellunopress\"},\"image\":{\"@id\":\"https:\\\/\\\/www.bellunopress.it\\\/#\\\/schema\\\/logo\\\/image\\\/\"},\"sameAs\":[\"https:\\\/\\\/www.facebook.com\\\/profile.php?id=100008943462799\",\"https:\\\/\\\/x.com\\\/bellunopress\",\"https:\\\/\\\/www.linkedin.com\\\/hp\\\/?dnr=JBzUWaJfMUw8vbXJJ2tVW5-I3jZKvC4wsoxE&amp;amp;amp;amp;amp;amp;trk=nav_responsive_tab_home\",\"https:\\\/\\\/www.youtube.com\\\/channel\\\/UCxL0wu1uN0_3_7hGG0306cw\"]},{\"@type\":\"Person\",\"@id\":\"https:\\\/\\\/www.bellunopress.it\\\/#\\\/schema\\\/person\\\/79bb06722b37ece1c03d3e94beb30d73\",\"name\":\"redazione\",\"image\":{\"@type\":\"ImageObject\",\"inLanguage\":\"fr-FR\",\"@id\":\"https:\\\/\\\/secure.gravatar.com\\\/avatar\\\/37d968a2e67a6fd04c169c4bdef102d0bc5d31b2546345219e348575eb80e9a0?s=96&d=mm&r=g\",\"url\":\"https:\\\/\\\/secure.gravatar.com\\\/avatar\\\/37d968a2e67a6fd04c169c4bdef102d0bc5d31b2546345219e348575eb80e9a0?s=96&d=mm&r=g\",\"contentUrl\":\"https:\\\/\\\/secure.gravatar.com\\\/avatar\\\/37d968a2e67a6fd04c169c4bdef102d0bc5d31b2546345219e348575eb80e9a0?s=96&d=mm&r=g\",\"caption\":\"redazione\"},\"sameAs\":[\"http:\\\/\\\/www.bellunopress.it\",\"https:\\\/\\\/x.com\\\/bellunopress\"],\"url\":\"https:\\\/\\\/www.bellunopress.it\\\/fr\\\/author\\\/redazione\\\/\"}]}<\/script>\n<!-- \/ Yoast SEO plugin. -->","yoast_head_json":{"title":"Sicurezza tra risate e riflessioni: a Borgo Valbelluna la prevenzione sale sul palco con gli studenti - Bellunopress - Dolomiti","robots":{"index":"index","follow":"follow","max-snippet":"max-snippet:-1","max-image-preview":"max-image-preview:large","max-video-preview":"max-video-preview:-1"},"canonical":"https:\/\/www.bellunopress.it\/fr\/2026\/02\/28\/sicurezza-tra-risate-e-riflessioni-a-borgo-valbelluna-la-prevenzione-sale-sul-palco-con-gli-studenti\/","og_locale":"fr_FR","og_type":"article","og_title":"Sicurezza tra risate e riflessioni: a Borgo Valbelluna la prevenzione sale sul palco con gli studenti - Bellunopress - Dolomiti","og_description":"Borgo Valbelluna, 28\/02\/2026 \u2013 La sicurezza non \u00e8 solo una questione di norme e cartelli stradali, ma un valore che si impara fin da piccoli, magari ridendo. \u00c8 questo il messaggio lanciato venerd\u00ec 27 all\u2019Auditorium di San Pietro, dove gli studenti dell\u2019Istituto Comprensivo di Mel e Lentiai sono stati i protagonisti di &#8220;SICURAmente&#8221;, un progetto [&hellip;]","og_url":"https:\/\/www.bellunopress.it\/fr\/2026\/02\/28\/sicurezza-tra-risate-e-riflessioni-a-borgo-valbelluna-la-prevenzione-sale-sul-palco-con-gli-studenti\/","og_site_name":"Bellunopress - Dolomiti","article_publisher":"https:\/\/www.facebook.com\/profile.php?id=100008943462799","article_published_time":"2026-02-28T15:52:11+00:00","article_modified_time":"2026-02-28T20:58:14+00:00","og_image":[{"width":500,"height":375,"url":"https:\/\/www.bellunopress.it\/wp-content\/uploads\/2026\/02\/Auditorium-S-Pietro-Mel-sicuramente.jpeg","type":"image\/jpeg"}],"author":"redazione","twitter_card":"summary_large_image","twitter_creator":"@bellunopress","twitter_site":"@bellunopress","twitter_misc":{"\u00c9crit par":"redazione","Dur\u00e9e de lecture estim\u00e9e":"2 minutes"},"schema":{"@context":"https:\/\/schema.org","@graph":[{"@type":"Article","@id":"https:\/\/www.bellunopress.it\/2026\/02\/28\/sicurezza-tra-risate-e-riflessioni-a-borgo-valbelluna-la-prevenzione-sale-sul-palco-con-gli-studenti\/#article","isPartOf":{"@id":"https:\/\/www.bellunopress.it\/2026\/02\/28\/sicurezza-tra-risate-e-riflessioni-a-borgo-valbelluna-la-prevenzione-sale-sul-palco-con-gli-studenti\/"},"author":{"name":"redazione","@id":"https:\/\/www.bellunopress.it\/#\/schema\/person\/79bb06722b37ece1c03d3e94beb30d73"},"headline":"Sicurezza tra risate e riflessioni: a Borgo Valbelluna la prevenzione sale sul palco con gli studenti","datePublished":"2026-02-28T15:52:11+00:00","dateModified":"2026-02-28T20:58:14+00:00","mainEntityOfPage":{"@id":"https:\/\/www.bellunopress.it\/2026\/02\/28\/sicurezza-tra-risate-e-riflessioni-a-borgo-valbelluna-la-prevenzione-sale-sul-palco-con-gli-studenti\/"},"wordCount":354,"publisher":{"@id":"https:\/\/www.bellunopress.it\/#organization"},"image":{"@id":"https:\/\/www.bellunopress.it\/2026\/02\/28\/sicurezza-tra-risate-e-riflessioni-a-borgo-valbelluna-la-prevenzione-sale-sul-palco-con-gli-studenti\/#primaryimage"},"thumbnailUrl":"https:\/\/www.bellunopress.it\/wp-content\/uploads\/2026\/02\/Auditorium-S-Pietro-Mel-sicuramente.jpeg","articleSection":["Prima Pagina","Scuola"],"inLanguage":"fr-FR"},{"@type":"WebPage","@id":"https:\/\/www.bellunopress.it\/2026\/02\/28\/sicurezza-tra-risate-e-riflessioni-a-borgo-valbelluna-la-prevenzione-sale-sul-palco-con-gli-studenti\/","url":"https:\/\/www.bellunopress.it\/2026\/02\/28\/sicurezza-tra-risate-e-riflessioni-a-borgo-valbelluna-la-prevenzione-sale-sul-palco-con-gli-studenti\/","name":"Sicurezza tra risate e riflessioni: a Borgo Valbelluna la prevenzione sale sul palco con gli studenti - Bellunopress - Dolomiti","isPartOf":{"@id":"https:\/\/www.bellunopress.it\/#website"},"primaryImageOfPage":{"@id":"https:\/\/www.bellunopress.it\/2026\/02\/28\/sicurezza-tra-risate-e-riflessioni-a-borgo-valbelluna-la-prevenzione-sale-sul-palco-con-gli-studenti\/#primaryimage"},"image":{"@id":"https:\/\/www.bellunopress.it\/2026\/02\/28\/sicurezza-tra-risate-e-riflessioni-a-borgo-valbelluna-la-prevenzione-sale-sul-palco-con-gli-studenti\/#primaryimage"},"thumbnailUrl":"https:\/\/www.bellunopress.it\/wp-content\/uploads\/2026\/02\/Auditorium-S-Pietro-Mel-sicuramente.jpeg","datePublished":"2026-02-28T15:52:11+00:00","dateModified":"2026-02-28T20:58:14+00:00","breadcrumb":{"@id":"https:\/\/www.bellunopress.it\/2026\/02\/28\/sicurezza-tra-risate-e-riflessioni-a-borgo-valbelluna-la-prevenzione-sale-sul-palco-con-gli-studenti\/#breadcrumb"},"inLanguage":"fr-FR","potentialAction":[{"@type":"ReadAction","target":["https:\/\/www.bellunopress.it\/2026\/02\/28\/sicurezza-tra-risate-e-riflessioni-a-borgo-valbelluna-la-prevenzione-sale-sul-palco-con-gli-studenti\/"]}]},{"@type":"ImageObject","inLanguage":"fr-FR","@id":"https:\/\/www.bellunopress.it\/2026\/02\/28\/sicurezza-tra-risate-e-riflessioni-a-borgo-valbelluna-la-prevenzione-sale-sul-palco-con-gli-studenti\/#primaryimage","url":"https:\/\/www.bellunopress.it\/wp-content\/uploads\/2026\/02\/Auditorium-S-Pietro-Mel-sicuramente.jpeg","contentUrl":"https:\/\/www.bellunopress.it\/wp-content\/uploads\/2026\/02\/Auditorium-S-Pietro-Mel-sicuramente.jpeg","width":500,"height":375},{"@type":"BreadcrumbList","@id":"https:\/\/www.bellunopress.it\/2026\/02\/28\/sicurezza-tra-risate-e-riflessioni-a-borgo-valbelluna-la-prevenzione-sale-sul-palco-con-gli-studenti\/#breadcrumb","itemListElement":[{"@type":"ListItem","position":1,"name":"Home","item":"https:\/\/www.bellunopress.it\/"},{"@type":"ListItem","position":2,"name":"Sicurezza tra risate e riflessioni: a Borgo Valbelluna la prevenzione sale sul palco con gli studenti"}]},{"@type":"WebSite","@id":"https:\/\/www.bellunopress.it\/#website","url":"https:\/\/www.bellunopress.it\/","name":"Bellunopress - Dolomiti","description":"e-mail: redazione@bellunopress.it","publisher":{"@id":"https:\/\/www.bellunopress.it\/#organization"},"potentialAction":[{"@type":"SearchAction","target":{"@type":"EntryPoint","urlTemplate":"https:\/\/www.bellunopress.it\/?s={search_term_string}"},"query-input":{"@type":"PropertyValueSpecification","valueRequired":true,"valueName":"search_term_string"}}],"inLanguage":"fr-FR"},{"@type":"Organization","@id":"https:\/\/www.bellunopress.it\/#organization","name":"Bellunopress","url":"https:\/\/www.bellunopress.it\/","logo":{"@type":"ImageObject","inLanguage":"fr-FR","@id":"https:\/\/www.bellunopress.it\/#\/schema\/logo\/image\/","url":"https:\/\/www.bellunopress.it\/wp-content\/uploads\/2011\/05\/cropped-logo-bellunopress-.jpg","contentUrl":"https:\/\/www.bellunopress.it\/wp-content\/uploads\/2011\/05\/cropped-logo-bellunopress-.jpg","width":512,"height":512,"caption":"Bellunopress"},"image":{"@id":"https:\/\/www.bellunopress.it\/#\/schema\/logo\/image\/"},"sameAs":["https:\/\/www.facebook.com\/profile.php?id=100008943462799","https:\/\/x.com\/bellunopress","https:\/\/www.linkedin.com\/hp\/?dnr=JBzUWaJfMUw8vbXJJ2tVW5-I3jZKvC4wsoxE&amp;amp;amp;amp;amp;amp;trk=nav_responsive_tab_home","https:\/\/www.youtube.com\/channel\/UCxL0wu1uN0_3_7hGG0306cw"]},{"@type":"Person","@id":"https:\/\/www.bellunopress.it\/#\/schema\/person\/79bb06722b37ece1c03d3e94beb30d73","name":"r\u00e9daction","image":{"@type":"ImageObject","inLanguage":"fr-FR","@id":"https:\/\/secure.gravatar.com\/avatar\/37d968a2e67a6fd04c169c4bdef102d0bc5d31b2546345219e348575eb80e9a0?s=96&d=mm&r=g","url":"https:\/\/secure.gravatar.com\/avatar\/37d968a2e67a6fd04c169c4bdef102d0bc5d31b2546345219e348575eb80e9a0?s=96&d=mm&r=g","contentUrl":"https:\/\/secure.gravatar.com\/avatar\/37d968a2e67a6fd04c169c4bdef102d0bc5d31b2546345219e348575eb80e9a0?s=96&d=mm&r=g","caption":"redazione"},"sameAs":["http:\/\/www.bellunopress.it","https:\/\/x.com\/bellunopress"],"url":"https:\/\/www.bellunopress.it\/fr\/author\/redazione\/"}]}},"_links":{"self":[{"href":"https:\/\/www.bellunopress.it\/fr\/wp-json\/wp\/v2\/posts\/167793","targetHints":{"allow":["GET"]}}],"collection":[{"href":"https:\/\/www.bellunopress.it\/fr\/wp-json\/wp\/v2\/posts"}],"about":[{"href":"https:\/\/www.bellunopress.it\/fr\/wp-json\/wp\/v2\/types\/post"}],"author":[{"embeddable":true,"href":"https:\/\/www.bellunopress.it\/fr\/wp-json\/wp\/v2\/users\/2"}],"replies":[{"embeddable":true,"href":"https:\/\/www.bellunopress.it\/fr\/wp-json\/wp\/v2\/comments?post=167793"}],"version-history":[{"count":1,"href":"https:\/\/www.bellunopress.it\/fr\/wp-json\/wp\/v2\/posts\/167793\/revisions"}],"predecessor-version":[{"id":167795,"href":"https:\/\/www.bellunopress.it\/fr\/wp-json\/wp\/v2\/posts\/167793\/revisions\/167795"}],"wp:featuredmedia":[{"embeddable":true,"href":"https:\/\/www.bellunopress.it\/fr\/wp-json\/wp\/v2\/media\/167794"}],"wp:attachment":[{"href":"https:\/\/www.bellunopress.it\/fr\/wp-json\/wp\/v2\/media?parent=167793"}],"wp:term":[{"taxonomy":"category","embeddable":true,"href":"https:\/\/www.bellunopress.it\/fr\/wp-json\/wp\/v2\/categories?post=167793"},{"taxonomy":"post_tag","embeddable":true,"href":"https:\/\/www.bellunopress.it\/fr\/wp-json\/wp\/v2\/tags?post=167793"}],"curies":[{"name":"wp","href":"https:\/\/api.w.org\/{rel}","templated":true}]}}