{"id":167784,"date":"2026-02-28T16:42:59","date_gmt":"2026-02-28T15:42:59","guid":{"rendered":"https:\/\/www.bellunopress.it\/?p=167784"},"modified":"2026-02-28T16:42:59","modified_gmt":"2026-02-28T15:42:59","slug":"pedonata-mascherata-e-gara-di-like-premiati-a-palazzo-rosso-i-vincitori","status":"publish","type":"post","link":"https:\/\/www.bellunopress.it\/fr\/2026\/02\/28\/pedonata-mascherata-e-gara-di-like-premiati-a-palazzo-rosso-i-vincitori\/","title":{"rendered":"Pedonata mascherata e gara di like. Premiati a Palazzo Rosso i vincitori"},"content":{"rendered":"<p>Belluno, 28\/02\/2026\u00a0 &#8211;\u00a0\u00a0Sono stati accolti questa mattina nella sala consiliare di Palazzo Rosso, gli 11 vincitori della \u201cgara di like\u201d organizzata dal Comune in occasione della pedonata di Carnevale di Marted\u00ec grasso. A riceverli in sala Giunta l\u2019assessore allo sport Monica Mazzoccoli, l\u2019assessore al turismo Paolo Luciani e, in rappresentanza dei commercianti, Andrea Dal Pont e Andrea Rova. A tutti i protagonisti delle fotografie che, nei giorni successivi all\u2019evento, hanno raccolto il maggior numero di preferenze online sono stati consegnati gadget del Comune e buoni da utilizzare nei negozi del centro storico.<\/p>\n<p>L\u2019iniziativa si era svolta nel cuore della Citt\u00e0 marted\u00ec 17 febbraio, quando in occasione della festa per l\u2019ultimo giorno di Carnevale adulti e bambini erano stati invitati a scattarsi una fotografia davanti ai simboli olimpici allestiti in piazza. Gli scatti, pubblicati successivamente sui canali social, erano stati sottoposti al gradimento del pubblico in una sfida a colpi di like che ha visto una partecipazione diffusa e trasversale.<\/p>\n<p>La cerimonia di premiazione ha rappresentato il momento conclusivo di un appuntamento che, accanto alla dimensione sportiva e festosa della pedonata di Carnevale, ha saputo coinvolgere famiglie e cittadini anche attraverso strumenti digitali, unendo piazza e social network in un\u2019unica iniziativa partecipata.<br \/>\n\u201cLa risposta che abbiamo ricevuto \u2013 ha commentato l\u2019assessore allo sport Monica Mazzoccoli \u2013 dimostra ancora una volta quanto la nostra comunit\u00e0 risponda con entusiasmo anche a iniziative giocose come questa, che piacciono proprio perch\u00e9 aggregano e permettono di partecipare anche con un semplice like e di sentirsi parte di un evento e di un gruppo. \u00c8 stato bello vedere persone di tutte le et\u00e0 condividere senza competitivit\u00e0 uno spirito di squadra, che richiama proprio i valori rappresentati dai simboli olimpici\u201d.<\/p>","protected":false},"excerpt":{"rendered":"<p>Belluno, 28\/02\/2026\u00a0 &#8211;\u00a0\u00a0Sono stati accolti questa mattina nella sala consiliare di Palazzo Rosso, gli 11 vincitori della \u201cgara di like\u201d organizzata dal Comune in occasione della pedonata di Carnevale di Marted\u00ec grasso. A riceverli in sala Giunta l\u2019assessore allo sport Monica Mazzoccoli, l\u2019assessore al turismo Paolo Luciani e, in rappresentanza dei commercianti, Andrea Dal Pont [&hellip;]<\/p>\n","protected":false},"author":2,"featured_media":167785,"comment_status":"closed","ping_status":"open","sticky":false,"template":"","format":"standard","meta":{"footnotes":""},"categories":[8],"tags":[],"class_list":["post-167784","post","type-post","status-publish","format-standard","has-post-thumbnail","category-societa-istituzioni"],"yoast_head":"<!-- This site is optimized with the Yoast SEO plugin v28.4 - https:\/\/yoast.com\/product\/yoast-seo-wordpress\/ -->\n<title>Pedonata mascherata e gara di like. Premiati a Palazzo Rosso i vincitori - Bellunopress - Dolomiti<\/title>\n<meta name=\"robots\" content=\"index, follow, max-snippet:-1, max-image-preview:large, max-video-preview:-1\" \/>\n<link rel=\"canonical\" href=\"https:\/\/www.bellunopress.it\/fr\/2026\/02\/28\/pedonata-mascherata-e-gara-di-like-premiati-a-palazzo-rosso-i-vincitori\/\" \/>\n<meta property=\"og:locale\" content=\"fr_FR\" \/>\n<meta property=\"og:type\" content=\"article\" \/>\n<meta property=\"og:title\" content=\"Pedonata mascherata e gara di like. Premiati a Palazzo Rosso i vincitori - Bellunopress - Dolomiti\" \/>\n<meta property=\"og:description\" content=\"Belluno, 28\/02\/2026\u00a0 &#8211;\u00a0\u00a0Sono stati accolti questa mattina nella sala consiliare di Palazzo Rosso, gli 11 vincitori della \u201cgara di like\u201d organizzata dal Comune in occasione della pedonata di Carnevale di Marted\u00ec grasso. A riceverli in sala Giunta l\u2019assessore allo sport Monica Mazzoccoli, l\u2019assessore al turismo Paolo Luciani e, in rappresentanza dei commercianti, Andrea Dal Pont [&hellip;]\" \/>\n<meta property=\"og:url\" content=\"https:\/\/www.bellunopress.it\/fr\/2026\/02\/28\/pedonata-mascherata-e-gara-di-like-premiati-a-palazzo-rosso-i-vincitori\/\" \/>\n<meta property=\"og:site_name\" content=\"Bellunopress - Dolomiti\" \/>\n<meta property=\"article:publisher\" content=\"https:\/\/www.facebook.com\/profile.php?id=100008943462799\" \/>\n<meta property=\"article:published_time\" content=\"2026-02-28T15:42:59+00:00\" \/>\n<meta property=\"og:image\" content=\"https:\/\/www.bellunopress.it\/wp-content\/uploads\/2026\/02\/Belluno-gara-di-like.jpeg\" \/>\n\t<meta property=\"og:image:width\" content=\"500\" \/>\n\t<meta property=\"og:image:height\" content=\"375\" \/>\n\t<meta property=\"og:image:type\" content=\"image\/jpeg\" \/>\n<meta name=\"author\" content=\"redazione\" \/>\n<meta name=\"twitter:card\" content=\"summary_large_image\" \/>\n<meta name=\"twitter:creator\" content=\"@bellunopress\" \/>\n<meta name=\"twitter:site\" content=\"@bellunopress\" \/>\n<meta name=\"twitter:label1\" content=\"\u00c9crit par\" \/>\n\t<meta name=\"twitter:data1\" content=\"redazione\" \/>\n\t<meta name=\"twitter:label2\" content=\"Dur\u00e9e de lecture estim\u00e9e\" \/>\n\t<meta name=\"twitter:data2\" content=\"1 minute\" \/>\n<script type=\"application\/ld+json\" class=\"yoast-schema-graph\">{\"@context\":\"https:\\\/\\\/schema.org\",\"@graph\":[{\"@type\":\"Article\",\"@id\":\"https:\\\/\\\/www.bellunopress.it\\\/2026\\\/02\\\/28\\\/pedonata-mascherata-e-gara-di-like-premiati-a-palazzo-rosso-i-vincitori\\\/#article\",\"isPartOf\":{\"@id\":\"https:\\\/\\\/www.bellunopress.it\\\/2026\\\/02\\\/28\\\/pedonata-mascherata-e-gara-di-like-premiati-a-palazzo-rosso-i-vincitori\\\/\"},\"author\":{\"name\":\"redazione\",\"@id\":\"https:\\\/\\\/www.bellunopress.it\\\/#\\\/schema\\\/person\\\/79bb06722b37ece1c03d3e94beb30d73\"},\"headline\":\"Pedonata mascherata e gara di like. Premiati a Palazzo Rosso i vincitori\",\"datePublished\":\"2026-02-28T15:42:59+00:00\",\"mainEntityOfPage\":{\"@id\":\"https:\\\/\\\/www.bellunopress.it\\\/2026\\\/02\\\/28\\\/pedonata-mascherata-e-gara-di-like-premiati-a-palazzo-rosso-i-vincitori\\\/\"},\"wordCount\":296,\"publisher\":{\"@id\":\"https:\\\/\\\/www.bellunopress.it\\\/#organization\"},\"image\":{\"@id\":\"https:\\\/\\\/www.bellunopress.it\\\/2026\\\/02\\\/28\\\/pedonata-mascherata-e-gara-di-like-premiati-a-palazzo-rosso-i-vincitori\\\/#primaryimage\"},\"thumbnailUrl\":\"https:\\\/\\\/www.bellunopress.it\\\/wp-content\\\/uploads\\\/2026\\\/02\\\/Belluno-gara-di-like.jpeg\",\"articleSection\":[\"Societ\u00e0, Associazioni, Istituzioni\"],\"inLanguage\":\"fr-FR\"},{\"@type\":\"WebPage\",\"@id\":\"https:\\\/\\\/www.bellunopress.it\\\/2026\\\/02\\\/28\\\/pedonata-mascherata-e-gara-di-like-premiati-a-palazzo-rosso-i-vincitori\\\/\",\"url\":\"https:\\\/\\\/www.bellunopress.it\\\/2026\\\/02\\\/28\\\/pedonata-mascherata-e-gara-di-like-premiati-a-palazzo-rosso-i-vincitori\\\/\",\"name\":\"Pedonata mascherata e gara di like. Premiati a Palazzo Rosso i vincitori - Bellunopress - Dolomiti\",\"isPartOf\":{\"@id\":\"https:\\\/\\\/www.bellunopress.it\\\/#website\"},\"primaryImageOfPage\":{\"@id\":\"https:\\\/\\\/www.bellunopress.it\\\/2026\\\/02\\\/28\\\/pedonata-mascherata-e-gara-di-like-premiati-a-palazzo-rosso-i-vincitori\\\/#primaryimage\"},\"image\":{\"@id\":\"https:\\\/\\\/www.bellunopress.it\\\/2026\\\/02\\\/28\\\/pedonata-mascherata-e-gara-di-like-premiati-a-palazzo-rosso-i-vincitori\\\/#primaryimage\"},\"thumbnailUrl\":\"https:\\\/\\\/www.bellunopress.it\\\/wp-content\\\/uploads\\\/2026\\\/02\\\/Belluno-gara-di-like.jpeg\",\"datePublished\":\"2026-02-28T15:42:59+00:00\",\"breadcrumb\":{\"@id\":\"https:\\\/\\\/www.bellunopress.it\\\/2026\\\/02\\\/28\\\/pedonata-mascherata-e-gara-di-like-premiati-a-palazzo-rosso-i-vincitori\\\/#breadcrumb\"},\"inLanguage\":\"fr-FR\",\"potentialAction\":[{\"@type\":\"ReadAction\",\"target\":[\"https:\\\/\\\/www.bellunopress.it\\\/2026\\\/02\\\/28\\\/pedonata-mascherata-e-gara-di-like-premiati-a-palazzo-rosso-i-vincitori\\\/\"]}]},{\"@type\":\"ImageObject\",\"inLanguage\":\"fr-FR\",\"@id\":\"https:\\\/\\\/www.bellunopress.it\\\/2026\\\/02\\\/28\\\/pedonata-mascherata-e-gara-di-like-premiati-a-palazzo-rosso-i-vincitori\\\/#primaryimage\",\"url\":\"https:\\\/\\\/www.bellunopress.it\\\/wp-content\\\/uploads\\\/2026\\\/02\\\/Belluno-gara-di-like.jpeg\",\"contentUrl\":\"https:\\\/\\\/www.bellunopress.it\\\/wp-content\\\/uploads\\\/2026\\\/02\\\/Belluno-gara-di-like.jpeg\",\"width\":500,\"height\":375},{\"@type\":\"BreadcrumbList\",\"@id\":\"https:\\\/\\\/www.bellunopress.it\\\/2026\\\/02\\\/28\\\/pedonata-mascherata-e-gara-di-like-premiati-a-palazzo-rosso-i-vincitori\\\/#breadcrumb\",\"itemListElement\":[{\"@type\":\"ListItem\",\"position\":1,\"name\":\"Home\",\"item\":\"https:\\\/\\\/www.bellunopress.it\\\/\"},{\"@type\":\"ListItem\",\"position\":2,\"name\":\"Pedonata mascherata e gara di like. Premiati a Palazzo Rosso i vincitori\"}]},{\"@type\":\"WebSite\",\"@id\":\"https:\\\/\\\/www.bellunopress.it\\\/#website\",\"url\":\"https:\\\/\\\/www.bellunopress.it\\\/\",\"name\":\"Bellunopress - Dolomiti\",\"description\":\"e-mail: redazione@bellunopress.it\",\"publisher\":{\"@id\":\"https:\\\/\\\/www.bellunopress.it\\\/#organization\"},\"potentialAction\":[{\"@type\":\"SearchAction\",\"target\":{\"@type\":\"EntryPoint\",\"urlTemplate\":\"https:\\\/\\\/www.bellunopress.it\\\/?s={search_term_string}\"},\"query-input\":{\"@type\":\"PropertyValueSpecification\",\"valueRequired\":true,\"valueName\":\"search_term_string\"}}],\"inLanguage\":\"fr-FR\"},{\"@type\":\"Organization\",\"@id\":\"https:\\\/\\\/www.bellunopress.it\\\/#organization\",\"name\":\"Bellunopress\",\"url\":\"https:\\\/\\\/www.bellunopress.it\\\/\",\"logo\":{\"@type\":\"ImageObject\",\"inLanguage\":\"fr-FR\",\"@id\":\"https:\\\/\\\/www.bellunopress.it\\\/#\\\/schema\\\/logo\\\/image\\\/\",\"url\":\"https:\\\/\\\/www.bellunopress.it\\\/wp-content\\\/uploads\\\/2011\\\/05\\\/cropped-logo-bellunopress-.jpg\",\"contentUrl\":\"https:\\\/\\\/www.bellunopress.it\\\/wp-content\\\/uploads\\\/2011\\\/05\\\/cropped-logo-bellunopress-.jpg\",\"width\":512,\"height\":512,\"caption\":\"Bellunopress\"},\"image\":{\"@id\":\"https:\\\/\\\/www.bellunopress.it\\\/#\\\/schema\\\/logo\\\/image\\\/\"},\"sameAs\":[\"https:\\\/\\\/www.facebook.com\\\/profile.php?id=100008943462799\",\"https:\\\/\\\/x.com\\\/bellunopress\",\"https:\\\/\\\/www.linkedin.com\\\/hp\\\/?dnr=JBzUWaJfMUw8vbXJJ2tVW5-I3jZKvC4wsoxE&amp;amp;amp;amp;amp;amp;trk=nav_responsive_tab_home\",\"https:\\\/\\\/www.youtube.com\\\/channel\\\/UCxL0wu1uN0_3_7hGG0306cw\"]},{\"@type\":\"Person\",\"@id\":\"https:\\\/\\\/www.bellunopress.it\\\/#\\\/schema\\\/person\\\/79bb06722b37ece1c03d3e94beb30d73\",\"name\":\"redazione\",\"image\":{\"@type\":\"ImageObject\",\"inLanguage\":\"fr-FR\",\"@id\":\"https:\\\/\\\/secure.gravatar.com\\\/avatar\\\/37d968a2e67a6fd04c169c4bdef102d0bc5d31b2546345219e348575eb80e9a0?s=96&d=mm&r=g\",\"url\":\"https:\\\/\\\/secure.gravatar.com\\\/avatar\\\/37d968a2e67a6fd04c169c4bdef102d0bc5d31b2546345219e348575eb80e9a0?s=96&d=mm&r=g\",\"contentUrl\":\"https:\\\/\\\/secure.gravatar.com\\\/avatar\\\/37d968a2e67a6fd04c169c4bdef102d0bc5d31b2546345219e348575eb80e9a0?s=96&d=mm&r=g\",\"caption\":\"redazione\"},\"sameAs\":[\"http:\\\/\\\/www.bellunopress.it\",\"https:\\\/\\\/x.com\\\/bellunopress\"],\"url\":\"https:\\\/\\\/www.bellunopress.it\\\/fr\\\/author\\\/redazione\\\/\"}]}<\/script>\n<!-- \/ Yoast SEO plugin. -->","yoast_head_json":{"title":"Pedonata mascherata e gara di like. Premiati a Palazzo Rosso i vincitori - Bellunopress - Dolomiti","robots":{"index":"index","follow":"follow","max-snippet":"max-snippet:-1","max-image-preview":"max-image-preview:large","max-video-preview":"max-video-preview:-1"},"canonical":"https:\/\/www.bellunopress.it\/fr\/2026\/02\/28\/pedonata-mascherata-e-gara-di-like-premiati-a-palazzo-rosso-i-vincitori\/","og_locale":"fr_FR","og_type":"article","og_title":"Pedonata mascherata e gara di like. Premiati a Palazzo Rosso i vincitori - Bellunopress - Dolomiti","og_description":"Belluno, 28\/02\/2026\u00a0 &#8211;\u00a0\u00a0Sono stati accolti questa mattina nella sala consiliare di Palazzo Rosso, gli 11 vincitori della \u201cgara di like\u201d organizzata dal Comune in occasione della pedonata di Carnevale di Marted\u00ec grasso. A riceverli in sala Giunta l\u2019assessore allo sport Monica Mazzoccoli, l\u2019assessore al turismo Paolo Luciani e, in rappresentanza dei commercianti, Andrea Dal Pont [&hellip;]","og_url":"https:\/\/www.bellunopress.it\/fr\/2026\/02\/28\/pedonata-mascherata-e-gara-di-like-premiati-a-palazzo-rosso-i-vincitori\/","og_site_name":"Bellunopress - Dolomiti","article_publisher":"https:\/\/www.facebook.com\/profile.php?id=100008943462799","article_published_time":"2026-02-28T15:42:59+00:00","og_image":[{"width":500,"height":375,"url":"https:\/\/www.bellunopress.it\/wp-content\/uploads\/2026\/02\/Belluno-gara-di-like.jpeg","type":"image\/jpeg"}],"author":"redazione","twitter_card":"summary_large_image","twitter_creator":"@bellunopress","twitter_site":"@bellunopress","twitter_misc":{"\u00c9crit par":"redazione","Dur\u00e9e de lecture estim\u00e9e":"1 minute"},"schema":{"@context":"https:\/\/schema.org","@graph":[{"@type":"Article","@id":"https:\/\/www.bellunopress.it\/2026\/02\/28\/pedonata-mascherata-e-gara-di-like-premiati-a-palazzo-rosso-i-vincitori\/#article","isPartOf":{"@id":"https:\/\/www.bellunopress.it\/2026\/02\/28\/pedonata-mascherata-e-gara-di-like-premiati-a-palazzo-rosso-i-vincitori\/"},"author":{"name":"redazione","@id":"https:\/\/www.bellunopress.it\/#\/schema\/person\/79bb06722b37ece1c03d3e94beb30d73"},"headline":"Pedonata mascherata e gara di like. Premiati a Palazzo Rosso i vincitori","datePublished":"2026-02-28T15:42:59+00:00","mainEntityOfPage":{"@id":"https:\/\/www.bellunopress.it\/2026\/02\/28\/pedonata-mascherata-e-gara-di-like-premiati-a-palazzo-rosso-i-vincitori\/"},"wordCount":296,"publisher":{"@id":"https:\/\/www.bellunopress.it\/#organization"},"image":{"@id":"https:\/\/www.bellunopress.it\/2026\/02\/28\/pedonata-mascherata-e-gara-di-like-premiati-a-palazzo-rosso-i-vincitori\/#primaryimage"},"thumbnailUrl":"https:\/\/www.bellunopress.it\/wp-content\/uploads\/2026\/02\/Belluno-gara-di-like.jpeg","articleSection":["Societ\u00e0, Associazioni, Istituzioni"],"inLanguage":"fr-FR"},{"@type":"WebPage","@id":"https:\/\/www.bellunopress.it\/2026\/02\/28\/pedonata-mascherata-e-gara-di-like-premiati-a-palazzo-rosso-i-vincitori\/","url":"https:\/\/www.bellunopress.it\/2026\/02\/28\/pedonata-mascherata-e-gara-di-like-premiati-a-palazzo-rosso-i-vincitori\/","name":"Pedonata mascherata e gara di like. Premiati a Palazzo Rosso i vincitori - Bellunopress - Dolomiti","isPartOf":{"@id":"https:\/\/www.bellunopress.it\/#website"},"primaryImageOfPage":{"@id":"https:\/\/www.bellunopress.it\/2026\/02\/28\/pedonata-mascherata-e-gara-di-like-premiati-a-palazzo-rosso-i-vincitori\/#primaryimage"},"image":{"@id":"https:\/\/www.bellunopress.it\/2026\/02\/28\/pedonata-mascherata-e-gara-di-like-premiati-a-palazzo-rosso-i-vincitori\/#primaryimage"},"thumbnailUrl":"https:\/\/www.bellunopress.it\/wp-content\/uploads\/2026\/02\/Belluno-gara-di-like.jpeg","datePublished":"2026-02-28T15:42:59+00:00","breadcrumb":{"@id":"https:\/\/www.bellunopress.it\/2026\/02\/28\/pedonata-mascherata-e-gara-di-like-premiati-a-palazzo-rosso-i-vincitori\/#breadcrumb"},"inLanguage":"fr-FR","potentialAction":[{"@type":"ReadAction","target":["https:\/\/www.bellunopress.it\/2026\/02\/28\/pedonata-mascherata-e-gara-di-like-premiati-a-palazzo-rosso-i-vincitori\/"]}]},{"@type":"ImageObject","inLanguage":"fr-FR","@id":"https:\/\/www.bellunopress.it\/2026\/02\/28\/pedonata-mascherata-e-gara-di-like-premiati-a-palazzo-rosso-i-vincitori\/#primaryimage","url":"https:\/\/www.bellunopress.it\/wp-content\/uploads\/2026\/02\/Belluno-gara-di-like.jpeg","contentUrl":"https:\/\/www.bellunopress.it\/wp-content\/uploads\/2026\/02\/Belluno-gara-di-like.jpeg","width":500,"height":375},{"@type":"BreadcrumbList","@id":"https:\/\/www.bellunopress.it\/2026\/02\/28\/pedonata-mascherata-e-gara-di-like-premiati-a-palazzo-rosso-i-vincitori\/#breadcrumb","itemListElement":[{"@type":"ListItem","position":1,"name":"Home","item":"https:\/\/www.bellunopress.it\/"},{"@type":"ListItem","position":2,"name":"Pedonata mascherata e gara di like. Premiati a Palazzo Rosso i vincitori"}]},{"@type":"WebSite","@id":"https:\/\/www.bellunopress.it\/#website","url":"https:\/\/www.bellunopress.it\/","name":"Bellunopress - Dolomiti","description":"e-mail: redazione@bellunopress.it","publisher":{"@id":"https:\/\/www.bellunopress.it\/#organization"},"potentialAction":[{"@type":"SearchAction","target":{"@type":"EntryPoint","urlTemplate":"https:\/\/www.bellunopress.it\/?s={search_term_string}"},"query-input":{"@type":"PropertyValueSpecification","valueRequired":true,"valueName":"search_term_string"}}],"inLanguage":"fr-FR"},{"@type":"Organization","@id":"https:\/\/www.bellunopress.it\/#organization","name":"Bellunopress","url":"https:\/\/www.bellunopress.it\/","logo":{"@type":"ImageObject","inLanguage":"fr-FR","@id":"https:\/\/www.bellunopress.it\/#\/schema\/logo\/image\/","url":"https:\/\/www.bellunopress.it\/wp-content\/uploads\/2011\/05\/cropped-logo-bellunopress-.jpg","contentUrl":"https:\/\/www.bellunopress.it\/wp-content\/uploads\/2011\/05\/cropped-logo-bellunopress-.jpg","width":512,"height":512,"caption":"Bellunopress"},"image":{"@id":"https:\/\/www.bellunopress.it\/#\/schema\/logo\/image\/"},"sameAs":["https:\/\/www.facebook.com\/profile.php?id=100008943462799","https:\/\/x.com\/bellunopress","https:\/\/www.linkedin.com\/hp\/?dnr=JBzUWaJfMUw8vbXJJ2tVW5-I3jZKvC4wsoxE&amp;amp;amp;amp;amp;amp;trk=nav_responsive_tab_home","https:\/\/www.youtube.com\/channel\/UCxL0wu1uN0_3_7hGG0306cw"]},{"@type":"Person","@id":"https:\/\/www.bellunopress.it\/#\/schema\/person\/79bb06722b37ece1c03d3e94beb30d73","name":"r\u00e9daction","image":{"@type":"ImageObject","inLanguage":"fr-FR","@id":"https:\/\/secure.gravatar.com\/avatar\/37d968a2e67a6fd04c169c4bdef102d0bc5d31b2546345219e348575eb80e9a0?s=96&d=mm&r=g","url":"https:\/\/secure.gravatar.com\/avatar\/37d968a2e67a6fd04c169c4bdef102d0bc5d31b2546345219e348575eb80e9a0?s=96&d=mm&r=g","contentUrl":"https:\/\/secure.gravatar.com\/avatar\/37d968a2e67a6fd04c169c4bdef102d0bc5d31b2546345219e348575eb80e9a0?s=96&d=mm&r=g","caption":"redazione"},"sameAs":["http:\/\/www.bellunopress.it","https:\/\/x.com\/bellunopress"],"url":"https:\/\/www.bellunopress.it\/fr\/author\/redazione\/"}]}},"_links":{"self":[{"href":"https:\/\/www.bellunopress.it\/fr\/wp-json\/wp\/v2\/posts\/167784","targetHints":{"allow":["GET"]}}],"collection":[{"href":"https:\/\/www.bellunopress.it\/fr\/wp-json\/wp\/v2\/posts"}],"about":[{"href":"https:\/\/www.bellunopress.it\/fr\/wp-json\/wp\/v2\/types\/post"}],"author":[{"embeddable":true,"href":"https:\/\/www.bellunopress.it\/fr\/wp-json\/wp\/v2\/users\/2"}],"replies":[{"embeddable":true,"href":"https:\/\/www.bellunopress.it\/fr\/wp-json\/wp\/v2\/comments?post=167784"}],"version-history":[{"count":1,"href":"https:\/\/www.bellunopress.it\/fr\/wp-json\/wp\/v2\/posts\/167784\/revisions"}],"predecessor-version":[{"id":167786,"href":"https:\/\/www.bellunopress.it\/fr\/wp-json\/wp\/v2\/posts\/167784\/revisions\/167786"}],"wp:featuredmedia":[{"embeddable":true,"href":"https:\/\/www.bellunopress.it\/fr\/wp-json\/wp\/v2\/media\/167785"}],"wp:attachment":[{"href":"https:\/\/www.bellunopress.it\/fr\/wp-json\/wp\/v2\/media?parent=167784"}],"wp:term":[{"taxonomy":"category","embeddable":true,"href":"https:\/\/www.bellunopress.it\/fr\/wp-json\/wp\/v2\/categories?post=167784"},{"taxonomy":"post_tag","embeddable":true,"href":"https:\/\/www.bellunopress.it\/fr\/wp-json\/wp\/v2\/tags?post=167784"}],"curies":[{"name":"wp","href":"https:\/\/api.w.org\/{rel}","templated":true}]}}