{"id":167782,"date":"2026-02-28T14:49:01","date_gmt":"2026-02-28T13:49:01","guid":{"rendered":"https:\/\/www.bellunopress.it\/?p=167782"},"modified":"2026-02-28T20:56:45","modified_gmt":"2026-02-28T19:56:45","slug":"sanita-veneta-ecco-i-nuovi-volti-del-comando-il-presidente-stefani-nomina-i-direttori-generali","status":"publish","type":"post","link":"https:\/\/www.bellunopress.it\/fr\/2026\/02\/28\/sanita-veneta-ecco-i-nuovi-volti-del-comando-il-presidente-stefani-nomina-i-direttori-generali\/","title":{"rendered":"Sanit\u00e0 Veneta, ecco i nuovi volti del comando: il presidente Stefani nomina i direttori generali"},"content":{"rendered":"<p data-path-to-node=\"3\">Venezia, 28\/02\/2026\u2013 Si apre un nuovo capitolo per la sanit\u00e0 del Veneto. Il Presidente della Regione, Stefani, ha ufficializzato oggi le nomine dei Direttori Generali che guideranno le Ulss e le aziende ospedaliere del territorio. Tra conferme di peso, ritorni strategici e volti nuovi provenienti da fuori regione, la mappa del potere sanitario veneto si rinnova nel segno dell&#8217;esperienza e dell&#8217;innovazione gestionale.<\/p>\n<p>Ecco le nomine:<\/p>\n<p>* Ulss 1 Dolomiti \u2013 Giuseppe Dal Ben (commissario fino al 30 giugno 2026)<\/p>\n<p>* Ulss 2 Marca Trevigiana \u2013 Giancarlo Bizzarri (nuovo)<\/p>\n<p>* Ulss 3 Serenissima \u2013 Massimo Zuin (nuovo)<\/p>\n<p>* Ulss 4 Veneto Orientale \u2013 Carlo Bramezza (ex DG Ulss 7 Pedemontana)<\/p>\n<p>* Ulss 5 Polesana \u2013 Mauro Filippi (ex DG Ulss 4 Veneto Orientale)<\/p>\n<p>* Ulss 6 Euganea \u2013 Patrizia Benini (ex DG Ulss 9 Scaligera)<\/p>\n<p>* Ulss 7 Pedemontana \u2013 Giovanni Carretta (nuovo)<\/p>\n<p>* Ulss 8 Berica \u2013 Peter Assembergs (nuovo)<\/p>\n<p>* Ulss 9 Scaligera \u2013 Pietro Girardi (ex DG Ulss 5 Polesana)<\/p>\n<p>* Azienda Ospedale Universit\u00e0 di Padova \u2013 Paolo Fortuna (ex DG Ulss 6 Euganea)<\/p>\n<p>* Azienda Universitaria Integrata di Verona \u2013 Paolo Petralia (nuovo)<\/p>\n<p>* Istituto Oncologico Veneto IOV \u2013 Patrizia Simionato (ex DG Ulss 8 Berica)<\/p>\n<p>* Azienda Zero \u2013 Paolo Fattori (nuovo)<\/p>\n<p data-path-to-node=\"3\">\n<h3 data-path-to-node=\"4\">I nuovi volti della sanit\u00e0 veneta e gli innesti extra-regionali<\/h3>\n<p data-path-to-node=\"5\">Spiccano alcune figure di alto profilo tecnico provenienti da altre realt\u00e0. All\u2019Ulss 2 Marca Trevigiana arriva dalla Liguria l\u2019ingegnere civile Giancarlo Bizzarri, gi\u00e0 coordinatore dell\u2019Area Liguria Salute. Sempre dalla Liguria (Irccs Gaslini) approda a Verona Paolo Petralia, che assumer\u00e0 la guida dell\u2019Azienda Universitaria Integrata.<\/p>\n<p data-path-to-node=\"6\">Novit\u00e0 assoluta anche per l\u2019Ulss 8 Berica, affidata a Peter Assembergs, manager di origine svedese con un solido background in Lombardia (ex DG Asst Bergamo Ovest) e nel settore delle start-up innovative. Alla guida della &#8220;macchina operativa&#8221; regionale, Azienda Zero, viene promosso Paolo Fattori, dirigente regionale gi\u00e0 protagonista della task force anti-Covid e della direzione edilizia ospedaliera.<\/p>\n<h3 data-path-to-node=\"7\">Ritorni e conferme territoriali<\/h3>\n<p data-path-to-node=\"8\">Il valzer delle poltrone vede molti direttori esperti cambiare sede o tornare in territori gi\u00e0 conosciuti. Carlo Bramezza lascia la Pedemontana per tornare alla guida dell\u2019Ulss 4 Veneto Orientale, mentre Pietro Girardi fa il percorso inverso rispetto al passato, lasciando il Polesine per tornare all&#8217;Ulss 9 Scaligera.<\/p>\n<p data-path-to-node=\"9\">All\u2019Istituto Oncologico Veneto (IOV) si registra il ritorno di Patrizia Simionato, che lascia l\u2019Ulss 8 Berica per riprendere le redini del centro di eccellenza oncologica che aveva gi\u00e0 diretto in passato. Mauro Filippi, primo infermiere nella storia del Veneto a diventare DG, si sposta dall&#8217;Ulss 4 all&#8217;Ulss 5 Polesana.<\/p>\n<h3 data-path-to-node=\"10\">Promozioni interne e sfide cittadine<\/h3>\n<p data-path-to-node=\"11\">A Padova, la guida dell&#8217;Azienda Ospedale Universit\u00e0 passa a Paolo Fortuna (ex DG dell&#8217;Ulss 6 Euganea), che eredita il testimone da Giuseppe Dal Ben. Quest&#8217;ultimo, figura storica della sanit\u00e0 veneta, rimarr\u00e0 concentrato sulla montagna come Commissario dell&#8217;Ulss 1 Dolomiti fino al 30 giugno 2026.<\/p>\n<p data-path-to-node=\"12\">Promozioni &#8220;sul campo&#8221; per Massimo Zuin, che da direttore dei servizi sociosanitari diventa Direttore Generale dell&#8217;Ulss 3 Serenissima, e per Giovanni Carretta, che lascia la direzione sanitaria veneziana per assumere il comando dell&#8217;Ulss 7 Pedemontana. Infine, all&#8217;Ulss 6 Euganea approda Patrizia Benini, reduce dall&#8217;esperienza alla guida della sanit\u00e0 scaligera.<\/p>\n<h3 data-path-to-node=\"13\">Una squadra per il futuro<\/h3>\n<p data-path-to-node=\"14\">Le scelte del Presidente Stefani delineano una strategia chiara: bilanciare la profonda conoscenza del sistema sanitario veneto con competenze tecniche (ingegneria, edilizia ospedaliera, gestione dei flussi) necessarie per affrontare le sfide del PNRR e l&#8217;ammodernamento delle infrastrutture di cura. Con queste nomine, la Regione punta a consolidare l&#8217;eccellenza delle proprie prestazioni sanitarie in un momento di profonda trasformazione del settore.<\/p>","protected":false},"excerpt":{"rendered":"<p>Venezia, 28\/02\/2026\u2013 Si apre un nuovo capitolo per la sanit\u00e0 del Veneto. Il Presidente della Regione, Stefani, ha ufficializzato oggi le nomine dei Direttori Generali che guideranno le Ulss e le aziende ospedaliere del territorio. Tra conferme di peso, ritorni strategici e volti nuovi provenienti da fuori regione, la mappa del potere sanitario veneto si [&hellip;]<\/p>\n","protected":false},"author":2,"featured_media":163956,"comment_status":"closed","ping_status":"open","sticky":false,"template":"","format":"standard","meta":{"footnotes":""},"categories":[5,26,17],"tags":[],"class_list":["post-167782","post","type-post","status-publish","format-standard","has-post-thumbnail","category-cronaca","category-prima-pagina","category-sanita"],"yoast_head":"<!-- This site is optimized with the Yoast SEO plugin v28.4 - https:\/\/yoast.com\/product\/yoast-seo-wordpress\/ -->\n<title>Sanit\u00e0 Veneta, ecco i nuovi volti del comando: il presidente Stefani nomina i direttori generali - Bellunopress - Dolomiti<\/title>\n<meta name=\"robots\" content=\"index, follow, max-snippet:-1, max-image-preview:large, max-video-preview:-1\" \/>\n<link rel=\"canonical\" href=\"https:\/\/www.bellunopress.it\/fr\/2026\/02\/28\/sanita-veneta-ecco-i-nuovi-volti-del-comando-il-presidente-stefani-nomina-i-direttori-generali\/\" \/>\n<meta property=\"og:locale\" content=\"fr_FR\" \/>\n<meta property=\"og:type\" content=\"article\" \/>\n<meta property=\"og:title\" content=\"Sanit\u00e0 Veneta, ecco i nuovi volti del comando: il presidente Stefani nomina i direttori generali - Bellunopress - Dolomiti\" \/>\n<meta property=\"og:description\" content=\"Venezia, 28\/02\/2026\u2013 Si apre un nuovo capitolo per la sanit\u00e0 del Veneto. Il Presidente della Regione, Stefani, ha ufficializzato oggi le nomine dei Direttori Generali che guideranno le Ulss e le aziende ospedaliere del territorio. Tra conferme di peso, ritorni strategici e volti nuovi provenienti da fuori regione, la mappa del potere sanitario veneto si [&hellip;]\" \/>\n<meta property=\"og:url\" content=\"https:\/\/www.bellunopress.it\/fr\/2026\/02\/28\/sanita-veneta-ecco-i-nuovi-volti-del-comando-il-presidente-stefani-nomina-i-direttori-generali\/\" \/>\n<meta property=\"og:site_name\" content=\"Bellunopress - Dolomiti\" \/>\n<meta property=\"article:publisher\" content=\"https:\/\/www.facebook.com\/profile.php?id=100008943462799\" \/>\n<meta property=\"article:published_time\" content=\"2026-02-28T13:49:01+00:00\" \/>\n<meta property=\"article:modified_time\" content=\"2026-02-28T19:56:45+00:00\" \/>\n<meta property=\"og:image\" content=\"https:\/\/www.bellunopress.it\/wp-content\/uploads\/2025\/10\/Alberto-Stefani_edited.jpg\" \/>\n\t<meta property=\"og:image:width\" content=\"800\" \/>\n\t<meta property=\"og:image:height\" content=\"800\" \/>\n\t<meta property=\"og:image:type\" content=\"image\/jpeg\" \/>\n<meta name=\"author\" content=\"redazione\" \/>\n<meta name=\"twitter:card\" content=\"summary_large_image\" \/>\n<meta name=\"twitter:creator\" content=\"@bellunopress\" \/>\n<meta name=\"twitter:site\" content=\"@bellunopress\" \/>\n<meta name=\"twitter:label1\" content=\"\u00c9crit par\" \/>\n\t<meta name=\"twitter:data1\" content=\"redazione\" \/>\n\t<meta name=\"twitter:label2\" content=\"Dur\u00e9e de lecture estim\u00e9e\" \/>\n\t<meta name=\"twitter:data2\" content=\"3 minutes\" \/>\n<script type=\"application\/ld+json\" class=\"yoast-schema-graph\">{\"@context\":\"https:\\\/\\\/schema.org\",\"@graph\":[{\"@type\":\"Article\",\"@id\":\"https:\\\/\\\/www.bellunopress.it\\\/2026\\\/02\\\/28\\\/sanita-veneta-ecco-i-nuovi-volti-del-comando-il-presidente-stefani-nomina-i-direttori-generali\\\/#article\",\"isPartOf\":{\"@id\":\"https:\\\/\\\/www.bellunopress.it\\\/2026\\\/02\\\/28\\\/sanita-veneta-ecco-i-nuovi-volti-del-comando-il-presidente-stefani-nomina-i-direttori-generali\\\/\"},\"author\":{\"name\":\"redazione\",\"@id\":\"https:\\\/\\\/www.bellunopress.it\\\/#\\\/schema\\\/person\\\/79bb06722b37ece1c03d3e94beb30d73\"},\"headline\":\"Sanit\u00e0 Veneta, ecco i nuovi volti del comando: il presidente Stefani nomina i direttori generali\",\"datePublished\":\"2026-02-28T13:49:01+00:00\",\"dateModified\":\"2026-02-28T19:56:45+00:00\",\"mainEntityOfPage\":{\"@id\":\"https:\\\/\\\/www.bellunopress.it\\\/2026\\\/02\\\/28\\\/sanita-veneta-ecco-i-nuovi-volti-del-comando-il-presidente-stefani-nomina-i-direttori-generali\\\/\"},\"wordCount\":560,\"publisher\":{\"@id\":\"https:\\\/\\\/www.bellunopress.it\\\/#organization\"},\"image\":{\"@id\":\"https:\\\/\\\/www.bellunopress.it\\\/2026\\\/02\\\/28\\\/sanita-veneta-ecco-i-nuovi-volti-del-comando-il-presidente-stefani-nomina-i-direttori-generali\\\/#primaryimage\"},\"thumbnailUrl\":\"https:\\\/\\\/www.bellunopress.it\\\/wp-content\\\/uploads\\\/2025\\\/10\\\/Alberto-Stefani_edited.jpg\",\"articleSection\":[\"Cronaca\\\/Politica\",\"Prima Pagina\",\"Sanit\u00e0 Medicina\"],\"inLanguage\":\"fr-FR\"},{\"@type\":\"WebPage\",\"@id\":\"https:\\\/\\\/www.bellunopress.it\\\/2026\\\/02\\\/28\\\/sanita-veneta-ecco-i-nuovi-volti-del-comando-il-presidente-stefani-nomina-i-direttori-generali\\\/\",\"url\":\"https:\\\/\\\/www.bellunopress.it\\\/2026\\\/02\\\/28\\\/sanita-veneta-ecco-i-nuovi-volti-del-comando-il-presidente-stefani-nomina-i-direttori-generali\\\/\",\"name\":\"Sanit\u00e0 Veneta, ecco i nuovi volti del comando: il presidente Stefani nomina i direttori generali - Bellunopress - Dolomiti\",\"isPartOf\":{\"@id\":\"https:\\\/\\\/www.bellunopress.it\\\/#website\"},\"primaryImageOfPage\":{\"@id\":\"https:\\\/\\\/www.bellunopress.it\\\/2026\\\/02\\\/28\\\/sanita-veneta-ecco-i-nuovi-volti-del-comando-il-presidente-stefani-nomina-i-direttori-generali\\\/#primaryimage\"},\"image\":{\"@id\":\"https:\\\/\\\/www.bellunopress.it\\\/2026\\\/02\\\/28\\\/sanita-veneta-ecco-i-nuovi-volti-del-comando-il-presidente-stefani-nomina-i-direttori-generali\\\/#primaryimage\"},\"thumbnailUrl\":\"https:\\\/\\\/www.bellunopress.it\\\/wp-content\\\/uploads\\\/2025\\\/10\\\/Alberto-Stefani_edited.jpg\",\"datePublished\":\"2026-02-28T13:49:01+00:00\",\"dateModified\":\"2026-02-28T19:56:45+00:00\",\"breadcrumb\":{\"@id\":\"https:\\\/\\\/www.bellunopress.it\\\/2026\\\/02\\\/28\\\/sanita-veneta-ecco-i-nuovi-volti-del-comando-il-presidente-stefani-nomina-i-direttori-generali\\\/#breadcrumb\"},\"inLanguage\":\"fr-FR\",\"potentialAction\":[{\"@type\":\"ReadAction\",\"target\":[\"https:\\\/\\\/www.bellunopress.it\\\/2026\\\/02\\\/28\\\/sanita-veneta-ecco-i-nuovi-volti-del-comando-il-presidente-stefani-nomina-i-direttori-generali\\\/\"]}]},{\"@type\":\"ImageObject\",\"inLanguage\":\"fr-FR\",\"@id\":\"https:\\\/\\\/www.bellunopress.it\\\/2026\\\/02\\\/28\\\/sanita-veneta-ecco-i-nuovi-volti-del-comando-il-presidente-stefani-nomina-i-direttori-generali\\\/#primaryimage\",\"url\":\"https:\\\/\\\/www.bellunopress.it\\\/wp-content\\\/uploads\\\/2025\\\/10\\\/Alberto-Stefani_edited.jpg\",\"contentUrl\":\"https:\\\/\\\/www.bellunopress.it\\\/wp-content\\\/uploads\\\/2025\\\/10\\\/Alberto-Stefani_edited.jpg\",\"width\":800,\"height\":800,\"caption\":\"Alberto Stefani - Presidente della Regione del Veneto\"},{\"@type\":\"BreadcrumbList\",\"@id\":\"https:\\\/\\\/www.bellunopress.it\\\/2026\\\/02\\\/28\\\/sanita-veneta-ecco-i-nuovi-volti-del-comando-il-presidente-stefani-nomina-i-direttori-generali\\\/#breadcrumb\",\"itemListElement\":[{\"@type\":\"ListItem\",\"position\":1,\"name\":\"Home\",\"item\":\"https:\\\/\\\/www.bellunopress.it\\\/\"},{\"@type\":\"ListItem\",\"position\":2,\"name\":\"Sanit\u00e0 Veneta, ecco i nuovi volti del comando: il presidente Stefani nomina i direttori generali\"}]},{\"@type\":\"WebSite\",\"@id\":\"https:\\\/\\\/www.bellunopress.it\\\/#website\",\"url\":\"https:\\\/\\\/www.bellunopress.it\\\/\",\"name\":\"Bellunopress - Dolomiti\",\"description\":\"e-mail: redazione@bellunopress.it\",\"publisher\":{\"@id\":\"https:\\\/\\\/www.bellunopress.it\\\/#organization\"},\"potentialAction\":[{\"@type\":\"SearchAction\",\"target\":{\"@type\":\"EntryPoint\",\"urlTemplate\":\"https:\\\/\\\/www.bellunopress.it\\\/?s={search_term_string}\"},\"query-input\":{\"@type\":\"PropertyValueSpecification\",\"valueRequired\":true,\"valueName\":\"search_term_string\"}}],\"inLanguage\":\"fr-FR\"},{\"@type\":\"Organization\",\"@id\":\"https:\\\/\\\/www.bellunopress.it\\\/#organization\",\"name\":\"Bellunopress\",\"url\":\"https:\\\/\\\/www.bellunopress.it\\\/\",\"logo\":{\"@type\":\"ImageObject\",\"inLanguage\":\"fr-FR\",\"@id\":\"https:\\\/\\\/www.bellunopress.it\\\/#\\\/schema\\\/logo\\\/image\\\/\",\"url\":\"https:\\\/\\\/www.bellunopress.it\\\/wp-content\\\/uploads\\\/2011\\\/05\\\/cropped-logo-bellunopress-.jpg\",\"contentUrl\":\"https:\\\/\\\/www.bellunopress.it\\\/wp-content\\\/uploads\\\/2011\\\/05\\\/cropped-logo-bellunopress-.jpg\",\"width\":512,\"height\":512,\"caption\":\"Bellunopress\"},\"image\":{\"@id\":\"https:\\\/\\\/www.bellunopress.it\\\/#\\\/schema\\\/logo\\\/image\\\/\"},\"sameAs\":[\"https:\\\/\\\/www.facebook.com\\\/profile.php?id=100008943462799\",\"https:\\\/\\\/x.com\\\/bellunopress\",\"https:\\\/\\\/www.linkedin.com\\\/hp\\\/?dnr=JBzUWaJfMUw8vbXJJ2tVW5-I3jZKvC4wsoxE&amp;amp;amp;amp;amp;amp;trk=nav_responsive_tab_home\",\"https:\\\/\\\/www.youtube.com\\\/channel\\\/UCxL0wu1uN0_3_7hGG0306cw\"]},{\"@type\":\"Person\",\"@id\":\"https:\\\/\\\/www.bellunopress.it\\\/#\\\/schema\\\/person\\\/79bb06722b37ece1c03d3e94beb30d73\",\"name\":\"redazione\",\"image\":{\"@type\":\"ImageObject\",\"inLanguage\":\"fr-FR\",\"@id\":\"https:\\\/\\\/secure.gravatar.com\\\/avatar\\\/37d968a2e67a6fd04c169c4bdef102d0bc5d31b2546345219e348575eb80e9a0?s=96&d=mm&r=g\",\"url\":\"https:\\\/\\\/secure.gravatar.com\\\/avatar\\\/37d968a2e67a6fd04c169c4bdef102d0bc5d31b2546345219e348575eb80e9a0?s=96&d=mm&r=g\",\"contentUrl\":\"https:\\\/\\\/secure.gravatar.com\\\/avatar\\\/37d968a2e67a6fd04c169c4bdef102d0bc5d31b2546345219e348575eb80e9a0?s=96&d=mm&r=g\",\"caption\":\"redazione\"},\"sameAs\":[\"http:\\\/\\\/www.bellunopress.it\",\"https:\\\/\\\/x.com\\\/bellunopress\"],\"url\":\"https:\\\/\\\/www.bellunopress.it\\\/fr\\\/author\\\/redazione\\\/\"}]}<\/script>\n<!-- \/ Yoast SEO plugin. -->","yoast_head_json":{"title":"Sanit\u00e0 Veneta, ecco i nuovi volti del comando: il presidente Stefani nomina i direttori generali - Bellunopress - Dolomiti","robots":{"index":"index","follow":"follow","max-snippet":"max-snippet:-1","max-image-preview":"max-image-preview:large","max-video-preview":"max-video-preview:-1"},"canonical":"https:\/\/www.bellunopress.it\/fr\/2026\/02\/28\/sanita-veneta-ecco-i-nuovi-volti-del-comando-il-presidente-stefani-nomina-i-direttori-generali\/","og_locale":"fr_FR","og_type":"article","og_title":"Sanit\u00e0 Veneta, ecco i nuovi volti del comando: il presidente Stefani nomina i direttori generali - Bellunopress - Dolomiti","og_description":"Venezia, 28\/02\/2026\u2013 Si apre un nuovo capitolo per la sanit\u00e0 del Veneto. Il Presidente della Regione, Stefani, ha ufficializzato oggi le nomine dei Direttori Generali che guideranno le Ulss e le aziende ospedaliere del territorio. Tra conferme di peso, ritorni strategici e volti nuovi provenienti da fuori regione, la mappa del potere sanitario veneto si [&hellip;]","og_url":"https:\/\/www.bellunopress.it\/fr\/2026\/02\/28\/sanita-veneta-ecco-i-nuovi-volti-del-comando-il-presidente-stefani-nomina-i-direttori-generali\/","og_site_name":"Bellunopress - Dolomiti","article_publisher":"https:\/\/www.facebook.com\/profile.php?id=100008943462799","article_published_time":"2026-02-28T13:49:01+00:00","article_modified_time":"2026-02-28T19:56:45+00:00","og_image":[{"width":800,"height":800,"url":"https:\/\/www.bellunopress.it\/wp-content\/uploads\/2025\/10\/Alberto-Stefani_edited.jpg","type":"image\/jpeg"}],"author":"redazione","twitter_card":"summary_large_image","twitter_creator":"@bellunopress","twitter_site":"@bellunopress","twitter_misc":{"\u00c9crit par":"redazione","Dur\u00e9e de lecture estim\u00e9e":"3 minutes"},"schema":{"@context":"https:\/\/schema.org","@graph":[{"@type":"Article","@id":"https:\/\/www.bellunopress.it\/2026\/02\/28\/sanita-veneta-ecco-i-nuovi-volti-del-comando-il-presidente-stefani-nomina-i-direttori-generali\/#article","isPartOf":{"@id":"https:\/\/www.bellunopress.it\/2026\/02\/28\/sanita-veneta-ecco-i-nuovi-volti-del-comando-il-presidente-stefani-nomina-i-direttori-generali\/"},"author":{"name":"redazione","@id":"https:\/\/www.bellunopress.it\/#\/schema\/person\/79bb06722b37ece1c03d3e94beb30d73"},"headline":"Sanit\u00e0 Veneta, ecco i nuovi volti del comando: il presidente Stefani nomina i direttori generali","datePublished":"2026-02-28T13:49:01+00:00","dateModified":"2026-02-28T19:56:45+00:00","mainEntityOfPage":{"@id":"https:\/\/www.bellunopress.it\/2026\/02\/28\/sanita-veneta-ecco-i-nuovi-volti-del-comando-il-presidente-stefani-nomina-i-direttori-generali\/"},"wordCount":560,"publisher":{"@id":"https:\/\/www.bellunopress.it\/#organization"},"image":{"@id":"https:\/\/www.bellunopress.it\/2026\/02\/28\/sanita-veneta-ecco-i-nuovi-volti-del-comando-il-presidente-stefani-nomina-i-direttori-generali\/#primaryimage"},"thumbnailUrl":"https:\/\/www.bellunopress.it\/wp-content\/uploads\/2025\/10\/Alberto-Stefani_edited.jpg","articleSection":["Cronaca\/Politica","Prima Pagina","Sanit\u00e0 Medicina"],"inLanguage":"fr-FR"},{"@type":"WebPage","@id":"https:\/\/www.bellunopress.it\/2026\/02\/28\/sanita-veneta-ecco-i-nuovi-volti-del-comando-il-presidente-stefani-nomina-i-direttori-generali\/","url":"https:\/\/www.bellunopress.it\/2026\/02\/28\/sanita-veneta-ecco-i-nuovi-volti-del-comando-il-presidente-stefani-nomina-i-direttori-generali\/","name":"Sanit\u00e0 Veneta, ecco i nuovi volti del comando: il presidente Stefani nomina i direttori generali - Bellunopress - Dolomiti","isPartOf":{"@id":"https:\/\/www.bellunopress.it\/#website"},"primaryImageOfPage":{"@id":"https:\/\/www.bellunopress.it\/2026\/02\/28\/sanita-veneta-ecco-i-nuovi-volti-del-comando-il-presidente-stefani-nomina-i-direttori-generali\/#primaryimage"},"image":{"@id":"https:\/\/www.bellunopress.it\/2026\/02\/28\/sanita-veneta-ecco-i-nuovi-volti-del-comando-il-presidente-stefani-nomina-i-direttori-generali\/#primaryimage"},"thumbnailUrl":"https:\/\/www.bellunopress.it\/wp-content\/uploads\/2025\/10\/Alberto-Stefani_edited.jpg","datePublished":"2026-02-28T13:49:01+00:00","dateModified":"2026-02-28T19:56:45+00:00","breadcrumb":{"@id":"https:\/\/www.bellunopress.it\/2026\/02\/28\/sanita-veneta-ecco-i-nuovi-volti-del-comando-il-presidente-stefani-nomina-i-direttori-generali\/#breadcrumb"},"inLanguage":"fr-FR","potentialAction":[{"@type":"ReadAction","target":["https:\/\/www.bellunopress.it\/2026\/02\/28\/sanita-veneta-ecco-i-nuovi-volti-del-comando-il-presidente-stefani-nomina-i-direttori-generali\/"]}]},{"@type":"ImageObject","inLanguage":"fr-FR","@id":"https:\/\/www.bellunopress.it\/2026\/02\/28\/sanita-veneta-ecco-i-nuovi-volti-del-comando-il-presidente-stefani-nomina-i-direttori-generali\/#primaryimage","url":"https:\/\/www.bellunopress.it\/wp-content\/uploads\/2025\/10\/Alberto-Stefani_edited.jpg","contentUrl":"https:\/\/www.bellunopress.it\/wp-content\/uploads\/2025\/10\/Alberto-Stefani_edited.jpg","width":800,"height":800,"caption":"Alberto Stefani - Presidente della Regione del Veneto"},{"@type":"BreadcrumbList","@id":"https:\/\/www.bellunopress.it\/2026\/02\/28\/sanita-veneta-ecco-i-nuovi-volti-del-comando-il-presidente-stefani-nomina-i-direttori-generali\/#breadcrumb","itemListElement":[{"@type":"ListItem","position":1,"name":"Home","item":"https:\/\/www.bellunopress.it\/"},{"@type":"ListItem","position":2,"name":"Sanit\u00e0 Veneta, ecco i nuovi volti del comando: il presidente Stefani nomina i direttori generali"}]},{"@type":"WebSite","@id":"https:\/\/www.bellunopress.it\/#website","url":"https:\/\/www.bellunopress.it\/","name":"Bellunopress - Dolomiti","description":"e-mail: redazione@bellunopress.it","publisher":{"@id":"https:\/\/www.bellunopress.it\/#organization"},"potentialAction":[{"@type":"SearchAction","target":{"@type":"EntryPoint","urlTemplate":"https:\/\/www.bellunopress.it\/?s={search_term_string}"},"query-input":{"@type":"PropertyValueSpecification","valueRequired":true,"valueName":"search_term_string"}}],"inLanguage":"fr-FR"},{"@type":"Organization","@id":"https:\/\/www.bellunopress.it\/#organization","name":"Bellunopress","url":"https:\/\/www.bellunopress.it\/","logo":{"@type":"ImageObject","inLanguage":"fr-FR","@id":"https:\/\/www.bellunopress.it\/#\/schema\/logo\/image\/","url":"https:\/\/www.bellunopress.it\/wp-content\/uploads\/2011\/05\/cropped-logo-bellunopress-.jpg","contentUrl":"https:\/\/www.bellunopress.it\/wp-content\/uploads\/2011\/05\/cropped-logo-bellunopress-.jpg","width":512,"height":512,"caption":"Bellunopress"},"image":{"@id":"https:\/\/www.bellunopress.it\/#\/schema\/logo\/image\/"},"sameAs":["https:\/\/www.facebook.com\/profile.php?id=100008943462799","https:\/\/x.com\/bellunopress","https:\/\/www.linkedin.com\/hp\/?dnr=JBzUWaJfMUw8vbXJJ2tVW5-I3jZKvC4wsoxE&amp;amp;amp;amp;amp;amp;trk=nav_responsive_tab_home","https:\/\/www.youtube.com\/channel\/UCxL0wu1uN0_3_7hGG0306cw"]},{"@type":"Person","@id":"https:\/\/www.bellunopress.it\/#\/schema\/person\/79bb06722b37ece1c03d3e94beb30d73","name":"r\u00e9daction","image":{"@type":"ImageObject","inLanguage":"fr-FR","@id":"https:\/\/secure.gravatar.com\/avatar\/37d968a2e67a6fd04c169c4bdef102d0bc5d31b2546345219e348575eb80e9a0?s=96&d=mm&r=g","url":"https:\/\/secure.gravatar.com\/avatar\/37d968a2e67a6fd04c169c4bdef102d0bc5d31b2546345219e348575eb80e9a0?s=96&d=mm&r=g","contentUrl":"https:\/\/secure.gravatar.com\/avatar\/37d968a2e67a6fd04c169c4bdef102d0bc5d31b2546345219e348575eb80e9a0?s=96&d=mm&r=g","caption":"redazione"},"sameAs":["http:\/\/www.bellunopress.it","https:\/\/x.com\/bellunopress"],"url":"https:\/\/www.bellunopress.it\/fr\/author\/redazione\/"}]}},"_links":{"self":[{"href":"https:\/\/www.bellunopress.it\/fr\/wp-json\/wp\/v2\/posts\/167782","targetHints":{"allow":["GET"]}}],"collection":[{"href":"https:\/\/www.bellunopress.it\/fr\/wp-json\/wp\/v2\/posts"}],"about":[{"href":"https:\/\/www.bellunopress.it\/fr\/wp-json\/wp\/v2\/types\/post"}],"author":[{"embeddable":true,"href":"https:\/\/www.bellunopress.it\/fr\/wp-json\/wp\/v2\/users\/2"}],"replies":[{"embeddable":true,"href":"https:\/\/www.bellunopress.it\/fr\/wp-json\/wp\/v2\/comments?post=167782"}],"version-history":[{"count":3,"href":"https:\/\/www.bellunopress.it\/fr\/wp-json\/wp\/v2\/posts\/167782\/revisions"}],"predecessor-version":[{"id":167791,"href":"https:\/\/www.bellunopress.it\/fr\/wp-json\/wp\/v2\/posts\/167782\/revisions\/167791"}],"wp:featuredmedia":[{"embeddable":true,"href":"https:\/\/www.bellunopress.it\/fr\/wp-json\/wp\/v2\/media\/163956"}],"wp:attachment":[{"href":"https:\/\/www.bellunopress.it\/fr\/wp-json\/wp\/v2\/media?parent=167782"}],"wp:term":[{"taxonomy":"category","embeddable":true,"href":"https:\/\/www.bellunopress.it\/fr\/wp-json\/wp\/v2\/categories?post=167782"},{"taxonomy":"post_tag","embeddable":true,"href":"https:\/\/www.bellunopress.it\/fr\/wp-json\/wp\/v2\/tags?post=167782"}],"curies":[{"name":"wp","href":"https:\/\/api.w.org\/{rel}","templated":true}]}}