{"id":167780,"date":"2026-02-28T13:10:54","date_gmt":"2026-02-28T12:10:54","guid":{"rendered":"https:\/\/www.bellunopress.it\/?p=167780"},"modified":"2026-02-28T13:10:54","modified_gmt":"2026-02-28T12:10:54","slug":"borgo-valbelluna-taglio-del-nastro-per-il-lavoro-dipinto-tra-otto-e-novecento","status":"publish","type":"post","link":"https:\/\/www.bellunopress.it\/fr\/2026\/02\/28\/borgo-valbelluna-taglio-del-nastro-per-il-lavoro-dipinto-tra-otto-e-novecento\/","title":{"rendered":"Borgo Valbelluna. Taglio del nastro per &#8220;Il lavoro dipinto tra Otto e Novecento&#8221;"},"content":{"rendered":"<div class=\"document-page\" data-page=\"1\">\n<div class=\"pdf-page\">\n<div class=\"text-wrapper user-select-text\">\n<div data-canvas-width=\"613.08\">\u00abL&#8217;artista \u00e8 sempre testimone del suo tempo, e nel percorso espositivo abbiamo\u00a0cercato di mettere insieme diversi linguaggi pittorici che raccontano anche un\u00a0tempo di pittura e di narrazione diversa\u00bb: cos\u00ec Stefano Cecchetto, critico d&#8217;arte e\u00a0curatore della mostra, ha presentato \u201cIl lavoro dipinto tra Otto e Novecento\u201d,\u00a0esposizione promossa da ArtDolomites e Comune di Borgo Valbelluna al Palazzo\u00a0delle Contesse di Mel, inaugurata ieri sera (venerd\u00ec 27 febbraio).<\/div>\n<div data-canvas-width=\"613.08\">La mostra,\u00a0patrocinata dalla Provincia di Belluno e dalla Regione del Veneto, \u00e8 inserito tra le<\/div>\n<div data-canvas-width=\"432.3453333333332\">iniziative delle Olimpiadi culturali di Milano Cortina 2026.<\/div>\n<div data-canvas-width=\"162.76\"><\/div>\n<div data-canvas-width=\"162.76\"><strong>Il lavoro nella storia<\/strong><\/div>\n<div data-canvas-width=\"583.6133333333333\">Una sessantina le opere in mostra, realizzate da oltre quaranta diversi artisti\u00a0italiani, tra il XIX e il XX secolo: \u00abIl tema comune a tutte queste opere \u00e8 il lavoro,\u00a0partendo dal figurativo ottocentesco fino all&#8217;astrattismo. &#8211; ha spiegato Debora Lotto\u00a0per ArtDolomites \u2013 Diverse le tematiche trattate in mostra: il lavoro nel paesaggio, i\u00a0lavori domestici, il lavoro femminile e il lavoro nelle costruzioni. Alcune opere sono anche un documento storico di lavori che venivano svolti fino al secolo scorso e\u00a0che sono andati scomparendo\u00bb.<\/div>\n<div data-canvas-width=\"618.7480000000003\"><\/div>\n<div data-canvas-width=\"618.7480000000003\">Un aspetto, questo, sottolineato anche da Cecchetto: \u00abTroviamo esempi di lavori\u00a0obsoleti o che non si trovano pi\u00f9, come le lavandaie al fiume o la lettura del\u00a0giornale &#8211; uno degli esempi dell&#8217;analfabetismo diffuso oltre un secolo fa -, ma\u00a0abbiamo anche opere che documentano momenti storici come la costruzione del\u00a0Ponte della Libert\u00e0 a Venezia o drammatici come la tragedia di Marcinelle\u00bb.<\/div>\n<div data-canvas-width=\"304.58133333333325\"><\/div>\n<div data-canvas-width=\"304.58133333333325\"><strong>Il valore sociale e territoriale dell&#8217;arte<\/strong><\/div>\n<div data-canvas-width=\"591.1013333333335\">Simone Deola, vicesindaco di Borgo Valbelluna, ha evidenziato il valore per il\u00a0territorio di iniziative come questa, e in particolare i risvolti sociali di una mostra\u00a0dedicata ai temi del lavoro: \u00abIl lavoro e i diritti sociali sono un tema centralissimo, di\u00a0cui si parla purtroppo ancora troppo poco, sia in termini di salari che di sicurezza\u00a0sul lavoro e di occupazione. Speriamo che questa mostra aiuti a riflettere\u00a0maggiormente su questi temi. Dietro queste esposizioni, poi, c&#8217;\u00e8 un intero territorio\u00a0che risponde: c&#8217;\u00e8 un contenitore prestigioso come Palazzo delle Contesse, e poi ci\u00a0sono le persone: il mondo del volontariato, quello dell&#8217;impresa, l&#8217;amministrazione\u00a0comunale; un lavoro di squadra che permette di realizzare eventi di qualit\u00e0\u00a0altissima\u00bb.<\/div>\n<div data-canvas-width=\"132.11466666666666\"><\/div>\n<div data-canvas-width=\"132.11466666666666\"><strong>L&#8217;inaugurazione<\/strong><\/div>\n<div data-canvas-width=\"602.0386666666668\">Nella serata di venerd\u00ec, l&#8217;inaugurazione ufficiale e le prime visite, precedute dai\u00a0discorsi istituzionali nella Sala del Municipio; ai saluti del presidente di ArtDolomites\u00a0Renzo Limana, del vicesindaco Deola, del curatore Cecchetto e del direttore di\u00a0\u201cIl lavoro dipinto tra Otto e Novecento\u201d \u00e8 una mostra organizzata dall&#8217;associazione ArtDolomites e dal\u00a0Comune di Borgo Valbelluna (BL). Inaugurata il 27 febbraio 2026, rester\u00e0 aperta a Palazzo delle Contesse di<\/div>\n<div data-canvas-width=\"634.2399999999996\">Mel di Borgo Valbelluna fino al 10 maggio 2026. Vanta i patrocini della Regione del Veneto e della Provincia\u00a0di Belluno; l&#8217;evento, inserito tra le iniziative delle Olimpiadi culturali di Milano Cortina 2026, \u00e8 realizzato con il\u00a0contributo di Confindustria Belluno Dolomiti. Main sponsor: FPB Cassa, Montec, Farmacie Dolomiti, Buzzatti\u00a0trasporti-Liquidgas, Giastebau.<\/div>\n<div>\u200b<\/div>\n<\/div>\n<\/div>\n<\/div>\n<div class=\"document-page\" data-page=\"2\">\n<div class=\"pdf-page\">\n<div class=\"text-wrapper user-select-text\">\n<div data-canvas-width=\"582.14\">Confindustria Belluno Dolomiti \u2013 seguiti dall&#8217;intervento di analisi sul lavoro al\u00a0femminile da parte dell&#8217;antropologa Daniela Perco &#8211; si sono aggiunti quelli arrivati\u00a0via lettera dal presidente della Regione Veneto Alberto Stefani: \u00abPlaudo a questa\u00a0iniziativa che utilizza la testimonianza dell&#8217;arte per raccontare le diverse fasi e i\u00a0molteplici ambiti della forza lavoro. L&#8217;arte si fa espressione della societ\u00e0 e fotografia\u00a0dello sviluppo sociale, documentando lo sforzo fisico in rapporto al paesaggio, al\u00a0mondo rurale, alla dimensione domestica e al lavoro femminile. \u00c8 interessante\u00a0osservare come l&#8217;arte interpreti i mutamenti sociali legati anche alla modernit\u00e0\u00a0industriale, offrendo una nuova dimensione alla fatica umana. Grazie allo sguardo\u00a0degli artisti, disponiamo oggi di una narrazione preziosa per comprendere i delicati\u00a0passaggi antropologici avvenuti tra la fine dell&#8217;Ottocento e il secondo dopoguerra\u00bb.<\/div>\n<div data-canvas-width=\"628.0040000000001\">A visitare in anteprima la mostra, che rimarr\u00e0 aperta fino a domenica 10 maggio, il\u00a0sindaco di Beit Sahur, Elias Iseed, in questi giorni in visita istituzionale in provincia.<\/div>\n<div data-canvas-width=\"189.0973333333333\"><\/div>\n<div data-canvas-width=\"189.0973333333333\">Info su orari e biglietti sul sito<\/div>\n<div data-canvas-width=\"242.67466666666644\"><a href=\"https:\/\/artdolomites.it\/il-lavoro-dipinto\/\">https:\/\/artdolomites.it\/il-lavoro-dipinto\/<\/a><\/div>\n<div data-canvas-width=\"594.9066666666666\">\u201cIl lavoro dipinto tra Otto e Novecento\u201d \u00e8 una mostra organizzata dall&#8217;associazione ArtDolomites e dal\u00a0Comune di Borgo Valbelluna (BL). Inaugurata il 27 febbraio 2026, rester\u00e0 aperta a Palazzo delle Contesse di\u00a0Mel di Borgo Valbelluna fino al 10 maggio 2026. Vanta i patrocini della Regione del Veneto e della Provincia\u00a0di Belluno; l&#8217;evento, inserito tra le iniziative delle Olimpiadi culturali di Milano Cortina 2026, \u00e8 realizzato con il\u00a0contributo di Confindustria Belluno Dolomiti. Main sponsor: FPB Cassa, Montec, Farmacie Dolomiti, Buzzatti\u00a0trasporti-Liquidgas, Giastebau.<\/div>\n<\/div>\n<\/div>\n<\/div>","protected":false},"excerpt":{"rendered":"<p>\u00abL&#8217;artista \u00e8 sempre testimone del suo tempo, e nel percorso espositivo abbiamo\u00a0cercato di mettere insieme diversi linguaggi pittorici che raccontano anche un\u00a0tempo di pittura e di narrazione diversa\u00bb: cos\u00ec Stefano Cecchetto, critico d&#8217;arte e\u00a0curatore della mostra, ha presentato \u201cIl lavoro dipinto tra Otto e Novecento\u201d,\u00a0esposizione promossa da ArtDolomites e Comune di Borgo Valbelluna al Palazzo\u00a0delle [&hellip;]<\/p>\n","protected":false},"author":2,"featured_media":166170,"comment_status":"closed","ping_status":"open","sticky":false,"template":"","format":"standard","meta":{"footnotes":""},"categories":[27,3,25],"tags":[],"class_list":["post-167780","post","type-post","status-publish","format-standard","has-post-thumbnail","category-appuntamenti","category-arte-cultura-spettacoli-scienza-archivi","category-pausa-caffe"],"yoast_head":"<!-- This site is optimized with the Yoast SEO plugin v28.4 - https:\/\/yoast.com\/product\/yoast-seo-wordpress\/ -->\n<title>Borgo Valbelluna. Taglio del nastro per &quot;Il lavoro dipinto tra Otto e Novecento&quot; - Bellunopress - Dolomiti<\/title>\n<meta name=\"robots\" content=\"index, follow, max-snippet:-1, max-image-preview:large, max-video-preview:-1\" \/>\n<link rel=\"canonical\" href=\"https:\/\/www.bellunopress.it\/fr\/2026\/02\/28\/borgo-valbelluna-taglio-del-nastro-per-il-lavoro-dipinto-tra-otto-e-novecento\/\" \/>\n<meta property=\"og:locale\" content=\"fr_FR\" \/>\n<meta property=\"og:type\" content=\"article\" \/>\n<meta property=\"og:title\" content=\"Borgo Valbelluna. Taglio del nastro per &quot;Il lavoro dipinto tra Otto e Novecento&quot; - Bellunopress - Dolomiti\" \/>\n<meta property=\"og:description\" content=\"\u00abL&#8217;artista \u00e8 sempre testimone del suo tempo, e nel percorso espositivo abbiamo\u00a0cercato di mettere insieme diversi linguaggi pittorici che raccontano anche un\u00a0tempo di pittura e di narrazione diversa\u00bb: cos\u00ec Stefano Cecchetto, critico d&#8217;arte e\u00a0curatore della mostra, ha presentato \u201cIl lavoro dipinto tra Otto e Novecento\u201d,\u00a0esposizione promossa da ArtDolomites e Comune di Borgo Valbelluna al Palazzo\u00a0delle [&hellip;]\" \/>\n<meta property=\"og:url\" content=\"https:\/\/www.bellunopress.it\/fr\/2026\/02\/28\/borgo-valbelluna-taglio-del-nastro-per-il-lavoro-dipinto-tra-otto-e-novecento\/\" \/>\n<meta property=\"og:site_name\" content=\"Bellunopress - Dolomiti\" \/>\n<meta property=\"article:publisher\" content=\"https:\/\/www.facebook.com\/profile.php?id=100008943462799\" \/>\n<meta property=\"article:published_time\" content=\"2026-02-28T12:10:54+00:00\" \/>\n<meta property=\"og:image\" content=\"https:\/\/www.bellunopress.it\/wp-content\/uploads\/2026\/01\/Palazzo-delle-Contesse-Mel.jpg\" \/>\n\t<meta property=\"og:image:width\" content=\"600\" \/>\n\t<meta property=\"og:image:height\" content=\"455\" \/>\n\t<meta property=\"og:image:type\" content=\"image\/jpeg\" \/>\n<meta name=\"author\" content=\"redazione\" \/>\n<meta name=\"twitter:card\" content=\"summary_large_image\" \/>\n<meta name=\"twitter:creator\" content=\"@bellunopress\" \/>\n<meta name=\"twitter:site\" content=\"@bellunopress\" \/>\n<meta name=\"twitter:label1\" content=\"\u00c9crit par\" \/>\n\t<meta name=\"twitter:data1\" content=\"redazione\" \/>\n\t<meta name=\"twitter:label2\" content=\"Dur\u00e9e de lecture estim\u00e9e\" \/>\n\t<meta name=\"twitter:data2\" content=\"4 minutes\" \/>\n<script type=\"application\/ld+json\" class=\"yoast-schema-graph\">{\"@context\":\"https:\\\/\\\/schema.org\",\"@graph\":[{\"@type\":\"Article\",\"@id\":\"https:\\\/\\\/www.bellunopress.it\\\/2026\\\/02\\\/28\\\/borgo-valbelluna-taglio-del-nastro-per-il-lavoro-dipinto-tra-otto-e-novecento\\\/#article\",\"isPartOf\":{\"@id\":\"https:\\\/\\\/www.bellunopress.it\\\/2026\\\/02\\\/28\\\/borgo-valbelluna-taglio-del-nastro-per-il-lavoro-dipinto-tra-otto-e-novecento\\\/\"},\"author\":{\"name\":\"redazione\",\"@id\":\"https:\\\/\\\/www.bellunopress.it\\\/#\\\/schema\\\/person\\\/79bb06722b37ece1c03d3e94beb30d73\"},\"headline\":\"Borgo Valbelluna. Taglio del nastro per &#8220;Il lavoro dipinto tra Otto e Novecento&#8221;\",\"datePublished\":\"2026-02-28T12:10:54+00:00\",\"mainEntityOfPage\":{\"@id\":\"https:\\\/\\\/www.bellunopress.it\\\/2026\\\/02\\\/28\\\/borgo-valbelluna-taglio-del-nastro-per-il-lavoro-dipinto-tra-otto-e-novecento\\\/\"},\"wordCount\":752,\"publisher\":{\"@id\":\"https:\\\/\\\/www.bellunopress.it\\\/#organization\"},\"image\":{\"@id\":\"https:\\\/\\\/www.bellunopress.it\\\/2026\\\/02\\\/28\\\/borgo-valbelluna-taglio-del-nastro-per-il-lavoro-dipinto-tra-otto-e-novecento\\\/#primaryimage\"},\"thumbnailUrl\":\"https:\\\/\\\/www.bellunopress.it\\\/wp-content\\\/uploads\\\/2026\\\/01\\\/Palazzo-delle-Contesse-Mel.jpg\",\"articleSection\":[\"Appuntamenti, Eventi\",\"Arte, Cultura, Spettacoli, Scienza\",\"Pausa Caff\u00e8\"],\"inLanguage\":\"fr-FR\"},{\"@type\":\"WebPage\",\"@id\":\"https:\\\/\\\/www.bellunopress.it\\\/2026\\\/02\\\/28\\\/borgo-valbelluna-taglio-del-nastro-per-il-lavoro-dipinto-tra-otto-e-novecento\\\/\",\"url\":\"https:\\\/\\\/www.bellunopress.it\\\/2026\\\/02\\\/28\\\/borgo-valbelluna-taglio-del-nastro-per-il-lavoro-dipinto-tra-otto-e-novecento\\\/\",\"name\":\"Borgo Valbelluna. Taglio del nastro per \\\"Il lavoro dipinto tra Otto e Novecento\\\" - Bellunopress - Dolomiti\",\"isPartOf\":{\"@id\":\"https:\\\/\\\/www.bellunopress.it\\\/#website\"},\"primaryImageOfPage\":{\"@id\":\"https:\\\/\\\/www.bellunopress.it\\\/2026\\\/02\\\/28\\\/borgo-valbelluna-taglio-del-nastro-per-il-lavoro-dipinto-tra-otto-e-novecento\\\/#primaryimage\"},\"image\":{\"@id\":\"https:\\\/\\\/www.bellunopress.it\\\/2026\\\/02\\\/28\\\/borgo-valbelluna-taglio-del-nastro-per-il-lavoro-dipinto-tra-otto-e-novecento\\\/#primaryimage\"},\"thumbnailUrl\":\"https:\\\/\\\/www.bellunopress.it\\\/wp-content\\\/uploads\\\/2026\\\/01\\\/Palazzo-delle-Contesse-Mel.jpg\",\"datePublished\":\"2026-02-28T12:10:54+00:00\",\"breadcrumb\":{\"@id\":\"https:\\\/\\\/www.bellunopress.it\\\/2026\\\/02\\\/28\\\/borgo-valbelluna-taglio-del-nastro-per-il-lavoro-dipinto-tra-otto-e-novecento\\\/#breadcrumb\"},\"inLanguage\":\"fr-FR\",\"potentialAction\":[{\"@type\":\"ReadAction\",\"target\":[\"https:\\\/\\\/www.bellunopress.it\\\/2026\\\/02\\\/28\\\/borgo-valbelluna-taglio-del-nastro-per-il-lavoro-dipinto-tra-otto-e-novecento\\\/\"]}]},{\"@type\":\"ImageObject\",\"inLanguage\":\"fr-FR\",\"@id\":\"https:\\\/\\\/www.bellunopress.it\\\/2026\\\/02\\\/28\\\/borgo-valbelluna-taglio-del-nastro-per-il-lavoro-dipinto-tra-otto-e-novecento\\\/#primaryimage\",\"url\":\"https:\\\/\\\/www.bellunopress.it\\\/wp-content\\\/uploads\\\/2026\\\/01\\\/Palazzo-delle-Contesse-Mel.jpg\",\"contentUrl\":\"https:\\\/\\\/www.bellunopress.it\\\/wp-content\\\/uploads\\\/2026\\\/01\\\/Palazzo-delle-Contesse-Mel.jpg\",\"width\":600,\"height\":455,\"caption\":\"Palazzo delle Contesse, Mel (Borgo Valbelluna)\"},{\"@type\":\"BreadcrumbList\",\"@id\":\"https:\\\/\\\/www.bellunopress.it\\\/2026\\\/02\\\/28\\\/borgo-valbelluna-taglio-del-nastro-per-il-lavoro-dipinto-tra-otto-e-novecento\\\/#breadcrumb\",\"itemListElement\":[{\"@type\":\"ListItem\",\"position\":1,\"name\":\"Home\",\"item\":\"https:\\\/\\\/www.bellunopress.it\\\/\"},{\"@type\":\"ListItem\",\"position\":2,\"name\":\"Borgo Valbelluna. Taglio del nastro per &#8220;Il lavoro dipinto tra Otto e Novecento&#8221;\"}]},{\"@type\":\"WebSite\",\"@id\":\"https:\\\/\\\/www.bellunopress.it\\\/#website\",\"url\":\"https:\\\/\\\/www.bellunopress.it\\\/\",\"name\":\"Bellunopress - Dolomiti\",\"description\":\"e-mail: redazione@bellunopress.it\",\"publisher\":{\"@id\":\"https:\\\/\\\/www.bellunopress.it\\\/#organization\"},\"potentialAction\":[{\"@type\":\"SearchAction\",\"target\":{\"@type\":\"EntryPoint\",\"urlTemplate\":\"https:\\\/\\\/www.bellunopress.it\\\/?s={search_term_string}\"},\"query-input\":{\"@type\":\"PropertyValueSpecification\",\"valueRequired\":true,\"valueName\":\"search_term_string\"}}],\"inLanguage\":\"fr-FR\"},{\"@type\":\"Organization\",\"@id\":\"https:\\\/\\\/www.bellunopress.it\\\/#organization\",\"name\":\"Bellunopress\",\"url\":\"https:\\\/\\\/www.bellunopress.it\\\/\",\"logo\":{\"@type\":\"ImageObject\",\"inLanguage\":\"fr-FR\",\"@id\":\"https:\\\/\\\/www.bellunopress.it\\\/#\\\/schema\\\/logo\\\/image\\\/\",\"url\":\"https:\\\/\\\/www.bellunopress.it\\\/wp-content\\\/uploads\\\/2011\\\/05\\\/cropped-logo-bellunopress-.jpg\",\"contentUrl\":\"https:\\\/\\\/www.bellunopress.it\\\/wp-content\\\/uploads\\\/2011\\\/05\\\/cropped-logo-bellunopress-.jpg\",\"width\":512,\"height\":512,\"caption\":\"Bellunopress\"},\"image\":{\"@id\":\"https:\\\/\\\/www.bellunopress.it\\\/#\\\/schema\\\/logo\\\/image\\\/\"},\"sameAs\":[\"https:\\\/\\\/www.facebook.com\\\/profile.php?id=100008943462799\",\"https:\\\/\\\/x.com\\\/bellunopress\",\"https:\\\/\\\/www.linkedin.com\\\/hp\\\/?dnr=JBzUWaJfMUw8vbXJJ2tVW5-I3jZKvC4wsoxE&amp;amp;amp;amp;amp;amp;trk=nav_responsive_tab_home\",\"https:\\\/\\\/www.youtube.com\\\/channel\\\/UCxL0wu1uN0_3_7hGG0306cw\"]},{\"@type\":\"Person\",\"@id\":\"https:\\\/\\\/www.bellunopress.it\\\/#\\\/schema\\\/person\\\/79bb06722b37ece1c03d3e94beb30d73\",\"name\":\"redazione\",\"image\":{\"@type\":\"ImageObject\",\"inLanguage\":\"fr-FR\",\"@id\":\"https:\\\/\\\/secure.gravatar.com\\\/avatar\\\/37d968a2e67a6fd04c169c4bdef102d0bc5d31b2546345219e348575eb80e9a0?s=96&d=mm&r=g\",\"url\":\"https:\\\/\\\/secure.gravatar.com\\\/avatar\\\/37d968a2e67a6fd04c169c4bdef102d0bc5d31b2546345219e348575eb80e9a0?s=96&d=mm&r=g\",\"contentUrl\":\"https:\\\/\\\/secure.gravatar.com\\\/avatar\\\/37d968a2e67a6fd04c169c4bdef102d0bc5d31b2546345219e348575eb80e9a0?s=96&d=mm&r=g\",\"caption\":\"redazione\"},\"sameAs\":[\"http:\\\/\\\/www.bellunopress.it\",\"https:\\\/\\\/x.com\\\/bellunopress\"],\"url\":\"https:\\\/\\\/www.bellunopress.it\\\/fr\\\/author\\\/redazione\\\/\"}]}<\/script>\n<!-- \/ Yoast SEO plugin. -->","yoast_head_json":{"title":"Borgo Valbelluna. Taglio del nastro per \"Il lavoro dipinto tra Otto e Novecento\" - Bellunopress - Dolomiti","robots":{"index":"index","follow":"follow","max-snippet":"max-snippet:-1","max-image-preview":"max-image-preview:large","max-video-preview":"max-video-preview:-1"},"canonical":"https:\/\/www.bellunopress.it\/fr\/2026\/02\/28\/borgo-valbelluna-taglio-del-nastro-per-il-lavoro-dipinto-tra-otto-e-novecento\/","og_locale":"fr_FR","og_type":"article","og_title":"Borgo Valbelluna. Taglio del nastro per \"Il lavoro dipinto tra Otto e Novecento\" - Bellunopress - Dolomiti","og_description":"\u00abL&#8217;artista \u00e8 sempre testimone del suo tempo, e nel percorso espositivo abbiamo\u00a0cercato di mettere insieme diversi linguaggi pittorici che raccontano anche un\u00a0tempo di pittura e di narrazione diversa\u00bb: cos\u00ec Stefano Cecchetto, critico d&#8217;arte e\u00a0curatore della mostra, ha presentato \u201cIl lavoro dipinto tra Otto e Novecento\u201d,\u00a0esposizione promossa da ArtDolomites e Comune di Borgo Valbelluna al Palazzo\u00a0delle [&hellip;]","og_url":"https:\/\/www.bellunopress.it\/fr\/2026\/02\/28\/borgo-valbelluna-taglio-del-nastro-per-il-lavoro-dipinto-tra-otto-e-novecento\/","og_site_name":"Bellunopress - Dolomiti","article_publisher":"https:\/\/www.facebook.com\/profile.php?id=100008943462799","article_published_time":"2026-02-28T12:10:54+00:00","og_image":[{"width":600,"height":455,"url":"https:\/\/www.bellunopress.it\/wp-content\/uploads\/2026\/01\/Palazzo-delle-Contesse-Mel.jpg","type":"image\/jpeg"}],"author":"redazione","twitter_card":"summary_large_image","twitter_creator":"@bellunopress","twitter_site":"@bellunopress","twitter_misc":{"\u00c9crit par":"redazione","Dur\u00e9e de lecture estim\u00e9e":"4 minutes"},"schema":{"@context":"https:\/\/schema.org","@graph":[{"@type":"Article","@id":"https:\/\/www.bellunopress.it\/2026\/02\/28\/borgo-valbelluna-taglio-del-nastro-per-il-lavoro-dipinto-tra-otto-e-novecento\/#article","isPartOf":{"@id":"https:\/\/www.bellunopress.it\/2026\/02\/28\/borgo-valbelluna-taglio-del-nastro-per-il-lavoro-dipinto-tra-otto-e-novecento\/"},"author":{"name":"redazione","@id":"https:\/\/www.bellunopress.it\/#\/schema\/person\/79bb06722b37ece1c03d3e94beb30d73"},"headline":"Borgo Valbelluna. Taglio del nastro per &#8220;Il lavoro dipinto tra Otto e Novecento&#8221;","datePublished":"2026-02-28T12:10:54+00:00","mainEntityOfPage":{"@id":"https:\/\/www.bellunopress.it\/2026\/02\/28\/borgo-valbelluna-taglio-del-nastro-per-il-lavoro-dipinto-tra-otto-e-novecento\/"},"wordCount":752,"publisher":{"@id":"https:\/\/www.bellunopress.it\/#organization"},"image":{"@id":"https:\/\/www.bellunopress.it\/2026\/02\/28\/borgo-valbelluna-taglio-del-nastro-per-il-lavoro-dipinto-tra-otto-e-novecento\/#primaryimage"},"thumbnailUrl":"https:\/\/www.bellunopress.it\/wp-content\/uploads\/2026\/01\/Palazzo-delle-Contesse-Mel.jpg","articleSection":["Appuntamenti, Eventi","Arte, Cultura, Spettacoli, Scienza","Pausa Caff\u00e8"],"inLanguage":"fr-FR"},{"@type":"WebPage","@id":"https:\/\/www.bellunopress.it\/2026\/02\/28\/borgo-valbelluna-taglio-del-nastro-per-il-lavoro-dipinto-tra-otto-e-novecento\/","url":"https:\/\/www.bellunopress.it\/2026\/02\/28\/borgo-valbelluna-taglio-del-nastro-per-il-lavoro-dipinto-tra-otto-e-novecento\/","name":"Borgo Valbelluna. Taglio del nastro per \"Il lavoro dipinto tra Otto e Novecento\" - Bellunopress - Dolomiti","isPartOf":{"@id":"https:\/\/www.bellunopress.it\/#website"},"primaryImageOfPage":{"@id":"https:\/\/www.bellunopress.it\/2026\/02\/28\/borgo-valbelluna-taglio-del-nastro-per-il-lavoro-dipinto-tra-otto-e-novecento\/#primaryimage"},"image":{"@id":"https:\/\/www.bellunopress.it\/2026\/02\/28\/borgo-valbelluna-taglio-del-nastro-per-il-lavoro-dipinto-tra-otto-e-novecento\/#primaryimage"},"thumbnailUrl":"https:\/\/www.bellunopress.it\/wp-content\/uploads\/2026\/01\/Palazzo-delle-Contesse-Mel.jpg","datePublished":"2026-02-28T12:10:54+00:00","breadcrumb":{"@id":"https:\/\/www.bellunopress.it\/2026\/02\/28\/borgo-valbelluna-taglio-del-nastro-per-il-lavoro-dipinto-tra-otto-e-novecento\/#breadcrumb"},"inLanguage":"fr-FR","potentialAction":[{"@type":"ReadAction","target":["https:\/\/www.bellunopress.it\/2026\/02\/28\/borgo-valbelluna-taglio-del-nastro-per-il-lavoro-dipinto-tra-otto-e-novecento\/"]}]},{"@type":"ImageObject","inLanguage":"fr-FR","@id":"https:\/\/www.bellunopress.it\/2026\/02\/28\/borgo-valbelluna-taglio-del-nastro-per-il-lavoro-dipinto-tra-otto-e-novecento\/#primaryimage","url":"https:\/\/www.bellunopress.it\/wp-content\/uploads\/2026\/01\/Palazzo-delle-Contesse-Mel.jpg","contentUrl":"https:\/\/www.bellunopress.it\/wp-content\/uploads\/2026\/01\/Palazzo-delle-Contesse-Mel.jpg","width":600,"height":455,"caption":"Palazzo delle Contesse, Mel (Borgo Valbelluna)"},{"@type":"BreadcrumbList","@id":"https:\/\/www.bellunopress.it\/2026\/02\/28\/borgo-valbelluna-taglio-del-nastro-per-il-lavoro-dipinto-tra-otto-e-novecento\/#breadcrumb","itemListElement":[{"@type":"ListItem","position":1,"name":"Home","item":"https:\/\/www.bellunopress.it\/"},{"@type":"ListItem","position":2,"name":"Borgo Valbelluna. Taglio del nastro per &#8220;Il lavoro dipinto tra Otto e Novecento&#8221;"}]},{"@type":"WebSite","@id":"https:\/\/www.bellunopress.it\/#website","url":"https:\/\/www.bellunopress.it\/","name":"Bellunopress - Dolomiti","description":"e-mail: redazione@bellunopress.it","publisher":{"@id":"https:\/\/www.bellunopress.it\/#organization"},"potentialAction":[{"@type":"SearchAction","target":{"@type":"EntryPoint","urlTemplate":"https:\/\/www.bellunopress.it\/?s={search_term_string}"},"query-input":{"@type":"PropertyValueSpecification","valueRequired":true,"valueName":"search_term_string"}}],"inLanguage":"fr-FR"},{"@type":"Organization","@id":"https:\/\/www.bellunopress.it\/#organization","name":"Bellunopress","url":"https:\/\/www.bellunopress.it\/","logo":{"@type":"ImageObject","inLanguage":"fr-FR","@id":"https:\/\/www.bellunopress.it\/#\/schema\/logo\/image\/","url":"https:\/\/www.bellunopress.it\/wp-content\/uploads\/2011\/05\/cropped-logo-bellunopress-.jpg","contentUrl":"https:\/\/www.bellunopress.it\/wp-content\/uploads\/2011\/05\/cropped-logo-bellunopress-.jpg","width":512,"height":512,"caption":"Bellunopress"},"image":{"@id":"https:\/\/www.bellunopress.it\/#\/schema\/logo\/image\/"},"sameAs":["https:\/\/www.facebook.com\/profile.php?id=100008943462799","https:\/\/x.com\/bellunopress","https:\/\/www.linkedin.com\/hp\/?dnr=JBzUWaJfMUw8vbXJJ2tVW5-I3jZKvC4wsoxE&amp;amp;amp;amp;amp;amp;trk=nav_responsive_tab_home","https:\/\/www.youtube.com\/channel\/UCxL0wu1uN0_3_7hGG0306cw"]},{"@type":"Person","@id":"https:\/\/www.bellunopress.it\/#\/schema\/person\/79bb06722b37ece1c03d3e94beb30d73","name":"r\u00e9daction","image":{"@type":"ImageObject","inLanguage":"fr-FR","@id":"https:\/\/secure.gravatar.com\/avatar\/37d968a2e67a6fd04c169c4bdef102d0bc5d31b2546345219e348575eb80e9a0?s=96&d=mm&r=g","url":"https:\/\/secure.gravatar.com\/avatar\/37d968a2e67a6fd04c169c4bdef102d0bc5d31b2546345219e348575eb80e9a0?s=96&d=mm&r=g","contentUrl":"https:\/\/secure.gravatar.com\/avatar\/37d968a2e67a6fd04c169c4bdef102d0bc5d31b2546345219e348575eb80e9a0?s=96&d=mm&r=g","caption":"redazione"},"sameAs":["http:\/\/www.bellunopress.it","https:\/\/x.com\/bellunopress"],"url":"https:\/\/www.bellunopress.it\/fr\/author\/redazione\/"}]}},"_links":{"self":[{"href":"https:\/\/www.bellunopress.it\/fr\/wp-json\/wp\/v2\/posts\/167780","targetHints":{"allow":["GET"]}}],"collection":[{"href":"https:\/\/www.bellunopress.it\/fr\/wp-json\/wp\/v2\/posts"}],"about":[{"href":"https:\/\/www.bellunopress.it\/fr\/wp-json\/wp\/v2\/types\/post"}],"author":[{"embeddable":true,"href":"https:\/\/www.bellunopress.it\/fr\/wp-json\/wp\/v2\/users\/2"}],"replies":[{"embeddable":true,"href":"https:\/\/www.bellunopress.it\/fr\/wp-json\/wp\/v2\/comments?post=167780"}],"version-history":[{"count":1,"href":"https:\/\/www.bellunopress.it\/fr\/wp-json\/wp\/v2\/posts\/167780\/revisions"}],"predecessor-version":[{"id":167781,"href":"https:\/\/www.bellunopress.it\/fr\/wp-json\/wp\/v2\/posts\/167780\/revisions\/167781"}],"wp:featuredmedia":[{"embeddable":true,"href":"https:\/\/www.bellunopress.it\/fr\/wp-json\/wp\/v2\/media\/166170"}],"wp:attachment":[{"href":"https:\/\/www.bellunopress.it\/fr\/wp-json\/wp\/v2\/media?parent=167780"}],"wp:term":[{"taxonomy":"category","embeddable":true,"href":"https:\/\/www.bellunopress.it\/fr\/wp-json\/wp\/v2\/categories?post=167780"},{"taxonomy":"post_tag","embeddable":true,"href":"https:\/\/www.bellunopress.it\/fr\/wp-json\/wp\/v2\/tags?post=167780"}],"curies":[{"name":"wp","href":"https:\/\/api.w.org\/{rel}","templated":true}]}}