{"id":167767,"date":"2026-02-27T22:29:14","date_gmt":"2026-02-27T21:29:14","guid":{"rendered":"https:\/\/www.bellunopress.it\/?p=167767"},"modified":"2026-03-02T19:36:42","modified_gmt":"2026-03-02T18:36:42","slug":"belluno-lo-scippo-delloro-azzurro-perche-la-nostra-acqua-arricchisce-milano-e-roma-di-enzo-de-biasi","status":"publish","type":"post","link":"https:\/\/www.bellunopress.it\/fr\/2026\/02\/27\/belluno-lo-scippo-delloro-azzurro-perche-la-nostra-acqua-arricchisce-milano-e-roma-di-enzo-de-biasi\/","title":{"rendered":"Belluno, lo scippo dell\u2019Oro Azzurro: perch\u00e9 la nostra acqua arricchisce Milano e Roma * di Enzo De Biasi"},"content":{"rendered":"<p><strong>Dai 400 milioni di metri cubi d\u2019invasi alle briciole della Regione: il tradimento del referendum 2017 e il giallo delle concessioni scadute<\/strong><\/p>\n<p><strong>Bilanci opachi e la farsa dei NO-LEP: cos\u00ec il Bellunese \u00e8 diventato un &#8220;pensionante in casa propria&#8221;, mentre i vicini autonomi incassano il triplo<\/strong><\/p>\n<p style=\"text-align: center;\">***<\/p>\n<p><strong>Cassaforte Belluno: chi tiene le chiavi dell\u2019oro blu? I numeri dello scippo<\/strong><\/p>\n<p>Il precedente articolo (link a fondo pagina) sulla gestione delle risorse idriche bellunesi ha superato in un amen le 20mila visualizzazioni. Un successo che non \u00e8 solo gloria digitale, ma il termometro di un\u2019esasperazione collettiva: i bellunesi hanno finalmente capito che l&#8217;acqua non \u00e8 \u201cdi tutti\u201d, ma \u00e8 una <strong>slot machine<\/strong> che paga sempre lo stesso giocatore.<\/p>\n<p>Questo dato trasforma il tema dell&#8217;oro azzurro nella &#8220;battaglia della dignit\u00e0: restituire a Belluno il diritto di decidere del proprio futuro\u201d. L\u2019obiettivo va colto e perseguito da chi aspira a guidare la Provincia prossimamente e, inoltre, da chi \u00e8 stato eletto a rappresentare i bellunesi a Venezia: l\u2019Assessore Dario Bond e i Consiglieri Silvia Callegaro -Fratelli d\u2019Italia- Alessandro Del Bianco-Partito Democratico, archiviando l&#8217;abitudine regionale consolidatasi nei decenni di guardare a Belluno come a un generoso distributore automatico senza fondo.<\/p>\n<p>Per trasparenza verso i lettori e precisione metodologica, si riportano i dati ufficiali estratti dal Registro Nazionale Dighe (agg. 2024) e dai Piani di Gestione del Distretto Idrografico delle Alpi Orientali (2021-2027<strong>), con <\/strong>siti strategici e principali attori privati che gestiscono l\u2019oro azzurro. Qui la tabella riassuntiva:<\/p>\n<table>\n<thead>\n<tr>\n<td><strong>Sito di &#8220;Stoccaggio&#8221;<\/strong><\/td>\n<td><strong>\u00a0<\/strong><\/td>\n<td><strong>Capacit\u00e0 Utile (mln m3)<\/strong><\/td>\n<td><strong>Concessionario \/ Operatore<\/strong><\/td>\n<\/tr>\n<\/thead>\n<tbody>\n<tr>\n<td><strong>Lago di Santa Croce<\/strong><\/td>\n<td><strong>\u00a0<\/strong><\/td>\n<td><strong>150,0<\/strong><\/td>\n<td>Enel Green Power<\/td>\n<\/tr>\n<tr>\n<td><strong>Pieve di Cadore (Sottocastello)<\/strong><\/td>\n<td><strong>\u00a0<\/strong><\/td>\n<td><strong>64,3<\/strong><\/td>\n<td>Enel Green Power<\/td>\n<\/tr>\n<tr>\n<td><strong>Lago del Corlo (Arsi\u00e8)<\/strong><\/td>\n<td><strong>\u00a0<\/strong><\/td>\n<td><strong>48,8<\/strong><\/td>\n<td>Enel Green Power<\/td>\n<\/tr>\n<tr>\n<td><strong>Lago del Mis (Sospirolo)<\/strong><\/td>\n<td><strong>\u00a0<\/strong><\/td>\n<td><strong>41,2<\/strong><\/td>\n<td>Enel Green Power<\/td>\n<\/tr>\n<tr>\n<td><strong>Lago di Centro Cadore<\/strong><\/td>\n<td><strong>\u00a0<\/strong><\/td>\n<td><strong>20,0<\/strong> (quota utile)<\/td>\n<td>Enel Green Power<\/td>\n<\/tr>\n<tr>\n<td><strong>Val Gallina e Pontesei<\/strong><\/td>\n<td><strong>\u00a0<\/strong><\/td>\n<td><strong>15,0<\/strong><\/td>\n<td>Enel Green Power<\/td>\n<\/tr>\n<tr>\n<td><strong>Altri invasi (Auronzo, Busche, Alleghe, ecc.)<\/strong><\/td>\n<td><strong>\u00a0<\/strong><\/td>\n<td><strong>40,0<\/strong><\/td>\n<td>Enel \/ A2A \/ Vari<\/td>\n<\/tr>\n<tr>\n<td><strong>Riserva di Sicurezza e Laminazione<\/strong><\/td>\n<td><strong>\u00a0<\/strong><\/td>\n<td><strong>20,7<\/strong><\/td>\n<td>Gestione Difesa Suolo (Regione)<\/td>\n<\/tr>\n<tr>\n<td><strong>TOTALE SISTEMA BELLUNO<\/strong><\/td>\n<td><strong>\u00a0<\/strong><\/td>\n<td><strong>400,0<\/strong><\/td>\n<td><strong>L&#8217;80% della riserva regionale<\/strong><\/td>\n<\/tr>\n<\/tbody>\n<\/table>\n<p>&nbsp;<\/p>\n<p><strong>Chi estrae il valore dell\u2019acqua\u00a0\u00a0<\/strong><\/p>\n<p>Se il territorio bellunese \u00e8 il generoso portatore d\u2019acqua, i grandi concessionari sono i veri <strong>beneficiari di questa rendita<\/strong>. La mappa del potere idroelettrico in provincia vede tre protagonisti principali:<\/p>\n<ol>\n<li><strong>Enel Green Power (<\/strong>spa <strong>statale):<\/strong> \u00c8 il dominatore assoluto. Gestisce l&#8217;asta principale del Piave e i bacini pi\u00f9 capienti (Santa Croce, Pieve di Cadore, Mis). La sola centrale di <strong>Soverzene<\/strong>, alimentata dai tunnel che arrivano dai grandi invasi, \u00e8 uno dei motori elettrici pi\u00f9 potenti del Nord Italia.<\/li>\n<li><strong>A2A:<\/strong> Il colosso lombardo (controllato dai<strong> Comuni di Milano e Brescia<\/strong>) ha una presenza storica e strategica in provincia, in particolare nell&#8217;area del <strong>Cordevole<\/strong>, gestendo una catena di centrali e bacini che trasformano la forza dei torrenti dolomitici in dividendi per le metropoli della pianura.<\/li>\n<li><strong>En&amp;En:<\/strong> Rappresenta la quota di investitori privati che, attraverso acquisizioni e nuove concessioni, si \u00e8 ritagliata uno spazio rilevante nella gestione delle acque bellunesi, confermando che Belluno \u00e8 un terreno di caccia estremamente profittevole per il capitale privato.<\/li>\n<\/ol>\n<p>Questi <strong>tre player<\/strong> estraggono complessivamente dal territorio provinciale una produzione stimata che oscilla tra i <strong>200 e i 250 milioni di euro l&#8217;anno<\/strong>. Una cifra calcolata sulla base dei GWh prodotti (dati <em>Terna 2023\/2024<\/em>) e del <em>Prezzo Unico Nazionale<\/em> dell&#8217;energia. Di fronte a questo fiume di denaro, il ritorno economico per il territorio bellunese appare come una serie di <strong>&#8220;briciole contabili&#8221;,<\/strong> un&#8217;ingiustizia che la politica regionale non sembra voler sanare nel prossimo bilancio 2026. Sulla miseranda ripartizione dei canoni idrici, decisa a Venezia, tra enti: regione, provincia, comuni, sulla sostanziale discriminazione negli introiti degli enti bellunesi con le Municipalit\u00e0 della Costa Veneta e altro ancora; cos\u00ec come -adesso- il focus diventa il <strong>\u201cche fare\u201d<\/strong> in previsione del prossimo rinnovo dell\u2019Amministrazione di Palazzo Piloni.<\/p>\n<p><strong><em>Oltre le dighe: il reticolo delle &#8220;derivazioni minori<\/em><\/strong><\/p>\n<p>Ma la pressione sulle risorse idriche bellunesi non si esaurisce con i grandi invasi sopra elencati. Se le dighe rappresentano la <strong>&#8220;batteria statica&#8221;<\/strong> del Veneto, esiste un prelievo dinamico e capillare che passa spesso sotto traccia: quello delle piccole derivazioni.<\/p>\n<p>Parliamo di un reticolo di oltre <em>250\/300 captazioni attive<\/em> che sfruttano ogni torrente e ruscello della provincia. Qui il meccanismo \u00e8 diverso: non c&#8217;\u00e8 <em>stoccaggio<\/em>, ma un prelievo continuo <em>&#8220;ad acqua fluente&#8221;.<\/em><\/p>\n<p>Mentre il valore dell&#8217;energia prodotta da questo reticolo di piccoli impianti sfiora i <strong>50 milioni di euro annui<\/strong> (valutazione basata sui dati di produzione GWh e prezzi medi di mercato), il territorio vede ritornare solo le briciole. Infatti, secondo le stime basate sui flussi dei canoni demaniali regionali, il gettito che queste micro-captazioni garantiscono a Venezia oscilla tra i <strong>6 e gli 8 milioni di euro l&#8217;anno<\/strong>. \u00c8 un paradosso contabile: <strong>il privato incassa<\/strong>, la <strong>Regione preleva il canone<\/strong> e Belluno resta con <strong>i torrenti in secca<\/strong>. E\u2019 la traduzione in salsa leghista dello slogan \u201c<strong>Paroni a Casa Nostra\u201d, <\/strong>stile referendum 2017<strong>. <\/strong>Si scopre cos\u00ec che la Lega lombarda, pi\u00f9 pragmatica e meno incline all&#8217;annuncite, ha saputo usare i poteri delle regioni ordinarie meglio di quella veneta, portando a casa leggi e canoni che a Venezia sembrano ancora fantascienza. l.r. Lombardia nr. 5\/2020 denominata <em>\u201clegge recupero idro-elettrico\u201d<\/em>, <em>i leghisti tra di loro si parlano? <\/em><\/p>\n<p><strong>Opacit\u00e0 del bilancio regionale, i rilievi della Corte dei conti e il rinnovo Concessioni \u00a0\u00a0<\/strong><\/p>\n<p>L\u2019analisi dell\u2019effettiva ricchezza prodotta dal territorio montano e la sua reale redistribuzione si scontra con una struttura di bilancio regionale che appare, nei fatti, come un <strong>&#8220;calderone&#8221;<\/strong> indistinto. Le entrate derivanti dall\u2019utilizzo dei beni comuni sono raggruppate sotto la voce generica <strong>&#8220;Proventi derivanti dalle concessioni sui beni del demanio idrico, marittimo e lacuale&#8221;<\/strong>.<\/p>\n<p>Questa aggregazione rende estremamente complesso isolare quanto effettivamente versato dai <em>grandi concessionari idroelettrici bellunesi<\/em> rispetto a quanto incassato, ad esempio, dalle <em>concessioni balneari<\/em>.<\/p>\n<p>L\u2019esame dei <strong>Referti di Parificazione<\/strong> emessi dalla <strong>Corte dei conti \u2013 Sezione Regionale di Controllo per il Veneto<\/strong> (con particolare riferimento alla <strong>Delibera n. 268\/2024\/PARI<\/strong> per l\u2019esercizio 2023 e alla successiva <strong>Delibera n. 111\/2025\/PARI<\/strong>), evidenzia criticit\u00e0 sistematiche:<\/p>\n<ol>\n<li><strong>Mancanza di Analiticit\u00e0:<\/strong> I magistrati contabili hanno pi\u00f9 volte richiamato l\u2019amministrazione regionale sulla necessit\u00e0 di una maggiore <strong>&#8220;analiticit\u00e0 delle entrate demaniali&#8221;<\/strong>. Nonostante il bilancio sia stato parificato, permane una difficolt\u00e0 strutturale nel tracciare la <em>provenienza geografica del gettito<\/em>.<\/li>\n<li><strong>Frammentazione Amministrativa:<\/strong> La gestione della riscossione \u00e8 parcellizzata tra diverse Unit\u00e0 Organizzative (<strong>Genio Civile<\/strong> per l\u2019idrico, <strong>Direzione Difesa del Suolo<\/strong> per il marittimo), il che rende il dato aggregato finale un numero <strong>&#8220;muto&#8221;<\/strong> che non racconta il sacrificio dei singoli territori.<\/li>\n<li><strong>Squilibrio di Spesa:<\/strong> Mentre le entrate idriche faticano a essere identificate per provincia, le <strong>uscite<\/strong> sono chiarissime. Il <strong>Capitolo 105152<\/strong> di spesa, ad esempio, certifica con precisione i milioni destinati ai ripascimenti e alla tutela dei litorali, creando un cortocircuito contabile dove l\u2019entrata \u00e8 opaca e l\u2019uscita (a favore della costa) \u00e8 invece cristallina.<\/li>\n<\/ol>\n<p>L\u2019opacit\u00e0 derivante dalla mancata specifica delle singole voci d\u2019entrata rappresenta oggi il principale ostacolo tecnico e politico a una <strong>perequata redistribuzione<\/strong> delle risorse. Questa <em>&#8220;nebbia contabile&#8221;<\/em> impedisce di dare il giusto peso al contrasto tra i territori che <strong>&#8220;portano soldi&#8221;<\/strong>, come la Provincia di Belluno, e territori che <strong>&#8220;assorbono risorse&#8221;<\/strong>, come la Costa Adriatica.<\/p>\n<p>Senza trasparenza sui capitoli d&#8217;entrata, la <strong>&#8220;specificit\u00e0 bellunese&#8221;<\/strong> rester\u00e0 un guscio vuoto, privo della linfa finanziaria necessaria per la sua sopravvivenza.\u00a0 L\u2019analisi evidenzia le difficolt\u00e0 tecniche e contabili nel tracciare le entrate regionali, supportando la tesi sulla necessit\u00e0 di maggiore trasparenza.<\/p>\n<p><strong>Le Concessioni: L&#8217;Affittuario che fa il Padrone<\/strong><\/p>\n<p>L\u2019ultimo capitolo di questa farsa riguarda il rinnovo delle concessioni demaniali scadute. Parliamo dei \u201cCustodi-Padroni\u201d del bene idrografico. In un mondo normale, la concessione \u00e8 un contratto d&#8217;affitto a termine: io, ente pubblico, ti permetto di lucrare su un bene che \u00e8 mio per dieci o vent&#8217;anni. Scaduto il termine, ti ringrazio, riprendo le chiavi e rimetto il bene sul mercato al miglior offerente. Semplice, no?\u00a0 In Italia, invece, i Governanti (di ogni colore e latitudine) soffrono di una curiosa \u201csindrome di Stoccolma\u201d \u00a0verso i concessionari. Invece di fare il bene della collettivit\u00e0, si prostrano ai piedi dei vari colossi. Perch\u00e9? Perch\u00e9 lo Stato \u00e8 un&#8217;entit\u00e0 astratta che non vota, mentre i consigli d&#8217;amministrazione delle multinazionali e l&#8217;indotto dei concessionari hanno una memoria elettorale lunghissima e una gratitudine che si esprime nelle urne.\u00a0 Mentre i politici blaterano, cianciano, cicalano di \u201cParoni a casa nostra\u201d, nei fatti hanno trasformato il Veneto nel salotto di casa degli altri, dove <strong>l&#8217;elettorato bellunese<\/strong> <strong>applaude <\/strong>mentre gli sfilano<strong> il portafoglio dai pantaloni<\/strong>.<\/p>\n<p><strong>Dal Referendum Tradito alla Bolkestein: Il Grande Inganno <\/strong><\/p>\n<p>Non possiamo dimenticare la premessa storica di questo paradosso: il Referendum per l\u2019Autonomia di Belluno <strong>del 2017<\/strong>. In quella sede, i cittadini bellunesi espressero un mandato chiarissimo: non una semplice delega amministrativa, ma il diritto di gestire le proprie risorse <strong>(in primis l\u2019acqua)<\/strong> per fermare il declino della montagna. Quel voto, che doveva essere il grimaldello per scardinare <strong>il centralismo veneziano<\/strong>, \u00e8 finito in un cassetto, sostituito da una &#8220;specificit\u00e0&#8221; sulla carta che non ha spostato un euro dai dividendi delle multinazionali alle tasche dei bellunesi. Ed \u00e8 qui che si innesta il tema della Direttiva Bolkestein e della libera concorrenza.<\/p>\n<p>Mentre i nostri politici si stracciavano le vesti a Bruxelles per &#8220;difendere l&#8217;italianit\u00e0&#8221; degli ombrelloni, a Roma e Venezia si lavorava per congelare le Grandi Concessioni Idroelettriche. La logica della libera concorrenza, che l&#8217;Europa ci impone con il Ddl Concorrenza, sarebbe la nostra pi\u00f9 grande opportunit\u00e0: rimettere a gara i nostri invasi significherebbe obbligare chi vuole la nostra acqua a pagare canoni attuali (e non quelli dell&#8217;anteguerra) e a investire seriamente sul territorio.<\/p>\n<p>Invece, abbiamo assistito al <em>&#8220;connubio d&#8217;interessi Veneto-Romagna<\/em>&#8220;: una melina legislativa infinita fatta di proroghe, ricorsi e decreti <strong>&#8220;salva-concessionari<\/strong>&#8220;. Si \u00e8 usato il destino dei balneari come scudo umano per proteggere il vero tesoro: le turbine in montagna. Il risultato? Mentre la concorrenza viene bloccata in nome di una <strong>finta difesa del territorio<\/strong>, i profitti dell&#8217;oro azzurro continuano a prendere la via di Milano o Roma, lasciando a Belluno l&#8217;onere della manutenzione e il rischio idrogeologico.<\/p>\n<p><strong>Il Paradosso dei Confini: Quanto vale l&#8217;acqua degli altri?<\/strong><\/p>\n<p>Per capire l&#8217;abisso che ci separa dai vicini, basta guardare i bilanci delle Province Autonome di Trento e Bolzano e delle regioni ordinarie confinanti.<\/p>\n<table>\n<thead>\n<tr>\n<td><strong>Ente Territoriale<\/strong><\/td>\n<td><strong>Incasso Canoni Idrici (Stima 2023\/24)<\/strong><\/td>\n<td><strong>Note sul &#8220;Trattamento&#8221;<\/strong><\/td>\n<\/tr>\n<\/thead>\n<tbody>\n<tr>\n<td><strong>Provincia Autonoma di Bolzano<\/strong><\/td>\n<td><strong>~100 &#8211; 120 Milioni \u20ac<\/strong><\/td>\n<td>Trattengono il 100% dei canoni. Ai Comuni va almeno il <strong>50% (72% se ospitano centrali).<\/strong><\/td>\n<\/tr>\n<tr>\n<td><strong>Provincia Autonoma di Trento<\/strong><\/td>\n<td><strong>~90 &#8211; 110 Milioni \u20ac<\/strong><\/td>\n<td>Gestione diretta tramite Hydro Dolomiti Energia: partecipata pubblica<strong>.<\/strong><\/td>\n<\/tr>\n<tr>\n<td><strong>Regione Lombardia<\/strong><\/td>\n<td><strong>~75 &#8211; 85 Milioni \u20ac<\/strong><\/td>\n<td>Ha gi\u00e0 avviato la riassegnazione di 60 concessioni per <strong>massimizzare<\/strong> le entrate<strong>.<\/strong><\/td>\n<\/tr>\n<tr>\n<td><strong>Regione Piemonte<\/strong><\/td>\n<td><strong>~65 &#8211; 70 Milioni \u20ac<\/strong><\/td>\n<td>Tariffe aggiornate con componenti fisse e variabili basate sulla <strong>produzione reale.<\/strong><\/td>\n<\/tr>\n<tr>\n<td><strong>Regione Veneto (e Belluno)<\/strong><\/td>\n<td><strong>32 Milioni \u20ac <\/strong><\/td>\n<td><strong>Gli &#8220;sfigati&#8221; <\/strong>che incassano briciole<strong>, <\/strong>girate ad <strong>\u201candamento lento\u201d <\/strong>a BL<strong> 16 milioni <\/strong><\/td>\n<\/tr>\n<\/tbody>\n<\/table>\n<p>&nbsp;<\/p>\n<p><strong>Perch\u00e9 loro incassano e noi no?<\/strong><\/p>\n<ol>\n<li><strong>L&#8217;Autonomia di Bolzano<\/strong> (S\u00fcdtirol): Qui l&#8217;energia non \u00e8 solo una bolletta, \u00e8 sovranit\u00e0. La Provincia di Bolzano incassa tariffe altissime e ha imposto per legge che i concessionari (spesso societ\u00e0 partecipate dalla Provincia stessa come <strong>Alperia<\/strong>, che ha rilevato molti asset da Enel) restituiscano al territorio investimenti ambientali massicci. A Bolzano, il canone idrico non \u00e8 un <strong>&#8220;affitto&#8221; simbolico\u201d<\/strong>, \u00e8 la restituzione di una ricchezza. Solo per i Comuni altoatesini vengono ripartiti ogni anno circa 11 milioni di euro di extra-canone (delibera 2023).<\/li>\n<li>Il <strong>Modello Trento<\/strong>: Qui il concessionario principale \u00e8 <strong>Hydro Dolomiti<\/strong> Energia. Essendo la Provincia proprietaria dell&#8217;azienda che gestisce le dighe, il guadagno <strong>non vola a Roma<\/strong> nei bilanci Enel, ma resta in Trentino sotto forma di dividendi e canoni di concessione che superano i 100 milioni l&#8217;anno.<\/li>\n<li><strong>Il &#8220;Caso Lombardia<\/strong>&#8220;: Anche senza essere a statuto speciale, la Lombardia si \u00e8 mossa con il Ddl Concorrenza <strong>per rimettere a gara le concessioni scadute<\/strong>, puntando a canoni che rispecchino il valore reale del PUN (Prezzo Unico Nazionale) odierno, non le tariffe <strong>&#8220;congelate&#8221; degli anni &#8217;90\u201d. <\/strong><\/li>\n<\/ol>\n<p><strong>Serve una scossa, non un sonnellino di durata ventennale modello Luca Zaia<\/strong><\/p>\n<p>Se la &#8220;specificit\u00e0 bellunese&#8221; vuole smettere di essere un <b>fondale di cartone<\/b>, la nuova amministrazione di Palazzo Piloni deve partire da qui: esigere che la fine del regime delle proroghe diventi realt\u00e0. Non \u00e8 &#8220;svendita&#8221; all&#8217;Europa, \u00e8 l&#8217;unico modo per rompere il monopolio che ha ridotto Belluno a un Bancomat. I 400 milioni di metri cubi d&#8217;acqua sono del territorio, il referendum del 2017 ce lo ha ricordato. \u00c8 tempo che anche la politica smetta di fare l&#8217;affittuaria compiacente e torni a fare la padrona di casa.<\/p>\n<p>Intanto che il Governatore Zaia giustamente denunciava nel 2017 la disparit\u00e0 dei trasferimenti statali tra Veneto e Trentino-Alto Adige, ci si \u00e8 &#8216;dimenticati&#8217; di dire che sulla partita dell&#8217;acqua siamo rimasti i \u201cpolentoni\u201d d&#8217;Europa. Mentre i vicini di Bolzano incassano oltre 100 milioni e li distribuiscono capillarmente ai loro Comuni di montagna, Belluno deve accontentarsi di un &#8216;obolo&#8217; di 16 milioni, versato con i tempi di una lumaca ferita.<\/p>\n<p>Siamo passati dalla <strong>pubblicit\u00e0<\/strong> <strong>regresso<\/strong> \u201cNo Tasse a Roma Ladrona\u201d al \u201cPensionanti a casa d&#8217;altri: Roma e Milano\u201d, ospiti di basso conio. Nonostante oggi siamo tutti \u201cstudiati e imparati\u201d&#8217;, continuiamo a permettere che i grandi concessionari (che altrove pagano profumatamente) qui godano di un trattamento di favore che sa di beffa. Il referendum del 2017 non chiedeva pacche sulle spalle, ma la dignit\u00e0 finanziaria che i nostri vicini autonomi esercitano ogni giorno, mentre noi restiamo a guardare l&#8217;acqua che scorre verso la pianura portando con s\u00e9 la nostra ricchezza. Infine, Calderoli e Zaia hanno firmato il 18 novembre dell\u2019anno scorso una \u201ccartelletta di farfalline\u201d sono rimasti nella casse dello Stato <strong>18 miliardi<\/strong> di \u20ac per le 23 materie regionalizzate dagli uffici della Ragioneria Generale e dalla Corte dei conti.<\/p>\n<p>Mentre Palazzo Balbi e Palazzo Piloni continuano a guardarsi allo specchio, la realt\u00e0 \u00e8 scolpita nei fatti: il Veneto a trazione leghista \u00e8 in lista d\u2019attesa per l\u2019Autonomia Differenziata dai tempi del Governo Berlusconi <strong>(2008-2011<\/strong>). Luca Zaia, allora Ministro dell\u2019Agricoltura e dal 2010 Presidente indiscusso, non \u00e8 riuscito a scardinare il centralismo energetico che \u00a0affama Belluno. Dopo quindici anni di annunci, il bilancio per Belluno \u00e8 desolante: <strong>zero competenze reali sull&#8217;acqua e zero autonomia finanziaria.<\/strong><\/p>\n<p>Si scopre cos\u00ec che persino la Lega lombarda, pi\u00f9 pragmatica e meno incline <strong>all&#8217;annuncite<\/strong>, ha saputo usare i poteri delle <strong>regioni ordinarie<\/strong> meglio di quella veneta, portando a casa leggi e canoni che a Venezia sembrano ancora fantascienza. Siamo passati dai proclami di sovranit\u00e0 alle &#8216;cartellette di farfalline&#8217; dei NO-LEP, mentre il popolo sovrano continua a degustare spritz, ignaro che il ghiaccio nel bicchiere \u00e8 l&#8217;unica risorsa idrica che gli \u00e8 rimasta.<\/p>\n<p>27 febbraio 2026\u00a0\u00a0\u00a0\u00a0\u00a0 \u00a0Enzo De Biasi<\/p>\n<p><a href=\"https:\/\/www.bellunopress.it\/fr\/2026\/02\/16\/provincia-di-belluno-bancomat-idrico-del-veneto-attende-da-12-anni-la-sua-specificita-di-enzo-de-biasi\/\">Belluno Bancomat Idrico 01<\/a> del 16 febbraio<\/p>\n<p><a href=\"https:\/\/www.bellunopress.it\/fr\/2026\/02\/22\/belluno-il-caveau-delloro-azzurro-autonomia-tradita-la-sabbia-vale-piu-dellacqua-di-enzo-de-biasi\/\">Belluno Bancomat Idrico 02<\/a> del 22 febbraio<\/p>\n<p><a href=\"https:\/\/www.bellunopress.it\/fr\/2026\/02\/27\/belluno-lo-scippo-delloro-azzurro-perche-la-nostra-acqua-arricchisce-milano-e-bolzano-di-enzo-de-biasi\/\">Belluno Bancomat Idrico 03<\/a>\u00a0 del 27 febbraio<\/p>\n<p>&nbsp;<\/p>\n<p>&nbsp;<\/p>\n<p>&nbsp;<\/p>\n<p>&nbsp;<\/p>\n<p>&nbsp;<\/p>","protected":false},"excerpt":{"rendered":"<p>Dai 400 milioni di metri cubi d\u2019invasi alle briciole della Regione: il tradimento del referendum 2017 e il giallo delle concessioni scadute Bilanci opachi e la farsa dei NO-LEP: cos\u00ec il Bellunese \u00e8 diventato un &#8220;pensionante in casa propria&#8221;, mentre i vicini autonomi incassano il triplo *** Cassaforte Belluno: chi tiene le chiavi dell\u2019oro blu? [&hellip;]<\/p>\n","protected":false},"author":2,"featured_media":167768,"comment_status":"closed","ping_status":"open","sticky":false,"template":"","format":"standard","meta":{"footnotes":""},"categories":[5,3446,26],"tags":[],"class_list":["post-167767","post","type-post","status-publish","format-standard","has-post-thumbnail","category-cronaca","category-featured","category-prima-pagina"],"yoast_head":"<!-- This site is optimized with the Yoast SEO plugin v28.4 - https:\/\/yoast.com\/product\/yoast-seo-wordpress\/ -->\n<title>Belluno, lo scippo dell\u2019Oro Azzurro: perch\u00e9 la nostra acqua arricchisce Milano e Roma * di Enzo De Biasi - Bellunopress - Dolomiti<\/title>\n<meta name=\"robots\" content=\"index, follow, max-snippet:-1, max-image-preview:large, max-video-preview:-1\" \/>\n<link rel=\"canonical\" href=\"https:\/\/www.bellunopress.it\/fr\/2026\/02\/27\/belluno-lo-scippo-delloro-azzurro-perche-la-nostra-acqua-arricchisce-milano-e-roma-di-enzo-de-biasi\/\" \/>\n<meta property=\"og:locale\" content=\"fr_FR\" \/>\n<meta property=\"og:type\" content=\"article\" \/>\n<meta property=\"og:title\" content=\"Belluno, lo scippo dell\u2019Oro Azzurro: perch\u00e9 la nostra acqua arricchisce Milano e Roma * di Enzo De Biasi - Bellunopress - Dolomiti\" \/>\n<meta property=\"og:description\" content=\"Dai 400 milioni di metri cubi d\u2019invasi alle briciole della Regione: il tradimento del referendum 2017 e il giallo delle concessioni scadute Bilanci opachi e la farsa dei NO-LEP: cos\u00ec il Bellunese \u00e8 diventato un &#8220;pensionante in casa propria&#8221;, mentre i vicini autonomi incassano il triplo *** Cassaforte Belluno: chi tiene le chiavi dell\u2019oro blu? [&hellip;]\" \/>\n<meta property=\"og:url\" content=\"https:\/\/www.bellunopress.it\/fr\/2026\/02\/27\/belluno-lo-scippo-delloro-azzurro-perche-la-nostra-acqua-arricchisce-milano-e-roma-di-enzo-de-biasi\/\" \/>\n<meta property=\"og:site_name\" content=\"Bellunopress - Dolomiti\" \/>\n<meta property=\"article:publisher\" content=\"https:\/\/www.facebook.com\/profile.php?id=100008943462799\" \/>\n<meta property=\"article:published_time\" content=\"2026-02-27T21:29:14+00:00\" \/>\n<meta property=\"article:modified_time\" content=\"2026-03-02T18:36:42+00:00\" \/>\n<meta property=\"og:image\" content=\"https:\/\/www.bellunopress.it\/wp-content\/uploads\/2026\/02\/lago-del-mis.jpg\" \/>\n\t<meta property=\"og:image:width\" content=\"600\" \/>\n\t<meta property=\"og:image:height\" content=\"450\" \/>\n\t<meta property=\"og:image:type\" content=\"image\/jpeg\" \/>\n<meta name=\"author\" content=\"redazione\" \/>\n<meta name=\"twitter:card\" content=\"summary_large_image\" \/>\n<meta name=\"twitter:creator\" content=\"@bellunopress\" \/>\n<meta name=\"twitter:site\" content=\"@bellunopress\" \/>\n<meta name=\"twitter:label1\" content=\"\u00c9crit par\" \/>\n\t<meta name=\"twitter:data1\" content=\"redazione\" \/>\n\t<meta name=\"twitter:label2\" content=\"Dur\u00e9e de lecture estim\u00e9e\" \/>\n\t<meta name=\"twitter:data2\" content=\"12 minutes\" \/>\n<script type=\"application\/ld+json\" class=\"yoast-schema-graph\">{\"@context\":\"https:\\\/\\\/schema.org\",\"@graph\":[{\"@type\":\"Article\",\"@id\":\"https:\\\/\\\/www.bellunopress.it\\\/2026\\\/02\\\/27\\\/belluno-lo-scippo-delloro-azzurro-perche-la-nostra-acqua-arricchisce-milano-e-roma-di-enzo-de-biasi\\\/#article\",\"isPartOf\":{\"@id\":\"https:\\\/\\\/www.bellunopress.it\\\/2026\\\/02\\\/27\\\/belluno-lo-scippo-delloro-azzurro-perche-la-nostra-acqua-arricchisce-milano-e-roma-di-enzo-de-biasi\\\/\"},\"author\":{\"name\":\"redazione\",\"@id\":\"https:\\\/\\\/www.bellunopress.it\\\/#\\\/schema\\\/person\\\/79bb06722b37ece1c03d3e94beb30d73\"},\"headline\":\"Belluno, lo scippo dell\u2019Oro Azzurro: perch\u00e9 la nostra acqua arricchisce Milano e Roma * di Enzo De Biasi\",\"datePublished\":\"2026-02-27T21:29:14+00:00\",\"dateModified\":\"2026-03-02T18:36:42+00:00\",\"mainEntityOfPage\":{\"@id\":\"https:\\\/\\\/www.bellunopress.it\\\/2026\\\/02\\\/27\\\/belluno-lo-scippo-delloro-azzurro-perche-la-nostra-acqua-arricchisce-milano-e-roma-di-enzo-de-biasi\\\/\"},\"wordCount\":2427,\"publisher\":{\"@id\":\"https:\\\/\\\/www.bellunopress.it\\\/#organization\"},\"image\":{\"@id\":\"https:\\\/\\\/www.bellunopress.it\\\/2026\\\/02\\\/27\\\/belluno-lo-scippo-delloro-azzurro-perche-la-nostra-acqua-arricchisce-milano-e-roma-di-enzo-de-biasi\\\/#primaryimage\"},\"thumbnailUrl\":\"https:\\\/\\\/www.bellunopress.it\\\/wp-content\\\/uploads\\\/2026\\\/02\\\/lago-del-mis.jpg\",\"articleSection\":[\"Cronaca\\\/Politica\",\"Featured\",\"Prima Pagina\"],\"inLanguage\":\"fr-FR\"},{\"@type\":\"WebPage\",\"@id\":\"https:\\\/\\\/www.bellunopress.it\\\/2026\\\/02\\\/27\\\/belluno-lo-scippo-delloro-azzurro-perche-la-nostra-acqua-arricchisce-milano-e-roma-di-enzo-de-biasi\\\/\",\"url\":\"https:\\\/\\\/www.bellunopress.it\\\/2026\\\/02\\\/27\\\/belluno-lo-scippo-delloro-azzurro-perche-la-nostra-acqua-arricchisce-milano-e-roma-di-enzo-de-biasi\\\/\",\"name\":\"Belluno, lo scippo dell\u2019Oro Azzurro: perch\u00e9 la nostra acqua arricchisce Milano e Roma * di Enzo De Biasi - Bellunopress - Dolomiti\",\"isPartOf\":{\"@id\":\"https:\\\/\\\/www.bellunopress.it\\\/#website\"},\"primaryImageOfPage\":{\"@id\":\"https:\\\/\\\/www.bellunopress.it\\\/2026\\\/02\\\/27\\\/belluno-lo-scippo-delloro-azzurro-perche-la-nostra-acqua-arricchisce-milano-e-roma-di-enzo-de-biasi\\\/#primaryimage\"},\"image\":{\"@id\":\"https:\\\/\\\/www.bellunopress.it\\\/2026\\\/02\\\/27\\\/belluno-lo-scippo-delloro-azzurro-perche-la-nostra-acqua-arricchisce-milano-e-roma-di-enzo-de-biasi\\\/#primaryimage\"},\"thumbnailUrl\":\"https:\\\/\\\/www.bellunopress.it\\\/wp-content\\\/uploads\\\/2026\\\/02\\\/lago-del-mis.jpg\",\"datePublished\":\"2026-02-27T21:29:14+00:00\",\"dateModified\":\"2026-03-02T18:36:42+00:00\",\"breadcrumb\":{\"@id\":\"https:\\\/\\\/www.bellunopress.it\\\/2026\\\/02\\\/27\\\/belluno-lo-scippo-delloro-azzurro-perche-la-nostra-acqua-arricchisce-milano-e-roma-di-enzo-de-biasi\\\/#breadcrumb\"},\"inLanguage\":\"fr-FR\",\"potentialAction\":[{\"@type\":\"ReadAction\",\"target\":[\"https:\\\/\\\/www.bellunopress.it\\\/2026\\\/02\\\/27\\\/belluno-lo-scippo-delloro-azzurro-perche-la-nostra-acqua-arricchisce-milano-e-roma-di-enzo-de-biasi\\\/\"]}]},{\"@type\":\"ImageObject\",\"inLanguage\":\"fr-FR\",\"@id\":\"https:\\\/\\\/www.bellunopress.it\\\/2026\\\/02\\\/27\\\/belluno-lo-scippo-delloro-azzurro-perche-la-nostra-acqua-arricchisce-milano-e-roma-di-enzo-de-biasi\\\/#primaryimage\",\"url\":\"https:\\\/\\\/www.bellunopress.it\\\/wp-content\\\/uploads\\\/2026\\\/02\\\/lago-del-mis.jpg\",\"contentUrl\":\"https:\\\/\\\/www.bellunopress.it\\\/wp-content\\\/uploads\\\/2026\\\/02\\\/lago-del-mis.jpg\",\"width\":600,\"height\":450,\"caption\":\"Lago del Mis (Belluno)\"},{\"@type\":\"BreadcrumbList\",\"@id\":\"https:\\\/\\\/www.bellunopress.it\\\/2026\\\/02\\\/27\\\/belluno-lo-scippo-delloro-azzurro-perche-la-nostra-acqua-arricchisce-milano-e-roma-di-enzo-de-biasi\\\/#breadcrumb\",\"itemListElement\":[{\"@type\":\"ListItem\",\"position\":1,\"name\":\"Home\",\"item\":\"https:\\\/\\\/www.bellunopress.it\\\/\"},{\"@type\":\"ListItem\",\"position\":2,\"name\":\"Belluno, lo scippo dell\u2019Oro Azzurro: perch\u00e9 la nostra acqua arricchisce Milano e Roma * di Enzo De Biasi\"}]},{\"@type\":\"WebSite\",\"@id\":\"https:\\\/\\\/www.bellunopress.it\\\/#website\",\"url\":\"https:\\\/\\\/www.bellunopress.it\\\/\",\"name\":\"Bellunopress - Dolomiti\",\"description\":\"e-mail: redazione@bellunopress.it\",\"publisher\":{\"@id\":\"https:\\\/\\\/www.bellunopress.it\\\/#organization\"},\"potentialAction\":[{\"@type\":\"SearchAction\",\"target\":{\"@type\":\"EntryPoint\",\"urlTemplate\":\"https:\\\/\\\/www.bellunopress.it\\\/?s={search_term_string}\"},\"query-input\":{\"@type\":\"PropertyValueSpecification\",\"valueRequired\":true,\"valueName\":\"search_term_string\"}}],\"inLanguage\":\"fr-FR\"},{\"@type\":\"Organization\",\"@id\":\"https:\\\/\\\/www.bellunopress.it\\\/#organization\",\"name\":\"Bellunopress\",\"url\":\"https:\\\/\\\/www.bellunopress.it\\\/\",\"logo\":{\"@type\":\"ImageObject\",\"inLanguage\":\"fr-FR\",\"@id\":\"https:\\\/\\\/www.bellunopress.it\\\/#\\\/schema\\\/logo\\\/image\\\/\",\"url\":\"https:\\\/\\\/www.bellunopress.it\\\/wp-content\\\/uploads\\\/2011\\\/05\\\/cropped-logo-bellunopress-.jpg\",\"contentUrl\":\"https:\\\/\\\/www.bellunopress.it\\\/wp-content\\\/uploads\\\/2011\\\/05\\\/cropped-logo-bellunopress-.jpg\",\"width\":512,\"height\":512,\"caption\":\"Bellunopress\"},\"image\":{\"@id\":\"https:\\\/\\\/www.bellunopress.it\\\/#\\\/schema\\\/logo\\\/image\\\/\"},\"sameAs\":[\"https:\\\/\\\/www.facebook.com\\\/profile.php?id=100008943462799\",\"https:\\\/\\\/x.com\\\/bellunopress\",\"https:\\\/\\\/www.linkedin.com\\\/hp\\\/?dnr=JBzUWaJfMUw8vbXJJ2tVW5-I3jZKvC4wsoxE&amp;amp;amp;amp;amp;amp;trk=nav_responsive_tab_home\",\"https:\\\/\\\/www.youtube.com\\\/channel\\\/UCxL0wu1uN0_3_7hGG0306cw\"]},{\"@type\":\"Person\",\"@id\":\"https:\\\/\\\/www.bellunopress.it\\\/#\\\/schema\\\/person\\\/79bb06722b37ece1c03d3e94beb30d73\",\"name\":\"redazione\",\"image\":{\"@type\":\"ImageObject\",\"inLanguage\":\"fr-FR\",\"@id\":\"https:\\\/\\\/secure.gravatar.com\\\/avatar\\\/37d968a2e67a6fd04c169c4bdef102d0bc5d31b2546345219e348575eb80e9a0?s=96&d=mm&r=g\",\"url\":\"https:\\\/\\\/secure.gravatar.com\\\/avatar\\\/37d968a2e67a6fd04c169c4bdef102d0bc5d31b2546345219e348575eb80e9a0?s=96&d=mm&r=g\",\"contentUrl\":\"https:\\\/\\\/secure.gravatar.com\\\/avatar\\\/37d968a2e67a6fd04c169c4bdef102d0bc5d31b2546345219e348575eb80e9a0?s=96&d=mm&r=g\",\"caption\":\"redazione\"},\"sameAs\":[\"http:\\\/\\\/www.bellunopress.it\",\"https:\\\/\\\/x.com\\\/bellunopress\"],\"url\":\"https:\\\/\\\/www.bellunopress.it\\\/fr\\\/author\\\/redazione\\\/\"}]}<\/script>\n<!-- \/ Yoast SEO plugin. -->","yoast_head_json":{"title":"Belluno, lo scippo dell\u2019Oro Azzurro: perch\u00e9 la nostra acqua arricchisce Milano e Roma * di Enzo De Biasi - Bellunopress - Dolomiti","robots":{"index":"index","follow":"follow","max-snippet":"max-snippet:-1","max-image-preview":"max-image-preview:large","max-video-preview":"max-video-preview:-1"},"canonical":"https:\/\/www.bellunopress.it\/fr\/2026\/02\/27\/belluno-lo-scippo-delloro-azzurro-perche-la-nostra-acqua-arricchisce-milano-e-roma-di-enzo-de-biasi\/","og_locale":"fr_FR","og_type":"article","og_title":"Belluno, lo scippo dell\u2019Oro Azzurro: perch\u00e9 la nostra acqua arricchisce Milano e Roma * di Enzo De Biasi - Bellunopress - Dolomiti","og_description":"Dai 400 milioni di metri cubi d\u2019invasi alle briciole della Regione: il tradimento del referendum 2017 e il giallo delle concessioni scadute Bilanci opachi e la farsa dei NO-LEP: cos\u00ec il Bellunese \u00e8 diventato un &#8220;pensionante in casa propria&#8221;, mentre i vicini autonomi incassano il triplo *** Cassaforte Belluno: chi tiene le chiavi dell\u2019oro blu? [&hellip;]","og_url":"https:\/\/www.bellunopress.it\/fr\/2026\/02\/27\/belluno-lo-scippo-delloro-azzurro-perche-la-nostra-acqua-arricchisce-milano-e-roma-di-enzo-de-biasi\/","og_site_name":"Bellunopress - Dolomiti","article_publisher":"https:\/\/www.facebook.com\/profile.php?id=100008943462799","article_published_time":"2026-02-27T21:29:14+00:00","article_modified_time":"2026-03-02T18:36:42+00:00","og_image":[{"width":600,"height":450,"url":"https:\/\/www.bellunopress.it\/wp-content\/uploads\/2026\/02\/lago-del-mis.jpg","type":"image\/jpeg"}],"author":"redazione","twitter_card":"summary_large_image","twitter_creator":"@bellunopress","twitter_site":"@bellunopress","twitter_misc":{"\u00c9crit par":"redazione","Dur\u00e9e de lecture estim\u00e9e":"12 minutes"},"schema":{"@context":"https:\/\/schema.org","@graph":[{"@type":"Article","@id":"https:\/\/www.bellunopress.it\/2026\/02\/27\/belluno-lo-scippo-delloro-azzurro-perche-la-nostra-acqua-arricchisce-milano-e-roma-di-enzo-de-biasi\/#article","isPartOf":{"@id":"https:\/\/www.bellunopress.it\/2026\/02\/27\/belluno-lo-scippo-delloro-azzurro-perche-la-nostra-acqua-arricchisce-milano-e-roma-di-enzo-de-biasi\/"},"author":{"name":"redazione","@id":"https:\/\/www.bellunopress.it\/#\/schema\/person\/79bb06722b37ece1c03d3e94beb30d73"},"headline":"Belluno, lo scippo dell\u2019Oro Azzurro: perch\u00e9 la nostra acqua arricchisce Milano e Roma * di Enzo De Biasi","datePublished":"2026-02-27T21:29:14+00:00","dateModified":"2026-03-02T18:36:42+00:00","mainEntityOfPage":{"@id":"https:\/\/www.bellunopress.it\/2026\/02\/27\/belluno-lo-scippo-delloro-azzurro-perche-la-nostra-acqua-arricchisce-milano-e-roma-di-enzo-de-biasi\/"},"wordCount":2427,"publisher":{"@id":"https:\/\/www.bellunopress.it\/#organization"},"image":{"@id":"https:\/\/www.bellunopress.it\/2026\/02\/27\/belluno-lo-scippo-delloro-azzurro-perche-la-nostra-acqua-arricchisce-milano-e-roma-di-enzo-de-biasi\/#primaryimage"},"thumbnailUrl":"https:\/\/www.bellunopress.it\/wp-content\/uploads\/2026\/02\/lago-del-mis.jpg","articleSection":["Cronaca\/Politica","Featured","Prima Pagina"],"inLanguage":"fr-FR"},{"@type":"WebPage","@id":"https:\/\/www.bellunopress.it\/2026\/02\/27\/belluno-lo-scippo-delloro-azzurro-perche-la-nostra-acqua-arricchisce-milano-e-roma-di-enzo-de-biasi\/","url":"https:\/\/www.bellunopress.it\/2026\/02\/27\/belluno-lo-scippo-delloro-azzurro-perche-la-nostra-acqua-arricchisce-milano-e-roma-di-enzo-de-biasi\/","name":"Belluno, lo scippo dell\u2019Oro Azzurro: perch\u00e9 la nostra acqua arricchisce Milano e Roma * di Enzo De Biasi - Bellunopress - Dolomiti","isPartOf":{"@id":"https:\/\/www.bellunopress.it\/#website"},"primaryImageOfPage":{"@id":"https:\/\/www.bellunopress.it\/2026\/02\/27\/belluno-lo-scippo-delloro-azzurro-perche-la-nostra-acqua-arricchisce-milano-e-roma-di-enzo-de-biasi\/#primaryimage"},"image":{"@id":"https:\/\/www.bellunopress.it\/2026\/02\/27\/belluno-lo-scippo-delloro-azzurro-perche-la-nostra-acqua-arricchisce-milano-e-roma-di-enzo-de-biasi\/#primaryimage"},"thumbnailUrl":"https:\/\/www.bellunopress.it\/wp-content\/uploads\/2026\/02\/lago-del-mis.jpg","datePublished":"2026-02-27T21:29:14+00:00","dateModified":"2026-03-02T18:36:42+00:00","breadcrumb":{"@id":"https:\/\/www.bellunopress.it\/2026\/02\/27\/belluno-lo-scippo-delloro-azzurro-perche-la-nostra-acqua-arricchisce-milano-e-roma-di-enzo-de-biasi\/#breadcrumb"},"inLanguage":"fr-FR","potentialAction":[{"@type":"ReadAction","target":["https:\/\/www.bellunopress.it\/2026\/02\/27\/belluno-lo-scippo-delloro-azzurro-perche-la-nostra-acqua-arricchisce-milano-e-roma-di-enzo-de-biasi\/"]}]},{"@type":"ImageObject","inLanguage":"fr-FR","@id":"https:\/\/www.bellunopress.it\/2026\/02\/27\/belluno-lo-scippo-delloro-azzurro-perche-la-nostra-acqua-arricchisce-milano-e-roma-di-enzo-de-biasi\/#primaryimage","url":"https:\/\/www.bellunopress.it\/wp-content\/uploads\/2026\/02\/lago-del-mis.jpg","contentUrl":"https:\/\/www.bellunopress.it\/wp-content\/uploads\/2026\/02\/lago-del-mis.jpg","width":600,"height":450,"caption":"Lago del Mis (Belluno)"},{"@type":"BreadcrumbList","@id":"https:\/\/www.bellunopress.it\/2026\/02\/27\/belluno-lo-scippo-delloro-azzurro-perche-la-nostra-acqua-arricchisce-milano-e-roma-di-enzo-de-biasi\/#breadcrumb","itemListElement":[{"@type":"ListItem","position":1,"name":"Home","item":"https:\/\/www.bellunopress.it\/"},{"@type":"ListItem","position":2,"name":"Belluno, lo scippo dell\u2019Oro Azzurro: perch\u00e9 la nostra acqua arricchisce Milano e Roma * di Enzo De Biasi"}]},{"@type":"WebSite","@id":"https:\/\/www.bellunopress.it\/#website","url":"https:\/\/www.bellunopress.it\/","name":"Bellunopress - Dolomiti","description":"e-mail: redazione@bellunopress.it","publisher":{"@id":"https:\/\/www.bellunopress.it\/#organization"},"potentialAction":[{"@type":"SearchAction","target":{"@type":"EntryPoint","urlTemplate":"https:\/\/www.bellunopress.it\/?s={search_term_string}"},"query-input":{"@type":"PropertyValueSpecification","valueRequired":true,"valueName":"search_term_string"}}],"inLanguage":"fr-FR"},{"@type":"Organization","@id":"https:\/\/www.bellunopress.it\/#organization","name":"Bellunopress","url":"https:\/\/www.bellunopress.it\/","logo":{"@type":"ImageObject","inLanguage":"fr-FR","@id":"https:\/\/www.bellunopress.it\/#\/schema\/logo\/image\/","url":"https:\/\/www.bellunopress.it\/wp-content\/uploads\/2011\/05\/cropped-logo-bellunopress-.jpg","contentUrl":"https:\/\/www.bellunopress.it\/wp-content\/uploads\/2011\/05\/cropped-logo-bellunopress-.jpg","width":512,"height":512,"caption":"Bellunopress"},"image":{"@id":"https:\/\/www.bellunopress.it\/#\/schema\/logo\/image\/"},"sameAs":["https:\/\/www.facebook.com\/profile.php?id=100008943462799","https:\/\/x.com\/bellunopress","https:\/\/www.linkedin.com\/hp\/?dnr=JBzUWaJfMUw8vbXJJ2tVW5-I3jZKvC4wsoxE&amp;amp;amp;amp;amp;amp;trk=nav_responsive_tab_home","https:\/\/www.youtube.com\/channel\/UCxL0wu1uN0_3_7hGG0306cw"]},{"@type":"Person","@id":"https:\/\/www.bellunopress.it\/#\/schema\/person\/79bb06722b37ece1c03d3e94beb30d73","name":"r\u00e9daction","image":{"@type":"ImageObject","inLanguage":"fr-FR","@id":"https:\/\/secure.gravatar.com\/avatar\/37d968a2e67a6fd04c169c4bdef102d0bc5d31b2546345219e348575eb80e9a0?s=96&d=mm&r=g","url":"https:\/\/secure.gravatar.com\/avatar\/37d968a2e67a6fd04c169c4bdef102d0bc5d31b2546345219e348575eb80e9a0?s=96&d=mm&r=g","contentUrl":"https:\/\/secure.gravatar.com\/avatar\/37d968a2e67a6fd04c169c4bdef102d0bc5d31b2546345219e348575eb80e9a0?s=96&d=mm&r=g","caption":"redazione"},"sameAs":["http:\/\/www.bellunopress.it","https:\/\/x.com\/bellunopress"],"url":"https:\/\/www.bellunopress.it\/fr\/author\/redazione\/"}]}},"_links":{"self":[{"href":"https:\/\/www.bellunopress.it\/fr\/wp-json\/wp\/v2\/posts\/167767","targetHints":{"allow":["GET"]}}],"collection":[{"href":"https:\/\/www.bellunopress.it\/fr\/wp-json\/wp\/v2\/posts"}],"about":[{"href":"https:\/\/www.bellunopress.it\/fr\/wp-json\/wp\/v2\/types\/post"}],"author":[{"embeddable":true,"href":"https:\/\/www.bellunopress.it\/fr\/wp-json\/wp\/v2\/users\/2"}],"replies":[{"embeddable":true,"href":"https:\/\/www.bellunopress.it\/fr\/wp-json\/wp\/v2\/comments?post=167767"}],"version-history":[{"count":7,"href":"https:\/\/www.bellunopress.it\/fr\/wp-json\/wp\/v2\/posts\/167767\/revisions"}],"predecessor-version":[{"id":167841,"href":"https:\/\/www.bellunopress.it\/fr\/wp-json\/wp\/v2\/posts\/167767\/revisions\/167841"}],"wp:featuredmedia":[{"embeddable":true,"href":"https:\/\/www.bellunopress.it\/fr\/wp-json\/wp\/v2\/media\/167768"}],"wp:attachment":[{"href":"https:\/\/www.bellunopress.it\/fr\/wp-json\/wp\/v2\/media?parent=167767"}],"wp:term":[{"taxonomy":"category","embeddable":true,"href":"https:\/\/www.bellunopress.it\/fr\/wp-json\/wp\/v2\/categories?post=167767"},{"taxonomy":"post_tag","embeddable":true,"href":"https:\/\/www.bellunopress.it\/fr\/wp-json\/wp\/v2\/tags?post=167767"}],"curies":[{"name":"wp","href":"https:\/\/api.w.org\/{rel}","templated":true}]}}