{"id":167749,"date":"2026-02-27T09:00:05","date_gmt":"2026-02-27T08:00:05","guid":{"rendered":"https:\/\/www.bellunopress.it\/?p=167749"},"modified":"2026-02-27T06:56:48","modified_gmt":"2026-02-27T05:56:48","slug":"dal-buio-alla-luce-lo-spettacolo-spaceboy-lunedi-a-belluno","status":"publish","type":"post","link":"https:\/\/www.bellunopress.it\/fr\/2026\/02\/27\/dal-buio-alla-luce-lo-spettacolo-spaceboy-lunedi-a-belluno\/","title":{"rendered":"Dal buio alla luce: lo spettacolo Spaceboy luned\u00ec a Belluno"},"content":{"rendered":"<p data-path-to-node=\"4\"><b data-path-to-node=\"4\" data-index-in-node=\"0\">Il 2 marzo al Teatro Dino Buzzati uno spettacolo-evento sul disagio giovanile. Sold out la mattina per le scuole, attesa per la replica serale aperta alla cittadinanza.<\/b><\/p>\n<p data-path-to-node=\"5\">Belluno, 27\/02\/2026\u00a0\u2013 Non \u00e8 solo teatro, ma un &#8220;ponte empatico&#8221; gettato tra generazioni per affrontare i mostri della solitudine, dell\u2019abuso e del malessere psicologico. Luned\u00ec 2 marzo, il Teatro Dino Buzzati ospiter\u00e0 &#8220;Spaceboy&#8221;, un evento di forte impatto emotivo che sta gi\u00e0 facendo registrare numeri da record.<\/p>\n<p data-path-to-node=\"7\">La forza di &#8220;Spaceboy&#8221; nasce dal basso: sono stati gli stessi studenti bellunesi a richiederne la messa in scena. La replica mattutina, dedicata agli istituti superiori (con una partecipazione massiccia del Catullo e del Calvi), \u00e8 gi\u00e0 sold out. Alle 20:30, le porte si apriranno a tutta la comunit\u00e0 per un appuntamento patrocinato dall&#8217;Assessorato al Sociale.<\/p>\n<p data-path-to-node=\"8\"><b data-path-to-node=\"8\" data-index-in-node=\"0\">\u00a0<\/b>Lo spettacolo arriva in un momento cruciale. I dati dell\u2019indagine 2024 della Consulta Provinciale sono allarmanti: un ragazzo su quattro pratica autolesionismo, il 68% soffre di ansia improvvisa e il 13% \u00e8 in terapia. In questo scenario, &#8220;Spaceboy&#8221; denuncia la violenza sui minori come una ferita aperta nel tessuto sociale.<\/p>\n<p data-path-to-node=\"11\">Al centro della scena c\u2019\u00e8 la storia vera di Davide Biscaro, vittima di abusi nell&#8217;infanzia. Insieme alla Spaceboy Band, l&#8217;autore racconta un viaggio tortuoso fatto di dolore e dipendenze, fino alla svolta: la capacit\u00e0 di perdonare per tornare a vivere.<\/p>\n<blockquote data-path-to-node=\"13\">\n<h3 data-path-to-node=\"13,0\"><b data-path-to-node=\"13,0\" data-index-in-node=\"0\">Il perdono non cancella la Giustizia<\/b><\/h3>\n<h6 style=\"text-align: left;\" data-path-to-node=\"13,1\">Il messaggio dello spettacolo tocca una corda profonda: quella del perdono come strumento di liberazione interiore per la vittima. Tuttavia, \u00e8 necessario mantenere una netta distinzione tra il piano spirituale e quello civile.<\/h6>\n<h6 style=\"text-align: left;\" data-path-to-node=\"13,2\">Se da un lato la dimensione etica (o religiosa) pu\u00f2 promuovere il perdono come via per la guarigione dell&#8217;anima, dall&#8217;altro lo <b data-path-to-node=\"13,2\" data-index-in-node=\"127\">Stato ha il dovere imprescindibile di garantire la certezza della pena<\/b>. La riabilitazione della vittima non pu\u00f2 e non deve sostituirsi alla responsabilit\u00e0 penale del colpevole: la giustizia terrena serve a proteggere la collettivit\u00e0 e a riaffermare che l&#8217;abuso \u00e8 un crimine che non pu\u00f2 restare impunito, indipendentemente dal percorso interiore di chi lo ha subito.<\/h6>\n<\/blockquote>\n<p data-path-to-node=\"16\">L&#8217;evento \u00e8 frutto della sinergia tra le Scuole in Rete, l\u2019Associazione Amici delle Scuole in Rete e Spaceland APS. L&#8217;obiettivo \u00e8 trasformare la fragilit\u00e0 in forza attraverso l&#8217;arte e l&#8217;educazione emotiva. L\u2019invito \u00e8 rivolto a tutta la cittadinanza: partecipare significa non voltare lo sguardo di fronte alle ombre che abitano il mondo dei pi\u00f9 giovani.<\/p>","protected":false},"excerpt":{"rendered":"<p>Il 2 marzo al Teatro Dino Buzzati uno spettacolo-evento sul disagio giovanile. Sold out la mattina per le scuole, attesa per la replica serale aperta alla cittadinanza. Belluno, 27\/02\/2026\u00a0\u2013 Non \u00e8 solo teatro, ma un &#8220;ponte empatico&#8221; gettato tra generazioni per affrontare i mostri della solitudine, dell\u2019abuso e del malessere psicologico. Luned\u00ec 2 marzo, il [&hellip;]<\/p>\n","protected":false},"author":2,"featured_media":155535,"comment_status":"closed","ping_status":"open","sticky":false,"template":"","format":"standard","meta":{"footnotes":""},"categories":[27,25,15],"tags":[],"class_list":["post-167749","post","type-post","status-publish","format-standard","has-post-thumbnail","category-appuntamenti","category-pausa-caffe","category-scuola"],"yoast_head":"<!-- This site is optimized with the Yoast SEO plugin v28.4 - https:\/\/yoast.com\/product\/yoast-seo-wordpress\/ -->\n<title>Dal buio alla luce: lo spettacolo Spaceboy luned\u00ec a Belluno - Bellunopress - Dolomiti<\/title>\n<meta name=\"robots\" content=\"index, follow, max-snippet:-1, max-image-preview:large, max-video-preview:-1\" \/>\n<link rel=\"canonical\" href=\"https:\/\/www.bellunopress.it\/fr\/2026\/02\/27\/dal-buio-alla-luce-lo-spettacolo-spaceboy-lunedi-a-belluno\/\" \/>\n<meta property=\"og:locale\" content=\"fr_FR\" \/>\n<meta property=\"og:type\" content=\"article\" \/>\n<meta property=\"og:title\" content=\"Dal buio alla luce: lo spettacolo Spaceboy luned\u00ec a Belluno - Bellunopress - Dolomiti\" \/>\n<meta property=\"og:description\" content=\"Il 2 marzo al Teatro Dino Buzzati uno spettacolo-evento sul disagio giovanile. Sold out la mattina per le scuole, attesa per la replica serale aperta alla cittadinanza. Belluno, 27\/02\/2026\u00a0\u2013 Non \u00e8 solo teatro, ma un &#8220;ponte empatico&#8221; gettato tra generazioni per affrontare i mostri della solitudine, dell\u2019abuso e del malessere psicologico. Luned\u00ec 2 marzo, il [&hellip;]\" \/>\n<meta property=\"og:url\" content=\"https:\/\/www.bellunopress.it\/fr\/2026\/02\/27\/dal-buio-alla-luce-lo-spettacolo-spaceboy-lunedi-a-belluno\/\" \/>\n<meta property=\"og:site_name\" content=\"Bellunopress - Dolomiti\" \/>\n<meta property=\"article:publisher\" content=\"https:\/\/www.facebook.com\/profile.php?id=100008943462799\" \/>\n<meta property=\"article:published_time\" content=\"2026-02-27T08:00:05+00:00\" \/>\n<meta property=\"og:image\" content=\"https:\/\/www.bellunopress.it\/wp-content\/uploads\/2024\/11\/teatro-comunale-dino-buzzati.jpg\" \/>\n\t<meta property=\"og:image:width\" content=\"1000\" \/>\n\t<meta property=\"og:image:height\" content=\"750\" \/>\n\t<meta property=\"og:image:type\" content=\"image\/jpeg\" \/>\n<meta name=\"author\" content=\"redazione\" \/>\n<meta name=\"twitter:card\" content=\"summary_large_image\" \/>\n<meta name=\"twitter:creator\" content=\"@bellunopress\" \/>\n<meta name=\"twitter:site\" content=\"@bellunopress\" \/>\n<meta name=\"twitter:label1\" content=\"\u00c9crit par\" \/>\n\t<meta name=\"twitter:data1\" content=\"redazione\" \/>\n\t<meta name=\"twitter:label2\" content=\"Dur\u00e9e de lecture estim\u00e9e\" \/>\n\t<meta name=\"twitter:data2\" content=\"2 minutes\" \/>\n<script type=\"application\/ld+json\" class=\"yoast-schema-graph\">{\"@context\":\"https:\\\/\\\/schema.org\",\"@graph\":[{\"@type\":\"Article\",\"@id\":\"https:\\\/\\\/www.bellunopress.it\\\/2026\\\/02\\\/27\\\/dal-buio-alla-luce-lo-spettacolo-spaceboy-lunedi-a-belluno\\\/#article\",\"isPartOf\":{\"@id\":\"https:\\\/\\\/www.bellunopress.it\\\/2026\\\/02\\\/27\\\/dal-buio-alla-luce-lo-spettacolo-spaceboy-lunedi-a-belluno\\\/\"},\"author\":{\"name\":\"redazione\",\"@id\":\"https:\\\/\\\/www.bellunopress.it\\\/#\\\/schema\\\/person\\\/79bb06722b37ece1c03d3e94beb30d73\"},\"headline\":\"Dal buio alla luce: lo spettacolo Spaceboy luned\u00ec a Belluno\",\"datePublished\":\"2026-02-27T08:00:05+00:00\",\"mainEntityOfPage\":{\"@id\":\"https:\\\/\\\/www.bellunopress.it\\\/2026\\\/02\\\/27\\\/dal-buio-alla-luce-lo-spettacolo-spaceboy-lunedi-a-belluno\\\/\"},\"wordCount\":400,\"publisher\":{\"@id\":\"https:\\\/\\\/www.bellunopress.it\\\/#organization\"},\"image\":{\"@id\":\"https:\\\/\\\/www.bellunopress.it\\\/2026\\\/02\\\/27\\\/dal-buio-alla-luce-lo-spettacolo-spaceboy-lunedi-a-belluno\\\/#primaryimage\"},\"thumbnailUrl\":\"https:\\\/\\\/www.bellunopress.it\\\/wp-content\\\/uploads\\\/2024\\\/11\\\/teatro-comunale-dino-buzzati.jpg\",\"articleSection\":[\"Appuntamenti, Eventi\",\"Pausa Caff\u00e8\",\"Scuola\"],\"inLanguage\":\"fr-FR\"},{\"@type\":\"WebPage\",\"@id\":\"https:\\\/\\\/www.bellunopress.it\\\/2026\\\/02\\\/27\\\/dal-buio-alla-luce-lo-spettacolo-spaceboy-lunedi-a-belluno\\\/\",\"url\":\"https:\\\/\\\/www.bellunopress.it\\\/2026\\\/02\\\/27\\\/dal-buio-alla-luce-lo-spettacolo-spaceboy-lunedi-a-belluno\\\/\",\"name\":\"Dal buio alla luce: lo spettacolo Spaceboy luned\u00ec a Belluno - Bellunopress - Dolomiti\",\"isPartOf\":{\"@id\":\"https:\\\/\\\/www.bellunopress.it\\\/#website\"},\"primaryImageOfPage\":{\"@id\":\"https:\\\/\\\/www.bellunopress.it\\\/2026\\\/02\\\/27\\\/dal-buio-alla-luce-lo-spettacolo-spaceboy-lunedi-a-belluno\\\/#primaryimage\"},\"image\":{\"@id\":\"https:\\\/\\\/www.bellunopress.it\\\/2026\\\/02\\\/27\\\/dal-buio-alla-luce-lo-spettacolo-spaceboy-lunedi-a-belluno\\\/#primaryimage\"},\"thumbnailUrl\":\"https:\\\/\\\/www.bellunopress.it\\\/wp-content\\\/uploads\\\/2024\\\/11\\\/teatro-comunale-dino-buzzati.jpg\",\"datePublished\":\"2026-02-27T08:00:05+00:00\",\"breadcrumb\":{\"@id\":\"https:\\\/\\\/www.bellunopress.it\\\/2026\\\/02\\\/27\\\/dal-buio-alla-luce-lo-spettacolo-spaceboy-lunedi-a-belluno\\\/#breadcrumb\"},\"inLanguage\":\"fr-FR\",\"potentialAction\":[{\"@type\":\"ReadAction\",\"target\":[\"https:\\\/\\\/www.bellunopress.it\\\/2026\\\/02\\\/27\\\/dal-buio-alla-luce-lo-spettacolo-spaceboy-lunedi-a-belluno\\\/\"]}]},{\"@type\":\"ImageObject\",\"inLanguage\":\"fr-FR\",\"@id\":\"https:\\\/\\\/www.bellunopress.it\\\/2026\\\/02\\\/27\\\/dal-buio-alla-luce-lo-spettacolo-spaceboy-lunedi-a-belluno\\\/#primaryimage\",\"url\":\"https:\\\/\\\/www.bellunopress.it\\\/wp-content\\\/uploads\\\/2024\\\/11\\\/teatro-comunale-dino-buzzati.jpg\",\"contentUrl\":\"https:\\\/\\\/www.bellunopress.it\\\/wp-content\\\/uploads\\\/2024\\\/11\\\/teatro-comunale-dino-buzzati.jpg\",\"width\":1000,\"height\":750,\"caption\":\"Teatro Comunale \\\"Dino Buzzati\\\" di Belluno\"},{\"@type\":\"BreadcrumbList\",\"@id\":\"https:\\\/\\\/www.bellunopress.it\\\/2026\\\/02\\\/27\\\/dal-buio-alla-luce-lo-spettacolo-spaceboy-lunedi-a-belluno\\\/#breadcrumb\",\"itemListElement\":[{\"@type\":\"ListItem\",\"position\":1,\"name\":\"Home\",\"item\":\"https:\\\/\\\/www.bellunopress.it\\\/\"},{\"@type\":\"ListItem\",\"position\":2,\"name\":\"Dal buio alla luce: lo spettacolo Spaceboy luned\u00ec a Belluno\"}]},{\"@type\":\"WebSite\",\"@id\":\"https:\\\/\\\/www.bellunopress.it\\\/#website\",\"url\":\"https:\\\/\\\/www.bellunopress.it\\\/\",\"name\":\"Bellunopress - Dolomiti\",\"description\":\"e-mail: redazione@bellunopress.it\",\"publisher\":{\"@id\":\"https:\\\/\\\/www.bellunopress.it\\\/#organization\"},\"potentialAction\":[{\"@type\":\"SearchAction\",\"target\":{\"@type\":\"EntryPoint\",\"urlTemplate\":\"https:\\\/\\\/www.bellunopress.it\\\/?s={search_term_string}\"},\"query-input\":{\"@type\":\"PropertyValueSpecification\",\"valueRequired\":true,\"valueName\":\"search_term_string\"}}],\"inLanguage\":\"fr-FR\"},{\"@type\":\"Organization\",\"@id\":\"https:\\\/\\\/www.bellunopress.it\\\/#organization\",\"name\":\"Bellunopress\",\"url\":\"https:\\\/\\\/www.bellunopress.it\\\/\",\"logo\":{\"@type\":\"ImageObject\",\"inLanguage\":\"fr-FR\",\"@id\":\"https:\\\/\\\/www.bellunopress.it\\\/#\\\/schema\\\/logo\\\/image\\\/\",\"url\":\"https:\\\/\\\/www.bellunopress.it\\\/wp-content\\\/uploads\\\/2011\\\/05\\\/cropped-logo-bellunopress-.jpg\",\"contentUrl\":\"https:\\\/\\\/www.bellunopress.it\\\/wp-content\\\/uploads\\\/2011\\\/05\\\/cropped-logo-bellunopress-.jpg\",\"width\":512,\"height\":512,\"caption\":\"Bellunopress\"},\"image\":{\"@id\":\"https:\\\/\\\/www.bellunopress.it\\\/#\\\/schema\\\/logo\\\/image\\\/\"},\"sameAs\":[\"https:\\\/\\\/www.facebook.com\\\/profile.php?id=100008943462799\",\"https:\\\/\\\/x.com\\\/bellunopress\",\"https:\\\/\\\/www.linkedin.com\\\/hp\\\/?dnr=JBzUWaJfMUw8vbXJJ2tVW5-I3jZKvC4wsoxE&amp;amp;amp;amp;amp;amp;trk=nav_responsive_tab_home\",\"https:\\\/\\\/www.youtube.com\\\/channel\\\/UCxL0wu1uN0_3_7hGG0306cw\"]},{\"@type\":\"Person\",\"@id\":\"https:\\\/\\\/www.bellunopress.it\\\/#\\\/schema\\\/person\\\/79bb06722b37ece1c03d3e94beb30d73\",\"name\":\"redazione\",\"image\":{\"@type\":\"ImageObject\",\"inLanguage\":\"fr-FR\",\"@id\":\"https:\\\/\\\/secure.gravatar.com\\\/avatar\\\/37d968a2e67a6fd04c169c4bdef102d0bc5d31b2546345219e348575eb80e9a0?s=96&d=mm&r=g\",\"url\":\"https:\\\/\\\/secure.gravatar.com\\\/avatar\\\/37d968a2e67a6fd04c169c4bdef102d0bc5d31b2546345219e348575eb80e9a0?s=96&d=mm&r=g\",\"contentUrl\":\"https:\\\/\\\/secure.gravatar.com\\\/avatar\\\/37d968a2e67a6fd04c169c4bdef102d0bc5d31b2546345219e348575eb80e9a0?s=96&d=mm&r=g\",\"caption\":\"redazione\"},\"sameAs\":[\"http:\\\/\\\/www.bellunopress.it\",\"https:\\\/\\\/x.com\\\/bellunopress\"],\"url\":\"https:\\\/\\\/www.bellunopress.it\\\/fr\\\/author\\\/redazione\\\/\"}]}<\/script>\n<!-- \/ Yoast SEO plugin. -->","yoast_head_json":{"title":"Dal buio alla luce: lo spettacolo Spaceboy luned\u00ec a Belluno - Bellunopress - Dolomiti","robots":{"index":"index","follow":"follow","max-snippet":"max-snippet:-1","max-image-preview":"max-image-preview:large","max-video-preview":"max-video-preview:-1"},"canonical":"https:\/\/www.bellunopress.it\/fr\/2026\/02\/27\/dal-buio-alla-luce-lo-spettacolo-spaceboy-lunedi-a-belluno\/","og_locale":"fr_FR","og_type":"article","og_title":"Dal buio alla luce: lo spettacolo Spaceboy luned\u00ec a Belluno - Bellunopress - Dolomiti","og_description":"Il 2 marzo al Teatro Dino Buzzati uno spettacolo-evento sul disagio giovanile. Sold out la mattina per le scuole, attesa per la replica serale aperta alla cittadinanza. Belluno, 27\/02\/2026\u00a0\u2013 Non \u00e8 solo teatro, ma un &#8220;ponte empatico&#8221; gettato tra generazioni per affrontare i mostri della solitudine, dell\u2019abuso e del malessere psicologico. Luned\u00ec 2 marzo, il [&hellip;]","og_url":"https:\/\/www.bellunopress.it\/fr\/2026\/02\/27\/dal-buio-alla-luce-lo-spettacolo-spaceboy-lunedi-a-belluno\/","og_site_name":"Bellunopress - Dolomiti","article_publisher":"https:\/\/www.facebook.com\/profile.php?id=100008943462799","article_published_time":"2026-02-27T08:00:05+00:00","og_image":[{"width":1000,"height":750,"url":"https:\/\/www.bellunopress.it\/wp-content\/uploads\/2024\/11\/teatro-comunale-dino-buzzati.jpg","type":"image\/jpeg"}],"author":"redazione","twitter_card":"summary_large_image","twitter_creator":"@bellunopress","twitter_site":"@bellunopress","twitter_misc":{"\u00c9crit par":"redazione","Dur\u00e9e de lecture estim\u00e9e":"2 minutes"},"schema":{"@context":"https:\/\/schema.org","@graph":[{"@type":"Article","@id":"https:\/\/www.bellunopress.it\/2026\/02\/27\/dal-buio-alla-luce-lo-spettacolo-spaceboy-lunedi-a-belluno\/#article","isPartOf":{"@id":"https:\/\/www.bellunopress.it\/2026\/02\/27\/dal-buio-alla-luce-lo-spettacolo-spaceboy-lunedi-a-belluno\/"},"author":{"name":"redazione","@id":"https:\/\/www.bellunopress.it\/#\/schema\/person\/79bb06722b37ece1c03d3e94beb30d73"},"headline":"Dal buio alla luce: lo spettacolo Spaceboy luned\u00ec a Belluno","datePublished":"2026-02-27T08:00:05+00:00","mainEntityOfPage":{"@id":"https:\/\/www.bellunopress.it\/2026\/02\/27\/dal-buio-alla-luce-lo-spettacolo-spaceboy-lunedi-a-belluno\/"},"wordCount":400,"publisher":{"@id":"https:\/\/www.bellunopress.it\/#organization"},"image":{"@id":"https:\/\/www.bellunopress.it\/2026\/02\/27\/dal-buio-alla-luce-lo-spettacolo-spaceboy-lunedi-a-belluno\/#primaryimage"},"thumbnailUrl":"https:\/\/www.bellunopress.it\/wp-content\/uploads\/2024\/11\/teatro-comunale-dino-buzzati.jpg","articleSection":["Appuntamenti, Eventi","Pausa Caff\u00e8","Scuola"],"inLanguage":"fr-FR"},{"@type":"WebPage","@id":"https:\/\/www.bellunopress.it\/2026\/02\/27\/dal-buio-alla-luce-lo-spettacolo-spaceboy-lunedi-a-belluno\/","url":"https:\/\/www.bellunopress.it\/2026\/02\/27\/dal-buio-alla-luce-lo-spettacolo-spaceboy-lunedi-a-belluno\/","name":"Dal buio alla luce: lo spettacolo Spaceboy luned\u00ec a Belluno - Bellunopress - Dolomiti","isPartOf":{"@id":"https:\/\/www.bellunopress.it\/#website"},"primaryImageOfPage":{"@id":"https:\/\/www.bellunopress.it\/2026\/02\/27\/dal-buio-alla-luce-lo-spettacolo-spaceboy-lunedi-a-belluno\/#primaryimage"},"image":{"@id":"https:\/\/www.bellunopress.it\/2026\/02\/27\/dal-buio-alla-luce-lo-spettacolo-spaceboy-lunedi-a-belluno\/#primaryimage"},"thumbnailUrl":"https:\/\/www.bellunopress.it\/wp-content\/uploads\/2024\/11\/teatro-comunale-dino-buzzati.jpg","datePublished":"2026-02-27T08:00:05+00:00","breadcrumb":{"@id":"https:\/\/www.bellunopress.it\/2026\/02\/27\/dal-buio-alla-luce-lo-spettacolo-spaceboy-lunedi-a-belluno\/#breadcrumb"},"inLanguage":"fr-FR","potentialAction":[{"@type":"ReadAction","target":["https:\/\/www.bellunopress.it\/2026\/02\/27\/dal-buio-alla-luce-lo-spettacolo-spaceboy-lunedi-a-belluno\/"]}]},{"@type":"ImageObject","inLanguage":"fr-FR","@id":"https:\/\/www.bellunopress.it\/2026\/02\/27\/dal-buio-alla-luce-lo-spettacolo-spaceboy-lunedi-a-belluno\/#primaryimage","url":"https:\/\/www.bellunopress.it\/wp-content\/uploads\/2024\/11\/teatro-comunale-dino-buzzati.jpg","contentUrl":"https:\/\/www.bellunopress.it\/wp-content\/uploads\/2024\/11\/teatro-comunale-dino-buzzati.jpg","width":1000,"height":750,"caption":"Teatro Comunale \"Dino Buzzati\" di Belluno"},{"@type":"BreadcrumbList","@id":"https:\/\/www.bellunopress.it\/2026\/02\/27\/dal-buio-alla-luce-lo-spettacolo-spaceboy-lunedi-a-belluno\/#breadcrumb","itemListElement":[{"@type":"ListItem","position":1,"name":"Home","item":"https:\/\/www.bellunopress.it\/"},{"@type":"ListItem","position":2,"name":"Dal buio alla luce: lo spettacolo Spaceboy luned\u00ec a Belluno"}]},{"@type":"WebSite","@id":"https:\/\/www.bellunopress.it\/#website","url":"https:\/\/www.bellunopress.it\/","name":"Bellunopress - Dolomiti","description":"e-mail: redazione@bellunopress.it","publisher":{"@id":"https:\/\/www.bellunopress.it\/#organization"},"potentialAction":[{"@type":"SearchAction","target":{"@type":"EntryPoint","urlTemplate":"https:\/\/www.bellunopress.it\/?s={search_term_string}"},"query-input":{"@type":"PropertyValueSpecification","valueRequired":true,"valueName":"search_term_string"}}],"inLanguage":"fr-FR"},{"@type":"Organization","@id":"https:\/\/www.bellunopress.it\/#organization","name":"Bellunopress","url":"https:\/\/www.bellunopress.it\/","logo":{"@type":"ImageObject","inLanguage":"fr-FR","@id":"https:\/\/www.bellunopress.it\/#\/schema\/logo\/image\/","url":"https:\/\/www.bellunopress.it\/wp-content\/uploads\/2011\/05\/cropped-logo-bellunopress-.jpg","contentUrl":"https:\/\/www.bellunopress.it\/wp-content\/uploads\/2011\/05\/cropped-logo-bellunopress-.jpg","width":512,"height":512,"caption":"Bellunopress"},"image":{"@id":"https:\/\/www.bellunopress.it\/#\/schema\/logo\/image\/"},"sameAs":["https:\/\/www.facebook.com\/profile.php?id=100008943462799","https:\/\/x.com\/bellunopress","https:\/\/www.linkedin.com\/hp\/?dnr=JBzUWaJfMUw8vbXJJ2tVW5-I3jZKvC4wsoxE&amp;amp;amp;amp;amp;amp;trk=nav_responsive_tab_home","https:\/\/www.youtube.com\/channel\/UCxL0wu1uN0_3_7hGG0306cw"]},{"@type":"Person","@id":"https:\/\/www.bellunopress.it\/#\/schema\/person\/79bb06722b37ece1c03d3e94beb30d73","name":"r\u00e9daction","image":{"@type":"ImageObject","inLanguage":"fr-FR","@id":"https:\/\/secure.gravatar.com\/avatar\/37d968a2e67a6fd04c169c4bdef102d0bc5d31b2546345219e348575eb80e9a0?s=96&d=mm&r=g","url":"https:\/\/secure.gravatar.com\/avatar\/37d968a2e67a6fd04c169c4bdef102d0bc5d31b2546345219e348575eb80e9a0?s=96&d=mm&r=g","contentUrl":"https:\/\/secure.gravatar.com\/avatar\/37d968a2e67a6fd04c169c4bdef102d0bc5d31b2546345219e348575eb80e9a0?s=96&d=mm&r=g","caption":"redazione"},"sameAs":["http:\/\/www.bellunopress.it","https:\/\/x.com\/bellunopress"],"url":"https:\/\/www.bellunopress.it\/fr\/author\/redazione\/"}]}},"_links":{"self":[{"href":"https:\/\/www.bellunopress.it\/fr\/wp-json\/wp\/v2\/posts\/167749","targetHints":{"allow":["GET"]}}],"collection":[{"href":"https:\/\/www.bellunopress.it\/fr\/wp-json\/wp\/v2\/posts"}],"about":[{"href":"https:\/\/www.bellunopress.it\/fr\/wp-json\/wp\/v2\/types\/post"}],"author":[{"embeddable":true,"href":"https:\/\/www.bellunopress.it\/fr\/wp-json\/wp\/v2\/users\/2"}],"replies":[{"embeddable":true,"href":"https:\/\/www.bellunopress.it\/fr\/wp-json\/wp\/v2\/comments?post=167749"}],"version-history":[{"count":1,"href":"https:\/\/www.bellunopress.it\/fr\/wp-json\/wp\/v2\/posts\/167749\/revisions"}],"predecessor-version":[{"id":167750,"href":"https:\/\/www.bellunopress.it\/fr\/wp-json\/wp\/v2\/posts\/167749\/revisions\/167750"}],"wp:featuredmedia":[{"embeddable":true,"href":"https:\/\/www.bellunopress.it\/fr\/wp-json\/wp\/v2\/media\/155535"}],"wp:attachment":[{"href":"https:\/\/www.bellunopress.it\/fr\/wp-json\/wp\/v2\/media?parent=167749"}],"wp:term":[{"taxonomy":"category","embeddable":true,"href":"https:\/\/www.bellunopress.it\/fr\/wp-json\/wp\/v2\/categories?post=167749"},{"taxonomy":"post_tag","embeddable":true,"href":"https:\/\/www.bellunopress.it\/fr\/wp-json\/wp\/v2\/tags?post=167749"}],"curies":[{"name":"wp","href":"https:\/\/api.w.org\/{rel}","templated":true}]}}