{"id":167742,"date":"2026-02-26T16:19:38","date_gmt":"2026-02-26T15:19:38","guid":{"rendered":"https:\/\/www.bellunopress.it\/?p=167742"},"modified":"2026-02-26T16:19:38","modified_gmt":"2026-02-26T15:19:38","slug":"non-dimenticare-un-solo-nome-a-feltre-un-sudario-per-le-piccole-vittime-di-gaza","status":"publish","type":"post","link":"https:\/\/www.bellunopress.it\/fr\/2026\/02\/26\/non-dimenticare-un-solo-nome-a-feltre-un-sudario-per-le-piccole-vittime-di-gaza\/","title":{"rendered":"\u00abNon dimenticare un solo nome\u00bb: a Feltre un sudario per le piccole vittime di Gaza"},"content":{"rendered":"<p data-path-to-node=\"4\"><b data-path-to-node=\"4\" data-index-in-node=\"0\">Sabato 28 febbraio, davanti al Duomo di Feltre, una manifestazione per la Palestina. In piazza il &#8220;sudario&#8221; della Carnia con migliaia di nomi di bambini e la maxi bandiera cucita a Castel Tesino.<\/b><\/p>\n<p data-path-to-node=\"5\">Feltre, 26\/02\/2026\u2013 Centinaia di nomi scritti sulla stoffa per restituire identit\u00e0 a chi \u00e8 diventato solo un numero nelle statistiche di guerra. Sotto lo slogan \u201cNon dimenticare un solo nome!\u201d, la citt\u00e0 di Feltre si prepara a ospitare, sabato 28 febbraio, una mobilitazione di forte impatto emotivo per sensibilizzare l\u2019opinione pubblica sulla tragedia del popolo palestinese e, in particolare, sul massacro dei minori nella Striscia di Gaza.<\/p>\n<h3 data-path-to-node=\"6\">Il sudario della memoria<\/h3>\n<p data-path-to-node=\"7\">Il momento centrale della manifestazione, che avr\u00e0 inizio alle<strong> ore 16.00 davanti al Duomo di Feltre, sar\u00e0 la stesura di un imponente sudario. Si tratta di un\u2019opera civile realizzata in Friuli dal gruppo \u201cCarnia per la Pace\u201d: un lungo telo<\/strong> bianco dove sono stati impressi, uno ad uno, i nomi delle migliaia di bambini che hanno perso la vita sotto i bombardamenti o a causa delle violenze in Medio Oriente.<\/p>\n<p data-path-to-node=\"8\">Durante il presidio, i nomi verranno letti ad alta voce. Un gesto simbolico, spiegano gli organizzatori, \u00abper farli rivivere nei nostri cuori e restituire loro quella dignit\u00e0 che la violenza ha provato a strappare via\u00bb.<\/p>\n<h3 data-path-to-node=\"9\">Solidariet\u00e0 &#8220;cucita&#8221; a mano<\/h3>\n<p data-path-to-node=\"10\">Accanto al sudario friulano, la piazza feltrina sar\u00e0 colorata da un altro simbolo di solidariet\u00e0 artigianale e comunitaria: la maxi bandiera palestinese realizzata interamente all&#8217;uncinetto dalle donne di Castel Tesino. Un pezzo unico che testimonia come la mobilitazione per la pace stia unendo diverse vallate e comunit\u00e0, dal Trentino al Veneto, passando per il Friuli.<\/p>\n<h3 data-path-to-node=\"11\">L&#8217;appello degli organizzatori<\/h3>\n<p data-path-to-node=\"12\">L&#8217;iniziativa nasce dalla volont\u00e0 di rompere quello che gli attivisti definiscono \u00abl&#8217;indifferenza di gran parte dei governi del mondo\u00bb.<\/p>\n<blockquote data-path-to-node=\"13\">\n<h6 style=\"text-align: left;\" data-path-to-node=\"13,0\">\u00abIl genocidio non \u00e8 finito \u2013 si legge nella nota diffusa dagli organizzatori \u2013 e vogliamo ricordare che non esiste nessuna pace finch\u00e9 il popolo palestinese \u00e8 colpito dalle bombe dell&#8217;esercito e dalle violenze dei coloni israeliani\u00bb.<\/h6>\n<\/blockquote>\n<p data-path-to-node=\"14\">L&#8217;appuntamento \u00e8 dunque aperto a tutta la cittadinanza, alle associazioni e a chiunque voglia testimoniare la propria vicinanza alle vittime civili del conflitto, trasformando il sagrato del Duomo in uno spazio di riflessione e memoria collettiva.<\/p>","protected":false},"excerpt":{"rendered":"<p>Sabato 28 febbraio, davanti al Duomo di Feltre, una manifestazione per la Palestina. In piazza il &#8220;sudario&#8221; della Carnia con migliaia di nomi di bambini e la maxi bandiera cucita a Castel Tesino. Feltre, 26\/02\/2026\u2013 Centinaia di nomi scritti sulla stoffa per restituire identit\u00e0 a chi \u00e8 diventato solo un numero nelle statistiche di guerra. [&hellip;]<\/p>\n","protected":false},"author":2,"featured_media":167743,"comment_status":"closed","ping_status":"open","sticky":false,"template":"","format":"standard","meta":{"footnotes":""},"categories":[26,8],"tags":[],"class_list":["post-167742","post","type-post","status-publish","format-standard","has-post-thumbnail","category-prima-pagina","category-societa-istituzioni"],"yoast_head":"<!-- This site is optimized with the Yoast SEO plugin v28.4 - https:\/\/yoast.com\/product\/yoast-seo-wordpress\/ -->\n<title>\u00abNon dimenticare un solo nome\u00bb: a Feltre un sudario per le piccole vittime di Gaza - Bellunopress - Dolomiti<\/title>\n<meta name=\"robots\" content=\"index, follow, max-snippet:-1, max-image-preview:large, max-video-preview:-1\" \/>\n<link rel=\"canonical\" href=\"https:\/\/www.bellunopress.it\/fr\/2026\/02\/26\/non-dimenticare-un-solo-nome-a-feltre-un-sudario-per-le-piccole-vittime-di-gaza\/\" \/>\n<meta property=\"og:locale\" content=\"fr_FR\" \/>\n<meta property=\"og:type\" content=\"article\" \/>\n<meta property=\"og:title\" content=\"\u00abNon dimenticare un solo nome\u00bb: a Feltre un sudario per le piccole vittime di Gaza - Bellunopress - Dolomiti\" \/>\n<meta property=\"og:description\" content=\"Sabato 28 febbraio, davanti al Duomo di Feltre, una manifestazione per la Palestina. In piazza il &#8220;sudario&#8221; della Carnia con migliaia di nomi di bambini e la maxi bandiera cucita a Castel Tesino. Feltre, 26\/02\/2026\u2013 Centinaia di nomi scritti sulla stoffa per restituire identit\u00e0 a chi \u00e8 diventato solo un numero nelle statistiche di guerra. [&hellip;]\" \/>\n<meta property=\"og:url\" content=\"https:\/\/www.bellunopress.it\/fr\/2026\/02\/26\/non-dimenticare-un-solo-nome-a-feltre-un-sudario-per-le-piccole-vittime-di-gaza\/\" \/>\n<meta property=\"og:site_name\" content=\"Bellunopress - Dolomiti\" \/>\n<meta property=\"article:publisher\" content=\"https:\/\/www.facebook.com\/profile.php?id=100008943462799\" \/>\n<meta property=\"article:published_time\" content=\"2026-02-26T15:19:38+00:00\" \/>\n<meta property=\"og:image\" content=\"https:\/\/www.bellunopress.it\/wp-content\/uploads\/2026\/02\/Feltre-per-la-Palestina.jpeg\" \/>\n\t<meta property=\"og:image:width\" content=\"386\" \/>\n\t<meta property=\"og:image:height\" content=\"500\" \/>\n\t<meta property=\"og:image:type\" content=\"image\/jpeg\" \/>\n<meta name=\"author\" content=\"redazione\" \/>\n<meta name=\"twitter:card\" content=\"summary_large_image\" \/>\n<meta name=\"twitter:creator\" content=\"@bellunopress\" \/>\n<meta name=\"twitter:site\" content=\"@bellunopress\" \/>\n<meta name=\"twitter:label1\" content=\"\u00c9crit par\" \/>\n\t<meta name=\"twitter:data1\" content=\"redazione\" \/>\n\t<meta name=\"twitter:label2\" content=\"Dur\u00e9e de lecture estim\u00e9e\" \/>\n\t<meta name=\"twitter:data2\" content=\"2 minutes\" \/>\n<script type=\"application\/ld+json\" class=\"yoast-schema-graph\">{\"@context\":\"https:\\\/\\\/schema.org\",\"@graph\":[{\"@type\":\"Article\",\"@id\":\"https:\\\/\\\/www.bellunopress.it\\\/2026\\\/02\\\/26\\\/non-dimenticare-un-solo-nome-a-feltre-un-sudario-per-le-piccole-vittime-di-gaza\\\/#article\",\"isPartOf\":{\"@id\":\"https:\\\/\\\/www.bellunopress.it\\\/2026\\\/02\\\/26\\\/non-dimenticare-un-solo-nome-a-feltre-un-sudario-per-le-piccole-vittime-di-gaza\\\/\"},\"author\":{\"name\":\"redazione\",\"@id\":\"https:\\\/\\\/www.bellunopress.it\\\/#\\\/schema\\\/person\\\/79bb06722b37ece1c03d3e94beb30d73\"},\"headline\":\"\u00abNon dimenticare un solo nome\u00bb: a Feltre un sudario per le piccole vittime di Gaza\",\"datePublished\":\"2026-02-26T15:19:38+00:00\",\"mainEntityOfPage\":{\"@id\":\"https:\\\/\\\/www.bellunopress.it\\\/2026\\\/02\\\/26\\\/non-dimenticare-un-solo-nome-a-feltre-un-sudario-per-le-piccole-vittime-di-gaza\\\/\"},\"wordCount\":376,\"publisher\":{\"@id\":\"https:\\\/\\\/www.bellunopress.it\\\/#organization\"},\"image\":{\"@id\":\"https:\\\/\\\/www.bellunopress.it\\\/2026\\\/02\\\/26\\\/non-dimenticare-un-solo-nome-a-feltre-un-sudario-per-le-piccole-vittime-di-gaza\\\/#primaryimage\"},\"thumbnailUrl\":\"https:\\\/\\\/www.bellunopress.it\\\/wp-content\\\/uploads\\\/2026\\\/02\\\/Feltre-per-la-Palestina.jpeg\",\"articleSection\":[\"Prima Pagina\",\"Societ\u00e0, Associazioni, Istituzioni\"],\"inLanguage\":\"fr-FR\"},{\"@type\":\"WebPage\",\"@id\":\"https:\\\/\\\/www.bellunopress.it\\\/2026\\\/02\\\/26\\\/non-dimenticare-un-solo-nome-a-feltre-un-sudario-per-le-piccole-vittime-di-gaza\\\/\",\"url\":\"https:\\\/\\\/www.bellunopress.it\\\/2026\\\/02\\\/26\\\/non-dimenticare-un-solo-nome-a-feltre-un-sudario-per-le-piccole-vittime-di-gaza\\\/\",\"name\":\"\u00abNon dimenticare un solo nome\u00bb: a Feltre un sudario per le piccole vittime di Gaza - Bellunopress - Dolomiti\",\"isPartOf\":{\"@id\":\"https:\\\/\\\/www.bellunopress.it\\\/#website\"},\"primaryImageOfPage\":{\"@id\":\"https:\\\/\\\/www.bellunopress.it\\\/2026\\\/02\\\/26\\\/non-dimenticare-un-solo-nome-a-feltre-un-sudario-per-le-piccole-vittime-di-gaza\\\/#primaryimage\"},\"image\":{\"@id\":\"https:\\\/\\\/www.bellunopress.it\\\/2026\\\/02\\\/26\\\/non-dimenticare-un-solo-nome-a-feltre-un-sudario-per-le-piccole-vittime-di-gaza\\\/#primaryimage\"},\"thumbnailUrl\":\"https:\\\/\\\/www.bellunopress.it\\\/wp-content\\\/uploads\\\/2026\\\/02\\\/Feltre-per-la-Palestina.jpeg\",\"datePublished\":\"2026-02-26T15:19:38+00:00\",\"breadcrumb\":{\"@id\":\"https:\\\/\\\/www.bellunopress.it\\\/2026\\\/02\\\/26\\\/non-dimenticare-un-solo-nome-a-feltre-un-sudario-per-le-piccole-vittime-di-gaza\\\/#breadcrumb\"},\"inLanguage\":\"fr-FR\",\"potentialAction\":[{\"@type\":\"ReadAction\",\"target\":[\"https:\\\/\\\/www.bellunopress.it\\\/2026\\\/02\\\/26\\\/non-dimenticare-un-solo-nome-a-feltre-un-sudario-per-le-piccole-vittime-di-gaza\\\/\"]}]},{\"@type\":\"ImageObject\",\"inLanguage\":\"fr-FR\",\"@id\":\"https:\\\/\\\/www.bellunopress.it\\\/2026\\\/02\\\/26\\\/non-dimenticare-un-solo-nome-a-feltre-un-sudario-per-le-piccole-vittime-di-gaza\\\/#primaryimage\",\"url\":\"https:\\\/\\\/www.bellunopress.it\\\/wp-content\\\/uploads\\\/2026\\\/02\\\/Feltre-per-la-Palestina.jpeg\",\"contentUrl\":\"https:\\\/\\\/www.bellunopress.it\\\/wp-content\\\/uploads\\\/2026\\\/02\\\/Feltre-per-la-Palestina.jpeg\",\"width\":386,\"height\":500},{\"@type\":\"BreadcrumbList\",\"@id\":\"https:\\\/\\\/www.bellunopress.it\\\/2026\\\/02\\\/26\\\/non-dimenticare-un-solo-nome-a-feltre-un-sudario-per-le-piccole-vittime-di-gaza\\\/#breadcrumb\",\"itemListElement\":[{\"@type\":\"ListItem\",\"position\":1,\"name\":\"Home\",\"item\":\"https:\\\/\\\/www.bellunopress.it\\\/\"},{\"@type\":\"ListItem\",\"position\":2,\"name\":\"\u00abNon dimenticare un solo nome\u00bb: a Feltre un sudario per le piccole vittime di Gaza\"}]},{\"@type\":\"WebSite\",\"@id\":\"https:\\\/\\\/www.bellunopress.it\\\/#website\",\"url\":\"https:\\\/\\\/www.bellunopress.it\\\/\",\"name\":\"Bellunopress - Dolomiti\",\"description\":\"e-mail: redazione@bellunopress.it\",\"publisher\":{\"@id\":\"https:\\\/\\\/www.bellunopress.it\\\/#organization\"},\"potentialAction\":[{\"@type\":\"SearchAction\",\"target\":{\"@type\":\"EntryPoint\",\"urlTemplate\":\"https:\\\/\\\/www.bellunopress.it\\\/?s={search_term_string}\"},\"query-input\":{\"@type\":\"PropertyValueSpecification\",\"valueRequired\":true,\"valueName\":\"search_term_string\"}}],\"inLanguage\":\"fr-FR\"},{\"@type\":\"Organization\",\"@id\":\"https:\\\/\\\/www.bellunopress.it\\\/#organization\",\"name\":\"Bellunopress\",\"url\":\"https:\\\/\\\/www.bellunopress.it\\\/\",\"logo\":{\"@type\":\"ImageObject\",\"inLanguage\":\"fr-FR\",\"@id\":\"https:\\\/\\\/www.bellunopress.it\\\/#\\\/schema\\\/logo\\\/image\\\/\",\"url\":\"https:\\\/\\\/www.bellunopress.it\\\/wp-content\\\/uploads\\\/2011\\\/05\\\/cropped-logo-bellunopress-.jpg\",\"contentUrl\":\"https:\\\/\\\/www.bellunopress.it\\\/wp-content\\\/uploads\\\/2011\\\/05\\\/cropped-logo-bellunopress-.jpg\",\"width\":512,\"height\":512,\"caption\":\"Bellunopress\"},\"image\":{\"@id\":\"https:\\\/\\\/www.bellunopress.it\\\/#\\\/schema\\\/logo\\\/image\\\/\"},\"sameAs\":[\"https:\\\/\\\/www.facebook.com\\\/profile.php?id=100008943462799\",\"https:\\\/\\\/x.com\\\/bellunopress\",\"https:\\\/\\\/www.linkedin.com\\\/hp\\\/?dnr=JBzUWaJfMUw8vbXJJ2tVW5-I3jZKvC4wsoxE&amp;amp;amp;amp;amp;amp;trk=nav_responsive_tab_home\",\"https:\\\/\\\/www.youtube.com\\\/channel\\\/UCxL0wu1uN0_3_7hGG0306cw\"]},{\"@type\":\"Person\",\"@id\":\"https:\\\/\\\/www.bellunopress.it\\\/#\\\/schema\\\/person\\\/79bb06722b37ece1c03d3e94beb30d73\",\"name\":\"redazione\",\"image\":{\"@type\":\"ImageObject\",\"inLanguage\":\"fr-FR\",\"@id\":\"https:\\\/\\\/secure.gravatar.com\\\/avatar\\\/37d968a2e67a6fd04c169c4bdef102d0bc5d31b2546345219e348575eb80e9a0?s=96&d=mm&r=g\",\"url\":\"https:\\\/\\\/secure.gravatar.com\\\/avatar\\\/37d968a2e67a6fd04c169c4bdef102d0bc5d31b2546345219e348575eb80e9a0?s=96&d=mm&r=g\",\"contentUrl\":\"https:\\\/\\\/secure.gravatar.com\\\/avatar\\\/37d968a2e67a6fd04c169c4bdef102d0bc5d31b2546345219e348575eb80e9a0?s=96&d=mm&r=g\",\"caption\":\"redazione\"},\"sameAs\":[\"http:\\\/\\\/www.bellunopress.it\",\"https:\\\/\\\/x.com\\\/bellunopress\"],\"url\":\"https:\\\/\\\/www.bellunopress.it\\\/fr\\\/author\\\/redazione\\\/\"}]}<\/script>\n<!-- \/ Yoast SEO plugin. -->","yoast_head_json":{"title":"\u00abNon dimenticare un solo nome\u00bb: a Feltre un sudario per le piccole vittime di Gaza - Bellunopress - Dolomiti","robots":{"index":"index","follow":"follow","max-snippet":"max-snippet:-1","max-image-preview":"max-image-preview:large","max-video-preview":"max-video-preview:-1"},"canonical":"https:\/\/www.bellunopress.it\/fr\/2026\/02\/26\/non-dimenticare-un-solo-nome-a-feltre-un-sudario-per-le-piccole-vittime-di-gaza\/","og_locale":"fr_FR","og_type":"article","og_title":"\u00abNon dimenticare un solo nome\u00bb: a Feltre un sudario per le piccole vittime di Gaza - Bellunopress - Dolomiti","og_description":"Sabato 28 febbraio, davanti al Duomo di Feltre, una manifestazione per la Palestina. In piazza il &#8220;sudario&#8221; della Carnia con migliaia di nomi di bambini e la maxi bandiera cucita a Castel Tesino. Feltre, 26\/02\/2026\u2013 Centinaia di nomi scritti sulla stoffa per restituire identit\u00e0 a chi \u00e8 diventato solo un numero nelle statistiche di guerra. [&hellip;]","og_url":"https:\/\/www.bellunopress.it\/fr\/2026\/02\/26\/non-dimenticare-un-solo-nome-a-feltre-un-sudario-per-le-piccole-vittime-di-gaza\/","og_site_name":"Bellunopress - Dolomiti","article_publisher":"https:\/\/www.facebook.com\/profile.php?id=100008943462799","article_published_time":"2026-02-26T15:19:38+00:00","og_image":[{"width":386,"height":500,"url":"https:\/\/www.bellunopress.it\/wp-content\/uploads\/2026\/02\/Feltre-per-la-Palestina.jpeg","type":"image\/jpeg"}],"author":"redazione","twitter_card":"summary_large_image","twitter_creator":"@bellunopress","twitter_site":"@bellunopress","twitter_misc":{"\u00c9crit par":"redazione","Dur\u00e9e de lecture estim\u00e9e":"2 minutes"},"schema":{"@context":"https:\/\/schema.org","@graph":[{"@type":"Article","@id":"https:\/\/www.bellunopress.it\/2026\/02\/26\/non-dimenticare-un-solo-nome-a-feltre-un-sudario-per-le-piccole-vittime-di-gaza\/#article","isPartOf":{"@id":"https:\/\/www.bellunopress.it\/2026\/02\/26\/non-dimenticare-un-solo-nome-a-feltre-un-sudario-per-le-piccole-vittime-di-gaza\/"},"author":{"name":"redazione","@id":"https:\/\/www.bellunopress.it\/#\/schema\/person\/79bb06722b37ece1c03d3e94beb30d73"},"headline":"\u00abNon dimenticare un solo nome\u00bb: a Feltre un sudario per le piccole vittime di Gaza","datePublished":"2026-02-26T15:19:38+00:00","mainEntityOfPage":{"@id":"https:\/\/www.bellunopress.it\/2026\/02\/26\/non-dimenticare-un-solo-nome-a-feltre-un-sudario-per-le-piccole-vittime-di-gaza\/"},"wordCount":376,"publisher":{"@id":"https:\/\/www.bellunopress.it\/#organization"},"image":{"@id":"https:\/\/www.bellunopress.it\/2026\/02\/26\/non-dimenticare-un-solo-nome-a-feltre-un-sudario-per-le-piccole-vittime-di-gaza\/#primaryimage"},"thumbnailUrl":"https:\/\/www.bellunopress.it\/wp-content\/uploads\/2026\/02\/Feltre-per-la-Palestina.jpeg","articleSection":["Prima Pagina","Societ\u00e0, Associazioni, Istituzioni"],"inLanguage":"fr-FR"},{"@type":"WebPage","@id":"https:\/\/www.bellunopress.it\/2026\/02\/26\/non-dimenticare-un-solo-nome-a-feltre-un-sudario-per-le-piccole-vittime-di-gaza\/","url":"https:\/\/www.bellunopress.it\/2026\/02\/26\/non-dimenticare-un-solo-nome-a-feltre-un-sudario-per-le-piccole-vittime-di-gaza\/","name":"\u00abNon dimenticare un solo nome\u00bb: a Feltre un sudario per le piccole vittime di Gaza - Bellunopress - Dolomiti","isPartOf":{"@id":"https:\/\/www.bellunopress.it\/#website"},"primaryImageOfPage":{"@id":"https:\/\/www.bellunopress.it\/2026\/02\/26\/non-dimenticare-un-solo-nome-a-feltre-un-sudario-per-le-piccole-vittime-di-gaza\/#primaryimage"},"image":{"@id":"https:\/\/www.bellunopress.it\/2026\/02\/26\/non-dimenticare-un-solo-nome-a-feltre-un-sudario-per-le-piccole-vittime-di-gaza\/#primaryimage"},"thumbnailUrl":"https:\/\/www.bellunopress.it\/wp-content\/uploads\/2026\/02\/Feltre-per-la-Palestina.jpeg","datePublished":"2026-02-26T15:19:38+00:00","breadcrumb":{"@id":"https:\/\/www.bellunopress.it\/2026\/02\/26\/non-dimenticare-un-solo-nome-a-feltre-un-sudario-per-le-piccole-vittime-di-gaza\/#breadcrumb"},"inLanguage":"fr-FR","potentialAction":[{"@type":"ReadAction","target":["https:\/\/www.bellunopress.it\/2026\/02\/26\/non-dimenticare-un-solo-nome-a-feltre-un-sudario-per-le-piccole-vittime-di-gaza\/"]}]},{"@type":"ImageObject","inLanguage":"fr-FR","@id":"https:\/\/www.bellunopress.it\/2026\/02\/26\/non-dimenticare-un-solo-nome-a-feltre-un-sudario-per-le-piccole-vittime-di-gaza\/#primaryimage","url":"https:\/\/www.bellunopress.it\/wp-content\/uploads\/2026\/02\/Feltre-per-la-Palestina.jpeg","contentUrl":"https:\/\/www.bellunopress.it\/wp-content\/uploads\/2026\/02\/Feltre-per-la-Palestina.jpeg","width":386,"height":500},{"@type":"BreadcrumbList","@id":"https:\/\/www.bellunopress.it\/2026\/02\/26\/non-dimenticare-un-solo-nome-a-feltre-un-sudario-per-le-piccole-vittime-di-gaza\/#breadcrumb","itemListElement":[{"@type":"ListItem","position":1,"name":"Home","item":"https:\/\/www.bellunopress.it\/"},{"@type":"ListItem","position":2,"name":"\u00abNon dimenticare un solo nome\u00bb: a Feltre un sudario per le piccole vittime di Gaza"}]},{"@type":"WebSite","@id":"https:\/\/www.bellunopress.it\/#website","url":"https:\/\/www.bellunopress.it\/","name":"Bellunopress - Dolomiti","description":"e-mail: redazione@bellunopress.it","publisher":{"@id":"https:\/\/www.bellunopress.it\/#organization"},"potentialAction":[{"@type":"SearchAction","target":{"@type":"EntryPoint","urlTemplate":"https:\/\/www.bellunopress.it\/?s={search_term_string}"},"query-input":{"@type":"PropertyValueSpecification","valueRequired":true,"valueName":"search_term_string"}}],"inLanguage":"fr-FR"},{"@type":"Organization","@id":"https:\/\/www.bellunopress.it\/#organization","name":"Bellunopress","url":"https:\/\/www.bellunopress.it\/","logo":{"@type":"ImageObject","inLanguage":"fr-FR","@id":"https:\/\/www.bellunopress.it\/#\/schema\/logo\/image\/","url":"https:\/\/www.bellunopress.it\/wp-content\/uploads\/2011\/05\/cropped-logo-bellunopress-.jpg","contentUrl":"https:\/\/www.bellunopress.it\/wp-content\/uploads\/2011\/05\/cropped-logo-bellunopress-.jpg","width":512,"height":512,"caption":"Bellunopress"},"image":{"@id":"https:\/\/www.bellunopress.it\/#\/schema\/logo\/image\/"},"sameAs":["https:\/\/www.facebook.com\/profile.php?id=100008943462799","https:\/\/x.com\/bellunopress","https:\/\/www.linkedin.com\/hp\/?dnr=JBzUWaJfMUw8vbXJJ2tVW5-I3jZKvC4wsoxE&amp;amp;amp;amp;amp;amp;trk=nav_responsive_tab_home","https:\/\/www.youtube.com\/channel\/UCxL0wu1uN0_3_7hGG0306cw"]},{"@type":"Person","@id":"https:\/\/www.bellunopress.it\/#\/schema\/person\/79bb06722b37ece1c03d3e94beb30d73","name":"r\u00e9daction","image":{"@type":"ImageObject","inLanguage":"fr-FR","@id":"https:\/\/secure.gravatar.com\/avatar\/37d968a2e67a6fd04c169c4bdef102d0bc5d31b2546345219e348575eb80e9a0?s=96&d=mm&r=g","url":"https:\/\/secure.gravatar.com\/avatar\/37d968a2e67a6fd04c169c4bdef102d0bc5d31b2546345219e348575eb80e9a0?s=96&d=mm&r=g","contentUrl":"https:\/\/secure.gravatar.com\/avatar\/37d968a2e67a6fd04c169c4bdef102d0bc5d31b2546345219e348575eb80e9a0?s=96&d=mm&r=g","caption":"redazione"},"sameAs":["http:\/\/www.bellunopress.it","https:\/\/x.com\/bellunopress"],"url":"https:\/\/www.bellunopress.it\/fr\/author\/redazione\/"}]}},"_links":{"self":[{"href":"https:\/\/www.bellunopress.it\/fr\/wp-json\/wp\/v2\/posts\/167742","targetHints":{"allow":["GET"]}}],"collection":[{"href":"https:\/\/www.bellunopress.it\/fr\/wp-json\/wp\/v2\/posts"}],"about":[{"href":"https:\/\/www.bellunopress.it\/fr\/wp-json\/wp\/v2\/types\/post"}],"author":[{"embeddable":true,"href":"https:\/\/www.bellunopress.it\/fr\/wp-json\/wp\/v2\/users\/2"}],"replies":[{"embeddable":true,"href":"https:\/\/www.bellunopress.it\/fr\/wp-json\/wp\/v2\/comments?post=167742"}],"version-history":[{"count":1,"href":"https:\/\/www.bellunopress.it\/fr\/wp-json\/wp\/v2\/posts\/167742\/revisions"}],"predecessor-version":[{"id":167744,"href":"https:\/\/www.bellunopress.it\/fr\/wp-json\/wp\/v2\/posts\/167742\/revisions\/167744"}],"wp:featuredmedia":[{"embeddable":true,"href":"https:\/\/www.bellunopress.it\/fr\/wp-json\/wp\/v2\/media\/167743"}],"wp:attachment":[{"href":"https:\/\/www.bellunopress.it\/fr\/wp-json\/wp\/v2\/media?parent=167742"}],"wp:term":[{"taxonomy":"category","embeddable":true,"href":"https:\/\/www.bellunopress.it\/fr\/wp-json\/wp\/v2\/categories?post=167742"},{"taxonomy":"post_tag","embeddable":true,"href":"https:\/\/www.bellunopress.it\/fr\/wp-json\/wp\/v2\/tags?post=167742"}],"curies":[{"name":"wp","href":"https:\/\/api.w.org\/{rel}","templated":true}]}}