{"id":167739,"date":"2026-02-26T16:11:54","date_gmt":"2026-02-26T15:11:54","guid":{"rendered":"https:\/\/www.bellunopress.it\/?p=167739"},"modified":"2026-02-26T16:11:54","modified_gmt":"2026-02-26T15:11:54","slug":"un-manager-bellunese-ai-vertici-mondiali-del-freddo-michele-ampezzan-nominato-cco-di-lu-ve","status":"publish","type":"post","link":"https:\/\/www.bellunopress.it\/fr\/2026\/02\/26\/un-manager-bellunese-ai-vertici-mondiali-del-freddo-michele-ampezzan-nominato-cco-di-lu-ve\/","title":{"rendered":"Un manager bellunese ai vertici mondiali del freddo: Michele Ampezzan nominato CCO di LU-VE"},"content":{"rendered":"<p data-path-to-node=\"4\"><b data-path-to-node=\"4\" data-index-in-node=\"0\">Il professionista guider\u00e0 la strategia commerciale globale della multinazionale quotata in Borsa. Un altro successo per la &#8220;scuola&#8221; bellunese del comparto HVAC.<\/b><\/p>\n<p data-path-to-node=\"5\">Belluno\/Uboldo 26\/02\/2026 \u2013 C\u2019\u00e8 ancora una volta il &#8220;saper fare&#8221; bellunese dietro i successi della grande industria del freddo. Michele Ampezzan, manager originario di Belluno, \u00e8 stato nominato Chief Commercial Officer (CCO) di LU-VE S.p.A., colosso varesino leader mondiale negli scambiatori di calore e quotato sul mercato Euronext STAR di Milano.<\/p>\n<p data-path-to-node=\"6\">Una nomina di assoluto rilievo che affida a un figlio della nostra terra la governance commerciale di entrambe le linee strategiche del Gruppo: la &#8220;Cooling&#8221; (sistemi ventilati) e la &#8220;Components&#8221; (prodotti statici). Ampezzan avr\u00e0 il compito di guidare l&#8217;espansione della multinazionale in mercati chiave come Europa, America e Asia.<\/p>\n<p data-path-to-node=\"8\">La storia professionale di Ampezzan \u00e8 l&#8217;esempio di come le competenze maturate nel distretto bellunese siano un passaporto per l&#8217;eccellenza. Prima di entrare nel Gruppo LU-VE nel 2009, il manager aveva gi\u00e0 consolidato la propria esperienza nel settore HVAC&amp;R (riscaldamento, ventilazione e refrigerazione), un ambito che vede la provincia di Belluno storicamente ai vertici mondiali.<\/p>\n<p data-path-to-node=\"9\">In oltre quindici anni all&#8217;interno della multinazionale, Ampezzan ha ricoperto ruoli di crescente responsabilit\u00e0, da Direttore Commerciale della Business Unit Components a Managing Director di una delle societ\u00e0 controllate, dimostrando doti strategiche che oggi lo portano a gestire una rete che serve oltre 100 Paesi.<\/p>\n<p data-path-to-node=\"11\">Il nuovo incarico arriva in un momento cruciale per il settore. Ampezzan sar\u00e0 infatti l&#8217;uomo di punta per spingere l&#8217;offerta tecnologica di LU-VE verso soluzioni ad alta efficienza energetica e l&#8217;uso di refrigeranti naturali, rispondendo alla crescente domanda di sostenibilit\u00e0 ambientale.<\/p>\n<p data-path-to-node=\"12\">\u00abL\u2019obiettivo \u00e8 rafforzare la vicinanza al cliente e favorire l\u2019integrazione tra le diverse aree geografiche\u00bb, fanno sapere dall&#8217;azienda. Un compito ambizioso per un gigante che conta oltre 4.000 dipendenti e 20 stabilimenti produttivi nel mondo, ma che continua a guardare al talento dei distretti d&#8217;eccellenza italiani per alimentare la propria crescita.<\/p>\n<p data-path-to-node=\"14\">La nomina di Ampezzan viene accolta con soddisfazione nel Bellunese, confermando la capacit\u00e0 del territorio di esportare manager di alto profilo capaci di imporsi in contesti internazionali complessi. Per LU-VE, la scelta del manager bellunese rappresenta una garanzia di continuit\u00e0 e competenza in un settore dove l&#8217;innovazione corre veloce e dove le radici tecniche fanno ancora la differenza.<\/p>","protected":false},"excerpt":{"rendered":"<p>Il professionista guider\u00e0 la strategia commerciale globale della multinazionale quotata in Borsa. Un altro successo per la &#8220;scuola&#8221; bellunese del comparto HVAC. Belluno\/Uboldo 26\/02\/2026 \u2013 C\u2019\u00e8 ancora una volta il &#8220;saper fare&#8221; bellunese dietro i successi della grande industria del freddo. Michele Ampezzan, manager originario di Belluno, \u00e8 stato nominato Chief Commercial Officer (CCO) di [&hellip;]<\/p>\n","protected":false},"author":2,"featured_media":167740,"comment_status":"closed","ping_status":"open","sticky":false,"template":"","format":"standard","meta":{"footnotes":""},"categories":[36,26],"tags":[],"class_list":["post-167739","post","type-post","status-publish","format-standard","has-post-thumbnail","category-lavoro-economia","category-prima-pagina"],"yoast_head":"<!-- This site is optimized with the Yoast SEO plugin v28.4 - https:\/\/yoast.com\/product\/yoast-seo-wordpress\/ -->\n<title>Un manager bellunese ai vertici mondiali del freddo: Michele Ampezzan nominato CCO di LU-VE - Bellunopress - Dolomiti<\/title>\n<meta name=\"robots\" content=\"index, follow, max-snippet:-1, max-image-preview:large, max-video-preview:-1\" \/>\n<link rel=\"canonical\" href=\"https:\/\/www.bellunopress.it\/fr\/2026\/02\/26\/un-manager-bellunese-ai-vertici-mondiali-del-freddo-michele-ampezzan-nominato-cco-di-lu-ve\/\" \/>\n<meta property=\"og:locale\" content=\"fr_FR\" \/>\n<meta property=\"og:type\" content=\"article\" \/>\n<meta property=\"og:title\" content=\"Un manager bellunese ai vertici mondiali del freddo: Michele Ampezzan nominato CCO di LU-VE - Bellunopress - Dolomiti\" \/>\n<meta property=\"og:description\" content=\"Il professionista guider\u00e0 la strategia commerciale globale della multinazionale quotata in Borsa. Un altro successo per la &#8220;scuola&#8221; bellunese del comparto HVAC. Belluno\/Uboldo 26\/02\/2026 \u2013 C\u2019\u00e8 ancora una volta il &#8220;saper fare&#8221; bellunese dietro i successi della grande industria del freddo. Michele Ampezzan, manager originario di Belluno, \u00e8 stato nominato Chief Commercial Officer (CCO) di [&hellip;]\" \/>\n<meta property=\"og:url\" content=\"https:\/\/www.bellunopress.it\/fr\/2026\/02\/26\/un-manager-bellunese-ai-vertici-mondiali-del-freddo-michele-ampezzan-nominato-cco-di-lu-ve\/\" \/>\n<meta property=\"og:site_name\" content=\"Bellunopress - Dolomiti\" \/>\n<meta property=\"article:publisher\" content=\"https:\/\/www.facebook.com\/profile.php?id=100008943462799\" \/>\n<meta property=\"article:published_time\" content=\"2026-02-26T15:11:54+00:00\" \/>\n<meta property=\"og:image\" content=\"https:\/\/www.bellunopress.it\/wp-content\/uploads\/2026\/02\/Michele-Ampezzan-Chief-Commercial-Officer-LUVE.jpg\" \/>\n\t<meta property=\"og:image:width\" content=\"500\" \/>\n\t<meta property=\"og:image:height\" content=\"391\" \/>\n\t<meta property=\"og:image:type\" content=\"image\/jpeg\" \/>\n<meta name=\"author\" content=\"redazione\" \/>\n<meta name=\"twitter:card\" content=\"summary_large_image\" \/>\n<meta name=\"twitter:creator\" content=\"@bellunopress\" \/>\n<meta name=\"twitter:site\" content=\"@bellunopress\" \/>\n<meta name=\"twitter:label1\" content=\"\u00c9crit par\" \/>\n\t<meta name=\"twitter:data1\" content=\"redazione\" \/>\n\t<meta name=\"twitter:label2\" content=\"Dur\u00e9e de lecture estim\u00e9e\" \/>\n\t<meta name=\"twitter:data2\" content=\"2 minutes\" \/>\n<script type=\"application\/ld+json\" class=\"yoast-schema-graph\">{\"@context\":\"https:\\\/\\\/schema.org\",\"@graph\":[{\"@type\":\"Article\",\"@id\":\"https:\\\/\\\/www.bellunopress.it\\\/2026\\\/02\\\/26\\\/un-manager-bellunese-ai-vertici-mondiali-del-freddo-michele-ampezzan-nominato-cco-di-lu-ve\\\/#article\",\"isPartOf\":{\"@id\":\"https:\\\/\\\/www.bellunopress.it\\\/2026\\\/02\\\/26\\\/un-manager-bellunese-ai-vertici-mondiali-del-freddo-michele-ampezzan-nominato-cco-di-lu-ve\\\/\"},\"author\":{\"name\":\"redazione\",\"@id\":\"https:\\\/\\\/www.bellunopress.it\\\/#\\\/schema\\\/person\\\/79bb06722b37ece1c03d3e94beb30d73\"},\"headline\":\"Un manager bellunese ai vertici mondiali del freddo: Michele Ampezzan nominato CCO di LU-VE\",\"datePublished\":\"2026-02-26T15:11:54+00:00\",\"mainEntityOfPage\":{\"@id\":\"https:\\\/\\\/www.bellunopress.it\\\/2026\\\/02\\\/26\\\/un-manager-bellunese-ai-vertici-mondiali-del-freddo-michele-ampezzan-nominato-cco-di-lu-ve\\\/\"},\"wordCount\":394,\"publisher\":{\"@id\":\"https:\\\/\\\/www.bellunopress.it\\\/#organization\"},\"image\":{\"@id\":\"https:\\\/\\\/www.bellunopress.it\\\/2026\\\/02\\\/26\\\/un-manager-bellunese-ai-vertici-mondiali-del-freddo-michele-ampezzan-nominato-cco-di-lu-ve\\\/#primaryimage\"},\"thumbnailUrl\":\"https:\\\/\\\/www.bellunopress.it\\\/wp-content\\\/uploads\\\/2026\\\/02\\\/Michele-Ampezzan-Chief-Commercial-Officer-LUVE.jpg\",\"articleSection\":[\"Lavoro, Economia, Turismo\",\"Prima Pagina\"],\"inLanguage\":\"fr-FR\"},{\"@type\":\"WebPage\",\"@id\":\"https:\\\/\\\/www.bellunopress.it\\\/2026\\\/02\\\/26\\\/un-manager-bellunese-ai-vertici-mondiali-del-freddo-michele-ampezzan-nominato-cco-di-lu-ve\\\/\",\"url\":\"https:\\\/\\\/www.bellunopress.it\\\/2026\\\/02\\\/26\\\/un-manager-bellunese-ai-vertici-mondiali-del-freddo-michele-ampezzan-nominato-cco-di-lu-ve\\\/\",\"name\":\"Un manager bellunese ai vertici mondiali del freddo: Michele Ampezzan nominato CCO di LU-VE - Bellunopress - Dolomiti\",\"isPartOf\":{\"@id\":\"https:\\\/\\\/www.bellunopress.it\\\/#website\"},\"primaryImageOfPage\":{\"@id\":\"https:\\\/\\\/www.bellunopress.it\\\/2026\\\/02\\\/26\\\/un-manager-bellunese-ai-vertici-mondiali-del-freddo-michele-ampezzan-nominato-cco-di-lu-ve\\\/#primaryimage\"},\"image\":{\"@id\":\"https:\\\/\\\/www.bellunopress.it\\\/2026\\\/02\\\/26\\\/un-manager-bellunese-ai-vertici-mondiali-del-freddo-michele-ampezzan-nominato-cco-di-lu-ve\\\/#primaryimage\"},\"thumbnailUrl\":\"https:\\\/\\\/www.bellunopress.it\\\/wp-content\\\/uploads\\\/2026\\\/02\\\/Michele-Ampezzan-Chief-Commercial-Officer-LUVE.jpg\",\"datePublished\":\"2026-02-26T15:11:54+00:00\",\"breadcrumb\":{\"@id\":\"https:\\\/\\\/www.bellunopress.it\\\/2026\\\/02\\\/26\\\/un-manager-bellunese-ai-vertici-mondiali-del-freddo-michele-ampezzan-nominato-cco-di-lu-ve\\\/#breadcrumb\"},\"inLanguage\":\"fr-FR\",\"potentialAction\":[{\"@type\":\"ReadAction\",\"target\":[\"https:\\\/\\\/www.bellunopress.it\\\/2026\\\/02\\\/26\\\/un-manager-bellunese-ai-vertici-mondiali-del-freddo-michele-ampezzan-nominato-cco-di-lu-ve\\\/\"]}]},{\"@type\":\"ImageObject\",\"inLanguage\":\"fr-FR\",\"@id\":\"https:\\\/\\\/www.bellunopress.it\\\/2026\\\/02\\\/26\\\/un-manager-bellunese-ai-vertici-mondiali-del-freddo-michele-ampezzan-nominato-cco-di-lu-ve\\\/#primaryimage\",\"url\":\"https:\\\/\\\/www.bellunopress.it\\\/wp-content\\\/uploads\\\/2026\\\/02\\\/Michele-Ampezzan-Chief-Commercial-Officer-LUVE.jpg\",\"contentUrl\":\"https:\\\/\\\/www.bellunopress.it\\\/wp-content\\\/uploads\\\/2026\\\/02\\\/Michele-Ampezzan-Chief-Commercial-Officer-LUVE.jpg\",\"width\":500,\"height\":391,\"caption\":\"Michele Ampezza - Chief Commercial Officer LUVE\"},{\"@type\":\"BreadcrumbList\",\"@id\":\"https:\\\/\\\/www.bellunopress.it\\\/2026\\\/02\\\/26\\\/un-manager-bellunese-ai-vertici-mondiali-del-freddo-michele-ampezzan-nominato-cco-di-lu-ve\\\/#breadcrumb\",\"itemListElement\":[{\"@type\":\"ListItem\",\"position\":1,\"name\":\"Home\",\"item\":\"https:\\\/\\\/www.bellunopress.it\\\/\"},{\"@type\":\"ListItem\",\"position\":2,\"name\":\"Un manager bellunese ai vertici mondiali del freddo: Michele Ampezzan nominato CCO di LU-VE\"}]},{\"@type\":\"WebSite\",\"@id\":\"https:\\\/\\\/www.bellunopress.it\\\/#website\",\"url\":\"https:\\\/\\\/www.bellunopress.it\\\/\",\"name\":\"Bellunopress - Dolomiti\",\"description\":\"e-mail: redazione@bellunopress.it\",\"publisher\":{\"@id\":\"https:\\\/\\\/www.bellunopress.it\\\/#organization\"},\"potentialAction\":[{\"@type\":\"SearchAction\",\"target\":{\"@type\":\"EntryPoint\",\"urlTemplate\":\"https:\\\/\\\/www.bellunopress.it\\\/?s={search_term_string}\"},\"query-input\":{\"@type\":\"PropertyValueSpecification\",\"valueRequired\":true,\"valueName\":\"search_term_string\"}}],\"inLanguage\":\"fr-FR\"},{\"@type\":\"Organization\",\"@id\":\"https:\\\/\\\/www.bellunopress.it\\\/#organization\",\"name\":\"Bellunopress\",\"url\":\"https:\\\/\\\/www.bellunopress.it\\\/\",\"logo\":{\"@type\":\"ImageObject\",\"inLanguage\":\"fr-FR\",\"@id\":\"https:\\\/\\\/www.bellunopress.it\\\/#\\\/schema\\\/logo\\\/image\\\/\",\"url\":\"https:\\\/\\\/www.bellunopress.it\\\/wp-content\\\/uploads\\\/2011\\\/05\\\/cropped-logo-bellunopress-.jpg\",\"contentUrl\":\"https:\\\/\\\/www.bellunopress.it\\\/wp-content\\\/uploads\\\/2011\\\/05\\\/cropped-logo-bellunopress-.jpg\",\"width\":512,\"height\":512,\"caption\":\"Bellunopress\"},\"image\":{\"@id\":\"https:\\\/\\\/www.bellunopress.it\\\/#\\\/schema\\\/logo\\\/image\\\/\"},\"sameAs\":[\"https:\\\/\\\/www.facebook.com\\\/profile.php?id=100008943462799\",\"https:\\\/\\\/x.com\\\/bellunopress\",\"https:\\\/\\\/www.linkedin.com\\\/hp\\\/?dnr=JBzUWaJfMUw8vbXJJ2tVW5-I3jZKvC4wsoxE&amp;amp;amp;amp;amp;amp;trk=nav_responsive_tab_home\",\"https:\\\/\\\/www.youtube.com\\\/channel\\\/UCxL0wu1uN0_3_7hGG0306cw\"]},{\"@type\":\"Person\",\"@id\":\"https:\\\/\\\/www.bellunopress.it\\\/#\\\/schema\\\/person\\\/79bb06722b37ece1c03d3e94beb30d73\",\"name\":\"redazione\",\"image\":{\"@type\":\"ImageObject\",\"inLanguage\":\"fr-FR\",\"@id\":\"https:\\\/\\\/secure.gravatar.com\\\/avatar\\\/37d968a2e67a6fd04c169c4bdef102d0bc5d31b2546345219e348575eb80e9a0?s=96&d=mm&r=g\",\"url\":\"https:\\\/\\\/secure.gravatar.com\\\/avatar\\\/37d968a2e67a6fd04c169c4bdef102d0bc5d31b2546345219e348575eb80e9a0?s=96&d=mm&r=g\",\"contentUrl\":\"https:\\\/\\\/secure.gravatar.com\\\/avatar\\\/37d968a2e67a6fd04c169c4bdef102d0bc5d31b2546345219e348575eb80e9a0?s=96&d=mm&r=g\",\"caption\":\"redazione\"},\"sameAs\":[\"http:\\\/\\\/www.bellunopress.it\",\"https:\\\/\\\/x.com\\\/bellunopress\"],\"url\":\"https:\\\/\\\/www.bellunopress.it\\\/fr\\\/author\\\/redazione\\\/\"}]}<\/script>\n<!-- \/ Yoast SEO plugin. -->","yoast_head_json":{"title":"Un manager bellunese ai vertici mondiali del freddo: Michele Ampezzan nominato CCO di LU-VE - Bellunopress - Dolomiti","robots":{"index":"index","follow":"follow","max-snippet":"max-snippet:-1","max-image-preview":"max-image-preview:large","max-video-preview":"max-video-preview:-1"},"canonical":"https:\/\/www.bellunopress.it\/fr\/2026\/02\/26\/un-manager-bellunese-ai-vertici-mondiali-del-freddo-michele-ampezzan-nominato-cco-di-lu-ve\/","og_locale":"fr_FR","og_type":"article","og_title":"Un manager bellunese ai vertici mondiali del freddo: Michele Ampezzan nominato CCO di LU-VE - Bellunopress - Dolomiti","og_description":"Il professionista guider\u00e0 la strategia commerciale globale della multinazionale quotata in Borsa. Un altro successo per la &#8220;scuola&#8221; bellunese del comparto HVAC. Belluno\/Uboldo 26\/02\/2026 \u2013 C\u2019\u00e8 ancora una volta il &#8220;saper fare&#8221; bellunese dietro i successi della grande industria del freddo. Michele Ampezzan, manager originario di Belluno, \u00e8 stato nominato Chief Commercial Officer (CCO) di [&hellip;]","og_url":"https:\/\/www.bellunopress.it\/fr\/2026\/02\/26\/un-manager-bellunese-ai-vertici-mondiali-del-freddo-michele-ampezzan-nominato-cco-di-lu-ve\/","og_site_name":"Bellunopress - Dolomiti","article_publisher":"https:\/\/www.facebook.com\/profile.php?id=100008943462799","article_published_time":"2026-02-26T15:11:54+00:00","og_image":[{"width":500,"height":391,"url":"https:\/\/www.bellunopress.it\/wp-content\/uploads\/2026\/02\/Michele-Ampezzan-Chief-Commercial-Officer-LUVE.jpg","type":"image\/jpeg"}],"author":"redazione","twitter_card":"summary_large_image","twitter_creator":"@bellunopress","twitter_site":"@bellunopress","twitter_misc":{"\u00c9crit par":"redazione","Dur\u00e9e de lecture estim\u00e9e":"2 minutes"},"schema":{"@context":"https:\/\/schema.org","@graph":[{"@type":"Article","@id":"https:\/\/www.bellunopress.it\/2026\/02\/26\/un-manager-bellunese-ai-vertici-mondiali-del-freddo-michele-ampezzan-nominato-cco-di-lu-ve\/#article","isPartOf":{"@id":"https:\/\/www.bellunopress.it\/2026\/02\/26\/un-manager-bellunese-ai-vertici-mondiali-del-freddo-michele-ampezzan-nominato-cco-di-lu-ve\/"},"author":{"name":"redazione","@id":"https:\/\/www.bellunopress.it\/#\/schema\/person\/79bb06722b37ece1c03d3e94beb30d73"},"headline":"Un manager bellunese ai vertici mondiali del freddo: Michele Ampezzan nominato CCO di LU-VE","datePublished":"2026-02-26T15:11:54+00:00","mainEntityOfPage":{"@id":"https:\/\/www.bellunopress.it\/2026\/02\/26\/un-manager-bellunese-ai-vertici-mondiali-del-freddo-michele-ampezzan-nominato-cco-di-lu-ve\/"},"wordCount":394,"publisher":{"@id":"https:\/\/www.bellunopress.it\/#organization"},"image":{"@id":"https:\/\/www.bellunopress.it\/2026\/02\/26\/un-manager-bellunese-ai-vertici-mondiali-del-freddo-michele-ampezzan-nominato-cco-di-lu-ve\/#primaryimage"},"thumbnailUrl":"https:\/\/www.bellunopress.it\/wp-content\/uploads\/2026\/02\/Michele-Ampezzan-Chief-Commercial-Officer-LUVE.jpg","articleSection":["Lavoro, Economia, Turismo","Prima Pagina"],"inLanguage":"fr-FR"},{"@type":"WebPage","@id":"https:\/\/www.bellunopress.it\/2026\/02\/26\/un-manager-bellunese-ai-vertici-mondiali-del-freddo-michele-ampezzan-nominato-cco-di-lu-ve\/","url":"https:\/\/www.bellunopress.it\/2026\/02\/26\/un-manager-bellunese-ai-vertici-mondiali-del-freddo-michele-ampezzan-nominato-cco-di-lu-ve\/","name":"Un manager bellunese ai vertici mondiali del freddo: Michele Ampezzan nominato CCO di LU-VE - Bellunopress - Dolomiti","isPartOf":{"@id":"https:\/\/www.bellunopress.it\/#website"},"primaryImageOfPage":{"@id":"https:\/\/www.bellunopress.it\/2026\/02\/26\/un-manager-bellunese-ai-vertici-mondiali-del-freddo-michele-ampezzan-nominato-cco-di-lu-ve\/#primaryimage"},"image":{"@id":"https:\/\/www.bellunopress.it\/2026\/02\/26\/un-manager-bellunese-ai-vertici-mondiali-del-freddo-michele-ampezzan-nominato-cco-di-lu-ve\/#primaryimage"},"thumbnailUrl":"https:\/\/www.bellunopress.it\/wp-content\/uploads\/2026\/02\/Michele-Ampezzan-Chief-Commercial-Officer-LUVE.jpg","datePublished":"2026-02-26T15:11:54+00:00","breadcrumb":{"@id":"https:\/\/www.bellunopress.it\/2026\/02\/26\/un-manager-bellunese-ai-vertici-mondiali-del-freddo-michele-ampezzan-nominato-cco-di-lu-ve\/#breadcrumb"},"inLanguage":"fr-FR","potentialAction":[{"@type":"ReadAction","target":["https:\/\/www.bellunopress.it\/2026\/02\/26\/un-manager-bellunese-ai-vertici-mondiali-del-freddo-michele-ampezzan-nominato-cco-di-lu-ve\/"]}]},{"@type":"ImageObject","inLanguage":"fr-FR","@id":"https:\/\/www.bellunopress.it\/2026\/02\/26\/un-manager-bellunese-ai-vertici-mondiali-del-freddo-michele-ampezzan-nominato-cco-di-lu-ve\/#primaryimage","url":"https:\/\/www.bellunopress.it\/wp-content\/uploads\/2026\/02\/Michele-Ampezzan-Chief-Commercial-Officer-LUVE.jpg","contentUrl":"https:\/\/www.bellunopress.it\/wp-content\/uploads\/2026\/02\/Michele-Ampezzan-Chief-Commercial-Officer-LUVE.jpg","width":500,"height":391,"caption":"Michele Ampezza - Chief Commercial Officer LUVE"},{"@type":"BreadcrumbList","@id":"https:\/\/www.bellunopress.it\/2026\/02\/26\/un-manager-bellunese-ai-vertici-mondiali-del-freddo-michele-ampezzan-nominato-cco-di-lu-ve\/#breadcrumb","itemListElement":[{"@type":"ListItem","position":1,"name":"Home","item":"https:\/\/www.bellunopress.it\/"},{"@type":"ListItem","position":2,"name":"Un manager bellunese ai vertici mondiali del freddo: Michele Ampezzan nominato CCO di LU-VE"}]},{"@type":"WebSite","@id":"https:\/\/www.bellunopress.it\/#website","url":"https:\/\/www.bellunopress.it\/","name":"Bellunopress - Dolomiti","description":"e-mail: redazione@bellunopress.it","publisher":{"@id":"https:\/\/www.bellunopress.it\/#organization"},"potentialAction":[{"@type":"SearchAction","target":{"@type":"EntryPoint","urlTemplate":"https:\/\/www.bellunopress.it\/?s={search_term_string}"},"query-input":{"@type":"PropertyValueSpecification","valueRequired":true,"valueName":"search_term_string"}}],"inLanguage":"fr-FR"},{"@type":"Organization","@id":"https:\/\/www.bellunopress.it\/#organization","name":"Bellunopress","url":"https:\/\/www.bellunopress.it\/","logo":{"@type":"ImageObject","inLanguage":"fr-FR","@id":"https:\/\/www.bellunopress.it\/#\/schema\/logo\/image\/","url":"https:\/\/www.bellunopress.it\/wp-content\/uploads\/2011\/05\/cropped-logo-bellunopress-.jpg","contentUrl":"https:\/\/www.bellunopress.it\/wp-content\/uploads\/2011\/05\/cropped-logo-bellunopress-.jpg","width":512,"height":512,"caption":"Bellunopress"},"image":{"@id":"https:\/\/www.bellunopress.it\/#\/schema\/logo\/image\/"},"sameAs":["https:\/\/www.facebook.com\/profile.php?id=100008943462799","https:\/\/x.com\/bellunopress","https:\/\/www.linkedin.com\/hp\/?dnr=JBzUWaJfMUw8vbXJJ2tVW5-I3jZKvC4wsoxE&amp;amp;amp;amp;amp;amp;trk=nav_responsive_tab_home","https:\/\/www.youtube.com\/channel\/UCxL0wu1uN0_3_7hGG0306cw"]},{"@type":"Person","@id":"https:\/\/www.bellunopress.it\/#\/schema\/person\/79bb06722b37ece1c03d3e94beb30d73","name":"r\u00e9daction","image":{"@type":"ImageObject","inLanguage":"fr-FR","@id":"https:\/\/secure.gravatar.com\/avatar\/37d968a2e67a6fd04c169c4bdef102d0bc5d31b2546345219e348575eb80e9a0?s=96&d=mm&r=g","url":"https:\/\/secure.gravatar.com\/avatar\/37d968a2e67a6fd04c169c4bdef102d0bc5d31b2546345219e348575eb80e9a0?s=96&d=mm&r=g","contentUrl":"https:\/\/secure.gravatar.com\/avatar\/37d968a2e67a6fd04c169c4bdef102d0bc5d31b2546345219e348575eb80e9a0?s=96&d=mm&r=g","caption":"redazione"},"sameAs":["http:\/\/www.bellunopress.it","https:\/\/x.com\/bellunopress"],"url":"https:\/\/www.bellunopress.it\/fr\/author\/redazione\/"}]}},"_links":{"self":[{"href":"https:\/\/www.bellunopress.it\/fr\/wp-json\/wp\/v2\/posts\/167739","targetHints":{"allow":["GET"]}}],"collection":[{"href":"https:\/\/www.bellunopress.it\/fr\/wp-json\/wp\/v2\/posts"}],"about":[{"href":"https:\/\/www.bellunopress.it\/fr\/wp-json\/wp\/v2\/types\/post"}],"author":[{"embeddable":true,"href":"https:\/\/www.bellunopress.it\/fr\/wp-json\/wp\/v2\/users\/2"}],"replies":[{"embeddable":true,"href":"https:\/\/www.bellunopress.it\/fr\/wp-json\/wp\/v2\/comments?post=167739"}],"version-history":[{"count":1,"href":"https:\/\/www.bellunopress.it\/fr\/wp-json\/wp\/v2\/posts\/167739\/revisions"}],"predecessor-version":[{"id":167741,"href":"https:\/\/www.bellunopress.it\/fr\/wp-json\/wp\/v2\/posts\/167739\/revisions\/167741"}],"wp:featuredmedia":[{"embeddable":true,"href":"https:\/\/www.bellunopress.it\/fr\/wp-json\/wp\/v2\/media\/167740"}],"wp:attachment":[{"href":"https:\/\/www.bellunopress.it\/fr\/wp-json\/wp\/v2\/media?parent=167739"}],"wp:term":[{"taxonomy":"category","embeddable":true,"href":"https:\/\/www.bellunopress.it\/fr\/wp-json\/wp\/v2\/categories?post=167739"},{"taxonomy":"post_tag","embeddable":true,"href":"https:\/\/www.bellunopress.it\/fr\/wp-json\/wp\/v2\/tags?post=167739"}],"curies":[{"name":"wp","href":"https:\/\/api.w.org\/{rel}","templated":true}]}}