{"id":167737,"date":"2026-02-26T15:59:18","date_gmt":"2026-02-26T14:59:18","guid":{"rendered":"https:\/\/www.bellunopress.it\/?p=167737"},"modified":"2026-02-26T15:59:18","modified_gmt":"2026-02-26T14:59:18","slug":"risarcimenti-covid-veneti-snobbati-rispetto-alla-sicilia-laffondo-di-szumski-e-lovat","status":"publish","type":"post","link":"https:\/\/www.bellunopress.it\/fr\/2026\/02\/26\/risarcimenti-covid-veneti-snobbati-rispetto-alla-sicilia-laffondo-di-szumski-e-lovat\/","title":{"rendered":"Risarcimenti Covid: &#8220;Veneti snobbati rispetto alla Sicilia&#8221;. L\u2019affondo di Szumski e Lovat"},"content":{"rendered":"<p data-path-to-node=\"3\">Venezia, 26\/02\/2026 \u2013 Il tema dei presunti danni da vaccino anti-Covid torna a scuotere il Consiglio regionale del Veneto. I consiglieri di <i data-path-to-node=\"3\" data-index-in-node=\"128\">Resistere Veneto<\/i>, Riccardo Szumski e Davide Lovat, hanno diffuso una nota durissima in cui denunciano una disparit\u00e0 di trattamento tra i cittadini veneti e quelli di altre regioni, citando un recente caso di cronaca avvenuto in Sicilia.<\/p>\n<p data-path-to-node=\"5\">Secondo gli esponenti di Resistere Veneto, mentre in Sicilia sarebbe stato riconosciuto un assegno vitale di risarcimento a un cittadino per danni da vaccinazione, in Veneto le richieste di assistenza specifica rimarrebbero inascoltate.<\/p>\n<p data-path-to-node=\"6\">&#8220;L&#8217;autonomia differenziata sembra gi\u00e0 in atto, ma a discapito dei veneti&#8221;, dichiarano Szumski e Lovat. &#8220;\u00c8 sorprendente che in altre Regioni i danni vengano gi\u00e0 riconosciuti, mentre ai nostri concittadini viene negata persino l&#8217;apertura di ambulatori dedicati. Vogliamo discriminare i veneti anche sulla salute?&#8221;.<\/p>\n<p data-path-to-node=\"8\">Il comunicato non risparmia critiche ai vertici della sanit\u00e0 veneta e alla giunta regionale. Nel mirino finisce in particolare l&#8217;assessore Gerosa, accusato di un cambio di rotta rispetto a una prima apertura al dialogo:<\/p>\n<blockquote data-path-to-node=\"9\">\n<h6 style=\"text-align: left;\" data-path-to-node=\"9,0\">&#8220;Non sono condivisibili gli atteggiamenti di chiusura del sistema sanitario e dell&#8217;Assessore Gerosa che, in un primo tempo, aveva acconsentito almeno al confronto. I vaccini sono farmaci e come tali possono avere eventi avversi gravi: \u00e8 un&#8217;evidenza scientifica, non politica.&#8221;<\/h6>\n<\/blockquote>\n<p data-path-to-node=\"11\">I due consiglieri contestano apertamente anche l&#8217;operato dell&#8217;Aifa (Agenzia Italiana del Farmaco), colpevole, a loro dire, di negare sistematicamente il nesso di causalit\u00e0 tra somministrazione e reazioni avverse. Un negazionismo che, secondo il movimento, verrebbe &#8220;smentito dai fatti&#8221; e dalle condizioni di salute riportate dai danneggiati.<\/p>\n<p data-path-to-node=\"12\">Il richiamo finale \u00e8 alla gestione della pandemia, definita dai consiglieri come un periodo di forti sperequazioni in cui il Veneto avrebbe subito regole &#8220;sempre pi\u00f9 restrittive che altrove&#8221;. La battaglia di Szumski e Lovat si sposta ora sul piano dell&#8217;assistenza clinica, con la richiesta ferma di istituire presidi medici dedicati a chi lamenta patologie post-vaccinali.<\/p>","protected":false},"excerpt":{"rendered":"<p>Venezia, 26\/02\/2026 \u2013 Il tema dei presunti danni da vaccino anti-Covid torna a scuotere il Consiglio regionale del Veneto. I consiglieri di Resistere Veneto, Riccardo Szumski e Davide Lovat, hanno diffuso una nota durissima in cui denunciano una disparit\u00e0 di trattamento tra i cittadini veneti e quelli di altre regioni, citando un recente caso di [&hellip;]<\/p>\n","protected":false},"author":2,"featured_media":166973,"comment_status":"closed","ping_status":"open","sticky":false,"template":"","format":"standard","meta":{"footnotes":""},"categories":[5,17],"tags":[],"class_list":["post-167737","post","type-post","status-publish","format-standard","has-post-thumbnail","category-cronaca","category-sanita"],"yoast_head":"<!-- This site is optimized with the Yoast SEO plugin v28.4 - https:\/\/yoast.com\/product\/yoast-seo-wordpress\/ -->\n<title>Risarcimenti Covid: &quot;Veneti snobbati rispetto alla Sicilia&quot;. L\u2019affondo di Szumski e Lovat - Bellunopress - Dolomiti<\/title>\n<meta name=\"robots\" content=\"index, follow, max-snippet:-1, max-image-preview:large, max-video-preview:-1\" \/>\n<link rel=\"canonical\" href=\"https:\/\/www.bellunopress.it\/fr\/2026\/02\/26\/risarcimenti-covid-veneti-snobbati-rispetto-alla-sicilia-laffondo-di-szumski-e-lovat\/\" \/>\n<meta property=\"og:locale\" content=\"fr_FR\" \/>\n<meta property=\"og:type\" content=\"article\" \/>\n<meta property=\"og:title\" content=\"Risarcimenti Covid: &quot;Veneti snobbati rispetto alla Sicilia&quot;. L\u2019affondo di Szumski e Lovat - Bellunopress - Dolomiti\" \/>\n<meta property=\"og:description\" content=\"Venezia, 26\/02\/2026 \u2013 Il tema dei presunti danni da vaccino anti-Covid torna a scuotere il Consiglio regionale del Veneto. I consiglieri di Resistere Veneto, Riccardo Szumski e Davide Lovat, hanno diffuso una nota durissima in cui denunciano una disparit\u00e0 di trattamento tra i cittadini veneti e quelli di altre regioni, citando un recente caso di [&hellip;]\" \/>\n<meta property=\"og:url\" content=\"https:\/\/www.bellunopress.it\/fr\/2026\/02\/26\/risarcimenti-covid-veneti-snobbati-rispetto-alla-sicilia-laffondo-di-szumski-e-lovat\/\" \/>\n<meta property=\"og:site_name\" content=\"Bellunopress - Dolomiti\" \/>\n<meta property=\"article:publisher\" content=\"https:\/\/www.facebook.com\/profile.php?id=100008943462799\" \/>\n<meta property=\"article:published_time\" content=\"2026-02-26T14:59:18+00:00\" \/>\n<meta property=\"og:image\" content=\"https:\/\/www.bellunopress.it\/wp-content\/uploads\/2026\/01\/Szumski-Resistere-Veneto.png\" \/>\n\t<meta property=\"og:image:width\" content=\"600\" \/>\n\t<meta property=\"og:image:height\" content=\"337\" \/>\n\t<meta property=\"og:image:type\" content=\"image\/png\" \/>\n<meta name=\"author\" content=\"redazione\" \/>\n<meta name=\"twitter:card\" content=\"summary_large_image\" \/>\n<meta name=\"twitter:creator\" content=\"@bellunopress\" \/>\n<meta name=\"twitter:site\" content=\"@bellunopress\" \/>\n<meta name=\"twitter:label1\" content=\"\u00c9crit par\" \/>\n\t<meta name=\"twitter:data1\" content=\"redazione\" \/>\n\t<meta name=\"twitter:label2\" content=\"Dur\u00e9e de lecture estim\u00e9e\" \/>\n\t<meta name=\"twitter:data2\" content=\"2 minutes\" \/>\n<script type=\"application\/ld+json\" class=\"yoast-schema-graph\">{\"@context\":\"https:\\\/\\\/schema.org\",\"@graph\":[{\"@type\":\"Article\",\"@id\":\"https:\\\/\\\/www.bellunopress.it\\\/2026\\\/02\\\/26\\\/risarcimenti-covid-veneti-snobbati-rispetto-alla-sicilia-laffondo-di-szumski-e-lovat\\\/#article\",\"isPartOf\":{\"@id\":\"https:\\\/\\\/www.bellunopress.it\\\/2026\\\/02\\\/26\\\/risarcimenti-covid-veneti-snobbati-rispetto-alla-sicilia-laffondo-di-szumski-e-lovat\\\/\"},\"author\":{\"name\":\"redazione\",\"@id\":\"https:\\\/\\\/www.bellunopress.it\\\/#\\\/schema\\\/person\\\/79bb06722b37ece1c03d3e94beb30d73\"},\"headline\":\"Risarcimenti Covid: &#8220;Veneti snobbati rispetto alla Sicilia&#8221;. L\u2019affondo di Szumski e Lovat\",\"datePublished\":\"2026-02-26T14:59:18+00:00\",\"mainEntityOfPage\":{\"@id\":\"https:\\\/\\\/www.bellunopress.it\\\/2026\\\/02\\\/26\\\/risarcimenti-covid-veneti-snobbati-rispetto-alla-sicilia-laffondo-di-szumski-e-lovat\\\/\"},\"wordCount\":328,\"publisher\":{\"@id\":\"https:\\\/\\\/www.bellunopress.it\\\/#organization\"},\"image\":{\"@id\":\"https:\\\/\\\/www.bellunopress.it\\\/2026\\\/02\\\/26\\\/risarcimenti-covid-veneti-snobbati-rispetto-alla-sicilia-laffondo-di-szumski-e-lovat\\\/#primaryimage\"},\"thumbnailUrl\":\"https:\\\/\\\/www.bellunopress.it\\\/wp-content\\\/uploads\\\/2026\\\/01\\\/Szumski-Resistere-Veneto.png\",\"articleSection\":[\"Cronaca\\\/Politica\",\"Sanit\u00e0 Medicina\"],\"inLanguage\":\"fr-FR\"},{\"@type\":\"WebPage\",\"@id\":\"https:\\\/\\\/www.bellunopress.it\\\/2026\\\/02\\\/26\\\/risarcimenti-covid-veneti-snobbati-rispetto-alla-sicilia-laffondo-di-szumski-e-lovat\\\/\",\"url\":\"https:\\\/\\\/www.bellunopress.it\\\/2026\\\/02\\\/26\\\/risarcimenti-covid-veneti-snobbati-rispetto-alla-sicilia-laffondo-di-szumski-e-lovat\\\/\",\"name\":\"Risarcimenti Covid: \\\"Veneti snobbati rispetto alla Sicilia\\\". L\u2019affondo di Szumski e Lovat - Bellunopress - Dolomiti\",\"isPartOf\":{\"@id\":\"https:\\\/\\\/www.bellunopress.it\\\/#website\"},\"primaryImageOfPage\":{\"@id\":\"https:\\\/\\\/www.bellunopress.it\\\/2026\\\/02\\\/26\\\/risarcimenti-covid-veneti-snobbati-rispetto-alla-sicilia-laffondo-di-szumski-e-lovat\\\/#primaryimage\"},\"image\":{\"@id\":\"https:\\\/\\\/www.bellunopress.it\\\/2026\\\/02\\\/26\\\/risarcimenti-covid-veneti-snobbati-rispetto-alla-sicilia-laffondo-di-szumski-e-lovat\\\/#primaryimage\"},\"thumbnailUrl\":\"https:\\\/\\\/www.bellunopress.it\\\/wp-content\\\/uploads\\\/2026\\\/01\\\/Szumski-Resistere-Veneto.png\",\"datePublished\":\"2026-02-26T14:59:18+00:00\",\"breadcrumb\":{\"@id\":\"https:\\\/\\\/www.bellunopress.it\\\/2026\\\/02\\\/26\\\/risarcimenti-covid-veneti-snobbati-rispetto-alla-sicilia-laffondo-di-szumski-e-lovat\\\/#breadcrumb\"},\"inLanguage\":\"fr-FR\",\"potentialAction\":[{\"@type\":\"ReadAction\",\"target\":[\"https:\\\/\\\/www.bellunopress.it\\\/2026\\\/02\\\/26\\\/risarcimenti-covid-veneti-snobbati-rispetto-alla-sicilia-laffondo-di-szumski-e-lovat\\\/\"]}]},{\"@type\":\"ImageObject\",\"inLanguage\":\"fr-FR\",\"@id\":\"https:\\\/\\\/www.bellunopress.it\\\/2026\\\/02\\\/26\\\/risarcimenti-covid-veneti-snobbati-rispetto-alla-sicilia-laffondo-di-szumski-e-lovat\\\/#primaryimage\",\"url\":\"https:\\\/\\\/www.bellunopress.it\\\/wp-content\\\/uploads\\\/2026\\\/01\\\/Szumski-Resistere-Veneto.png\",\"contentUrl\":\"https:\\\/\\\/www.bellunopress.it\\\/wp-content\\\/uploads\\\/2026\\\/01\\\/Szumski-Resistere-Veneto.png\",\"width\":600,\"height\":337},{\"@type\":\"BreadcrumbList\",\"@id\":\"https:\\\/\\\/www.bellunopress.it\\\/2026\\\/02\\\/26\\\/risarcimenti-covid-veneti-snobbati-rispetto-alla-sicilia-laffondo-di-szumski-e-lovat\\\/#breadcrumb\",\"itemListElement\":[{\"@type\":\"ListItem\",\"position\":1,\"name\":\"Home\",\"item\":\"https:\\\/\\\/www.bellunopress.it\\\/\"},{\"@type\":\"ListItem\",\"position\":2,\"name\":\"Risarcimenti Covid: &#8220;Veneti snobbati rispetto alla Sicilia&#8221;. L\u2019affondo di Szumski e Lovat\"}]},{\"@type\":\"WebSite\",\"@id\":\"https:\\\/\\\/www.bellunopress.it\\\/#website\",\"url\":\"https:\\\/\\\/www.bellunopress.it\\\/\",\"name\":\"Bellunopress - Dolomiti\",\"description\":\"e-mail: redazione@bellunopress.it\",\"publisher\":{\"@id\":\"https:\\\/\\\/www.bellunopress.it\\\/#organization\"},\"potentialAction\":[{\"@type\":\"SearchAction\",\"target\":{\"@type\":\"EntryPoint\",\"urlTemplate\":\"https:\\\/\\\/www.bellunopress.it\\\/?s={search_term_string}\"},\"query-input\":{\"@type\":\"PropertyValueSpecification\",\"valueRequired\":true,\"valueName\":\"search_term_string\"}}],\"inLanguage\":\"fr-FR\"},{\"@type\":\"Organization\",\"@id\":\"https:\\\/\\\/www.bellunopress.it\\\/#organization\",\"name\":\"Bellunopress\",\"url\":\"https:\\\/\\\/www.bellunopress.it\\\/\",\"logo\":{\"@type\":\"ImageObject\",\"inLanguage\":\"fr-FR\",\"@id\":\"https:\\\/\\\/www.bellunopress.it\\\/#\\\/schema\\\/logo\\\/image\\\/\",\"url\":\"https:\\\/\\\/www.bellunopress.it\\\/wp-content\\\/uploads\\\/2011\\\/05\\\/cropped-logo-bellunopress-.jpg\",\"contentUrl\":\"https:\\\/\\\/www.bellunopress.it\\\/wp-content\\\/uploads\\\/2011\\\/05\\\/cropped-logo-bellunopress-.jpg\",\"width\":512,\"height\":512,\"caption\":\"Bellunopress\"},\"image\":{\"@id\":\"https:\\\/\\\/www.bellunopress.it\\\/#\\\/schema\\\/logo\\\/image\\\/\"},\"sameAs\":[\"https:\\\/\\\/www.facebook.com\\\/profile.php?id=100008943462799\",\"https:\\\/\\\/x.com\\\/bellunopress\",\"https:\\\/\\\/www.linkedin.com\\\/hp\\\/?dnr=JBzUWaJfMUw8vbXJJ2tVW5-I3jZKvC4wsoxE&amp;amp;amp;amp;amp;amp;trk=nav_responsive_tab_home\",\"https:\\\/\\\/www.youtube.com\\\/channel\\\/UCxL0wu1uN0_3_7hGG0306cw\"]},{\"@type\":\"Person\",\"@id\":\"https:\\\/\\\/www.bellunopress.it\\\/#\\\/schema\\\/person\\\/79bb06722b37ece1c03d3e94beb30d73\",\"name\":\"redazione\",\"image\":{\"@type\":\"ImageObject\",\"inLanguage\":\"fr-FR\",\"@id\":\"https:\\\/\\\/secure.gravatar.com\\\/avatar\\\/37d968a2e67a6fd04c169c4bdef102d0bc5d31b2546345219e348575eb80e9a0?s=96&d=mm&r=g\",\"url\":\"https:\\\/\\\/secure.gravatar.com\\\/avatar\\\/37d968a2e67a6fd04c169c4bdef102d0bc5d31b2546345219e348575eb80e9a0?s=96&d=mm&r=g\",\"contentUrl\":\"https:\\\/\\\/secure.gravatar.com\\\/avatar\\\/37d968a2e67a6fd04c169c4bdef102d0bc5d31b2546345219e348575eb80e9a0?s=96&d=mm&r=g\",\"caption\":\"redazione\"},\"sameAs\":[\"http:\\\/\\\/www.bellunopress.it\",\"https:\\\/\\\/x.com\\\/bellunopress\"],\"url\":\"https:\\\/\\\/www.bellunopress.it\\\/fr\\\/author\\\/redazione\\\/\"}]}<\/script>\n<!-- \/ Yoast SEO plugin. -->","yoast_head_json":{"title":"Risarcimenti Covid: \"Veneti snobbati rispetto alla Sicilia\". L\u2019affondo di Szumski e Lovat - Bellunopress - Dolomiti","robots":{"index":"index","follow":"follow","max-snippet":"max-snippet:-1","max-image-preview":"max-image-preview:large","max-video-preview":"max-video-preview:-1"},"canonical":"https:\/\/www.bellunopress.it\/fr\/2026\/02\/26\/risarcimenti-covid-veneti-snobbati-rispetto-alla-sicilia-laffondo-di-szumski-e-lovat\/","og_locale":"fr_FR","og_type":"article","og_title":"Risarcimenti Covid: \"Veneti snobbati rispetto alla Sicilia\". L\u2019affondo di Szumski e Lovat - Bellunopress - Dolomiti","og_description":"Venezia, 26\/02\/2026 \u2013 Il tema dei presunti danni da vaccino anti-Covid torna a scuotere il Consiglio regionale del Veneto. I consiglieri di Resistere Veneto, Riccardo Szumski e Davide Lovat, hanno diffuso una nota durissima in cui denunciano una disparit\u00e0 di trattamento tra i cittadini veneti e quelli di altre regioni, citando un recente caso di [&hellip;]","og_url":"https:\/\/www.bellunopress.it\/fr\/2026\/02\/26\/risarcimenti-covid-veneti-snobbati-rispetto-alla-sicilia-laffondo-di-szumski-e-lovat\/","og_site_name":"Bellunopress - Dolomiti","article_publisher":"https:\/\/www.facebook.com\/profile.php?id=100008943462799","article_published_time":"2026-02-26T14:59:18+00:00","og_image":[{"width":600,"height":337,"url":"https:\/\/www.bellunopress.it\/wp-content\/uploads\/2026\/01\/Szumski-Resistere-Veneto.png","type":"image\/png"}],"author":"redazione","twitter_card":"summary_large_image","twitter_creator":"@bellunopress","twitter_site":"@bellunopress","twitter_misc":{"\u00c9crit par":"redazione","Dur\u00e9e de lecture estim\u00e9e":"2 minutes"},"schema":{"@context":"https:\/\/schema.org","@graph":[{"@type":"Article","@id":"https:\/\/www.bellunopress.it\/2026\/02\/26\/risarcimenti-covid-veneti-snobbati-rispetto-alla-sicilia-laffondo-di-szumski-e-lovat\/#article","isPartOf":{"@id":"https:\/\/www.bellunopress.it\/2026\/02\/26\/risarcimenti-covid-veneti-snobbati-rispetto-alla-sicilia-laffondo-di-szumski-e-lovat\/"},"author":{"name":"redazione","@id":"https:\/\/www.bellunopress.it\/#\/schema\/person\/79bb06722b37ece1c03d3e94beb30d73"},"headline":"Risarcimenti Covid: &#8220;Veneti snobbati rispetto alla Sicilia&#8221;. L\u2019affondo di Szumski e Lovat","datePublished":"2026-02-26T14:59:18+00:00","mainEntityOfPage":{"@id":"https:\/\/www.bellunopress.it\/2026\/02\/26\/risarcimenti-covid-veneti-snobbati-rispetto-alla-sicilia-laffondo-di-szumski-e-lovat\/"},"wordCount":328,"publisher":{"@id":"https:\/\/www.bellunopress.it\/#organization"},"image":{"@id":"https:\/\/www.bellunopress.it\/2026\/02\/26\/risarcimenti-covid-veneti-snobbati-rispetto-alla-sicilia-laffondo-di-szumski-e-lovat\/#primaryimage"},"thumbnailUrl":"https:\/\/www.bellunopress.it\/wp-content\/uploads\/2026\/01\/Szumski-Resistere-Veneto.png","articleSection":["Cronaca\/Politica","Sanit\u00e0 Medicina"],"inLanguage":"fr-FR"},{"@type":"WebPage","@id":"https:\/\/www.bellunopress.it\/2026\/02\/26\/risarcimenti-covid-veneti-snobbati-rispetto-alla-sicilia-laffondo-di-szumski-e-lovat\/","url":"https:\/\/www.bellunopress.it\/2026\/02\/26\/risarcimenti-covid-veneti-snobbati-rispetto-alla-sicilia-laffondo-di-szumski-e-lovat\/","name":"Risarcimenti Covid: \"Veneti snobbati rispetto alla Sicilia\". L\u2019affondo di Szumski e Lovat - Bellunopress - Dolomiti","isPartOf":{"@id":"https:\/\/www.bellunopress.it\/#website"},"primaryImageOfPage":{"@id":"https:\/\/www.bellunopress.it\/2026\/02\/26\/risarcimenti-covid-veneti-snobbati-rispetto-alla-sicilia-laffondo-di-szumski-e-lovat\/#primaryimage"},"image":{"@id":"https:\/\/www.bellunopress.it\/2026\/02\/26\/risarcimenti-covid-veneti-snobbati-rispetto-alla-sicilia-laffondo-di-szumski-e-lovat\/#primaryimage"},"thumbnailUrl":"https:\/\/www.bellunopress.it\/wp-content\/uploads\/2026\/01\/Szumski-Resistere-Veneto.png","datePublished":"2026-02-26T14:59:18+00:00","breadcrumb":{"@id":"https:\/\/www.bellunopress.it\/2026\/02\/26\/risarcimenti-covid-veneti-snobbati-rispetto-alla-sicilia-laffondo-di-szumski-e-lovat\/#breadcrumb"},"inLanguage":"fr-FR","potentialAction":[{"@type":"ReadAction","target":["https:\/\/www.bellunopress.it\/2026\/02\/26\/risarcimenti-covid-veneti-snobbati-rispetto-alla-sicilia-laffondo-di-szumski-e-lovat\/"]}]},{"@type":"ImageObject","inLanguage":"fr-FR","@id":"https:\/\/www.bellunopress.it\/2026\/02\/26\/risarcimenti-covid-veneti-snobbati-rispetto-alla-sicilia-laffondo-di-szumski-e-lovat\/#primaryimage","url":"https:\/\/www.bellunopress.it\/wp-content\/uploads\/2026\/01\/Szumski-Resistere-Veneto.png","contentUrl":"https:\/\/www.bellunopress.it\/wp-content\/uploads\/2026\/01\/Szumski-Resistere-Veneto.png","width":600,"height":337},{"@type":"BreadcrumbList","@id":"https:\/\/www.bellunopress.it\/2026\/02\/26\/risarcimenti-covid-veneti-snobbati-rispetto-alla-sicilia-laffondo-di-szumski-e-lovat\/#breadcrumb","itemListElement":[{"@type":"ListItem","position":1,"name":"Home","item":"https:\/\/www.bellunopress.it\/"},{"@type":"ListItem","position":2,"name":"Risarcimenti Covid: &#8220;Veneti snobbati rispetto alla Sicilia&#8221;. L\u2019affondo di Szumski e Lovat"}]},{"@type":"WebSite","@id":"https:\/\/www.bellunopress.it\/#website","url":"https:\/\/www.bellunopress.it\/","name":"Bellunopress - Dolomiti","description":"e-mail: redazione@bellunopress.it","publisher":{"@id":"https:\/\/www.bellunopress.it\/#organization"},"potentialAction":[{"@type":"SearchAction","target":{"@type":"EntryPoint","urlTemplate":"https:\/\/www.bellunopress.it\/?s={search_term_string}"},"query-input":{"@type":"PropertyValueSpecification","valueRequired":true,"valueName":"search_term_string"}}],"inLanguage":"fr-FR"},{"@type":"Organization","@id":"https:\/\/www.bellunopress.it\/#organization","name":"Bellunopress","url":"https:\/\/www.bellunopress.it\/","logo":{"@type":"ImageObject","inLanguage":"fr-FR","@id":"https:\/\/www.bellunopress.it\/#\/schema\/logo\/image\/","url":"https:\/\/www.bellunopress.it\/wp-content\/uploads\/2011\/05\/cropped-logo-bellunopress-.jpg","contentUrl":"https:\/\/www.bellunopress.it\/wp-content\/uploads\/2011\/05\/cropped-logo-bellunopress-.jpg","width":512,"height":512,"caption":"Bellunopress"},"image":{"@id":"https:\/\/www.bellunopress.it\/#\/schema\/logo\/image\/"},"sameAs":["https:\/\/www.facebook.com\/profile.php?id=100008943462799","https:\/\/x.com\/bellunopress","https:\/\/www.linkedin.com\/hp\/?dnr=JBzUWaJfMUw8vbXJJ2tVW5-I3jZKvC4wsoxE&amp;amp;amp;amp;amp;amp;trk=nav_responsive_tab_home","https:\/\/www.youtube.com\/channel\/UCxL0wu1uN0_3_7hGG0306cw"]},{"@type":"Person","@id":"https:\/\/www.bellunopress.it\/#\/schema\/person\/79bb06722b37ece1c03d3e94beb30d73","name":"r\u00e9daction","image":{"@type":"ImageObject","inLanguage":"fr-FR","@id":"https:\/\/secure.gravatar.com\/avatar\/37d968a2e67a6fd04c169c4bdef102d0bc5d31b2546345219e348575eb80e9a0?s=96&d=mm&r=g","url":"https:\/\/secure.gravatar.com\/avatar\/37d968a2e67a6fd04c169c4bdef102d0bc5d31b2546345219e348575eb80e9a0?s=96&d=mm&r=g","contentUrl":"https:\/\/secure.gravatar.com\/avatar\/37d968a2e67a6fd04c169c4bdef102d0bc5d31b2546345219e348575eb80e9a0?s=96&d=mm&r=g","caption":"redazione"},"sameAs":["http:\/\/www.bellunopress.it","https:\/\/x.com\/bellunopress"],"url":"https:\/\/www.bellunopress.it\/fr\/author\/redazione\/"}]}},"_links":{"self":[{"href":"https:\/\/www.bellunopress.it\/fr\/wp-json\/wp\/v2\/posts\/167737","targetHints":{"allow":["GET"]}}],"collection":[{"href":"https:\/\/www.bellunopress.it\/fr\/wp-json\/wp\/v2\/posts"}],"about":[{"href":"https:\/\/www.bellunopress.it\/fr\/wp-json\/wp\/v2\/types\/post"}],"author":[{"embeddable":true,"href":"https:\/\/www.bellunopress.it\/fr\/wp-json\/wp\/v2\/users\/2"}],"replies":[{"embeddable":true,"href":"https:\/\/www.bellunopress.it\/fr\/wp-json\/wp\/v2\/comments?post=167737"}],"version-history":[{"count":1,"href":"https:\/\/www.bellunopress.it\/fr\/wp-json\/wp\/v2\/posts\/167737\/revisions"}],"predecessor-version":[{"id":167738,"href":"https:\/\/www.bellunopress.it\/fr\/wp-json\/wp\/v2\/posts\/167737\/revisions\/167738"}],"wp:featuredmedia":[{"embeddable":true,"href":"https:\/\/www.bellunopress.it\/fr\/wp-json\/wp\/v2\/media\/166973"}],"wp:attachment":[{"href":"https:\/\/www.bellunopress.it\/fr\/wp-json\/wp\/v2\/media?parent=167737"}],"wp:term":[{"taxonomy":"category","embeddable":true,"href":"https:\/\/www.bellunopress.it\/fr\/wp-json\/wp\/v2\/categories?post=167737"},{"taxonomy":"post_tag","embeddable":true,"href":"https:\/\/www.bellunopress.it\/fr\/wp-json\/wp\/v2\/tags?post=167737"}],"curies":[{"name":"wp","href":"https:\/\/api.w.org\/{rel}","templated":true}]}}