{"id":167735,"date":"2026-02-26T12:23:18","date_gmt":"2026-02-26T11:23:18","guid":{"rendered":"https:\/\/www.bellunopress.it\/?p=167735"},"modified":"2026-02-26T12:23:18","modified_gmt":"2026-02-26T11:23:18","slug":"belluno-bufera-sul-bilancio-gruppo-consiliare-valore-comune-soldi-pubblici-sprecati-e-partecipate-fuori-controllo","status":"publish","type":"post","link":"https:\/\/www.bellunopress.it\/fr\/2026\/02\/26\/belluno-bufera-sul-bilancio-gruppo-consiliare-valore-comune-soldi-pubblici-sprecati-e-partecipate-fuori-controllo\/","title":{"rendered":"Belluno, bufera sul bilancio. Gruppo consiliare Valore Comune: &#8220;Soldi pubblici sprecati e partecipate fuori controllo&#8221;"},"content":{"rendered":"<p data-path-to-node=\"3\"><b data-path-to-node=\"3\" data-index-in-node=\"0\">Il gruppo consiliare &#8220;Valore Comune&#8221; attacca la giunta De Pellegrin-Gamba: nel mirino i 120mila euro per Sportivamente, le perdite di Sersa e i costi dei maxischermi olimpici.<\/b><\/p>\n<p data-path-to-node=\"4\">Belluno, 26\/02\/2026 \u2013 Non sono bastati i rincari delle tariffe del 15%. Per le casse del Comune di Belluno, la gestione delle societ\u00e0 partecipate continua a essere un rebus finanziario che scotta. A lanciare l&#8217;allarme, alla vigilia del Consiglio Comunale, \u00e8 il gruppo di minoranza Valore Comune, che punta il dito contro le prime variazioni al bilancio 2026, definendole il frutto di un\u2019amministrazione che si muove a colpi di \u00abimprovvisazione\u00bb.<\/p>\n<h3 data-path-to-node=\"5\">Il caso Sportivamente: \u00abUn carrozzone comunale\u00bb<\/h3>\n<p data-path-to-node=\"6\">Il cuore della polemica riguarda Sportivamente Belluno S.r.l., la societ\u00e0 che gestisce gli impianti sportivi. Secondo i consiglieri Mirco Costa, Riccardo Samaria e Giuseppe Vignato, l\u2019assessore al bilancio avrebbe destinato 120.000 euro per coprire perdite legate esclusivamente all&#8217;aumento del costo del personale.<\/p>\n<p data-path-to-node=\"7\">\u00abUn aumento che equivale ad almeno quattro nuovi dipendenti \u2013 attaccano i consiglieri \u2013 nonostante il numero di utenti della piscina sia rimasto costante\u00bb. Sommando questo intervento ai maggiori introiti derivanti dai rincari delle tariffe gi\u00e0 attuati (circa 200mila euro), il gruppo calcola un incremento dei costi della societ\u00e0 di ben 320.000 euro nel biennio 2025-2026. Sotto accusa finisce anche l&#8217;amministratore unico, definito \u00abavulso dalla gestione\u00bb nonostante il compenso da 13mila euro.<\/p>\n<h3 data-path-to-node=\"8\">Nuvole nere sulla casa di riposo<\/h3>\n<p data-path-to-node=\"9\">La preoccupazione di Valore Comune si estende anche a Sersa, la societ\u00e0 che gestisce la casa di riposo cittadina. Le previsioni fornite dall&#8217;amministrazione parlano di perdite pesanti: 270.000 euro nel 2026 e addirittura 420.000 euro nel 2027. \u00abQuali azioni stanno attivando il Comune e l&#8217;amministratore unico? \u2013 chiedono dalla minoranza \u2013 Nonostante i nostri solleciti, non abbiamo ricevuto alcuna informazione\u00bb.<\/p>\n<h3 data-path-to-node=\"10\">Spese &#8220;passive&#8221; e l\u2019ombra del canone Edison<\/h3>\n<p data-path-to-node=\"11\">L&#8217;attacco si sposta poi sulla gestione dei grandi eventi. Nel mirino finiscono i 50.000 euro spesi per il megaschermo in Piazza dei Martiri durante il mese olimpico, a cui si aggiungeranno altri 15.000 euro per i contenuti legati alle Paralimpiadi di marzo. Spese definite \u00abpassive\u00bb che, unite ai 420.000 euro di rincaro per il canone dell&#8217;illuminazione pubblica (contratto Edison), starebbero drenando risorse vitali per la citt\u00e0.<\/p>\n<h3 data-path-to-node=\"12\">\u00abMisure temporanee, problemi strutturali\u00bb<\/h3>\n<p data-path-to-node=\"13\">Secondo Valore Comune, le variazioni di bilancio in discussione domani sono solo \u00abtoppe\u00bb che non risolvono i problemi di fondo. La critica finale \u00e8 netta:<\/p>\n<blockquote data-path-to-node=\"14\">\n<h6 style=\"text-align: left;\" data-path-to-node=\"14,0\">\u00abQuesta gestione appesantisce le spese correnti senza portare alcun beneficio a famiglie e imprese, togliendo disponibilit\u00e0 finanziaria per gli investimenti strategici di cui Belluno ha estremo bisogno\u00bb.<\/h6>\n<\/blockquote>\n<p data-path-to-node=\"15\">La parola passa ora all&#8217;aula, dove la giunta dovr\u00e0 rispondere a cifre che, secondo l&#8217;opposizione, delineano un quadro di preoccupante instabilit\u00e0 per i conti del triennio 2026-2028.<\/p>","protected":false},"excerpt":{"rendered":"<p>Il gruppo consiliare &#8220;Valore Comune&#8221; attacca la giunta De Pellegrin-Gamba: nel mirino i 120mila euro per Sportivamente, le perdite di Sersa e i costi dei maxischermi olimpici. Belluno, 26\/02\/2026 \u2013 Non sono bastati i rincari delle tariffe del 15%. Per le casse del Comune di Belluno, la gestione delle societ\u00e0 partecipate continua a essere un [&hellip;]<\/p>\n","protected":false},"author":2,"featured_media":156881,"comment_status":"closed","ping_status":"open","sticky":false,"template":"","format":"standard","meta":{"footnotes":""},"categories":[5,26],"tags":[],"class_list":["post-167735","post","type-post","status-publish","format-standard","has-post-thumbnail","category-cronaca","category-prima-pagina"],"yoast_head":"<!-- This site is optimized with the Yoast SEO plugin v28.4 - https:\/\/yoast.com\/product\/yoast-seo-wordpress\/ -->\n<title>Belluno, bufera sul bilancio. Gruppo consiliare Valore Comune: &quot;Soldi pubblici sprecati e partecipate fuori controllo&quot; - Bellunopress - Dolomiti<\/title>\n<meta name=\"robots\" content=\"index, follow, max-snippet:-1, max-image-preview:large, max-video-preview:-1\" \/>\n<link rel=\"canonical\" href=\"https:\/\/www.bellunopress.it\/fr\/2026\/02\/26\/belluno-bufera-sul-bilancio-gruppo-consiliare-valore-comune-soldi-pubblici-sprecati-e-partecipate-fuori-controllo\/\" \/>\n<meta property=\"og:locale\" content=\"fr_FR\" \/>\n<meta property=\"og:type\" content=\"article\" \/>\n<meta property=\"og:title\" content=\"Belluno, bufera sul bilancio. Gruppo consiliare Valore Comune: &quot;Soldi pubblici sprecati e partecipate fuori controllo&quot; - Bellunopress - Dolomiti\" \/>\n<meta property=\"og:description\" content=\"Il gruppo consiliare &#8220;Valore Comune&#8221; attacca la giunta De Pellegrin-Gamba: nel mirino i 120mila euro per Sportivamente, le perdite di Sersa e i costi dei maxischermi olimpici. Belluno, 26\/02\/2026 \u2013 Non sono bastati i rincari delle tariffe del 15%. Per le casse del Comune di Belluno, la gestione delle societ\u00e0 partecipate continua a essere un [&hellip;]\" \/>\n<meta property=\"og:url\" content=\"https:\/\/www.bellunopress.it\/fr\/2026\/02\/26\/belluno-bufera-sul-bilancio-gruppo-consiliare-valore-comune-soldi-pubblici-sprecati-e-partecipate-fuori-controllo\/\" \/>\n<meta property=\"og:site_name\" content=\"Bellunopress - Dolomiti\" \/>\n<meta property=\"article:publisher\" content=\"https:\/\/www.facebook.com\/profile.php?id=100008943462799\" \/>\n<meta property=\"article:published_time\" content=\"2026-02-26T11:23:18+00:00\" \/>\n<meta property=\"og:image\" content=\"https:\/\/www.bellunopress.it\/wp-content\/uploads\/2025\/01\/Belluno-Valore-Comune.jpg\" \/>\n\t<meta property=\"og:image:width\" content=\"378\" \/>\n\t<meta property=\"og:image:height\" content=\"381\" \/>\n\t<meta property=\"og:image:type\" content=\"image\/jpeg\" \/>\n<meta name=\"author\" content=\"redazione\" \/>\n<meta name=\"twitter:card\" content=\"summary_large_image\" \/>\n<meta name=\"twitter:creator\" content=\"@bellunopress\" \/>\n<meta name=\"twitter:site\" content=\"@bellunopress\" \/>\n<meta name=\"twitter:label1\" content=\"\u00c9crit par\" \/>\n\t<meta name=\"twitter:data1\" content=\"redazione\" \/>\n\t<meta name=\"twitter:label2\" content=\"Dur\u00e9e de lecture estim\u00e9e\" \/>\n\t<meta name=\"twitter:data2\" content=\"2 minutes\" \/>\n<script type=\"application\/ld+json\" class=\"yoast-schema-graph\">{\"@context\":\"https:\\\/\\\/schema.org\",\"@graph\":[{\"@type\":\"Article\",\"@id\":\"https:\\\/\\\/www.bellunopress.it\\\/2026\\\/02\\\/26\\\/belluno-bufera-sul-bilancio-gruppo-consiliare-valore-comune-soldi-pubblici-sprecati-e-partecipate-fuori-controllo\\\/#article\",\"isPartOf\":{\"@id\":\"https:\\\/\\\/www.bellunopress.it\\\/2026\\\/02\\\/26\\\/belluno-bufera-sul-bilancio-gruppo-consiliare-valore-comune-soldi-pubblici-sprecati-e-partecipate-fuori-controllo\\\/\"},\"author\":{\"name\":\"redazione\",\"@id\":\"https:\\\/\\\/www.bellunopress.it\\\/#\\\/schema\\\/person\\\/79bb06722b37ece1c03d3e94beb30d73\"},\"headline\":\"Belluno, bufera sul bilancio. Gruppo consiliare Valore Comune: &#8220;Soldi pubblici sprecati e partecipate fuori controllo&#8221;\",\"datePublished\":\"2026-02-26T11:23:18+00:00\",\"mainEntityOfPage\":{\"@id\":\"https:\\\/\\\/www.bellunopress.it\\\/2026\\\/02\\\/26\\\/belluno-bufera-sul-bilancio-gruppo-consiliare-valore-comune-soldi-pubblici-sprecati-e-partecipate-fuori-controllo\\\/\"},\"wordCount\":449,\"publisher\":{\"@id\":\"https:\\\/\\\/www.bellunopress.it\\\/#organization\"},\"image\":{\"@id\":\"https:\\\/\\\/www.bellunopress.it\\\/2026\\\/02\\\/26\\\/belluno-bufera-sul-bilancio-gruppo-consiliare-valore-comune-soldi-pubblici-sprecati-e-partecipate-fuori-controllo\\\/#primaryimage\"},\"thumbnailUrl\":\"https:\\\/\\\/www.bellunopress.it\\\/wp-content\\\/uploads\\\/2025\\\/01\\\/Belluno-Valore-Comune.jpg\",\"articleSection\":[\"Cronaca\\\/Politica\",\"Prima Pagina\"],\"inLanguage\":\"fr-FR\"},{\"@type\":\"WebPage\",\"@id\":\"https:\\\/\\\/www.bellunopress.it\\\/2026\\\/02\\\/26\\\/belluno-bufera-sul-bilancio-gruppo-consiliare-valore-comune-soldi-pubblici-sprecati-e-partecipate-fuori-controllo\\\/\",\"url\":\"https:\\\/\\\/www.bellunopress.it\\\/2026\\\/02\\\/26\\\/belluno-bufera-sul-bilancio-gruppo-consiliare-valore-comune-soldi-pubblici-sprecati-e-partecipate-fuori-controllo\\\/\",\"name\":\"Belluno, bufera sul bilancio. Gruppo consiliare Valore Comune: \\\"Soldi pubblici sprecati e partecipate fuori controllo\\\" - Bellunopress - Dolomiti\",\"isPartOf\":{\"@id\":\"https:\\\/\\\/www.bellunopress.it\\\/#website\"},\"primaryImageOfPage\":{\"@id\":\"https:\\\/\\\/www.bellunopress.it\\\/2026\\\/02\\\/26\\\/belluno-bufera-sul-bilancio-gruppo-consiliare-valore-comune-soldi-pubblici-sprecati-e-partecipate-fuori-controllo\\\/#primaryimage\"},\"image\":{\"@id\":\"https:\\\/\\\/www.bellunopress.it\\\/2026\\\/02\\\/26\\\/belluno-bufera-sul-bilancio-gruppo-consiliare-valore-comune-soldi-pubblici-sprecati-e-partecipate-fuori-controllo\\\/#primaryimage\"},\"thumbnailUrl\":\"https:\\\/\\\/www.bellunopress.it\\\/wp-content\\\/uploads\\\/2025\\\/01\\\/Belluno-Valore-Comune.jpg\",\"datePublished\":\"2026-02-26T11:23:18+00:00\",\"breadcrumb\":{\"@id\":\"https:\\\/\\\/www.bellunopress.it\\\/2026\\\/02\\\/26\\\/belluno-bufera-sul-bilancio-gruppo-consiliare-valore-comune-soldi-pubblici-sprecati-e-partecipate-fuori-controllo\\\/#breadcrumb\"},\"inLanguage\":\"fr-FR\",\"potentialAction\":[{\"@type\":\"ReadAction\",\"target\":[\"https:\\\/\\\/www.bellunopress.it\\\/2026\\\/02\\\/26\\\/belluno-bufera-sul-bilancio-gruppo-consiliare-valore-comune-soldi-pubblici-sprecati-e-partecipate-fuori-controllo\\\/\"]}]},{\"@type\":\"ImageObject\",\"inLanguage\":\"fr-FR\",\"@id\":\"https:\\\/\\\/www.bellunopress.it\\\/2026\\\/02\\\/26\\\/belluno-bufera-sul-bilancio-gruppo-consiliare-valore-comune-soldi-pubblici-sprecati-e-partecipate-fuori-controllo\\\/#primaryimage\",\"url\":\"https:\\\/\\\/www.bellunopress.it\\\/wp-content\\\/uploads\\\/2025\\\/01\\\/Belluno-Valore-Comune.jpg\",\"contentUrl\":\"https:\\\/\\\/www.bellunopress.it\\\/wp-content\\\/uploads\\\/2025\\\/01\\\/Belluno-Valore-Comune.jpg\",\"width\":378,\"height\":381},{\"@type\":\"BreadcrumbList\",\"@id\":\"https:\\\/\\\/www.bellunopress.it\\\/2026\\\/02\\\/26\\\/belluno-bufera-sul-bilancio-gruppo-consiliare-valore-comune-soldi-pubblici-sprecati-e-partecipate-fuori-controllo\\\/#breadcrumb\",\"itemListElement\":[{\"@type\":\"ListItem\",\"position\":1,\"name\":\"Home\",\"item\":\"https:\\\/\\\/www.bellunopress.it\\\/\"},{\"@type\":\"ListItem\",\"position\":2,\"name\":\"Belluno, bufera sul bilancio. Gruppo consiliare Valore Comune: &#8220;Soldi pubblici sprecati e partecipate fuori controllo&#8221;\"}]},{\"@type\":\"WebSite\",\"@id\":\"https:\\\/\\\/www.bellunopress.it\\\/#website\",\"url\":\"https:\\\/\\\/www.bellunopress.it\\\/\",\"name\":\"Bellunopress - Dolomiti\",\"description\":\"e-mail: redazione@bellunopress.it\",\"publisher\":{\"@id\":\"https:\\\/\\\/www.bellunopress.it\\\/#organization\"},\"potentialAction\":[{\"@type\":\"SearchAction\",\"target\":{\"@type\":\"EntryPoint\",\"urlTemplate\":\"https:\\\/\\\/www.bellunopress.it\\\/?s={search_term_string}\"},\"query-input\":{\"@type\":\"PropertyValueSpecification\",\"valueRequired\":true,\"valueName\":\"search_term_string\"}}],\"inLanguage\":\"fr-FR\"},{\"@type\":\"Organization\",\"@id\":\"https:\\\/\\\/www.bellunopress.it\\\/#organization\",\"name\":\"Bellunopress\",\"url\":\"https:\\\/\\\/www.bellunopress.it\\\/\",\"logo\":{\"@type\":\"ImageObject\",\"inLanguage\":\"fr-FR\",\"@id\":\"https:\\\/\\\/www.bellunopress.it\\\/#\\\/schema\\\/logo\\\/image\\\/\",\"url\":\"https:\\\/\\\/www.bellunopress.it\\\/wp-content\\\/uploads\\\/2011\\\/05\\\/cropped-logo-bellunopress-.jpg\",\"contentUrl\":\"https:\\\/\\\/www.bellunopress.it\\\/wp-content\\\/uploads\\\/2011\\\/05\\\/cropped-logo-bellunopress-.jpg\",\"width\":512,\"height\":512,\"caption\":\"Bellunopress\"},\"image\":{\"@id\":\"https:\\\/\\\/www.bellunopress.it\\\/#\\\/schema\\\/logo\\\/image\\\/\"},\"sameAs\":[\"https:\\\/\\\/www.facebook.com\\\/profile.php?id=100008943462799\",\"https:\\\/\\\/x.com\\\/bellunopress\",\"https:\\\/\\\/www.linkedin.com\\\/hp\\\/?dnr=JBzUWaJfMUw8vbXJJ2tVW5-I3jZKvC4wsoxE&amp;amp;amp;amp;amp;amp;trk=nav_responsive_tab_home\",\"https:\\\/\\\/www.youtube.com\\\/channel\\\/UCxL0wu1uN0_3_7hGG0306cw\"]},{\"@type\":\"Person\",\"@id\":\"https:\\\/\\\/www.bellunopress.it\\\/#\\\/schema\\\/person\\\/79bb06722b37ece1c03d3e94beb30d73\",\"name\":\"redazione\",\"image\":{\"@type\":\"ImageObject\",\"inLanguage\":\"fr-FR\",\"@id\":\"https:\\\/\\\/secure.gravatar.com\\\/avatar\\\/37d968a2e67a6fd04c169c4bdef102d0bc5d31b2546345219e348575eb80e9a0?s=96&d=mm&r=g\",\"url\":\"https:\\\/\\\/secure.gravatar.com\\\/avatar\\\/37d968a2e67a6fd04c169c4bdef102d0bc5d31b2546345219e348575eb80e9a0?s=96&d=mm&r=g\",\"contentUrl\":\"https:\\\/\\\/secure.gravatar.com\\\/avatar\\\/37d968a2e67a6fd04c169c4bdef102d0bc5d31b2546345219e348575eb80e9a0?s=96&d=mm&r=g\",\"caption\":\"redazione\"},\"sameAs\":[\"http:\\\/\\\/www.bellunopress.it\",\"https:\\\/\\\/x.com\\\/bellunopress\"],\"url\":\"https:\\\/\\\/www.bellunopress.it\\\/fr\\\/author\\\/redazione\\\/\"}]}<\/script>\n<!-- \/ Yoast SEO plugin. -->","yoast_head_json":{"title":"Belluno, bufera sul bilancio. Gruppo consiliare Valore Comune: \"Soldi pubblici sprecati e partecipate fuori controllo\" - Bellunopress - Dolomiti","robots":{"index":"index","follow":"follow","max-snippet":"max-snippet:-1","max-image-preview":"max-image-preview:large","max-video-preview":"max-video-preview:-1"},"canonical":"https:\/\/www.bellunopress.it\/fr\/2026\/02\/26\/belluno-bufera-sul-bilancio-gruppo-consiliare-valore-comune-soldi-pubblici-sprecati-e-partecipate-fuori-controllo\/","og_locale":"fr_FR","og_type":"article","og_title":"Belluno, bufera sul bilancio. Gruppo consiliare Valore Comune: \"Soldi pubblici sprecati e partecipate fuori controllo\" - Bellunopress - Dolomiti","og_description":"Il gruppo consiliare &#8220;Valore Comune&#8221; attacca la giunta De Pellegrin-Gamba: nel mirino i 120mila euro per Sportivamente, le perdite di Sersa e i costi dei maxischermi olimpici. Belluno, 26\/02\/2026 \u2013 Non sono bastati i rincari delle tariffe del 15%. Per le casse del Comune di Belluno, la gestione delle societ\u00e0 partecipate continua a essere un [&hellip;]","og_url":"https:\/\/www.bellunopress.it\/fr\/2026\/02\/26\/belluno-bufera-sul-bilancio-gruppo-consiliare-valore-comune-soldi-pubblici-sprecati-e-partecipate-fuori-controllo\/","og_site_name":"Bellunopress - Dolomiti","article_publisher":"https:\/\/www.facebook.com\/profile.php?id=100008943462799","article_published_time":"2026-02-26T11:23:18+00:00","og_image":[{"width":378,"height":381,"url":"https:\/\/www.bellunopress.it\/wp-content\/uploads\/2025\/01\/Belluno-Valore-Comune.jpg","type":"image\/jpeg"}],"author":"redazione","twitter_card":"summary_large_image","twitter_creator":"@bellunopress","twitter_site":"@bellunopress","twitter_misc":{"\u00c9crit par":"redazione","Dur\u00e9e de lecture estim\u00e9e":"2 minutes"},"schema":{"@context":"https:\/\/schema.org","@graph":[{"@type":"Article","@id":"https:\/\/www.bellunopress.it\/2026\/02\/26\/belluno-bufera-sul-bilancio-gruppo-consiliare-valore-comune-soldi-pubblici-sprecati-e-partecipate-fuori-controllo\/#article","isPartOf":{"@id":"https:\/\/www.bellunopress.it\/2026\/02\/26\/belluno-bufera-sul-bilancio-gruppo-consiliare-valore-comune-soldi-pubblici-sprecati-e-partecipate-fuori-controllo\/"},"author":{"name":"redazione","@id":"https:\/\/www.bellunopress.it\/#\/schema\/person\/79bb06722b37ece1c03d3e94beb30d73"},"headline":"Belluno, bufera sul bilancio. Gruppo consiliare Valore Comune: &#8220;Soldi pubblici sprecati e partecipate fuori controllo&#8221;","datePublished":"2026-02-26T11:23:18+00:00","mainEntityOfPage":{"@id":"https:\/\/www.bellunopress.it\/2026\/02\/26\/belluno-bufera-sul-bilancio-gruppo-consiliare-valore-comune-soldi-pubblici-sprecati-e-partecipate-fuori-controllo\/"},"wordCount":449,"publisher":{"@id":"https:\/\/www.bellunopress.it\/#organization"},"image":{"@id":"https:\/\/www.bellunopress.it\/2026\/02\/26\/belluno-bufera-sul-bilancio-gruppo-consiliare-valore-comune-soldi-pubblici-sprecati-e-partecipate-fuori-controllo\/#primaryimage"},"thumbnailUrl":"https:\/\/www.bellunopress.it\/wp-content\/uploads\/2025\/01\/Belluno-Valore-Comune.jpg","articleSection":["Cronaca\/Politica","Prima Pagina"],"inLanguage":"fr-FR"},{"@type":"WebPage","@id":"https:\/\/www.bellunopress.it\/2026\/02\/26\/belluno-bufera-sul-bilancio-gruppo-consiliare-valore-comune-soldi-pubblici-sprecati-e-partecipate-fuori-controllo\/","url":"https:\/\/www.bellunopress.it\/2026\/02\/26\/belluno-bufera-sul-bilancio-gruppo-consiliare-valore-comune-soldi-pubblici-sprecati-e-partecipate-fuori-controllo\/","name":"Belluno, bufera sul bilancio. Gruppo consiliare Valore Comune: \"Soldi pubblici sprecati e partecipate fuori controllo\" - Bellunopress - Dolomiti","isPartOf":{"@id":"https:\/\/www.bellunopress.it\/#website"},"primaryImageOfPage":{"@id":"https:\/\/www.bellunopress.it\/2026\/02\/26\/belluno-bufera-sul-bilancio-gruppo-consiliare-valore-comune-soldi-pubblici-sprecati-e-partecipate-fuori-controllo\/#primaryimage"},"image":{"@id":"https:\/\/www.bellunopress.it\/2026\/02\/26\/belluno-bufera-sul-bilancio-gruppo-consiliare-valore-comune-soldi-pubblici-sprecati-e-partecipate-fuori-controllo\/#primaryimage"},"thumbnailUrl":"https:\/\/www.bellunopress.it\/wp-content\/uploads\/2025\/01\/Belluno-Valore-Comune.jpg","datePublished":"2026-02-26T11:23:18+00:00","breadcrumb":{"@id":"https:\/\/www.bellunopress.it\/2026\/02\/26\/belluno-bufera-sul-bilancio-gruppo-consiliare-valore-comune-soldi-pubblici-sprecati-e-partecipate-fuori-controllo\/#breadcrumb"},"inLanguage":"fr-FR","potentialAction":[{"@type":"ReadAction","target":["https:\/\/www.bellunopress.it\/2026\/02\/26\/belluno-bufera-sul-bilancio-gruppo-consiliare-valore-comune-soldi-pubblici-sprecati-e-partecipate-fuori-controllo\/"]}]},{"@type":"ImageObject","inLanguage":"fr-FR","@id":"https:\/\/www.bellunopress.it\/2026\/02\/26\/belluno-bufera-sul-bilancio-gruppo-consiliare-valore-comune-soldi-pubblici-sprecati-e-partecipate-fuori-controllo\/#primaryimage","url":"https:\/\/www.bellunopress.it\/wp-content\/uploads\/2025\/01\/Belluno-Valore-Comune.jpg","contentUrl":"https:\/\/www.bellunopress.it\/wp-content\/uploads\/2025\/01\/Belluno-Valore-Comune.jpg","width":378,"height":381},{"@type":"BreadcrumbList","@id":"https:\/\/www.bellunopress.it\/2026\/02\/26\/belluno-bufera-sul-bilancio-gruppo-consiliare-valore-comune-soldi-pubblici-sprecati-e-partecipate-fuori-controllo\/#breadcrumb","itemListElement":[{"@type":"ListItem","position":1,"name":"Home","item":"https:\/\/www.bellunopress.it\/"},{"@type":"ListItem","position":2,"name":"Belluno, bufera sul bilancio. Gruppo consiliare Valore Comune: &#8220;Soldi pubblici sprecati e partecipate fuori controllo&#8221;"}]},{"@type":"WebSite","@id":"https:\/\/www.bellunopress.it\/#website","url":"https:\/\/www.bellunopress.it\/","name":"Bellunopress - Dolomiti","description":"e-mail: redazione@bellunopress.it","publisher":{"@id":"https:\/\/www.bellunopress.it\/#organization"},"potentialAction":[{"@type":"SearchAction","target":{"@type":"EntryPoint","urlTemplate":"https:\/\/www.bellunopress.it\/?s={search_term_string}"},"query-input":{"@type":"PropertyValueSpecification","valueRequired":true,"valueName":"search_term_string"}}],"inLanguage":"fr-FR"},{"@type":"Organization","@id":"https:\/\/www.bellunopress.it\/#organization","name":"Bellunopress","url":"https:\/\/www.bellunopress.it\/","logo":{"@type":"ImageObject","inLanguage":"fr-FR","@id":"https:\/\/www.bellunopress.it\/#\/schema\/logo\/image\/","url":"https:\/\/www.bellunopress.it\/wp-content\/uploads\/2011\/05\/cropped-logo-bellunopress-.jpg","contentUrl":"https:\/\/www.bellunopress.it\/wp-content\/uploads\/2011\/05\/cropped-logo-bellunopress-.jpg","width":512,"height":512,"caption":"Bellunopress"},"image":{"@id":"https:\/\/www.bellunopress.it\/#\/schema\/logo\/image\/"},"sameAs":["https:\/\/www.facebook.com\/profile.php?id=100008943462799","https:\/\/x.com\/bellunopress","https:\/\/www.linkedin.com\/hp\/?dnr=JBzUWaJfMUw8vbXJJ2tVW5-I3jZKvC4wsoxE&amp;amp;amp;amp;amp;amp;trk=nav_responsive_tab_home","https:\/\/www.youtube.com\/channel\/UCxL0wu1uN0_3_7hGG0306cw"]},{"@type":"Person","@id":"https:\/\/www.bellunopress.it\/#\/schema\/person\/79bb06722b37ece1c03d3e94beb30d73","name":"r\u00e9daction","image":{"@type":"ImageObject","inLanguage":"fr-FR","@id":"https:\/\/secure.gravatar.com\/avatar\/37d968a2e67a6fd04c169c4bdef102d0bc5d31b2546345219e348575eb80e9a0?s=96&d=mm&r=g","url":"https:\/\/secure.gravatar.com\/avatar\/37d968a2e67a6fd04c169c4bdef102d0bc5d31b2546345219e348575eb80e9a0?s=96&d=mm&r=g","contentUrl":"https:\/\/secure.gravatar.com\/avatar\/37d968a2e67a6fd04c169c4bdef102d0bc5d31b2546345219e348575eb80e9a0?s=96&d=mm&r=g","caption":"redazione"},"sameAs":["http:\/\/www.bellunopress.it","https:\/\/x.com\/bellunopress"],"url":"https:\/\/www.bellunopress.it\/fr\/author\/redazione\/"}]}},"_links":{"self":[{"href":"https:\/\/www.bellunopress.it\/fr\/wp-json\/wp\/v2\/posts\/167735","targetHints":{"allow":["GET"]}}],"collection":[{"href":"https:\/\/www.bellunopress.it\/fr\/wp-json\/wp\/v2\/posts"}],"about":[{"href":"https:\/\/www.bellunopress.it\/fr\/wp-json\/wp\/v2\/types\/post"}],"author":[{"embeddable":true,"href":"https:\/\/www.bellunopress.it\/fr\/wp-json\/wp\/v2\/users\/2"}],"replies":[{"embeddable":true,"href":"https:\/\/www.bellunopress.it\/fr\/wp-json\/wp\/v2\/comments?post=167735"}],"version-history":[{"count":1,"href":"https:\/\/www.bellunopress.it\/fr\/wp-json\/wp\/v2\/posts\/167735\/revisions"}],"predecessor-version":[{"id":167736,"href":"https:\/\/www.bellunopress.it\/fr\/wp-json\/wp\/v2\/posts\/167735\/revisions\/167736"}],"wp:featuredmedia":[{"embeddable":true,"href":"https:\/\/www.bellunopress.it\/fr\/wp-json\/wp\/v2\/media\/156881"}],"wp:attachment":[{"href":"https:\/\/www.bellunopress.it\/fr\/wp-json\/wp\/v2\/media?parent=167735"}],"wp:term":[{"taxonomy":"category","embeddable":true,"href":"https:\/\/www.bellunopress.it\/fr\/wp-json\/wp\/v2\/categories?post=167735"},{"taxonomy":"post_tag","embeddable":true,"href":"https:\/\/www.bellunopress.it\/fr\/wp-json\/wp\/v2\/tags?post=167735"}],"curies":[{"name":"wp","href":"https:\/\/api.w.org\/{rel}","templated":true}]}}