{"id":167733,"date":"2026-02-26T08:21:47","date_gmt":"2026-02-26T07:21:47","guid":{"rendered":"https:\/\/www.bellunopress.it\/?p=167733"},"modified":"2026-02-26T08:21:47","modified_gmt":"2026-02-26T07:21:47","slug":"belluno-il-verde-urbano-sotto-la-lente-tra-memoria-storica-e-sfide-future","status":"publish","type":"post","link":"https:\/\/www.bellunopress.it\/fr\/2026\/02\/26\/belluno-il-verde-urbano-sotto-la-lente-tra-memoria-storica-e-sfide-future\/","title":{"rendered":"Belluno, il verde urbano sotto la lente: tra memoria storica e sfide future"},"content":{"rendered":"<p data-path-to-node=\"3\"><b data-path-to-node=\"3\" data-index-in-node=\"0\">Venerd\u00ec 27 febbraio alle 17:45, allo Spazio Anabasi di Belluno via Mondin n.7, il Comitato Baldenich24 ospita Anacleto Boranga per un viaggio tra i parchi cittadini e le corrette pratiche di manutenzione.<\/b><\/p>\n<p data-path-to-node=\"4\">Belluno, 26\/02\/2026 &#8211; Quanto vale un albero in citt\u00e0? Molto pi\u00f9 di un semplice elemento estetico. La gestione del verde pubblico \u00e8, a tutti gli effetti, una &#8220;cartina di tornasole&#8221; della qualit\u00e0 della vita urbana e della salute dei cittadini. Parte da questo presupposto il nuovo incontro del ciclo &#8220;Spazi di incontro, spazi di dialogo, luoghi di partecipazione&#8221;, organizzato dal Comitato di Quartiere Baldenich24.<\/p>\n<p data-path-to-node=\"5\">L\u2019appuntamento \u00e8 fissato per venerd\u00ec 27 febbraio alle ore 17.45, presso lo Spazio Anabasi di via Mondin 7. Protagonista della serata sar\u00e0 Anacleto Boranga, noto divulgatore naturalistico e ambientale, che guider\u00e0 i presenti in una riflessione tecnica ma accessibile sulla programmazione e la cura del patrimonio arboreo bellunese.<\/p>\n<p data-path-to-node=\"7\">Al centro del dibattito non ci sar\u00e0 solo l\u2019estetica, ma la sostanza: come si pianifica il verde? Come si garantisce la sostenibilit\u00e0 ambientale in un contesto urbano? Boranga affronter\u00e0 anche temi spinosi, come la pratica della capitozzatura, un intervento di potatura drastica purtroppo molto diffuso ma estremamente dannoso per la salute e la stabilit\u00e0 delle piante.<\/p>\n<p data-path-to-node=\"9\">L\u2019incontro sar\u00e0 anche l\u2019occasione per riscoprire il volto &#8220;green&#8221; della citt\u00e0 attraverso i suoi giardini di interesse storico. Un patrimonio che spazia dai celebri giardini di Piazza dei Martiri, progettati da Alpago Novello, al Parco Citt\u00e0 di Bologna, fino a luoghi carichi di memoria come il Parco della Rimembranza e il Parco San Lorenzo (ex giardini dell\u2019ospedale).<\/p>\n<p data-path-to-node=\"10\">Verranno illustrati anche spazi meno centrali ma altrettanto significativi, come i giardini delle scuole di Cavarzano, Bolzano e Gabelli, oltre al parco di Villa Clizia a Mussoi e l&#8217;area della Vecchia Stazione. L\u2019obiettivo \u00e8 duplice: onorare la memoria paesaggistica di Belluno e, contemporaneamente, immaginare nuove modalit\u00e0 di fruizione collettiva.<\/p>\n<h3 data-path-to-node=\"11\">Dialogo tra cittadini e istituzioni<\/h3>\n<p data-path-to-node=\"12\">L\u2019iniziativa di Baldenich24 punta a trasformare i residenti in soggetti attivi della vita cittadina. Dopo aver affrontato il tema del bilancio comunale, il Comitato sposta ora l&#8217;attenzione su un bene comune decisivo per l&#8217;equilibrio climatico.<\/p>\n<blockquote data-path-to-node=\"13\">\n<h6 style=\"text-align: left;\" data-path-to-node=\"13,0\">&#8220;L&#8217;invito \u00e8 aperto a tutta la cittadinanza \u2013 spiegano gli organizzatori \u2013 per contribuire con idee e proposte a una citt\u00e0 pi\u00f9 attenta al benessere collettivo&#8221;.<\/h6>\n<\/blockquote>\n<p data-path-to-node=\"14\">All&#8217;incontro \u00e8 stata ufficialmente invitata l&#8217;assessore al Verde Pubblico, Lorenza De Kunovich, per favorire un confronto diretto tra le istanze dei cittadini e l&#8217;amministrazione comunale.<\/p>","protected":false},"excerpt":{"rendered":"<p>Venerd\u00ec 27 febbraio alle 17:45, allo Spazio Anabasi di Belluno via Mondin n.7, il Comitato Baldenich24 ospita Anacleto Boranga per un viaggio tra i parchi cittadini e le corrette pratiche di manutenzione. Belluno, 26\/02\/2026 &#8211; Quanto vale un albero in citt\u00e0? Molto pi\u00f9 di un semplice elemento estetico. La gestione del verde pubblico \u00e8, a [&hellip;]<\/p>\n","protected":false},"author":2,"featured_media":131403,"comment_status":"closed","ping_status":"open","sticky":false,"template":"","format":"standard","meta":{"footnotes":""},"categories":[38,8],"tags":[],"class_list":["post-167733","post","type-post","status-publish","format-standard","has-post-thumbnail","category-natura-ambiente","category-societa-istituzioni"],"yoast_head":"<!-- This site is optimized with the Yoast SEO plugin v28.4 - https:\/\/yoast.com\/product\/yoast-seo-wordpress\/ -->\n<title>Belluno, il verde urbano sotto la lente: tra memoria storica e sfide future - Bellunopress - Dolomiti<\/title>\n<meta name=\"robots\" content=\"index, follow, max-snippet:-1, max-image-preview:large, max-video-preview:-1\" \/>\n<link rel=\"canonical\" href=\"https:\/\/www.bellunopress.it\/fr\/2026\/02\/26\/belluno-il-verde-urbano-sotto-la-lente-tra-memoria-storica-e-sfide-future\/\" \/>\n<meta property=\"og:locale\" content=\"fr_FR\" \/>\n<meta property=\"og:type\" content=\"article\" \/>\n<meta property=\"og:title\" content=\"Belluno, il verde urbano sotto la lente: tra memoria storica e sfide future - Bellunopress - Dolomiti\" \/>\n<meta property=\"og:description\" content=\"Venerd\u00ec 27 febbraio alle 17:45, allo Spazio Anabasi di Belluno via Mondin n.7, il Comitato Baldenich24 ospita Anacleto Boranga per un viaggio tra i parchi cittadini e le corrette pratiche di manutenzione. Belluno, 26\/02\/2026 &#8211; Quanto vale un albero in citt\u00e0? Molto pi\u00f9 di un semplice elemento estetico. La gestione del verde pubblico \u00e8, a [&hellip;]\" \/>\n<meta property=\"og:url\" content=\"https:\/\/www.bellunopress.it\/fr\/2026\/02\/26\/belluno-il-verde-urbano-sotto-la-lente-tra-memoria-storica-e-sfide-future\/\" \/>\n<meta property=\"og:site_name\" content=\"Bellunopress - Dolomiti\" \/>\n<meta property=\"article:publisher\" content=\"https:\/\/www.facebook.com\/profile.php?id=100008943462799\" \/>\n<meta property=\"article:published_time\" content=\"2026-02-26T07:21:47+00:00\" \/>\n<meta property=\"og:image\" content=\"https:\/\/www.bellunopress.it\/wp-content\/uploads\/2022\/02\/taglio-piante-belluno-foto-A_edited.jpg\" \/>\n\t<meta property=\"og:image:width\" content=\"1000\" \/>\n\t<meta property=\"og:image:height\" content=\"731\" \/>\n\t<meta property=\"og:image:type\" content=\"image\/jpeg\" \/>\n<meta name=\"author\" content=\"redazione\" \/>\n<meta name=\"twitter:card\" content=\"summary_large_image\" \/>\n<meta name=\"twitter:creator\" content=\"@bellunopress\" \/>\n<meta name=\"twitter:site\" content=\"@bellunopress\" \/>\n<meta name=\"twitter:label1\" content=\"\u00c9crit par\" \/>\n\t<meta name=\"twitter:data1\" content=\"redazione\" \/>\n\t<meta name=\"twitter:label2\" content=\"Dur\u00e9e de lecture estim\u00e9e\" \/>\n\t<meta name=\"twitter:data2\" content=\"2 minutes\" \/>\n<script type=\"application\/ld+json\" class=\"yoast-schema-graph\">{\"@context\":\"https:\\\/\\\/schema.org\",\"@graph\":[{\"@type\":\"Article\",\"@id\":\"https:\\\/\\\/www.bellunopress.it\\\/2026\\\/02\\\/26\\\/belluno-il-verde-urbano-sotto-la-lente-tra-memoria-storica-e-sfide-future\\\/#article\",\"isPartOf\":{\"@id\":\"https:\\\/\\\/www.bellunopress.it\\\/2026\\\/02\\\/26\\\/belluno-il-verde-urbano-sotto-la-lente-tra-memoria-storica-e-sfide-future\\\/\"},\"author\":{\"name\":\"redazione\",\"@id\":\"https:\\\/\\\/www.bellunopress.it\\\/#\\\/schema\\\/person\\\/79bb06722b37ece1c03d3e94beb30d73\"},\"headline\":\"Belluno, il verde urbano sotto la lente: tra memoria storica e sfide future\",\"datePublished\":\"2026-02-26T07:21:47+00:00\",\"mainEntityOfPage\":{\"@id\":\"https:\\\/\\\/www.bellunopress.it\\\/2026\\\/02\\\/26\\\/belluno-il-verde-urbano-sotto-la-lente-tra-memoria-storica-e-sfide-future\\\/\"},\"wordCount\":411,\"publisher\":{\"@id\":\"https:\\\/\\\/www.bellunopress.it\\\/#organization\"},\"image\":{\"@id\":\"https:\\\/\\\/www.bellunopress.it\\\/2026\\\/02\\\/26\\\/belluno-il-verde-urbano-sotto-la-lente-tra-memoria-storica-e-sfide-future\\\/#primaryimage\"},\"thumbnailUrl\":\"https:\\\/\\\/www.bellunopress.it\\\/wp-content\\\/uploads\\\/2022\\\/02\\\/taglio-piante-belluno-foto-A_edited.jpg\",\"articleSection\":[\"Meteo, natura, ambiente, animali\",\"Societ\u00e0, Associazioni, Istituzioni\"],\"inLanguage\":\"fr-FR\"},{\"@type\":\"WebPage\",\"@id\":\"https:\\\/\\\/www.bellunopress.it\\\/2026\\\/02\\\/26\\\/belluno-il-verde-urbano-sotto-la-lente-tra-memoria-storica-e-sfide-future\\\/\",\"url\":\"https:\\\/\\\/www.bellunopress.it\\\/2026\\\/02\\\/26\\\/belluno-il-verde-urbano-sotto-la-lente-tra-memoria-storica-e-sfide-future\\\/\",\"name\":\"Belluno, il verde urbano sotto la lente: tra memoria storica e sfide future - Bellunopress - Dolomiti\",\"isPartOf\":{\"@id\":\"https:\\\/\\\/www.bellunopress.it\\\/#website\"},\"primaryImageOfPage\":{\"@id\":\"https:\\\/\\\/www.bellunopress.it\\\/2026\\\/02\\\/26\\\/belluno-il-verde-urbano-sotto-la-lente-tra-memoria-storica-e-sfide-future\\\/#primaryimage\"},\"image\":{\"@id\":\"https:\\\/\\\/www.bellunopress.it\\\/2026\\\/02\\\/26\\\/belluno-il-verde-urbano-sotto-la-lente-tra-memoria-storica-e-sfide-future\\\/#primaryimage\"},\"thumbnailUrl\":\"https:\\\/\\\/www.bellunopress.it\\\/wp-content\\\/uploads\\\/2022\\\/02\\\/taglio-piante-belluno-foto-A_edited.jpg\",\"datePublished\":\"2026-02-26T07:21:47+00:00\",\"breadcrumb\":{\"@id\":\"https:\\\/\\\/www.bellunopress.it\\\/2026\\\/02\\\/26\\\/belluno-il-verde-urbano-sotto-la-lente-tra-memoria-storica-e-sfide-future\\\/#breadcrumb\"},\"inLanguage\":\"fr-FR\",\"potentialAction\":[{\"@type\":\"ReadAction\",\"target\":[\"https:\\\/\\\/www.bellunopress.it\\\/2026\\\/02\\\/26\\\/belluno-il-verde-urbano-sotto-la-lente-tra-memoria-storica-e-sfide-future\\\/\"]}]},{\"@type\":\"ImageObject\",\"inLanguage\":\"fr-FR\",\"@id\":\"https:\\\/\\\/www.bellunopress.it\\\/2026\\\/02\\\/26\\\/belluno-il-verde-urbano-sotto-la-lente-tra-memoria-storica-e-sfide-future\\\/#primaryimage\",\"url\":\"https:\\\/\\\/www.bellunopress.it\\\/wp-content\\\/uploads\\\/2022\\\/02\\\/taglio-piante-belluno-foto-A_edited.jpg\",\"contentUrl\":\"https:\\\/\\\/www.bellunopress.it\\\/wp-content\\\/uploads\\\/2022\\\/02\\\/taglio-piante-belluno-foto-A_edited.jpg\",\"width\":1000,\"height\":731,\"caption\":\"Belluno, via Vittorio Veneto 15\\\/02\\\/2022 (Foto A.Boranga)\"},{\"@type\":\"BreadcrumbList\",\"@id\":\"https:\\\/\\\/www.bellunopress.it\\\/2026\\\/02\\\/26\\\/belluno-il-verde-urbano-sotto-la-lente-tra-memoria-storica-e-sfide-future\\\/#breadcrumb\",\"itemListElement\":[{\"@type\":\"ListItem\",\"position\":1,\"name\":\"Home\",\"item\":\"https:\\\/\\\/www.bellunopress.it\\\/\"},{\"@type\":\"ListItem\",\"position\":2,\"name\":\"Belluno, il verde urbano sotto la lente: tra memoria storica e sfide future\"}]},{\"@type\":\"WebSite\",\"@id\":\"https:\\\/\\\/www.bellunopress.it\\\/#website\",\"url\":\"https:\\\/\\\/www.bellunopress.it\\\/\",\"name\":\"Bellunopress - Dolomiti\",\"description\":\"e-mail: redazione@bellunopress.it\",\"publisher\":{\"@id\":\"https:\\\/\\\/www.bellunopress.it\\\/#organization\"},\"potentialAction\":[{\"@type\":\"SearchAction\",\"target\":{\"@type\":\"EntryPoint\",\"urlTemplate\":\"https:\\\/\\\/www.bellunopress.it\\\/?s={search_term_string}\"},\"query-input\":{\"@type\":\"PropertyValueSpecification\",\"valueRequired\":true,\"valueName\":\"search_term_string\"}}],\"inLanguage\":\"fr-FR\"},{\"@type\":\"Organization\",\"@id\":\"https:\\\/\\\/www.bellunopress.it\\\/#organization\",\"name\":\"Bellunopress\",\"url\":\"https:\\\/\\\/www.bellunopress.it\\\/\",\"logo\":{\"@type\":\"ImageObject\",\"inLanguage\":\"fr-FR\",\"@id\":\"https:\\\/\\\/www.bellunopress.it\\\/#\\\/schema\\\/logo\\\/image\\\/\",\"url\":\"https:\\\/\\\/www.bellunopress.it\\\/wp-content\\\/uploads\\\/2011\\\/05\\\/cropped-logo-bellunopress-.jpg\",\"contentUrl\":\"https:\\\/\\\/www.bellunopress.it\\\/wp-content\\\/uploads\\\/2011\\\/05\\\/cropped-logo-bellunopress-.jpg\",\"width\":512,\"height\":512,\"caption\":\"Bellunopress\"},\"image\":{\"@id\":\"https:\\\/\\\/www.bellunopress.it\\\/#\\\/schema\\\/logo\\\/image\\\/\"},\"sameAs\":[\"https:\\\/\\\/www.facebook.com\\\/profile.php?id=100008943462799\",\"https:\\\/\\\/x.com\\\/bellunopress\",\"https:\\\/\\\/www.linkedin.com\\\/hp\\\/?dnr=JBzUWaJfMUw8vbXJJ2tVW5-I3jZKvC4wsoxE&amp;amp;amp;amp;amp;amp;trk=nav_responsive_tab_home\",\"https:\\\/\\\/www.youtube.com\\\/channel\\\/UCxL0wu1uN0_3_7hGG0306cw\"]},{\"@type\":\"Person\",\"@id\":\"https:\\\/\\\/www.bellunopress.it\\\/#\\\/schema\\\/person\\\/79bb06722b37ece1c03d3e94beb30d73\",\"name\":\"redazione\",\"image\":{\"@type\":\"ImageObject\",\"inLanguage\":\"fr-FR\",\"@id\":\"https:\\\/\\\/secure.gravatar.com\\\/avatar\\\/37d968a2e67a6fd04c169c4bdef102d0bc5d31b2546345219e348575eb80e9a0?s=96&d=mm&r=g\",\"url\":\"https:\\\/\\\/secure.gravatar.com\\\/avatar\\\/37d968a2e67a6fd04c169c4bdef102d0bc5d31b2546345219e348575eb80e9a0?s=96&d=mm&r=g\",\"contentUrl\":\"https:\\\/\\\/secure.gravatar.com\\\/avatar\\\/37d968a2e67a6fd04c169c4bdef102d0bc5d31b2546345219e348575eb80e9a0?s=96&d=mm&r=g\",\"caption\":\"redazione\"},\"sameAs\":[\"http:\\\/\\\/www.bellunopress.it\",\"https:\\\/\\\/x.com\\\/bellunopress\"],\"url\":\"https:\\\/\\\/www.bellunopress.it\\\/fr\\\/author\\\/redazione\\\/\"}]}<\/script>\n<!-- \/ Yoast SEO plugin. -->","yoast_head_json":{"title":"Belluno, il verde urbano sotto la lente: tra memoria storica e sfide future - Bellunopress - Dolomiti","robots":{"index":"index","follow":"follow","max-snippet":"max-snippet:-1","max-image-preview":"max-image-preview:large","max-video-preview":"max-video-preview:-1"},"canonical":"https:\/\/www.bellunopress.it\/fr\/2026\/02\/26\/belluno-il-verde-urbano-sotto-la-lente-tra-memoria-storica-e-sfide-future\/","og_locale":"fr_FR","og_type":"article","og_title":"Belluno, il verde urbano sotto la lente: tra memoria storica e sfide future - Bellunopress - Dolomiti","og_description":"Venerd\u00ec 27 febbraio alle 17:45, allo Spazio Anabasi di Belluno via Mondin n.7, il Comitato Baldenich24 ospita Anacleto Boranga per un viaggio tra i parchi cittadini e le corrette pratiche di manutenzione. Belluno, 26\/02\/2026 &#8211; Quanto vale un albero in citt\u00e0? Molto pi\u00f9 di un semplice elemento estetico. La gestione del verde pubblico \u00e8, a [&hellip;]","og_url":"https:\/\/www.bellunopress.it\/fr\/2026\/02\/26\/belluno-il-verde-urbano-sotto-la-lente-tra-memoria-storica-e-sfide-future\/","og_site_name":"Bellunopress - Dolomiti","article_publisher":"https:\/\/www.facebook.com\/profile.php?id=100008943462799","article_published_time":"2026-02-26T07:21:47+00:00","og_image":[{"width":1000,"height":731,"url":"https:\/\/www.bellunopress.it\/wp-content\/uploads\/2022\/02\/taglio-piante-belluno-foto-A_edited.jpg","type":"image\/jpeg"}],"author":"redazione","twitter_card":"summary_large_image","twitter_creator":"@bellunopress","twitter_site":"@bellunopress","twitter_misc":{"\u00c9crit par":"redazione","Dur\u00e9e de lecture estim\u00e9e":"2 minutes"},"schema":{"@context":"https:\/\/schema.org","@graph":[{"@type":"Article","@id":"https:\/\/www.bellunopress.it\/2026\/02\/26\/belluno-il-verde-urbano-sotto-la-lente-tra-memoria-storica-e-sfide-future\/#article","isPartOf":{"@id":"https:\/\/www.bellunopress.it\/2026\/02\/26\/belluno-il-verde-urbano-sotto-la-lente-tra-memoria-storica-e-sfide-future\/"},"author":{"name":"redazione","@id":"https:\/\/www.bellunopress.it\/#\/schema\/person\/79bb06722b37ece1c03d3e94beb30d73"},"headline":"Belluno, il verde urbano sotto la lente: tra memoria storica e sfide future","datePublished":"2026-02-26T07:21:47+00:00","mainEntityOfPage":{"@id":"https:\/\/www.bellunopress.it\/2026\/02\/26\/belluno-il-verde-urbano-sotto-la-lente-tra-memoria-storica-e-sfide-future\/"},"wordCount":411,"publisher":{"@id":"https:\/\/www.bellunopress.it\/#organization"},"image":{"@id":"https:\/\/www.bellunopress.it\/2026\/02\/26\/belluno-il-verde-urbano-sotto-la-lente-tra-memoria-storica-e-sfide-future\/#primaryimage"},"thumbnailUrl":"https:\/\/www.bellunopress.it\/wp-content\/uploads\/2022\/02\/taglio-piante-belluno-foto-A_edited.jpg","articleSection":["Meteo, natura, ambiente, animali","Societ\u00e0, Associazioni, Istituzioni"],"inLanguage":"fr-FR"},{"@type":"WebPage","@id":"https:\/\/www.bellunopress.it\/2026\/02\/26\/belluno-il-verde-urbano-sotto-la-lente-tra-memoria-storica-e-sfide-future\/","url":"https:\/\/www.bellunopress.it\/2026\/02\/26\/belluno-il-verde-urbano-sotto-la-lente-tra-memoria-storica-e-sfide-future\/","name":"Belluno, il verde urbano sotto la lente: tra memoria storica e sfide future - Bellunopress - Dolomiti","isPartOf":{"@id":"https:\/\/www.bellunopress.it\/#website"},"primaryImageOfPage":{"@id":"https:\/\/www.bellunopress.it\/2026\/02\/26\/belluno-il-verde-urbano-sotto-la-lente-tra-memoria-storica-e-sfide-future\/#primaryimage"},"image":{"@id":"https:\/\/www.bellunopress.it\/2026\/02\/26\/belluno-il-verde-urbano-sotto-la-lente-tra-memoria-storica-e-sfide-future\/#primaryimage"},"thumbnailUrl":"https:\/\/www.bellunopress.it\/wp-content\/uploads\/2022\/02\/taglio-piante-belluno-foto-A_edited.jpg","datePublished":"2026-02-26T07:21:47+00:00","breadcrumb":{"@id":"https:\/\/www.bellunopress.it\/2026\/02\/26\/belluno-il-verde-urbano-sotto-la-lente-tra-memoria-storica-e-sfide-future\/#breadcrumb"},"inLanguage":"fr-FR","potentialAction":[{"@type":"ReadAction","target":["https:\/\/www.bellunopress.it\/2026\/02\/26\/belluno-il-verde-urbano-sotto-la-lente-tra-memoria-storica-e-sfide-future\/"]}]},{"@type":"ImageObject","inLanguage":"fr-FR","@id":"https:\/\/www.bellunopress.it\/2026\/02\/26\/belluno-il-verde-urbano-sotto-la-lente-tra-memoria-storica-e-sfide-future\/#primaryimage","url":"https:\/\/www.bellunopress.it\/wp-content\/uploads\/2022\/02\/taglio-piante-belluno-foto-A_edited.jpg","contentUrl":"https:\/\/www.bellunopress.it\/wp-content\/uploads\/2022\/02\/taglio-piante-belluno-foto-A_edited.jpg","width":1000,"height":731,"caption":"Belluno, via Vittorio Veneto 15\/02\/2022 (Foto A.Boranga)"},{"@type":"BreadcrumbList","@id":"https:\/\/www.bellunopress.it\/2026\/02\/26\/belluno-il-verde-urbano-sotto-la-lente-tra-memoria-storica-e-sfide-future\/#breadcrumb","itemListElement":[{"@type":"ListItem","position":1,"name":"Home","item":"https:\/\/www.bellunopress.it\/"},{"@type":"ListItem","position":2,"name":"Belluno, il verde urbano sotto la lente: tra memoria storica e sfide future"}]},{"@type":"WebSite","@id":"https:\/\/www.bellunopress.it\/#website","url":"https:\/\/www.bellunopress.it\/","name":"Bellunopress - Dolomiti","description":"e-mail: redazione@bellunopress.it","publisher":{"@id":"https:\/\/www.bellunopress.it\/#organization"},"potentialAction":[{"@type":"SearchAction","target":{"@type":"EntryPoint","urlTemplate":"https:\/\/www.bellunopress.it\/?s={search_term_string}"},"query-input":{"@type":"PropertyValueSpecification","valueRequired":true,"valueName":"search_term_string"}}],"inLanguage":"fr-FR"},{"@type":"Organization","@id":"https:\/\/www.bellunopress.it\/#organization","name":"Bellunopress","url":"https:\/\/www.bellunopress.it\/","logo":{"@type":"ImageObject","inLanguage":"fr-FR","@id":"https:\/\/www.bellunopress.it\/#\/schema\/logo\/image\/","url":"https:\/\/www.bellunopress.it\/wp-content\/uploads\/2011\/05\/cropped-logo-bellunopress-.jpg","contentUrl":"https:\/\/www.bellunopress.it\/wp-content\/uploads\/2011\/05\/cropped-logo-bellunopress-.jpg","width":512,"height":512,"caption":"Bellunopress"},"image":{"@id":"https:\/\/www.bellunopress.it\/#\/schema\/logo\/image\/"},"sameAs":["https:\/\/www.facebook.com\/profile.php?id=100008943462799","https:\/\/x.com\/bellunopress","https:\/\/www.linkedin.com\/hp\/?dnr=JBzUWaJfMUw8vbXJJ2tVW5-I3jZKvC4wsoxE&amp;amp;amp;amp;amp;amp;trk=nav_responsive_tab_home","https:\/\/www.youtube.com\/channel\/UCxL0wu1uN0_3_7hGG0306cw"]},{"@type":"Person","@id":"https:\/\/www.bellunopress.it\/#\/schema\/person\/79bb06722b37ece1c03d3e94beb30d73","name":"r\u00e9daction","image":{"@type":"ImageObject","inLanguage":"fr-FR","@id":"https:\/\/secure.gravatar.com\/avatar\/37d968a2e67a6fd04c169c4bdef102d0bc5d31b2546345219e348575eb80e9a0?s=96&d=mm&r=g","url":"https:\/\/secure.gravatar.com\/avatar\/37d968a2e67a6fd04c169c4bdef102d0bc5d31b2546345219e348575eb80e9a0?s=96&d=mm&r=g","contentUrl":"https:\/\/secure.gravatar.com\/avatar\/37d968a2e67a6fd04c169c4bdef102d0bc5d31b2546345219e348575eb80e9a0?s=96&d=mm&r=g","caption":"redazione"},"sameAs":["http:\/\/www.bellunopress.it","https:\/\/x.com\/bellunopress"],"url":"https:\/\/www.bellunopress.it\/fr\/author\/redazione\/"}]}},"_links":{"self":[{"href":"https:\/\/www.bellunopress.it\/fr\/wp-json\/wp\/v2\/posts\/167733","targetHints":{"allow":["GET"]}}],"collection":[{"href":"https:\/\/www.bellunopress.it\/fr\/wp-json\/wp\/v2\/posts"}],"about":[{"href":"https:\/\/www.bellunopress.it\/fr\/wp-json\/wp\/v2\/types\/post"}],"author":[{"embeddable":true,"href":"https:\/\/www.bellunopress.it\/fr\/wp-json\/wp\/v2\/users\/2"}],"replies":[{"embeddable":true,"href":"https:\/\/www.bellunopress.it\/fr\/wp-json\/wp\/v2\/comments?post=167733"}],"version-history":[{"count":1,"href":"https:\/\/www.bellunopress.it\/fr\/wp-json\/wp\/v2\/posts\/167733\/revisions"}],"predecessor-version":[{"id":167734,"href":"https:\/\/www.bellunopress.it\/fr\/wp-json\/wp\/v2\/posts\/167733\/revisions\/167734"}],"wp:featuredmedia":[{"embeddable":true,"href":"https:\/\/www.bellunopress.it\/fr\/wp-json\/wp\/v2\/media\/131403"}],"wp:attachment":[{"href":"https:\/\/www.bellunopress.it\/fr\/wp-json\/wp\/v2\/media?parent=167733"}],"wp:term":[{"taxonomy":"category","embeddable":true,"href":"https:\/\/www.bellunopress.it\/fr\/wp-json\/wp\/v2\/categories?post=167733"},{"taxonomy":"post_tag","embeddable":true,"href":"https:\/\/www.bellunopress.it\/fr\/wp-json\/wp\/v2\/tags?post=167733"}],"curies":[{"name":"wp","href":"https:\/\/api.w.org\/{rel}","templated":true}]}}