{"id":167728,"date":"2026-02-26T07:39:47","date_gmt":"2026-02-26T06:39:47","guid":{"rendered":"https:\/\/www.bellunopress.it\/?p=167728"},"modified":"2026-02-26T07:39:47","modified_gmt":"2026-02-26T06:39:47","slug":"contratto-metalmeccanici-l87-approva-lipotesi-di-accordo","status":"publish","type":"post","link":"https:\/\/www.bellunopress.it\/fr\/2026\/02\/26\/contratto-metalmeccanici-l87-approva-lipotesi-di-accordo\/","title":{"rendered":"Contratto metalmeccanici: l&#8217;87% approva l&#8217;ipotesi di accordo"},"content":{"rendered":"<p>&#8220;Approvato con ampio consenso (87,28 %), dalle lavoratrici e dai lavoratori della Provincia di Belluno, il rinnovo del contratto dei metalmeccanici&#8221; &#8220;Da met\u00e0 dicembre 2025 al 20 febbraio 2026, \u2013 dichiarano le Segreterie provinciali dei sindacati FIM CISL, FIOM CGIL e UILM UIL di Belluno \u2013 abbiamo svolto decine di assemblee, incontrando migliaia di lavoratrici e lavoratori metalmeccanici del territorio, coinvolti nel rinnovo del contratto nazionale dell&#8217;industria metalmeccanica, ricevendo un forte consenso sia nel confronto diretto, durante le assemblee, sia nel voto referendario. L&#8217;87,28% di voti favorevoli conferma non solo il buon lavoro svolto dalle organizzazioni sindacali, ma ne rafforza anche i contenuti&#8221;.<\/p>\n<p>&#8220;Nella piena consapevolezza delle giuste rivendicazioni, rappresentative dei bisogni delle lavoratrici e dei lavoratori metalmeccanici, vengono riconosciute \u2013 per Fim-Fiom-Uilm: la centralit\u00e0 del contratto nazionale; il riconoscimento di una massa salariale superiore all&#8217;inflazione (che determina recupero di potere d&#8217;acquisto); una maggiore possibilit\u00e0 di conciliare i tempi vita\/lavoro; la dignit\u00e0 del lavoro sicuro; il contrasto alla precariet\u00e0&#8221;. Il rinnovo di questo contratto nazionale si \u00e8 dimostrato complesso e particolarmente impegnativo, anche per il livello di conflittualit\u00e0 espresso con le ore di sciopero svolte anche nel territorio bellunese.<\/p>\n<p>Le lavoratrici e i lavoratori hanno per\u00f2 saputo cogliere il valore del risultato raggiunto, riaffermando ancora una volta che il lavoro metalmeccanico \u00e8 centrale per il futuro del Paese e della provincia di Belluno&#8221;.<\/p>\n<p>Il risultato definitivo del referendum, a livello nazionale, ha visto prevalere il voto favorevole all&#8217;approvazione della ipotesi di accordo con il 93,13%. Questo dato evidenzia quanto la direzione tracciata confermi che il rinnovo del contratto nazionale goda di un ampio e convinto S\u00cc anche tra i metalmeccanici bellunesi.<\/p>","protected":false},"excerpt":{"rendered":"<p>&#8220;Approvato con ampio consenso (87,28 %), dalle lavoratrici e dai lavoratori della Provincia di Belluno, il rinnovo del contratto dei metalmeccanici&#8221; &#8220;Da met\u00e0 dicembre 2025 al 20 febbraio 2026, \u2013 dichiarano le Segreterie provinciali dei sindacati FIM CISL, FIOM CGIL e UILM UIL di Belluno \u2013 abbiamo svolto decine di assemblee, incontrando migliaia di lavoratrici [&hellip;]<\/p>\n","protected":false},"author":2,"featured_media":138510,"comment_status":"closed","ping_status":"open","sticky":false,"template":"","format":"standard","meta":{"footnotes":""},"categories":[36],"tags":[],"class_list":["post-167728","post","type-post","status-publish","format-standard","has-post-thumbnail","category-lavoro-economia"],"yoast_head":"<!-- This site is optimized with the Yoast SEO plugin v28.4 - https:\/\/yoast.com\/product\/yoast-seo-wordpress\/ -->\n<title>Contratto metalmeccanici: l&#039;87% approva l&#039;ipotesi di accordo - Bellunopress - Dolomiti<\/title>\n<meta name=\"robots\" content=\"index, follow, max-snippet:-1, max-image-preview:large, max-video-preview:-1\" \/>\n<link rel=\"canonical\" href=\"https:\/\/www.bellunopress.it\/fr\/2026\/02\/26\/contratto-metalmeccanici-l87-approva-lipotesi-di-accordo\/\" \/>\n<meta property=\"og:locale\" content=\"fr_FR\" \/>\n<meta property=\"og:type\" content=\"article\" \/>\n<meta property=\"og:title\" content=\"Contratto metalmeccanici: l&#039;87% approva l&#039;ipotesi di accordo - Bellunopress - Dolomiti\" \/>\n<meta property=\"og:description\" content=\"&#8220;Approvato con ampio consenso (87,28 %), dalle lavoratrici e dai lavoratori della Provincia di Belluno, il rinnovo del contratto dei metalmeccanici&#8221; &#8220;Da met\u00e0 dicembre 2025 al 20 febbraio 2026, \u2013 dichiarano le Segreterie provinciali dei sindacati FIM CISL, FIOM CGIL e UILM UIL di Belluno \u2013 abbiamo svolto decine di assemblee, incontrando migliaia di lavoratrici [&hellip;]\" \/>\n<meta property=\"og:url\" content=\"https:\/\/www.bellunopress.it\/fr\/2026\/02\/26\/contratto-metalmeccanici-l87-approva-lipotesi-di-accordo\/\" \/>\n<meta property=\"og:site_name\" content=\"Bellunopress - Dolomiti\" \/>\n<meta property=\"article:publisher\" content=\"https:\/\/www.facebook.com\/profile.php?id=100008943462799\" \/>\n<meta property=\"article:published_time\" content=\"2026-02-26T06:39:47+00:00\" \/>\n<meta property=\"og:image\" content=\"https:\/\/www.bellunopress.it\/wp-content\/uploads\/2022\/12\/Fiom-Cgil-Belluno-logo_edited.jpg\" \/>\n\t<meta property=\"og:image:width\" content=\"769\" \/>\n\t<meta property=\"og:image:height\" content=\"773\" \/>\n\t<meta property=\"og:image:type\" content=\"image\/jpeg\" \/>\n<meta name=\"author\" content=\"redazione\" \/>\n<meta name=\"twitter:card\" content=\"summary_large_image\" \/>\n<meta name=\"twitter:creator\" content=\"@bellunopress\" \/>\n<meta name=\"twitter:site\" content=\"@bellunopress\" \/>\n<meta name=\"twitter:label1\" content=\"\u00c9crit par\" \/>\n\t<meta name=\"twitter:data1\" content=\"redazione\" \/>\n\t<meta name=\"twitter:label2\" content=\"Dur\u00e9e de lecture estim\u00e9e\" \/>\n\t<meta name=\"twitter:data2\" content=\"1 minute\" \/>\n<script type=\"application\/ld+json\" class=\"yoast-schema-graph\">{\"@context\":\"https:\\\/\\\/schema.org\",\"@graph\":[{\"@type\":\"Article\",\"@id\":\"https:\\\/\\\/www.bellunopress.it\\\/2026\\\/02\\\/26\\\/contratto-metalmeccanici-l87-approva-lipotesi-di-accordo\\\/#article\",\"isPartOf\":{\"@id\":\"https:\\\/\\\/www.bellunopress.it\\\/2026\\\/02\\\/26\\\/contratto-metalmeccanici-l87-approva-lipotesi-di-accordo\\\/\"},\"author\":{\"name\":\"redazione\",\"@id\":\"https:\\\/\\\/www.bellunopress.it\\\/#\\\/schema\\\/person\\\/79bb06722b37ece1c03d3e94beb30d73\"},\"headline\":\"Contratto metalmeccanici: l&#8217;87% approva l&#8217;ipotesi di accordo\",\"datePublished\":\"2026-02-26T06:39:47+00:00\",\"mainEntityOfPage\":{\"@id\":\"https:\\\/\\\/www.bellunopress.it\\\/2026\\\/02\\\/26\\\/contratto-metalmeccanici-l87-approva-lipotesi-di-accordo\\\/\"},\"wordCount\":273,\"publisher\":{\"@id\":\"https:\\\/\\\/www.bellunopress.it\\\/#organization\"},\"image\":{\"@id\":\"https:\\\/\\\/www.bellunopress.it\\\/2026\\\/02\\\/26\\\/contratto-metalmeccanici-l87-approva-lipotesi-di-accordo\\\/#primaryimage\"},\"thumbnailUrl\":\"https:\\\/\\\/www.bellunopress.it\\\/wp-content\\\/uploads\\\/2022\\\/12\\\/Fiom-Cgil-Belluno-logo_edited.jpg\",\"articleSection\":[\"Lavoro, Economia, Turismo\"],\"inLanguage\":\"fr-FR\"},{\"@type\":\"WebPage\",\"@id\":\"https:\\\/\\\/www.bellunopress.it\\\/2026\\\/02\\\/26\\\/contratto-metalmeccanici-l87-approva-lipotesi-di-accordo\\\/\",\"url\":\"https:\\\/\\\/www.bellunopress.it\\\/2026\\\/02\\\/26\\\/contratto-metalmeccanici-l87-approva-lipotesi-di-accordo\\\/\",\"name\":\"Contratto metalmeccanici: l'87% approva l'ipotesi di accordo - Bellunopress - Dolomiti\",\"isPartOf\":{\"@id\":\"https:\\\/\\\/www.bellunopress.it\\\/#website\"},\"primaryImageOfPage\":{\"@id\":\"https:\\\/\\\/www.bellunopress.it\\\/2026\\\/02\\\/26\\\/contratto-metalmeccanici-l87-approva-lipotesi-di-accordo\\\/#primaryimage\"},\"image\":{\"@id\":\"https:\\\/\\\/www.bellunopress.it\\\/2026\\\/02\\\/26\\\/contratto-metalmeccanici-l87-approva-lipotesi-di-accordo\\\/#primaryimage\"},\"thumbnailUrl\":\"https:\\\/\\\/www.bellunopress.it\\\/wp-content\\\/uploads\\\/2022\\\/12\\\/Fiom-Cgil-Belluno-logo_edited.jpg\",\"datePublished\":\"2026-02-26T06:39:47+00:00\",\"breadcrumb\":{\"@id\":\"https:\\\/\\\/www.bellunopress.it\\\/2026\\\/02\\\/26\\\/contratto-metalmeccanici-l87-approva-lipotesi-di-accordo\\\/#breadcrumb\"},\"inLanguage\":\"fr-FR\",\"potentialAction\":[{\"@type\":\"ReadAction\",\"target\":[\"https:\\\/\\\/www.bellunopress.it\\\/2026\\\/02\\\/26\\\/contratto-metalmeccanici-l87-approva-lipotesi-di-accordo\\\/\"]}]},{\"@type\":\"ImageObject\",\"inLanguage\":\"fr-FR\",\"@id\":\"https:\\\/\\\/www.bellunopress.it\\\/2026\\\/02\\\/26\\\/contratto-metalmeccanici-l87-approva-lipotesi-di-accordo\\\/#primaryimage\",\"url\":\"https:\\\/\\\/www.bellunopress.it\\\/wp-content\\\/uploads\\\/2022\\\/12\\\/Fiom-Cgil-Belluno-logo_edited.jpg\",\"contentUrl\":\"https:\\\/\\\/www.bellunopress.it\\\/wp-content\\\/uploads\\\/2022\\\/12\\\/Fiom-Cgil-Belluno-logo_edited.jpg\",\"width\":769,\"height\":773},{\"@type\":\"BreadcrumbList\",\"@id\":\"https:\\\/\\\/www.bellunopress.it\\\/2026\\\/02\\\/26\\\/contratto-metalmeccanici-l87-approva-lipotesi-di-accordo\\\/#breadcrumb\",\"itemListElement\":[{\"@type\":\"ListItem\",\"position\":1,\"name\":\"Home\",\"item\":\"https:\\\/\\\/www.bellunopress.it\\\/\"},{\"@type\":\"ListItem\",\"position\":2,\"name\":\"Contratto metalmeccanici: l&#8217;87% approva l&#8217;ipotesi di accordo\"}]},{\"@type\":\"WebSite\",\"@id\":\"https:\\\/\\\/www.bellunopress.it\\\/#website\",\"url\":\"https:\\\/\\\/www.bellunopress.it\\\/\",\"name\":\"Bellunopress - Dolomiti\",\"description\":\"e-mail: redazione@bellunopress.it\",\"publisher\":{\"@id\":\"https:\\\/\\\/www.bellunopress.it\\\/#organization\"},\"potentialAction\":[{\"@type\":\"SearchAction\",\"target\":{\"@type\":\"EntryPoint\",\"urlTemplate\":\"https:\\\/\\\/www.bellunopress.it\\\/?s={search_term_string}\"},\"query-input\":{\"@type\":\"PropertyValueSpecification\",\"valueRequired\":true,\"valueName\":\"search_term_string\"}}],\"inLanguage\":\"fr-FR\"},{\"@type\":\"Organization\",\"@id\":\"https:\\\/\\\/www.bellunopress.it\\\/#organization\",\"name\":\"Bellunopress\",\"url\":\"https:\\\/\\\/www.bellunopress.it\\\/\",\"logo\":{\"@type\":\"ImageObject\",\"inLanguage\":\"fr-FR\",\"@id\":\"https:\\\/\\\/www.bellunopress.it\\\/#\\\/schema\\\/logo\\\/image\\\/\",\"url\":\"https:\\\/\\\/www.bellunopress.it\\\/wp-content\\\/uploads\\\/2011\\\/05\\\/cropped-logo-bellunopress-.jpg\",\"contentUrl\":\"https:\\\/\\\/www.bellunopress.it\\\/wp-content\\\/uploads\\\/2011\\\/05\\\/cropped-logo-bellunopress-.jpg\",\"width\":512,\"height\":512,\"caption\":\"Bellunopress\"},\"image\":{\"@id\":\"https:\\\/\\\/www.bellunopress.it\\\/#\\\/schema\\\/logo\\\/image\\\/\"},\"sameAs\":[\"https:\\\/\\\/www.facebook.com\\\/profile.php?id=100008943462799\",\"https:\\\/\\\/x.com\\\/bellunopress\",\"https:\\\/\\\/www.linkedin.com\\\/hp\\\/?dnr=JBzUWaJfMUw8vbXJJ2tVW5-I3jZKvC4wsoxE&amp;amp;amp;amp;amp;amp;trk=nav_responsive_tab_home\",\"https:\\\/\\\/www.youtube.com\\\/channel\\\/UCxL0wu1uN0_3_7hGG0306cw\"]},{\"@type\":\"Person\",\"@id\":\"https:\\\/\\\/www.bellunopress.it\\\/#\\\/schema\\\/person\\\/79bb06722b37ece1c03d3e94beb30d73\",\"name\":\"redazione\",\"image\":{\"@type\":\"ImageObject\",\"inLanguage\":\"fr-FR\",\"@id\":\"https:\\\/\\\/secure.gravatar.com\\\/avatar\\\/37d968a2e67a6fd04c169c4bdef102d0bc5d31b2546345219e348575eb80e9a0?s=96&d=mm&r=g\",\"url\":\"https:\\\/\\\/secure.gravatar.com\\\/avatar\\\/37d968a2e67a6fd04c169c4bdef102d0bc5d31b2546345219e348575eb80e9a0?s=96&d=mm&r=g\",\"contentUrl\":\"https:\\\/\\\/secure.gravatar.com\\\/avatar\\\/37d968a2e67a6fd04c169c4bdef102d0bc5d31b2546345219e348575eb80e9a0?s=96&d=mm&r=g\",\"caption\":\"redazione\"},\"sameAs\":[\"http:\\\/\\\/www.bellunopress.it\",\"https:\\\/\\\/x.com\\\/bellunopress\"],\"url\":\"https:\\\/\\\/www.bellunopress.it\\\/fr\\\/author\\\/redazione\\\/\"}]}<\/script>\n<!-- \/ Yoast SEO plugin. -->","yoast_head_json":{"title":"Contratto metalmeccanici: l'87% approva l'ipotesi di accordo - Bellunopress - Dolomiti","robots":{"index":"index","follow":"follow","max-snippet":"max-snippet:-1","max-image-preview":"max-image-preview:large","max-video-preview":"max-video-preview:-1"},"canonical":"https:\/\/www.bellunopress.it\/fr\/2026\/02\/26\/contratto-metalmeccanici-l87-approva-lipotesi-di-accordo\/","og_locale":"fr_FR","og_type":"article","og_title":"Contratto metalmeccanici: l'87% approva l'ipotesi di accordo - Bellunopress - Dolomiti","og_description":"&#8220;Approvato con ampio consenso (87,28 %), dalle lavoratrici e dai lavoratori della Provincia di Belluno, il rinnovo del contratto dei metalmeccanici&#8221; &#8220;Da met\u00e0 dicembre 2025 al 20 febbraio 2026, \u2013 dichiarano le Segreterie provinciali dei sindacati FIM CISL, FIOM CGIL e UILM UIL di Belluno \u2013 abbiamo svolto decine di assemblee, incontrando migliaia di lavoratrici [&hellip;]","og_url":"https:\/\/www.bellunopress.it\/fr\/2026\/02\/26\/contratto-metalmeccanici-l87-approva-lipotesi-di-accordo\/","og_site_name":"Bellunopress - Dolomiti","article_publisher":"https:\/\/www.facebook.com\/profile.php?id=100008943462799","article_published_time":"2026-02-26T06:39:47+00:00","og_image":[{"width":769,"height":773,"url":"https:\/\/www.bellunopress.it\/wp-content\/uploads\/2022\/12\/Fiom-Cgil-Belluno-logo_edited.jpg","type":"image\/jpeg"}],"author":"redazione","twitter_card":"summary_large_image","twitter_creator":"@bellunopress","twitter_site":"@bellunopress","twitter_misc":{"\u00c9crit par":"redazione","Dur\u00e9e de lecture estim\u00e9e":"1 minute"},"schema":{"@context":"https:\/\/schema.org","@graph":[{"@type":"Article","@id":"https:\/\/www.bellunopress.it\/2026\/02\/26\/contratto-metalmeccanici-l87-approva-lipotesi-di-accordo\/#article","isPartOf":{"@id":"https:\/\/www.bellunopress.it\/2026\/02\/26\/contratto-metalmeccanici-l87-approva-lipotesi-di-accordo\/"},"author":{"name":"redazione","@id":"https:\/\/www.bellunopress.it\/#\/schema\/person\/79bb06722b37ece1c03d3e94beb30d73"},"headline":"Contratto metalmeccanici: l&#8217;87% approva l&#8217;ipotesi di accordo","datePublished":"2026-02-26T06:39:47+00:00","mainEntityOfPage":{"@id":"https:\/\/www.bellunopress.it\/2026\/02\/26\/contratto-metalmeccanici-l87-approva-lipotesi-di-accordo\/"},"wordCount":273,"publisher":{"@id":"https:\/\/www.bellunopress.it\/#organization"},"image":{"@id":"https:\/\/www.bellunopress.it\/2026\/02\/26\/contratto-metalmeccanici-l87-approva-lipotesi-di-accordo\/#primaryimage"},"thumbnailUrl":"https:\/\/www.bellunopress.it\/wp-content\/uploads\/2022\/12\/Fiom-Cgil-Belluno-logo_edited.jpg","articleSection":["Lavoro, Economia, Turismo"],"inLanguage":"fr-FR"},{"@type":"WebPage","@id":"https:\/\/www.bellunopress.it\/2026\/02\/26\/contratto-metalmeccanici-l87-approva-lipotesi-di-accordo\/","url":"https:\/\/www.bellunopress.it\/2026\/02\/26\/contratto-metalmeccanici-l87-approva-lipotesi-di-accordo\/","name":"Contratto metalmeccanici: l'87% approva l'ipotesi di accordo - Bellunopress - Dolomiti","isPartOf":{"@id":"https:\/\/www.bellunopress.it\/#website"},"primaryImageOfPage":{"@id":"https:\/\/www.bellunopress.it\/2026\/02\/26\/contratto-metalmeccanici-l87-approva-lipotesi-di-accordo\/#primaryimage"},"image":{"@id":"https:\/\/www.bellunopress.it\/2026\/02\/26\/contratto-metalmeccanici-l87-approva-lipotesi-di-accordo\/#primaryimage"},"thumbnailUrl":"https:\/\/www.bellunopress.it\/wp-content\/uploads\/2022\/12\/Fiom-Cgil-Belluno-logo_edited.jpg","datePublished":"2026-02-26T06:39:47+00:00","breadcrumb":{"@id":"https:\/\/www.bellunopress.it\/2026\/02\/26\/contratto-metalmeccanici-l87-approva-lipotesi-di-accordo\/#breadcrumb"},"inLanguage":"fr-FR","potentialAction":[{"@type":"ReadAction","target":["https:\/\/www.bellunopress.it\/2026\/02\/26\/contratto-metalmeccanici-l87-approva-lipotesi-di-accordo\/"]}]},{"@type":"ImageObject","inLanguage":"fr-FR","@id":"https:\/\/www.bellunopress.it\/2026\/02\/26\/contratto-metalmeccanici-l87-approva-lipotesi-di-accordo\/#primaryimage","url":"https:\/\/www.bellunopress.it\/wp-content\/uploads\/2022\/12\/Fiom-Cgil-Belluno-logo_edited.jpg","contentUrl":"https:\/\/www.bellunopress.it\/wp-content\/uploads\/2022\/12\/Fiom-Cgil-Belluno-logo_edited.jpg","width":769,"height":773},{"@type":"BreadcrumbList","@id":"https:\/\/www.bellunopress.it\/2026\/02\/26\/contratto-metalmeccanici-l87-approva-lipotesi-di-accordo\/#breadcrumb","itemListElement":[{"@type":"ListItem","position":1,"name":"Home","item":"https:\/\/www.bellunopress.it\/"},{"@type":"ListItem","position":2,"name":"Contratto metalmeccanici: l&#8217;87% approva l&#8217;ipotesi di accordo"}]},{"@type":"WebSite","@id":"https:\/\/www.bellunopress.it\/#website","url":"https:\/\/www.bellunopress.it\/","name":"Bellunopress - Dolomiti","description":"e-mail: redazione@bellunopress.it","publisher":{"@id":"https:\/\/www.bellunopress.it\/#organization"},"potentialAction":[{"@type":"SearchAction","target":{"@type":"EntryPoint","urlTemplate":"https:\/\/www.bellunopress.it\/?s={search_term_string}"},"query-input":{"@type":"PropertyValueSpecification","valueRequired":true,"valueName":"search_term_string"}}],"inLanguage":"fr-FR"},{"@type":"Organization","@id":"https:\/\/www.bellunopress.it\/#organization","name":"Bellunopress","url":"https:\/\/www.bellunopress.it\/","logo":{"@type":"ImageObject","inLanguage":"fr-FR","@id":"https:\/\/www.bellunopress.it\/#\/schema\/logo\/image\/","url":"https:\/\/www.bellunopress.it\/wp-content\/uploads\/2011\/05\/cropped-logo-bellunopress-.jpg","contentUrl":"https:\/\/www.bellunopress.it\/wp-content\/uploads\/2011\/05\/cropped-logo-bellunopress-.jpg","width":512,"height":512,"caption":"Bellunopress"},"image":{"@id":"https:\/\/www.bellunopress.it\/#\/schema\/logo\/image\/"},"sameAs":["https:\/\/www.facebook.com\/profile.php?id=100008943462799","https:\/\/x.com\/bellunopress","https:\/\/www.linkedin.com\/hp\/?dnr=JBzUWaJfMUw8vbXJJ2tVW5-I3jZKvC4wsoxE&amp;amp;amp;amp;amp;amp;trk=nav_responsive_tab_home","https:\/\/www.youtube.com\/channel\/UCxL0wu1uN0_3_7hGG0306cw"]},{"@type":"Person","@id":"https:\/\/www.bellunopress.it\/#\/schema\/person\/79bb06722b37ece1c03d3e94beb30d73","name":"r\u00e9daction","image":{"@type":"ImageObject","inLanguage":"fr-FR","@id":"https:\/\/secure.gravatar.com\/avatar\/37d968a2e67a6fd04c169c4bdef102d0bc5d31b2546345219e348575eb80e9a0?s=96&d=mm&r=g","url":"https:\/\/secure.gravatar.com\/avatar\/37d968a2e67a6fd04c169c4bdef102d0bc5d31b2546345219e348575eb80e9a0?s=96&d=mm&r=g","contentUrl":"https:\/\/secure.gravatar.com\/avatar\/37d968a2e67a6fd04c169c4bdef102d0bc5d31b2546345219e348575eb80e9a0?s=96&d=mm&r=g","caption":"redazione"},"sameAs":["http:\/\/www.bellunopress.it","https:\/\/x.com\/bellunopress"],"url":"https:\/\/www.bellunopress.it\/fr\/author\/redazione\/"}]}},"_links":{"self":[{"href":"https:\/\/www.bellunopress.it\/fr\/wp-json\/wp\/v2\/posts\/167728","targetHints":{"allow":["GET"]}}],"collection":[{"href":"https:\/\/www.bellunopress.it\/fr\/wp-json\/wp\/v2\/posts"}],"about":[{"href":"https:\/\/www.bellunopress.it\/fr\/wp-json\/wp\/v2\/types\/post"}],"author":[{"embeddable":true,"href":"https:\/\/www.bellunopress.it\/fr\/wp-json\/wp\/v2\/users\/2"}],"replies":[{"embeddable":true,"href":"https:\/\/www.bellunopress.it\/fr\/wp-json\/wp\/v2\/comments?post=167728"}],"version-history":[{"count":1,"href":"https:\/\/www.bellunopress.it\/fr\/wp-json\/wp\/v2\/posts\/167728\/revisions"}],"predecessor-version":[{"id":167729,"href":"https:\/\/www.bellunopress.it\/fr\/wp-json\/wp\/v2\/posts\/167728\/revisions\/167729"}],"wp:featuredmedia":[{"embeddable":true,"href":"https:\/\/www.bellunopress.it\/fr\/wp-json\/wp\/v2\/media\/138510"}],"wp:attachment":[{"href":"https:\/\/www.bellunopress.it\/fr\/wp-json\/wp\/v2\/media?parent=167728"}],"wp:term":[{"taxonomy":"category","embeddable":true,"href":"https:\/\/www.bellunopress.it\/fr\/wp-json\/wp\/v2\/categories?post=167728"},{"taxonomy":"post_tag","embeddable":true,"href":"https:\/\/www.bellunopress.it\/fr\/wp-json\/wp\/v2\/tags?post=167728"}],"curies":[{"name":"wp","href":"https:\/\/api.w.org\/{rel}","templated":true}]}}