{"id":167725,"date":"2026-03-01T11:00:29","date_gmt":"2026-03-01T10:00:29","guid":{"rendered":"https:\/\/www.bellunopress.it\/?p=167725"},"modified":"2026-02-25T21:44:22","modified_gmt":"2026-02-25T20:44:22","slug":"lanima-del-sol-levante-sbarca-a-trichiana-un-viaggio-tra-i-colori-e-i-riti-del-giappone","status":"publish","type":"post","link":"https:\/\/www.bellunopress.it\/fr\/2026\/03\/01\/lanima-del-sol-levante-sbarca-a-trichiana-un-viaggio-tra-i-colori-e-i-riti-del-giappone\/","title":{"rendered":"L\u2019Anima del Sol Levante sbarca a Trichiana: un viaggio tra i colori e i riti del Giappone"},"content":{"rendered":"<p data-path-to-node=\"3\"><b data-path-to-node=\"3\" data-index-in-node=\"0\">Dal 7 al 22 marzo, la mostra &#8220;Giappone dei Colori&#8221; trasforma il paesaggio bellunese in un ponte verso l\u2019Oriente. Un percorso sensoriale tra fotografia, artigianato millenario e degustazioni di t\u00e8.<\/b><\/p>\n<p data-path-to-node=\"4\">Il Giappone non \u00e8 solo una destinazione geografica, ma un mosaico di sfumature che raccontano storie di equilibrio, spiritualit\u00e0 e vita quotidiana. \u00c8 questo il cuore pulsante di &#8220;Giappone dei Colori&#8221;, la mostra curata da Mattia De Rossi e Francesca Ferrarese che aprir\u00e0 i battenti il prossimo 7 marzo a Trichiana.<\/p>\n<h3 data-path-to-node=\"5\">Un dialogo tra immagine e materia<\/h3>\n<p data-path-to-node=\"6\">Non si tratta di una semplice esposizione fotografica. Il progetto, nato all&#8217;interno della cornice culturale <i data-path-to-node=\"6\" data-index-in-node=\"109\">Giappone nel cassetto<\/i>, propone un&#8217;esperienza immersiva dove la fotografia d\u2019autore dialoga con l\u2019artigianato autentico.<\/p>\n<p data-path-to-node=\"7\">I visitatori potranno ammirare scatti che catturano l&#8217;essenza delle aree rurali e urbane, affiancati da oggetti che ne sono il riflesso materico: kimono, ceramiche e tessuti provenienti direttamente dalle botteghe giapponesi.<\/p>\n<blockquote data-path-to-node=\"8\">\n<h6 style=\"text-align: left;\" data-path-to-node=\"8,0\">&#8220;Il colore \u00e8 un linguaggio silenzioso che unisce paesaggi e gesti,&#8221; spiegano i curatori. &#8220;Vogliamo offrire un viaggio che vada oltre la vista, toccando la memoria e la sensibilit\u00e0 dei visitatori.&#8221;<\/h6>\n<\/blockquote>\n<h3 data-path-to-node=\"9\">Le cinque stazioni cromatiche<\/h3>\n<p data-path-to-node=\"10\">Il percorso espositivo \u00e8 strutturato come un itinerario simbolico suddiviso in cinque tappe, ognuna dedicata a una tonalit\u00e0 cardine della cultura nipponica:<\/p>\n<table data-path-to-node=\"11\">\n<thead>\n<tr>\n<td>Colore<\/td>\n<td>Significato e Simbolismo<\/td>\n<\/tr>\n<\/thead>\n<tbody>\n<tr>\n<td>Rosso<\/td>\n<td>Il colore della spiritualit\u00e0 e dei templi.<\/td>\n<\/tr>\n<tr>\n<td>Verde<\/td>\n<td>Un omaggio alla natura rigogliosa e ai rituali del t\u00e8.<\/td>\n<\/tr>\n<tr>\n<td>Blu<\/td>\n<td>La ricerca della quiete e della profondit\u00e0.<\/td>\n<\/tr>\n<tr>\n<td>Giallo<\/td>\n<td>La luce e l&#8217;elogio dell&#8217;imperfezione (<i data-path-to-node=\"11,4,1,0\" data-index-in-node=\"38\">Wabi-sabi<\/i>).<\/td>\n<\/tr>\n<tr>\n<td>Bianco\/Nero<\/td>\n<td>La sintesi finale tra minimalismo e memoria.<\/td>\n<\/tr>\n<\/tbody>\n<\/table>\n<h3 data-path-to-node=\"12\">Oltre la mostra: eventi e dimostrazioni<\/h3>\n<p data-path-to-node=\"13\">Per rendere l&#8217;esperienza ancora pi\u00f9 viva, la mostra sar\u00e0 arricchita da due appuntamenti imperdibili che permetteranno di toccare con mano le tradizioni del Sol Levante:<\/p>\n<ul data-path-to-node=\"14\">\n<li>\n<p data-path-to-node=\"14,0,0\">Sabato 14 marzo: Una dimostrazione dedicata alla preparazione del t\u00e8 verde giapponese (Nihoncha), curata da Mattia De Rossi, esperto selezionatore e importatore.<\/p>\n<\/li>\n<li>\n<p data-path-to-node=\"14,1,0\">Sabato 21 marzo: Un incontro con l&#8217;arte della calligrafia (Shod\u014d), curato da Francesca Ferrarese, per scoprire come il segno nero dell&#8217;inchiostro possa farsi poesia sulla carta.<\/p>\n<\/li>\n<\/ul>\n<h3 data-path-to-node=\"15\">Chi sono i curatori<\/h3>\n<p data-path-to-node=\"16\">L&#8217;esposizione riflette le competenze uniche dei suoi ideatori. Mattia De Rossi, fotografo ed esperto di t\u00e8, dedica la sua ricerca al legame tra territorio e artigianato. Francesca Ferrarese, ricercatrice di storia delle arti figurative e artista di pittura a inchiostro, apporta la profondit\u00e0 della ricerca storica e narrativa.<\/p>\n<p data-path-to-node=\"18\"><b data-path-to-node=\"18\" data-index-in-node=\"0\">INFO UTILI<\/b><\/p>\n<ul data-path-to-node=\"19\">\n<li>\n<p data-path-to-node=\"19,0,0\"><b data-path-to-node=\"19,0,0\" data-index-in-node=\"0\">Dove:<\/b> Trichiana (BL)<\/p>\n<\/li>\n<li>\n<p data-path-to-node=\"19,1,0\"><b data-path-to-node=\"19,1,0\" data-index-in-node=\"0\">Quando:<\/b> Dal 7 al 22 marzo<\/p>\n<\/li>\n<li>\n<p data-path-to-node=\"19,2,0\"><b data-path-to-node=\"19,2,0\" data-index-in-node=\"0\">Ingresso:<\/b> Aperto al pubblico<\/p>\n<\/li>\n<\/ul>","protected":false},"excerpt":{"rendered":"<p>Dal 7 al 22 marzo, la mostra &#8220;Giappone dei Colori&#8221; trasforma il paesaggio bellunese in un ponte verso l\u2019Oriente. Un percorso sensoriale tra fotografia, artigianato millenario e degustazioni di t\u00e8. Il Giappone non \u00e8 solo una destinazione geografica, ma un mosaico di sfumature che raccontano storie di equilibrio, spiritualit\u00e0 e vita quotidiana. \u00c8 questo il [&hellip;]<\/p>\n","protected":false},"author":2,"featured_media":167726,"comment_status":"closed","ping_status":"open","sticky":false,"template":"","format":"standard","meta":{"footnotes":""},"categories":[27,3,25],"tags":[],"class_list":["post-167725","post","type-post","status-publish","format-standard","has-post-thumbnail","category-appuntamenti","category-arte-cultura-spettacoli-scienza-archivi","category-pausa-caffe"],"yoast_head":"<!-- This site is optimized with the Yoast SEO plugin v28.4 - https:\/\/yoast.com\/product\/yoast-seo-wordpress\/ -->\n<title>L\u2019Anima del Sol Levante sbarca a Trichiana: un viaggio tra i colori e i riti del Giappone - Bellunopress - Dolomiti<\/title>\n<meta name=\"robots\" content=\"index, follow, max-snippet:-1, max-image-preview:large, max-video-preview:-1\" \/>\n<link rel=\"canonical\" href=\"https:\/\/www.bellunopress.it\/fr\/2026\/03\/01\/lanima-del-sol-levante-sbarca-a-trichiana-un-viaggio-tra-i-colori-e-i-riti-del-giappone\/\" \/>\n<meta property=\"og:locale\" content=\"fr_FR\" \/>\n<meta property=\"og:type\" content=\"article\" \/>\n<meta property=\"og:title\" content=\"L\u2019Anima del Sol Levante sbarca a Trichiana: un viaggio tra i colori e i riti del Giappone - Bellunopress - Dolomiti\" \/>\n<meta property=\"og:description\" content=\"Dal 7 al 22 marzo, la mostra &#8220;Giappone dei Colori&#8221; trasforma il paesaggio bellunese in un ponte verso l\u2019Oriente. Un percorso sensoriale tra fotografia, artigianato millenario e degustazioni di t\u00e8. Il Giappone non \u00e8 solo una destinazione geografica, ma un mosaico di sfumature che raccontano storie di equilibrio, spiritualit\u00e0 e vita quotidiana. \u00c8 questo il [&hellip;]\" \/>\n<meta property=\"og:url\" content=\"https:\/\/www.bellunopress.it\/fr\/2026\/03\/01\/lanima-del-sol-levante-sbarca-a-trichiana-un-viaggio-tra-i-colori-e-i-riti-del-giappone\/\" \/>\n<meta property=\"og:site_name\" content=\"Bellunopress - Dolomiti\" \/>\n<meta property=\"article:publisher\" content=\"https:\/\/www.facebook.com\/profile.php?id=100008943462799\" \/>\n<meta property=\"article:published_time\" content=\"2026-03-01T10:00:29+00:00\" \/>\n<meta property=\"og:image\" content=\"https:\/\/www.bellunopress.it\/wp-content\/uploads\/2026\/02\/Giappone-dei-colori.jpeg\" \/>\n\t<meta property=\"og:image:width\" content=\"354\" \/>\n\t<meta property=\"og:image:height\" content=\"500\" \/>\n\t<meta property=\"og:image:type\" content=\"image\/jpeg\" \/>\n<meta name=\"author\" content=\"redazione\" \/>\n<meta name=\"twitter:card\" content=\"summary_large_image\" \/>\n<meta name=\"twitter:creator\" content=\"@bellunopress\" \/>\n<meta name=\"twitter:site\" content=\"@bellunopress\" \/>\n<meta name=\"twitter:label1\" content=\"\u00c9crit par\" \/>\n\t<meta name=\"twitter:data1\" content=\"redazione\" \/>\n\t<meta name=\"twitter:label2\" content=\"Dur\u00e9e de lecture estim\u00e9e\" \/>\n\t<meta name=\"twitter:data2\" content=\"2 minutes\" \/>\n<script type=\"application\/ld+json\" class=\"yoast-schema-graph\">{\"@context\":\"https:\\\/\\\/schema.org\",\"@graph\":[{\"@type\":\"Article\",\"@id\":\"https:\\\/\\\/www.bellunopress.it\\\/2026\\\/03\\\/01\\\/lanima-del-sol-levante-sbarca-a-trichiana-un-viaggio-tra-i-colori-e-i-riti-del-giappone\\\/#article\",\"isPartOf\":{\"@id\":\"https:\\\/\\\/www.bellunopress.it\\\/2026\\\/03\\\/01\\\/lanima-del-sol-levante-sbarca-a-trichiana-un-viaggio-tra-i-colori-e-i-riti-del-giappone\\\/\"},\"author\":{\"name\":\"redazione\",\"@id\":\"https:\\\/\\\/www.bellunopress.it\\\/#\\\/schema\\\/person\\\/79bb06722b37ece1c03d3e94beb30d73\"},\"headline\":\"L\u2019Anima del Sol Levante sbarca a Trichiana: un viaggio tra i colori e i riti del Giappone\",\"datePublished\":\"2026-03-01T10:00:29+00:00\",\"mainEntityOfPage\":{\"@id\":\"https:\\\/\\\/www.bellunopress.it\\\/2026\\\/03\\\/01\\\/lanima-del-sol-levante-sbarca-a-trichiana-un-viaggio-tra-i-colori-e-i-riti-del-giappone\\\/\"},\"wordCount\":416,\"publisher\":{\"@id\":\"https:\\\/\\\/www.bellunopress.it\\\/#organization\"},\"image\":{\"@id\":\"https:\\\/\\\/www.bellunopress.it\\\/2026\\\/03\\\/01\\\/lanima-del-sol-levante-sbarca-a-trichiana-un-viaggio-tra-i-colori-e-i-riti-del-giappone\\\/#primaryimage\"},\"thumbnailUrl\":\"https:\\\/\\\/www.bellunopress.it\\\/wp-content\\\/uploads\\\/2026\\\/02\\\/Giappone-dei-colori.jpeg\",\"articleSection\":[\"Appuntamenti, Eventi\",\"Arte, Cultura, Spettacoli, Scienza\",\"Pausa Caff\u00e8\"],\"inLanguage\":\"fr-FR\"},{\"@type\":\"WebPage\",\"@id\":\"https:\\\/\\\/www.bellunopress.it\\\/2026\\\/03\\\/01\\\/lanima-del-sol-levante-sbarca-a-trichiana-un-viaggio-tra-i-colori-e-i-riti-del-giappone\\\/\",\"url\":\"https:\\\/\\\/www.bellunopress.it\\\/2026\\\/03\\\/01\\\/lanima-del-sol-levante-sbarca-a-trichiana-un-viaggio-tra-i-colori-e-i-riti-del-giappone\\\/\",\"name\":\"L\u2019Anima del Sol Levante sbarca a Trichiana: un viaggio tra i colori e i riti del Giappone - Bellunopress - Dolomiti\",\"isPartOf\":{\"@id\":\"https:\\\/\\\/www.bellunopress.it\\\/#website\"},\"primaryImageOfPage\":{\"@id\":\"https:\\\/\\\/www.bellunopress.it\\\/2026\\\/03\\\/01\\\/lanima-del-sol-levante-sbarca-a-trichiana-un-viaggio-tra-i-colori-e-i-riti-del-giappone\\\/#primaryimage\"},\"image\":{\"@id\":\"https:\\\/\\\/www.bellunopress.it\\\/2026\\\/03\\\/01\\\/lanima-del-sol-levante-sbarca-a-trichiana-un-viaggio-tra-i-colori-e-i-riti-del-giappone\\\/#primaryimage\"},\"thumbnailUrl\":\"https:\\\/\\\/www.bellunopress.it\\\/wp-content\\\/uploads\\\/2026\\\/02\\\/Giappone-dei-colori.jpeg\",\"datePublished\":\"2026-03-01T10:00:29+00:00\",\"breadcrumb\":{\"@id\":\"https:\\\/\\\/www.bellunopress.it\\\/2026\\\/03\\\/01\\\/lanima-del-sol-levante-sbarca-a-trichiana-un-viaggio-tra-i-colori-e-i-riti-del-giappone\\\/#breadcrumb\"},\"inLanguage\":\"fr-FR\",\"potentialAction\":[{\"@type\":\"ReadAction\",\"target\":[\"https:\\\/\\\/www.bellunopress.it\\\/2026\\\/03\\\/01\\\/lanima-del-sol-levante-sbarca-a-trichiana-un-viaggio-tra-i-colori-e-i-riti-del-giappone\\\/\"]}]},{\"@type\":\"ImageObject\",\"inLanguage\":\"fr-FR\",\"@id\":\"https:\\\/\\\/www.bellunopress.it\\\/2026\\\/03\\\/01\\\/lanima-del-sol-levante-sbarca-a-trichiana-un-viaggio-tra-i-colori-e-i-riti-del-giappone\\\/#primaryimage\",\"url\":\"https:\\\/\\\/www.bellunopress.it\\\/wp-content\\\/uploads\\\/2026\\\/02\\\/Giappone-dei-colori.jpeg\",\"contentUrl\":\"https:\\\/\\\/www.bellunopress.it\\\/wp-content\\\/uploads\\\/2026\\\/02\\\/Giappone-dei-colori.jpeg\",\"width\":354,\"height\":500},{\"@type\":\"BreadcrumbList\",\"@id\":\"https:\\\/\\\/www.bellunopress.it\\\/2026\\\/03\\\/01\\\/lanima-del-sol-levante-sbarca-a-trichiana-un-viaggio-tra-i-colori-e-i-riti-del-giappone\\\/#breadcrumb\",\"itemListElement\":[{\"@type\":\"ListItem\",\"position\":1,\"name\":\"Home\",\"item\":\"https:\\\/\\\/www.bellunopress.it\\\/\"},{\"@type\":\"ListItem\",\"position\":2,\"name\":\"L\u2019Anima del Sol Levante sbarca a Trichiana: un viaggio tra i colori e i riti del Giappone\"}]},{\"@type\":\"WebSite\",\"@id\":\"https:\\\/\\\/www.bellunopress.it\\\/#website\",\"url\":\"https:\\\/\\\/www.bellunopress.it\\\/\",\"name\":\"Bellunopress - Dolomiti\",\"description\":\"e-mail: redazione@bellunopress.it\",\"publisher\":{\"@id\":\"https:\\\/\\\/www.bellunopress.it\\\/#organization\"},\"potentialAction\":[{\"@type\":\"SearchAction\",\"target\":{\"@type\":\"EntryPoint\",\"urlTemplate\":\"https:\\\/\\\/www.bellunopress.it\\\/?s={search_term_string}\"},\"query-input\":{\"@type\":\"PropertyValueSpecification\",\"valueRequired\":true,\"valueName\":\"search_term_string\"}}],\"inLanguage\":\"fr-FR\"},{\"@type\":\"Organization\",\"@id\":\"https:\\\/\\\/www.bellunopress.it\\\/#organization\",\"name\":\"Bellunopress\",\"url\":\"https:\\\/\\\/www.bellunopress.it\\\/\",\"logo\":{\"@type\":\"ImageObject\",\"inLanguage\":\"fr-FR\",\"@id\":\"https:\\\/\\\/www.bellunopress.it\\\/#\\\/schema\\\/logo\\\/image\\\/\",\"url\":\"https:\\\/\\\/www.bellunopress.it\\\/wp-content\\\/uploads\\\/2011\\\/05\\\/cropped-logo-bellunopress-.jpg\",\"contentUrl\":\"https:\\\/\\\/www.bellunopress.it\\\/wp-content\\\/uploads\\\/2011\\\/05\\\/cropped-logo-bellunopress-.jpg\",\"width\":512,\"height\":512,\"caption\":\"Bellunopress\"},\"image\":{\"@id\":\"https:\\\/\\\/www.bellunopress.it\\\/#\\\/schema\\\/logo\\\/image\\\/\"},\"sameAs\":[\"https:\\\/\\\/www.facebook.com\\\/profile.php?id=100008943462799\",\"https:\\\/\\\/x.com\\\/bellunopress\",\"https:\\\/\\\/www.linkedin.com\\\/hp\\\/?dnr=JBzUWaJfMUw8vbXJJ2tVW5-I3jZKvC4wsoxE&amp;amp;amp;amp;amp;amp;trk=nav_responsive_tab_home\",\"https:\\\/\\\/www.youtube.com\\\/channel\\\/UCxL0wu1uN0_3_7hGG0306cw\"]},{\"@type\":\"Person\",\"@id\":\"https:\\\/\\\/www.bellunopress.it\\\/#\\\/schema\\\/person\\\/79bb06722b37ece1c03d3e94beb30d73\",\"name\":\"redazione\",\"image\":{\"@type\":\"ImageObject\",\"inLanguage\":\"fr-FR\",\"@id\":\"https:\\\/\\\/secure.gravatar.com\\\/avatar\\\/37d968a2e67a6fd04c169c4bdef102d0bc5d31b2546345219e348575eb80e9a0?s=96&d=mm&r=g\",\"url\":\"https:\\\/\\\/secure.gravatar.com\\\/avatar\\\/37d968a2e67a6fd04c169c4bdef102d0bc5d31b2546345219e348575eb80e9a0?s=96&d=mm&r=g\",\"contentUrl\":\"https:\\\/\\\/secure.gravatar.com\\\/avatar\\\/37d968a2e67a6fd04c169c4bdef102d0bc5d31b2546345219e348575eb80e9a0?s=96&d=mm&r=g\",\"caption\":\"redazione\"},\"sameAs\":[\"http:\\\/\\\/www.bellunopress.it\",\"https:\\\/\\\/x.com\\\/bellunopress\"],\"url\":\"https:\\\/\\\/www.bellunopress.it\\\/fr\\\/author\\\/redazione\\\/\"}]}<\/script>\n<!-- \/ Yoast SEO plugin. -->","yoast_head_json":{"title":"L\u2019Anima del Sol Levante sbarca a Trichiana: un viaggio tra i colori e i riti del Giappone - Bellunopress - Dolomiti","robots":{"index":"index","follow":"follow","max-snippet":"max-snippet:-1","max-image-preview":"max-image-preview:large","max-video-preview":"max-video-preview:-1"},"canonical":"https:\/\/www.bellunopress.it\/fr\/2026\/03\/01\/lanima-del-sol-levante-sbarca-a-trichiana-un-viaggio-tra-i-colori-e-i-riti-del-giappone\/","og_locale":"fr_FR","og_type":"article","og_title":"L\u2019Anima del Sol Levante sbarca a Trichiana: un viaggio tra i colori e i riti del Giappone - Bellunopress - Dolomiti","og_description":"Dal 7 al 22 marzo, la mostra &#8220;Giappone dei Colori&#8221; trasforma il paesaggio bellunese in un ponte verso l\u2019Oriente. Un percorso sensoriale tra fotografia, artigianato millenario e degustazioni di t\u00e8. Il Giappone non \u00e8 solo una destinazione geografica, ma un mosaico di sfumature che raccontano storie di equilibrio, spiritualit\u00e0 e vita quotidiana. \u00c8 questo il [&hellip;]","og_url":"https:\/\/www.bellunopress.it\/fr\/2026\/03\/01\/lanima-del-sol-levante-sbarca-a-trichiana-un-viaggio-tra-i-colori-e-i-riti-del-giappone\/","og_site_name":"Bellunopress - Dolomiti","article_publisher":"https:\/\/www.facebook.com\/profile.php?id=100008943462799","article_published_time":"2026-03-01T10:00:29+00:00","og_image":[{"width":354,"height":500,"url":"https:\/\/www.bellunopress.it\/wp-content\/uploads\/2026\/02\/Giappone-dei-colori.jpeg","type":"image\/jpeg"}],"author":"redazione","twitter_card":"summary_large_image","twitter_creator":"@bellunopress","twitter_site":"@bellunopress","twitter_misc":{"\u00c9crit par":"redazione","Dur\u00e9e de lecture estim\u00e9e":"2 minutes"},"schema":{"@context":"https:\/\/schema.org","@graph":[{"@type":"Article","@id":"https:\/\/www.bellunopress.it\/2026\/03\/01\/lanima-del-sol-levante-sbarca-a-trichiana-un-viaggio-tra-i-colori-e-i-riti-del-giappone\/#article","isPartOf":{"@id":"https:\/\/www.bellunopress.it\/2026\/03\/01\/lanima-del-sol-levante-sbarca-a-trichiana-un-viaggio-tra-i-colori-e-i-riti-del-giappone\/"},"author":{"name":"redazione","@id":"https:\/\/www.bellunopress.it\/#\/schema\/person\/79bb06722b37ece1c03d3e94beb30d73"},"headline":"L\u2019Anima del Sol Levante sbarca a Trichiana: un viaggio tra i colori e i riti del Giappone","datePublished":"2026-03-01T10:00:29+00:00","mainEntityOfPage":{"@id":"https:\/\/www.bellunopress.it\/2026\/03\/01\/lanima-del-sol-levante-sbarca-a-trichiana-un-viaggio-tra-i-colori-e-i-riti-del-giappone\/"},"wordCount":416,"publisher":{"@id":"https:\/\/www.bellunopress.it\/#organization"},"image":{"@id":"https:\/\/www.bellunopress.it\/2026\/03\/01\/lanima-del-sol-levante-sbarca-a-trichiana-un-viaggio-tra-i-colori-e-i-riti-del-giappone\/#primaryimage"},"thumbnailUrl":"https:\/\/www.bellunopress.it\/wp-content\/uploads\/2026\/02\/Giappone-dei-colori.jpeg","articleSection":["Appuntamenti, Eventi","Arte, Cultura, Spettacoli, Scienza","Pausa Caff\u00e8"],"inLanguage":"fr-FR"},{"@type":"WebPage","@id":"https:\/\/www.bellunopress.it\/2026\/03\/01\/lanima-del-sol-levante-sbarca-a-trichiana-un-viaggio-tra-i-colori-e-i-riti-del-giappone\/","url":"https:\/\/www.bellunopress.it\/2026\/03\/01\/lanima-del-sol-levante-sbarca-a-trichiana-un-viaggio-tra-i-colori-e-i-riti-del-giappone\/","name":"L\u2019Anima del Sol Levante sbarca a Trichiana: un viaggio tra i colori e i riti del Giappone - Bellunopress - Dolomiti","isPartOf":{"@id":"https:\/\/www.bellunopress.it\/#website"},"primaryImageOfPage":{"@id":"https:\/\/www.bellunopress.it\/2026\/03\/01\/lanima-del-sol-levante-sbarca-a-trichiana-un-viaggio-tra-i-colori-e-i-riti-del-giappone\/#primaryimage"},"image":{"@id":"https:\/\/www.bellunopress.it\/2026\/03\/01\/lanima-del-sol-levante-sbarca-a-trichiana-un-viaggio-tra-i-colori-e-i-riti-del-giappone\/#primaryimage"},"thumbnailUrl":"https:\/\/www.bellunopress.it\/wp-content\/uploads\/2026\/02\/Giappone-dei-colori.jpeg","datePublished":"2026-03-01T10:00:29+00:00","breadcrumb":{"@id":"https:\/\/www.bellunopress.it\/2026\/03\/01\/lanima-del-sol-levante-sbarca-a-trichiana-un-viaggio-tra-i-colori-e-i-riti-del-giappone\/#breadcrumb"},"inLanguage":"fr-FR","potentialAction":[{"@type":"ReadAction","target":["https:\/\/www.bellunopress.it\/2026\/03\/01\/lanima-del-sol-levante-sbarca-a-trichiana-un-viaggio-tra-i-colori-e-i-riti-del-giappone\/"]}]},{"@type":"ImageObject","inLanguage":"fr-FR","@id":"https:\/\/www.bellunopress.it\/2026\/03\/01\/lanima-del-sol-levante-sbarca-a-trichiana-un-viaggio-tra-i-colori-e-i-riti-del-giappone\/#primaryimage","url":"https:\/\/www.bellunopress.it\/wp-content\/uploads\/2026\/02\/Giappone-dei-colori.jpeg","contentUrl":"https:\/\/www.bellunopress.it\/wp-content\/uploads\/2026\/02\/Giappone-dei-colori.jpeg","width":354,"height":500},{"@type":"BreadcrumbList","@id":"https:\/\/www.bellunopress.it\/2026\/03\/01\/lanima-del-sol-levante-sbarca-a-trichiana-un-viaggio-tra-i-colori-e-i-riti-del-giappone\/#breadcrumb","itemListElement":[{"@type":"ListItem","position":1,"name":"Home","item":"https:\/\/www.bellunopress.it\/"},{"@type":"ListItem","position":2,"name":"L\u2019Anima del Sol Levante sbarca a Trichiana: un viaggio tra i colori e i riti del Giappone"}]},{"@type":"WebSite","@id":"https:\/\/www.bellunopress.it\/#website","url":"https:\/\/www.bellunopress.it\/","name":"Bellunopress - Dolomiti","description":"e-mail: redazione@bellunopress.it","publisher":{"@id":"https:\/\/www.bellunopress.it\/#organization"},"potentialAction":[{"@type":"SearchAction","target":{"@type":"EntryPoint","urlTemplate":"https:\/\/www.bellunopress.it\/?s={search_term_string}"},"query-input":{"@type":"PropertyValueSpecification","valueRequired":true,"valueName":"search_term_string"}}],"inLanguage":"fr-FR"},{"@type":"Organization","@id":"https:\/\/www.bellunopress.it\/#organization","name":"Bellunopress","url":"https:\/\/www.bellunopress.it\/","logo":{"@type":"ImageObject","inLanguage":"fr-FR","@id":"https:\/\/www.bellunopress.it\/#\/schema\/logo\/image\/","url":"https:\/\/www.bellunopress.it\/wp-content\/uploads\/2011\/05\/cropped-logo-bellunopress-.jpg","contentUrl":"https:\/\/www.bellunopress.it\/wp-content\/uploads\/2011\/05\/cropped-logo-bellunopress-.jpg","width":512,"height":512,"caption":"Bellunopress"},"image":{"@id":"https:\/\/www.bellunopress.it\/#\/schema\/logo\/image\/"},"sameAs":["https:\/\/www.facebook.com\/profile.php?id=100008943462799","https:\/\/x.com\/bellunopress","https:\/\/www.linkedin.com\/hp\/?dnr=JBzUWaJfMUw8vbXJJ2tVW5-I3jZKvC4wsoxE&amp;amp;amp;amp;amp;amp;trk=nav_responsive_tab_home","https:\/\/www.youtube.com\/channel\/UCxL0wu1uN0_3_7hGG0306cw"]},{"@type":"Person","@id":"https:\/\/www.bellunopress.it\/#\/schema\/person\/79bb06722b37ece1c03d3e94beb30d73","name":"r\u00e9daction","image":{"@type":"ImageObject","inLanguage":"fr-FR","@id":"https:\/\/secure.gravatar.com\/avatar\/37d968a2e67a6fd04c169c4bdef102d0bc5d31b2546345219e348575eb80e9a0?s=96&d=mm&r=g","url":"https:\/\/secure.gravatar.com\/avatar\/37d968a2e67a6fd04c169c4bdef102d0bc5d31b2546345219e348575eb80e9a0?s=96&d=mm&r=g","contentUrl":"https:\/\/secure.gravatar.com\/avatar\/37d968a2e67a6fd04c169c4bdef102d0bc5d31b2546345219e348575eb80e9a0?s=96&d=mm&r=g","caption":"redazione"},"sameAs":["http:\/\/www.bellunopress.it","https:\/\/x.com\/bellunopress"],"url":"https:\/\/www.bellunopress.it\/fr\/author\/redazione\/"}]}},"_links":{"self":[{"href":"https:\/\/www.bellunopress.it\/fr\/wp-json\/wp\/v2\/posts\/167725","targetHints":{"allow":["GET"]}}],"collection":[{"href":"https:\/\/www.bellunopress.it\/fr\/wp-json\/wp\/v2\/posts"}],"about":[{"href":"https:\/\/www.bellunopress.it\/fr\/wp-json\/wp\/v2\/types\/post"}],"author":[{"embeddable":true,"href":"https:\/\/www.bellunopress.it\/fr\/wp-json\/wp\/v2\/users\/2"}],"replies":[{"embeddable":true,"href":"https:\/\/www.bellunopress.it\/fr\/wp-json\/wp\/v2\/comments?post=167725"}],"version-history":[{"count":1,"href":"https:\/\/www.bellunopress.it\/fr\/wp-json\/wp\/v2\/posts\/167725\/revisions"}],"predecessor-version":[{"id":167727,"href":"https:\/\/www.bellunopress.it\/fr\/wp-json\/wp\/v2\/posts\/167725\/revisions\/167727"}],"wp:featuredmedia":[{"embeddable":true,"href":"https:\/\/www.bellunopress.it\/fr\/wp-json\/wp\/v2\/media\/167726"}],"wp:attachment":[{"href":"https:\/\/www.bellunopress.it\/fr\/wp-json\/wp\/v2\/media?parent=167725"}],"wp:term":[{"taxonomy":"category","embeddable":true,"href":"https:\/\/www.bellunopress.it\/fr\/wp-json\/wp\/v2\/categories?post=167725"},{"taxonomy":"post_tag","embeddable":true,"href":"https:\/\/www.bellunopress.it\/fr\/wp-json\/wp\/v2\/tags?post=167725"}],"curies":[{"name":"wp","href":"https:\/\/api.w.org\/{rel}","templated":true}]}}