{"id":167721,"date":"2026-02-25T19:45:10","date_gmt":"2026-02-25T18:45:10","guid":{"rendered":"https:\/\/www.bellunopress.it\/?p=167721"},"modified":"2026-02-25T19:45:10","modified_gmt":"2026-02-25T18:45:10","slug":"torna-coriandoli-la-rassegna-di-teatro-amatoriale-organizzata-dalla-pro-loco-pieve-castionese","status":"publish","type":"post","link":"https:\/\/www.bellunopress.it\/fr\/2026\/02\/25\/torna-coriandoli-la-rassegna-di-teatro-amatoriale-organizzata-dalla-pro-loco-pieve-castionese\/","title":{"rendered":"Torna \u201cCoriandoli\u201d, la rassegna di teatro amatoriale organizzata dalla Pro Loco Pieve Castionese"},"content":{"rendered":"<p>Torna \u201cCoriandoli\u201d, l\u2019apprezzata rassegna di teatro amatoriale organizzata dalla Pro Loco Pieve Castionese. Giunta alla sua VI edizione, la manifestazione si conferma un punto di riferimento per chi desidera immergersi nelle storie, nelle tradizioni e nell\u2019ironia del teatro dialettale locale.<\/p>\n<p>Il cartellone di quest&#8217;anno si articola in cinque appuntamenti serali (tutti con inizio alle ore 21:00), offrendo uno spaccato che spazia dalla commedia al grottesco; indaga il nostro passato, le nostre paure e aspirazioni; ironizza sulle relazioni tra le persone e i tipici comportamenti umani in cui ciascuno di noi si pu\u00f2 riconoscere.<\/p>\n<p>La rassegna &#8220;Coriandoli&#8221; non \u00e8 solo intrattenimento, ma un\u2019occasione per riflettere, attraverso la lente del teatro amatoriale, sulle fatiche quotidiane e sui sogni che accomunano le generazioni. La Pro Loco Pieve Castionese invita la cittadinanza a partecipare per sostenere la cultura locale e condividere momenti di spensieratezza e riflessione.<\/p>\n<p><strong>Il Programma<\/strong><br \/>\n28 Febbraio | \u201c1X2\u201d (Gruppo Teatrale La Gazza Ladra &#8211; Eta Beta Teatro Zumellese) Un viaggio nel Basso Veneto della fine degli anni Quaranta. Tra schedine del Totocalcio, sogni di riscatto e liti della piccola borghesia, la commedia racconta le difficolt\u00e0 economiche e le speranze di un\u2019epoca passata, puntando verso un immancabile lieto fine.<\/p>\n<p>21 Marzo | \u201cInnocenti, ma non troppo\u201d (Compagnia I Comelianti) Un esilarante &#8220;Cluedo&#8221; teatrale. Chi ha ucciso Harry Worp? Tra bottegai improvvisatisi detective e situazioni grottesche, il pubblico sar\u00e0 trascinato in un vortice di sospetti e comicit\u00e0 dove nessuno \u00e8 davvero privo di colpe.<\/p>\n<p>11 Aprile | \u201cMoney, ovvero la felicit\u00e0 non fa i soldi\u201d (La Gazza Ladra &#8211; Eta Beta Teatro) Trent&#8217;anni dopo la scuola, due amici si ritrovano disoccupati a una fermata dell&#8217;autobus. Lo spettacolo affronta con ironia temi attuali come la precariet\u00e0 lavorativa, l&#8217;illusione dei guadagni facili televisivi e la ricerca del successo.<\/p>\n<p>18 Aprile | \u201cUn mercoled\u00ec come gli altri\u201d (Associazione G(h)ita) Una commedia esistenzialista dal sapore metateatrale. Una donna scopre che la sua intera vita \u00e8 guidata dalla penna di una scrittrice: una scoperta che la porter\u00e0 a interrogarsi sulla piattezza della propria esistenza e sulla possibilit\u00e0 di dare uno &#8220;scossone&#8221; al proprio destino.<\/p>\n<p>9 Maggio | \u201cBasta poco\u201d (La Gazza Ladra &#8211; Eta Beta Teatro) Tornano i protagonisti di &#8220;Mony&#8221;, questa volta alle soglie di una pensione che appare come un miraggio in un&#8217;epoca senza garanzie. Seduti al tavolino di un bar, tra confidenze e tentativi goffi di sistemare il futuro, i due amici arriveranno a sognare una romantica rivoluzione.<\/p>\n<p>Gli spettacoli si tengono presso il Teatro San Gaetano di Castion (Belluno)<\/p>\n<p>Ingresso: intero 10,00\u20ac, ridotto soci Pro Loco 8,00 \u20ac.<\/p>\n<p>Prenotazioni e info: tel. 3458238880<\/p>\n<p>www.castion-belluno.it<\/p>","protected":false},"excerpt":{"rendered":"<p>Torna \u201cCoriandoli\u201d, l\u2019apprezzata rassegna di teatro amatoriale organizzata dalla Pro Loco Pieve Castionese. Giunta alla sua VI edizione, la manifestazione si conferma un punto di riferimento per chi desidera immergersi nelle storie, nelle tradizioni e nell\u2019ironia del teatro dialettale locale. Il cartellone di quest&#8217;anno si articola in cinque appuntamenti serali (tutti con inizio alle ore [&hellip;]<\/p>\n","protected":false},"author":2,"featured_media":144716,"comment_status":"closed","ping_status":"open","sticky":false,"template":"","format":"standard","meta":{"footnotes":""},"categories":[27,3,25],"tags":[],"class_list":["post-167721","post","type-post","status-publish","format-standard","has-post-thumbnail","category-appuntamenti","category-arte-cultura-spettacoli-scienza-archivi","category-pausa-caffe"],"yoast_head":"<!-- This site is optimized with the Yoast SEO plugin v28.4 - https:\/\/yoast.com\/product\/yoast-seo-wordpress\/ -->\n<title>Torna \u201cCoriandoli\u201d, la rassegna di teatro amatoriale organizzata dalla Pro Loco Pieve Castionese - Bellunopress - Dolomiti<\/title>\n<meta name=\"robots\" content=\"index, follow, max-snippet:-1, max-image-preview:large, max-video-preview:-1\" \/>\n<link rel=\"canonical\" href=\"https:\/\/www.bellunopress.it\/fr\/2026\/02\/25\/torna-coriandoli-la-rassegna-di-teatro-amatoriale-organizzata-dalla-pro-loco-pieve-castionese\/\" \/>\n<meta property=\"og:locale\" content=\"fr_FR\" \/>\n<meta property=\"og:type\" content=\"article\" \/>\n<meta property=\"og:title\" content=\"Torna \u201cCoriandoli\u201d, la rassegna di teatro amatoriale organizzata dalla Pro Loco Pieve Castionese - Bellunopress - Dolomiti\" \/>\n<meta property=\"og:description\" content=\"Torna \u201cCoriandoli\u201d, l\u2019apprezzata rassegna di teatro amatoriale organizzata dalla Pro Loco Pieve Castionese. Giunta alla sua VI edizione, la manifestazione si conferma un punto di riferimento per chi desidera immergersi nelle storie, nelle tradizioni e nell\u2019ironia del teatro dialettale locale. Il cartellone di quest&#8217;anno si articola in cinque appuntamenti serali (tutti con inizio alle ore [&hellip;]\" \/>\n<meta property=\"og:url\" content=\"https:\/\/www.bellunopress.it\/fr\/2026\/02\/25\/torna-coriandoli-la-rassegna-di-teatro-amatoriale-organizzata-dalla-pro-loco-pieve-castionese\/\" \/>\n<meta property=\"og:site_name\" content=\"Bellunopress - Dolomiti\" \/>\n<meta property=\"article:publisher\" content=\"https:\/\/www.facebook.com\/profile.php?id=100008943462799\" \/>\n<meta property=\"article:published_time\" content=\"2026-02-25T18:45:10+00:00\" \/>\n<meta property=\"og:image\" content=\"https:\/\/www.bellunopress.it\/wp-content\/uploads\/2023\/10\/pro-loco-pieve-castionese_edited.jpg\" \/>\n\t<meta property=\"og:image:width\" content=\"847\" \/>\n\t<meta property=\"og:image:height\" content=\"847\" \/>\n\t<meta property=\"og:image:type\" content=\"image\/jpeg\" \/>\n<meta name=\"author\" content=\"redazione\" \/>\n<meta name=\"twitter:card\" content=\"summary_large_image\" \/>\n<meta name=\"twitter:creator\" content=\"@bellunopress\" \/>\n<meta name=\"twitter:site\" content=\"@bellunopress\" \/>\n<meta name=\"twitter:label1\" content=\"\u00c9crit par\" \/>\n\t<meta name=\"twitter:data1\" content=\"redazione\" \/>\n\t<meta name=\"twitter:label2\" content=\"Dur\u00e9e de lecture estim\u00e9e\" \/>\n\t<meta name=\"twitter:data2\" content=\"2 minutes\" \/>\n<script type=\"application\/ld+json\" class=\"yoast-schema-graph\">{\"@context\":\"https:\\\/\\\/schema.org\",\"@graph\":[{\"@type\":\"Article\",\"@id\":\"https:\\\/\\\/www.bellunopress.it\\\/2026\\\/02\\\/25\\\/torna-coriandoli-la-rassegna-di-teatro-amatoriale-organizzata-dalla-pro-loco-pieve-castionese\\\/#article\",\"isPartOf\":{\"@id\":\"https:\\\/\\\/www.bellunopress.it\\\/2026\\\/02\\\/25\\\/torna-coriandoli-la-rassegna-di-teatro-amatoriale-organizzata-dalla-pro-loco-pieve-castionese\\\/\"},\"author\":{\"name\":\"redazione\",\"@id\":\"https:\\\/\\\/www.bellunopress.it\\\/#\\\/schema\\\/person\\\/79bb06722b37ece1c03d3e94beb30d73\"},\"headline\":\"Torna \u201cCoriandoli\u201d, la rassegna di teatro amatoriale organizzata dalla Pro Loco Pieve Castionese\",\"datePublished\":\"2026-02-25T18:45:10+00:00\",\"mainEntityOfPage\":{\"@id\":\"https:\\\/\\\/www.bellunopress.it\\\/2026\\\/02\\\/25\\\/torna-coriandoli-la-rassegna-di-teatro-amatoriale-organizzata-dalla-pro-loco-pieve-castionese\\\/\"},\"wordCount\":439,\"publisher\":{\"@id\":\"https:\\\/\\\/www.bellunopress.it\\\/#organization\"},\"image\":{\"@id\":\"https:\\\/\\\/www.bellunopress.it\\\/2026\\\/02\\\/25\\\/torna-coriandoli-la-rassegna-di-teatro-amatoriale-organizzata-dalla-pro-loco-pieve-castionese\\\/#primaryimage\"},\"thumbnailUrl\":\"https:\\\/\\\/www.bellunopress.it\\\/wp-content\\\/uploads\\\/2023\\\/10\\\/pro-loco-pieve-castionese_edited.jpg\",\"articleSection\":[\"Appuntamenti, Eventi\",\"Arte, Cultura, Spettacoli, Scienza\",\"Pausa Caff\u00e8\"],\"inLanguage\":\"fr-FR\"},{\"@type\":\"WebPage\",\"@id\":\"https:\\\/\\\/www.bellunopress.it\\\/2026\\\/02\\\/25\\\/torna-coriandoli-la-rassegna-di-teatro-amatoriale-organizzata-dalla-pro-loco-pieve-castionese\\\/\",\"url\":\"https:\\\/\\\/www.bellunopress.it\\\/2026\\\/02\\\/25\\\/torna-coriandoli-la-rassegna-di-teatro-amatoriale-organizzata-dalla-pro-loco-pieve-castionese\\\/\",\"name\":\"Torna \u201cCoriandoli\u201d, la rassegna di teatro amatoriale organizzata dalla Pro Loco Pieve Castionese - Bellunopress - Dolomiti\",\"isPartOf\":{\"@id\":\"https:\\\/\\\/www.bellunopress.it\\\/#website\"},\"primaryImageOfPage\":{\"@id\":\"https:\\\/\\\/www.bellunopress.it\\\/2026\\\/02\\\/25\\\/torna-coriandoli-la-rassegna-di-teatro-amatoriale-organizzata-dalla-pro-loco-pieve-castionese\\\/#primaryimage\"},\"image\":{\"@id\":\"https:\\\/\\\/www.bellunopress.it\\\/2026\\\/02\\\/25\\\/torna-coriandoli-la-rassegna-di-teatro-amatoriale-organizzata-dalla-pro-loco-pieve-castionese\\\/#primaryimage\"},\"thumbnailUrl\":\"https:\\\/\\\/www.bellunopress.it\\\/wp-content\\\/uploads\\\/2023\\\/10\\\/pro-loco-pieve-castionese_edited.jpg\",\"datePublished\":\"2026-02-25T18:45:10+00:00\",\"breadcrumb\":{\"@id\":\"https:\\\/\\\/www.bellunopress.it\\\/2026\\\/02\\\/25\\\/torna-coriandoli-la-rassegna-di-teatro-amatoriale-organizzata-dalla-pro-loco-pieve-castionese\\\/#breadcrumb\"},\"inLanguage\":\"fr-FR\",\"potentialAction\":[{\"@type\":\"ReadAction\",\"target\":[\"https:\\\/\\\/www.bellunopress.it\\\/2026\\\/02\\\/25\\\/torna-coriandoli-la-rassegna-di-teatro-amatoriale-organizzata-dalla-pro-loco-pieve-castionese\\\/\"]}]},{\"@type\":\"ImageObject\",\"inLanguage\":\"fr-FR\",\"@id\":\"https:\\\/\\\/www.bellunopress.it\\\/2026\\\/02\\\/25\\\/torna-coriandoli-la-rassegna-di-teatro-amatoriale-organizzata-dalla-pro-loco-pieve-castionese\\\/#primaryimage\",\"url\":\"https:\\\/\\\/www.bellunopress.it\\\/wp-content\\\/uploads\\\/2023\\\/10\\\/pro-loco-pieve-castionese_edited.jpg\",\"contentUrl\":\"https:\\\/\\\/www.bellunopress.it\\\/wp-content\\\/uploads\\\/2023\\\/10\\\/pro-loco-pieve-castionese_edited.jpg\",\"width\":847,\"height\":847,\"caption\":\"Pro Loco Pieve Castionese\"},{\"@type\":\"BreadcrumbList\",\"@id\":\"https:\\\/\\\/www.bellunopress.it\\\/2026\\\/02\\\/25\\\/torna-coriandoli-la-rassegna-di-teatro-amatoriale-organizzata-dalla-pro-loco-pieve-castionese\\\/#breadcrumb\",\"itemListElement\":[{\"@type\":\"ListItem\",\"position\":1,\"name\":\"Home\",\"item\":\"https:\\\/\\\/www.bellunopress.it\\\/\"},{\"@type\":\"ListItem\",\"position\":2,\"name\":\"Torna \u201cCoriandoli\u201d, la rassegna di teatro amatoriale organizzata dalla Pro Loco Pieve Castionese\"}]},{\"@type\":\"WebSite\",\"@id\":\"https:\\\/\\\/www.bellunopress.it\\\/#website\",\"url\":\"https:\\\/\\\/www.bellunopress.it\\\/\",\"name\":\"Bellunopress - Dolomiti\",\"description\":\"e-mail: redazione@bellunopress.it\",\"publisher\":{\"@id\":\"https:\\\/\\\/www.bellunopress.it\\\/#organization\"},\"potentialAction\":[{\"@type\":\"SearchAction\",\"target\":{\"@type\":\"EntryPoint\",\"urlTemplate\":\"https:\\\/\\\/www.bellunopress.it\\\/?s={search_term_string}\"},\"query-input\":{\"@type\":\"PropertyValueSpecification\",\"valueRequired\":true,\"valueName\":\"search_term_string\"}}],\"inLanguage\":\"fr-FR\"},{\"@type\":\"Organization\",\"@id\":\"https:\\\/\\\/www.bellunopress.it\\\/#organization\",\"name\":\"Bellunopress\",\"url\":\"https:\\\/\\\/www.bellunopress.it\\\/\",\"logo\":{\"@type\":\"ImageObject\",\"inLanguage\":\"fr-FR\",\"@id\":\"https:\\\/\\\/www.bellunopress.it\\\/#\\\/schema\\\/logo\\\/image\\\/\",\"url\":\"https:\\\/\\\/www.bellunopress.it\\\/wp-content\\\/uploads\\\/2011\\\/05\\\/cropped-logo-bellunopress-.jpg\",\"contentUrl\":\"https:\\\/\\\/www.bellunopress.it\\\/wp-content\\\/uploads\\\/2011\\\/05\\\/cropped-logo-bellunopress-.jpg\",\"width\":512,\"height\":512,\"caption\":\"Bellunopress\"},\"image\":{\"@id\":\"https:\\\/\\\/www.bellunopress.it\\\/#\\\/schema\\\/logo\\\/image\\\/\"},\"sameAs\":[\"https:\\\/\\\/www.facebook.com\\\/profile.php?id=100008943462799\",\"https:\\\/\\\/x.com\\\/bellunopress\",\"https:\\\/\\\/www.linkedin.com\\\/hp\\\/?dnr=JBzUWaJfMUw8vbXJJ2tVW5-I3jZKvC4wsoxE&amp;amp;amp;amp;amp;amp;trk=nav_responsive_tab_home\",\"https:\\\/\\\/www.youtube.com\\\/channel\\\/UCxL0wu1uN0_3_7hGG0306cw\"]},{\"@type\":\"Person\",\"@id\":\"https:\\\/\\\/www.bellunopress.it\\\/#\\\/schema\\\/person\\\/79bb06722b37ece1c03d3e94beb30d73\",\"name\":\"redazione\",\"image\":{\"@type\":\"ImageObject\",\"inLanguage\":\"fr-FR\",\"@id\":\"https:\\\/\\\/secure.gravatar.com\\\/avatar\\\/37d968a2e67a6fd04c169c4bdef102d0bc5d31b2546345219e348575eb80e9a0?s=96&d=mm&r=g\",\"url\":\"https:\\\/\\\/secure.gravatar.com\\\/avatar\\\/37d968a2e67a6fd04c169c4bdef102d0bc5d31b2546345219e348575eb80e9a0?s=96&d=mm&r=g\",\"contentUrl\":\"https:\\\/\\\/secure.gravatar.com\\\/avatar\\\/37d968a2e67a6fd04c169c4bdef102d0bc5d31b2546345219e348575eb80e9a0?s=96&d=mm&r=g\",\"caption\":\"redazione\"},\"sameAs\":[\"http:\\\/\\\/www.bellunopress.it\",\"https:\\\/\\\/x.com\\\/bellunopress\"],\"url\":\"https:\\\/\\\/www.bellunopress.it\\\/fr\\\/author\\\/redazione\\\/\"}]}<\/script>\n<!-- \/ Yoast SEO plugin. -->","yoast_head_json":{"title":"Torna \u201cCoriandoli\u201d, la rassegna di teatro amatoriale organizzata dalla Pro Loco Pieve Castionese - Bellunopress - Dolomiti","robots":{"index":"index","follow":"follow","max-snippet":"max-snippet:-1","max-image-preview":"max-image-preview:large","max-video-preview":"max-video-preview:-1"},"canonical":"https:\/\/www.bellunopress.it\/fr\/2026\/02\/25\/torna-coriandoli-la-rassegna-di-teatro-amatoriale-organizzata-dalla-pro-loco-pieve-castionese\/","og_locale":"fr_FR","og_type":"article","og_title":"Torna \u201cCoriandoli\u201d, la rassegna di teatro amatoriale organizzata dalla Pro Loco Pieve Castionese - Bellunopress - Dolomiti","og_description":"Torna \u201cCoriandoli\u201d, l\u2019apprezzata rassegna di teatro amatoriale organizzata dalla Pro Loco Pieve Castionese. Giunta alla sua VI edizione, la manifestazione si conferma un punto di riferimento per chi desidera immergersi nelle storie, nelle tradizioni e nell\u2019ironia del teatro dialettale locale. Il cartellone di quest&#8217;anno si articola in cinque appuntamenti serali (tutti con inizio alle ore [&hellip;]","og_url":"https:\/\/www.bellunopress.it\/fr\/2026\/02\/25\/torna-coriandoli-la-rassegna-di-teatro-amatoriale-organizzata-dalla-pro-loco-pieve-castionese\/","og_site_name":"Bellunopress - Dolomiti","article_publisher":"https:\/\/www.facebook.com\/profile.php?id=100008943462799","article_published_time":"2026-02-25T18:45:10+00:00","og_image":[{"width":847,"height":847,"url":"https:\/\/www.bellunopress.it\/wp-content\/uploads\/2023\/10\/pro-loco-pieve-castionese_edited.jpg","type":"image\/jpeg"}],"author":"redazione","twitter_card":"summary_large_image","twitter_creator":"@bellunopress","twitter_site":"@bellunopress","twitter_misc":{"\u00c9crit par":"redazione","Dur\u00e9e de lecture estim\u00e9e":"2 minutes"},"schema":{"@context":"https:\/\/schema.org","@graph":[{"@type":"Article","@id":"https:\/\/www.bellunopress.it\/2026\/02\/25\/torna-coriandoli-la-rassegna-di-teatro-amatoriale-organizzata-dalla-pro-loco-pieve-castionese\/#article","isPartOf":{"@id":"https:\/\/www.bellunopress.it\/2026\/02\/25\/torna-coriandoli-la-rassegna-di-teatro-amatoriale-organizzata-dalla-pro-loco-pieve-castionese\/"},"author":{"name":"redazione","@id":"https:\/\/www.bellunopress.it\/#\/schema\/person\/79bb06722b37ece1c03d3e94beb30d73"},"headline":"Torna \u201cCoriandoli\u201d, la rassegna di teatro amatoriale organizzata dalla Pro Loco Pieve Castionese","datePublished":"2026-02-25T18:45:10+00:00","mainEntityOfPage":{"@id":"https:\/\/www.bellunopress.it\/2026\/02\/25\/torna-coriandoli-la-rassegna-di-teatro-amatoriale-organizzata-dalla-pro-loco-pieve-castionese\/"},"wordCount":439,"publisher":{"@id":"https:\/\/www.bellunopress.it\/#organization"},"image":{"@id":"https:\/\/www.bellunopress.it\/2026\/02\/25\/torna-coriandoli-la-rassegna-di-teatro-amatoriale-organizzata-dalla-pro-loco-pieve-castionese\/#primaryimage"},"thumbnailUrl":"https:\/\/www.bellunopress.it\/wp-content\/uploads\/2023\/10\/pro-loco-pieve-castionese_edited.jpg","articleSection":["Appuntamenti, Eventi","Arte, Cultura, Spettacoli, Scienza","Pausa Caff\u00e8"],"inLanguage":"fr-FR"},{"@type":"WebPage","@id":"https:\/\/www.bellunopress.it\/2026\/02\/25\/torna-coriandoli-la-rassegna-di-teatro-amatoriale-organizzata-dalla-pro-loco-pieve-castionese\/","url":"https:\/\/www.bellunopress.it\/2026\/02\/25\/torna-coriandoli-la-rassegna-di-teatro-amatoriale-organizzata-dalla-pro-loco-pieve-castionese\/","name":"Torna \u201cCoriandoli\u201d, la rassegna di teatro amatoriale organizzata dalla Pro Loco Pieve Castionese - Bellunopress - Dolomiti","isPartOf":{"@id":"https:\/\/www.bellunopress.it\/#website"},"primaryImageOfPage":{"@id":"https:\/\/www.bellunopress.it\/2026\/02\/25\/torna-coriandoli-la-rassegna-di-teatro-amatoriale-organizzata-dalla-pro-loco-pieve-castionese\/#primaryimage"},"image":{"@id":"https:\/\/www.bellunopress.it\/2026\/02\/25\/torna-coriandoli-la-rassegna-di-teatro-amatoriale-organizzata-dalla-pro-loco-pieve-castionese\/#primaryimage"},"thumbnailUrl":"https:\/\/www.bellunopress.it\/wp-content\/uploads\/2023\/10\/pro-loco-pieve-castionese_edited.jpg","datePublished":"2026-02-25T18:45:10+00:00","breadcrumb":{"@id":"https:\/\/www.bellunopress.it\/2026\/02\/25\/torna-coriandoli-la-rassegna-di-teatro-amatoriale-organizzata-dalla-pro-loco-pieve-castionese\/#breadcrumb"},"inLanguage":"fr-FR","potentialAction":[{"@type":"ReadAction","target":["https:\/\/www.bellunopress.it\/2026\/02\/25\/torna-coriandoli-la-rassegna-di-teatro-amatoriale-organizzata-dalla-pro-loco-pieve-castionese\/"]}]},{"@type":"ImageObject","inLanguage":"fr-FR","@id":"https:\/\/www.bellunopress.it\/2026\/02\/25\/torna-coriandoli-la-rassegna-di-teatro-amatoriale-organizzata-dalla-pro-loco-pieve-castionese\/#primaryimage","url":"https:\/\/www.bellunopress.it\/wp-content\/uploads\/2023\/10\/pro-loco-pieve-castionese_edited.jpg","contentUrl":"https:\/\/www.bellunopress.it\/wp-content\/uploads\/2023\/10\/pro-loco-pieve-castionese_edited.jpg","width":847,"height":847,"caption":"Pro Loco Pieve Castionese"},{"@type":"BreadcrumbList","@id":"https:\/\/www.bellunopress.it\/2026\/02\/25\/torna-coriandoli-la-rassegna-di-teatro-amatoriale-organizzata-dalla-pro-loco-pieve-castionese\/#breadcrumb","itemListElement":[{"@type":"ListItem","position":1,"name":"Home","item":"https:\/\/www.bellunopress.it\/"},{"@type":"ListItem","position":2,"name":"Torna \u201cCoriandoli\u201d, la rassegna di teatro amatoriale organizzata dalla Pro Loco Pieve Castionese"}]},{"@type":"WebSite","@id":"https:\/\/www.bellunopress.it\/#website","url":"https:\/\/www.bellunopress.it\/","name":"Bellunopress - Dolomiti","description":"e-mail: redazione@bellunopress.it","publisher":{"@id":"https:\/\/www.bellunopress.it\/#organization"},"potentialAction":[{"@type":"SearchAction","target":{"@type":"EntryPoint","urlTemplate":"https:\/\/www.bellunopress.it\/?s={search_term_string}"},"query-input":{"@type":"PropertyValueSpecification","valueRequired":true,"valueName":"search_term_string"}}],"inLanguage":"fr-FR"},{"@type":"Organization","@id":"https:\/\/www.bellunopress.it\/#organization","name":"Bellunopress","url":"https:\/\/www.bellunopress.it\/","logo":{"@type":"ImageObject","inLanguage":"fr-FR","@id":"https:\/\/www.bellunopress.it\/#\/schema\/logo\/image\/","url":"https:\/\/www.bellunopress.it\/wp-content\/uploads\/2011\/05\/cropped-logo-bellunopress-.jpg","contentUrl":"https:\/\/www.bellunopress.it\/wp-content\/uploads\/2011\/05\/cropped-logo-bellunopress-.jpg","width":512,"height":512,"caption":"Bellunopress"},"image":{"@id":"https:\/\/www.bellunopress.it\/#\/schema\/logo\/image\/"},"sameAs":["https:\/\/www.facebook.com\/profile.php?id=100008943462799","https:\/\/x.com\/bellunopress","https:\/\/www.linkedin.com\/hp\/?dnr=JBzUWaJfMUw8vbXJJ2tVW5-I3jZKvC4wsoxE&amp;amp;amp;amp;amp;amp;trk=nav_responsive_tab_home","https:\/\/www.youtube.com\/channel\/UCxL0wu1uN0_3_7hGG0306cw"]},{"@type":"Person","@id":"https:\/\/www.bellunopress.it\/#\/schema\/person\/79bb06722b37ece1c03d3e94beb30d73","name":"r\u00e9daction","image":{"@type":"ImageObject","inLanguage":"fr-FR","@id":"https:\/\/secure.gravatar.com\/avatar\/37d968a2e67a6fd04c169c4bdef102d0bc5d31b2546345219e348575eb80e9a0?s=96&d=mm&r=g","url":"https:\/\/secure.gravatar.com\/avatar\/37d968a2e67a6fd04c169c4bdef102d0bc5d31b2546345219e348575eb80e9a0?s=96&d=mm&r=g","contentUrl":"https:\/\/secure.gravatar.com\/avatar\/37d968a2e67a6fd04c169c4bdef102d0bc5d31b2546345219e348575eb80e9a0?s=96&d=mm&r=g","caption":"redazione"},"sameAs":["http:\/\/www.bellunopress.it","https:\/\/x.com\/bellunopress"],"url":"https:\/\/www.bellunopress.it\/fr\/author\/redazione\/"}]}},"_links":{"self":[{"href":"https:\/\/www.bellunopress.it\/fr\/wp-json\/wp\/v2\/posts\/167721","targetHints":{"allow":["GET"]}}],"collection":[{"href":"https:\/\/www.bellunopress.it\/fr\/wp-json\/wp\/v2\/posts"}],"about":[{"href":"https:\/\/www.bellunopress.it\/fr\/wp-json\/wp\/v2\/types\/post"}],"author":[{"embeddable":true,"href":"https:\/\/www.bellunopress.it\/fr\/wp-json\/wp\/v2\/users\/2"}],"replies":[{"embeddable":true,"href":"https:\/\/www.bellunopress.it\/fr\/wp-json\/wp\/v2\/comments?post=167721"}],"version-history":[{"count":1,"href":"https:\/\/www.bellunopress.it\/fr\/wp-json\/wp\/v2\/posts\/167721\/revisions"}],"predecessor-version":[{"id":167722,"href":"https:\/\/www.bellunopress.it\/fr\/wp-json\/wp\/v2\/posts\/167721\/revisions\/167722"}],"wp:featuredmedia":[{"embeddable":true,"href":"https:\/\/www.bellunopress.it\/fr\/wp-json\/wp\/v2\/media\/144716"}],"wp:attachment":[{"href":"https:\/\/www.bellunopress.it\/fr\/wp-json\/wp\/v2\/media?parent=167721"}],"wp:term":[{"taxonomy":"category","embeddable":true,"href":"https:\/\/www.bellunopress.it\/fr\/wp-json\/wp\/v2\/categories?post=167721"},{"taxonomy":"post_tag","embeddable":true,"href":"https:\/\/www.bellunopress.it\/fr\/wp-json\/wp\/v2\/tags?post=167721"}],"curies":[{"name":"wp","href":"https:\/\/api.w.org\/{rel}","templated":true}]}}