{"id":167702,"date":"2026-02-24T16:52:36","date_gmt":"2026-02-24T15:52:36","guid":{"rendered":"https:\/\/www.bellunopress.it\/?p=167702"},"modified":"2026-02-24T16:52:36","modified_gmt":"2026-02-24T15:52:36","slug":"aree-interne-approvato-in-consiglio-regionale-lordine-del-giorno-di-del-bianco-primo-risultato-concreto-per-tutelare-i-territori-piu-fragili","status":"publish","type":"post","link":"https:\/\/www.bellunopress.it\/fr\/2026\/02\/24\/aree-interne-approvato-in-consiglio-regionale-lordine-del-giorno-di-del-bianco-primo-risultato-concreto-per-tutelare-i-territori-piu-fragili\/","title":{"rendered":"Aree interne. Approvato in Consiglio regionale l\u2019ordine del giorno di Del Bianco: \u201cPrimo risultato concreto per tutelare i territori pi\u00f9 fragili\u201d"},"content":{"rendered":"<p>Venezia, 24\/02\/2026 &#8211; \u00c8 stato approvato oggi in Consiglio regionale l\u2019Ordine del Giorno presentato dal consigliere regionale del Partito Democratico Alessandro Del Bianco sulla riprogrammazione dei fondi europei e, in particolare, sul taglio delle risorse destinate alle aree interne.<\/p>\n<p>Il tema era stato sollevato dallo stesso Del Bianco nei giorni precedenti in Commissione consiliare, evidenziando come la rimodulazione del FESR prevedesse la sottrazione di 2,5 milioni di euro dal fondo dedicato alle sei aree interne del Veneto per finanziare il nuovo piano casa regionale.<\/p>\n<p>\u201cParliamo del taglio percentualmente pi\u00f9 pesante tra tutti quelli previsti dalla riprogrammazione \u2013 spiega Del Bianco \u2013. Mentre altri fondi vengono decurtati del 10%, al massimo del 13% rispetto alla loro dotazione complessiva, quello delle aree interne subisce una riduzione del 31%. Ben 2,5 milioni su appena 8 milioni totali. \u00c8 evidente che si tratta di un intervento particolarmente penalizzante\u201d.<\/p>\n<p>Le sei aree interne venete coinvolgono circa 127.000 abitanti. \u201cSpostare 2,5 milioni prima destinati esclusivamente a quei territori su una platea di quasi 5 milioni di cittadini significa, di fatto, ridurre drasticamente l\u2019impatto di quelle risorse proprio dove erano state pensate per intervenire\u201d.<\/p>\n<p>L\u2019Ordine del Giorno chiedeva un principio chiaro: destinare pure le risorse al piano casa, ma garantire che i 2,5 milioni sottratti alle aree interne fossero reinvestiti sul tema della residenzialit\u00e0 negli stessi territori.<\/p>\n<p>Dopo una breve sospensione dei lavori e un confronto con l\u2019assessore regionale Massimo Bitonci, si \u00e8 giunti a una mediazione. Il testo approvato impegna la Giunta a inserire nel prossimo bando del piano casa criteri che favoriscano e valorizzino gli enti appartenenti alle aree interne, criteri che saranno inoltre discussi in Commissione consiliare.<\/p>\n<p>\u201c\u00c8 una prima, piccola ma significativa vittoria \u2013 conclude Del Bianco \u2013. Abbiamo affermato un principio di equit\u00e0 territoriale: non si possono finanziare nuove misure penalizzando proprio i territori pi\u00f9 fragili. Ora si apre una fase di verifica. L\u2019impegno assunto in aula dovr\u00e0 tradursi in atti concreti\u201d.<\/p>","protected":false},"excerpt":{"rendered":"<p>Venezia, 24\/02\/2026 &#8211; \u00c8 stato approvato oggi in Consiglio regionale l\u2019Ordine del Giorno presentato dal consigliere regionale del Partito Democratico Alessandro Del Bianco sulla riprogrammazione dei fondi europei e, in particolare, sul taglio delle risorse destinate alle aree interne. Il tema era stato sollevato dallo stesso Del Bianco nei giorni precedenti in Commissione consiliare, evidenziando [&hellip;]<\/p>\n","protected":false},"author":2,"featured_media":167703,"comment_status":"closed","ping_status":"open","sticky":false,"template":"","format":"standard","meta":{"footnotes":""},"categories":[5,3446,26],"tags":[],"class_list":["post-167702","post","type-post","status-publish","format-standard","has-post-thumbnail","category-cronaca","category-featured","category-prima-pagina"],"yoast_head":"<!-- This site is optimized with the Yoast SEO plugin v28.4 - https:\/\/yoast.com\/product\/yoast-seo-wordpress\/ -->\n<title>Aree interne. Approvato in Consiglio regionale l\u2019ordine del giorno di Del Bianco: \u201cPrimo risultato concreto per tutelare i territori pi\u00f9 fragili\u201d - Bellunopress - Dolomiti<\/title>\n<meta name=\"robots\" content=\"index, follow, max-snippet:-1, max-image-preview:large, max-video-preview:-1\" \/>\n<link rel=\"canonical\" href=\"https:\/\/www.bellunopress.it\/fr\/2026\/02\/24\/aree-interne-approvato-in-consiglio-regionale-lordine-del-giorno-di-del-bianco-primo-risultato-concreto-per-tutelare-i-territori-piu-fragili\/\" \/>\n<meta property=\"og:locale\" content=\"fr_FR\" \/>\n<meta property=\"og:type\" content=\"article\" \/>\n<meta property=\"og:title\" content=\"Aree interne. Approvato in Consiglio regionale l\u2019ordine del giorno di Del Bianco: \u201cPrimo risultato concreto per tutelare i territori pi\u00f9 fragili\u201d - Bellunopress - Dolomiti\" \/>\n<meta property=\"og:description\" content=\"Venezia, 24\/02\/2026 &#8211; \u00c8 stato approvato oggi in Consiglio regionale l\u2019Ordine del Giorno presentato dal consigliere regionale del Partito Democratico Alessandro Del Bianco sulla riprogrammazione dei fondi europei e, in particolare, sul taglio delle risorse destinate alle aree interne. Il tema era stato sollevato dallo stesso Del Bianco nei giorni precedenti in Commissione consiliare, evidenziando [&hellip;]\" \/>\n<meta property=\"og:url\" content=\"https:\/\/www.bellunopress.it\/fr\/2026\/02\/24\/aree-interne-approvato-in-consiglio-regionale-lordine-del-giorno-di-del-bianco-primo-risultato-concreto-per-tutelare-i-territori-piu-fragili\/\" \/>\n<meta property=\"og:site_name\" content=\"Bellunopress - Dolomiti\" \/>\n<meta property=\"article:publisher\" content=\"https:\/\/www.facebook.com\/profile.php?id=100008943462799\" \/>\n<meta property=\"article:published_time\" content=\"2026-02-24T15:52:36+00:00\" \/>\n<meta property=\"og:image\" content=\"https:\/\/www.bellunopress.it\/wp-content\/uploads\/2026\/02\/Alessandro-Del-Bianco-consigliere-regionale-Pd.jpg\" \/>\n\t<meta property=\"og:image:width\" content=\"600\" \/>\n\t<meta property=\"og:image:height\" content=\"341\" \/>\n\t<meta property=\"og:image:type\" content=\"image\/jpeg\" \/>\n<meta name=\"author\" content=\"redazione\" \/>\n<meta name=\"twitter:card\" content=\"summary_large_image\" \/>\n<meta name=\"twitter:creator\" content=\"@bellunopress\" \/>\n<meta name=\"twitter:site\" content=\"@bellunopress\" \/>\n<meta name=\"twitter:label1\" content=\"\u00c9crit par\" \/>\n\t<meta name=\"twitter:data1\" content=\"redazione\" \/>\n\t<meta name=\"twitter:label2\" content=\"Dur\u00e9e de lecture estim\u00e9e\" \/>\n\t<meta name=\"twitter:data2\" content=\"2 minutes\" \/>\n<script type=\"application\/ld+json\" class=\"yoast-schema-graph\">{\"@context\":\"https:\\\/\\\/schema.org\",\"@graph\":[{\"@type\":\"Article\",\"@id\":\"https:\\\/\\\/www.bellunopress.it\\\/2026\\\/02\\\/24\\\/aree-interne-approvato-in-consiglio-regionale-lordine-del-giorno-di-del-bianco-primo-risultato-concreto-per-tutelare-i-territori-piu-fragili\\\/#article\",\"isPartOf\":{\"@id\":\"https:\\\/\\\/www.bellunopress.it\\\/2026\\\/02\\\/24\\\/aree-interne-approvato-in-consiglio-regionale-lordine-del-giorno-di-del-bianco-primo-risultato-concreto-per-tutelare-i-territori-piu-fragili\\\/\"},\"author\":{\"name\":\"redazione\",\"@id\":\"https:\\\/\\\/www.bellunopress.it\\\/#\\\/schema\\\/person\\\/79bb06722b37ece1c03d3e94beb30d73\"},\"headline\":\"Aree interne. Approvato in Consiglio regionale l\u2019ordine del giorno di Del Bianco: \u201cPrimo risultato concreto per tutelare i territori pi\u00f9 fragili\u201d\",\"datePublished\":\"2026-02-24T15:52:36+00:00\",\"mainEntityOfPage\":{\"@id\":\"https:\\\/\\\/www.bellunopress.it\\\/2026\\\/02\\\/24\\\/aree-interne-approvato-in-consiglio-regionale-lordine-del-giorno-di-del-bianco-primo-risultato-concreto-per-tutelare-i-territori-piu-fragili\\\/\"},\"wordCount\":328,\"publisher\":{\"@id\":\"https:\\\/\\\/www.bellunopress.it\\\/#organization\"},\"image\":{\"@id\":\"https:\\\/\\\/www.bellunopress.it\\\/2026\\\/02\\\/24\\\/aree-interne-approvato-in-consiglio-regionale-lordine-del-giorno-di-del-bianco-primo-risultato-concreto-per-tutelare-i-territori-piu-fragili\\\/#primaryimage\"},\"thumbnailUrl\":\"https:\\\/\\\/www.bellunopress.it\\\/wp-content\\\/uploads\\\/2026\\\/02\\\/Alessandro-Del-Bianco-consigliere-regionale-Pd.jpg\",\"articleSection\":[\"Cronaca\\\/Politica\",\"Featured\",\"Prima Pagina\"],\"inLanguage\":\"fr-FR\"},{\"@type\":\"WebPage\",\"@id\":\"https:\\\/\\\/www.bellunopress.it\\\/2026\\\/02\\\/24\\\/aree-interne-approvato-in-consiglio-regionale-lordine-del-giorno-di-del-bianco-primo-risultato-concreto-per-tutelare-i-territori-piu-fragili\\\/\",\"url\":\"https:\\\/\\\/www.bellunopress.it\\\/2026\\\/02\\\/24\\\/aree-interne-approvato-in-consiglio-regionale-lordine-del-giorno-di-del-bianco-primo-risultato-concreto-per-tutelare-i-territori-piu-fragili\\\/\",\"name\":\"Aree interne. Approvato in Consiglio regionale l\u2019ordine del giorno di Del Bianco: \u201cPrimo risultato concreto per tutelare i territori pi\u00f9 fragili\u201d - Bellunopress - Dolomiti\",\"isPartOf\":{\"@id\":\"https:\\\/\\\/www.bellunopress.it\\\/#website\"},\"primaryImageOfPage\":{\"@id\":\"https:\\\/\\\/www.bellunopress.it\\\/2026\\\/02\\\/24\\\/aree-interne-approvato-in-consiglio-regionale-lordine-del-giorno-di-del-bianco-primo-risultato-concreto-per-tutelare-i-territori-piu-fragili\\\/#primaryimage\"},\"image\":{\"@id\":\"https:\\\/\\\/www.bellunopress.it\\\/2026\\\/02\\\/24\\\/aree-interne-approvato-in-consiglio-regionale-lordine-del-giorno-di-del-bianco-primo-risultato-concreto-per-tutelare-i-territori-piu-fragili\\\/#primaryimage\"},\"thumbnailUrl\":\"https:\\\/\\\/www.bellunopress.it\\\/wp-content\\\/uploads\\\/2026\\\/02\\\/Alessandro-Del-Bianco-consigliere-regionale-Pd.jpg\",\"datePublished\":\"2026-02-24T15:52:36+00:00\",\"breadcrumb\":{\"@id\":\"https:\\\/\\\/www.bellunopress.it\\\/2026\\\/02\\\/24\\\/aree-interne-approvato-in-consiglio-regionale-lordine-del-giorno-di-del-bianco-primo-risultato-concreto-per-tutelare-i-territori-piu-fragili\\\/#breadcrumb\"},\"inLanguage\":\"fr-FR\",\"potentialAction\":[{\"@type\":\"ReadAction\",\"target\":[\"https:\\\/\\\/www.bellunopress.it\\\/2026\\\/02\\\/24\\\/aree-interne-approvato-in-consiglio-regionale-lordine-del-giorno-di-del-bianco-primo-risultato-concreto-per-tutelare-i-territori-piu-fragili\\\/\"]}]},{\"@type\":\"ImageObject\",\"inLanguage\":\"fr-FR\",\"@id\":\"https:\\\/\\\/www.bellunopress.it\\\/2026\\\/02\\\/24\\\/aree-interne-approvato-in-consiglio-regionale-lordine-del-giorno-di-del-bianco-primo-risultato-concreto-per-tutelare-i-territori-piu-fragili\\\/#primaryimage\",\"url\":\"https:\\\/\\\/www.bellunopress.it\\\/wp-content\\\/uploads\\\/2026\\\/02\\\/Alessandro-Del-Bianco-consigliere-regionale-Pd.jpg\",\"contentUrl\":\"https:\\\/\\\/www.bellunopress.it\\\/wp-content\\\/uploads\\\/2026\\\/02\\\/Alessandro-Del-Bianco-consigliere-regionale-Pd.jpg\",\"width\":600,\"height\":341,\"caption\":\"Alessandro Del Bianco - Consigliere regionale\"},{\"@type\":\"BreadcrumbList\",\"@id\":\"https:\\\/\\\/www.bellunopress.it\\\/2026\\\/02\\\/24\\\/aree-interne-approvato-in-consiglio-regionale-lordine-del-giorno-di-del-bianco-primo-risultato-concreto-per-tutelare-i-territori-piu-fragili\\\/#breadcrumb\",\"itemListElement\":[{\"@type\":\"ListItem\",\"position\":1,\"name\":\"Home\",\"item\":\"https:\\\/\\\/www.bellunopress.it\\\/\"},{\"@type\":\"ListItem\",\"position\":2,\"name\":\"Aree interne. Approvato in Consiglio regionale l\u2019ordine del giorno di Del Bianco: \u201cPrimo risultato concreto per tutelare i territori pi\u00f9 fragili\u201d\"}]},{\"@type\":\"WebSite\",\"@id\":\"https:\\\/\\\/www.bellunopress.it\\\/#website\",\"url\":\"https:\\\/\\\/www.bellunopress.it\\\/\",\"name\":\"Bellunopress - Dolomiti\",\"description\":\"e-mail: redazione@bellunopress.it\",\"publisher\":{\"@id\":\"https:\\\/\\\/www.bellunopress.it\\\/#organization\"},\"potentialAction\":[{\"@type\":\"SearchAction\",\"target\":{\"@type\":\"EntryPoint\",\"urlTemplate\":\"https:\\\/\\\/www.bellunopress.it\\\/?s={search_term_string}\"},\"query-input\":{\"@type\":\"PropertyValueSpecification\",\"valueRequired\":true,\"valueName\":\"search_term_string\"}}],\"inLanguage\":\"fr-FR\"},{\"@type\":\"Organization\",\"@id\":\"https:\\\/\\\/www.bellunopress.it\\\/#organization\",\"name\":\"Bellunopress\",\"url\":\"https:\\\/\\\/www.bellunopress.it\\\/\",\"logo\":{\"@type\":\"ImageObject\",\"inLanguage\":\"fr-FR\",\"@id\":\"https:\\\/\\\/www.bellunopress.it\\\/#\\\/schema\\\/logo\\\/image\\\/\",\"url\":\"https:\\\/\\\/www.bellunopress.it\\\/wp-content\\\/uploads\\\/2011\\\/05\\\/cropped-logo-bellunopress-.jpg\",\"contentUrl\":\"https:\\\/\\\/www.bellunopress.it\\\/wp-content\\\/uploads\\\/2011\\\/05\\\/cropped-logo-bellunopress-.jpg\",\"width\":512,\"height\":512,\"caption\":\"Bellunopress\"},\"image\":{\"@id\":\"https:\\\/\\\/www.bellunopress.it\\\/#\\\/schema\\\/logo\\\/image\\\/\"},\"sameAs\":[\"https:\\\/\\\/www.facebook.com\\\/profile.php?id=100008943462799\",\"https:\\\/\\\/x.com\\\/bellunopress\",\"https:\\\/\\\/www.linkedin.com\\\/hp\\\/?dnr=JBzUWaJfMUw8vbXJJ2tVW5-I3jZKvC4wsoxE&amp;amp;amp;amp;amp;amp;trk=nav_responsive_tab_home\",\"https:\\\/\\\/www.youtube.com\\\/channel\\\/UCxL0wu1uN0_3_7hGG0306cw\"]},{\"@type\":\"Person\",\"@id\":\"https:\\\/\\\/www.bellunopress.it\\\/#\\\/schema\\\/person\\\/79bb06722b37ece1c03d3e94beb30d73\",\"name\":\"redazione\",\"image\":{\"@type\":\"ImageObject\",\"inLanguage\":\"fr-FR\",\"@id\":\"https:\\\/\\\/secure.gravatar.com\\\/avatar\\\/37d968a2e67a6fd04c169c4bdef102d0bc5d31b2546345219e348575eb80e9a0?s=96&d=mm&r=g\",\"url\":\"https:\\\/\\\/secure.gravatar.com\\\/avatar\\\/37d968a2e67a6fd04c169c4bdef102d0bc5d31b2546345219e348575eb80e9a0?s=96&d=mm&r=g\",\"contentUrl\":\"https:\\\/\\\/secure.gravatar.com\\\/avatar\\\/37d968a2e67a6fd04c169c4bdef102d0bc5d31b2546345219e348575eb80e9a0?s=96&d=mm&r=g\",\"caption\":\"redazione\"},\"sameAs\":[\"http:\\\/\\\/www.bellunopress.it\",\"https:\\\/\\\/x.com\\\/bellunopress\"],\"url\":\"https:\\\/\\\/www.bellunopress.it\\\/fr\\\/author\\\/redazione\\\/\"}]}<\/script>\n<!-- \/ Yoast SEO plugin. -->","yoast_head_json":{"title":"Aree interne. Approvato in Consiglio regionale l\u2019ordine del giorno di Del Bianco: \u201cPrimo risultato concreto per tutelare i territori pi\u00f9 fragili\u201d - Bellunopress - Dolomiti","robots":{"index":"index","follow":"follow","max-snippet":"max-snippet:-1","max-image-preview":"max-image-preview:large","max-video-preview":"max-video-preview:-1"},"canonical":"https:\/\/www.bellunopress.it\/fr\/2026\/02\/24\/aree-interne-approvato-in-consiglio-regionale-lordine-del-giorno-di-del-bianco-primo-risultato-concreto-per-tutelare-i-territori-piu-fragili\/","og_locale":"fr_FR","og_type":"article","og_title":"Aree interne. Approvato in Consiglio regionale l\u2019ordine del giorno di Del Bianco: \u201cPrimo risultato concreto per tutelare i territori pi\u00f9 fragili\u201d - Bellunopress - Dolomiti","og_description":"Venezia, 24\/02\/2026 &#8211; \u00c8 stato approvato oggi in Consiglio regionale l\u2019Ordine del Giorno presentato dal consigliere regionale del Partito Democratico Alessandro Del Bianco sulla riprogrammazione dei fondi europei e, in particolare, sul taglio delle risorse destinate alle aree interne. Il tema era stato sollevato dallo stesso Del Bianco nei giorni precedenti in Commissione consiliare, evidenziando [&hellip;]","og_url":"https:\/\/www.bellunopress.it\/fr\/2026\/02\/24\/aree-interne-approvato-in-consiglio-regionale-lordine-del-giorno-di-del-bianco-primo-risultato-concreto-per-tutelare-i-territori-piu-fragili\/","og_site_name":"Bellunopress - Dolomiti","article_publisher":"https:\/\/www.facebook.com\/profile.php?id=100008943462799","article_published_time":"2026-02-24T15:52:36+00:00","og_image":[{"width":600,"height":341,"url":"https:\/\/www.bellunopress.it\/wp-content\/uploads\/2026\/02\/Alessandro-Del-Bianco-consigliere-regionale-Pd.jpg","type":"image\/jpeg"}],"author":"redazione","twitter_card":"summary_large_image","twitter_creator":"@bellunopress","twitter_site":"@bellunopress","twitter_misc":{"\u00c9crit par":"redazione","Dur\u00e9e de lecture estim\u00e9e":"2 minutes"},"schema":{"@context":"https:\/\/schema.org","@graph":[{"@type":"Article","@id":"https:\/\/www.bellunopress.it\/2026\/02\/24\/aree-interne-approvato-in-consiglio-regionale-lordine-del-giorno-di-del-bianco-primo-risultato-concreto-per-tutelare-i-territori-piu-fragili\/#article","isPartOf":{"@id":"https:\/\/www.bellunopress.it\/2026\/02\/24\/aree-interne-approvato-in-consiglio-regionale-lordine-del-giorno-di-del-bianco-primo-risultato-concreto-per-tutelare-i-territori-piu-fragili\/"},"author":{"name":"redazione","@id":"https:\/\/www.bellunopress.it\/#\/schema\/person\/79bb06722b37ece1c03d3e94beb30d73"},"headline":"Aree interne. Approvato in Consiglio regionale l\u2019ordine del giorno di Del Bianco: \u201cPrimo risultato concreto per tutelare i territori pi\u00f9 fragili\u201d","datePublished":"2026-02-24T15:52:36+00:00","mainEntityOfPage":{"@id":"https:\/\/www.bellunopress.it\/2026\/02\/24\/aree-interne-approvato-in-consiglio-regionale-lordine-del-giorno-di-del-bianco-primo-risultato-concreto-per-tutelare-i-territori-piu-fragili\/"},"wordCount":328,"publisher":{"@id":"https:\/\/www.bellunopress.it\/#organization"},"image":{"@id":"https:\/\/www.bellunopress.it\/2026\/02\/24\/aree-interne-approvato-in-consiglio-regionale-lordine-del-giorno-di-del-bianco-primo-risultato-concreto-per-tutelare-i-territori-piu-fragili\/#primaryimage"},"thumbnailUrl":"https:\/\/www.bellunopress.it\/wp-content\/uploads\/2026\/02\/Alessandro-Del-Bianco-consigliere-regionale-Pd.jpg","articleSection":["Cronaca\/Politica","Featured","Prima Pagina"],"inLanguage":"fr-FR"},{"@type":"WebPage","@id":"https:\/\/www.bellunopress.it\/2026\/02\/24\/aree-interne-approvato-in-consiglio-regionale-lordine-del-giorno-di-del-bianco-primo-risultato-concreto-per-tutelare-i-territori-piu-fragili\/","url":"https:\/\/www.bellunopress.it\/2026\/02\/24\/aree-interne-approvato-in-consiglio-regionale-lordine-del-giorno-di-del-bianco-primo-risultato-concreto-per-tutelare-i-territori-piu-fragili\/","name":"Aree interne. Approvato in Consiglio regionale l\u2019ordine del giorno di Del Bianco: \u201cPrimo risultato concreto per tutelare i territori pi\u00f9 fragili\u201d - Bellunopress - Dolomiti","isPartOf":{"@id":"https:\/\/www.bellunopress.it\/#website"},"primaryImageOfPage":{"@id":"https:\/\/www.bellunopress.it\/2026\/02\/24\/aree-interne-approvato-in-consiglio-regionale-lordine-del-giorno-di-del-bianco-primo-risultato-concreto-per-tutelare-i-territori-piu-fragili\/#primaryimage"},"image":{"@id":"https:\/\/www.bellunopress.it\/2026\/02\/24\/aree-interne-approvato-in-consiglio-regionale-lordine-del-giorno-di-del-bianco-primo-risultato-concreto-per-tutelare-i-territori-piu-fragili\/#primaryimage"},"thumbnailUrl":"https:\/\/www.bellunopress.it\/wp-content\/uploads\/2026\/02\/Alessandro-Del-Bianco-consigliere-regionale-Pd.jpg","datePublished":"2026-02-24T15:52:36+00:00","breadcrumb":{"@id":"https:\/\/www.bellunopress.it\/2026\/02\/24\/aree-interne-approvato-in-consiglio-regionale-lordine-del-giorno-di-del-bianco-primo-risultato-concreto-per-tutelare-i-territori-piu-fragili\/#breadcrumb"},"inLanguage":"fr-FR","potentialAction":[{"@type":"ReadAction","target":["https:\/\/www.bellunopress.it\/2026\/02\/24\/aree-interne-approvato-in-consiglio-regionale-lordine-del-giorno-di-del-bianco-primo-risultato-concreto-per-tutelare-i-territori-piu-fragili\/"]}]},{"@type":"ImageObject","inLanguage":"fr-FR","@id":"https:\/\/www.bellunopress.it\/2026\/02\/24\/aree-interne-approvato-in-consiglio-regionale-lordine-del-giorno-di-del-bianco-primo-risultato-concreto-per-tutelare-i-territori-piu-fragili\/#primaryimage","url":"https:\/\/www.bellunopress.it\/wp-content\/uploads\/2026\/02\/Alessandro-Del-Bianco-consigliere-regionale-Pd.jpg","contentUrl":"https:\/\/www.bellunopress.it\/wp-content\/uploads\/2026\/02\/Alessandro-Del-Bianco-consigliere-regionale-Pd.jpg","width":600,"height":341,"caption":"Alessandro Del Bianco - Consigliere regionale"},{"@type":"BreadcrumbList","@id":"https:\/\/www.bellunopress.it\/2026\/02\/24\/aree-interne-approvato-in-consiglio-regionale-lordine-del-giorno-di-del-bianco-primo-risultato-concreto-per-tutelare-i-territori-piu-fragili\/#breadcrumb","itemListElement":[{"@type":"ListItem","position":1,"name":"Home","item":"https:\/\/www.bellunopress.it\/"},{"@type":"ListItem","position":2,"name":"Aree interne. Approvato in Consiglio regionale l\u2019ordine del giorno di Del Bianco: \u201cPrimo risultato concreto per tutelare i territori pi\u00f9 fragili\u201d"}]},{"@type":"WebSite","@id":"https:\/\/www.bellunopress.it\/#website","url":"https:\/\/www.bellunopress.it\/","name":"Bellunopress - Dolomiti","description":"e-mail: redazione@bellunopress.it","publisher":{"@id":"https:\/\/www.bellunopress.it\/#organization"},"potentialAction":[{"@type":"SearchAction","target":{"@type":"EntryPoint","urlTemplate":"https:\/\/www.bellunopress.it\/?s={search_term_string}"},"query-input":{"@type":"PropertyValueSpecification","valueRequired":true,"valueName":"search_term_string"}}],"inLanguage":"fr-FR"},{"@type":"Organization","@id":"https:\/\/www.bellunopress.it\/#organization","name":"Bellunopress","url":"https:\/\/www.bellunopress.it\/","logo":{"@type":"ImageObject","inLanguage":"fr-FR","@id":"https:\/\/www.bellunopress.it\/#\/schema\/logo\/image\/","url":"https:\/\/www.bellunopress.it\/wp-content\/uploads\/2011\/05\/cropped-logo-bellunopress-.jpg","contentUrl":"https:\/\/www.bellunopress.it\/wp-content\/uploads\/2011\/05\/cropped-logo-bellunopress-.jpg","width":512,"height":512,"caption":"Bellunopress"},"image":{"@id":"https:\/\/www.bellunopress.it\/#\/schema\/logo\/image\/"},"sameAs":["https:\/\/www.facebook.com\/profile.php?id=100008943462799","https:\/\/x.com\/bellunopress","https:\/\/www.linkedin.com\/hp\/?dnr=JBzUWaJfMUw8vbXJJ2tVW5-I3jZKvC4wsoxE&amp;amp;amp;amp;amp;amp;trk=nav_responsive_tab_home","https:\/\/www.youtube.com\/channel\/UCxL0wu1uN0_3_7hGG0306cw"]},{"@type":"Person","@id":"https:\/\/www.bellunopress.it\/#\/schema\/person\/79bb06722b37ece1c03d3e94beb30d73","name":"r\u00e9daction","image":{"@type":"ImageObject","inLanguage":"fr-FR","@id":"https:\/\/secure.gravatar.com\/avatar\/37d968a2e67a6fd04c169c4bdef102d0bc5d31b2546345219e348575eb80e9a0?s=96&d=mm&r=g","url":"https:\/\/secure.gravatar.com\/avatar\/37d968a2e67a6fd04c169c4bdef102d0bc5d31b2546345219e348575eb80e9a0?s=96&d=mm&r=g","contentUrl":"https:\/\/secure.gravatar.com\/avatar\/37d968a2e67a6fd04c169c4bdef102d0bc5d31b2546345219e348575eb80e9a0?s=96&d=mm&r=g","caption":"redazione"},"sameAs":["http:\/\/www.bellunopress.it","https:\/\/x.com\/bellunopress"],"url":"https:\/\/www.bellunopress.it\/fr\/author\/redazione\/"}]}},"_links":{"self":[{"href":"https:\/\/www.bellunopress.it\/fr\/wp-json\/wp\/v2\/posts\/167702","targetHints":{"allow":["GET"]}}],"collection":[{"href":"https:\/\/www.bellunopress.it\/fr\/wp-json\/wp\/v2\/posts"}],"about":[{"href":"https:\/\/www.bellunopress.it\/fr\/wp-json\/wp\/v2\/types\/post"}],"author":[{"embeddable":true,"href":"https:\/\/www.bellunopress.it\/fr\/wp-json\/wp\/v2\/users\/2"}],"replies":[{"embeddable":true,"href":"https:\/\/www.bellunopress.it\/fr\/wp-json\/wp\/v2\/comments?post=167702"}],"version-history":[{"count":1,"href":"https:\/\/www.bellunopress.it\/fr\/wp-json\/wp\/v2\/posts\/167702\/revisions"}],"predecessor-version":[{"id":167704,"href":"https:\/\/www.bellunopress.it\/fr\/wp-json\/wp\/v2\/posts\/167702\/revisions\/167704"}],"wp:featuredmedia":[{"embeddable":true,"href":"https:\/\/www.bellunopress.it\/fr\/wp-json\/wp\/v2\/media\/167703"}],"wp:attachment":[{"href":"https:\/\/www.bellunopress.it\/fr\/wp-json\/wp\/v2\/media?parent=167702"}],"wp:term":[{"taxonomy":"category","embeddable":true,"href":"https:\/\/www.bellunopress.it\/fr\/wp-json\/wp\/v2\/categories?post=167702"},{"taxonomy":"post_tag","embeddable":true,"href":"https:\/\/www.bellunopress.it\/fr\/wp-json\/wp\/v2\/tags?post=167702"}],"curies":[{"name":"wp","href":"https:\/\/api.w.org\/{rel}","templated":true}]}}