{"id":167691,"date":"2026-02-24T14:03:03","date_gmt":"2026-02-24T13:03:03","guid":{"rendered":"https:\/\/www.bellunopress.it\/?p=167691"},"modified":"2026-02-24T15:41:17","modified_gmt":"2026-02-24T14:41:17","slug":"cortina-dampezzo-il-bilancio-dei-giochi-milano-cortina-2026","status":"publish","type":"post","link":"https:\/\/www.bellunopress.it\/fr\/2026\/02\/24\/cortina-dampezzo-il-bilancio-dei-giochi-milano-cortina-2026\/","title":{"rendered":"Cortina d\u2019Ampezzo. Il bilancio dei Giochi Milano-Cortina 2026"},"content":{"rendered":"<p>Cortina d\u2019Ampezzo, 24 febbraio 2026 &#8211; Cortina d\u2019Ampezzo archivia le Olimpiadi Invernali 2026 con un bilancio molto positivo: settimane intense che hanno confermato capacit\u00e0 organizzativa, accoglienza e coesione della comunit\u00e0.<br \/>\nL\u2019esperienza olimpica ha rappresentato per Cortina un traguardo e, insieme, un punto di<br \/>\npartenza: una vetrina internazionale senza precedenti e un\u2019opportunit\u00e0 concreta per<br \/>\nconsolidare un percorso di crescita legato allo sport, alla qualit\u00e0 dei servizi e alla vivibilit\u00e0 del territorio.<\/p>\n<p><strong>Partecipazione e affluenza<\/strong><br \/>\nLa risposta del pubblico \u00e8 stata significativa e costante, con una presenza importante sia in<br \/>\npaese sia nelle location di gara. Il coinvolgimento \u00e8 stato elevato: abbiamo registrato un\u2019ampia partecipazione e un forte interesse anche da parte degli sportivi e degli addetti ai lavori.<\/p>\n<p>Lo Sliding Centre \u201cEugenio Monti\u201d, infrastruttura nuova e molto attesa, \u00e8 stato messo alla<br \/>\nprova per la prima volta in un evento di massimo livello e ha risposto al meglio: la pista ha dato garanzie in termini di qualit\u00e0 tecnica e standard di sicurezza, risultando apprezzata dagli atleti e offrendo al pubblico uno spettacolo di grande impatto. Ora la struttura guarda gi\u00e0 al \u201cdopo\u201d con una linea chiara: \u00e8 in corso la programmazione di allenamenti, gare e competizioni nei prossimi anni, con il coinvolgimento della FISI (Federazione italiana sport invernali) e delle federazioni internazionali di riferimento\u201d (IBSF per bob\/skeleton; FIL per slittino). L\u2019obiettivo \u00e8 assicurare continuit\u00e0 di utilizzo, consolidando Cortina come riferimento internazionale per gli sport invernali e come meta di turismo sportivo in tutte le stagioni.<\/p>\n<p>Anche lo Stadio del Ghiaccio si presenta oggi rinnovato e all\u2019avanguardia: miglioramenti<br \/>\ntecnologici (illuminazione e gestione della qualit\u00e0 e temperatura dell\u2019aria) e interventi<br \/>\nsull\u2019accessibilit\u00e0 (ascensori, servizi dedicati e percorsi pi\u00f9 fruibili) lo rendono una struttura<br \/>\npronta ad ospitare, anche in futuro, competizioni internazionali.<br \/>\nLo sci alpino femminile sulla pista Olympia delle Tofane, valorizzato anche dalle vittorie azzurre, ha confermato l\u2019attrattivit\u00e0 di Cortina per i grandi eventi, in continuit\u00e0 con i risultati gi\u00e0 visti ai Mondiali.\u00a0Parallelamente, l\u2019affluenza ha avuto ricadute immediate sul tessuto economico locale, con effetti positivi su ricettivit\u00e0, ristorazione e commercio.<\/p>\n<p><strong>Legacy, ci\u00f2 che rimane dopo il grande evento: opere, mobilit\u00e0 e accessibilit\u00e0\u00a0<\/strong><br \/>\nIl valore dei Giochi per Cortina non si esaurisce con la chiusura dell\u2019evento. La legacy riguarda soprattutto ci\u00f2 che resta in termini di fruibilit\u00e0, accessibilit\u00e0 e servizi: riqualificazione delle venue, interventi sulla viabilit\u00e0 e soluzioni di mobilit\u00e0 pensate per rispondere alle esigenze quotidiane di residenti e ospiti, oltre la gestione dei flussi durante i Giochi.<br \/>\nTra i progetti strategici, prosegue la rigenerazione dell\u2019area ex stazione, con un nuovo assetto urbano che prevede una grande piazza pubblica pedonale e un parcheggio pubblico interrato su due livelli con oltre 600 posti auto, oltre a spazi e funzioni di interesse pubblico, con l\u2019obiettivo di migliorare l\u2019accessibilit\u00e0 al centro e l\u2019ordine della mobilit\u00e0.<br \/>\nSul fronte della viabilit\u00e0, gli interventi sulla SS51 e sulla viabilit\u00e0 di accesso (tra cui la Variante \u201cLotto 0\u201d) puntano a rendere pi\u00f9 sicuro e scorrevole gli spostamenti a Cortina e a completare l\u2019anello di circonvallazione, con ricadute che restano nel tempo. In questa stessa logica si colloca la riqualificazione di via Cesare Battisti, collegata alla riorganizzazione dei flussi nel cuore del paese.<br \/>\nAccanto alle opere stradali, la mobilit\u00e0 verso le aree sciistiche \u00e8 stata affrontata anche attraversonuove soluzioni di risalita: la cabinovia Apollonio\u2013Socrepes \u00e8 indicata come intervento chiave per ridurre l\u2019uso dell\u2019auto privata in direzione Tofana e migliorare l\u2019accesso alle piste, con completamento previsto in fase successiva al calendario olimpico e con piena operativit\u00e0.<br \/>\nL\u2019approccio dell\u2019Amministrazione \u00e8 stato quello di modernizzare Cortina senza stravolgerne<br \/>\nl\u2019identit\u00e0: migliorare servizi, sicurezza e qualit\u00e0 dello spazio pubblico, intervenendo sul costruito e sulle infrastrutture in modo coerente con l\u2019equilibrio del territorio e con gli standard richiesti dal turismo contemporaneo.<\/p>\n<p>\u201cArrivare alla fine delle Olimpiadi e vedere che tutto \u00e8 andato benissimo, sopra ogni aspettativa &#8211; dichiara il Sindaco Gianluca Lorenzi &#8211;\u00a0ci rende davvero orgogliosi. Cortina ha dimostrato di saper accogliere e di saper lavorare con efficacia anche in un contesto complesso, grazie a un grande gioco di squadra.<br \/>\nLe gare disputate qui, l\u2019entusiasmo del pubblico e le medaglie conquistate sono la migliore<br \/>\npromozione possibile: immagini viste in tutto il mondo, che raccontano Cortina nel modo pi\u00f9 autentico e che rafforzano la nostra attrattivit\u00e0 anche verso quei turisti internazionali che finora non ci conoscevano. Ora la sfida \u00e8 trasformare questa visibilit\u00e0 in valore duraturo, facendo vivere la legacy nelle opere, nei servizi e nella programmazione sportiva. Come accadde dopo le Olimpiadi del 1956, anche Milano Cortina 2026 \u00e8 un passaggio che proietta Cortina nel futuro: una citt\u00e0 sempre pi\u00f9 moderna, accessibile e pronta a essere punto di riferimento per lo sport e per il turismo, in tutte le stagioni.\u201d<br \/>\n\u201cDesidero ringraziare di cuore la comunit\u00e0 ampezzana per lo spirito di collaborazione e di<br \/>\naccoglienza dimostrato. Un grazie agli Assessori, al capogruppo e a tutta la maggioranza per il lavoro svolto: senza il loro contributo tutto ci\u00f2 non sarebbe stato possibile, hanno operato in sordina senza voler apparire. Ringrazio le Forze dell\u2019Ordine, la Protezione Civile, la Polizia Locale, la Ussl 1 Dolomiti e le associazioni del territorio che durante le giornate dei Giochi hanno garantito continuit\u00e0 operativa, presidio del territorio e assistenza per residenti, atleti e visitatori.<br \/>\nRingrazio la Regione del Veneto per il supporto e il coordinamento istituzionale, e il Governo<br \/>\nper l\u2019attenzione e l\u2019impegno dedicati ai Giochi, in particolare il Ministro delle Infrastrutture e<br \/>\ndei Trasporti Matteo Salvini, il Ministro allo Sport Andrea Abodi e il Commissario di Governo,<br \/>\nIng. Fabio Saldini.<br \/>\nUn ringraziamento a Fondazione Milano Cortina 2026 e Fondazione Cortina per la<br \/>\ncollaborazione e il lavoro svolto insieme: \u00e8 grazie a questo gioco di squadra se Cortina ha potuto affrontare e superare una sfida cos\u00ec complessa.<br \/>\nInfine, desidero rivolgere un pensiero di sincero e profondo ringraziamento a tutti i volontari che, con professionalit\u00e0, dedizione e straordinaria gentilezza, hanno contribuito in modo determinante alla riuscita di questo evento. Il vostro impegno ha rappresentato quel valore aggiunto fondamentale che fa davvero la differenza: la capacit\u00e0 di accogliere ogni persona con il sorriso, di farla sentire benvenuta e, soprattutto, di farla sentire come a casa. A voi va tutta la mia gratitudine per il tempo, l\u2019energia e il cuore che avete messo in questa esperienza. Il successo di questa iniziativa porta anche, e soprattutto, la vostra firma. Si ringraziano inoltre Cortina Marketing e SeAm, insieme al Cortina Welcome Team, per le attivit\u00e0 di accoglienza, informazione e supporto ai media che hanno contribuito a valorizzare l&#8217;immagine di Cortina durante i Giochi.\u00a0Concludo ringraziando gli atleti, i veri protagonisti: hanno reso indimenticabile questa Olimpiade. La loro energia e la loro determinazione hanno reso questo evento straordinario.<br \/>\nA loro va il mio augurio di conseguire ancora numerosi successi. Li aspettiamo ai prossimi<br \/>\nimpegni olimpici, pronti a tifare per loro come abbiamo fatto qui, a Cortina d\u2019Ampezzo.\u201d<\/p>","protected":false},"excerpt":{"rendered":"<p>Cortina d\u2019Ampezzo, 24 febbraio 2026 &#8211; Cortina d\u2019Ampezzo archivia le Olimpiadi Invernali 2026 con un bilancio molto positivo: settimane intense che hanno confermato capacit\u00e0 organizzativa, accoglienza e coesione della comunit\u00e0. L\u2019esperienza olimpica ha rappresentato per Cortina un traguardo e, insieme, un punto di partenza: una vetrina internazionale senza precedenti e un\u2019opportunit\u00e0 concreta per consolidare un [&hellip;]<\/p>\n","protected":false},"author":2,"featured_media":167692,"comment_status":"closed","ping_status":"open","sticky":false,"template":"","format":"standard","meta":{"footnotes":""},"categories":[26,8],"tags":[],"class_list":["post-167691","post","type-post","status-publish","format-standard","has-post-thumbnail","category-prima-pagina","category-societa-istituzioni"],"yoast_head":"<!-- This site is optimized with the Yoast SEO plugin v28.4 - https:\/\/yoast.com\/product\/yoast-seo-wordpress\/ -->\n<title>Cortina d\u2019Ampezzo. Il bilancio dei Giochi Milano-Cortina 2026 - Bellunopress - Dolomiti<\/title>\n<meta name=\"robots\" content=\"index, follow, max-snippet:-1, max-image-preview:large, max-video-preview:-1\" \/>\n<link rel=\"canonical\" href=\"https:\/\/www.bellunopress.it\/fr\/2026\/02\/24\/cortina-dampezzo-il-bilancio-dei-giochi-milano-cortina-2026\/\" \/>\n<meta property=\"og:locale\" content=\"fr_FR\" \/>\n<meta property=\"og:type\" content=\"article\" \/>\n<meta property=\"og:title\" content=\"Cortina d\u2019Ampezzo. Il bilancio dei Giochi Milano-Cortina 2026 - Bellunopress - Dolomiti\" \/>\n<meta property=\"og:description\" content=\"Cortina d\u2019Ampezzo, 24 febbraio 2026 &#8211; Cortina d\u2019Ampezzo archivia le Olimpiadi Invernali 2026 con un bilancio molto positivo: settimane intense che hanno confermato capacit\u00e0 organizzativa, accoglienza e coesione della comunit\u00e0. L\u2019esperienza olimpica ha rappresentato per Cortina un traguardo e, insieme, un punto di partenza: una vetrina internazionale senza precedenti e un\u2019opportunit\u00e0 concreta per consolidare un [&hellip;]\" \/>\n<meta property=\"og:url\" content=\"https:\/\/www.bellunopress.it\/fr\/2026\/02\/24\/cortina-dampezzo-il-bilancio-dei-giochi-milano-cortina-2026\/\" \/>\n<meta property=\"og:site_name\" content=\"Bellunopress - Dolomiti\" \/>\n<meta property=\"article:publisher\" content=\"https:\/\/www.facebook.com\/profile.php?id=100008943462799\" \/>\n<meta property=\"article:published_time\" content=\"2026-02-24T13:03:03+00:00\" \/>\n<meta property=\"article:modified_time\" content=\"2026-02-24T14:41:17+00:00\" \/>\n<meta property=\"og:image\" content=\"https:\/\/www.bellunopress.it\/wp-content\/uploads\/2026\/02\/Gianluca-Lorenzi-sindaco-di-Cortina.jpg\" \/>\n\t<meta property=\"og:image:width\" content=\"500\" \/>\n\t<meta property=\"og:image:height\" content=\"465\" \/>\n\t<meta property=\"og:image:type\" content=\"image\/jpeg\" \/>\n<meta name=\"author\" content=\"redazione\" \/>\n<meta name=\"twitter:card\" content=\"summary_large_image\" \/>\n<meta name=\"twitter:creator\" content=\"@bellunopress\" \/>\n<meta name=\"twitter:site\" content=\"@bellunopress\" \/>\n<meta name=\"twitter:label1\" content=\"\u00c9crit par\" \/>\n\t<meta name=\"twitter:data1\" content=\"redazione\" \/>\n\t<meta name=\"twitter:label2\" content=\"Dur\u00e9e de lecture estim\u00e9e\" \/>\n\t<meta name=\"twitter:data2\" content=\"6 minutes\" \/>\n<script type=\"application\/ld+json\" class=\"yoast-schema-graph\">{\"@context\":\"https:\\\/\\\/schema.org\",\"@graph\":[{\"@type\":\"Article\",\"@id\":\"https:\\\/\\\/www.bellunopress.it\\\/2026\\\/02\\\/24\\\/cortina-dampezzo-il-bilancio-dei-giochi-milano-cortina-2026\\\/#article\",\"isPartOf\":{\"@id\":\"https:\\\/\\\/www.bellunopress.it\\\/2026\\\/02\\\/24\\\/cortina-dampezzo-il-bilancio-dei-giochi-milano-cortina-2026\\\/\"},\"author\":{\"name\":\"redazione\",\"@id\":\"https:\\\/\\\/www.bellunopress.it\\\/#\\\/schema\\\/person\\\/79bb06722b37ece1c03d3e94beb30d73\"},\"headline\":\"Cortina d\u2019Ampezzo. Il bilancio dei Giochi Milano-Cortina 2026\",\"datePublished\":\"2026-02-24T13:03:03+00:00\",\"dateModified\":\"2026-02-24T14:41:17+00:00\",\"mainEntityOfPage\":{\"@id\":\"https:\\\/\\\/www.bellunopress.it\\\/2026\\\/02\\\/24\\\/cortina-dampezzo-il-bilancio-dei-giochi-milano-cortina-2026\\\/\"},\"wordCount\":1147,\"publisher\":{\"@id\":\"https:\\\/\\\/www.bellunopress.it\\\/#organization\"},\"image\":{\"@id\":\"https:\\\/\\\/www.bellunopress.it\\\/2026\\\/02\\\/24\\\/cortina-dampezzo-il-bilancio-dei-giochi-milano-cortina-2026\\\/#primaryimage\"},\"thumbnailUrl\":\"https:\\\/\\\/www.bellunopress.it\\\/wp-content\\\/uploads\\\/2026\\\/02\\\/Gianluca-Lorenzi-sindaco-di-Cortina.jpg\",\"articleSection\":[\"Prima Pagina\",\"Societ\u00e0, Associazioni, Istituzioni\"],\"inLanguage\":\"fr-FR\"},{\"@type\":\"WebPage\",\"@id\":\"https:\\\/\\\/www.bellunopress.it\\\/2026\\\/02\\\/24\\\/cortina-dampezzo-il-bilancio-dei-giochi-milano-cortina-2026\\\/\",\"url\":\"https:\\\/\\\/www.bellunopress.it\\\/2026\\\/02\\\/24\\\/cortina-dampezzo-il-bilancio-dei-giochi-milano-cortina-2026\\\/\",\"name\":\"Cortina d\u2019Ampezzo. Il bilancio dei Giochi Milano-Cortina 2026 - Bellunopress - Dolomiti\",\"isPartOf\":{\"@id\":\"https:\\\/\\\/www.bellunopress.it\\\/#website\"},\"primaryImageOfPage\":{\"@id\":\"https:\\\/\\\/www.bellunopress.it\\\/2026\\\/02\\\/24\\\/cortina-dampezzo-il-bilancio-dei-giochi-milano-cortina-2026\\\/#primaryimage\"},\"image\":{\"@id\":\"https:\\\/\\\/www.bellunopress.it\\\/2026\\\/02\\\/24\\\/cortina-dampezzo-il-bilancio-dei-giochi-milano-cortina-2026\\\/#primaryimage\"},\"thumbnailUrl\":\"https:\\\/\\\/www.bellunopress.it\\\/wp-content\\\/uploads\\\/2026\\\/02\\\/Gianluca-Lorenzi-sindaco-di-Cortina.jpg\",\"datePublished\":\"2026-02-24T13:03:03+00:00\",\"dateModified\":\"2026-02-24T14:41:17+00:00\",\"breadcrumb\":{\"@id\":\"https:\\\/\\\/www.bellunopress.it\\\/2026\\\/02\\\/24\\\/cortina-dampezzo-il-bilancio-dei-giochi-milano-cortina-2026\\\/#breadcrumb\"},\"inLanguage\":\"fr-FR\",\"potentialAction\":[{\"@type\":\"ReadAction\",\"target\":[\"https:\\\/\\\/www.bellunopress.it\\\/2026\\\/02\\\/24\\\/cortina-dampezzo-il-bilancio-dei-giochi-milano-cortina-2026\\\/\"]}]},{\"@type\":\"ImageObject\",\"inLanguage\":\"fr-FR\",\"@id\":\"https:\\\/\\\/www.bellunopress.it\\\/2026\\\/02\\\/24\\\/cortina-dampezzo-il-bilancio-dei-giochi-milano-cortina-2026\\\/#primaryimage\",\"url\":\"https:\\\/\\\/www.bellunopress.it\\\/wp-content\\\/uploads\\\/2026\\\/02\\\/Gianluca-Lorenzi-sindaco-di-Cortina.jpg\",\"contentUrl\":\"https:\\\/\\\/www.bellunopress.it\\\/wp-content\\\/uploads\\\/2026\\\/02\\\/Gianluca-Lorenzi-sindaco-di-Cortina.jpg\",\"width\":500,\"height\":465,\"caption\":\"Gianluca Lorenzi, sindaco di Cortina d'Ampezzo\"},{\"@type\":\"BreadcrumbList\",\"@id\":\"https:\\\/\\\/www.bellunopress.it\\\/2026\\\/02\\\/24\\\/cortina-dampezzo-il-bilancio-dei-giochi-milano-cortina-2026\\\/#breadcrumb\",\"itemListElement\":[{\"@type\":\"ListItem\",\"position\":1,\"name\":\"Home\",\"item\":\"https:\\\/\\\/www.bellunopress.it\\\/\"},{\"@type\":\"ListItem\",\"position\":2,\"name\":\"Cortina d\u2019Ampezzo. Il bilancio dei Giochi Milano-Cortina 2026\"}]},{\"@type\":\"WebSite\",\"@id\":\"https:\\\/\\\/www.bellunopress.it\\\/#website\",\"url\":\"https:\\\/\\\/www.bellunopress.it\\\/\",\"name\":\"Bellunopress - Dolomiti\",\"description\":\"e-mail: redazione@bellunopress.it\",\"publisher\":{\"@id\":\"https:\\\/\\\/www.bellunopress.it\\\/#organization\"},\"potentialAction\":[{\"@type\":\"SearchAction\",\"target\":{\"@type\":\"EntryPoint\",\"urlTemplate\":\"https:\\\/\\\/www.bellunopress.it\\\/?s={search_term_string}\"},\"query-input\":{\"@type\":\"PropertyValueSpecification\",\"valueRequired\":true,\"valueName\":\"search_term_string\"}}],\"inLanguage\":\"fr-FR\"},{\"@type\":\"Organization\",\"@id\":\"https:\\\/\\\/www.bellunopress.it\\\/#organization\",\"name\":\"Bellunopress\",\"url\":\"https:\\\/\\\/www.bellunopress.it\\\/\",\"logo\":{\"@type\":\"ImageObject\",\"inLanguage\":\"fr-FR\",\"@id\":\"https:\\\/\\\/www.bellunopress.it\\\/#\\\/schema\\\/logo\\\/image\\\/\",\"url\":\"https:\\\/\\\/www.bellunopress.it\\\/wp-content\\\/uploads\\\/2011\\\/05\\\/cropped-logo-bellunopress-.jpg\",\"contentUrl\":\"https:\\\/\\\/www.bellunopress.it\\\/wp-content\\\/uploads\\\/2011\\\/05\\\/cropped-logo-bellunopress-.jpg\",\"width\":512,\"height\":512,\"caption\":\"Bellunopress\"},\"image\":{\"@id\":\"https:\\\/\\\/www.bellunopress.it\\\/#\\\/schema\\\/logo\\\/image\\\/\"},\"sameAs\":[\"https:\\\/\\\/www.facebook.com\\\/profile.php?id=100008943462799\",\"https:\\\/\\\/x.com\\\/bellunopress\",\"https:\\\/\\\/www.linkedin.com\\\/hp\\\/?dnr=JBzUWaJfMUw8vbXJJ2tVW5-I3jZKvC4wsoxE&amp;amp;amp;amp;amp;amp;trk=nav_responsive_tab_home\",\"https:\\\/\\\/www.youtube.com\\\/channel\\\/UCxL0wu1uN0_3_7hGG0306cw\"]},{\"@type\":\"Person\",\"@id\":\"https:\\\/\\\/www.bellunopress.it\\\/#\\\/schema\\\/person\\\/79bb06722b37ece1c03d3e94beb30d73\",\"name\":\"redazione\",\"image\":{\"@type\":\"ImageObject\",\"inLanguage\":\"fr-FR\",\"@id\":\"https:\\\/\\\/secure.gravatar.com\\\/avatar\\\/37d968a2e67a6fd04c169c4bdef102d0bc5d31b2546345219e348575eb80e9a0?s=96&d=mm&r=g\",\"url\":\"https:\\\/\\\/secure.gravatar.com\\\/avatar\\\/37d968a2e67a6fd04c169c4bdef102d0bc5d31b2546345219e348575eb80e9a0?s=96&d=mm&r=g\",\"contentUrl\":\"https:\\\/\\\/secure.gravatar.com\\\/avatar\\\/37d968a2e67a6fd04c169c4bdef102d0bc5d31b2546345219e348575eb80e9a0?s=96&d=mm&r=g\",\"caption\":\"redazione\"},\"sameAs\":[\"http:\\\/\\\/www.bellunopress.it\",\"https:\\\/\\\/x.com\\\/bellunopress\"],\"url\":\"https:\\\/\\\/www.bellunopress.it\\\/fr\\\/author\\\/redazione\\\/\"}]}<\/script>\n<!-- \/ Yoast SEO plugin. -->","yoast_head_json":{"title":"Cortina d\u2019Ampezzo. Il bilancio dei Giochi Milano-Cortina 2026 - Bellunopress - Dolomiti","robots":{"index":"index","follow":"follow","max-snippet":"max-snippet:-1","max-image-preview":"max-image-preview:large","max-video-preview":"max-video-preview:-1"},"canonical":"https:\/\/www.bellunopress.it\/fr\/2026\/02\/24\/cortina-dampezzo-il-bilancio-dei-giochi-milano-cortina-2026\/","og_locale":"fr_FR","og_type":"article","og_title":"Cortina d\u2019Ampezzo. Il bilancio dei Giochi Milano-Cortina 2026 - Bellunopress - Dolomiti","og_description":"Cortina d\u2019Ampezzo, 24 febbraio 2026 &#8211; Cortina d\u2019Ampezzo archivia le Olimpiadi Invernali 2026 con un bilancio molto positivo: settimane intense che hanno confermato capacit\u00e0 organizzativa, accoglienza e coesione della comunit\u00e0. L\u2019esperienza olimpica ha rappresentato per Cortina un traguardo e, insieme, un punto di partenza: una vetrina internazionale senza precedenti e un\u2019opportunit\u00e0 concreta per consolidare un [&hellip;]","og_url":"https:\/\/www.bellunopress.it\/fr\/2026\/02\/24\/cortina-dampezzo-il-bilancio-dei-giochi-milano-cortina-2026\/","og_site_name":"Bellunopress - Dolomiti","article_publisher":"https:\/\/www.facebook.com\/profile.php?id=100008943462799","article_published_time":"2026-02-24T13:03:03+00:00","article_modified_time":"2026-02-24T14:41:17+00:00","og_image":[{"width":500,"height":465,"url":"https:\/\/www.bellunopress.it\/wp-content\/uploads\/2026\/02\/Gianluca-Lorenzi-sindaco-di-Cortina.jpg","type":"image\/jpeg"}],"author":"redazione","twitter_card":"summary_large_image","twitter_creator":"@bellunopress","twitter_site":"@bellunopress","twitter_misc":{"\u00c9crit par":"redazione","Dur\u00e9e de lecture estim\u00e9e":"6 minutes"},"schema":{"@context":"https:\/\/schema.org","@graph":[{"@type":"Article","@id":"https:\/\/www.bellunopress.it\/2026\/02\/24\/cortina-dampezzo-il-bilancio-dei-giochi-milano-cortina-2026\/#article","isPartOf":{"@id":"https:\/\/www.bellunopress.it\/2026\/02\/24\/cortina-dampezzo-il-bilancio-dei-giochi-milano-cortina-2026\/"},"author":{"name":"redazione","@id":"https:\/\/www.bellunopress.it\/#\/schema\/person\/79bb06722b37ece1c03d3e94beb30d73"},"headline":"Cortina d\u2019Ampezzo. Il bilancio dei Giochi Milano-Cortina 2026","datePublished":"2026-02-24T13:03:03+00:00","dateModified":"2026-02-24T14:41:17+00:00","mainEntityOfPage":{"@id":"https:\/\/www.bellunopress.it\/2026\/02\/24\/cortina-dampezzo-il-bilancio-dei-giochi-milano-cortina-2026\/"},"wordCount":1147,"publisher":{"@id":"https:\/\/www.bellunopress.it\/#organization"},"image":{"@id":"https:\/\/www.bellunopress.it\/2026\/02\/24\/cortina-dampezzo-il-bilancio-dei-giochi-milano-cortina-2026\/#primaryimage"},"thumbnailUrl":"https:\/\/www.bellunopress.it\/wp-content\/uploads\/2026\/02\/Gianluca-Lorenzi-sindaco-di-Cortina.jpg","articleSection":["Prima Pagina","Societ\u00e0, Associazioni, Istituzioni"],"inLanguage":"fr-FR"},{"@type":"WebPage","@id":"https:\/\/www.bellunopress.it\/2026\/02\/24\/cortina-dampezzo-il-bilancio-dei-giochi-milano-cortina-2026\/","url":"https:\/\/www.bellunopress.it\/2026\/02\/24\/cortina-dampezzo-il-bilancio-dei-giochi-milano-cortina-2026\/","name":"Cortina d\u2019Ampezzo. Il bilancio dei Giochi Milano-Cortina 2026 - Bellunopress - Dolomiti","isPartOf":{"@id":"https:\/\/www.bellunopress.it\/#website"},"primaryImageOfPage":{"@id":"https:\/\/www.bellunopress.it\/2026\/02\/24\/cortina-dampezzo-il-bilancio-dei-giochi-milano-cortina-2026\/#primaryimage"},"image":{"@id":"https:\/\/www.bellunopress.it\/2026\/02\/24\/cortina-dampezzo-il-bilancio-dei-giochi-milano-cortina-2026\/#primaryimage"},"thumbnailUrl":"https:\/\/www.bellunopress.it\/wp-content\/uploads\/2026\/02\/Gianluca-Lorenzi-sindaco-di-Cortina.jpg","datePublished":"2026-02-24T13:03:03+00:00","dateModified":"2026-02-24T14:41:17+00:00","breadcrumb":{"@id":"https:\/\/www.bellunopress.it\/2026\/02\/24\/cortina-dampezzo-il-bilancio-dei-giochi-milano-cortina-2026\/#breadcrumb"},"inLanguage":"fr-FR","potentialAction":[{"@type":"ReadAction","target":["https:\/\/www.bellunopress.it\/2026\/02\/24\/cortina-dampezzo-il-bilancio-dei-giochi-milano-cortina-2026\/"]}]},{"@type":"ImageObject","inLanguage":"fr-FR","@id":"https:\/\/www.bellunopress.it\/2026\/02\/24\/cortina-dampezzo-il-bilancio-dei-giochi-milano-cortina-2026\/#primaryimage","url":"https:\/\/www.bellunopress.it\/wp-content\/uploads\/2026\/02\/Gianluca-Lorenzi-sindaco-di-Cortina.jpg","contentUrl":"https:\/\/www.bellunopress.it\/wp-content\/uploads\/2026\/02\/Gianluca-Lorenzi-sindaco-di-Cortina.jpg","width":500,"height":465,"caption":"Gianluca Lorenzi, sindaco di Cortina d'Ampezzo"},{"@type":"BreadcrumbList","@id":"https:\/\/www.bellunopress.it\/2026\/02\/24\/cortina-dampezzo-il-bilancio-dei-giochi-milano-cortina-2026\/#breadcrumb","itemListElement":[{"@type":"ListItem","position":1,"name":"Home","item":"https:\/\/www.bellunopress.it\/"},{"@type":"ListItem","position":2,"name":"Cortina d\u2019Ampezzo. Il bilancio dei Giochi Milano-Cortina 2026"}]},{"@type":"WebSite","@id":"https:\/\/www.bellunopress.it\/#website","url":"https:\/\/www.bellunopress.it\/","name":"Bellunopress - Dolomiti","description":"e-mail: redazione@bellunopress.it","publisher":{"@id":"https:\/\/www.bellunopress.it\/#organization"},"potentialAction":[{"@type":"SearchAction","target":{"@type":"EntryPoint","urlTemplate":"https:\/\/www.bellunopress.it\/?s={search_term_string}"},"query-input":{"@type":"PropertyValueSpecification","valueRequired":true,"valueName":"search_term_string"}}],"inLanguage":"fr-FR"},{"@type":"Organization","@id":"https:\/\/www.bellunopress.it\/#organization","name":"Bellunopress","url":"https:\/\/www.bellunopress.it\/","logo":{"@type":"ImageObject","inLanguage":"fr-FR","@id":"https:\/\/www.bellunopress.it\/#\/schema\/logo\/image\/","url":"https:\/\/www.bellunopress.it\/wp-content\/uploads\/2011\/05\/cropped-logo-bellunopress-.jpg","contentUrl":"https:\/\/www.bellunopress.it\/wp-content\/uploads\/2011\/05\/cropped-logo-bellunopress-.jpg","width":512,"height":512,"caption":"Bellunopress"},"image":{"@id":"https:\/\/www.bellunopress.it\/#\/schema\/logo\/image\/"},"sameAs":["https:\/\/www.facebook.com\/profile.php?id=100008943462799","https:\/\/x.com\/bellunopress","https:\/\/www.linkedin.com\/hp\/?dnr=JBzUWaJfMUw8vbXJJ2tVW5-I3jZKvC4wsoxE&amp;amp;amp;amp;amp;amp;trk=nav_responsive_tab_home","https:\/\/www.youtube.com\/channel\/UCxL0wu1uN0_3_7hGG0306cw"]},{"@type":"Person","@id":"https:\/\/www.bellunopress.it\/#\/schema\/person\/79bb06722b37ece1c03d3e94beb30d73","name":"r\u00e9daction","image":{"@type":"ImageObject","inLanguage":"fr-FR","@id":"https:\/\/secure.gravatar.com\/avatar\/37d968a2e67a6fd04c169c4bdef102d0bc5d31b2546345219e348575eb80e9a0?s=96&d=mm&r=g","url":"https:\/\/secure.gravatar.com\/avatar\/37d968a2e67a6fd04c169c4bdef102d0bc5d31b2546345219e348575eb80e9a0?s=96&d=mm&r=g","contentUrl":"https:\/\/secure.gravatar.com\/avatar\/37d968a2e67a6fd04c169c4bdef102d0bc5d31b2546345219e348575eb80e9a0?s=96&d=mm&r=g","caption":"redazione"},"sameAs":["http:\/\/www.bellunopress.it","https:\/\/x.com\/bellunopress"],"url":"https:\/\/www.bellunopress.it\/fr\/author\/redazione\/"}]}},"_links":{"self":[{"href":"https:\/\/www.bellunopress.it\/fr\/wp-json\/wp\/v2\/posts\/167691","targetHints":{"allow":["GET"]}}],"collection":[{"href":"https:\/\/www.bellunopress.it\/fr\/wp-json\/wp\/v2\/posts"}],"about":[{"href":"https:\/\/www.bellunopress.it\/fr\/wp-json\/wp\/v2\/types\/post"}],"author":[{"embeddable":true,"href":"https:\/\/www.bellunopress.it\/fr\/wp-json\/wp\/v2\/users\/2"}],"replies":[{"embeddable":true,"href":"https:\/\/www.bellunopress.it\/fr\/wp-json\/wp\/v2\/comments?post=167691"}],"version-history":[{"count":2,"href":"https:\/\/www.bellunopress.it\/fr\/wp-json\/wp\/v2\/posts\/167691\/revisions"}],"predecessor-version":[{"id":167701,"href":"https:\/\/www.bellunopress.it\/fr\/wp-json\/wp\/v2\/posts\/167691\/revisions\/167701"}],"wp:featuredmedia":[{"embeddable":true,"href":"https:\/\/www.bellunopress.it\/fr\/wp-json\/wp\/v2\/media\/167692"}],"wp:attachment":[{"href":"https:\/\/www.bellunopress.it\/fr\/wp-json\/wp\/v2\/media?parent=167691"}],"wp:term":[{"taxonomy":"category","embeddable":true,"href":"https:\/\/www.bellunopress.it\/fr\/wp-json\/wp\/v2\/categories?post=167691"},{"taxonomy":"post_tag","embeddable":true,"href":"https:\/\/www.bellunopress.it\/fr\/wp-json\/wp\/v2\/tags?post=167691"}],"curies":[{"name":"wp","href":"https:\/\/api.w.org\/{rel}","templated":true}]}}