{"id":167688,"date":"2026-02-24T13:43:41","date_gmt":"2026-02-24T12:43:41","guid":{"rendered":"https:\/\/www.bellunopress.it\/?p=167688"},"modified":"2026-02-24T13:43:41","modified_gmt":"2026-02-24T12:43:41","slug":"mondiali-di-winter-triathlon-dal-27-febbraio-a-padola","status":"publish","type":"post","link":"https:\/\/www.bellunopress.it\/fr\/2026\/02\/24\/mondiali-di-winter-triathlon-dal-27-febbraio-a-padola\/","title":{"rendered":"Mondiali di Winter Triathlon. Dal 27 febbraio a Padola"},"content":{"rendered":"<p><strong>Quasi trecento atleti al via tra Junior, U23, Elite, Para ed Age Group provenienti da decine di Paesi diversi<\/strong><\/p>\n<p>Roma, 24 febbraio 2026 &#8211; L\u2019Italia, ancora una volta, si conferma patria d\u2019eccellenza del Winter Triathlon e dei grandi eventi sportivi internazionali: anche l\u2019imminente prossima edizione dei Mondiali di Winter Triathlon e di Winter Duathlon si svolger\u00e0 infatti nel nostro Paese. La manifestazione \u00e8 in programma da venerd\u00ec 27 febbraio a domenica 1\u00b0 marzo a Padola, in Veneto, proprio a pochi chilometri dalle venues che hanno ospitato i Giochi Olimpici di Milano Cortina. Dopo le edizioni di successo di Pragelato e Cogne, la riconferma dunque dell\u2019ottimo lavoro svolto dalla Federazione Italiana Triathlon nell\u2019organizzazione della rassegna iridiata dedicata a Junior, U23, Elite, Para ed Age Group.<\/p>\n<p>Atleti e atlete provenienti da decine di Paesi, dalla Norvegia alla Spagna, saranno protagonisti dell\u2019evento, a conferma del suo forte respiro internazionale: si contano 300 iscritti e 500 presenze gara nella tre giorni di competizioni. Nel Winter Duathlon saranno quasi 40 i partecipanti complessivi tra categorie Elite, Under 23 e Junior, mentre nel Winter Triathlon gli iscritti delle stesse categorie superano quota 50.<br \/>\nGrande partecipazione anche nelle gare Age Group: sono previste 120 presenze gara nel Winter Duathlon e 150 nel Winter Triathlon. A questi si aggiungono i Paratriatleti, che gareggeranno suddivisi nelle rispettive categorie, contribuendo a rendere il programma ancora pi\u00f9 ricco e rappresentativo.<\/p>\n<p>Cos\u00ec il Presidente della Federazione Italiana Triathlon, Riccardo Giubilei: \u201cSiamo davvero orgogliosi di ospitare per il terzo anno consecutivo il Campionato del mondo di Winter Triathlon in Italia. La rassegna iridata sar\u00e0 l\u2019occasione per mostrare al mondo, ancora una volta, la capacit\u00e0 organizzativa della Federazione Italiana Triathlon e dei suoi collaboratori, le nostre splendide localit\u00e0 montane che si prestano benissimo alla multi-disciplina invernale e soprattutto la capacit\u00e0 di lavorare in squadra che ha fatto la differenza in questi anni e che ha portato l\u2019Italia del Triathlon a occupare stabilmente il posto che merita nel panorama sportivo internazionale. Per l\u2019occasione, ospiteremo quindi i migliori specialisti del mondo del Winter Triathlon, i campioni, gli appassionati Age Group, i Paratriatleti, i tecnici, le nazionali che troveranno in Italia il luogo ideale per dedicarsi a una disciplina fantastica\u201d.<\/p>\n<p>&nbsp;<\/p>\n<p>&nbsp;<\/p>\n<p>&nbsp;<\/p>\n<p>Grande soddisfazione \u00e8 stata espressa anche Caterina Vacchi, membro dell\u2019Executive Board di World Triathlon: \u201cLa conferma dell\u2019Italia come sede dei Campionati Mondiali di Winter Triathlon per il terzo anno consecutivo \u00e8 il risultato di un lavoro politico e sportivo portato avanti con continuit\u00e0. Nel mio ruolo di vicepresidente Fitri e membro dell\u2019Executive Board di World Triathlon, ho sostenuto personalmente la candidatura italiana, che \u00e8 stata accolta con entusiasmo e in modo unanime dal Board mondiale: un segnale chiaro del riconoscimento concreto del lavoro e dell\u2019investimento strategico che la Federazione Italiana Triathlon porta avanti da anni sul Winter Triathlon\u201d.<\/p>\n<p>Le parole del Presidente della Provincia di Belluno, Roberto Padrin: \u201cL\u2019assegnazione dei Campionati Mondiali di Winter Triathlon e Winter Duathlon 2026 a Padola rappresenta un motivo di grande orgoglio per la Provincia di Belluno e per tutto il Veneto. Ancora una volta il nostro territorio viene scelto come palcoscenico di eventi sportivi di rilevanza internazionale, a conferma della sua vocazione naturale per gli sport invernali e della qualit\u00e0 delle infrastrutture e dell\u2019accoglienza. Padola e la Val Comelico sapranno offrire uno scenario unico e un\u2019organizzazione all\u2019altezza, valorizzando anche le nostre comunit\u00e0, le nostre tradizioni e il patrimonio ambientale che ci rende unici\u201d.<\/p>\n<p>I Mondiali di Winter Triathlon \u2013 con la partnership di Suzuki Italia \u2013 si apriranno venerd\u00ec 27 febbraio con le gare di Winter Duathlon. Alle ore 9.00 prender\u00e0 il via la prova femminile riservata ad Elite, Under 23 e Junior, mentre alle 11.00 sar\u00e0 la volta della gara maschile delle stesse categorie. La giornata si concluder\u00e0 alle 17.00 con la Cerimonia di Apertura e la tradizionale sfilata delle nazioni.<br \/>\nSabato 28 febbraio sar\u00e0 dedicato ai Campionati Mondiali di Winter Triathlon per le categorie Elite, Under 23 e Junior: la gara femminile partir\u00e0 alle 9.00 e quella maschile alle 11.00. Nel pomeriggio spazio alle competizioni di Winter Duathlon Age Group e Para. Alle 13.00 scatter\u00e0 la gara maschile 60+, seguita alle 13.05 dalla prova femminile 60+. Alle 13.45 prender\u00e0 il via la gara maschile Age Group, alle 13.50 quella femminile e, alle 13.55, la competizione riservata agli atleti Para.<br \/>\nDomenica 1\u00b0 marzo il programma si aprir\u00e0 alle 9.00 con le staffette miste 2&#215;2 di Winter Triathlon, sia per la categoria Elite sia per la categoria Junior. A partire dalle 12.00 si svolgeranno le gare Age Group e Para di Winter Triathlon: alle 12.00 la prova maschile 60+, alle 12.05 quella femminile 60+, alle 12.45 la gara maschile Age Group, alle 12.50 la femminile e, infine, alle 12.55 la competizione Para.<br \/>\nInoltre la Fitri ha previsto un\u2019esperienza interamente dedicata ai giovani, la World Winter Triathlon Young Fitri Experience: un progetto pensato per avvicinare i pi\u00f9 giovani alla versione invernale della multi-disciplina. Alla competizione fissata per domenica 1\u00b0 marzo, inserita nel programma dell\u2019evento mondiale, parteciperanno 43 atleti delle categorie Esordienti, Ragazzi e Youth A (con et\u00e0 compresa tra 12 e 15 anni) provenienti dalle societ\u00e0 Fitri di Veneto, Trentino Alto Adige, Friuli Venezia Giulia, Emilia Romagna ma anche dal Nord Ovest Italia e in particolare dalla Valle d\u2019Aosta. I ragazzi avranno cos\u00ec la possibilit\u00e0 di cimentarsi sugli stessi tracciati del Campionato del Mondo Elite in un contesto avvincente ed appassionante.<\/p>\n<p>&nbsp;<\/p>\n<p>&nbsp;<\/p>","protected":false},"excerpt":{"rendered":"<p>Quasi trecento atleti al via tra Junior, U23, Elite, Para ed Age Group provenienti da decine di Paesi diversi Roma, 24 febbraio 2026 &#8211; L\u2019Italia, ancora una volta, si conferma patria d\u2019eccellenza del Winter Triathlon e dei grandi eventi sportivi internazionali: anche l\u2019imminente prossima edizione dei Mondiali di Winter Triathlon e di Winter Duathlon si [&hellip;]<\/p>\n","protected":false},"author":2,"featured_media":167689,"comment_status":"closed","ping_status":"open","sticky":false,"template":"","format":"standard","meta":{"footnotes":""},"categories":[25,4],"tags":[],"class_list":["post-167688","post","type-post","status-publish","format-standard","has-post-thumbnail","category-pausa-caffe","category-sport"],"yoast_head":"<!-- This site is optimized with the Yoast SEO plugin v28.4 - https:\/\/yoast.com\/product\/yoast-seo-wordpress\/ -->\n<title>Mondiali di Winter Triathlon. Dal 27 febbraio a Padola - Bellunopress - Dolomiti<\/title>\n<meta name=\"robots\" content=\"index, follow, max-snippet:-1, max-image-preview:large, max-video-preview:-1\" \/>\n<link rel=\"canonical\" href=\"https:\/\/www.bellunopress.it\/fr\/2026\/02\/24\/mondiali-di-winter-triathlon-dal-27-febbraio-a-padola\/\" \/>\n<meta property=\"og:locale\" content=\"fr_FR\" \/>\n<meta property=\"og:type\" content=\"article\" \/>\n<meta property=\"og:title\" content=\"Mondiali di Winter Triathlon. Dal 27 febbraio a Padola - Bellunopress - Dolomiti\" \/>\n<meta property=\"og:description\" content=\"Quasi trecento atleti al via tra Junior, U23, Elite, Para ed Age Group provenienti da decine di Paesi diversi Roma, 24 febbraio 2026 &#8211; L\u2019Italia, ancora una volta, si conferma patria d\u2019eccellenza del Winter Triathlon e dei grandi eventi sportivi internazionali: anche l\u2019imminente prossima edizione dei Mondiali di Winter Triathlon e di Winter Duathlon si [&hellip;]\" \/>\n<meta property=\"og:url\" content=\"https:\/\/www.bellunopress.it\/fr\/2026\/02\/24\/mondiali-di-winter-triathlon-dal-27-febbraio-a-padola\/\" \/>\n<meta property=\"og:site_name\" content=\"Bellunopress - Dolomiti\" \/>\n<meta property=\"article:publisher\" content=\"https:\/\/www.facebook.com\/profile.php?id=100008943462799\" \/>\n<meta property=\"article:published_time\" content=\"2026-02-24T12:43:41+00:00\" \/>\n<meta property=\"og:image\" content=\"https:\/\/www.bellunopress.it\/wp-content\/uploads\/2026\/02\/Federazione-Italiana-Triathlon.jpg\" \/>\n\t<meta property=\"og:image:width\" content=\"225\" \/>\n\t<meta property=\"og:image:height\" content=\"225\" \/>\n\t<meta property=\"og:image:type\" content=\"image\/jpeg\" \/>\n<meta name=\"author\" content=\"redazione\" \/>\n<meta name=\"twitter:card\" content=\"summary_large_image\" \/>\n<meta name=\"twitter:creator\" content=\"@bellunopress\" \/>\n<meta name=\"twitter:site\" content=\"@bellunopress\" \/>\n<meta name=\"twitter:label1\" content=\"\u00c9crit par\" \/>\n\t<meta name=\"twitter:data1\" content=\"redazione\" \/>\n\t<meta name=\"twitter:label2\" content=\"Dur\u00e9e de lecture estim\u00e9e\" \/>\n\t<meta name=\"twitter:data2\" content=\"4 minutes\" \/>\n<script type=\"application\/ld+json\" class=\"yoast-schema-graph\">{\"@context\":\"https:\\\/\\\/schema.org\",\"@graph\":[{\"@type\":\"Article\",\"@id\":\"https:\\\/\\\/www.bellunopress.it\\\/2026\\\/02\\\/24\\\/mondiali-di-winter-triathlon-dal-27-febbraio-a-padola\\\/#article\",\"isPartOf\":{\"@id\":\"https:\\\/\\\/www.bellunopress.it\\\/2026\\\/02\\\/24\\\/mondiali-di-winter-triathlon-dal-27-febbraio-a-padola\\\/\"},\"author\":{\"name\":\"redazione\",\"@id\":\"https:\\\/\\\/www.bellunopress.it\\\/#\\\/schema\\\/person\\\/79bb06722b37ece1c03d3e94beb30d73\"},\"headline\":\"Mondiali di Winter Triathlon. Dal 27 febbraio a Padola\",\"datePublished\":\"2026-02-24T12:43:41+00:00\",\"mainEntityOfPage\":{\"@id\":\"https:\\\/\\\/www.bellunopress.it\\\/2026\\\/02\\\/24\\\/mondiali-di-winter-triathlon-dal-27-febbraio-a-padola\\\/\"},\"wordCount\":874,\"publisher\":{\"@id\":\"https:\\\/\\\/www.bellunopress.it\\\/#organization\"},\"image\":{\"@id\":\"https:\\\/\\\/www.bellunopress.it\\\/2026\\\/02\\\/24\\\/mondiali-di-winter-triathlon-dal-27-febbraio-a-padola\\\/#primaryimage\"},\"thumbnailUrl\":\"https:\\\/\\\/www.bellunopress.it\\\/wp-content\\\/uploads\\\/2026\\\/02\\\/Federazione-Italiana-Triathlon.jpg\",\"articleSection\":[\"Pausa Caff\u00e8\",\"Sport, tempo libero\"],\"inLanguage\":\"fr-FR\"},{\"@type\":\"WebPage\",\"@id\":\"https:\\\/\\\/www.bellunopress.it\\\/2026\\\/02\\\/24\\\/mondiali-di-winter-triathlon-dal-27-febbraio-a-padola\\\/\",\"url\":\"https:\\\/\\\/www.bellunopress.it\\\/2026\\\/02\\\/24\\\/mondiali-di-winter-triathlon-dal-27-febbraio-a-padola\\\/\",\"name\":\"Mondiali di Winter Triathlon. Dal 27 febbraio a Padola - Bellunopress - Dolomiti\",\"isPartOf\":{\"@id\":\"https:\\\/\\\/www.bellunopress.it\\\/#website\"},\"primaryImageOfPage\":{\"@id\":\"https:\\\/\\\/www.bellunopress.it\\\/2026\\\/02\\\/24\\\/mondiali-di-winter-triathlon-dal-27-febbraio-a-padola\\\/#primaryimage\"},\"image\":{\"@id\":\"https:\\\/\\\/www.bellunopress.it\\\/2026\\\/02\\\/24\\\/mondiali-di-winter-triathlon-dal-27-febbraio-a-padola\\\/#primaryimage\"},\"thumbnailUrl\":\"https:\\\/\\\/www.bellunopress.it\\\/wp-content\\\/uploads\\\/2026\\\/02\\\/Federazione-Italiana-Triathlon.jpg\",\"datePublished\":\"2026-02-24T12:43:41+00:00\",\"breadcrumb\":{\"@id\":\"https:\\\/\\\/www.bellunopress.it\\\/2026\\\/02\\\/24\\\/mondiali-di-winter-triathlon-dal-27-febbraio-a-padola\\\/#breadcrumb\"},\"inLanguage\":\"fr-FR\",\"potentialAction\":[{\"@type\":\"ReadAction\",\"target\":[\"https:\\\/\\\/www.bellunopress.it\\\/2026\\\/02\\\/24\\\/mondiali-di-winter-triathlon-dal-27-febbraio-a-padola\\\/\"]}]},{\"@type\":\"ImageObject\",\"inLanguage\":\"fr-FR\",\"@id\":\"https:\\\/\\\/www.bellunopress.it\\\/2026\\\/02\\\/24\\\/mondiali-di-winter-triathlon-dal-27-febbraio-a-padola\\\/#primaryimage\",\"url\":\"https:\\\/\\\/www.bellunopress.it\\\/wp-content\\\/uploads\\\/2026\\\/02\\\/Federazione-Italiana-Triathlon.jpg\",\"contentUrl\":\"https:\\\/\\\/www.bellunopress.it\\\/wp-content\\\/uploads\\\/2026\\\/02\\\/Federazione-Italiana-Triathlon.jpg\",\"width\":225,\"height\":225},{\"@type\":\"BreadcrumbList\",\"@id\":\"https:\\\/\\\/www.bellunopress.it\\\/2026\\\/02\\\/24\\\/mondiali-di-winter-triathlon-dal-27-febbraio-a-padola\\\/#breadcrumb\",\"itemListElement\":[{\"@type\":\"ListItem\",\"position\":1,\"name\":\"Home\",\"item\":\"https:\\\/\\\/www.bellunopress.it\\\/\"},{\"@type\":\"ListItem\",\"position\":2,\"name\":\"Mondiali di Winter Triathlon. Dal 27 febbraio a Padola\"}]},{\"@type\":\"WebSite\",\"@id\":\"https:\\\/\\\/www.bellunopress.it\\\/#website\",\"url\":\"https:\\\/\\\/www.bellunopress.it\\\/\",\"name\":\"Bellunopress - Dolomiti\",\"description\":\"e-mail: redazione@bellunopress.it\",\"publisher\":{\"@id\":\"https:\\\/\\\/www.bellunopress.it\\\/#organization\"},\"potentialAction\":[{\"@type\":\"SearchAction\",\"target\":{\"@type\":\"EntryPoint\",\"urlTemplate\":\"https:\\\/\\\/www.bellunopress.it\\\/?s={search_term_string}\"},\"query-input\":{\"@type\":\"PropertyValueSpecification\",\"valueRequired\":true,\"valueName\":\"search_term_string\"}}],\"inLanguage\":\"fr-FR\"},{\"@type\":\"Organization\",\"@id\":\"https:\\\/\\\/www.bellunopress.it\\\/#organization\",\"name\":\"Bellunopress\",\"url\":\"https:\\\/\\\/www.bellunopress.it\\\/\",\"logo\":{\"@type\":\"ImageObject\",\"inLanguage\":\"fr-FR\",\"@id\":\"https:\\\/\\\/www.bellunopress.it\\\/#\\\/schema\\\/logo\\\/image\\\/\",\"url\":\"https:\\\/\\\/www.bellunopress.it\\\/wp-content\\\/uploads\\\/2011\\\/05\\\/cropped-logo-bellunopress-.jpg\",\"contentUrl\":\"https:\\\/\\\/www.bellunopress.it\\\/wp-content\\\/uploads\\\/2011\\\/05\\\/cropped-logo-bellunopress-.jpg\",\"width\":512,\"height\":512,\"caption\":\"Bellunopress\"},\"image\":{\"@id\":\"https:\\\/\\\/www.bellunopress.it\\\/#\\\/schema\\\/logo\\\/image\\\/\"},\"sameAs\":[\"https:\\\/\\\/www.facebook.com\\\/profile.php?id=100008943462799\",\"https:\\\/\\\/x.com\\\/bellunopress\",\"https:\\\/\\\/www.linkedin.com\\\/hp\\\/?dnr=JBzUWaJfMUw8vbXJJ2tVW5-I3jZKvC4wsoxE&amp;amp;amp;amp;amp;amp;trk=nav_responsive_tab_home\",\"https:\\\/\\\/www.youtube.com\\\/channel\\\/UCxL0wu1uN0_3_7hGG0306cw\"]},{\"@type\":\"Person\",\"@id\":\"https:\\\/\\\/www.bellunopress.it\\\/#\\\/schema\\\/person\\\/79bb06722b37ece1c03d3e94beb30d73\",\"name\":\"redazione\",\"image\":{\"@type\":\"ImageObject\",\"inLanguage\":\"fr-FR\",\"@id\":\"https:\\\/\\\/secure.gravatar.com\\\/avatar\\\/37d968a2e67a6fd04c169c4bdef102d0bc5d31b2546345219e348575eb80e9a0?s=96&d=mm&r=g\",\"url\":\"https:\\\/\\\/secure.gravatar.com\\\/avatar\\\/37d968a2e67a6fd04c169c4bdef102d0bc5d31b2546345219e348575eb80e9a0?s=96&d=mm&r=g\",\"contentUrl\":\"https:\\\/\\\/secure.gravatar.com\\\/avatar\\\/37d968a2e67a6fd04c169c4bdef102d0bc5d31b2546345219e348575eb80e9a0?s=96&d=mm&r=g\",\"caption\":\"redazione\"},\"sameAs\":[\"http:\\\/\\\/www.bellunopress.it\",\"https:\\\/\\\/x.com\\\/bellunopress\"],\"url\":\"https:\\\/\\\/www.bellunopress.it\\\/fr\\\/author\\\/redazione\\\/\"}]}<\/script>\n<!-- \/ Yoast SEO plugin. -->","yoast_head_json":{"title":"Mondiali di Winter Triathlon. Dal 27 febbraio a Padola - Bellunopress - Dolomiti","robots":{"index":"index","follow":"follow","max-snippet":"max-snippet:-1","max-image-preview":"max-image-preview:large","max-video-preview":"max-video-preview:-1"},"canonical":"https:\/\/www.bellunopress.it\/fr\/2026\/02\/24\/mondiali-di-winter-triathlon-dal-27-febbraio-a-padola\/","og_locale":"fr_FR","og_type":"article","og_title":"Mondiali di Winter Triathlon. Dal 27 febbraio a Padola - Bellunopress - Dolomiti","og_description":"Quasi trecento atleti al via tra Junior, U23, Elite, Para ed Age Group provenienti da decine di Paesi diversi Roma, 24 febbraio 2026 &#8211; L\u2019Italia, ancora una volta, si conferma patria d\u2019eccellenza del Winter Triathlon e dei grandi eventi sportivi internazionali: anche l\u2019imminente prossima edizione dei Mondiali di Winter Triathlon e di Winter Duathlon si [&hellip;]","og_url":"https:\/\/www.bellunopress.it\/fr\/2026\/02\/24\/mondiali-di-winter-triathlon-dal-27-febbraio-a-padola\/","og_site_name":"Bellunopress - Dolomiti","article_publisher":"https:\/\/www.facebook.com\/profile.php?id=100008943462799","article_published_time":"2026-02-24T12:43:41+00:00","og_image":[{"width":225,"height":225,"url":"https:\/\/www.bellunopress.it\/wp-content\/uploads\/2026\/02\/Federazione-Italiana-Triathlon.jpg","type":"image\/jpeg"}],"author":"redazione","twitter_card":"summary_large_image","twitter_creator":"@bellunopress","twitter_site":"@bellunopress","twitter_misc":{"\u00c9crit par":"redazione","Dur\u00e9e de lecture estim\u00e9e":"4 minutes"},"schema":{"@context":"https:\/\/schema.org","@graph":[{"@type":"Article","@id":"https:\/\/www.bellunopress.it\/2026\/02\/24\/mondiali-di-winter-triathlon-dal-27-febbraio-a-padola\/#article","isPartOf":{"@id":"https:\/\/www.bellunopress.it\/2026\/02\/24\/mondiali-di-winter-triathlon-dal-27-febbraio-a-padola\/"},"author":{"name":"redazione","@id":"https:\/\/www.bellunopress.it\/#\/schema\/person\/79bb06722b37ece1c03d3e94beb30d73"},"headline":"Mondiali di Winter Triathlon. Dal 27 febbraio a Padola","datePublished":"2026-02-24T12:43:41+00:00","mainEntityOfPage":{"@id":"https:\/\/www.bellunopress.it\/2026\/02\/24\/mondiali-di-winter-triathlon-dal-27-febbraio-a-padola\/"},"wordCount":874,"publisher":{"@id":"https:\/\/www.bellunopress.it\/#organization"},"image":{"@id":"https:\/\/www.bellunopress.it\/2026\/02\/24\/mondiali-di-winter-triathlon-dal-27-febbraio-a-padola\/#primaryimage"},"thumbnailUrl":"https:\/\/www.bellunopress.it\/wp-content\/uploads\/2026\/02\/Federazione-Italiana-Triathlon.jpg","articleSection":["Pausa Caff\u00e8","Sport, tempo libero"],"inLanguage":"fr-FR"},{"@type":"WebPage","@id":"https:\/\/www.bellunopress.it\/2026\/02\/24\/mondiali-di-winter-triathlon-dal-27-febbraio-a-padola\/","url":"https:\/\/www.bellunopress.it\/2026\/02\/24\/mondiali-di-winter-triathlon-dal-27-febbraio-a-padola\/","name":"Mondiali di Winter Triathlon. Dal 27 febbraio a Padola - Bellunopress - Dolomiti","isPartOf":{"@id":"https:\/\/www.bellunopress.it\/#website"},"primaryImageOfPage":{"@id":"https:\/\/www.bellunopress.it\/2026\/02\/24\/mondiali-di-winter-triathlon-dal-27-febbraio-a-padola\/#primaryimage"},"image":{"@id":"https:\/\/www.bellunopress.it\/2026\/02\/24\/mondiali-di-winter-triathlon-dal-27-febbraio-a-padola\/#primaryimage"},"thumbnailUrl":"https:\/\/www.bellunopress.it\/wp-content\/uploads\/2026\/02\/Federazione-Italiana-Triathlon.jpg","datePublished":"2026-02-24T12:43:41+00:00","breadcrumb":{"@id":"https:\/\/www.bellunopress.it\/2026\/02\/24\/mondiali-di-winter-triathlon-dal-27-febbraio-a-padola\/#breadcrumb"},"inLanguage":"fr-FR","potentialAction":[{"@type":"ReadAction","target":["https:\/\/www.bellunopress.it\/2026\/02\/24\/mondiali-di-winter-triathlon-dal-27-febbraio-a-padola\/"]}]},{"@type":"ImageObject","inLanguage":"fr-FR","@id":"https:\/\/www.bellunopress.it\/2026\/02\/24\/mondiali-di-winter-triathlon-dal-27-febbraio-a-padola\/#primaryimage","url":"https:\/\/www.bellunopress.it\/wp-content\/uploads\/2026\/02\/Federazione-Italiana-Triathlon.jpg","contentUrl":"https:\/\/www.bellunopress.it\/wp-content\/uploads\/2026\/02\/Federazione-Italiana-Triathlon.jpg","width":225,"height":225},{"@type":"BreadcrumbList","@id":"https:\/\/www.bellunopress.it\/2026\/02\/24\/mondiali-di-winter-triathlon-dal-27-febbraio-a-padola\/#breadcrumb","itemListElement":[{"@type":"ListItem","position":1,"name":"Home","item":"https:\/\/www.bellunopress.it\/"},{"@type":"ListItem","position":2,"name":"Mondiali di Winter Triathlon. Dal 27 febbraio a Padola"}]},{"@type":"WebSite","@id":"https:\/\/www.bellunopress.it\/#website","url":"https:\/\/www.bellunopress.it\/","name":"Bellunopress - Dolomiti","description":"e-mail: redazione@bellunopress.it","publisher":{"@id":"https:\/\/www.bellunopress.it\/#organization"},"potentialAction":[{"@type":"SearchAction","target":{"@type":"EntryPoint","urlTemplate":"https:\/\/www.bellunopress.it\/?s={search_term_string}"},"query-input":{"@type":"PropertyValueSpecification","valueRequired":true,"valueName":"search_term_string"}}],"inLanguage":"fr-FR"},{"@type":"Organization","@id":"https:\/\/www.bellunopress.it\/#organization","name":"Bellunopress","url":"https:\/\/www.bellunopress.it\/","logo":{"@type":"ImageObject","inLanguage":"fr-FR","@id":"https:\/\/www.bellunopress.it\/#\/schema\/logo\/image\/","url":"https:\/\/www.bellunopress.it\/wp-content\/uploads\/2011\/05\/cropped-logo-bellunopress-.jpg","contentUrl":"https:\/\/www.bellunopress.it\/wp-content\/uploads\/2011\/05\/cropped-logo-bellunopress-.jpg","width":512,"height":512,"caption":"Bellunopress"},"image":{"@id":"https:\/\/www.bellunopress.it\/#\/schema\/logo\/image\/"},"sameAs":["https:\/\/www.facebook.com\/profile.php?id=100008943462799","https:\/\/x.com\/bellunopress","https:\/\/www.linkedin.com\/hp\/?dnr=JBzUWaJfMUw8vbXJJ2tVW5-I3jZKvC4wsoxE&amp;amp;amp;amp;amp;amp;trk=nav_responsive_tab_home","https:\/\/www.youtube.com\/channel\/UCxL0wu1uN0_3_7hGG0306cw"]},{"@type":"Person","@id":"https:\/\/www.bellunopress.it\/#\/schema\/person\/79bb06722b37ece1c03d3e94beb30d73","name":"r\u00e9daction","image":{"@type":"ImageObject","inLanguage":"fr-FR","@id":"https:\/\/secure.gravatar.com\/avatar\/37d968a2e67a6fd04c169c4bdef102d0bc5d31b2546345219e348575eb80e9a0?s=96&d=mm&r=g","url":"https:\/\/secure.gravatar.com\/avatar\/37d968a2e67a6fd04c169c4bdef102d0bc5d31b2546345219e348575eb80e9a0?s=96&d=mm&r=g","contentUrl":"https:\/\/secure.gravatar.com\/avatar\/37d968a2e67a6fd04c169c4bdef102d0bc5d31b2546345219e348575eb80e9a0?s=96&d=mm&r=g","caption":"redazione"},"sameAs":["http:\/\/www.bellunopress.it","https:\/\/x.com\/bellunopress"],"url":"https:\/\/www.bellunopress.it\/fr\/author\/redazione\/"}]}},"_links":{"self":[{"href":"https:\/\/www.bellunopress.it\/fr\/wp-json\/wp\/v2\/posts\/167688","targetHints":{"allow":["GET"]}}],"collection":[{"href":"https:\/\/www.bellunopress.it\/fr\/wp-json\/wp\/v2\/posts"}],"about":[{"href":"https:\/\/www.bellunopress.it\/fr\/wp-json\/wp\/v2\/types\/post"}],"author":[{"embeddable":true,"href":"https:\/\/www.bellunopress.it\/fr\/wp-json\/wp\/v2\/users\/2"}],"replies":[{"embeddable":true,"href":"https:\/\/www.bellunopress.it\/fr\/wp-json\/wp\/v2\/comments?post=167688"}],"version-history":[{"count":1,"href":"https:\/\/www.bellunopress.it\/fr\/wp-json\/wp\/v2\/posts\/167688\/revisions"}],"predecessor-version":[{"id":167690,"href":"https:\/\/www.bellunopress.it\/fr\/wp-json\/wp\/v2\/posts\/167688\/revisions\/167690"}],"wp:featuredmedia":[{"embeddable":true,"href":"https:\/\/www.bellunopress.it\/fr\/wp-json\/wp\/v2\/media\/167689"}],"wp:attachment":[{"href":"https:\/\/www.bellunopress.it\/fr\/wp-json\/wp\/v2\/media?parent=167688"}],"wp:term":[{"taxonomy":"category","embeddable":true,"href":"https:\/\/www.bellunopress.it\/fr\/wp-json\/wp\/v2\/categories?post=167688"},{"taxonomy":"post_tag","embeddable":true,"href":"https:\/\/www.bellunopress.it\/fr\/wp-json\/wp\/v2\/tags?post=167688"}],"curies":[{"name":"wp","href":"https:\/\/api.w.org\/{rel}","templated":true}]}}