{"id":167684,"date":"2026-02-24T08:17:56","date_gmt":"2026-02-24T07:17:56","guid":{"rendered":"https:\/\/www.bellunopress.it\/?p=167684"},"modified":"2026-02-24T08:17:56","modified_gmt":"2026-02-24T07:17:56","slug":"allerta-valanghe-in-veneto-scatta-la-fase-di-attenzione-per-le-dolomiti-meridionali-torna-la-normalita-nel-bellunese-settentrionale","status":"publish","type":"post","link":"https:\/\/www.bellunopress.it\/fr\/2026\/02\/24\/allerta-valanghe-in-veneto-scatta-la-fase-di-attenzione-per-le-dolomiti-meridionali-torna-la-normalita-nel-bellunese-settentrionale\/","title":{"rendered":"Allerta valanghe in Veneto: scatta la fase di attenzione per le Dolomiti meridionali, torna la normalit\u00e0 nel Bellunese settentrionale"},"content":{"rendered":"<p data-path-to-node=\"3\">Il Centro Funzionale Decentrato della Protezione Civile della Regione Veneto ha emesso il 23 febbraio 2026, un aggiornamento riguardante la criticit\u00e0 nivometeorologica sul territorio montano. In base alle rilevazioni del Centro Valanghe di Arabba, la situazione regionale presenta un quadro differenziato tra le diverse aree dolomitiche e prealpine.<\/p>\n<h3 data-path-to-node=\"4\">Le zone interessate: Attenzione e Normalit\u00e0<\/h3>\n<p data-path-to-node=\"5\">A partire dalle ore 18:00 di oggi, entra ufficialmente in vigore la fase operativa di &#8220;Attenzione&#8221; per il rischio valanghe nella zona MONT-2 (che comprende l&#8217;area delle Dolomiti Meridionali e le Prealpi). Tale stato di allerta riguarda specificamente il territorio antropizzato, ovvero i centri abitati, le strade di collegamento e le infrastrutture.<\/p>\n<p data-path-to-node=\"6\">Contemporaneamente, si registra un miglioramento nella zona MONT-1 (Dolomiti Settentrionali): per quest&#8217;area la Protezione Civile ha dichiarato la cessata fase di attenzione, con il conseguente ritorno alla normalit\u00e0. Fino alle ore 18:00 odierne restano comunque valide le prescrizioni stabilite nei giorni scorsi.<\/p>\n<h3 data-path-to-node=\"7\">Monitoraggio speciale per le aree colpite da Vaia<\/h3>\n<p data-path-to-node=\"8\">Un punto di particolare rilievo nel comunicato riguarda la vigilanza nei siti colpiti dagli schianti di alberi durante l&#8217;alluvione del ottobre 2018 (Tempesta Vaia). La mancanza di vegetazione ad alto fusto ha reso alcuni versanti pi\u00f9 instabili: per questo motivo, gli esperti raccomandano un controllo rigoroso dell&#8217;altezza del manto nevoso in rapporto ai tronchi a terra. Se la capacit\u00e0 di stabilizzazione della neve dovesse ridursi drasticamente, i Comuni dovranno essere pronti a innalzare i livelli di allerta a &#8220;Preallarme&#8221; o &#8220;Allarme&#8221;.<\/p>\n<h3 data-path-to-node=\"9\">Le raccomandazioni per enti e gestori<\/h3>\n<p data-path-to-node=\"10\">La Protezione Civile richiama i sindaci e le autorit\u00e0 locali a un monitoraggio costante dei bollettini meteo e dell&#8217;attivit\u00e0 valanghiva spontanea. Massima responsabilit\u00e0 \u00e8 richiesta anche ai gestori degli impianti di risalita, che sono tenuti ad applicare i piani di sicurezza per la chiusura temporanea dei tracciati o per il distacco artificiale controllato delle masse nevose (P.I.D.A.), dove previsto.<\/p>\n<h3 data-path-to-node=\"11\">Sistema di sicurezza attivo H24<\/h3>\n<p data-path-to-node=\"12\">La Sala Situazioni Veneto resta operativa 24 ore su 24 per seguire l&#8217;evoluzione dei fenomeni e coordinare eventuali interventi di emergenza. Per i cittadini e le istituzioni, i recapiti di riferimento rimangono il numero verde <b data-path-to-node=\"12\" data-index-in-node=\"227\">800 990 009<\/b> e il sito ufficiale della Regione Veneto per gli avvisi in tempo reale.<\/p>\n<p data-path-to-node=\"13\">Le autorit\u00e0 ricordano che, in presenza di situazioni critiche non prevedibili, le fasi operative possono essere riconfigurate a livello locale con effetto immediato per garantire l&#8217;incolumit\u00e0 pubblica.<\/p>","protected":false},"excerpt":{"rendered":"<p>Il Centro Funzionale Decentrato della Protezione Civile della Regione Veneto ha emesso il 23 febbraio 2026, un aggiornamento riguardante la criticit\u00e0 nivometeorologica sul territorio montano. In base alle rilevazioni del Centro Valanghe di Arabba, la situazione regionale presenta un quadro differenziato tra le diverse aree dolomitiche e prealpine. Le zone interessate: Attenzione e Normalit\u00e0 A [&hellip;]<\/p>\n","protected":false},"author":2,"featured_media":131723,"comment_status":"closed","ping_status":"open","sticky":false,"template":"","format":"standard","meta":{"footnotes":""},"categories":[26,4],"tags":[],"class_list":["post-167684","post","type-post","status-publish","format-standard","has-post-thumbnail","category-prima-pagina","category-sport"],"yoast_head":"<!-- This site is optimized with the Yoast SEO plugin v28.4 - https:\/\/yoast.com\/product\/yoast-seo-wordpress\/ -->\n<title>Allerta valanghe in Veneto: scatta la fase di attenzione per le Dolomiti meridionali, torna la normalit\u00e0 nel Bellunese settentrionale - Bellunopress - Dolomiti<\/title>\n<meta name=\"robots\" content=\"index, follow, max-snippet:-1, max-image-preview:large, max-video-preview:-1\" \/>\n<link rel=\"canonical\" href=\"https:\/\/www.bellunopress.it\/fr\/2026\/02\/24\/allerta-valanghe-in-veneto-scatta-la-fase-di-attenzione-per-le-dolomiti-meridionali-torna-la-normalita-nel-bellunese-settentrionale\/\" \/>\n<meta property=\"og:locale\" content=\"fr_FR\" \/>\n<meta property=\"og:type\" content=\"article\" \/>\n<meta property=\"og:title\" content=\"Allerta valanghe in Veneto: scatta la fase di attenzione per le Dolomiti meridionali, torna la normalit\u00e0 nel Bellunese settentrionale - Bellunopress - Dolomiti\" \/>\n<meta property=\"og:description\" content=\"Il Centro Funzionale Decentrato della Protezione Civile della Regione Veneto ha emesso il 23 febbraio 2026, un aggiornamento riguardante la criticit\u00e0 nivometeorologica sul territorio montano. In base alle rilevazioni del Centro Valanghe di Arabba, la situazione regionale presenta un quadro differenziato tra le diverse aree dolomitiche e prealpine. Le zone interessate: Attenzione e Normalit\u00e0 A [&hellip;]\" \/>\n<meta property=\"og:url\" content=\"https:\/\/www.bellunopress.it\/fr\/2026\/02\/24\/allerta-valanghe-in-veneto-scatta-la-fase-di-attenzione-per-le-dolomiti-meridionali-torna-la-normalita-nel-bellunese-settentrionale\/\" \/>\n<meta property=\"og:site_name\" content=\"Bellunopress - Dolomiti\" \/>\n<meta property=\"article:publisher\" content=\"https:\/\/www.facebook.com\/profile.php?id=100008943462799\" \/>\n<meta property=\"article:published_time\" content=\"2026-02-24T07:17:56+00:00\" \/>\n<meta property=\"og:image\" content=\"https:\/\/www.bellunopress.it\/wp-content\/uploads\/2022\/02\/Protezione-Civile-Veneto_edited.jpg\" \/>\n\t<meta property=\"og:image:width\" content=\"427\" \/>\n\t<meta property=\"og:image:height\" content=\"426\" \/>\n\t<meta property=\"og:image:type\" content=\"image\/jpeg\" \/>\n<meta name=\"author\" content=\"redazione\" \/>\n<meta name=\"twitter:card\" content=\"summary_large_image\" \/>\n<meta name=\"twitter:creator\" content=\"@bellunopress\" \/>\n<meta name=\"twitter:site\" content=\"@bellunopress\" \/>\n<meta name=\"twitter:label1\" content=\"\u00c9crit par\" \/>\n\t<meta name=\"twitter:data1\" content=\"redazione\" \/>\n\t<meta name=\"twitter:label2\" content=\"Dur\u00e9e de lecture estim\u00e9e\" \/>\n\t<meta name=\"twitter:data2\" content=\"2 minutes\" \/>\n<script type=\"application\/ld+json\" class=\"yoast-schema-graph\">{\"@context\":\"https:\\\/\\\/schema.org\",\"@graph\":[{\"@type\":\"Article\",\"@id\":\"https:\\\/\\\/www.bellunopress.it\\\/2026\\\/02\\\/24\\\/allerta-valanghe-in-veneto-scatta-la-fase-di-attenzione-per-le-dolomiti-meridionali-torna-la-normalita-nel-bellunese-settentrionale\\\/#article\",\"isPartOf\":{\"@id\":\"https:\\\/\\\/www.bellunopress.it\\\/2026\\\/02\\\/24\\\/allerta-valanghe-in-veneto-scatta-la-fase-di-attenzione-per-le-dolomiti-meridionali-torna-la-normalita-nel-bellunese-settentrionale\\\/\"},\"author\":{\"name\":\"redazione\",\"@id\":\"https:\\\/\\\/www.bellunopress.it\\\/#\\\/schema\\\/person\\\/79bb06722b37ece1c03d3e94beb30d73\"},\"headline\":\"Allerta valanghe in Veneto: scatta la fase di attenzione per le Dolomiti meridionali, torna la normalit\u00e0 nel Bellunese settentrionale\",\"datePublished\":\"2026-02-24T07:17:56+00:00\",\"mainEntityOfPage\":{\"@id\":\"https:\\\/\\\/www.bellunopress.it\\\/2026\\\/02\\\/24\\\/allerta-valanghe-in-veneto-scatta-la-fase-di-attenzione-per-le-dolomiti-meridionali-torna-la-normalita-nel-bellunese-settentrionale\\\/\"},\"wordCount\":403,\"publisher\":{\"@id\":\"https:\\\/\\\/www.bellunopress.it\\\/#organization\"},\"image\":{\"@id\":\"https:\\\/\\\/www.bellunopress.it\\\/2026\\\/02\\\/24\\\/allerta-valanghe-in-veneto-scatta-la-fase-di-attenzione-per-le-dolomiti-meridionali-torna-la-normalita-nel-bellunese-settentrionale\\\/#primaryimage\"},\"thumbnailUrl\":\"https:\\\/\\\/www.bellunopress.it\\\/wp-content\\\/uploads\\\/2022\\\/02\\\/Protezione-Civile-Veneto_edited.jpg\",\"articleSection\":[\"Prima Pagina\",\"Sport, tempo libero\"],\"inLanguage\":\"fr-FR\"},{\"@type\":\"WebPage\",\"@id\":\"https:\\\/\\\/www.bellunopress.it\\\/2026\\\/02\\\/24\\\/allerta-valanghe-in-veneto-scatta-la-fase-di-attenzione-per-le-dolomiti-meridionali-torna-la-normalita-nel-bellunese-settentrionale\\\/\",\"url\":\"https:\\\/\\\/www.bellunopress.it\\\/2026\\\/02\\\/24\\\/allerta-valanghe-in-veneto-scatta-la-fase-di-attenzione-per-le-dolomiti-meridionali-torna-la-normalita-nel-bellunese-settentrionale\\\/\",\"name\":\"Allerta valanghe in Veneto: scatta la fase di attenzione per le Dolomiti meridionali, torna la normalit\u00e0 nel Bellunese settentrionale - Bellunopress - Dolomiti\",\"isPartOf\":{\"@id\":\"https:\\\/\\\/www.bellunopress.it\\\/#website\"},\"primaryImageOfPage\":{\"@id\":\"https:\\\/\\\/www.bellunopress.it\\\/2026\\\/02\\\/24\\\/allerta-valanghe-in-veneto-scatta-la-fase-di-attenzione-per-le-dolomiti-meridionali-torna-la-normalita-nel-bellunese-settentrionale\\\/#primaryimage\"},\"image\":{\"@id\":\"https:\\\/\\\/www.bellunopress.it\\\/2026\\\/02\\\/24\\\/allerta-valanghe-in-veneto-scatta-la-fase-di-attenzione-per-le-dolomiti-meridionali-torna-la-normalita-nel-bellunese-settentrionale\\\/#primaryimage\"},\"thumbnailUrl\":\"https:\\\/\\\/www.bellunopress.it\\\/wp-content\\\/uploads\\\/2022\\\/02\\\/Protezione-Civile-Veneto_edited.jpg\",\"datePublished\":\"2026-02-24T07:17:56+00:00\",\"breadcrumb\":{\"@id\":\"https:\\\/\\\/www.bellunopress.it\\\/2026\\\/02\\\/24\\\/allerta-valanghe-in-veneto-scatta-la-fase-di-attenzione-per-le-dolomiti-meridionali-torna-la-normalita-nel-bellunese-settentrionale\\\/#breadcrumb\"},\"inLanguage\":\"fr-FR\",\"potentialAction\":[{\"@type\":\"ReadAction\",\"target\":[\"https:\\\/\\\/www.bellunopress.it\\\/2026\\\/02\\\/24\\\/allerta-valanghe-in-veneto-scatta-la-fase-di-attenzione-per-le-dolomiti-meridionali-torna-la-normalita-nel-bellunese-settentrionale\\\/\"]}]},{\"@type\":\"ImageObject\",\"inLanguage\":\"fr-FR\",\"@id\":\"https:\\\/\\\/www.bellunopress.it\\\/2026\\\/02\\\/24\\\/allerta-valanghe-in-veneto-scatta-la-fase-di-attenzione-per-le-dolomiti-meridionali-torna-la-normalita-nel-bellunese-settentrionale\\\/#primaryimage\",\"url\":\"https:\\\/\\\/www.bellunopress.it\\\/wp-content\\\/uploads\\\/2022\\\/02\\\/Protezione-Civile-Veneto_edited.jpg\",\"contentUrl\":\"https:\\\/\\\/www.bellunopress.it\\\/wp-content\\\/uploads\\\/2022\\\/02\\\/Protezione-Civile-Veneto_edited.jpg\",\"width\":427,\"height\":426},{\"@type\":\"BreadcrumbList\",\"@id\":\"https:\\\/\\\/www.bellunopress.it\\\/2026\\\/02\\\/24\\\/allerta-valanghe-in-veneto-scatta-la-fase-di-attenzione-per-le-dolomiti-meridionali-torna-la-normalita-nel-bellunese-settentrionale\\\/#breadcrumb\",\"itemListElement\":[{\"@type\":\"ListItem\",\"position\":1,\"name\":\"Home\",\"item\":\"https:\\\/\\\/www.bellunopress.it\\\/\"},{\"@type\":\"ListItem\",\"position\":2,\"name\":\"Allerta valanghe in Veneto: scatta la fase di attenzione per le Dolomiti meridionali, torna la normalit\u00e0 nel Bellunese settentrionale\"}]},{\"@type\":\"WebSite\",\"@id\":\"https:\\\/\\\/www.bellunopress.it\\\/#website\",\"url\":\"https:\\\/\\\/www.bellunopress.it\\\/\",\"name\":\"Bellunopress - Dolomiti\",\"description\":\"e-mail: redazione@bellunopress.it\",\"publisher\":{\"@id\":\"https:\\\/\\\/www.bellunopress.it\\\/#organization\"},\"potentialAction\":[{\"@type\":\"SearchAction\",\"target\":{\"@type\":\"EntryPoint\",\"urlTemplate\":\"https:\\\/\\\/www.bellunopress.it\\\/?s={search_term_string}\"},\"query-input\":{\"@type\":\"PropertyValueSpecification\",\"valueRequired\":true,\"valueName\":\"search_term_string\"}}],\"inLanguage\":\"fr-FR\"},{\"@type\":\"Organization\",\"@id\":\"https:\\\/\\\/www.bellunopress.it\\\/#organization\",\"name\":\"Bellunopress\",\"url\":\"https:\\\/\\\/www.bellunopress.it\\\/\",\"logo\":{\"@type\":\"ImageObject\",\"inLanguage\":\"fr-FR\",\"@id\":\"https:\\\/\\\/www.bellunopress.it\\\/#\\\/schema\\\/logo\\\/image\\\/\",\"url\":\"https:\\\/\\\/www.bellunopress.it\\\/wp-content\\\/uploads\\\/2011\\\/05\\\/cropped-logo-bellunopress-.jpg\",\"contentUrl\":\"https:\\\/\\\/www.bellunopress.it\\\/wp-content\\\/uploads\\\/2011\\\/05\\\/cropped-logo-bellunopress-.jpg\",\"width\":512,\"height\":512,\"caption\":\"Bellunopress\"},\"image\":{\"@id\":\"https:\\\/\\\/www.bellunopress.it\\\/#\\\/schema\\\/logo\\\/image\\\/\"},\"sameAs\":[\"https:\\\/\\\/www.facebook.com\\\/profile.php?id=100008943462799\",\"https:\\\/\\\/x.com\\\/bellunopress\",\"https:\\\/\\\/www.linkedin.com\\\/hp\\\/?dnr=JBzUWaJfMUw8vbXJJ2tVW5-I3jZKvC4wsoxE&amp;amp;amp;amp;amp;amp;trk=nav_responsive_tab_home\",\"https:\\\/\\\/www.youtube.com\\\/channel\\\/UCxL0wu1uN0_3_7hGG0306cw\"]},{\"@type\":\"Person\",\"@id\":\"https:\\\/\\\/www.bellunopress.it\\\/#\\\/schema\\\/person\\\/79bb06722b37ece1c03d3e94beb30d73\",\"name\":\"redazione\",\"image\":{\"@type\":\"ImageObject\",\"inLanguage\":\"fr-FR\",\"@id\":\"https:\\\/\\\/secure.gravatar.com\\\/avatar\\\/37d968a2e67a6fd04c169c4bdef102d0bc5d31b2546345219e348575eb80e9a0?s=96&d=mm&r=g\",\"url\":\"https:\\\/\\\/secure.gravatar.com\\\/avatar\\\/37d968a2e67a6fd04c169c4bdef102d0bc5d31b2546345219e348575eb80e9a0?s=96&d=mm&r=g\",\"contentUrl\":\"https:\\\/\\\/secure.gravatar.com\\\/avatar\\\/37d968a2e67a6fd04c169c4bdef102d0bc5d31b2546345219e348575eb80e9a0?s=96&d=mm&r=g\",\"caption\":\"redazione\"},\"sameAs\":[\"http:\\\/\\\/www.bellunopress.it\",\"https:\\\/\\\/x.com\\\/bellunopress\"],\"url\":\"https:\\\/\\\/www.bellunopress.it\\\/fr\\\/author\\\/redazione\\\/\"}]}<\/script>\n<!-- \/ Yoast SEO plugin. -->","yoast_head_json":{"title":"Allerta valanghe in Veneto: scatta la fase di attenzione per le Dolomiti meridionali, torna la normalit\u00e0 nel Bellunese settentrionale - Bellunopress - Dolomiti","robots":{"index":"index","follow":"follow","max-snippet":"max-snippet:-1","max-image-preview":"max-image-preview:large","max-video-preview":"max-video-preview:-1"},"canonical":"https:\/\/www.bellunopress.it\/fr\/2026\/02\/24\/allerta-valanghe-in-veneto-scatta-la-fase-di-attenzione-per-le-dolomiti-meridionali-torna-la-normalita-nel-bellunese-settentrionale\/","og_locale":"fr_FR","og_type":"article","og_title":"Allerta valanghe in Veneto: scatta la fase di attenzione per le Dolomiti meridionali, torna la normalit\u00e0 nel Bellunese settentrionale - Bellunopress - Dolomiti","og_description":"Il Centro Funzionale Decentrato della Protezione Civile della Regione Veneto ha emesso il 23 febbraio 2026, un aggiornamento riguardante la criticit\u00e0 nivometeorologica sul territorio montano. In base alle rilevazioni del Centro Valanghe di Arabba, la situazione regionale presenta un quadro differenziato tra le diverse aree dolomitiche e prealpine. Le zone interessate: Attenzione e Normalit\u00e0 A [&hellip;]","og_url":"https:\/\/www.bellunopress.it\/fr\/2026\/02\/24\/allerta-valanghe-in-veneto-scatta-la-fase-di-attenzione-per-le-dolomiti-meridionali-torna-la-normalita-nel-bellunese-settentrionale\/","og_site_name":"Bellunopress - Dolomiti","article_publisher":"https:\/\/www.facebook.com\/profile.php?id=100008943462799","article_published_time":"2026-02-24T07:17:56+00:00","og_image":[{"width":427,"height":426,"url":"https:\/\/www.bellunopress.it\/wp-content\/uploads\/2022\/02\/Protezione-Civile-Veneto_edited.jpg","type":"image\/jpeg"}],"author":"redazione","twitter_card":"summary_large_image","twitter_creator":"@bellunopress","twitter_site":"@bellunopress","twitter_misc":{"\u00c9crit par":"redazione","Dur\u00e9e de lecture estim\u00e9e":"2 minutes"},"schema":{"@context":"https:\/\/schema.org","@graph":[{"@type":"Article","@id":"https:\/\/www.bellunopress.it\/2026\/02\/24\/allerta-valanghe-in-veneto-scatta-la-fase-di-attenzione-per-le-dolomiti-meridionali-torna-la-normalita-nel-bellunese-settentrionale\/#article","isPartOf":{"@id":"https:\/\/www.bellunopress.it\/2026\/02\/24\/allerta-valanghe-in-veneto-scatta-la-fase-di-attenzione-per-le-dolomiti-meridionali-torna-la-normalita-nel-bellunese-settentrionale\/"},"author":{"name":"redazione","@id":"https:\/\/www.bellunopress.it\/#\/schema\/person\/79bb06722b37ece1c03d3e94beb30d73"},"headline":"Allerta valanghe in Veneto: scatta la fase di attenzione per le Dolomiti meridionali, torna la normalit\u00e0 nel Bellunese settentrionale","datePublished":"2026-02-24T07:17:56+00:00","mainEntityOfPage":{"@id":"https:\/\/www.bellunopress.it\/2026\/02\/24\/allerta-valanghe-in-veneto-scatta-la-fase-di-attenzione-per-le-dolomiti-meridionali-torna-la-normalita-nel-bellunese-settentrionale\/"},"wordCount":403,"publisher":{"@id":"https:\/\/www.bellunopress.it\/#organization"},"image":{"@id":"https:\/\/www.bellunopress.it\/2026\/02\/24\/allerta-valanghe-in-veneto-scatta-la-fase-di-attenzione-per-le-dolomiti-meridionali-torna-la-normalita-nel-bellunese-settentrionale\/#primaryimage"},"thumbnailUrl":"https:\/\/www.bellunopress.it\/wp-content\/uploads\/2022\/02\/Protezione-Civile-Veneto_edited.jpg","articleSection":["Prima Pagina","Sport, tempo libero"],"inLanguage":"fr-FR"},{"@type":"WebPage","@id":"https:\/\/www.bellunopress.it\/2026\/02\/24\/allerta-valanghe-in-veneto-scatta-la-fase-di-attenzione-per-le-dolomiti-meridionali-torna-la-normalita-nel-bellunese-settentrionale\/","url":"https:\/\/www.bellunopress.it\/2026\/02\/24\/allerta-valanghe-in-veneto-scatta-la-fase-di-attenzione-per-le-dolomiti-meridionali-torna-la-normalita-nel-bellunese-settentrionale\/","name":"Allerta valanghe in Veneto: scatta la fase di attenzione per le Dolomiti meridionali, torna la normalit\u00e0 nel Bellunese settentrionale - Bellunopress - Dolomiti","isPartOf":{"@id":"https:\/\/www.bellunopress.it\/#website"},"primaryImageOfPage":{"@id":"https:\/\/www.bellunopress.it\/2026\/02\/24\/allerta-valanghe-in-veneto-scatta-la-fase-di-attenzione-per-le-dolomiti-meridionali-torna-la-normalita-nel-bellunese-settentrionale\/#primaryimage"},"image":{"@id":"https:\/\/www.bellunopress.it\/2026\/02\/24\/allerta-valanghe-in-veneto-scatta-la-fase-di-attenzione-per-le-dolomiti-meridionali-torna-la-normalita-nel-bellunese-settentrionale\/#primaryimage"},"thumbnailUrl":"https:\/\/www.bellunopress.it\/wp-content\/uploads\/2022\/02\/Protezione-Civile-Veneto_edited.jpg","datePublished":"2026-02-24T07:17:56+00:00","breadcrumb":{"@id":"https:\/\/www.bellunopress.it\/2026\/02\/24\/allerta-valanghe-in-veneto-scatta-la-fase-di-attenzione-per-le-dolomiti-meridionali-torna-la-normalita-nel-bellunese-settentrionale\/#breadcrumb"},"inLanguage":"fr-FR","potentialAction":[{"@type":"ReadAction","target":["https:\/\/www.bellunopress.it\/2026\/02\/24\/allerta-valanghe-in-veneto-scatta-la-fase-di-attenzione-per-le-dolomiti-meridionali-torna-la-normalita-nel-bellunese-settentrionale\/"]}]},{"@type":"ImageObject","inLanguage":"fr-FR","@id":"https:\/\/www.bellunopress.it\/2026\/02\/24\/allerta-valanghe-in-veneto-scatta-la-fase-di-attenzione-per-le-dolomiti-meridionali-torna-la-normalita-nel-bellunese-settentrionale\/#primaryimage","url":"https:\/\/www.bellunopress.it\/wp-content\/uploads\/2022\/02\/Protezione-Civile-Veneto_edited.jpg","contentUrl":"https:\/\/www.bellunopress.it\/wp-content\/uploads\/2022\/02\/Protezione-Civile-Veneto_edited.jpg","width":427,"height":426},{"@type":"BreadcrumbList","@id":"https:\/\/www.bellunopress.it\/2026\/02\/24\/allerta-valanghe-in-veneto-scatta-la-fase-di-attenzione-per-le-dolomiti-meridionali-torna-la-normalita-nel-bellunese-settentrionale\/#breadcrumb","itemListElement":[{"@type":"ListItem","position":1,"name":"Home","item":"https:\/\/www.bellunopress.it\/"},{"@type":"ListItem","position":2,"name":"Allerta valanghe in Veneto: scatta la fase di attenzione per le Dolomiti meridionali, torna la normalit\u00e0 nel Bellunese settentrionale"}]},{"@type":"WebSite","@id":"https:\/\/www.bellunopress.it\/#website","url":"https:\/\/www.bellunopress.it\/","name":"Bellunopress - Dolomiti","description":"e-mail: redazione@bellunopress.it","publisher":{"@id":"https:\/\/www.bellunopress.it\/#organization"},"potentialAction":[{"@type":"SearchAction","target":{"@type":"EntryPoint","urlTemplate":"https:\/\/www.bellunopress.it\/?s={search_term_string}"},"query-input":{"@type":"PropertyValueSpecification","valueRequired":true,"valueName":"search_term_string"}}],"inLanguage":"fr-FR"},{"@type":"Organization","@id":"https:\/\/www.bellunopress.it\/#organization","name":"Bellunopress","url":"https:\/\/www.bellunopress.it\/","logo":{"@type":"ImageObject","inLanguage":"fr-FR","@id":"https:\/\/www.bellunopress.it\/#\/schema\/logo\/image\/","url":"https:\/\/www.bellunopress.it\/wp-content\/uploads\/2011\/05\/cropped-logo-bellunopress-.jpg","contentUrl":"https:\/\/www.bellunopress.it\/wp-content\/uploads\/2011\/05\/cropped-logo-bellunopress-.jpg","width":512,"height":512,"caption":"Bellunopress"},"image":{"@id":"https:\/\/www.bellunopress.it\/#\/schema\/logo\/image\/"},"sameAs":["https:\/\/www.facebook.com\/profile.php?id=100008943462799","https:\/\/x.com\/bellunopress","https:\/\/www.linkedin.com\/hp\/?dnr=JBzUWaJfMUw8vbXJJ2tVW5-I3jZKvC4wsoxE&amp;amp;amp;amp;amp;amp;trk=nav_responsive_tab_home","https:\/\/www.youtube.com\/channel\/UCxL0wu1uN0_3_7hGG0306cw"]},{"@type":"Person","@id":"https:\/\/www.bellunopress.it\/#\/schema\/person\/79bb06722b37ece1c03d3e94beb30d73","name":"r\u00e9daction","image":{"@type":"ImageObject","inLanguage":"fr-FR","@id":"https:\/\/secure.gravatar.com\/avatar\/37d968a2e67a6fd04c169c4bdef102d0bc5d31b2546345219e348575eb80e9a0?s=96&d=mm&r=g","url":"https:\/\/secure.gravatar.com\/avatar\/37d968a2e67a6fd04c169c4bdef102d0bc5d31b2546345219e348575eb80e9a0?s=96&d=mm&r=g","contentUrl":"https:\/\/secure.gravatar.com\/avatar\/37d968a2e67a6fd04c169c4bdef102d0bc5d31b2546345219e348575eb80e9a0?s=96&d=mm&r=g","caption":"redazione"},"sameAs":["http:\/\/www.bellunopress.it","https:\/\/x.com\/bellunopress"],"url":"https:\/\/www.bellunopress.it\/fr\/author\/redazione\/"}]}},"_links":{"self":[{"href":"https:\/\/www.bellunopress.it\/fr\/wp-json\/wp\/v2\/posts\/167684","targetHints":{"allow":["GET"]}}],"collection":[{"href":"https:\/\/www.bellunopress.it\/fr\/wp-json\/wp\/v2\/posts"}],"about":[{"href":"https:\/\/www.bellunopress.it\/fr\/wp-json\/wp\/v2\/types\/post"}],"author":[{"embeddable":true,"href":"https:\/\/www.bellunopress.it\/fr\/wp-json\/wp\/v2\/users\/2"}],"replies":[{"embeddable":true,"href":"https:\/\/www.bellunopress.it\/fr\/wp-json\/wp\/v2\/comments?post=167684"}],"version-history":[{"count":1,"href":"https:\/\/www.bellunopress.it\/fr\/wp-json\/wp\/v2\/posts\/167684\/revisions"}],"predecessor-version":[{"id":167685,"href":"https:\/\/www.bellunopress.it\/fr\/wp-json\/wp\/v2\/posts\/167684\/revisions\/167685"}],"wp:featuredmedia":[{"embeddable":true,"href":"https:\/\/www.bellunopress.it\/fr\/wp-json\/wp\/v2\/media\/131723"}],"wp:attachment":[{"href":"https:\/\/www.bellunopress.it\/fr\/wp-json\/wp\/v2\/media?parent=167684"}],"wp:term":[{"taxonomy":"category","embeddable":true,"href":"https:\/\/www.bellunopress.it\/fr\/wp-json\/wp\/v2\/categories?post=167684"},{"taxonomy":"post_tag","embeddable":true,"href":"https:\/\/www.bellunopress.it\/fr\/wp-json\/wp\/v2\/tags?post=167684"}],"curies":[{"name":"wp","href":"https:\/\/api.w.org\/{rel}","templated":true}]}}