{"id":167682,"date":"2026-02-24T08:05:29","date_gmt":"2026-02-24T07:05:29","guid":{"rendered":"https:\/\/www.bellunopress.it\/?p=167682"},"modified":"2026-02-24T08:05:29","modified_gmt":"2026-02-24T07:05:29","slug":"salute-mentale-appuntamento-sabato-a-limana-con-il-recovery-college","status":"publish","type":"post","link":"https:\/\/www.bellunopress.it\/fr\/2026\/02\/24\/salute-mentale-appuntamento-sabato-a-limana-con-il-recovery-college\/","title":{"rendered":"Salute mentale. Appuntamento sabato a Limana  con il Recovery College"},"content":{"rendered":"<p>I Centri di Salute Mentale dell\u2019Ulss Dolomiti promuovono il \u201cRecovery College. Eco di Voci Cangianti\u201d, un percorso di incontri, esperienze, condivisione e formazione, realizzato insieme a numerose associazioni del territorio, che partecipano attivamente fornendo attivit\u00e0, competenze, spazi e contribuendo in modo concreto alla costruzione del programma.<\/p>\n<p>Dopo i primi incontri che si sono tenuti tra la fine di gennaio e l\u2019inizio di febbraio, il prossimo appuntamento dal titolo \u201cFermiamo il tempo e costruiamo insieme\u201d si terr\u00e0 <strong>sabato 28 febbraio 2026 alle 15.00 a Limana \u2013 Municipio, Sala Mostre.<\/strong> In collaborazione con l\u2019Associazione Aleator, sar\u00e0 organizzato un pomeriggio di giochi da tavolo di cooperazione come strumento per allenare fiducia, ascolto e supporto reciproco, per incontrarsi e riscoprire la forza del \u201cfare insieme\u201d, collaborando senza competizione.<\/p>\n<p><strong>Cosa si intende per \u201cRecovery\u201d<\/strong><\/p>\n<p>Nel contesto della salute mentale, il recovery non coincide semplicemente con la guarigione clinica o con l\u2019assenza di un disturbo. \u00c8 un percorso personale e unico, che riguarda la possibilit\u00e0 per ogni persona di costruire una vita soddisfacente, significativa e autodeterminata, anche in presenza di fragilit\u00e0 o difficolt\u00e0.<\/p>\n<p>Il recovery mette al centro la persona, i suoi desideri, le sue risorse e le relazioni, valorizzando il ruolo attivo di chi vive l\u2019esperienza del disagio, insieme al contributo di familiari, operatori, associazioni e comunit\u00e0. \u00c8 un processo che si fonda su speranza, partecipazione, diritti, inclusione e responsabilit\u00e0 condivisa.<\/p>\n<p><strong>Il Recovery College: gli incontri<\/strong><\/p>\n<p>Il percorso propone incontri aperti alla cittadinanza, organizzati in due aree complementari:<\/p>\n<p>\u2022 Area del fare: saranno organizzati laboratori ed esperienze pratiche che mettono al centro il \u201cfare insieme\u201d, gioco, movimento, creativit\u00e0 e collaborazione come strumenti di benessere, inclusione e partecipazione.<\/p>\n<p>\u2022 Area formativa: saranno organizzati incontri di confronto e approfondimento sui temi della salute mentale, della comunicazione, dei pregiudizi e dei percorsi di recovery, attraverso linguaggi accessibili, testimonianze ed esperienze condivise.<\/p>\n<p>Di seguito il calendario completo dei prossimi incontri:<br \/>\nArea Formativa<\/p>\n<p>Sfatiamo i miti sulla salute mentale. Salute mentale tra miti e leggende: sfatiamoli insieme attraverso quiz, informazioni e storie di vita<br \/>\n\u2022 6 marzo e 13 marzo \u2013 dalle 17.00 alle 19.00 a Feltre, Campus Tina Merlin Borgo Ruga (su prenotazione, massimo 30 posti)<\/p>\n<p>Parlare meglio, capirsi di pi\u00f9<br \/>\nIncontri formativi per imparare a dire ci\u00f2 che pensiamo e sentiamo in modo chiaro ed efficace<br \/>\n\u2022 30 aprile \u2013 dalle 17.00 alle 19.00 a Belluno, Casa dei Beni Comuni (Via Tiziano Vecellio 82)<br \/>\n\u2022 8 maggio \u2013 dalle 17.00 alle 19.00 a Belluno, UrbanHub (Via Ippolito Caffi, 11\/b)<br \/>\n\u2022 29 maggio e 5 giugno &#8211; dalle 17.00 alle 19.00 a Mel Borgo Valbelluna<\/p>\n<p>Biblioteca vivente. Storie da ascoltare e pregiudizi da superare. Un incontro dove le persone diventano libri.<br \/>\n\u2022 16 maggio a Sedico<\/p>\n<p><strong>Area del Fare<\/strong><\/p>\n<p>Fermiamo il tempo e costruiamo insieme.<br \/>\nPartendo dai principi del Recovery College, un pomeriggio con giochi da tavolo di cooperazione<br \/>\n\u2022 28 febbraio \u2013 dalle 15.00 alle 19.00 a Limana, Municipio di Limana (Sala Mostre)<\/p>\n<p>Lego Serious Play. Costruire dialogo e collaborazione in modo inclusivo attraverso piccoli mattoncini<br \/>\n\u2022 15 aprile \u2013 dalle 9.30 alle 17.00 a Belluno, UrbanHub (Via Ippolito Caffi 11\/B)<br \/>\nPosti limitati, prenotazione tramite mail del Recovery College o presso i CSM del territorio.<\/p>\n<p>Passeggiata in Val Canzoi: alla scoperta del Caorame<br \/>\nEscursione e attivit\u00e0 di gruppo per il benessere attraverso il movimento nel territorio.<br \/>\n\u2022 23 maggio \u2013 alle 9.00, Val Canzoi<br \/>\nIscrizioni entro il 16\/05 alla mail montagnaterapia@caifeltre.it<\/p>\n<p>Costruiamo Marco Cavallo<br \/>\nIncontro pratico e partecipativo per costruire insieme un simbolo di libert\u00e0, creativit\u00e0 e inclusione<br \/>\n\u2022 11 aprile al Centro di Salute Mentale di Belluno<br \/>\n\u2022 20 giugno al Centro di Salute Mentale di Feltre<\/p>\n<p>Per informazioni sugli eventi in programma:<\/p>\n<p>\u2022 scrivere a: recovery.college@aulss1.veneto.it<br \/>\n\u2022 chiedere di un referente nei Centri di Salute Mentale:<br \/>\nCSM Pieve di Cadore &#8211; 0435 341554<br \/>\nCSM Belluno &#8211; 0437 516020<br \/>\nCSM Agordo &#8211; 0437 645222<br \/>\nCSM Feltre &#8211; 0439 883777<\/p>\n<p>&nbsp;<\/p>","protected":false},"excerpt":{"rendered":"<p>I Centri di Salute Mentale dell\u2019Ulss Dolomiti promuovono il \u201cRecovery College. Eco di Voci Cangianti\u201d, un percorso di incontri, esperienze, condivisione e formazione, realizzato insieme a numerose associazioni del territorio, che partecipano attivamente fornendo attivit\u00e0, competenze, spazi e contribuendo in modo concreto alla costruzione del programma. Dopo i primi incontri che si sono tenuti tra [&hellip;]<\/p>\n","protected":false},"author":2,"featured_media":141764,"comment_status":"closed","ping_status":"open","sticky":false,"template":"","format":"standard","meta":{"footnotes":""},"categories":[17],"tags":[],"class_list":["post-167682","post","type-post","status-publish","format-standard","has-post-thumbnail","category-sanita"],"yoast_head":"<!-- This site is optimized with the Yoast SEO plugin v28.4 - https:\/\/yoast.com\/product\/yoast-seo-wordpress\/ -->\n<title>Salute mentale. Appuntamento sabato a Limana con il Recovery College - Bellunopress - Dolomiti<\/title>\n<meta name=\"robots\" content=\"index, follow, max-snippet:-1, max-image-preview:large, max-video-preview:-1\" \/>\n<link rel=\"canonical\" href=\"https:\/\/www.bellunopress.it\/fr\/2026\/02\/24\/salute-mentale-appuntamento-sabato-a-limana-con-il-recovery-college\/\" \/>\n<meta property=\"og:locale\" content=\"fr_FR\" \/>\n<meta property=\"og:type\" content=\"article\" \/>\n<meta property=\"og:title\" content=\"Salute mentale. Appuntamento sabato a Limana con il Recovery College - Bellunopress - Dolomiti\" \/>\n<meta property=\"og:description\" content=\"I Centri di Salute Mentale dell\u2019Ulss Dolomiti promuovono il \u201cRecovery College. Eco di Voci Cangianti\u201d, un percorso di incontri, esperienze, condivisione e formazione, realizzato insieme a numerose associazioni del territorio, che partecipano attivamente fornendo attivit\u00e0, competenze, spazi e contribuendo in modo concreto alla costruzione del programma. Dopo i primi incontri che si sono tenuti tra [&hellip;]\" \/>\n<meta property=\"og:url\" content=\"https:\/\/www.bellunopress.it\/fr\/2026\/02\/24\/salute-mentale-appuntamento-sabato-a-limana-con-il-recovery-college\/\" \/>\n<meta property=\"og:site_name\" content=\"Bellunopress - Dolomiti\" \/>\n<meta property=\"article:publisher\" content=\"https:\/\/www.facebook.com\/profile.php?id=100008943462799\" \/>\n<meta property=\"article:published_time\" content=\"2026-02-24T07:05:29+00:00\" \/>\n<meta property=\"og:image\" content=\"https:\/\/www.bellunopress.it\/wp-content\/uploads\/2023\/05\/municipio-limana_edited.jpg\" \/>\n\t<meta property=\"og:image:width\" content=\"1000\" \/>\n\t<meta property=\"og:image:height\" content=\"703\" \/>\n\t<meta property=\"og:image:type\" content=\"image\/jpeg\" \/>\n<meta name=\"author\" content=\"redazione\" \/>\n<meta name=\"twitter:card\" content=\"summary_large_image\" \/>\n<meta name=\"twitter:creator\" content=\"@bellunopress\" \/>\n<meta name=\"twitter:site\" content=\"@bellunopress\" \/>\n<meta name=\"twitter:label1\" content=\"\u00c9crit par\" \/>\n\t<meta name=\"twitter:data1\" content=\"redazione\" \/>\n\t<meta name=\"twitter:label2\" content=\"Dur\u00e9e de lecture estim\u00e9e\" \/>\n\t<meta name=\"twitter:data2\" content=\"3 minutes\" \/>\n<script type=\"application\/ld+json\" class=\"yoast-schema-graph\">{\"@context\":\"https:\\\/\\\/schema.org\",\"@graph\":[{\"@type\":\"Article\",\"@id\":\"https:\\\/\\\/www.bellunopress.it\\\/2026\\\/02\\\/24\\\/salute-mentale-appuntamento-sabato-a-limana-con-il-recovery-college\\\/#article\",\"isPartOf\":{\"@id\":\"https:\\\/\\\/www.bellunopress.it\\\/2026\\\/02\\\/24\\\/salute-mentale-appuntamento-sabato-a-limana-con-il-recovery-college\\\/\"},\"author\":{\"name\":\"redazione\",\"@id\":\"https:\\\/\\\/www.bellunopress.it\\\/#\\\/schema\\\/person\\\/79bb06722b37ece1c03d3e94beb30d73\"},\"headline\":\"Salute mentale. Appuntamento sabato a Limana con il Recovery College\",\"datePublished\":\"2026-02-24T07:05:29+00:00\",\"mainEntityOfPage\":{\"@id\":\"https:\\\/\\\/www.bellunopress.it\\\/2026\\\/02\\\/24\\\/salute-mentale-appuntamento-sabato-a-limana-con-il-recovery-college\\\/\"},\"wordCount\":602,\"publisher\":{\"@id\":\"https:\\\/\\\/www.bellunopress.it\\\/#organization\"},\"image\":{\"@id\":\"https:\\\/\\\/www.bellunopress.it\\\/2026\\\/02\\\/24\\\/salute-mentale-appuntamento-sabato-a-limana-con-il-recovery-college\\\/#primaryimage\"},\"thumbnailUrl\":\"https:\\\/\\\/www.bellunopress.it\\\/wp-content\\\/uploads\\\/2023\\\/05\\\/municipio-limana_edited.jpg\",\"articleSection\":[\"Sanit\u00e0 Medicina\"],\"inLanguage\":\"fr-FR\"},{\"@type\":\"WebPage\",\"@id\":\"https:\\\/\\\/www.bellunopress.it\\\/2026\\\/02\\\/24\\\/salute-mentale-appuntamento-sabato-a-limana-con-il-recovery-college\\\/\",\"url\":\"https:\\\/\\\/www.bellunopress.it\\\/2026\\\/02\\\/24\\\/salute-mentale-appuntamento-sabato-a-limana-con-il-recovery-college\\\/\",\"name\":\"Salute mentale. Appuntamento sabato a Limana con il Recovery College - Bellunopress - Dolomiti\",\"isPartOf\":{\"@id\":\"https:\\\/\\\/www.bellunopress.it\\\/#website\"},\"primaryImageOfPage\":{\"@id\":\"https:\\\/\\\/www.bellunopress.it\\\/2026\\\/02\\\/24\\\/salute-mentale-appuntamento-sabato-a-limana-con-il-recovery-college\\\/#primaryimage\"},\"image\":{\"@id\":\"https:\\\/\\\/www.bellunopress.it\\\/2026\\\/02\\\/24\\\/salute-mentale-appuntamento-sabato-a-limana-con-il-recovery-college\\\/#primaryimage\"},\"thumbnailUrl\":\"https:\\\/\\\/www.bellunopress.it\\\/wp-content\\\/uploads\\\/2023\\\/05\\\/municipio-limana_edited.jpg\",\"datePublished\":\"2026-02-24T07:05:29+00:00\",\"breadcrumb\":{\"@id\":\"https:\\\/\\\/www.bellunopress.it\\\/2026\\\/02\\\/24\\\/salute-mentale-appuntamento-sabato-a-limana-con-il-recovery-college\\\/#breadcrumb\"},\"inLanguage\":\"fr-FR\",\"potentialAction\":[{\"@type\":\"ReadAction\",\"target\":[\"https:\\\/\\\/www.bellunopress.it\\\/2026\\\/02\\\/24\\\/salute-mentale-appuntamento-sabato-a-limana-con-il-recovery-college\\\/\"]}]},{\"@type\":\"ImageObject\",\"inLanguage\":\"fr-FR\",\"@id\":\"https:\\\/\\\/www.bellunopress.it\\\/2026\\\/02\\\/24\\\/salute-mentale-appuntamento-sabato-a-limana-con-il-recovery-college\\\/#primaryimage\",\"url\":\"https:\\\/\\\/www.bellunopress.it\\\/wp-content\\\/uploads\\\/2023\\\/05\\\/municipio-limana_edited.jpg\",\"contentUrl\":\"https:\\\/\\\/www.bellunopress.it\\\/wp-content\\\/uploads\\\/2023\\\/05\\\/municipio-limana_edited.jpg\",\"width\":1000,\"height\":703,\"caption\":\"Municipio di Limana\"},{\"@type\":\"BreadcrumbList\",\"@id\":\"https:\\\/\\\/www.bellunopress.it\\\/2026\\\/02\\\/24\\\/salute-mentale-appuntamento-sabato-a-limana-con-il-recovery-college\\\/#breadcrumb\",\"itemListElement\":[{\"@type\":\"ListItem\",\"position\":1,\"name\":\"Home\",\"item\":\"https:\\\/\\\/www.bellunopress.it\\\/\"},{\"@type\":\"ListItem\",\"position\":2,\"name\":\"Salute mentale. Appuntamento sabato a Limana con il Recovery College\"}]},{\"@type\":\"WebSite\",\"@id\":\"https:\\\/\\\/www.bellunopress.it\\\/#website\",\"url\":\"https:\\\/\\\/www.bellunopress.it\\\/\",\"name\":\"Bellunopress - Dolomiti\",\"description\":\"e-mail: redazione@bellunopress.it\",\"publisher\":{\"@id\":\"https:\\\/\\\/www.bellunopress.it\\\/#organization\"},\"potentialAction\":[{\"@type\":\"SearchAction\",\"target\":{\"@type\":\"EntryPoint\",\"urlTemplate\":\"https:\\\/\\\/www.bellunopress.it\\\/?s={search_term_string}\"},\"query-input\":{\"@type\":\"PropertyValueSpecification\",\"valueRequired\":true,\"valueName\":\"search_term_string\"}}],\"inLanguage\":\"fr-FR\"},{\"@type\":\"Organization\",\"@id\":\"https:\\\/\\\/www.bellunopress.it\\\/#organization\",\"name\":\"Bellunopress\",\"url\":\"https:\\\/\\\/www.bellunopress.it\\\/\",\"logo\":{\"@type\":\"ImageObject\",\"inLanguage\":\"fr-FR\",\"@id\":\"https:\\\/\\\/www.bellunopress.it\\\/#\\\/schema\\\/logo\\\/image\\\/\",\"url\":\"https:\\\/\\\/www.bellunopress.it\\\/wp-content\\\/uploads\\\/2011\\\/05\\\/cropped-logo-bellunopress-.jpg\",\"contentUrl\":\"https:\\\/\\\/www.bellunopress.it\\\/wp-content\\\/uploads\\\/2011\\\/05\\\/cropped-logo-bellunopress-.jpg\",\"width\":512,\"height\":512,\"caption\":\"Bellunopress\"},\"image\":{\"@id\":\"https:\\\/\\\/www.bellunopress.it\\\/#\\\/schema\\\/logo\\\/image\\\/\"},\"sameAs\":[\"https:\\\/\\\/www.facebook.com\\\/profile.php?id=100008943462799\",\"https:\\\/\\\/x.com\\\/bellunopress\",\"https:\\\/\\\/www.linkedin.com\\\/hp\\\/?dnr=JBzUWaJfMUw8vbXJJ2tVW5-I3jZKvC4wsoxE&amp;amp;amp;amp;amp;amp;trk=nav_responsive_tab_home\",\"https:\\\/\\\/www.youtube.com\\\/channel\\\/UCxL0wu1uN0_3_7hGG0306cw\"]},{\"@type\":\"Person\",\"@id\":\"https:\\\/\\\/www.bellunopress.it\\\/#\\\/schema\\\/person\\\/79bb06722b37ece1c03d3e94beb30d73\",\"name\":\"redazione\",\"image\":{\"@type\":\"ImageObject\",\"inLanguage\":\"fr-FR\",\"@id\":\"https:\\\/\\\/secure.gravatar.com\\\/avatar\\\/37d968a2e67a6fd04c169c4bdef102d0bc5d31b2546345219e348575eb80e9a0?s=96&d=mm&r=g\",\"url\":\"https:\\\/\\\/secure.gravatar.com\\\/avatar\\\/37d968a2e67a6fd04c169c4bdef102d0bc5d31b2546345219e348575eb80e9a0?s=96&d=mm&r=g\",\"contentUrl\":\"https:\\\/\\\/secure.gravatar.com\\\/avatar\\\/37d968a2e67a6fd04c169c4bdef102d0bc5d31b2546345219e348575eb80e9a0?s=96&d=mm&r=g\",\"caption\":\"redazione\"},\"sameAs\":[\"http:\\\/\\\/www.bellunopress.it\",\"https:\\\/\\\/x.com\\\/bellunopress\"],\"url\":\"https:\\\/\\\/www.bellunopress.it\\\/fr\\\/author\\\/redazione\\\/\"}]}<\/script>\n<!-- \/ Yoast SEO plugin. -->","yoast_head_json":{"title":"Salute mentale. Appuntamento sabato a Limana con il Recovery College - Bellunopress - Dolomiti","robots":{"index":"index","follow":"follow","max-snippet":"max-snippet:-1","max-image-preview":"max-image-preview:large","max-video-preview":"max-video-preview:-1"},"canonical":"https:\/\/www.bellunopress.it\/fr\/2026\/02\/24\/salute-mentale-appuntamento-sabato-a-limana-con-il-recovery-college\/","og_locale":"fr_FR","og_type":"article","og_title":"Salute mentale. Appuntamento sabato a Limana con il Recovery College - Bellunopress - Dolomiti","og_description":"I Centri di Salute Mentale dell\u2019Ulss Dolomiti promuovono il \u201cRecovery College. Eco di Voci Cangianti\u201d, un percorso di incontri, esperienze, condivisione e formazione, realizzato insieme a numerose associazioni del territorio, che partecipano attivamente fornendo attivit\u00e0, competenze, spazi e contribuendo in modo concreto alla costruzione del programma. Dopo i primi incontri che si sono tenuti tra [&hellip;]","og_url":"https:\/\/www.bellunopress.it\/fr\/2026\/02\/24\/salute-mentale-appuntamento-sabato-a-limana-con-il-recovery-college\/","og_site_name":"Bellunopress - Dolomiti","article_publisher":"https:\/\/www.facebook.com\/profile.php?id=100008943462799","article_published_time":"2026-02-24T07:05:29+00:00","og_image":[{"width":1000,"height":703,"url":"https:\/\/www.bellunopress.it\/wp-content\/uploads\/2023\/05\/municipio-limana_edited.jpg","type":"image\/jpeg"}],"author":"redazione","twitter_card":"summary_large_image","twitter_creator":"@bellunopress","twitter_site":"@bellunopress","twitter_misc":{"\u00c9crit par":"redazione","Dur\u00e9e de lecture estim\u00e9e":"3 minutes"},"schema":{"@context":"https:\/\/schema.org","@graph":[{"@type":"Article","@id":"https:\/\/www.bellunopress.it\/2026\/02\/24\/salute-mentale-appuntamento-sabato-a-limana-con-il-recovery-college\/#article","isPartOf":{"@id":"https:\/\/www.bellunopress.it\/2026\/02\/24\/salute-mentale-appuntamento-sabato-a-limana-con-il-recovery-college\/"},"author":{"name":"redazione","@id":"https:\/\/www.bellunopress.it\/#\/schema\/person\/79bb06722b37ece1c03d3e94beb30d73"},"headline":"Salute mentale. Appuntamento sabato a Limana con il Recovery College","datePublished":"2026-02-24T07:05:29+00:00","mainEntityOfPage":{"@id":"https:\/\/www.bellunopress.it\/2026\/02\/24\/salute-mentale-appuntamento-sabato-a-limana-con-il-recovery-college\/"},"wordCount":602,"publisher":{"@id":"https:\/\/www.bellunopress.it\/#organization"},"image":{"@id":"https:\/\/www.bellunopress.it\/2026\/02\/24\/salute-mentale-appuntamento-sabato-a-limana-con-il-recovery-college\/#primaryimage"},"thumbnailUrl":"https:\/\/www.bellunopress.it\/wp-content\/uploads\/2023\/05\/municipio-limana_edited.jpg","articleSection":["Sanit\u00e0 Medicina"],"inLanguage":"fr-FR"},{"@type":"WebPage","@id":"https:\/\/www.bellunopress.it\/2026\/02\/24\/salute-mentale-appuntamento-sabato-a-limana-con-il-recovery-college\/","url":"https:\/\/www.bellunopress.it\/2026\/02\/24\/salute-mentale-appuntamento-sabato-a-limana-con-il-recovery-college\/","name":"Salute mentale. Appuntamento sabato a Limana con il Recovery College - Bellunopress - Dolomiti","isPartOf":{"@id":"https:\/\/www.bellunopress.it\/#website"},"primaryImageOfPage":{"@id":"https:\/\/www.bellunopress.it\/2026\/02\/24\/salute-mentale-appuntamento-sabato-a-limana-con-il-recovery-college\/#primaryimage"},"image":{"@id":"https:\/\/www.bellunopress.it\/2026\/02\/24\/salute-mentale-appuntamento-sabato-a-limana-con-il-recovery-college\/#primaryimage"},"thumbnailUrl":"https:\/\/www.bellunopress.it\/wp-content\/uploads\/2023\/05\/municipio-limana_edited.jpg","datePublished":"2026-02-24T07:05:29+00:00","breadcrumb":{"@id":"https:\/\/www.bellunopress.it\/2026\/02\/24\/salute-mentale-appuntamento-sabato-a-limana-con-il-recovery-college\/#breadcrumb"},"inLanguage":"fr-FR","potentialAction":[{"@type":"ReadAction","target":["https:\/\/www.bellunopress.it\/2026\/02\/24\/salute-mentale-appuntamento-sabato-a-limana-con-il-recovery-college\/"]}]},{"@type":"ImageObject","inLanguage":"fr-FR","@id":"https:\/\/www.bellunopress.it\/2026\/02\/24\/salute-mentale-appuntamento-sabato-a-limana-con-il-recovery-college\/#primaryimage","url":"https:\/\/www.bellunopress.it\/wp-content\/uploads\/2023\/05\/municipio-limana_edited.jpg","contentUrl":"https:\/\/www.bellunopress.it\/wp-content\/uploads\/2023\/05\/municipio-limana_edited.jpg","width":1000,"height":703,"caption":"Municipio di Limana"},{"@type":"BreadcrumbList","@id":"https:\/\/www.bellunopress.it\/2026\/02\/24\/salute-mentale-appuntamento-sabato-a-limana-con-il-recovery-college\/#breadcrumb","itemListElement":[{"@type":"ListItem","position":1,"name":"Home","item":"https:\/\/www.bellunopress.it\/"},{"@type":"ListItem","position":2,"name":"Salute mentale. Appuntamento sabato a Limana con il Recovery College"}]},{"@type":"WebSite","@id":"https:\/\/www.bellunopress.it\/#website","url":"https:\/\/www.bellunopress.it\/","name":"Bellunopress - Dolomiti","description":"e-mail: redazione@bellunopress.it","publisher":{"@id":"https:\/\/www.bellunopress.it\/#organization"},"potentialAction":[{"@type":"SearchAction","target":{"@type":"EntryPoint","urlTemplate":"https:\/\/www.bellunopress.it\/?s={search_term_string}"},"query-input":{"@type":"PropertyValueSpecification","valueRequired":true,"valueName":"search_term_string"}}],"inLanguage":"fr-FR"},{"@type":"Organization","@id":"https:\/\/www.bellunopress.it\/#organization","name":"Bellunopress","url":"https:\/\/www.bellunopress.it\/","logo":{"@type":"ImageObject","inLanguage":"fr-FR","@id":"https:\/\/www.bellunopress.it\/#\/schema\/logo\/image\/","url":"https:\/\/www.bellunopress.it\/wp-content\/uploads\/2011\/05\/cropped-logo-bellunopress-.jpg","contentUrl":"https:\/\/www.bellunopress.it\/wp-content\/uploads\/2011\/05\/cropped-logo-bellunopress-.jpg","width":512,"height":512,"caption":"Bellunopress"},"image":{"@id":"https:\/\/www.bellunopress.it\/#\/schema\/logo\/image\/"},"sameAs":["https:\/\/www.facebook.com\/profile.php?id=100008943462799","https:\/\/x.com\/bellunopress","https:\/\/www.linkedin.com\/hp\/?dnr=JBzUWaJfMUw8vbXJJ2tVW5-I3jZKvC4wsoxE&amp;amp;amp;amp;amp;amp;trk=nav_responsive_tab_home","https:\/\/www.youtube.com\/channel\/UCxL0wu1uN0_3_7hGG0306cw"]},{"@type":"Person","@id":"https:\/\/www.bellunopress.it\/#\/schema\/person\/79bb06722b37ece1c03d3e94beb30d73","name":"r\u00e9daction","image":{"@type":"ImageObject","inLanguage":"fr-FR","@id":"https:\/\/secure.gravatar.com\/avatar\/37d968a2e67a6fd04c169c4bdef102d0bc5d31b2546345219e348575eb80e9a0?s=96&d=mm&r=g","url":"https:\/\/secure.gravatar.com\/avatar\/37d968a2e67a6fd04c169c4bdef102d0bc5d31b2546345219e348575eb80e9a0?s=96&d=mm&r=g","contentUrl":"https:\/\/secure.gravatar.com\/avatar\/37d968a2e67a6fd04c169c4bdef102d0bc5d31b2546345219e348575eb80e9a0?s=96&d=mm&r=g","caption":"redazione"},"sameAs":["http:\/\/www.bellunopress.it","https:\/\/x.com\/bellunopress"],"url":"https:\/\/www.bellunopress.it\/fr\/author\/redazione\/"}]}},"_links":{"self":[{"href":"https:\/\/www.bellunopress.it\/fr\/wp-json\/wp\/v2\/posts\/167682","targetHints":{"allow":["GET"]}}],"collection":[{"href":"https:\/\/www.bellunopress.it\/fr\/wp-json\/wp\/v2\/posts"}],"about":[{"href":"https:\/\/www.bellunopress.it\/fr\/wp-json\/wp\/v2\/types\/post"}],"author":[{"embeddable":true,"href":"https:\/\/www.bellunopress.it\/fr\/wp-json\/wp\/v2\/users\/2"}],"replies":[{"embeddable":true,"href":"https:\/\/www.bellunopress.it\/fr\/wp-json\/wp\/v2\/comments?post=167682"}],"version-history":[{"count":1,"href":"https:\/\/www.bellunopress.it\/fr\/wp-json\/wp\/v2\/posts\/167682\/revisions"}],"predecessor-version":[{"id":167683,"href":"https:\/\/www.bellunopress.it\/fr\/wp-json\/wp\/v2\/posts\/167682\/revisions\/167683"}],"wp:featuredmedia":[{"embeddable":true,"href":"https:\/\/www.bellunopress.it\/fr\/wp-json\/wp\/v2\/media\/141764"}],"wp:attachment":[{"href":"https:\/\/www.bellunopress.it\/fr\/wp-json\/wp\/v2\/media?parent=167682"}],"wp:term":[{"taxonomy":"category","embeddable":true,"href":"https:\/\/www.bellunopress.it\/fr\/wp-json\/wp\/v2\/categories?post=167682"},{"taxonomy":"post_tag","embeddable":true,"href":"https:\/\/www.bellunopress.it\/fr\/wp-json\/wp\/v2\/tags?post=167682"}],"curies":[{"name":"wp","href":"https:\/\/api.w.org\/{rel}","templated":true}]}}