{"id":167673,"date":"2026-02-23T19:56:07","date_gmt":"2026-02-23T18:56:07","guid":{"rendered":"https:\/\/www.bellunopress.it\/?p=167673"},"modified":"2026-02-23T19:56:07","modified_gmt":"2026-02-23T18:56:07","slug":"nuovo-appuntamento-con-il-fondaco-per-feltre-allinsegna-della-promozione-dellarcheologia-bellunese","status":"publish","type":"post","link":"https:\/\/www.bellunopress.it\/fr\/2026\/02\/23\/nuovo-appuntamento-con-il-fondaco-per-feltre-allinsegna-della-promozione-dellarcheologia-bellunese\/","title":{"rendered":"Nuovo appuntamento con il \u201cFondaco per Feltre\u201d all\u2019insegna della promozione dell\u2019archeologia bellunese"},"content":{"rendered":"<p>Feltre, 23 febbraio 2026 &#8211; \u00a0Prosegue il ciclo di incontri dal titolo \u201cArcheotracce. Percorsi di archeologia in provincia di Belluno\u201d, inaugurato nel mese di novembre 2025, con il quinto appuntamento in programma per sabato 28 febbraio alle ore 15, presso la Sala Polifunzionale di Pradenich di Cesiomaggiore (BL).<\/p>\n<p>L\u2019incontro sar\u00e0 dedicato all\u2019 \u201cArcheologia a Sedico\u201d scoprendo anche le diverse realt\u00e0 che dal punto di vista culturale e associativo animano il territorio.<\/p>\n<p><strong>Castelliere di Noal<\/strong><br \/>\nIl primo intervento, alle ore 15.00, sar\u00e0 intitolato \u201cArcheologia a Sedico. Il Castelliere di No\u00e0l\u201d e sar\u00e0 curato dallo storico locale Gianni De Vecchi. L\u2019appuntamento offrir\u00e0 l\u2019occasione di conoscere uno dei pi\u00f9 importanti siti archeologici della Valbelluna, testimone di oltre 3300 anni di storia, situato in posizione strategica e vera e propria sentinella tra il fiume Piave e il torrente Cordevole.<br \/>\nLe ricerche attestano che i primi insediamenti a No\u00e0l risalgono all\u2019et\u00e0 del Bronzo (tra XIII e XII secolo avanti Cristo), poi dal nucleo originario prese vita un vero e proprio abitato fortificato, o castelliere. Dopo una lunga fase di abbandono del sito, si assiste nel Medioevo al sorgere di un castello con funzione strategica di controllo militare, con i resti murari dell\u2019antica torre ancora oggi visibili.<br \/>\nDopo un breve break alle 16:30 si prosegue con la presentazione delle attivit\u00e0 di valorizzazione del parco archeologico di Noal, svolta da un nutrito gruppo di volontari.<br \/>\nQuattro rappresentanti racconteranno il lavoro svolto sia \u201cdietro le quinte\u201d sia nelle iniziative rivolte al pubblico.<br \/>\nApriranno Lorenzo e Michele De Luca, che illustreranno le attivit\u00e0 di comunicazione e promozione social. Annamaria De Finis racconter\u00e0 l\u2019esperienza delle visite gratuite organizzate in questi anni, mentre Cristina Cadore presenter\u00e0 gli itinerari di accesso al castelliere e il percorso di visita.<\/p>\n<p><strong>L\u2019ex-Parrocchiale di Libano di Sedico<\/strong><br \/>\nL\u2019incontro si concluder\u00e0 con l\u2019intervento del Circolo ricreativo e culturale San Giorgio, impegnato nella valorizzazione della parte alta di Sedico, tra Libano e Bolago.<br \/>\nIn particolare, sar\u00e0 presentato il lavoro di recupero strutturale e restauro dell\u2019ex chiesa parrocchiale di Libano, dedicata ai Santi Faustino e Giovita, che conserva un\u2019importante testimonianza di epoca romana: la lapide votiva a Giove di Ostilio Sertoriano. A raccontare la storia dell\u2019edificio e le fasi del suo recupero sar\u00e0 l\u2019architetto e volontario Serafino Marcadent.<\/p>\n<p><strong>Info<\/strong><br \/>\nL\u2019ingresso \u00e8 libero fino a esaurimento posti. Chiusura prevista alle 17.30<br \/>\nSar\u00e0 inoltre possibile seguire l\u2019incontro in diretta streaming sul canale Facebook dell\u2019associazione Il Fondaco per Feltre:<br \/>\nhttps:\/\/www.facebook.com\/Fondaco.Feltre\/<\/p>\n<p><strong>Il progetto<\/strong><br \/>\nRicordiamo che il progetto Archeotracce, promosso dal Fondaco per Feltre, nasce con l\u2019obiettivo di valorizzare il patrimonio archeologico della provincia di Belluno attraverso incontri divulgativi e momenti di confronto tra studiosi, enti e comunit\u00e0 locali. In primavera\u2013estate 2026 il progetto vedr\u00e0 la collaborazione del CAI di Feltre e del gruppo TAM (Tutela Ambiente Montano), sempre di Feltre, per la realizzazione di iniziative<br \/>\ndi Archeotrekking alla scoperta del patrimonio archeologico bellunese.<br \/>\nL\u2019ingresso in sala a Cesiomaggiore \u00e8 libero fino a esaurimento posti.<br \/>\nSar\u00e0 inoltre possibile seguire l\u2019incontro in diretta streaming sul canale Facebook<br \/>\ndell\u2019associazione Il Fondaco per Feltre:<br \/>\nhttps:\/\/www.facebook.com\/Fondaco.Feltre\/<\/p>","protected":false},"excerpt":{"rendered":"<p>Feltre, 23 febbraio 2026 &#8211; \u00a0Prosegue il ciclo di incontri dal titolo \u201cArcheotracce. Percorsi di archeologia in provincia di Belluno\u201d, inaugurato nel mese di novembre 2025, con il quinto appuntamento in programma per sabato 28 febbraio alle ore 15, presso la Sala Polifunzionale di Pradenich di Cesiomaggiore (BL). L\u2019incontro sar\u00e0 dedicato all\u2019 \u201cArcheologia a Sedico\u201d [&hellip;]<\/p>\n","protected":false},"author":2,"featured_media":143232,"comment_status":"closed","ping_status":"open","sticky":false,"template":"","format":"standard","meta":{"footnotes":""},"categories":[27,25],"tags":[],"class_list":["post-167673","post","type-post","status-publish","format-standard","has-post-thumbnail","category-appuntamenti","category-pausa-caffe"],"yoast_head":"<!-- This site is optimized with the Yoast SEO plugin v28.4 - https:\/\/yoast.com\/product\/yoast-seo-wordpress\/ -->\n<title>Nuovo appuntamento con il \u201cFondaco per Feltre\u201d all\u2019insegna della promozione dell\u2019archeologia bellunese - Bellunopress - Dolomiti<\/title>\n<meta name=\"robots\" content=\"index, follow, max-snippet:-1, max-image-preview:large, max-video-preview:-1\" \/>\n<link rel=\"canonical\" href=\"https:\/\/www.bellunopress.it\/fr\/2026\/02\/23\/nuovo-appuntamento-con-il-fondaco-per-feltre-allinsegna-della-promozione-dellarcheologia-bellunese\/\" \/>\n<meta property=\"og:locale\" content=\"fr_FR\" \/>\n<meta property=\"og:type\" content=\"article\" \/>\n<meta property=\"og:title\" content=\"Nuovo appuntamento con il \u201cFondaco per Feltre\u201d all\u2019insegna della promozione dell\u2019archeologia bellunese - Bellunopress - Dolomiti\" \/>\n<meta property=\"og:description\" content=\"Feltre, 23 febbraio 2026 &#8211; \u00a0Prosegue il ciclo di incontri dal titolo \u201cArcheotracce. Percorsi di archeologia in provincia di Belluno\u201d, inaugurato nel mese di novembre 2025, con il quinto appuntamento in programma per sabato 28 febbraio alle ore 15, presso la Sala Polifunzionale di Pradenich di Cesiomaggiore (BL). L\u2019incontro sar\u00e0 dedicato all\u2019 \u201cArcheologia a Sedico\u201d [&hellip;]\" \/>\n<meta property=\"og:url\" content=\"https:\/\/www.bellunopress.it\/fr\/2026\/02\/23\/nuovo-appuntamento-con-il-fondaco-per-feltre-allinsegna-della-promozione-dellarcheologia-bellunese\/\" \/>\n<meta property=\"og:site_name\" content=\"Bellunopress - Dolomiti\" \/>\n<meta property=\"article:publisher\" content=\"https:\/\/www.facebook.com\/profile.php?id=100008943462799\" \/>\n<meta property=\"article:published_time\" content=\"2026-02-23T18:56:07+00:00\" \/>\n<meta property=\"og:image\" content=\"https:\/\/www.bellunopress.it\/wp-content\/uploads\/2023\/08\/animatori-Fondaco-Feltre-_edited.jpg\" \/>\n\t<meta property=\"og:image:width\" content=\"638\" \/>\n\t<meta property=\"og:image:height\" content=\"577\" \/>\n\t<meta property=\"og:image:type\" content=\"image\/jpeg\" \/>\n<meta name=\"author\" content=\"redazione\" \/>\n<meta name=\"twitter:card\" content=\"summary_large_image\" \/>\n<meta name=\"twitter:creator\" content=\"@bellunopress\" \/>\n<meta name=\"twitter:site\" content=\"@bellunopress\" \/>\n<meta name=\"twitter:label1\" content=\"\u00c9crit par\" \/>\n\t<meta name=\"twitter:data1\" content=\"redazione\" \/>\n\t<meta name=\"twitter:label2\" content=\"Dur\u00e9e de lecture estim\u00e9e\" \/>\n\t<meta name=\"twitter:data2\" content=\"3 minutes\" \/>\n<script type=\"application\/ld+json\" class=\"yoast-schema-graph\">{\"@context\":\"https:\\\/\\\/schema.org\",\"@graph\":[{\"@type\":\"Article\",\"@id\":\"https:\\\/\\\/www.bellunopress.it\\\/2026\\\/02\\\/23\\\/nuovo-appuntamento-con-il-fondaco-per-feltre-allinsegna-della-promozione-dellarcheologia-bellunese\\\/#article\",\"isPartOf\":{\"@id\":\"https:\\\/\\\/www.bellunopress.it\\\/2026\\\/02\\\/23\\\/nuovo-appuntamento-con-il-fondaco-per-feltre-allinsegna-della-promozione-dellarcheologia-bellunese\\\/\"},\"author\":{\"name\":\"redazione\",\"@id\":\"https:\\\/\\\/www.bellunopress.it\\\/#\\\/schema\\\/person\\\/79bb06722b37ece1c03d3e94beb30d73\"},\"headline\":\"Nuovo appuntamento con il \u201cFondaco per Feltre\u201d all\u2019insegna della promozione dell\u2019archeologia bellunese\",\"datePublished\":\"2026-02-23T18:56:07+00:00\",\"mainEntityOfPage\":{\"@id\":\"https:\\\/\\\/www.bellunopress.it\\\/2026\\\/02\\\/23\\\/nuovo-appuntamento-con-il-fondaco-per-feltre-allinsegna-della-promozione-dellarcheologia-bellunese\\\/\"},\"wordCount\":533,\"publisher\":{\"@id\":\"https:\\\/\\\/www.bellunopress.it\\\/#organization\"},\"image\":{\"@id\":\"https:\\\/\\\/www.bellunopress.it\\\/2026\\\/02\\\/23\\\/nuovo-appuntamento-con-il-fondaco-per-feltre-allinsegna-della-promozione-dellarcheologia-bellunese\\\/#primaryimage\"},\"thumbnailUrl\":\"https:\\\/\\\/www.bellunopress.it\\\/wp-content\\\/uploads\\\/2023\\\/08\\\/animatori-Fondaco-Feltre-_edited.jpg\",\"articleSection\":[\"Appuntamenti, Eventi\",\"Pausa Caff\u00e8\"],\"inLanguage\":\"fr-FR\"},{\"@type\":\"WebPage\",\"@id\":\"https:\\\/\\\/www.bellunopress.it\\\/2026\\\/02\\\/23\\\/nuovo-appuntamento-con-il-fondaco-per-feltre-allinsegna-della-promozione-dellarcheologia-bellunese\\\/\",\"url\":\"https:\\\/\\\/www.bellunopress.it\\\/2026\\\/02\\\/23\\\/nuovo-appuntamento-con-il-fondaco-per-feltre-allinsegna-della-promozione-dellarcheologia-bellunese\\\/\",\"name\":\"Nuovo appuntamento con il \u201cFondaco per Feltre\u201d all\u2019insegna della promozione dell\u2019archeologia bellunese - Bellunopress - Dolomiti\",\"isPartOf\":{\"@id\":\"https:\\\/\\\/www.bellunopress.it\\\/#website\"},\"primaryImageOfPage\":{\"@id\":\"https:\\\/\\\/www.bellunopress.it\\\/2026\\\/02\\\/23\\\/nuovo-appuntamento-con-il-fondaco-per-feltre-allinsegna-della-promozione-dellarcheologia-bellunese\\\/#primaryimage\"},\"image\":{\"@id\":\"https:\\\/\\\/www.bellunopress.it\\\/2026\\\/02\\\/23\\\/nuovo-appuntamento-con-il-fondaco-per-feltre-allinsegna-della-promozione-dellarcheologia-bellunese\\\/#primaryimage\"},\"thumbnailUrl\":\"https:\\\/\\\/www.bellunopress.it\\\/wp-content\\\/uploads\\\/2023\\\/08\\\/animatori-Fondaco-Feltre-_edited.jpg\",\"datePublished\":\"2026-02-23T18:56:07+00:00\",\"breadcrumb\":{\"@id\":\"https:\\\/\\\/www.bellunopress.it\\\/2026\\\/02\\\/23\\\/nuovo-appuntamento-con-il-fondaco-per-feltre-allinsegna-della-promozione-dellarcheologia-bellunese\\\/#breadcrumb\"},\"inLanguage\":\"fr-FR\",\"potentialAction\":[{\"@type\":\"ReadAction\",\"target\":[\"https:\\\/\\\/www.bellunopress.it\\\/2026\\\/02\\\/23\\\/nuovo-appuntamento-con-il-fondaco-per-feltre-allinsegna-della-promozione-dellarcheologia-bellunese\\\/\"]}]},{\"@type\":\"ImageObject\",\"inLanguage\":\"fr-FR\",\"@id\":\"https:\\\/\\\/www.bellunopress.it\\\/2026\\\/02\\\/23\\\/nuovo-appuntamento-con-il-fondaco-per-feltre-allinsegna-della-promozione-dellarcheologia-bellunese\\\/#primaryimage\",\"url\":\"https:\\\/\\\/www.bellunopress.it\\\/wp-content\\\/uploads\\\/2023\\\/08\\\/animatori-Fondaco-Feltre-_edited.jpg\",\"contentUrl\":\"https:\\\/\\\/www.bellunopress.it\\\/wp-content\\\/uploads\\\/2023\\\/08\\\/animatori-Fondaco-Feltre-_edited.jpg\",\"width\":638,\"height\":577,\"caption\":\"Animatori dell'Associazione Fondaco per Feltre\"},{\"@type\":\"BreadcrumbList\",\"@id\":\"https:\\\/\\\/www.bellunopress.it\\\/2026\\\/02\\\/23\\\/nuovo-appuntamento-con-il-fondaco-per-feltre-allinsegna-della-promozione-dellarcheologia-bellunese\\\/#breadcrumb\",\"itemListElement\":[{\"@type\":\"ListItem\",\"position\":1,\"name\":\"Home\",\"item\":\"https:\\\/\\\/www.bellunopress.it\\\/\"},{\"@type\":\"ListItem\",\"position\":2,\"name\":\"Nuovo appuntamento con il \u201cFondaco per Feltre\u201d all\u2019insegna della promozione dell\u2019archeologia bellunese\"}]},{\"@type\":\"WebSite\",\"@id\":\"https:\\\/\\\/www.bellunopress.it\\\/#website\",\"url\":\"https:\\\/\\\/www.bellunopress.it\\\/\",\"name\":\"Bellunopress - Dolomiti\",\"description\":\"e-mail: redazione@bellunopress.it\",\"publisher\":{\"@id\":\"https:\\\/\\\/www.bellunopress.it\\\/#organization\"},\"potentialAction\":[{\"@type\":\"SearchAction\",\"target\":{\"@type\":\"EntryPoint\",\"urlTemplate\":\"https:\\\/\\\/www.bellunopress.it\\\/?s={search_term_string}\"},\"query-input\":{\"@type\":\"PropertyValueSpecification\",\"valueRequired\":true,\"valueName\":\"search_term_string\"}}],\"inLanguage\":\"fr-FR\"},{\"@type\":\"Organization\",\"@id\":\"https:\\\/\\\/www.bellunopress.it\\\/#organization\",\"name\":\"Bellunopress\",\"url\":\"https:\\\/\\\/www.bellunopress.it\\\/\",\"logo\":{\"@type\":\"ImageObject\",\"inLanguage\":\"fr-FR\",\"@id\":\"https:\\\/\\\/www.bellunopress.it\\\/#\\\/schema\\\/logo\\\/image\\\/\",\"url\":\"https:\\\/\\\/www.bellunopress.it\\\/wp-content\\\/uploads\\\/2011\\\/05\\\/cropped-logo-bellunopress-.jpg\",\"contentUrl\":\"https:\\\/\\\/www.bellunopress.it\\\/wp-content\\\/uploads\\\/2011\\\/05\\\/cropped-logo-bellunopress-.jpg\",\"width\":512,\"height\":512,\"caption\":\"Bellunopress\"},\"image\":{\"@id\":\"https:\\\/\\\/www.bellunopress.it\\\/#\\\/schema\\\/logo\\\/image\\\/\"},\"sameAs\":[\"https:\\\/\\\/www.facebook.com\\\/profile.php?id=100008943462799\",\"https:\\\/\\\/x.com\\\/bellunopress\",\"https:\\\/\\\/www.linkedin.com\\\/hp\\\/?dnr=JBzUWaJfMUw8vbXJJ2tVW5-I3jZKvC4wsoxE&amp;amp;amp;amp;amp;amp;trk=nav_responsive_tab_home\",\"https:\\\/\\\/www.youtube.com\\\/channel\\\/UCxL0wu1uN0_3_7hGG0306cw\"]},{\"@type\":\"Person\",\"@id\":\"https:\\\/\\\/www.bellunopress.it\\\/#\\\/schema\\\/person\\\/79bb06722b37ece1c03d3e94beb30d73\",\"name\":\"redazione\",\"image\":{\"@type\":\"ImageObject\",\"inLanguage\":\"fr-FR\",\"@id\":\"https:\\\/\\\/secure.gravatar.com\\\/avatar\\\/37d968a2e67a6fd04c169c4bdef102d0bc5d31b2546345219e348575eb80e9a0?s=96&d=mm&r=g\",\"url\":\"https:\\\/\\\/secure.gravatar.com\\\/avatar\\\/37d968a2e67a6fd04c169c4bdef102d0bc5d31b2546345219e348575eb80e9a0?s=96&d=mm&r=g\",\"contentUrl\":\"https:\\\/\\\/secure.gravatar.com\\\/avatar\\\/37d968a2e67a6fd04c169c4bdef102d0bc5d31b2546345219e348575eb80e9a0?s=96&d=mm&r=g\",\"caption\":\"redazione\"},\"sameAs\":[\"http:\\\/\\\/www.bellunopress.it\",\"https:\\\/\\\/x.com\\\/bellunopress\"],\"url\":\"https:\\\/\\\/www.bellunopress.it\\\/fr\\\/author\\\/redazione\\\/\"}]}<\/script>\n<!-- \/ Yoast SEO plugin. -->","yoast_head_json":{"title":"Nuovo appuntamento con il \u201cFondaco per Feltre\u201d all\u2019insegna della promozione dell\u2019archeologia bellunese - Bellunopress - Dolomiti","robots":{"index":"index","follow":"follow","max-snippet":"max-snippet:-1","max-image-preview":"max-image-preview:large","max-video-preview":"max-video-preview:-1"},"canonical":"https:\/\/www.bellunopress.it\/fr\/2026\/02\/23\/nuovo-appuntamento-con-il-fondaco-per-feltre-allinsegna-della-promozione-dellarcheologia-bellunese\/","og_locale":"fr_FR","og_type":"article","og_title":"Nuovo appuntamento con il \u201cFondaco per Feltre\u201d all\u2019insegna della promozione dell\u2019archeologia bellunese - Bellunopress - Dolomiti","og_description":"Feltre, 23 febbraio 2026 &#8211; \u00a0Prosegue il ciclo di incontri dal titolo \u201cArcheotracce. Percorsi di archeologia in provincia di Belluno\u201d, inaugurato nel mese di novembre 2025, con il quinto appuntamento in programma per sabato 28 febbraio alle ore 15, presso la Sala Polifunzionale di Pradenich di Cesiomaggiore (BL). L\u2019incontro sar\u00e0 dedicato all\u2019 \u201cArcheologia a Sedico\u201d [&hellip;]","og_url":"https:\/\/www.bellunopress.it\/fr\/2026\/02\/23\/nuovo-appuntamento-con-il-fondaco-per-feltre-allinsegna-della-promozione-dellarcheologia-bellunese\/","og_site_name":"Bellunopress - Dolomiti","article_publisher":"https:\/\/www.facebook.com\/profile.php?id=100008943462799","article_published_time":"2026-02-23T18:56:07+00:00","og_image":[{"width":638,"height":577,"url":"https:\/\/www.bellunopress.it\/wp-content\/uploads\/2023\/08\/animatori-Fondaco-Feltre-_edited.jpg","type":"image\/jpeg"}],"author":"redazione","twitter_card":"summary_large_image","twitter_creator":"@bellunopress","twitter_site":"@bellunopress","twitter_misc":{"\u00c9crit par":"redazione","Dur\u00e9e de lecture estim\u00e9e":"3 minutes"},"schema":{"@context":"https:\/\/schema.org","@graph":[{"@type":"Article","@id":"https:\/\/www.bellunopress.it\/2026\/02\/23\/nuovo-appuntamento-con-il-fondaco-per-feltre-allinsegna-della-promozione-dellarcheologia-bellunese\/#article","isPartOf":{"@id":"https:\/\/www.bellunopress.it\/2026\/02\/23\/nuovo-appuntamento-con-il-fondaco-per-feltre-allinsegna-della-promozione-dellarcheologia-bellunese\/"},"author":{"name":"redazione","@id":"https:\/\/www.bellunopress.it\/#\/schema\/person\/79bb06722b37ece1c03d3e94beb30d73"},"headline":"Nuovo appuntamento con il \u201cFondaco per Feltre\u201d all\u2019insegna della promozione dell\u2019archeologia bellunese","datePublished":"2026-02-23T18:56:07+00:00","mainEntityOfPage":{"@id":"https:\/\/www.bellunopress.it\/2026\/02\/23\/nuovo-appuntamento-con-il-fondaco-per-feltre-allinsegna-della-promozione-dellarcheologia-bellunese\/"},"wordCount":533,"publisher":{"@id":"https:\/\/www.bellunopress.it\/#organization"},"image":{"@id":"https:\/\/www.bellunopress.it\/2026\/02\/23\/nuovo-appuntamento-con-il-fondaco-per-feltre-allinsegna-della-promozione-dellarcheologia-bellunese\/#primaryimage"},"thumbnailUrl":"https:\/\/www.bellunopress.it\/wp-content\/uploads\/2023\/08\/animatori-Fondaco-Feltre-_edited.jpg","articleSection":["Appuntamenti, Eventi","Pausa Caff\u00e8"],"inLanguage":"fr-FR"},{"@type":"WebPage","@id":"https:\/\/www.bellunopress.it\/2026\/02\/23\/nuovo-appuntamento-con-il-fondaco-per-feltre-allinsegna-della-promozione-dellarcheologia-bellunese\/","url":"https:\/\/www.bellunopress.it\/2026\/02\/23\/nuovo-appuntamento-con-il-fondaco-per-feltre-allinsegna-della-promozione-dellarcheologia-bellunese\/","name":"Nuovo appuntamento con il \u201cFondaco per Feltre\u201d all\u2019insegna della promozione dell\u2019archeologia bellunese - Bellunopress - Dolomiti","isPartOf":{"@id":"https:\/\/www.bellunopress.it\/#website"},"primaryImageOfPage":{"@id":"https:\/\/www.bellunopress.it\/2026\/02\/23\/nuovo-appuntamento-con-il-fondaco-per-feltre-allinsegna-della-promozione-dellarcheologia-bellunese\/#primaryimage"},"image":{"@id":"https:\/\/www.bellunopress.it\/2026\/02\/23\/nuovo-appuntamento-con-il-fondaco-per-feltre-allinsegna-della-promozione-dellarcheologia-bellunese\/#primaryimage"},"thumbnailUrl":"https:\/\/www.bellunopress.it\/wp-content\/uploads\/2023\/08\/animatori-Fondaco-Feltre-_edited.jpg","datePublished":"2026-02-23T18:56:07+00:00","breadcrumb":{"@id":"https:\/\/www.bellunopress.it\/2026\/02\/23\/nuovo-appuntamento-con-il-fondaco-per-feltre-allinsegna-della-promozione-dellarcheologia-bellunese\/#breadcrumb"},"inLanguage":"fr-FR","potentialAction":[{"@type":"ReadAction","target":["https:\/\/www.bellunopress.it\/2026\/02\/23\/nuovo-appuntamento-con-il-fondaco-per-feltre-allinsegna-della-promozione-dellarcheologia-bellunese\/"]}]},{"@type":"ImageObject","inLanguage":"fr-FR","@id":"https:\/\/www.bellunopress.it\/2026\/02\/23\/nuovo-appuntamento-con-il-fondaco-per-feltre-allinsegna-della-promozione-dellarcheologia-bellunese\/#primaryimage","url":"https:\/\/www.bellunopress.it\/wp-content\/uploads\/2023\/08\/animatori-Fondaco-Feltre-_edited.jpg","contentUrl":"https:\/\/www.bellunopress.it\/wp-content\/uploads\/2023\/08\/animatori-Fondaco-Feltre-_edited.jpg","width":638,"height":577,"caption":"Animatori dell'Associazione Fondaco per Feltre"},{"@type":"BreadcrumbList","@id":"https:\/\/www.bellunopress.it\/2026\/02\/23\/nuovo-appuntamento-con-il-fondaco-per-feltre-allinsegna-della-promozione-dellarcheologia-bellunese\/#breadcrumb","itemListElement":[{"@type":"ListItem","position":1,"name":"Home","item":"https:\/\/www.bellunopress.it\/"},{"@type":"ListItem","position":2,"name":"Nuovo appuntamento con il \u201cFondaco per Feltre\u201d all\u2019insegna della promozione dell\u2019archeologia bellunese"}]},{"@type":"WebSite","@id":"https:\/\/www.bellunopress.it\/#website","url":"https:\/\/www.bellunopress.it\/","name":"Bellunopress - Dolomiti","description":"e-mail: redazione@bellunopress.it","publisher":{"@id":"https:\/\/www.bellunopress.it\/#organization"},"potentialAction":[{"@type":"SearchAction","target":{"@type":"EntryPoint","urlTemplate":"https:\/\/www.bellunopress.it\/?s={search_term_string}"},"query-input":{"@type":"PropertyValueSpecification","valueRequired":true,"valueName":"search_term_string"}}],"inLanguage":"fr-FR"},{"@type":"Organization","@id":"https:\/\/www.bellunopress.it\/#organization","name":"Bellunopress","url":"https:\/\/www.bellunopress.it\/","logo":{"@type":"ImageObject","inLanguage":"fr-FR","@id":"https:\/\/www.bellunopress.it\/#\/schema\/logo\/image\/","url":"https:\/\/www.bellunopress.it\/wp-content\/uploads\/2011\/05\/cropped-logo-bellunopress-.jpg","contentUrl":"https:\/\/www.bellunopress.it\/wp-content\/uploads\/2011\/05\/cropped-logo-bellunopress-.jpg","width":512,"height":512,"caption":"Bellunopress"},"image":{"@id":"https:\/\/www.bellunopress.it\/#\/schema\/logo\/image\/"},"sameAs":["https:\/\/www.facebook.com\/profile.php?id=100008943462799","https:\/\/x.com\/bellunopress","https:\/\/www.linkedin.com\/hp\/?dnr=JBzUWaJfMUw8vbXJJ2tVW5-I3jZKvC4wsoxE&amp;amp;amp;amp;amp;amp;trk=nav_responsive_tab_home","https:\/\/www.youtube.com\/channel\/UCxL0wu1uN0_3_7hGG0306cw"]},{"@type":"Person","@id":"https:\/\/www.bellunopress.it\/#\/schema\/person\/79bb06722b37ece1c03d3e94beb30d73","name":"r\u00e9daction","image":{"@type":"ImageObject","inLanguage":"fr-FR","@id":"https:\/\/secure.gravatar.com\/avatar\/37d968a2e67a6fd04c169c4bdef102d0bc5d31b2546345219e348575eb80e9a0?s=96&d=mm&r=g","url":"https:\/\/secure.gravatar.com\/avatar\/37d968a2e67a6fd04c169c4bdef102d0bc5d31b2546345219e348575eb80e9a0?s=96&d=mm&r=g","contentUrl":"https:\/\/secure.gravatar.com\/avatar\/37d968a2e67a6fd04c169c4bdef102d0bc5d31b2546345219e348575eb80e9a0?s=96&d=mm&r=g","caption":"redazione"},"sameAs":["http:\/\/www.bellunopress.it","https:\/\/x.com\/bellunopress"],"url":"https:\/\/www.bellunopress.it\/fr\/author\/redazione\/"}]}},"_links":{"self":[{"href":"https:\/\/www.bellunopress.it\/fr\/wp-json\/wp\/v2\/posts\/167673","targetHints":{"allow":["GET"]}}],"collection":[{"href":"https:\/\/www.bellunopress.it\/fr\/wp-json\/wp\/v2\/posts"}],"about":[{"href":"https:\/\/www.bellunopress.it\/fr\/wp-json\/wp\/v2\/types\/post"}],"author":[{"embeddable":true,"href":"https:\/\/www.bellunopress.it\/fr\/wp-json\/wp\/v2\/users\/2"}],"replies":[{"embeddable":true,"href":"https:\/\/www.bellunopress.it\/fr\/wp-json\/wp\/v2\/comments?post=167673"}],"version-history":[{"count":1,"href":"https:\/\/www.bellunopress.it\/fr\/wp-json\/wp\/v2\/posts\/167673\/revisions"}],"predecessor-version":[{"id":167674,"href":"https:\/\/www.bellunopress.it\/fr\/wp-json\/wp\/v2\/posts\/167673\/revisions\/167674"}],"wp:featuredmedia":[{"embeddable":true,"href":"https:\/\/www.bellunopress.it\/fr\/wp-json\/wp\/v2\/media\/143232"}],"wp:attachment":[{"href":"https:\/\/www.bellunopress.it\/fr\/wp-json\/wp\/v2\/media?parent=167673"}],"wp:term":[{"taxonomy":"category","embeddable":true,"href":"https:\/\/www.bellunopress.it\/fr\/wp-json\/wp\/v2\/categories?post=167673"},{"taxonomy":"post_tag","embeddable":true,"href":"https:\/\/www.bellunopress.it\/fr\/wp-json\/wp\/v2\/tags?post=167673"}],"curies":[{"name":"wp","href":"https:\/\/api.w.org\/{rel}","templated":true}]}}