{"id":167667,"date":"2026-02-23T16:06:59","date_gmt":"2026-02-23T15:06:59","guid":{"rendered":"https:\/\/www.bellunopress.it\/?p=167667"},"modified":"2026-02-23T16:06:59","modified_gmt":"2026-02-23T15:06:59","slug":"belluno-sindaco-per-un-giorno-ripartita-liniziativa-coinvolti-130-bambini","status":"publish","type":"post","link":"https:\/\/www.bellunopress.it\/fr\/2026\/02\/23\/belluno-sindaco-per-un-giorno-ripartita-liniziativa-coinvolti-130-bambini\/","title":{"rendered":"Belluno, Sindaco per un giorno: ripartita l&#8217;iniziativa, coinvolti 130 bambini"},"content":{"rendered":"<p>\u00c8 ripartito a febbraio, tra curiosit\u00e0 e mani alzate per chiedere la parola, il progetto \u201cSindaco per un giorno\u201d, l\u2019iniziativa del Comune di Belluno dedicata alle scuole primarie e inserita nel pi\u00f9 ampio contenitore \u201cLa Belluno dei Bambini e dei Ragazzi\u201d. Un appuntamento ormai atteso, giunto alla seconda edizione, che porta le classi quinte tra i banchi del Consiglio comunale.<\/p>\n<p><strong>L&#8217;iniziativa<\/strong><\/p>\n<p>\u201cUn progetto dal grande valore civico, al quale tengo molto e a cui cerco di partecipare quando mi \u00e8 possibile \u2013 spiega il sindaco, Oscar De Pellegrin -. L\u2019iniziativa punta a far conoscere da vicino il funzionamento del Comune, stimolare la partecipazione attiva, potenziare la capacit\u00e0 di riflessione e il confronto tra posizioni diverse. Non solo: i bambini sperimentano modalit\u00e0 di mediazione, imparano il valore delle decisioni condivise e rafforzano il senso di appartenenza alla propria comunit\u00e0, ponendo in questo modo le basi per diventare un domani cittadini adulti consapevoli dei propri diritti e dei propri doveri\u201d.<\/p>\n<p>Dopo il primo incontro di febbraio, il secondo appuntamento \u00e8 in programma il 2 marzo con i bambini della primaria di Quartier Cadore. A seguire toccher\u00e0 alle classi quinte della primaria di Cavarzano, delle Gabelli, di Chiesurazza, ancora delle Gabelli e infine di Badilet per un totale di oltre 130 studenti coinvolti. Un calendario fitto che accompagner\u00e0 gli alunni alla scoperta concreta della macchina amministrativa cittadina.<br \/>\nIl cuore dell\u2019iniziativa \u00e8 semplice, un format capace di coinvolgere i piccoli creando un clima di curiosit\u00e0 e partecipazione. Si tratta di una simulazione, semplificata e adattata, di una riunione del Consiglio comunale. Nella Sala consiliare di Palazzo Rosso, i bambini vengono accolti dall\u2019assessore alla scuola Roberta Olivotto e dalla consigliera Irene Gallon, quindi vengono invitati a osservare gli affreschi che raccontano alcuni momenti significativi della storia cittadina. Dopo l\u2019introduzione, la mattinata entra nel vivo. Seduti tra i banchi dell\u2019emiciclo, gli alunni assumono i ruoli di consiglieri di maggioranza e di opposizione, mentre uno di loro viene nominato a ruolo di sindaco. C\u2019\u00e8 chi guida il dibattito e chi propone, chi media e chi controbatte. A ciascuna classe viene affidato un budget prestabilito per la redazione del bilancio comunale: spetta a loro decidere come distribuirlo tra le diverse voci di spesa, individuando priorit\u00e0 e bisogni della citt\u00e0 secondo il loro punto di vista. Ogni incontro dura circa due ore ed \u00e8 dedicato a una singola classe quinta. Un tempo concentrato ma intenso, in cui la teoria lascia spazio all\u2019esperienza diretta.<\/p>\n<p>\u201cEducazione civica non significa soltanto studiare le istituzioni sui libri \u2013 sottolinea l\u2019assessore Olivotto -, ma fare esperienza concreta di partecipazione e responsabilit\u00e0. E\u2019 davvero bellissimo vedere con quanta seriet\u00e0 e coinvolgimento i bambini vivono il loro Consiglio comunale: ascoltano, si confrontano, propongono idee e cercano soluzioni condivise. In questo modo comprendono che ogni scelta pubblica nasce dal dialogo e dalla capacit\u00e0 di mediazione. \u201cSindaco per un giorno\u201d \u00e8 uno dei percorsi inseriti nel catalogo de \u201cLa Belluno dei Bambini e dei Ragazzi. Cittadini in crescita\u201d, che comprende numerose attivit\u00e0 dedicate all\u2019educazione civica, come l\u2019educazione stradale, l\u2019educazione ambientale, gli incontri sulla Protezione civile e altri progetti realizzati anche in collaborazione con enti e associazioni del territorio. L\u2019obiettivo \u00e8 offrire ai ragazzi strumenti concreti per conoscere le istituzioni, comprendere diritti e doveri e sentirsi parte attiva della comunit\u00e0 fin da piccoli. Sono momenti che fanno bene anche a noi adulti, perch\u00e9 ci ricordano il valore dell\u2019ascolto, del rispetto e dell\u2019impegno verso la comunit\u00e0\u201d.<\/p>\n<p>&nbsp;<\/p>","protected":false},"excerpt":{"rendered":"<p>\u00c8 ripartito a febbraio, tra curiosit\u00e0 e mani alzate per chiedere la parola, il progetto \u201cSindaco per un giorno\u201d, l\u2019iniziativa del Comune di Belluno dedicata alle scuole primarie e inserita nel pi\u00f9 ampio contenitore \u201cLa Belluno dei Bambini e dei Ragazzi\u201d. Un appuntamento ormai atteso, giunto alla seconda edizione, che porta le classi quinte tra [&hellip;]<\/p>\n","protected":false},"author":2,"featured_media":151884,"comment_status":"closed","ping_status":"open","sticky":false,"template":"","format":"standard","meta":{"footnotes":""},"categories":[26,8],"tags":[],"class_list":["post-167667","post","type-post","status-publish","format-standard","has-post-thumbnail","category-prima-pagina","category-societa-istituzioni"],"yoast_head":"<!-- This site is optimized with the Yoast SEO plugin v28.4 - https:\/\/yoast.com\/product\/yoast-seo-wordpress\/ -->\n<title>Belluno, Sindaco per un giorno: ripartita l&#039;iniziativa, coinvolti 130 bambini - Bellunopress - Dolomiti<\/title>\n<meta name=\"robots\" content=\"index, follow, max-snippet:-1, max-image-preview:large, max-video-preview:-1\" \/>\n<link rel=\"canonical\" href=\"https:\/\/www.bellunopress.it\/fr\/2026\/02\/23\/belluno-sindaco-per-un-giorno-ripartita-liniziativa-coinvolti-130-bambini\/\" \/>\n<meta property=\"og:locale\" content=\"fr_FR\" \/>\n<meta property=\"og:type\" content=\"article\" \/>\n<meta property=\"og:title\" content=\"Belluno, Sindaco per un giorno: ripartita l&#039;iniziativa, coinvolti 130 bambini - Bellunopress - Dolomiti\" \/>\n<meta property=\"og:description\" content=\"\u00c8 ripartito a febbraio, tra curiosit\u00e0 e mani alzate per chiedere la parola, il progetto \u201cSindaco per un giorno\u201d, l\u2019iniziativa del Comune di Belluno dedicata alle scuole primarie e inserita nel pi\u00f9 ampio contenitore \u201cLa Belluno dei Bambini e dei Ragazzi\u201d. Un appuntamento ormai atteso, giunto alla seconda edizione, che porta le classi quinte tra [&hellip;]\" \/>\n<meta property=\"og:url\" content=\"https:\/\/www.bellunopress.it\/fr\/2026\/02\/23\/belluno-sindaco-per-un-giorno-ripartita-liniziativa-coinvolti-130-bambini\/\" \/>\n<meta property=\"og:site_name\" content=\"Bellunopress - Dolomiti\" \/>\n<meta property=\"article:publisher\" content=\"https:\/\/www.facebook.com\/profile.php?id=100008943462799\" \/>\n<meta property=\"article:published_time\" content=\"2026-02-23T15:06:59+00:00\" \/>\n<meta property=\"og:image\" content=\"https:\/\/www.bellunopress.it\/wp-content\/uploads\/2024\/06\/Oscar-De-Pellegrin-sindaco_edited.jpg\" \/>\n\t<meta property=\"og:image:width\" content=\"979\" \/>\n\t<meta property=\"og:image:height\" content=\"1000\" \/>\n\t<meta property=\"og:image:type\" content=\"image\/jpeg\" \/>\n<meta name=\"author\" content=\"redazione\" \/>\n<meta name=\"twitter:card\" content=\"summary_large_image\" \/>\n<meta name=\"twitter:creator\" content=\"@bellunopress\" \/>\n<meta name=\"twitter:site\" content=\"@bellunopress\" \/>\n<meta name=\"twitter:label1\" content=\"\u00c9crit par\" \/>\n\t<meta name=\"twitter:data1\" content=\"redazione\" \/>\n\t<meta name=\"twitter:label2\" content=\"Dur\u00e9e de lecture estim\u00e9e\" \/>\n\t<meta name=\"twitter:data2\" content=\"3 minutes\" \/>\n<script type=\"application\/ld+json\" class=\"yoast-schema-graph\">{\"@context\":\"https:\\\/\\\/schema.org\",\"@graph\":[{\"@type\":\"Article\",\"@id\":\"https:\\\/\\\/www.bellunopress.it\\\/2026\\\/02\\\/23\\\/belluno-sindaco-per-un-giorno-ripartita-liniziativa-coinvolti-130-bambini\\\/#article\",\"isPartOf\":{\"@id\":\"https:\\\/\\\/www.bellunopress.it\\\/2026\\\/02\\\/23\\\/belluno-sindaco-per-un-giorno-ripartita-liniziativa-coinvolti-130-bambini\\\/\"},\"author\":{\"name\":\"redazione\",\"@id\":\"https:\\\/\\\/www.bellunopress.it\\\/#\\\/schema\\\/person\\\/79bb06722b37ece1c03d3e94beb30d73\"},\"headline\":\"Belluno, Sindaco per un giorno: ripartita l&#8217;iniziativa, coinvolti 130 bambini\",\"datePublished\":\"2026-02-23T15:06:59+00:00\",\"mainEntityOfPage\":{\"@id\":\"https:\\\/\\\/www.bellunopress.it\\\/2026\\\/02\\\/23\\\/belluno-sindaco-per-un-giorno-ripartita-liniziativa-coinvolti-130-bambini\\\/\"},\"wordCount\":581,\"publisher\":{\"@id\":\"https:\\\/\\\/www.bellunopress.it\\\/#organization\"},\"image\":{\"@id\":\"https:\\\/\\\/www.bellunopress.it\\\/2026\\\/02\\\/23\\\/belluno-sindaco-per-un-giorno-ripartita-liniziativa-coinvolti-130-bambini\\\/#primaryimage\"},\"thumbnailUrl\":\"https:\\\/\\\/www.bellunopress.it\\\/wp-content\\\/uploads\\\/2024\\\/06\\\/Oscar-De-Pellegrin-sindaco_edited.jpg\",\"articleSection\":[\"Prima Pagina\",\"Societ\u00e0, Associazioni, Istituzioni\"],\"inLanguage\":\"fr-FR\"},{\"@type\":\"WebPage\",\"@id\":\"https:\\\/\\\/www.bellunopress.it\\\/2026\\\/02\\\/23\\\/belluno-sindaco-per-un-giorno-ripartita-liniziativa-coinvolti-130-bambini\\\/\",\"url\":\"https:\\\/\\\/www.bellunopress.it\\\/2026\\\/02\\\/23\\\/belluno-sindaco-per-un-giorno-ripartita-liniziativa-coinvolti-130-bambini\\\/\",\"name\":\"Belluno, Sindaco per un giorno: ripartita l'iniziativa, coinvolti 130 bambini - Bellunopress - Dolomiti\",\"isPartOf\":{\"@id\":\"https:\\\/\\\/www.bellunopress.it\\\/#website\"},\"primaryImageOfPage\":{\"@id\":\"https:\\\/\\\/www.bellunopress.it\\\/2026\\\/02\\\/23\\\/belluno-sindaco-per-un-giorno-ripartita-liniziativa-coinvolti-130-bambini\\\/#primaryimage\"},\"image\":{\"@id\":\"https:\\\/\\\/www.bellunopress.it\\\/2026\\\/02\\\/23\\\/belluno-sindaco-per-un-giorno-ripartita-liniziativa-coinvolti-130-bambini\\\/#primaryimage\"},\"thumbnailUrl\":\"https:\\\/\\\/www.bellunopress.it\\\/wp-content\\\/uploads\\\/2024\\\/06\\\/Oscar-De-Pellegrin-sindaco_edited.jpg\",\"datePublished\":\"2026-02-23T15:06:59+00:00\",\"breadcrumb\":{\"@id\":\"https:\\\/\\\/www.bellunopress.it\\\/2026\\\/02\\\/23\\\/belluno-sindaco-per-un-giorno-ripartita-liniziativa-coinvolti-130-bambini\\\/#breadcrumb\"},\"inLanguage\":\"fr-FR\",\"potentialAction\":[{\"@type\":\"ReadAction\",\"target\":[\"https:\\\/\\\/www.bellunopress.it\\\/2026\\\/02\\\/23\\\/belluno-sindaco-per-un-giorno-ripartita-liniziativa-coinvolti-130-bambini\\\/\"]}]},{\"@type\":\"ImageObject\",\"inLanguage\":\"fr-FR\",\"@id\":\"https:\\\/\\\/www.bellunopress.it\\\/2026\\\/02\\\/23\\\/belluno-sindaco-per-un-giorno-ripartita-liniziativa-coinvolti-130-bambini\\\/#primaryimage\",\"url\":\"https:\\\/\\\/www.bellunopress.it\\\/wp-content\\\/uploads\\\/2024\\\/06\\\/Oscar-De-Pellegrin-sindaco_edited.jpg\",\"contentUrl\":\"https:\\\/\\\/www.bellunopress.it\\\/wp-content\\\/uploads\\\/2024\\\/06\\\/Oscar-De-Pellegrin-sindaco_edited.jpg\",\"width\":979,\"height\":1000,\"caption\":\"Oscar De Pellegrin, sindaco di Belluno\"},{\"@type\":\"BreadcrumbList\",\"@id\":\"https:\\\/\\\/www.bellunopress.it\\\/2026\\\/02\\\/23\\\/belluno-sindaco-per-un-giorno-ripartita-liniziativa-coinvolti-130-bambini\\\/#breadcrumb\",\"itemListElement\":[{\"@type\":\"ListItem\",\"position\":1,\"name\":\"Home\",\"item\":\"https:\\\/\\\/www.bellunopress.it\\\/\"},{\"@type\":\"ListItem\",\"position\":2,\"name\":\"Belluno, Sindaco per un giorno: ripartita l&#8217;iniziativa, coinvolti 130 bambini\"}]},{\"@type\":\"WebSite\",\"@id\":\"https:\\\/\\\/www.bellunopress.it\\\/#website\",\"url\":\"https:\\\/\\\/www.bellunopress.it\\\/\",\"name\":\"Bellunopress - Dolomiti\",\"description\":\"e-mail: redazione@bellunopress.it\",\"publisher\":{\"@id\":\"https:\\\/\\\/www.bellunopress.it\\\/#organization\"},\"potentialAction\":[{\"@type\":\"SearchAction\",\"target\":{\"@type\":\"EntryPoint\",\"urlTemplate\":\"https:\\\/\\\/www.bellunopress.it\\\/?s={search_term_string}\"},\"query-input\":{\"@type\":\"PropertyValueSpecification\",\"valueRequired\":true,\"valueName\":\"search_term_string\"}}],\"inLanguage\":\"fr-FR\"},{\"@type\":\"Organization\",\"@id\":\"https:\\\/\\\/www.bellunopress.it\\\/#organization\",\"name\":\"Bellunopress\",\"url\":\"https:\\\/\\\/www.bellunopress.it\\\/\",\"logo\":{\"@type\":\"ImageObject\",\"inLanguage\":\"fr-FR\",\"@id\":\"https:\\\/\\\/www.bellunopress.it\\\/#\\\/schema\\\/logo\\\/image\\\/\",\"url\":\"https:\\\/\\\/www.bellunopress.it\\\/wp-content\\\/uploads\\\/2011\\\/05\\\/cropped-logo-bellunopress-.jpg\",\"contentUrl\":\"https:\\\/\\\/www.bellunopress.it\\\/wp-content\\\/uploads\\\/2011\\\/05\\\/cropped-logo-bellunopress-.jpg\",\"width\":512,\"height\":512,\"caption\":\"Bellunopress\"},\"image\":{\"@id\":\"https:\\\/\\\/www.bellunopress.it\\\/#\\\/schema\\\/logo\\\/image\\\/\"},\"sameAs\":[\"https:\\\/\\\/www.facebook.com\\\/profile.php?id=100008943462799\",\"https:\\\/\\\/x.com\\\/bellunopress\",\"https:\\\/\\\/www.linkedin.com\\\/hp\\\/?dnr=JBzUWaJfMUw8vbXJJ2tVW5-I3jZKvC4wsoxE&amp;amp;amp;amp;amp;amp;trk=nav_responsive_tab_home\",\"https:\\\/\\\/www.youtube.com\\\/channel\\\/UCxL0wu1uN0_3_7hGG0306cw\"]},{\"@type\":\"Person\",\"@id\":\"https:\\\/\\\/www.bellunopress.it\\\/#\\\/schema\\\/person\\\/79bb06722b37ece1c03d3e94beb30d73\",\"name\":\"redazione\",\"image\":{\"@type\":\"ImageObject\",\"inLanguage\":\"fr-FR\",\"@id\":\"https:\\\/\\\/secure.gravatar.com\\\/avatar\\\/37d968a2e67a6fd04c169c4bdef102d0bc5d31b2546345219e348575eb80e9a0?s=96&d=mm&r=g\",\"url\":\"https:\\\/\\\/secure.gravatar.com\\\/avatar\\\/37d968a2e67a6fd04c169c4bdef102d0bc5d31b2546345219e348575eb80e9a0?s=96&d=mm&r=g\",\"contentUrl\":\"https:\\\/\\\/secure.gravatar.com\\\/avatar\\\/37d968a2e67a6fd04c169c4bdef102d0bc5d31b2546345219e348575eb80e9a0?s=96&d=mm&r=g\",\"caption\":\"redazione\"},\"sameAs\":[\"http:\\\/\\\/www.bellunopress.it\",\"https:\\\/\\\/x.com\\\/bellunopress\"],\"url\":\"https:\\\/\\\/www.bellunopress.it\\\/fr\\\/author\\\/redazione\\\/\"}]}<\/script>\n<!-- \/ Yoast SEO plugin. -->","yoast_head_json":{"title":"Belluno, Sindaco per un giorno: ripartita l'iniziativa, coinvolti 130 bambini - Bellunopress - Dolomiti","robots":{"index":"index","follow":"follow","max-snippet":"max-snippet:-1","max-image-preview":"max-image-preview:large","max-video-preview":"max-video-preview:-1"},"canonical":"https:\/\/www.bellunopress.it\/fr\/2026\/02\/23\/belluno-sindaco-per-un-giorno-ripartita-liniziativa-coinvolti-130-bambini\/","og_locale":"fr_FR","og_type":"article","og_title":"Belluno, Sindaco per un giorno: ripartita l'iniziativa, coinvolti 130 bambini - Bellunopress - Dolomiti","og_description":"\u00c8 ripartito a febbraio, tra curiosit\u00e0 e mani alzate per chiedere la parola, il progetto \u201cSindaco per un giorno\u201d, l\u2019iniziativa del Comune di Belluno dedicata alle scuole primarie e inserita nel pi\u00f9 ampio contenitore \u201cLa Belluno dei Bambini e dei Ragazzi\u201d. Un appuntamento ormai atteso, giunto alla seconda edizione, che porta le classi quinte tra [&hellip;]","og_url":"https:\/\/www.bellunopress.it\/fr\/2026\/02\/23\/belluno-sindaco-per-un-giorno-ripartita-liniziativa-coinvolti-130-bambini\/","og_site_name":"Bellunopress - Dolomiti","article_publisher":"https:\/\/www.facebook.com\/profile.php?id=100008943462799","article_published_time":"2026-02-23T15:06:59+00:00","og_image":[{"width":979,"height":1000,"url":"https:\/\/www.bellunopress.it\/wp-content\/uploads\/2024\/06\/Oscar-De-Pellegrin-sindaco_edited.jpg","type":"image\/jpeg"}],"author":"redazione","twitter_card":"summary_large_image","twitter_creator":"@bellunopress","twitter_site":"@bellunopress","twitter_misc":{"\u00c9crit par":"redazione","Dur\u00e9e de lecture estim\u00e9e":"3 minutes"},"schema":{"@context":"https:\/\/schema.org","@graph":[{"@type":"Article","@id":"https:\/\/www.bellunopress.it\/2026\/02\/23\/belluno-sindaco-per-un-giorno-ripartita-liniziativa-coinvolti-130-bambini\/#article","isPartOf":{"@id":"https:\/\/www.bellunopress.it\/2026\/02\/23\/belluno-sindaco-per-un-giorno-ripartita-liniziativa-coinvolti-130-bambini\/"},"author":{"name":"redazione","@id":"https:\/\/www.bellunopress.it\/#\/schema\/person\/79bb06722b37ece1c03d3e94beb30d73"},"headline":"Belluno, Sindaco per un giorno: ripartita l&#8217;iniziativa, coinvolti 130 bambini","datePublished":"2026-02-23T15:06:59+00:00","mainEntityOfPage":{"@id":"https:\/\/www.bellunopress.it\/2026\/02\/23\/belluno-sindaco-per-un-giorno-ripartita-liniziativa-coinvolti-130-bambini\/"},"wordCount":581,"publisher":{"@id":"https:\/\/www.bellunopress.it\/#organization"},"image":{"@id":"https:\/\/www.bellunopress.it\/2026\/02\/23\/belluno-sindaco-per-un-giorno-ripartita-liniziativa-coinvolti-130-bambini\/#primaryimage"},"thumbnailUrl":"https:\/\/www.bellunopress.it\/wp-content\/uploads\/2024\/06\/Oscar-De-Pellegrin-sindaco_edited.jpg","articleSection":["Prima Pagina","Societ\u00e0, Associazioni, Istituzioni"],"inLanguage":"fr-FR"},{"@type":"WebPage","@id":"https:\/\/www.bellunopress.it\/2026\/02\/23\/belluno-sindaco-per-un-giorno-ripartita-liniziativa-coinvolti-130-bambini\/","url":"https:\/\/www.bellunopress.it\/2026\/02\/23\/belluno-sindaco-per-un-giorno-ripartita-liniziativa-coinvolti-130-bambini\/","name":"Belluno, Sindaco per un giorno: ripartita l'iniziativa, coinvolti 130 bambini - Bellunopress - Dolomiti","isPartOf":{"@id":"https:\/\/www.bellunopress.it\/#website"},"primaryImageOfPage":{"@id":"https:\/\/www.bellunopress.it\/2026\/02\/23\/belluno-sindaco-per-un-giorno-ripartita-liniziativa-coinvolti-130-bambini\/#primaryimage"},"image":{"@id":"https:\/\/www.bellunopress.it\/2026\/02\/23\/belluno-sindaco-per-un-giorno-ripartita-liniziativa-coinvolti-130-bambini\/#primaryimage"},"thumbnailUrl":"https:\/\/www.bellunopress.it\/wp-content\/uploads\/2024\/06\/Oscar-De-Pellegrin-sindaco_edited.jpg","datePublished":"2026-02-23T15:06:59+00:00","breadcrumb":{"@id":"https:\/\/www.bellunopress.it\/2026\/02\/23\/belluno-sindaco-per-un-giorno-ripartita-liniziativa-coinvolti-130-bambini\/#breadcrumb"},"inLanguage":"fr-FR","potentialAction":[{"@type":"ReadAction","target":["https:\/\/www.bellunopress.it\/2026\/02\/23\/belluno-sindaco-per-un-giorno-ripartita-liniziativa-coinvolti-130-bambini\/"]}]},{"@type":"ImageObject","inLanguage":"fr-FR","@id":"https:\/\/www.bellunopress.it\/2026\/02\/23\/belluno-sindaco-per-un-giorno-ripartita-liniziativa-coinvolti-130-bambini\/#primaryimage","url":"https:\/\/www.bellunopress.it\/wp-content\/uploads\/2024\/06\/Oscar-De-Pellegrin-sindaco_edited.jpg","contentUrl":"https:\/\/www.bellunopress.it\/wp-content\/uploads\/2024\/06\/Oscar-De-Pellegrin-sindaco_edited.jpg","width":979,"height":1000,"caption":"Oscar De Pellegrin, sindaco di Belluno"},{"@type":"BreadcrumbList","@id":"https:\/\/www.bellunopress.it\/2026\/02\/23\/belluno-sindaco-per-un-giorno-ripartita-liniziativa-coinvolti-130-bambini\/#breadcrumb","itemListElement":[{"@type":"ListItem","position":1,"name":"Home","item":"https:\/\/www.bellunopress.it\/"},{"@type":"ListItem","position":2,"name":"Belluno, Sindaco per un giorno: ripartita l&#8217;iniziativa, coinvolti 130 bambini"}]},{"@type":"WebSite","@id":"https:\/\/www.bellunopress.it\/#website","url":"https:\/\/www.bellunopress.it\/","name":"Bellunopress - Dolomiti","description":"e-mail: redazione@bellunopress.it","publisher":{"@id":"https:\/\/www.bellunopress.it\/#organization"},"potentialAction":[{"@type":"SearchAction","target":{"@type":"EntryPoint","urlTemplate":"https:\/\/www.bellunopress.it\/?s={search_term_string}"},"query-input":{"@type":"PropertyValueSpecification","valueRequired":true,"valueName":"search_term_string"}}],"inLanguage":"fr-FR"},{"@type":"Organization","@id":"https:\/\/www.bellunopress.it\/#organization","name":"Bellunopress","url":"https:\/\/www.bellunopress.it\/","logo":{"@type":"ImageObject","inLanguage":"fr-FR","@id":"https:\/\/www.bellunopress.it\/#\/schema\/logo\/image\/","url":"https:\/\/www.bellunopress.it\/wp-content\/uploads\/2011\/05\/cropped-logo-bellunopress-.jpg","contentUrl":"https:\/\/www.bellunopress.it\/wp-content\/uploads\/2011\/05\/cropped-logo-bellunopress-.jpg","width":512,"height":512,"caption":"Bellunopress"},"image":{"@id":"https:\/\/www.bellunopress.it\/#\/schema\/logo\/image\/"},"sameAs":["https:\/\/www.facebook.com\/profile.php?id=100008943462799","https:\/\/x.com\/bellunopress","https:\/\/www.linkedin.com\/hp\/?dnr=JBzUWaJfMUw8vbXJJ2tVW5-I3jZKvC4wsoxE&amp;amp;amp;amp;amp;amp;trk=nav_responsive_tab_home","https:\/\/www.youtube.com\/channel\/UCxL0wu1uN0_3_7hGG0306cw"]},{"@type":"Person","@id":"https:\/\/www.bellunopress.it\/#\/schema\/person\/79bb06722b37ece1c03d3e94beb30d73","name":"r\u00e9daction","image":{"@type":"ImageObject","inLanguage":"fr-FR","@id":"https:\/\/secure.gravatar.com\/avatar\/37d968a2e67a6fd04c169c4bdef102d0bc5d31b2546345219e348575eb80e9a0?s=96&d=mm&r=g","url":"https:\/\/secure.gravatar.com\/avatar\/37d968a2e67a6fd04c169c4bdef102d0bc5d31b2546345219e348575eb80e9a0?s=96&d=mm&r=g","contentUrl":"https:\/\/secure.gravatar.com\/avatar\/37d968a2e67a6fd04c169c4bdef102d0bc5d31b2546345219e348575eb80e9a0?s=96&d=mm&r=g","caption":"redazione"},"sameAs":["http:\/\/www.bellunopress.it","https:\/\/x.com\/bellunopress"],"url":"https:\/\/www.bellunopress.it\/fr\/author\/redazione\/"}]}},"_links":{"self":[{"href":"https:\/\/www.bellunopress.it\/fr\/wp-json\/wp\/v2\/posts\/167667","targetHints":{"allow":["GET"]}}],"collection":[{"href":"https:\/\/www.bellunopress.it\/fr\/wp-json\/wp\/v2\/posts"}],"about":[{"href":"https:\/\/www.bellunopress.it\/fr\/wp-json\/wp\/v2\/types\/post"}],"author":[{"embeddable":true,"href":"https:\/\/www.bellunopress.it\/fr\/wp-json\/wp\/v2\/users\/2"}],"replies":[{"embeddable":true,"href":"https:\/\/www.bellunopress.it\/fr\/wp-json\/wp\/v2\/comments?post=167667"}],"version-history":[{"count":1,"href":"https:\/\/www.bellunopress.it\/fr\/wp-json\/wp\/v2\/posts\/167667\/revisions"}],"predecessor-version":[{"id":167668,"href":"https:\/\/www.bellunopress.it\/fr\/wp-json\/wp\/v2\/posts\/167667\/revisions\/167668"}],"wp:featuredmedia":[{"embeddable":true,"href":"https:\/\/www.bellunopress.it\/fr\/wp-json\/wp\/v2\/media\/151884"}],"wp:attachment":[{"href":"https:\/\/www.bellunopress.it\/fr\/wp-json\/wp\/v2\/media?parent=167667"}],"wp:term":[{"taxonomy":"category","embeddable":true,"href":"https:\/\/www.bellunopress.it\/fr\/wp-json\/wp\/v2\/categories?post=167667"},{"taxonomy":"post_tag","embeddable":true,"href":"https:\/\/www.bellunopress.it\/fr\/wp-json\/wp\/v2\/tags?post=167667"}],"curies":[{"name":"wp","href":"https:\/\/api.w.org\/{rel}","templated":true}]}}