{"id":167653,"date":"2026-02-23T09:31:25","date_gmt":"2026-02-23T08:31:25","guid":{"rendered":"https:\/\/www.bellunopress.it\/?p=167653"},"modified":"2026-02-23T09:31:25","modified_gmt":"2026-02-23T08:31:25","slug":"cala-il-sipario-sulla-xxv-edizione-dei-giochi-olimpici-invernali-di-milano-cortina-2026","status":"publish","type":"post","link":"https:\/\/www.bellunopress.it\/fr\/2026\/02\/23\/cala-il-sipario-sulla-xxv-edizione-dei-giochi-olimpici-invernali-di-milano-cortina-2026\/","title":{"rendered":"Cala il sipario sulla XXV\u00b0 edizione dei Giochi Olimpici Invernali di Milano Cortina 2026"},"content":{"rendered":"<p><strong>Con l&#8217;88% dei biglietti venduti e oltre 113 milioni di interazioni digitali, si conferma un&#8217;edizione capace coinvolgere il mondo e generare un coinvolgimento senza precedenti<\/strong><\/p>\n<p>Milano, 22 febbraio 2026 &#8211; Durante la conferenza stampa finale tenutasi al Main Media Centre di Milano, il Presidente di Fondazione Milano Cortina 2026, Giovanni Malag\u00f2, e l&#8217;Amministratore Delegato, Andrea Varnier, hanno illustrato i risultati definitivi di ticketing e audience, confermando l&#8217;eccezionale risposta del pubblico e la crescita dell&#8217;interesse globale verso quest&#8217;edizione dei Giochi.<\/p>\n<p><strong>Ticketing: 1,3 milioni di biglietti venduti, l&#8217;88% del totale<\/strong><\/p>\n<p>I dati finali mostrano una risposta straordinaria da parte degli spettatori, con 1,3 milioni di biglietti venduti, pari a circa l&#8217;88% della disponibilit\u00e0 complessiva. L&#8217;evento ha attratto un pubblico fortemente internazionale con il 63% degli spettatori proveniente dall&#8217;estero, mentre il 37% era composto da pubblico italiano. Tra i Paesi non domestici pi\u00f9 presenti spiccano la Germania (15%), gli USA (14%), la Svizzera (6%), il Regno Unito (6%), i Paesi Bassi e Francia (4,5%), e il Canada (3,5%). Molte discipline hanno registrato percentuali di riempimento eccezionali, con diversi eventi prossimi al sold out, raggiunto dallo Skimo, disciplina al suo debuttato Olimpico, come Speed Skating e Short Track (95%), Figure Skating e Hockey (93%), Biathlon (92%), Alpine Skiing (91%), Ski Jumping (90%), Bobsleigh e Luge (88%).<\/p>\n<p><strong>Audience e digital engagement: numeri record in Italia e nel mondo<\/strong><\/p>\n<p>L&#8217;interesse globale per Milano Cortina 2026 si \u00e8 riflesso anche nei dati di audience e nelle performance digitali. Oltre 113,5 milioni di interazioni sui canali social ufficiali @milanocortina2026, circa 500.000 visitatori nei Fan Villages e 300.000 spettatori che hanno assistito agli 88 show del Calderone, uno dei simboli pi\u00f9 iconici dei Giochi.<\/p>","protected":false},"excerpt":{"rendered":"<p>Con l&#8217;88% dei biglietti venduti e oltre 113 milioni di interazioni digitali, si conferma un&#8217;edizione capace coinvolgere il mondo e generare un coinvolgimento senza precedenti Milano, 22 febbraio 2026 &#8211; Durante la conferenza stampa finale tenutasi al Main Media Centre di Milano, il Presidente di Fondazione Milano Cortina 2026, Giovanni Malag\u00f2, e l&#8217;Amministratore Delegato, Andrea [&hellip;]<\/p>\n","protected":false},"author":2,"featured_media":127993,"comment_status":"closed","ping_status":"open","sticky":false,"template":"","format":"standard","meta":{"footnotes":""},"categories":[36],"tags":[],"class_list":["post-167653","post","type-post","status-publish","format-standard","has-post-thumbnail","category-lavoro-economia"],"yoast_head":"<!-- This site is optimized with the Yoast SEO plugin v28.4 - https:\/\/yoast.com\/product\/yoast-seo-wordpress\/ -->\n<title>Cala il sipario sulla XXV\u00b0 edizione dei Giochi Olimpici Invernali di Milano Cortina 2026 - Bellunopress - Dolomiti<\/title>\n<meta name=\"robots\" content=\"index, follow, max-snippet:-1, max-image-preview:large, max-video-preview:-1\" \/>\n<link rel=\"canonical\" href=\"https:\/\/www.bellunopress.it\/fr\/2026\/02\/23\/cala-il-sipario-sulla-xxv-edizione-dei-giochi-olimpici-invernali-di-milano-cortina-2026\/\" \/>\n<meta property=\"og:locale\" content=\"fr_FR\" \/>\n<meta property=\"og:type\" content=\"article\" \/>\n<meta property=\"og:title\" content=\"Cala il sipario sulla XXV\u00b0 edizione dei Giochi Olimpici Invernali di Milano Cortina 2026 - Bellunopress - Dolomiti\" \/>\n<meta property=\"og:description\" content=\"Con l&#8217;88% dei biglietti venduti e oltre 113 milioni di interazioni digitali, si conferma un&#8217;edizione capace coinvolgere il mondo e generare un coinvolgimento senza precedenti Milano, 22 febbraio 2026 &#8211; Durante la conferenza stampa finale tenutasi al Main Media Centre di Milano, il Presidente di Fondazione Milano Cortina 2026, Giovanni Malag\u00f2, e l&#8217;Amministratore Delegato, Andrea [&hellip;]\" \/>\n<meta property=\"og:url\" content=\"https:\/\/www.bellunopress.it\/fr\/2026\/02\/23\/cala-il-sipario-sulla-xxv-edizione-dei-giochi-olimpici-invernali-di-milano-cortina-2026\/\" \/>\n<meta property=\"og:site_name\" content=\"Bellunopress - Dolomiti\" \/>\n<meta property=\"article:publisher\" content=\"https:\/\/www.facebook.com\/profile.php?id=100008943462799\" \/>\n<meta property=\"article:published_time\" content=\"2026-02-23T08:31:25+00:00\" \/>\n<meta property=\"og:image\" content=\"https:\/\/www.bellunopress.it\/wp-content\/uploads\/2021\/09\/Olimpiadi-invernali-2026-Milano-Cortina_edited.jpg\" \/>\n\t<meta property=\"og:image:width\" content=\"768\" \/>\n\t<meta property=\"og:image:height\" content=\"388\" \/>\n\t<meta property=\"og:image:type\" content=\"image\/jpeg\" \/>\n<meta name=\"author\" content=\"redazione\" \/>\n<meta name=\"twitter:card\" content=\"summary_large_image\" \/>\n<meta name=\"twitter:creator\" content=\"@bellunopress\" \/>\n<meta name=\"twitter:site\" content=\"@bellunopress\" \/>\n<meta name=\"twitter:label1\" content=\"\u00c9crit par\" \/>\n\t<meta name=\"twitter:data1\" content=\"redazione\" \/>\n\t<meta name=\"twitter:label2\" content=\"Dur\u00e9e de lecture estim\u00e9e\" \/>\n\t<meta name=\"twitter:data2\" content=\"1 minute\" \/>\n<script type=\"application\/ld+json\" class=\"yoast-schema-graph\">{\"@context\":\"https:\\\/\\\/schema.org\",\"@graph\":[{\"@type\":\"Article\",\"@id\":\"https:\\\/\\\/www.bellunopress.it\\\/2026\\\/02\\\/23\\\/cala-il-sipario-sulla-xxv-edizione-dei-giochi-olimpici-invernali-di-milano-cortina-2026\\\/#article\",\"isPartOf\":{\"@id\":\"https:\\\/\\\/www.bellunopress.it\\\/2026\\\/02\\\/23\\\/cala-il-sipario-sulla-xxv-edizione-dei-giochi-olimpici-invernali-di-milano-cortina-2026\\\/\"},\"author\":{\"name\":\"redazione\",\"@id\":\"https:\\\/\\\/www.bellunopress.it\\\/#\\\/schema\\\/person\\\/79bb06722b37ece1c03d3e94beb30d73\"},\"headline\":\"Cala il sipario sulla XXV\u00b0 edizione dei Giochi Olimpici Invernali di Milano Cortina 2026\",\"datePublished\":\"2026-02-23T08:31:25+00:00\",\"mainEntityOfPage\":{\"@id\":\"https:\\\/\\\/www.bellunopress.it\\\/2026\\\/02\\\/23\\\/cala-il-sipario-sulla-xxv-edizione-dei-giochi-olimpici-invernali-di-milano-cortina-2026\\\/\"},\"wordCount\":270,\"publisher\":{\"@id\":\"https:\\\/\\\/www.bellunopress.it\\\/#organization\"},\"image\":{\"@id\":\"https:\\\/\\\/www.bellunopress.it\\\/2026\\\/02\\\/23\\\/cala-il-sipario-sulla-xxv-edizione-dei-giochi-olimpici-invernali-di-milano-cortina-2026\\\/#primaryimage\"},\"thumbnailUrl\":\"https:\\\/\\\/www.bellunopress.it\\\/wp-content\\\/uploads\\\/2021\\\/09\\\/Olimpiadi-invernali-2026-Milano-Cortina_edited.jpg\",\"articleSection\":[\"Lavoro, Economia, Turismo\"],\"inLanguage\":\"fr-FR\"},{\"@type\":\"WebPage\",\"@id\":\"https:\\\/\\\/www.bellunopress.it\\\/2026\\\/02\\\/23\\\/cala-il-sipario-sulla-xxv-edizione-dei-giochi-olimpici-invernali-di-milano-cortina-2026\\\/\",\"url\":\"https:\\\/\\\/www.bellunopress.it\\\/2026\\\/02\\\/23\\\/cala-il-sipario-sulla-xxv-edizione-dei-giochi-olimpici-invernali-di-milano-cortina-2026\\\/\",\"name\":\"Cala il sipario sulla XXV\u00b0 edizione dei Giochi Olimpici Invernali di Milano Cortina 2026 - Bellunopress - Dolomiti\",\"isPartOf\":{\"@id\":\"https:\\\/\\\/www.bellunopress.it\\\/#website\"},\"primaryImageOfPage\":{\"@id\":\"https:\\\/\\\/www.bellunopress.it\\\/2026\\\/02\\\/23\\\/cala-il-sipario-sulla-xxv-edizione-dei-giochi-olimpici-invernali-di-milano-cortina-2026\\\/#primaryimage\"},\"image\":{\"@id\":\"https:\\\/\\\/www.bellunopress.it\\\/2026\\\/02\\\/23\\\/cala-il-sipario-sulla-xxv-edizione-dei-giochi-olimpici-invernali-di-milano-cortina-2026\\\/#primaryimage\"},\"thumbnailUrl\":\"https:\\\/\\\/www.bellunopress.it\\\/wp-content\\\/uploads\\\/2021\\\/09\\\/Olimpiadi-invernali-2026-Milano-Cortina_edited.jpg\",\"datePublished\":\"2026-02-23T08:31:25+00:00\",\"breadcrumb\":{\"@id\":\"https:\\\/\\\/www.bellunopress.it\\\/2026\\\/02\\\/23\\\/cala-il-sipario-sulla-xxv-edizione-dei-giochi-olimpici-invernali-di-milano-cortina-2026\\\/#breadcrumb\"},\"inLanguage\":\"fr-FR\",\"potentialAction\":[{\"@type\":\"ReadAction\",\"target\":[\"https:\\\/\\\/www.bellunopress.it\\\/2026\\\/02\\\/23\\\/cala-il-sipario-sulla-xxv-edizione-dei-giochi-olimpici-invernali-di-milano-cortina-2026\\\/\"]}]},{\"@type\":\"ImageObject\",\"inLanguage\":\"fr-FR\",\"@id\":\"https:\\\/\\\/www.bellunopress.it\\\/2026\\\/02\\\/23\\\/cala-il-sipario-sulla-xxv-edizione-dei-giochi-olimpici-invernali-di-milano-cortina-2026\\\/#primaryimage\",\"url\":\"https:\\\/\\\/www.bellunopress.it\\\/wp-content\\\/uploads\\\/2021\\\/09\\\/Olimpiadi-invernali-2026-Milano-Cortina_edited.jpg\",\"contentUrl\":\"https:\\\/\\\/www.bellunopress.it\\\/wp-content\\\/uploads\\\/2021\\\/09\\\/Olimpiadi-invernali-2026-Milano-Cortina_edited.jpg\",\"width\":768,\"height\":388},{\"@type\":\"BreadcrumbList\",\"@id\":\"https:\\\/\\\/www.bellunopress.it\\\/2026\\\/02\\\/23\\\/cala-il-sipario-sulla-xxv-edizione-dei-giochi-olimpici-invernali-di-milano-cortina-2026\\\/#breadcrumb\",\"itemListElement\":[{\"@type\":\"ListItem\",\"position\":1,\"name\":\"Home\",\"item\":\"https:\\\/\\\/www.bellunopress.it\\\/\"},{\"@type\":\"ListItem\",\"position\":2,\"name\":\"Cala il sipario sulla XXV\u00b0 edizione dei Giochi Olimpici Invernali di Milano Cortina 2026\"}]},{\"@type\":\"WebSite\",\"@id\":\"https:\\\/\\\/www.bellunopress.it\\\/#website\",\"url\":\"https:\\\/\\\/www.bellunopress.it\\\/\",\"name\":\"Bellunopress - Dolomiti\",\"description\":\"e-mail: redazione@bellunopress.it\",\"publisher\":{\"@id\":\"https:\\\/\\\/www.bellunopress.it\\\/#organization\"},\"potentialAction\":[{\"@type\":\"SearchAction\",\"target\":{\"@type\":\"EntryPoint\",\"urlTemplate\":\"https:\\\/\\\/www.bellunopress.it\\\/?s={search_term_string}\"},\"query-input\":{\"@type\":\"PropertyValueSpecification\",\"valueRequired\":true,\"valueName\":\"search_term_string\"}}],\"inLanguage\":\"fr-FR\"},{\"@type\":\"Organization\",\"@id\":\"https:\\\/\\\/www.bellunopress.it\\\/#organization\",\"name\":\"Bellunopress\",\"url\":\"https:\\\/\\\/www.bellunopress.it\\\/\",\"logo\":{\"@type\":\"ImageObject\",\"inLanguage\":\"fr-FR\",\"@id\":\"https:\\\/\\\/www.bellunopress.it\\\/#\\\/schema\\\/logo\\\/image\\\/\",\"url\":\"https:\\\/\\\/www.bellunopress.it\\\/wp-content\\\/uploads\\\/2011\\\/05\\\/cropped-logo-bellunopress-.jpg\",\"contentUrl\":\"https:\\\/\\\/www.bellunopress.it\\\/wp-content\\\/uploads\\\/2011\\\/05\\\/cropped-logo-bellunopress-.jpg\",\"width\":512,\"height\":512,\"caption\":\"Bellunopress\"},\"image\":{\"@id\":\"https:\\\/\\\/www.bellunopress.it\\\/#\\\/schema\\\/logo\\\/image\\\/\"},\"sameAs\":[\"https:\\\/\\\/www.facebook.com\\\/profile.php?id=100008943462799\",\"https:\\\/\\\/x.com\\\/bellunopress\",\"https:\\\/\\\/www.linkedin.com\\\/hp\\\/?dnr=JBzUWaJfMUw8vbXJJ2tVW5-I3jZKvC4wsoxE&amp;amp;amp;amp;amp;amp;trk=nav_responsive_tab_home\",\"https:\\\/\\\/www.youtube.com\\\/channel\\\/UCxL0wu1uN0_3_7hGG0306cw\"]},{\"@type\":\"Person\",\"@id\":\"https:\\\/\\\/www.bellunopress.it\\\/#\\\/schema\\\/person\\\/79bb06722b37ece1c03d3e94beb30d73\",\"name\":\"redazione\",\"image\":{\"@type\":\"ImageObject\",\"inLanguage\":\"fr-FR\",\"@id\":\"https:\\\/\\\/secure.gravatar.com\\\/avatar\\\/37d968a2e67a6fd04c169c4bdef102d0bc5d31b2546345219e348575eb80e9a0?s=96&d=mm&r=g\",\"url\":\"https:\\\/\\\/secure.gravatar.com\\\/avatar\\\/37d968a2e67a6fd04c169c4bdef102d0bc5d31b2546345219e348575eb80e9a0?s=96&d=mm&r=g\",\"contentUrl\":\"https:\\\/\\\/secure.gravatar.com\\\/avatar\\\/37d968a2e67a6fd04c169c4bdef102d0bc5d31b2546345219e348575eb80e9a0?s=96&d=mm&r=g\",\"caption\":\"redazione\"},\"sameAs\":[\"http:\\\/\\\/www.bellunopress.it\",\"https:\\\/\\\/x.com\\\/bellunopress\"],\"url\":\"https:\\\/\\\/www.bellunopress.it\\\/fr\\\/author\\\/redazione\\\/\"}]}<\/script>\n<!-- \/ Yoast SEO plugin. -->","yoast_head_json":{"title":"Cala il sipario sulla XXV\u00b0 edizione dei Giochi Olimpici Invernali di Milano Cortina 2026 - Bellunopress - Dolomiti","robots":{"index":"index","follow":"follow","max-snippet":"max-snippet:-1","max-image-preview":"max-image-preview:large","max-video-preview":"max-video-preview:-1"},"canonical":"https:\/\/www.bellunopress.it\/fr\/2026\/02\/23\/cala-il-sipario-sulla-xxv-edizione-dei-giochi-olimpici-invernali-di-milano-cortina-2026\/","og_locale":"fr_FR","og_type":"article","og_title":"Cala il sipario sulla XXV\u00b0 edizione dei Giochi Olimpici Invernali di Milano Cortina 2026 - Bellunopress - Dolomiti","og_description":"Con l&#8217;88% dei biglietti venduti e oltre 113 milioni di interazioni digitali, si conferma un&#8217;edizione capace coinvolgere il mondo e generare un coinvolgimento senza precedenti Milano, 22 febbraio 2026 &#8211; Durante la conferenza stampa finale tenutasi al Main Media Centre di Milano, il Presidente di Fondazione Milano Cortina 2026, Giovanni Malag\u00f2, e l&#8217;Amministratore Delegato, Andrea [&hellip;]","og_url":"https:\/\/www.bellunopress.it\/fr\/2026\/02\/23\/cala-il-sipario-sulla-xxv-edizione-dei-giochi-olimpici-invernali-di-milano-cortina-2026\/","og_site_name":"Bellunopress - Dolomiti","article_publisher":"https:\/\/www.facebook.com\/profile.php?id=100008943462799","article_published_time":"2026-02-23T08:31:25+00:00","og_image":[{"width":768,"height":388,"url":"https:\/\/www.bellunopress.it\/wp-content\/uploads\/2021\/09\/Olimpiadi-invernali-2026-Milano-Cortina_edited.jpg","type":"image\/jpeg"}],"author":"redazione","twitter_card":"summary_large_image","twitter_creator":"@bellunopress","twitter_site":"@bellunopress","twitter_misc":{"\u00c9crit par":"redazione","Dur\u00e9e de lecture estim\u00e9e":"1 minute"},"schema":{"@context":"https:\/\/schema.org","@graph":[{"@type":"Article","@id":"https:\/\/www.bellunopress.it\/2026\/02\/23\/cala-il-sipario-sulla-xxv-edizione-dei-giochi-olimpici-invernali-di-milano-cortina-2026\/#article","isPartOf":{"@id":"https:\/\/www.bellunopress.it\/2026\/02\/23\/cala-il-sipario-sulla-xxv-edizione-dei-giochi-olimpici-invernali-di-milano-cortina-2026\/"},"author":{"name":"redazione","@id":"https:\/\/www.bellunopress.it\/#\/schema\/person\/79bb06722b37ece1c03d3e94beb30d73"},"headline":"Cala il sipario sulla XXV\u00b0 edizione dei Giochi Olimpici Invernali di Milano Cortina 2026","datePublished":"2026-02-23T08:31:25+00:00","mainEntityOfPage":{"@id":"https:\/\/www.bellunopress.it\/2026\/02\/23\/cala-il-sipario-sulla-xxv-edizione-dei-giochi-olimpici-invernali-di-milano-cortina-2026\/"},"wordCount":270,"publisher":{"@id":"https:\/\/www.bellunopress.it\/#organization"},"image":{"@id":"https:\/\/www.bellunopress.it\/2026\/02\/23\/cala-il-sipario-sulla-xxv-edizione-dei-giochi-olimpici-invernali-di-milano-cortina-2026\/#primaryimage"},"thumbnailUrl":"https:\/\/www.bellunopress.it\/wp-content\/uploads\/2021\/09\/Olimpiadi-invernali-2026-Milano-Cortina_edited.jpg","articleSection":["Lavoro, Economia, Turismo"],"inLanguage":"fr-FR"},{"@type":"WebPage","@id":"https:\/\/www.bellunopress.it\/2026\/02\/23\/cala-il-sipario-sulla-xxv-edizione-dei-giochi-olimpici-invernali-di-milano-cortina-2026\/","url":"https:\/\/www.bellunopress.it\/2026\/02\/23\/cala-il-sipario-sulla-xxv-edizione-dei-giochi-olimpici-invernali-di-milano-cortina-2026\/","name":"Cala il sipario sulla XXV\u00b0 edizione dei Giochi Olimpici Invernali di Milano Cortina 2026 - Bellunopress - Dolomiti","isPartOf":{"@id":"https:\/\/www.bellunopress.it\/#website"},"primaryImageOfPage":{"@id":"https:\/\/www.bellunopress.it\/2026\/02\/23\/cala-il-sipario-sulla-xxv-edizione-dei-giochi-olimpici-invernali-di-milano-cortina-2026\/#primaryimage"},"image":{"@id":"https:\/\/www.bellunopress.it\/2026\/02\/23\/cala-il-sipario-sulla-xxv-edizione-dei-giochi-olimpici-invernali-di-milano-cortina-2026\/#primaryimage"},"thumbnailUrl":"https:\/\/www.bellunopress.it\/wp-content\/uploads\/2021\/09\/Olimpiadi-invernali-2026-Milano-Cortina_edited.jpg","datePublished":"2026-02-23T08:31:25+00:00","breadcrumb":{"@id":"https:\/\/www.bellunopress.it\/2026\/02\/23\/cala-il-sipario-sulla-xxv-edizione-dei-giochi-olimpici-invernali-di-milano-cortina-2026\/#breadcrumb"},"inLanguage":"fr-FR","potentialAction":[{"@type":"ReadAction","target":["https:\/\/www.bellunopress.it\/2026\/02\/23\/cala-il-sipario-sulla-xxv-edizione-dei-giochi-olimpici-invernali-di-milano-cortina-2026\/"]}]},{"@type":"ImageObject","inLanguage":"fr-FR","@id":"https:\/\/www.bellunopress.it\/2026\/02\/23\/cala-il-sipario-sulla-xxv-edizione-dei-giochi-olimpici-invernali-di-milano-cortina-2026\/#primaryimage","url":"https:\/\/www.bellunopress.it\/wp-content\/uploads\/2021\/09\/Olimpiadi-invernali-2026-Milano-Cortina_edited.jpg","contentUrl":"https:\/\/www.bellunopress.it\/wp-content\/uploads\/2021\/09\/Olimpiadi-invernali-2026-Milano-Cortina_edited.jpg","width":768,"height":388},{"@type":"BreadcrumbList","@id":"https:\/\/www.bellunopress.it\/2026\/02\/23\/cala-il-sipario-sulla-xxv-edizione-dei-giochi-olimpici-invernali-di-milano-cortina-2026\/#breadcrumb","itemListElement":[{"@type":"ListItem","position":1,"name":"Home","item":"https:\/\/www.bellunopress.it\/"},{"@type":"ListItem","position":2,"name":"Cala il sipario sulla XXV\u00b0 edizione dei Giochi Olimpici Invernali di Milano Cortina 2026"}]},{"@type":"WebSite","@id":"https:\/\/www.bellunopress.it\/#website","url":"https:\/\/www.bellunopress.it\/","name":"Bellunopress - Dolomiti","description":"e-mail: redazione@bellunopress.it","publisher":{"@id":"https:\/\/www.bellunopress.it\/#organization"},"potentialAction":[{"@type":"SearchAction","target":{"@type":"EntryPoint","urlTemplate":"https:\/\/www.bellunopress.it\/?s={search_term_string}"},"query-input":{"@type":"PropertyValueSpecification","valueRequired":true,"valueName":"search_term_string"}}],"inLanguage":"fr-FR"},{"@type":"Organization","@id":"https:\/\/www.bellunopress.it\/#organization","name":"Bellunopress","url":"https:\/\/www.bellunopress.it\/","logo":{"@type":"ImageObject","inLanguage":"fr-FR","@id":"https:\/\/www.bellunopress.it\/#\/schema\/logo\/image\/","url":"https:\/\/www.bellunopress.it\/wp-content\/uploads\/2011\/05\/cropped-logo-bellunopress-.jpg","contentUrl":"https:\/\/www.bellunopress.it\/wp-content\/uploads\/2011\/05\/cropped-logo-bellunopress-.jpg","width":512,"height":512,"caption":"Bellunopress"},"image":{"@id":"https:\/\/www.bellunopress.it\/#\/schema\/logo\/image\/"},"sameAs":["https:\/\/www.facebook.com\/profile.php?id=100008943462799","https:\/\/x.com\/bellunopress","https:\/\/www.linkedin.com\/hp\/?dnr=JBzUWaJfMUw8vbXJJ2tVW5-I3jZKvC4wsoxE&amp;amp;amp;amp;amp;amp;trk=nav_responsive_tab_home","https:\/\/www.youtube.com\/channel\/UCxL0wu1uN0_3_7hGG0306cw"]},{"@type":"Person","@id":"https:\/\/www.bellunopress.it\/#\/schema\/person\/79bb06722b37ece1c03d3e94beb30d73","name":"r\u00e9daction","image":{"@type":"ImageObject","inLanguage":"fr-FR","@id":"https:\/\/secure.gravatar.com\/avatar\/37d968a2e67a6fd04c169c4bdef102d0bc5d31b2546345219e348575eb80e9a0?s=96&d=mm&r=g","url":"https:\/\/secure.gravatar.com\/avatar\/37d968a2e67a6fd04c169c4bdef102d0bc5d31b2546345219e348575eb80e9a0?s=96&d=mm&r=g","contentUrl":"https:\/\/secure.gravatar.com\/avatar\/37d968a2e67a6fd04c169c4bdef102d0bc5d31b2546345219e348575eb80e9a0?s=96&d=mm&r=g","caption":"redazione"},"sameAs":["http:\/\/www.bellunopress.it","https:\/\/x.com\/bellunopress"],"url":"https:\/\/www.bellunopress.it\/fr\/author\/redazione\/"}]}},"_links":{"self":[{"href":"https:\/\/www.bellunopress.it\/fr\/wp-json\/wp\/v2\/posts\/167653","targetHints":{"allow":["GET"]}}],"collection":[{"href":"https:\/\/www.bellunopress.it\/fr\/wp-json\/wp\/v2\/posts"}],"about":[{"href":"https:\/\/www.bellunopress.it\/fr\/wp-json\/wp\/v2\/types\/post"}],"author":[{"embeddable":true,"href":"https:\/\/www.bellunopress.it\/fr\/wp-json\/wp\/v2\/users\/2"}],"replies":[{"embeddable":true,"href":"https:\/\/www.bellunopress.it\/fr\/wp-json\/wp\/v2\/comments?post=167653"}],"version-history":[{"count":1,"href":"https:\/\/www.bellunopress.it\/fr\/wp-json\/wp\/v2\/posts\/167653\/revisions"}],"predecessor-version":[{"id":167654,"href":"https:\/\/www.bellunopress.it\/fr\/wp-json\/wp\/v2\/posts\/167653\/revisions\/167654"}],"wp:featuredmedia":[{"embeddable":true,"href":"https:\/\/www.bellunopress.it\/fr\/wp-json\/wp\/v2\/media\/127993"}],"wp:attachment":[{"href":"https:\/\/www.bellunopress.it\/fr\/wp-json\/wp\/v2\/media?parent=167653"}],"wp:term":[{"taxonomy":"category","embeddable":true,"href":"https:\/\/www.bellunopress.it\/fr\/wp-json\/wp\/v2\/categories?post=167653"},{"taxonomy":"post_tag","embeddable":true,"href":"https:\/\/www.bellunopress.it\/fr\/wp-json\/wp\/v2\/tags?post=167653"}],"curies":[{"name":"wp","href":"https:\/\/api.w.org\/{rel}","templated":true}]}}