{"id":167635,"date":"2026-02-21T14:58:42","date_gmt":"2026-02-21T13:58:42","guid":{"rendered":"https:\/\/www.bellunopress.it\/?p=167635"},"modified":"2026-02-21T14:58:42","modified_gmt":"2026-02-21T13:58:42","slug":"manifattura-veneta-la-svolta-del-2025-produzione-in-crescita-e-lexport-sfida-i-dazi","status":"publish","type":"post","link":"https:\/\/www.bellunopress.it\/fr\/2026\/02\/21\/manifattura-veneta-la-svolta-del-2025-produzione-in-crescita-e-lexport-sfida-i-dazi\/","title":{"rendered":"Manifattura Veneta, la svolta del 2025: produzione in crescita e l\u2019export sfida i dazi"},"content":{"rendered":"<p data-path-to-node=\"3\"><b data-path-to-node=\"3\" data-index-in-node=\"0\">I dati del quarto trimestre mostrano un\u2019inversione di tendenza: +1,7% la produzione regionale. Recuperano gli ordini esteri (+3,9%), ma pesa l\u2019incognita USA su occhialeria e legno-arredo. Unioncamere: \u00abServe una strategia europea su India e Mercosur\u00bb.<\/b><\/p>\n<p data-path-to-node=\"4\">Venezia, 20 febbraio 2026 \u2013 Il manifatturiero veneto chiude il 2025 con un segnale di resilienza che pochi avrebbero osato sperare solo sei mesi fa. Nonostante il ritorno dei dazi e l\u2019instabilit\u00e0 dell\u2019ordine globale, il quarto trimestre dell\u2019anno certifica una &#8220;debole ma positiva&#8221; inversione di tendenza. I numeri elaborati da Unioncamere Veneto parlano chiaro: la produzione regionale segna un +1,7%, accompagnata da un aumento del fatturato (+2,1%) e, soprattutto, da un balzo degli ordinativi esteri, cresciuti del 3,9%.<\/p>\n<h3 data-path-to-node=\"5\">La mappa del recupero: macchinari al top, soffre l&#8217;occhialeria<\/h3>\n<p data-path-to-node=\"6\">Il quadro regionale \u00e8 per\u00f2 a tinte contrastanti. Se l\u2019industria dei macchinari corre, trainata anche dalle politiche fiscali tedesche, altri comparti storici del Made in Italy veneto pagano il prezzo del protezionismo.<\/p>\n<ul data-path-to-node=\"7\">\n<li>\n<p data-path-to-node=\"7,0,0\">Treviso-Belluno: In quest&#8217;area la produzione cresce del 2,0%, ma il settore legno-arredo accusa il colpo: le vendite negli USA sono crollate del 10,4%.<\/p>\n<\/li>\n<li>\n<p data-path-to-node=\"7,1,0\">Belluno e il &#8220;caso&#8221; occhiali: Il distretto bellunese torna a respirare dopo otto trimestri di calo, ma l\u2019occhialeria resta il fronte pi\u00f9 caldo. L&#8217;export verso gli Stati Uniti ha subito una contrazione record: -40%, pari a 277 milioni di euro in meno rispetto all&#8217;anno precedente. A compensare il dato \u00e8 la &#8220;filiera del freddo&#8221; (metalmeccanica), con vendite di macchinari industriali in crescita del 14%.<\/p>\n<\/li>\n<\/ul>\n<h3 data-path-to-node=\"8\">L&#8217;incognita dazi e la spinta dell&#8217;IA<\/h3>\n<p data-path-to-node=\"9\">Secondo l&#8217;analisi condotta con le Universit\u00e0 di Padova e Ca&#8217; Foscari, l&#8217;impatto dei dazi \u00e8 &#8220;eterogeneo&#8221;. Non colpisce solo chi esporta direttamente, ma anche le piccole imprese della subfornitura inserite nelle catene del valore globale.<\/p>\n<p data-path-to-node=\"10\">La risposta delle imprese sembra per\u00f2 orientata al futuro: si registra una forte accelerazione negli investimenti digitali. Per oltre un terzo delle aziende venete, l\u2019Intelligenza Artificiale \u00e8 diventata una priorit\u00e0 per rendere i processi pi\u00f9 flessibili e adattivi rispetto a scenari mondiali sempre pi\u00f9 imprevedibili.<\/p>\n<h3 data-path-to-node=\"11\">L\u2019appello di Unioncamere: \u00abBasta esitazioni su Mercosur e India\u00bb<\/h3>\n<p data-path-to-node=\"12\">Il Presidente di Unioncamere Veneto, Antonio Santocono, \u00e8 netto: \u00abDopo una lunga serie di semestri negativi, confermiamo un cambio di passo. Ma per rispondere alla crisi dell&#8217;ordine globale servono iniziative politiche europee che favoriscano la diversificazione\u00bb.<\/p>\n<p data-path-to-node=\"13\">Sulla stessa linea Mario Pozza, Presidente della Camera di Commercio di Treviso-Belluno, che invoca la ratifica degli accordi di libero scambio: \u00abCondivido gli avvertimenti di Draghi: l&#8217;Europa deve decidere se scrivere la propria agenda o subire quella di altri. Gli accordi con Mercosur e India sono fondamentali: nel 2024 l&#8217;export veneto verso queste aree valeva gi\u00e0 oltre 1,3 miliardi di euro. \u00c8 tempo di cambiare scala nelle nostre decisioni\u00bb.<\/p>\n<h3 data-path-to-node=\"14\">Prospettive 2026<\/h3>\n<p data-path-to-node=\"15\">Il &#8220;sentiment&#8221; degli imprenditori per il primo trimestre del 2026 \u00e8 in netto miglioramento rispetto alla scorsa estate. Sebbene prevalga un atteggiamento attendista, la fiducia sta tornando, sostenuta da un portafoglio ordini che ora garantisce mediamente 58 giorni di produzione (erano 52 a inizio anno). La sfida per il sistema camerale resta quella di accompagnare le PMI in una transizione che non \u00e8 pi\u00f9 solo tecnologica, ma geopolitica.<\/p>","protected":false},"excerpt":{"rendered":"<p>I dati del quarto trimestre mostrano un\u2019inversione di tendenza: +1,7% la produzione regionale. Recuperano gli ordini esteri (+3,9%), ma pesa l\u2019incognita USA su occhialeria e legno-arredo. Unioncamere: \u00abServe una strategia europea su India e Mercosur\u00bb. Venezia, 20 febbraio 2026 \u2013 Il manifatturiero veneto chiude il 2025 con un segnale di resilienza che pochi avrebbero osato [&hellip;]<\/p>\n","protected":false},"author":2,"featured_media":167636,"comment_status":"closed","ping_status":"open","sticky":false,"template":"","format":"standard","meta":{"footnotes":""},"categories":[36],"tags":[],"class_list":["post-167635","post","type-post","status-publish","format-standard","has-post-thumbnail","category-lavoro-economia"],"yoast_head":"<!-- This site is optimized with the Yoast SEO plugin v28.4 - https:\/\/yoast.com\/product\/yoast-seo-wordpress\/ -->\n<title>Manifattura Veneta, la svolta del 2025: produzione in crescita e l\u2019export sfida i dazi - Bellunopress - Dolomiti<\/title>\n<meta name=\"robots\" content=\"index, follow, max-snippet:-1, max-image-preview:large, max-video-preview:-1\" \/>\n<link rel=\"canonical\" href=\"https:\/\/www.bellunopress.it\/fr\/2026\/02\/21\/manifattura-veneta-la-svolta-del-2025-produzione-in-crescita-e-lexport-sfida-i-dazi\/\" \/>\n<meta property=\"og:locale\" content=\"fr_FR\" \/>\n<meta property=\"og:type\" content=\"article\" \/>\n<meta property=\"og:title\" content=\"Manifattura Veneta, la svolta del 2025: produzione in crescita e l\u2019export sfida i dazi - Bellunopress - Dolomiti\" \/>\n<meta property=\"og:description\" content=\"I dati del quarto trimestre mostrano un\u2019inversione di tendenza: +1,7% la produzione regionale. Recuperano gli ordini esteri (+3,9%), ma pesa l\u2019incognita USA su occhialeria e legno-arredo. Unioncamere: \u00abServe una strategia europea su India e Mercosur\u00bb. Venezia, 20 febbraio 2026 \u2013 Il manifatturiero veneto chiude il 2025 con un segnale di resilienza che pochi avrebbero osato [&hellip;]\" \/>\n<meta property=\"og:url\" content=\"https:\/\/www.bellunopress.it\/fr\/2026\/02\/21\/manifattura-veneta-la-svolta-del-2025-produzione-in-crescita-e-lexport-sfida-i-dazi\/\" \/>\n<meta property=\"og:site_name\" content=\"Bellunopress - Dolomiti\" \/>\n<meta property=\"article:publisher\" content=\"https:\/\/www.facebook.com\/profile.php?id=100008943462799\" \/>\n<meta property=\"article:published_time\" content=\"2026-02-21T13:58:42+00:00\" \/>\n<meta property=\"og:image\" content=\"https:\/\/www.bellunopress.it\/wp-content\/uploads\/2026\/02\/Umioncamere-veneto.jpeg\" \/>\n\t<meta property=\"og:image:width\" content=\"500\" \/>\n\t<meta property=\"og:image:height\" content=\"304\" \/>\n\t<meta property=\"og:image:type\" content=\"image\/jpeg\" \/>\n<meta name=\"author\" content=\"redazione\" \/>\n<meta name=\"twitter:card\" content=\"summary_large_image\" \/>\n<meta name=\"twitter:creator\" content=\"@bellunopress\" \/>\n<meta name=\"twitter:site\" content=\"@bellunopress\" \/>\n<meta name=\"twitter:label1\" content=\"\u00c9crit par\" \/>\n\t<meta name=\"twitter:data1\" content=\"redazione\" \/>\n\t<meta name=\"twitter:label2\" content=\"Dur\u00e9e de lecture estim\u00e9e\" \/>\n\t<meta name=\"twitter:data2\" content=\"2 minutes\" \/>\n<script type=\"application\/ld+json\" class=\"yoast-schema-graph\">{\"@context\":\"https:\\\/\\\/schema.org\",\"@graph\":[{\"@type\":\"Article\",\"@id\":\"https:\\\/\\\/www.bellunopress.it\\\/2026\\\/02\\\/21\\\/manifattura-veneta-la-svolta-del-2025-produzione-in-crescita-e-lexport-sfida-i-dazi\\\/#article\",\"isPartOf\":{\"@id\":\"https:\\\/\\\/www.bellunopress.it\\\/2026\\\/02\\\/21\\\/manifattura-veneta-la-svolta-del-2025-produzione-in-crescita-e-lexport-sfida-i-dazi\\\/\"},\"author\":{\"name\":\"redazione\",\"@id\":\"https:\\\/\\\/www.bellunopress.it\\\/#\\\/schema\\\/person\\\/79bb06722b37ece1c03d3e94beb30d73\"},\"headline\":\"Manifattura Veneta, la svolta del 2025: produzione in crescita e l\u2019export sfida i dazi\",\"datePublished\":\"2026-02-21T13:58:42+00:00\",\"mainEntityOfPage\":{\"@id\":\"https:\\\/\\\/www.bellunopress.it\\\/2026\\\/02\\\/21\\\/manifattura-veneta-la-svolta-del-2025-produzione-in-crescita-e-lexport-sfida-i-dazi\\\/\"},\"wordCount\":518,\"publisher\":{\"@id\":\"https:\\\/\\\/www.bellunopress.it\\\/#organization\"},\"image\":{\"@id\":\"https:\\\/\\\/www.bellunopress.it\\\/2026\\\/02\\\/21\\\/manifattura-veneta-la-svolta-del-2025-produzione-in-crescita-e-lexport-sfida-i-dazi\\\/#primaryimage\"},\"thumbnailUrl\":\"https:\\\/\\\/www.bellunopress.it\\\/wp-content\\\/uploads\\\/2026\\\/02\\\/Umioncamere-veneto.jpeg\",\"articleSection\":[\"Lavoro, Economia, Turismo\"],\"inLanguage\":\"fr-FR\"},{\"@type\":\"WebPage\",\"@id\":\"https:\\\/\\\/www.bellunopress.it\\\/2026\\\/02\\\/21\\\/manifattura-veneta-la-svolta-del-2025-produzione-in-crescita-e-lexport-sfida-i-dazi\\\/\",\"url\":\"https:\\\/\\\/www.bellunopress.it\\\/2026\\\/02\\\/21\\\/manifattura-veneta-la-svolta-del-2025-produzione-in-crescita-e-lexport-sfida-i-dazi\\\/\",\"name\":\"Manifattura Veneta, la svolta del 2025: produzione in crescita e l\u2019export sfida i dazi - Bellunopress - Dolomiti\",\"isPartOf\":{\"@id\":\"https:\\\/\\\/www.bellunopress.it\\\/#website\"},\"primaryImageOfPage\":{\"@id\":\"https:\\\/\\\/www.bellunopress.it\\\/2026\\\/02\\\/21\\\/manifattura-veneta-la-svolta-del-2025-produzione-in-crescita-e-lexport-sfida-i-dazi\\\/#primaryimage\"},\"image\":{\"@id\":\"https:\\\/\\\/www.bellunopress.it\\\/2026\\\/02\\\/21\\\/manifattura-veneta-la-svolta-del-2025-produzione-in-crescita-e-lexport-sfida-i-dazi\\\/#primaryimage\"},\"thumbnailUrl\":\"https:\\\/\\\/www.bellunopress.it\\\/wp-content\\\/uploads\\\/2026\\\/02\\\/Umioncamere-veneto.jpeg\",\"datePublished\":\"2026-02-21T13:58:42+00:00\",\"breadcrumb\":{\"@id\":\"https:\\\/\\\/www.bellunopress.it\\\/2026\\\/02\\\/21\\\/manifattura-veneta-la-svolta-del-2025-produzione-in-crescita-e-lexport-sfida-i-dazi\\\/#breadcrumb\"},\"inLanguage\":\"fr-FR\",\"potentialAction\":[{\"@type\":\"ReadAction\",\"target\":[\"https:\\\/\\\/www.bellunopress.it\\\/2026\\\/02\\\/21\\\/manifattura-veneta-la-svolta-del-2025-produzione-in-crescita-e-lexport-sfida-i-dazi\\\/\"]}]},{\"@type\":\"ImageObject\",\"inLanguage\":\"fr-FR\",\"@id\":\"https:\\\/\\\/www.bellunopress.it\\\/2026\\\/02\\\/21\\\/manifattura-veneta-la-svolta-del-2025-produzione-in-crescita-e-lexport-sfida-i-dazi\\\/#primaryimage\",\"url\":\"https:\\\/\\\/www.bellunopress.it\\\/wp-content\\\/uploads\\\/2026\\\/02\\\/Umioncamere-veneto.jpeg\",\"contentUrl\":\"https:\\\/\\\/www.bellunopress.it\\\/wp-content\\\/uploads\\\/2026\\\/02\\\/Umioncamere-veneto.jpeg\",\"width\":500,\"height\":304},{\"@type\":\"BreadcrumbList\",\"@id\":\"https:\\\/\\\/www.bellunopress.it\\\/2026\\\/02\\\/21\\\/manifattura-veneta-la-svolta-del-2025-produzione-in-crescita-e-lexport-sfida-i-dazi\\\/#breadcrumb\",\"itemListElement\":[{\"@type\":\"ListItem\",\"position\":1,\"name\":\"Home\",\"item\":\"https:\\\/\\\/www.bellunopress.it\\\/\"},{\"@type\":\"ListItem\",\"position\":2,\"name\":\"Manifattura Veneta, la svolta del 2025: produzione in crescita e l\u2019export sfida i dazi\"}]},{\"@type\":\"WebSite\",\"@id\":\"https:\\\/\\\/www.bellunopress.it\\\/#website\",\"url\":\"https:\\\/\\\/www.bellunopress.it\\\/\",\"name\":\"Bellunopress - Dolomiti\",\"description\":\"e-mail: redazione@bellunopress.it\",\"publisher\":{\"@id\":\"https:\\\/\\\/www.bellunopress.it\\\/#organization\"},\"potentialAction\":[{\"@type\":\"SearchAction\",\"target\":{\"@type\":\"EntryPoint\",\"urlTemplate\":\"https:\\\/\\\/www.bellunopress.it\\\/?s={search_term_string}\"},\"query-input\":{\"@type\":\"PropertyValueSpecification\",\"valueRequired\":true,\"valueName\":\"search_term_string\"}}],\"inLanguage\":\"fr-FR\"},{\"@type\":\"Organization\",\"@id\":\"https:\\\/\\\/www.bellunopress.it\\\/#organization\",\"name\":\"Bellunopress\",\"url\":\"https:\\\/\\\/www.bellunopress.it\\\/\",\"logo\":{\"@type\":\"ImageObject\",\"inLanguage\":\"fr-FR\",\"@id\":\"https:\\\/\\\/www.bellunopress.it\\\/#\\\/schema\\\/logo\\\/image\\\/\",\"url\":\"https:\\\/\\\/www.bellunopress.it\\\/wp-content\\\/uploads\\\/2011\\\/05\\\/cropped-logo-bellunopress-.jpg\",\"contentUrl\":\"https:\\\/\\\/www.bellunopress.it\\\/wp-content\\\/uploads\\\/2011\\\/05\\\/cropped-logo-bellunopress-.jpg\",\"width\":512,\"height\":512,\"caption\":\"Bellunopress\"},\"image\":{\"@id\":\"https:\\\/\\\/www.bellunopress.it\\\/#\\\/schema\\\/logo\\\/image\\\/\"},\"sameAs\":[\"https:\\\/\\\/www.facebook.com\\\/profile.php?id=100008943462799\",\"https:\\\/\\\/x.com\\\/bellunopress\",\"https:\\\/\\\/www.linkedin.com\\\/hp\\\/?dnr=JBzUWaJfMUw8vbXJJ2tVW5-I3jZKvC4wsoxE&amp;amp;amp;amp;amp;amp;trk=nav_responsive_tab_home\",\"https:\\\/\\\/www.youtube.com\\\/channel\\\/UCxL0wu1uN0_3_7hGG0306cw\"]},{\"@type\":\"Person\",\"@id\":\"https:\\\/\\\/www.bellunopress.it\\\/#\\\/schema\\\/person\\\/79bb06722b37ece1c03d3e94beb30d73\",\"name\":\"redazione\",\"image\":{\"@type\":\"ImageObject\",\"inLanguage\":\"fr-FR\",\"@id\":\"https:\\\/\\\/secure.gravatar.com\\\/avatar\\\/37d968a2e67a6fd04c169c4bdef102d0bc5d31b2546345219e348575eb80e9a0?s=96&d=mm&r=g\",\"url\":\"https:\\\/\\\/secure.gravatar.com\\\/avatar\\\/37d968a2e67a6fd04c169c4bdef102d0bc5d31b2546345219e348575eb80e9a0?s=96&d=mm&r=g\",\"contentUrl\":\"https:\\\/\\\/secure.gravatar.com\\\/avatar\\\/37d968a2e67a6fd04c169c4bdef102d0bc5d31b2546345219e348575eb80e9a0?s=96&d=mm&r=g\",\"caption\":\"redazione\"},\"sameAs\":[\"http:\\\/\\\/www.bellunopress.it\",\"https:\\\/\\\/x.com\\\/bellunopress\"],\"url\":\"https:\\\/\\\/www.bellunopress.it\\\/fr\\\/author\\\/redazione\\\/\"}]}<\/script>\n<!-- \/ Yoast SEO plugin. -->","yoast_head_json":{"title":"Manifattura Veneta, la svolta del 2025: produzione in crescita e l\u2019export sfida i dazi - Bellunopress - Dolomiti","robots":{"index":"index","follow":"follow","max-snippet":"max-snippet:-1","max-image-preview":"max-image-preview:large","max-video-preview":"max-video-preview:-1"},"canonical":"https:\/\/www.bellunopress.it\/fr\/2026\/02\/21\/manifattura-veneta-la-svolta-del-2025-produzione-in-crescita-e-lexport-sfida-i-dazi\/","og_locale":"fr_FR","og_type":"article","og_title":"Manifattura Veneta, la svolta del 2025: produzione in crescita e l\u2019export sfida i dazi - Bellunopress - Dolomiti","og_description":"I dati del quarto trimestre mostrano un\u2019inversione di tendenza: +1,7% la produzione regionale. Recuperano gli ordini esteri (+3,9%), ma pesa l\u2019incognita USA su occhialeria e legno-arredo. Unioncamere: \u00abServe una strategia europea su India e Mercosur\u00bb. Venezia, 20 febbraio 2026 \u2013 Il manifatturiero veneto chiude il 2025 con un segnale di resilienza che pochi avrebbero osato [&hellip;]","og_url":"https:\/\/www.bellunopress.it\/fr\/2026\/02\/21\/manifattura-veneta-la-svolta-del-2025-produzione-in-crescita-e-lexport-sfida-i-dazi\/","og_site_name":"Bellunopress - Dolomiti","article_publisher":"https:\/\/www.facebook.com\/profile.php?id=100008943462799","article_published_time":"2026-02-21T13:58:42+00:00","og_image":[{"width":500,"height":304,"url":"https:\/\/www.bellunopress.it\/wp-content\/uploads\/2026\/02\/Umioncamere-veneto.jpeg","type":"image\/jpeg"}],"author":"redazione","twitter_card":"summary_large_image","twitter_creator":"@bellunopress","twitter_site":"@bellunopress","twitter_misc":{"\u00c9crit par":"redazione","Dur\u00e9e de lecture estim\u00e9e":"2 minutes"},"schema":{"@context":"https:\/\/schema.org","@graph":[{"@type":"Article","@id":"https:\/\/www.bellunopress.it\/2026\/02\/21\/manifattura-veneta-la-svolta-del-2025-produzione-in-crescita-e-lexport-sfida-i-dazi\/#article","isPartOf":{"@id":"https:\/\/www.bellunopress.it\/2026\/02\/21\/manifattura-veneta-la-svolta-del-2025-produzione-in-crescita-e-lexport-sfida-i-dazi\/"},"author":{"name":"redazione","@id":"https:\/\/www.bellunopress.it\/#\/schema\/person\/79bb06722b37ece1c03d3e94beb30d73"},"headline":"Manifattura Veneta, la svolta del 2025: produzione in crescita e l\u2019export sfida i dazi","datePublished":"2026-02-21T13:58:42+00:00","mainEntityOfPage":{"@id":"https:\/\/www.bellunopress.it\/2026\/02\/21\/manifattura-veneta-la-svolta-del-2025-produzione-in-crescita-e-lexport-sfida-i-dazi\/"},"wordCount":518,"publisher":{"@id":"https:\/\/www.bellunopress.it\/#organization"},"image":{"@id":"https:\/\/www.bellunopress.it\/2026\/02\/21\/manifattura-veneta-la-svolta-del-2025-produzione-in-crescita-e-lexport-sfida-i-dazi\/#primaryimage"},"thumbnailUrl":"https:\/\/www.bellunopress.it\/wp-content\/uploads\/2026\/02\/Umioncamere-veneto.jpeg","articleSection":["Lavoro, Economia, Turismo"],"inLanguage":"fr-FR"},{"@type":"WebPage","@id":"https:\/\/www.bellunopress.it\/2026\/02\/21\/manifattura-veneta-la-svolta-del-2025-produzione-in-crescita-e-lexport-sfida-i-dazi\/","url":"https:\/\/www.bellunopress.it\/2026\/02\/21\/manifattura-veneta-la-svolta-del-2025-produzione-in-crescita-e-lexport-sfida-i-dazi\/","name":"Manifattura Veneta, la svolta del 2025: produzione in crescita e l\u2019export sfida i dazi - Bellunopress - Dolomiti","isPartOf":{"@id":"https:\/\/www.bellunopress.it\/#website"},"primaryImageOfPage":{"@id":"https:\/\/www.bellunopress.it\/2026\/02\/21\/manifattura-veneta-la-svolta-del-2025-produzione-in-crescita-e-lexport-sfida-i-dazi\/#primaryimage"},"image":{"@id":"https:\/\/www.bellunopress.it\/2026\/02\/21\/manifattura-veneta-la-svolta-del-2025-produzione-in-crescita-e-lexport-sfida-i-dazi\/#primaryimage"},"thumbnailUrl":"https:\/\/www.bellunopress.it\/wp-content\/uploads\/2026\/02\/Umioncamere-veneto.jpeg","datePublished":"2026-02-21T13:58:42+00:00","breadcrumb":{"@id":"https:\/\/www.bellunopress.it\/2026\/02\/21\/manifattura-veneta-la-svolta-del-2025-produzione-in-crescita-e-lexport-sfida-i-dazi\/#breadcrumb"},"inLanguage":"fr-FR","potentialAction":[{"@type":"ReadAction","target":["https:\/\/www.bellunopress.it\/2026\/02\/21\/manifattura-veneta-la-svolta-del-2025-produzione-in-crescita-e-lexport-sfida-i-dazi\/"]}]},{"@type":"ImageObject","inLanguage":"fr-FR","@id":"https:\/\/www.bellunopress.it\/2026\/02\/21\/manifattura-veneta-la-svolta-del-2025-produzione-in-crescita-e-lexport-sfida-i-dazi\/#primaryimage","url":"https:\/\/www.bellunopress.it\/wp-content\/uploads\/2026\/02\/Umioncamere-veneto.jpeg","contentUrl":"https:\/\/www.bellunopress.it\/wp-content\/uploads\/2026\/02\/Umioncamere-veneto.jpeg","width":500,"height":304},{"@type":"BreadcrumbList","@id":"https:\/\/www.bellunopress.it\/2026\/02\/21\/manifattura-veneta-la-svolta-del-2025-produzione-in-crescita-e-lexport-sfida-i-dazi\/#breadcrumb","itemListElement":[{"@type":"ListItem","position":1,"name":"Home","item":"https:\/\/www.bellunopress.it\/"},{"@type":"ListItem","position":2,"name":"Manifattura Veneta, la svolta del 2025: produzione in crescita e l\u2019export sfida i dazi"}]},{"@type":"WebSite","@id":"https:\/\/www.bellunopress.it\/#website","url":"https:\/\/www.bellunopress.it\/","name":"Bellunopress - Dolomiti","description":"e-mail: redazione@bellunopress.it","publisher":{"@id":"https:\/\/www.bellunopress.it\/#organization"},"potentialAction":[{"@type":"SearchAction","target":{"@type":"EntryPoint","urlTemplate":"https:\/\/www.bellunopress.it\/?s={search_term_string}"},"query-input":{"@type":"PropertyValueSpecification","valueRequired":true,"valueName":"search_term_string"}}],"inLanguage":"fr-FR"},{"@type":"Organization","@id":"https:\/\/www.bellunopress.it\/#organization","name":"Bellunopress","url":"https:\/\/www.bellunopress.it\/","logo":{"@type":"ImageObject","inLanguage":"fr-FR","@id":"https:\/\/www.bellunopress.it\/#\/schema\/logo\/image\/","url":"https:\/\/www.bellunopress.it\/wp-content\/uploads\/2011\/05\/cropped-logo-bellunopress-.jpg","contentUrl":"https:\/\/www.bellunopress.it\/wp-content\/uploads\/2011\/05\/cropped-logo-bellunopress-.jpg","width":512,"height":512,"caption":"Bellunopress"},"image":{"@id":"https:\/\/www.bellunopress.it\/#\/schema\/logo\/image\/"},"sameAs":["https:\/\/www.facebook.com\/profile.php?id=100008943462799","https:\/\/x.com\/bellunopress","https:\/\/www.linkedin.com\/hp\/?dnr=JBzUWaJfMUw8vbXJJ2tVW5-I3jZKvC4wsoxE&amp;amp;amp;amp;amp;amp;trk=nav_responsive_tab_home","https:\/\/www.youtube.com\/channel\/UCxL0wu1uN0_3_7hGG0306cw"]},{"@type":"Person","@id":"https:\/\/www.bellunopress.it\/#\/schema\/person\/79bb06722b37ece1c03d3e94beb30d73","name":"r\u00e9daction","image":{"@type":"ImageObject","inLanguage":"fr-FR","@id":"https:\/\/secure.gravatar.com\/avatar\/37d968a2e67a6fd04c169c4bdef102d0bc5d31b2546345219e348575eb80e9a0?s=96&d=mm&r=g","url":"https:\/\/secure.gravatar.com\/avatar\/37d968a2e67a6fd04c169c4bdef102d0bc5d31b2546345219e348575eb80e9a0?s=96&d=mm&r=g","contentUrl":"https:\/\/secure.gravatar.com\/avatar\/37d968a2e67a6fd04c169c4bdef102d0bc5d31b2546345219e348575eb80e9a0?s=96&d=mm&r=g","caption":"redazione"},"sameAs":["http:\/\/www.bellunopress.it","https:\/\/x.com\/bellunopress"],"url":"https:\/\/www.bellunopress.it\/fr\/author\/redazione\/"}]}},"_links":{"self":[{"href":"https:\/\/www.bellunopress.it\/fr\/wp-json\/wp\/v2\/posts\/167635","targetHints":{"allow":["GET"]}}],"collection":[{"href":"https:\/\/www.bellunopress.it\/fr\/wp-json\/wp\/v2\/posts"}],"about":[{"href":"https:\/\/www.bellunopress.it\/fr\/wp-json\/wp\/v2\/types\/post"}],"author":[{"embeddable":true,"href":"https:\/\/www.bellunopress.it\/fr\/wp-json\/wp\/v2\/users\/2"}],"replies":[{"embeddable":true,"href":"https:\/\/www.bellunopress.it\/fr\/wp-json\/wp\/v2\/comments?post=167635"}],"version-history":[{"count":1,"href":"https:\/\/www.bellunopress.it\/fr\/wp-json\/wp\/v2\/posts\/167635\/revisions"}],"predecessor-version":[{"id":167637,"href":"https:\/\/www.bellunopress.it\/fr\/wp-json\/wp\/v2\/posts\/167635\/revisions\/167637"}],"wp:featuredmedia":[{"embeddable":true,"href":"https:\/\/www.bellunopress.it\/fr\/wp-json\/wp\/v2\/media\/167636"}],"wp:attachment":[{"href":"https:\/\/www.bellunopress.it\/fr\/wp-json\/wp\/v2\/media?parent=167635"}],"wp:term":[{"taxonomy":"category","embeddable":true,"href":"https:\/\/www.bellunopress.it\/fr\/wp-json\/wp\/v2\/categories?post=167635"},{"taxonomy":"post_tag","embeddable":true,"href":"https:\/\/www.bellunopress.it\/fr\/wp-json\/wp\/v2\/tags?post=167635"}],"curies":[{"name":"wp","href":"https:\/\/api.w.org\/{rel}","templated":true}]}}