{"id":167631,"date":"2026-02-21T13:50:42","date_gmt":"2026-02-21T12:50:42","guid":{"rendered":"https:\/\/www.bellunopress.it\/?p=167631"},"modified":"2026-02-21T13:50:42","modified_gmt":"2026-02-21T12:50:42","slug":"elezioni-provinciali-il-centrodestra-unito-sceglie-staunovo-polacco-persona-preparata-e-amministratore-esperto","status":"publish","type":"post","link":"https:\/\/www.bellunopress.it\/fr\/2026\/02\/21\/elezioni-provinciali-il-centrodestra-unito-sceglie-staunovo-polacco-persona-preparata-e-amministratore-esperto\/","title":{"rendered":"Elezioni provinciali, il centrodestra unito sceglie Staunovo Polacco: &#8220;Persona preparata e amministratore esperto&#8221;"},"content":{"rendered":"<p>\u00c8 il sindaco di Comelico Superiore e presidente del Consorzio Bim Piave, Marco Staunovo Polacco, il candidato presidente alle elezioni provinciali del 18 marzo per il centrodestra bellunese; a mettere nero su bianco la decisione, i rappresentanti dei partiti che gi\u00e0 alle elezioni regionali di novembre avevano vittoriosamente corso uniti: Fratelli d&#8217;Italia, Lega, Forza Italia, Liga Veneta Repubblica e Unione Di Centro.<\/p>\n<p>A spiegare la scelta \u00e8 la presidente provinciale FdI, Silvia Calligaro, che si fa portavoce del pensiero dei colleghi di coalizione: &#8220;Siamo convinti che Staunovo Polacco possa essere la figura ideale di raccordo tra tutte le forze politiche di centrodestra. La scelta \u00e8 caduta su di lui perch\u00e9 \u00e8 una persona seria e preparata e un amministratore esperto, forte dell&#8217;esperienza di un sindaco al suo terzo mandato: questo gli permetter\u00e0 di affrontare senza timori le sfide che la Provincia dovr\u00e0 affrontare nel prossimo futuro. In questi anni di incarico al Consorzio Bim Piave, inoltre, si \u00e8 sempre distinto per la sua capacit\u00e0 di fare sintesi tra i sindaci e tra i territori; un&#8217;esperienza, questa, fondamentale quando nel rappresentare l&#8217;intera provincia dovr\u00e0 fare da collante tra le varie anime e le diverse vallate bellunesi&#8221;.<\/p>\n<p>Il documento di sostegno alla &#8220;candidatura condivisa e unitaria&#8221; di Staunovo Polacco alla guida di Palazzo Piloni parla infatti di &#8220;un profilo in grado di garantire autorevolezza, ascolto dei territori e capacit\u00e0 di guida in una fase che richiede scelte chiare su infrastrutture, servizi, viabilit\u00e0, scuola, difesa del suolo e valorizzazione delle aree montane&#8221;; il testo \u00e8 stato sottoscritto da tutti i rappresentanti provinciali dei partiti di centro destra: oltre a Silvia Calligaro per Fratelli d&#8217;Italia, anche Andrea De Bernardin per la Lega, Dario Scopel per Forza Italia, Franco Roccon per la Liga Veneta Repubblica e Gianluca Dal Borgo per l&#8217;Udc.<\/p>","protected":false},"excerpt":{"rendered":"<p>\u00c8 il sindaco di Comelico Superiore e presidente del Consorzio Bim Piave, Marco Staunovo Polacco, il candidato presidente alle elezioni provinciali del 18 marzo per il centrodestra bellunese; a mettere nero su bianco la decisione, i rappresentanti dei partiti che gi\u00e0 alle elezioni regionali di novembre avevano vittoriosamente corso uniti: Fratelli d&#8217;Italia, Lega, Forza Italia, [&hellip;]<\/p>\n","protected":false},"author":2,"featured_media":167633,"comment_status":"closed","ping_status":"open","sticky":false,"template":"","format":"standard","meta":{"footnotes":""},"categories":[5,26],"tags":[],"class_list":["post-167631","post","type-post","status-publish","format-standard","has-post-thumbnail","category-cronaca","category-prima-pagina"],"yoast_head":"<!-- This site is optimized with the Yoast SEO plugin v28.4 - https:\/\/yoast.com\/product\/yoast-seo-wordpress\/ -->\n<title>Elezioni provinciali, il centrodestra unito sceglie Staunovo Polacco: &quot;Persona preparata e amministratore esperto&quot; - Bellunopress - Dolomiti<\/title>\n<meta name=\"robots\" content=\"index, follow, max-snippet:-1, max-image-preview:large, max-video-preview:-1\" \/>\n<link rel=\"canonical\" href=\"https:\/\/www.bellunopress.it\/fr\/2026\/02\/21\/elezioni-provinciali-il-centrodestra-unito-sceglie-staunovo-polacco-persona-preparata-e-amministratore-esperto\/\" \/>\n<meta property=\"og:locale\" content=\"fr_FR\" \/>\n<meta property=\"og:type\" content=\"article\" \/>\n<meta property=\"og:title\" content=\"Elezioni provinciali, il centrodestra unito sceglie Staunovo Polacco: &quot;Persona preparata e amministratore esperto&quot; - Bellunopress - Dolomiti\" \/>\n<meta property=\"og:description\" content=\"\u00c8 il sindaco di Comelico Superiore e presidente del Consorzio Bim Piave, Marco Staunovo Polacco, il candidato presidente alle elezioni provinciali del 18 marzo per il centrodestra bellunese; a mettere nero su bianco la decisione, i rappresentanti dei partiti che gi\u00e0 alle elezioni regionali di novembre avevano vittoriosamente corso uniti: Fratelli d&#8217;Italia, Lega, Forza Italia, [&hellip;]\" \/>\n<meta property=\"og:url\" content=\"https:\/\/www.bellunopress.it\/fr\/2026\/02\/21\/elezioni-provinciali-il-centrodestra-unito-sceglie-staunovo-polacco-persona-preparata-e-amministratore-esperto\/\" \/>\n<meta property=\"og:site_name\" content=\"Bellunopress - Dolomiti\" \/>\n<meta property=\"article:publisher\" content=\"https:\/\/www.facebook.com\/profile.php?id=100008943462799\" \/>\n<meta property=\"article:published_time\" content=\"2026-02-21T12:50:42+00:00\" \/>\n<meta property=\"og:image\" content=\"https:\/\/www.bellunopress.it\/wp-content\/uploads\/2026\/02\/Marco-Staunovo-Polacco-sindaco-Comelico-Superiore.jpg\" \/>\n\t<meta property=\"og:image:width\" content=\"896\" \/>\n\t<meta property=\"og:image:height\" content=\"674\" \/>\n\t<meta property=\"og:image:type\" content=\"image\/jpeg\" \/>\n<meta name=\"author\" content=\"redazione\" \/>\n<meta name=\"twitter:card\" content=\"summary_large_image\" \/>\n<meta name=\"twitter:creator\" content=\"@bellunopress\" \/>\n<meta name=\"twitter:site\" content=\"@bellunopress\" \/>\n<meta name=\"twitter:label1\" content=\"\u00c9crit par\" \/>\n\t<meta name=\"twitter:data1\" content=\"redazione\" \/>\n\t<meta name=\"twitter:label2\" content=\"Dur\u00e9e de lecture estim\u00e9e\" \/>\n\t<meta name=\"twitter:data2\" content=\"1 minute\" \/>\n<script type=\"application\/ld+json\" class=\"yoast-schema-graph\">{\"@context\":\"https:\\\/\\\/schema.org\",\"@graph\":[{\"@type\":\"Article\",\"@id\":\"https:\\\/\\\/www.bellunopress.it\\\/2026\\\/02\\\/21\\\/elezioni-provinciali-il-centrodestra-unito-sceglie-staunovo-polacco-persona-preparata-e-amministratore-esperto\\\/#article\",\"isPartOf\":{\"@id\":\"https:\\\/\\\/www.bellunopress.it\\\/2026\\\/02\\\/21\\\/elezioni-provinciali-il-centrodestra-unito-sceglie-staunovo-polacco-persona-preparata-e-amministratore-esperto\\\/\"},\"author\":{\"name\":\"redazione\",\"@id\":\"https:\\\/\\\/www.bellunopress.it\\\/#\\\/schema\\\/person\\\/79bb06722b37ece1c03d3e94beb30d73\"},\"headline\":\"Elezioni provinciali, il centrodestra unito sceglie Staunovo Polacco: &#8220;Persona preparata e amministratore esperto&#8221;\",\"datePublished\":\"2026-02-21T12:50:42+00:00\",\"mainEntityOfPage\":{\"@id\":\"https:\\\/\\\/www.bellunopress.it\\\/2026\\\/02\\\/21\\\/elezioni-provinciali-il-centrodestra-unito-sceglie-staunovo-polacco-persona-preparata-e-amministratore-esperto\\\/\"},\"wordCount\":308,\"publisher\":{\"@id\":\"https:\\\/\\\/www.bellunopress.it\\\/#organization\"},\"image\":{\"@id\":\"https:\\\/\\\/www.bellunopress.it\\\/2026\\\/02\\\/21\\\/elezioni-provinciali-il-centrodestra-unito-sceglie-staunovo-polacco-persona-preparata-e-amministratore-esperto\\\/#primaryimage\"},\"thumbnailUrl\":\"https:\\\/\\\/www.bellunopress.it\\\/wp-content\\\/uploads\\\/2026\\\/02\\\/Marco-Staunovo-Polacco-sindaco-Comelico-Superiore.jpg\",\"articleSection\":[\"Cronaca\\\/Politica\",\"Prima Pagina\"],\"inLanguage\":\"fr-FR\"},{\"@type\":\"WebPage\",\"@id\":\"https:\\\/\\\/www.bellunopress.it\\\/2026\\\/02\\\/21\\\/elezioni-provinciali-il-centrodestra-unito-sceglie-staunovo-polacco-persona-preparata-e-amministratore-esperto\\\/\",\"url\":\"https:\\\/\\\/www.bellunopress.it\\\/2026\\\/02\\\/21\\\/elezioni-provinciali-il-centrodestra-unito-sceglie-staunovo-polacco-persona-preparata-e-amministratore-esperto\\\/\",\"name\":\"Elezioni provinciali, il centrodestra unito sceglie Staunovo Polacco: \\\"Persona preparata e amministratore esperto\\\" - Bellunopress - Dolomiti\",\"isPartOf\":{\"@id\":\"https:\\\/\\\/www.bellunopress.it\\\/#website\"},\"primaryImageOfPage\":{\"@id\":\"https:\\\/\\\/www.bellunopress.it\\\/2026\\\/02\\\/21\\\/elezioni-provinciali-il-centrodestra-unito-sceglie-staunovo-polacco-persona-preparata-e-amministratore-esperto\\\/#primaryimage\"},\"image\":{\"@id\":\"https:\\\/\\\/www.bellunopress.it\\\/2026\\\/02\\\/21\\\/elezioni-provinciali-il-centrodestra-unito-sceglie-staunovo-polacco-persona-preparata-e-amministratore-esperto\\\/#primaryimage\"},\"thumbnailUrl\":\"https:\\\/\\\/www.bellunopress.it\\\/wp-content\\\/uploads\\\/2026\\\/02\\\/Marco-Staunovo-Polacco-sindaco-Comelico-Superiore.jpg\",\"datePublished\":\"2026-02-21T12:50:42+00:00\",\"breadcrumb\":{\"@id\":\"https:\\\/\\\/www.bellunopress.it\\\/2026\\\/02\\\/21\\\/elezioni-provinciali-il-centrodestra-unito-sceglie-staunovo-polacco-persona-preparata-e-amministratore-esperto\\\/#breadcrumb\"},\"inLanguage\":\"fr-FR\",\"potentialAction\":[{\"@type\":\"ReadAction\",\"target\":[\"https:\\\/\\\/www.bellunopress.it\\\/2026\\\/02\\\/21\\\/elezioni-provinciali-il-centrodestra-unito-sceglie-staunovo-polacco-persona-preparata-e-amministratore-esperto\\\/\"]}]},{\"@type\":\"ImageObject\",\"inLanguage\":\"fr-FR\",\"@id\":\"https:\\\/\\\/www.bellunopress.it\\\/2026\\\/02\\\/21\\\/elezioni-provinciali-il-centrodestra-unito-sceglie-staunovo-polacco-persona-preparata-e-amministratore-esperto\\\/#primaryimage\",\"url\":\"https:\\\/\\\/www.bellunopress.it\\\/wp-content\\\/uploads\\\/2026\\\/02\\\/Marco-Staunovo-Polacco-sindaco-Comelico-Superiore.jpg\",\"contentUrl\":\"https:\\\/\\\/www.bellunopress.it\\\/wp-content\\\/uploads\\\/2026\\\/02\\\/Marco-Staunovo-Polacco-sindaco-Comelico-Superiore.jpg\",\"width\":896,\"height\":674,\"caption\":\"Marco Staunovo Polacco, presidente della Provincia di Belluno\"},{\"@type\":\"BreadcrumbList\",\"@id\":\"https:\\\/\\\/www.bellunopress.it\\\/2026\\\/02\\\/21\\\/elezioni-provinciali-il-centrodestra-unito-sceglie-staunovo-polacco-persona-preparata-e-amministratore-esperto\\\/#breadcrumb\",\"itemListElement\":[{\"@type\":\"ListItem\",\"position\":1,\"name\":\"Home\",\"item\":\"https:\\\/\\\/www.bellunopress.it\\\/\"},{\"@type\":\"ListItem\",\"position\":2,\"name\":\"Elezioni provinciali, il centrodestra unito sceglie Staunovo Polacco: &#8220;Persona preparata e amministratore esperto&#8221;\"}]},{\"@type\":\"WebSite\",\"@id\":\"https:\\\/\\\/www.bellunopress.it\\\/#website\",\"url\":\"https:\\\/\\\/www.bellunopress.it\\\/\",\"name\":\"Bellunopress - Dolomiti\",\"description\":\"e-mail: redazione@bellunopress.it\",\"publisher\":{\"@id\":\"https:\\\/\\\/www.bellunopress.it\\\/#organization\"},\"potentialAction\":[{\"@type\":\"SearchAction\",\"target\":{\"@type\":\"EntryPoint\",\"urlTemplate\":\"https:\\\/\\\/www.bellunopress.it\\\/?s={search_term_string}\"},\"query-input\":{\"@type\":\"PropertyValueSpecification\",\"valueRequired\":true,\"valueName\":\"search_term_string\"}}],\"inLanguage\":\"fr-FR\"},{\"@type\":\"Organization\",\"@id\":\"https:\\\/\\\/www.bellunopress.it\\\/#organization\",\"name\":\"Bellunopress\",\"url\":\"https:\\\/\\\/www.bellunopress.it\\\/\",\"logo\":{\"@type\":\"ImageObject\",\"inLanguage\":\"fr-FR\",\"@id\":\"https:\\\/\\\/www.bellunopress.it\\\/#\\\/schema\\\/logo\\\/image\\\/\",\"url\":\"https:\\\/\\\/www.bellunopress.it\\\/wp-content\\\/uploads\\\/2011\\\/05\\\/cropped-logo-bellunopress-.jpg\",\"contentUrl\":\"https:\\\/\\\/www.bellunopress.it\\\/wp-content\\\/uploads\\\/2011\\\/05\\\/cropped-logo-bellunopress-.jpg\",\"width\":512,\"height\":512,\"caption\":\"Bellunopress\"},\"image\":{\"@id\":\"https:\\\/\\\/www.bellunopress.it\\\/#\\\/schema\\\/logo\\\/image\\\/\"},\"sameAs\":[\"https:\\\/\\\/www.facebook.com\\\/profile.php?id=100008943462799\",\"https:\\\/\\\/x.com\\\/bellunopress\",\"https:\\\/\\\/www.linkedin.com\\\/hp\\\/?dnr=JBzUWaJfMUw8vbXJJ2tVW5-I3jZKvC4wsoxE&amp;amp;amp;amp;amp;amp;trk=nav_responsive_tab_home\",\"https:\\\/\\\/www.youtube.com\\\/channel\\\/UCxL0wu1uN0_3_7hGG0306cw\"]},{\"@type\":\"Person\",\"@id\":\"https:\\\/\\\/www.bellunopress.it\\\/#\\\/schema\\\/person\\\/79bb06722b37ece1c03d3e94beb30d73\",\"name\":\"redazione\",\"image\":{\"@type\":\"ImageObject\",\"inLanguage\":\"fr-FR\",\"@id\":\"https:\\\/\\\/secure.gravatar.com\\\/avatar\\\/37d968a2e67a6fd04c169c4bdef102d0bc5d31b2546345219e348575eb80e9a0?s=96&d=mm&r=g\",\"url\":\"https:\\\/\\\/secure.gravatar.com\\\/avatar\\\/37d968a2e67a6fd04c169c4bdef102d0bc5d31b2546345219e348575eb80e9a0?s=96&d=mm&r=g\",\"contentUrl\":\"https:\\\/\\\/secure.gravatar.com\\\/avatar\\\/37d968a2e67a6fd04c169c4bdef102d0bc5d31b2546345219e348575eb80e9a0?s=96&d=mm&r=g\",\"caption\":\"redazione\"},\"sameAs\":[\"http:\\\/\\\/www.bellunopress.it\",\"https:\\\/\\\/x.com\\\/bellunopress\"],\"url\":\"https:\\\/\\\/www.bellunopress.it\\\/fr\\\/author\\\/redazione\\\/\"}]}<\/script>\n<!-- \/ Yoast SEO plugin. -->","yoast_head_json":{"title":"Elezioni provinciali, il centrodestra unito sceglie Staunovo Polacco: \"Persona preparata e amministratore esperto\" - Bellunopress - Dolomiti","robots":{"index":"index","follow":"follow","max-snippet":"max-snippet:-1","max-image-preview":"max-image-preview:large","max-video-preview":"max-video-preview:-1"},"canonical":"https:\/\/www.bellunopress.it\/fr\/2026\/02\/21\/elezioni-provinciali-il-centrodestra-unito-sceglie-staunovo-polacco-persona-preparata-e-amministratore-esperto\/","og_locale":"fr_FR","og_type":"article","og_title":"Elezioni provinciali, il centrodestra unito sceglie Staunovo Polacco: \"Persona preparata e amministratore esperto\" - Bellunopress - Dolomiti","og_description":"\u00c8 il sindaco di Comelico Superiore e presidente del Consorzio Bim Piave, Marco Staunovo Polacco, il candidato presidente alle elezioni provinciali del 18 marzo per il centrodestra bellunese; a mettere nero su bianco la decisione, i rappresentanti dei partiti che gi\u00e0 alle elezioni regionali di novembre avevano vittoriosamente corso uniti: Fratelli d&#8217;Italia, Lega, Forza Italia, [&hellip;]","og_url":"https:\/\/www.bellunopress.it\/fr\/2026\/02\/21\/elezioni-provinciali-il-centrodestra-unito-sceglie-staunovo-polacco-persona-preparata-e-amministratore-esperto\/","og_site_name":"Bellunopress - Dolomiti","article_publisher":"https:\/\/www.facebook.com\/profile.php?id=100008943462799","article_published_time":"2026-02-21T12:50:42+00:00","og_image":[{"width":896,"height":674,"url":"https:\/\/www.bellunopress.it\/wp-content\/uploads\/2026\/02\/Marco-Staunovo-Polacco-sindaco-Comelico-Superiore.jpg","type":"image\/jpeg"}],"author":"redazione","twitter_card":"summary_large_image","twitter_creator":"@bellunopress","twitter_site":"@bellunopress","twitter_misc":{"\u00c9crit par":"redazione","Dur\u00e9e de lecture estim\u00e9e":"1 minute"},"schema":{"@context":"https:\/\/schema.org","@graph":[{"@type":"Article","@id":"https:\/\/www.bellunopress.it\/2026\/02\/21\/elezioni-provinciali-il-centrodestra-unito-sceglie-staunovo-polacco-persona-preparata-e-amministratore-esperto\/#article","isPartOf":{"@id":"https:\/\/www.bellunopress.it\/2026\/02\/21\/elezioni-provinciali-il-centrodestra-unito-sceglie-staunovo-polacco-persona-preparata-e-amministratore-esperto\/"},"author":{"name":"redazione","@id":"https:\/\/www.bellunopress.it\/#\/schema\/person\/79bb06722b37ece1c03d3e94beb30d73"},"headline":"Elezioni provinciali, il centrodestra unito sceglie Staunovo Polacco: &#8220;Persona preparata e amministratore esperto&#8221;","datePublished":"2026-02-21T12:50:42+00:00","mainEntityOfPage":{"@id":"https:\/\/www.bellunopress.it\/2026\/02\/21\/elezioni-provinciali-il-centrodestra-unito-sceglie-staunovo-polacco-persona-preparata-e-amministratore-esperto\/"},"wordCount":308,"publisher":{"@id":"https:\/\/www.bellunopress.it\/#organization"},"image":{"@id":"https:\/\/www.bellunopress.it\/2026\/02\/21\/elezioni-provinciali-il-centrodestra-unito-sceglie-staunovo-polacco-persona-preparata-e-amministratore-esperto\/#primaryimage"},"thumbnailUrl":"https:\/\/www.bellunopress.it\/wp-content\/uploads\/2026\/02\/Marco-Staunovo-Polacco-sindaco-Comelico-Superiore.jpg","articleSection":["Cronaca\/Politica","Prima Pagina"],"inLanguage":"fr-FR"},{"@type":"WebPage","@id":"https:\/\/www.bellunopress.it\/2026\/02\/21\/elezioni-provinciali-il-centrodestra-unito-sceglie-staunovo-polacco-persona-preparata-e-amministratore-esperto\/","url":"https:\/\/www.bellunopress.it\/2026\/02\/21\/elezioni-provinciali-il-centrodestra-unito-sceglie-staunovo-polacco-persona-preparata-e-amministratore-esperto\/","name":"Elezioni provinciali, il centrodestra unito sceglie Staunovo Polacco: \"Persona preparata e amministratore esperto\" - Bellunopress - Dolomiti","isPartOf":{"@id":"https:\/\/www.bellunopress.it\/#website"},"primaryImageOfPage":{"@id":"https:\/\/www.bellunopress.it\/2026\/02\/21\/elezioni-provinciali-il-centrodestra-unito-sceglie-staunovo-polacco-persona-preparata-e-amministratore-esperto\/#primaryimage"},"image":{"@id":"https:\/\/www.bellunopress.it\/2026\/02\/21\/elezioni-provinciali-il-centrodestra-unito-sceglie-staunovo-polacco-persona-preparata-e-amministratore-esperto\/#primaryimage"},"thumbnailUrl":"https:\/\/www.bellunopress.it\/wp-content\/uploads\/2026\/02\/Marco-Staunovo-Polacco-sindaco-Comelico-Superiore.jpg","datePublished":"2026-02-21T12:50:42+00:00","breadcrumb":{"@id":"https:\/\/www.bellunopress.it\/2026\/02\/21\/elezioni-provinciali-il-centrodestra-unito-sceglie-staunovo-polacco-persona-preparata-e-amministratore-esperto\/#breadcrumb"},"inLanguage":"fr-FR","potentialAction":[{"@type":"ReadAction","target":["https:\/\/www.bellunopress.it\/2026\/02\/21\/elezioni-provinciali-il-centrodestra-unito-sceglie-staunovo-polacco-persona-preparata-e-amministratore-esperto\/"]}]},{"@type":"ImageObject","inLanguage":"fr-FR","@id":"https:\/\/www.bellunopress.it\/2026\/02\/21\/elezioni-provinciali-il-centrodestra-unito-sceglie-staunovo-polacco-persona-preparata-e-amministratore-esperto\/#primaryimage","url":"https:\/\/www.bellunopress.it\/wp-content\/uploads\/2026\/02\/Marco-Staunovo-Polacco-sindaco-Comelico-Superiore.jpg","contentUrl":"https:\/\/www.bellunopress.it\/wp-content\/uploads\/2026\/02\/Marco-Staunovo-Polacco-sindaco-Comelico-Superiore.jpg","width":896,"height":674,"caption":"Marco Staunovo Polacco, presidente della Provincia di Belluno"},{"@type":"BreadcrumbList","@id":"https:\/\/www.bellunopress.it\/2026\/02\/21\/elezioni-provinciali-il-centrodestra-unito-sceglie-staunovo-polacco-persona-preparata-e-amministratore-esperto\/#breadcrumb","itemListElement":[{"@type":"ListItem","position":1,"name":"Home","item":"https:\/\/www.bellunopress.it\/"},{"@type":"ListItem","position":2,"name":"Elezioni provinciali, il centrodestra unito sceglie Staunovo Polacco: &#8220;Persona preparata e amministratore esperto&#8221;"}]},{"@type":"WebSite","@id":"https:\/\/www.bellunopress.it\/#website","url":"https:\/\/www.bellunopress.it\/","name":"Bellunopress - Dolomiti","description":"e-mail: redazione@bellunopress.it","publisher":{"@id":"https:\/\/www.bellunopress.it\/#organization"},"potentialAction":[{"@type":"SearchAction","target":{"@type":"EntryPoint","urlTemplate":"https:\/\/www.bellunopress.it\/?s={search_term_string}"},"query-input":{"@type":"PropertyValueSpecification","valueRequired":true,"valueName":"search_term_string"}}],"inLanguage":"fr-FR"},{"@type":"Organization","@id":"https:\/\/www.bellunopress.it\/#organization","name":"Bellunopress","url":"https:\/\/www.bellunopress.it\/","logo":{"@type":"ImageObject","inLanguage":"fr-FR","@id":"https:\/\/www.bellunopress.it\/#\/schema\/logo\/image\/","url":"https:\/\/www.bellunopress.it\/wp-content\/uploads\/2011\/05\/cropped-logo-bellunopress-.jpg","contentUrl":"https:\/\/www.bellunopress.it\/wp-content\/uploads\/2011\/05\/cropped-logo-bellunopress-.jpg","width":512,"height":512,"caption":"Bellunopress"},"image":{"@id":"https:\/\/www.bellunopress.it\/#\/schema\/logo\/image\/"},"sameAs":["https:\/\/www.facebook.com\/profile.php?id=100008943462799","https:\/\/x.com\/bellunopress","https:\/\/www.linkedin.com\/hp\/?dnr=JBzUWaJfMUw8vbXJJ2tVW5-I3jZKvC4wsoxE&amp;amp;amp;amp;amp;amp;trk=nav_responsive_tab_home","https:\/\/www.youtube.com\/channel\/UCxL0wu1uN0_3_7hGG0306cw"]},{"@type":"Person","@id":"https:\/\/www.bellunopress.it\/#\/schema\/person\/79bb06722b37ece1c03d3e94beb30d73","name":"r\u00e9daction","image":{"@type":"ImageObject","inLanguage":"fr-FR","@id":"https:\/\/secure.gravatar.com\/avatar\/37d968a2e67a6fd04c169c4bdef102d0bc5d31b2546345219e348575eb80e9a0?s=96&d=mm&r=g","url":"https:\/\/secure.gravatar.com\/avatar\/37d968a2e67a6fd04c169c4bdef102d0bc5d31b2546345219e348575eb80e9a0?s=96&d=mm&r=g","contentUrl":"https:\/\/secure.gravatar.com\/avatar\/37d968a2e67a6fd04c169c4bdef102d0bc5d31b2546345219e348575eb80e9a0?s=96&d=mm&r=g","caption":"redazione"},"sameAs":["http:\/\/www.bellunopress.it","https:\/\/x.com\/bellunopress"],"url":"https:\/\/www.bellunopress.it\/fr\/author\/redazione\/"}]}},"_links":{"self":[{"href":"https:\/\/www.bellunopress.it\/fr\/wp-json\/wp\/v2\/posts\/167631","targetHints":{"allow":["GET"]}}],"collection":[{"href":"https:\/\/www.bellunopress.it\/fr\/wp-json\/wp\/v2\/posts"}],"about":[{"href":"https:\/\/www.bellunopress.it\/fr\/wp-json\/wp\/v2\/types\/post"}],"author":[{"embeddable":true,"href":"https:\/\/www.bellunopress.it\/fr\/wp-json\/wp\/v2\/users\/2"}],"replies":[{"embeddable":true,"href":"https:\/\/www.bellunopress.it\/fr\/wp-json\/wp\/v2\/comments?post=167631"}],"version-history":[{"count":1,"href":"https:\/\/www.bellunopress.it\/fr\/wp-json\/wp\/v2\/posts\/167631\/revisions"}],"predecessor-version":[{"id":167634,"href":"https:\/\/www.bellunopress.it\/fr\/wp-json\/wp\/v2\/posts\/167631\/revisions\/167634"}],"wp:featuredmedia":[{"embeddable":true,"href":"https:\/\/www.bellunopress.it\/fr\/wp-json\/wp\/v2\/media\/167633"}],"wp:attachment":[{"href":"https:\/\/www.bellunopress.it\/fr\/wp-json\/wp\/v2\/media?parent=167631"}],"wp:term":[{"taxonomy":"category","embeddable":true,"href":"https:\/\/www.bellunopress.it\/fr\/wp-json\/wp\/v2\/categories?post=167631"},{"taxonomy":"post_tag","embeddable":true,"href":"https:\/\/www.bellunopress.it\/fr\/wp-json\/wp\/v2\/tags?post=167631"}],"curies":[{"name":"wp","href":"https:\/\/api.w.org\/{rel}","templated":true}]}}