{"id":167602,"date":"2026-02-20T06:25:29","date_gmt":"2026-02-20T05:25:29","guid":{"rendered":"https:\/\/www.bellunopress.it\/?p=167602"},"modified":"2026-02-20T06:25:29","modified_gmt":"2026-02-20T05:25:29","slug":"nasce-piu-uno-la-rete-civica-ispirata-a-ernesto-maria-ruffini-che-punta-a-un-nuovo-centro-sinistra","status":"publish","type":"post","link":"https:\/\/www.bellunopress.it\/fr\/2026\/02\/20\/nasce-piu-uno-la-rete-civica-ispirata-a-ernesto-maria-ruffini-che-punta-a-un-nuovo-centro-sinistra\/","title":{"rendered":"Nasce Pi\u00f9 Uno: la rete civica ispirata a Ernesto Maria Ruffini che punta a un nuovo centro-sinistra"},"content":{"rendered":"<p data-path-to-node=\"3\"><b data-path-to-node=\"3\" data-index-in-node=\"0\">Parte la fase operativa del movimento che punta a costruire una rete capillare di partecipazione in tutta Italia. In Veneto, il coordinamento \u00e8 affidato a Pietro Falezza. Obiettivo: Assemblea Nazionale a giugno 2026.<\/b><\/p>\n<p data-path-to-node=\"4\">Un passo alla volta, una persona in pi\u00f9. Con questo spirito debutta ufficialmente sulla scena politica e sociale italiana Pi\u00f9 Uno, il nuovo movimento che ambisce a ridisegnare i confini della partecipazione democratica. Non un partito tradizionale, ma una rete di cittadini che affonda le proprie radici nei territori per promuovere una cultura della responsabilit\u00e0 e della fiducia.<\/p>\n<h3 data-path-to-node=\"5\">Radici e visione: l&#8217;eredit\u00e0 di Ruffini<\/h3>\n<p data-path-to-node=\"6\">Il movimento nasce e si sviluppa a partire dalle idee e dalle proposte di Ernesto Maria Ruffini, avvocato e gi\u00e0 direttore dell\u2019Agenzia delle Entrate, figura chiave della digitalizzazione del fisco italiano e autore di saggi centrali sul tema della cittadinanza, come <i data-path-to-node=\"6\" data-index-in-node=\"267\">&#8220;Uguali per Costituzione&#8221;<\/i> (con prefazione dal Presidente Mattarella) e il recente <i data-path-to-node=\"6\" data-index-in-node=\"342\">&#8220;Pi\u00f9 Uno&#8221;<\/i>.<\/p>\n<p data-path-to-node=\"7\">Dopo aver lasciato gli incarichi pubblici a fine 2024, il progetto di Ruffini prende ora una forma organizzativa strutturata. L\u2019obiettivo dichiarato \u00e8 ambizioso: rafforzare il centro-sinistra partendo dal basso, coinvolgendo chi crede in uno Stato giusto e in una democrazia viva.<\/p>\n<h3 data-path-to-node=\"8\">L\u2019organizzazione: dai territori verso il 2026<\/h3>\n<p data-path-to-node=\"9\">L\u2019annuncio segna l\u2019inizio di una fase cruciale: la nascita dei Comitati Regionali Organizzativi. &#8220;Pi\u00f9 Uno&#8221; punta a essere presente in ogni provincia italiana, creando &#8220;pres\u00ecdi di fiducia&#8221; capaci di dialogare con associazioni, realt\u00e0 civiche e singoli cittadini.<\/p>\n<p data-path-to-node=\"10\">Questo percorso di radicamento non \u00e8 destinato a rimanere frammentato, ma converger\u00e0 in un appuntamento solenne: la prima Assemblea Nazionale di Pi\u00f9 Uno, prevista per giugno 2026.<\/p>\n<h3 data-path-to-node=\"11\">Il focus sul Veneto<\/h3>\n<p data-path-to-node=\"12\">Il Veneto si pone come uno dei laboratori chiave di questa iniziativa. Il percorso regionale \u00e8 gi\u00e0 stato avviato da un comitato organizzativo che unisce diverse realt\u00e0 provinciali, con il coordinamento affidato al veronese Pietro Falezza.<\/p>\n<blockquote data-path-to-node=\"13\">\n<h6 style=\"text-align: left;\" data-path-to-node=\"13,0\">&#8220;L&#8217;obiettivo \u00e8 promuovere partecipazione e confronto pubblico, mettendo al centro le idee per una societ\u00e0 fondata sulla fiducia e sul rispetto delle regole come base della convivenza civile.&#8221;<\/h6>\n<\/blockquote>\n<h3 data-path-to-node=\"14\">Come aderire<\/h3>\n<p data-path-to-node=\"15\">Il movimento ha aperto i canali di comunicazione per raccogliere nuove adesioni e proposte. Per chi volesse approfondire o partecipare attivamente alla costruzione della rete, il punto di riferimento \u00e8 l&#8217;indirizzo email: info@piu.uno<\/p>","protected":false},"excerpt":{"rendered":"<p>Parte la fase operativa del movimento che punta a costruire una rete capillare di partecipazione in tutta Italia. In Veneto, il coordinamento \u00e8 affidato a Pietro Falezza. Obiettivo: Assemblea Nazionale a giugno 2026. Un passo alla volta, una persona in pi\u00f9. Con questo spirito debutta ufficialmente sulla scena politica e sociale italiana Pi\u00f9 Uno, il [&hellip;]<\/p>\n","protected":false},"author":2,"featured_media":167603,"comment_status":"closed","ping_status":"open","sticky":false,"template":"","format":"standard","meta":{"footnotes":""},"categories":[5,26],"tags":[],"class_list":["post-167602","post","type-post","status-publish","format-standard","has-post-thumbnail","category-cronaca","category-prima-pagina"],"yoast_head":"<!-- This site is optimized with the Yoast SEO plugin v28.4 - https:\/\/yoast.com\/product\/yoast-seo-wordpress\/ -->\n<title>Nasce Pi\u00f9 Uno: la rete civica ispirata a Ernesto Maria Ruffini che punta a un nuovo centro-sinistra - Bellunopress - Dolomiti<\/title>\n<meta name=\"robots\" content=\"index, follow, max-snippet:-1, max-image-preview:large, max-video-preview:-1\" \/>\n<link rel=\"canonical\" href=\"https:\/\/www.bellunopress.it\/fr\/2026\/02\/20\/nasce-piu-uno-la-rete-civica-ispirata-a-ernesto-maria-ruffini-che-punta-a-un-nuovo-centro-sinistra\/\" \/>\n<meta property=\"og:locale\" content=\"fr_FR\" \/>\n<meta property=\"og:type\" content=\"article\" \/>\n<meta property=\"og:title\" content=\"Nasce Pi\u00f9 Uno: la rete civica ispirata a Ernesto Maria Ruffini che punta a un nuovo centro-sinistra - Bellunopress - Dolomiti\" \/>\n<meta property=\"og:description\" content=\"Parte la fase operativa del movimento che punta a costruire una rete capillare di partecipazione in tutta Italia. In Veneto, il coordinamento \u00e8 affidato a Pietro Falezza. Obiettivo: Assemblea Nazionale a giugno 2026. Un passo alla volta, una persona in pi\u00f9. Con questo spirito debutta ufficialmente sulla scena politica e sociale italiana Pi\u00f9 Uno, il [&hellip;]\" \/>\n<meta property=\"og:url\" content=\"https:\/\/www.bellunopress.it\/fr\/2026\/02\/20\/nasce-piu-uno-la-rete-civica-ispirata-a-ernesto-maria-ruffini-che-punta-a-un-nuovo-centro-sinistra\/\" \/>\n<meta property=\"og:site_name\" content=\"Bellunopress - Dolomiti\" \/>\n<meta property=\"article:publisher\" content=\"https:\/\/www.facebook.com\/profile.php?id=100008943462799\" \/>\n<meta property=\"article:published_time\" content=\"2026-02-20T05:25:29+00:00\" \/>\n<meta property=\"og:image\" content=\"https:\/\/www.bellunopress.it\/wp-content\/uploads\/2026\/02\/Ernesto-Maria-Ruffini.png\" \/>\n\t<meta property=\"og:image:width\" content=\"500\" \/>\n\t<meta property=\"og:image:height\" content=\"441\" \/>\n\t<meta property=\"og:image:type\" content=\"image\/png\" \/>\n<meta name=\"author\" content=\"redazione\" \/>\n<meta name=\"twitter:card\" content=\"summary_large_image\" \/>\n<meta name=\"twitter:creator\" content=\"@bellunopress\" \/>\n<meta name=\"twitter:site\" content=\"@bellunopress\" \/>\n<meta name=\"twitter:label1\" content=\"\u00c9crit par\" \/>\n\t<meta name=\"twitter:data1\" content=\"redazione\" \/>\n\t<meta name=\"twitter:label2\" content=\"Dur\u00e9e de lecture estim\u00e9e\" \/>\n\t<meta name=\"twitter:data2\" content=\"2 minutes\" \/>\n<script type=\"application\/ld+json\" class=\"yoast-schema-graph\">{\"@context\":\"https:\\\/\\\/schema.org\",\"@graph\":[{\"@type\":\"Article\",\"@id\":\"https:\\\/\\\/www.bellunopress.it\\\/2026\\\/02\\\/20\\\/nasce-piu-uno-la-rete-civica-ispirata-a-ernesto-maria-ruffini-che-punta-a-un-nuovo-centro-sinistra\\\/#article\",\"isPartOf\":{\"@id\":\"https:\\\/\\\/www.bellunopress.it\\\/2026\\\/02\\\/20\\\/nasce-piu-uno-la-rete-civica-ispirata-a-ernesto-maria-ruffini-che-punta-a-un-nuovo-centro-sinistra\\\/\"},\"author\":{\"name\":\"redazione\",\"@id\":\"https:\\\/\\\/www.bellunopress.it\\\/#\\\/schema\\\/person\\\/79bb06722b37ece1c03d3e94beb30d73\"},\"headline\":\"Nasce Pi\u00f9 Uno: la rete civica ispirata a Ernesto Maria Ruffini che punta a un nuovo centro-sinistra\",\"datePublished\":\"2026-02-20T05:25:29+00:00\",\"mainEntityOfPage\":{\"@id\":\"https:\\\/\\\/www.bellunopress.it\\\/2026\\\/02\\\/20\\\/nasce-piu-uno-la-rete-civica-ispirata-a-ernesto-maria-ruffini-che-punta-a-un-nuovo-centro-sinistra\\\/\"},\"wordCount\":383,\"publisher\":{\"@id\":\"https:\\\/\\\/www.bellunopress.it\\\/#organization\"},\"image\":{\"@id\":\"https:\\\/\\\/www.bellunopress.it\\\/2026\\\/02\\\/20\\\/nasce-piu-uno-la-rete-civica-ispirata-a-ernesto-maria-ruffini-che-punta-a-un-nuovo-centro-sinistra\\\/#primaryimage\"},\"thumbnailUrl\":\"https:\\\/\\\/www.bellunopress.it\\\/wp-content\\\/uploads\\\/2026\\\/02\\\/Ernesto-Maria-Ruffini.png\",\"articleSection\":[\"Cronaca\\\/Politica\",\"Prima Pagina\"],\"inLanguage\":\"fr-FR\"},{\"@type\":\"WebPage\",\"@id\":\"https:\\\/\\\/www.bellunopress.it\\\/2026\\\/02\\\/20\\\/nasce-piu-uno-la-rete-civica-ispirata-a-ernesto-maria-ruffini-che-punta-a-un-nuovo-centro-sinistra\\\/\",\"url\":\"https:\\\/\\\/www.bellunopress.it\\\/2026\\\/02\\\/20\\\/nasce-piu-uno-la-rete-civica-ispirata-a-ernesto-maria-ruffini-che-punta-a-un-nuovo-centro-sinistra\\\/\",\"name\":\"Nasce Pi\u00f9 Uno: la rete civica ispirata a Ernesto Maria Ruffini che punta a un nuovo centro-sinistra - Bellunopress - Dolomiti\",\"isPartOf\":{\"@id\":\"https:\\\/\\\/www.bellunopress.it\\\/#website\"},\"primaryImageOfPage\":{\"@id\":\"https:\\\/\\\/www.bellunopress.it\\\/2026\\\/02\\\/20\\\/nasce-piu-uno-la-rete-civica-ispirata-a-ernesto-maria-ruffini-che-punta-a-un-nuovo-centro-sinistra\\\/#primaryimage\"},\"image\":{\"@id\":\"https:\\\/\\\/www.bellunopress.it\\\/2026\\\/02\\\/20\\\/nasce-piu-uno-la-rete-civica-ispirata-a-ernesto-maria-ruffini-che-punta-a-un-nuovo-centro-sinistra\\\/#primaryimage\"},\"thumbnailUrl\":\"https:\\\/\\\/www.bellunopress.it\\\/wp-content\\\/uploads\\\/2026\\\/02\\\/Ernesto-Maria-Ruffini.png\",\"datePublished\":\"2026-02-20T05:25:29+00:00\",\"breadcrumb\":{\"@id\":\"https:\\\/\\\/www.bellunopress.it\\\/2026\\\/02\\\/20\\\/nasce-piu-uno-la-rete-civica-ispirata-a-ernesto-maria-ruffini-che-punta-a-un-nuovo-centro-sinistra\\\/#breadcrumb\"},\"inLanguage\":\"fr-FR\",\"potentialAction\":[{\"@type\":\"ReadAction\",\"target\":[\"https:\\\/\\\/www.bellunopress.it\\\/2026\\\/02\\\/20\\\/nasce-piu-uno-la-rete-civica-ispirata-a-ernesto-maria-ruffini-che-punta-a-un-nuovo-centro-sinistra\\\/\"]}]},{\"@type\":\"ImageObject\",\"inLanguage\":\"fr-FR\",\"@id\":\"https:\\\/\\\/www.bellunopress.it\\\/2026\\\/02\\\/20\\\/nasce-piu-uno-la-rete-civica-ispirata-a-ernesto-maria-ruffini-che-punta-a-un-nuovo-centro-sinistra\\\/#primaryimage\",\"url\":\"https:\\\/\\\/www.bellunopress.it\\\/wp-content\\\/uploads\\\/2026\\\/02\\\/Ernesto-Maria-Ruffini.png\",\"contentUrl\":\"https:\\\/\\\/www.bellunopress.it\\\/wp-content\\\/uploads\\\/2026\\\/02\\\/Ernesto-Maria-Ruffini.png\",\"width\":500,\"height\":441,\"caption\":\"Ernesto Maria Ruffini\"},{\"@type\":\"BreadcrumbList\",\"@id\":\"https:\\\/\\\/www.bellunopress.it\\\/2026\\\/02\\\/20\\\/nasce-piu-uno-la-rete-civica-ispirata-a-ernesto-maria-ruffini-che-punta-a-un-nuovo-centro-sinistra\\\/#breadcrumb\",\"itemListElement\":[{\"@type\":\"ListItem\",\"position\":1,\"name\":\"Home\",\"item\":\"https:\\\/\\\/www.bellunopress.it\\\/\"},{\"@type\":\"ListItem\",\"position\":2,\"name\":\"Nasce Pi\u00f9 Uno: la rete civica ispirata a Ernesto Maria Ruffini che punta a un nuovo centro-sinistra\"}]},{\"@type\":\"WebSite\",\"@id\":\"https:\\\/\\\/www.bellunopress.it\\\/#website\",\"url\":\"https:\\\/\\\/www.bellunopress.it\\\/\",\"name\":\"Bellunopress - Dolomiti\",\"description\":\"e-mail: redazione@bellunopress.it\",\"publisher\":{\"@id\":\"https:\\\/\\\/www.bellunopress.it\\\/#organization\"},\"potentialAction\":[{\"@type\":\"SearchAction\",\"target\":{\"@type\":\"EntryPoint\",\"urlTemplate\":\"https:\\\/\\\/www.bellunopress.it\\\/?s={search_term_string}\"},\"query-input\":{\"@type\":\"PropertyValueSpecification\",\"valueRequired\":true,\"valueName\":\"search_term_string\"}}],\"inLanguage\":\"fr-FR\"},{\"@type\":\"Organization\",\"@id\":\"https:\\\/\\\/www.bellunopress.it\\\/#organization\",\"name\":\"Bellunopress\",\"url\":\"https:\\\/\\\/www.bellunopress.it\\\/\",\"logo\":{\"@type\":\"ImageObject\",\"inLanguage\":\"fr-FR\",\"@id\":\"https:\\\/\\\/www.bellunopress.it\\\/#\\\/schema\\\/logo\\\/image\\\/\",\"url\":\"https:\\\/\\\/www.bellunopress.it\\\/wp-content\\\/uploads\\\/2011\\\/05\\\/cropped-logo-bellunopress-.jpg\",\"contentUrl\":\"https:\\\/\\\/www.bellunopress.it\\\/wp-content\\\/uploads\\\/2011\\\/05\\\/cropped-logo-bellunopress-.jpg\",\"width\":512,\"height\":512,\"caption\":\"Bellunopress\"},\"image\":{\"@id\":\"https:\\\/\\\/www.bellunopress.it\\\/#\\\/schema\\\/logo\\\/image\\\/\"},\"sameAs\":[\"https:\\\/\\\/www.facebook.com\\\/profile.php?id=100008943462799\",\"https:\\\/\\\/x.com\\\/bellunopress\",\"https:\\\/\\\/www.linkedin.com\\\/hp\\\/?dnr=JBzUWaJfMUw8vbXJJ2tVW5-I3jZKvC4wsoxE&amp;amp;amp;amp;amp;amp;trk=nav_responsive_tab_home\",\"https:\\\/\\\/www.youtube.com\\\/channel\\\/UCxL0wu1uN0_3_7hGG0306cw\"]},{\"@type\":\"Person\",\"@id\":\"https:\\\/\\\/www.bellunopress.it\\\/#\\\/schema\\\/person\\\/79bb06722b37ece1c03d3e94beb30d73\",\"name\":\"redazione\",\"image\":{\"@type\":\"ImageObject\",\"inLanguage\":\"fr-FR\",\"@id\":\"https:\\\/\\\/secure.gravatar.com\\\/avatar\\\/37d968a2e67a6fd04c169c4bdef102d0bc5d31b2546345219e348575eb80e9a0?s=96&d=mm&r=g\",\"url\":\"https:\\\/\\\/secure.gravatar.com\\\/avatar\\\/37d968a2e67a6fd04c169c4bdef102d0bc5d31b2546345219e348575eb80e9a0?s=96&d=mm&r=g\",\"contentUrl\":\"https:\\\/\\\/secure.gravatar.com\\\/avatar\\\/37d968a2e67a6fd04c169c4bdef102d0bc5d31b2546345219e348575eb80e9a0?s=96&d=mm&r=g\",\"caption\":\"redazione\"},\"sameAs\":[\"http:\\\/\\\/www.bellunopress.it\",\"https:\\\/\\\/x.com\\\/bellunopress\"],\"url\":\"https:\\\/\\\/www.bellunopress.it\\\/fr\\\/author\\\/redazione\\\/\"}]}<\/script>\n<!-- \/ Yoast SEO plugin. -->","yoast_head_json":{"title":"Nasce Pi\u00f9 Uno: la rete civica ispirata a Ernesto Maria Ruffini che punta a un nuovo centro-sinistra - Bellunopress - Dolomiti","robots":{"index":"index","follow":"follow","max-snippet":"max-snippet:-1","max-image-preview":"max-image-preview:large","max-video-preview":"max-video-preview:-1"},"canonical":"https:\/\/www.bellunopress.it\/fr\/2026\/02\/20\/nasce-piu-uno-la-rete-civica-ispirata-a-ernesto-maria-ruffini-che-punta-a-un-nuovo-centro-sinistra\/","og_locale":"fr_FR","og_type":"article","og_title":"Nasce Pi\u00f9 Uno: la rete civica ispirata a Ernesto Maria Ruffini che punta a un nuovo centro-sinistra - Bellunopress - Dolomiti","og_description":"Parte la fase operativa del movimento che punta a costruire una rete capillare di partecipazione in tutta Italia. In Veneto, il coordinamento \u00e8 affidato a Pietro Falezza. Obiettivo: Assemblea Nazionale a giugno 2026. Un passo alla volta, una persona in pi\u00f9. Con questo spirito debutta ufficialmente sulla scena politica e sociale italiana Pi\u00f9 Uno, il [&hellip;]","og_url":"https:\/\/www.bellunopress.it\/fr\/2026\/02\/20\/nasce-piu-uno-la-rete-civica-ispirata-a-ernesto-maria-ruffini-che-punta-a-un-nuovo-centro-sinistra\/","og_site_name":"Bellunopress - Dolomiti","article_publisher":"https:\/\/www.facebook.com\/profile.php?id=100008943462799","article_published_time":"2026-02-20T05:25:29+00:00","og_image":[{"width":500,"height":441,"url":"https:\/\/www.bellunopress.it\/wp-content\/uploads\/2026\/02\/Ernesto-Maria-Ruffini.png","type":"image\/png"}],"author":"redazione","twitter_card":"summary_large_image","twitter_creator":"@bellunopress","twitter_site":"@bellunopress","twitter_misc":{"\u00c9crit par":"redazione","Dur\u00e9e de lecture estim\u00e9e":"2 minutes"},"schema":{"@context":"https:\/\/schema.org","@graph":[{"@type":"Article","@id":"https:\/\/www.bellunopress.it\/2026\/02\/20\/nasce-piu-uno-la-rete-civica-ispirata-a-ernesto-maria-ruffini-che-punta-a-un-nuovo-centro-sinistra\/#article","isPartOf":{"@id":"https:\/\/www.bellunopress.it\/2026\/02\/20\/nasce-piu-uno-la-rete-civica-ispirata-a-ernesto-maria-ruffini-che-punta-a-un-nuovo-centro-sinistra\/"},"author":{"name":"redazione","@id":"https:\/\/www.bellunopress.it\/#\/schema\/person\/79bb06722b37ece1c03d3e94beb30d73"},"headline":"Nasce Pi\u00f9 Uno: la rete civica ispirata a Ernesto Maria Ruffini che punta a un nuovo centro-sinistra","datePublished":"2026-02-20T05:25:29+00:00","mainEntityOfPage":{"@id":"https:\/\/www.bellunopress.it\/2026\/02\/20\/nasce-piu-uno-la-rete-civica-ispirata-a-ernesto-maria-ruffini-che-punta-a-un-nuovo-centro-sinistra\/"},"wordCount":383,"publisher":{"@id":"https:\/\/www.bellunopress.it\/#organization"},"image":{"@id":"https:\/\/www.bellunopress.it\/2026\/02\/20\/nasce-piu-uno-la-rete-civica-ispirata-a-ernesto-maria-ruffini-che-punta-a-un-nuovo-centro-sinistra\/#primaryimage"},"thumbnailUrl":"https:\/\/www.bellunopress.it\/wp-content\/uploads\/2026\/02\/Ernesto-Maria-Ruffini.png","articleSection":["Cronaca\/Politica","Prima Pagina"],"inLanguage":"fr-FR"},{"@type":"WebPage","@id":"https:\/\/www.bellunopress.it\/2026\/02\/20\/nasce-piu-uno-la-rete-civica-ispirata-a-ernesto-maria-ruffini-che-punta-a-un-nuovo-centro-sinistra\/","url":"https:\/\/www.bellunopress.it\/2026\/02\/20\/nasce-piu-uno-la-rete-civica-ispirata-a-ernesto-maria-ruffini-che-punta-a-un-nuovo-centro-sinistra\/","name":"Nasce Pi\u00f9 Uno: la rete civica ispirata a Ernesto Maria Ruffini che punta a un nuovo centro-sinistra - Bellunopress - Dolomiti","isPartOf":{"@id":"https:\/\/www.bellunopress.it\/#website"},"primaryImageOfPage":{"@id":"https:\/\/www.bellunopress.it\/2026\/02\/20\/nasce-piu-uno-la-rete-civica-ispirata-a-ernesto-maria-ruffini-che-punta-a-un-nuovo-centro-sinistra\/#primaryimage"},"image":{"@id":"https:\/\/www.bellunopress.it\/2026\/02\/20\/nasce-piu-uno-la-rete-civica-ispirata-a-ernesto-maria-ruffini-che-punta-a-un-nuovo-centro-sinistra\/#primaryimage"},"thumbnailUrl":"https:\/\/www.bellunopress.it\/wp-content\/uploads\/2026\/02\/Ernesto-Maria-Ruffini.png","datePublished":"2026-02-20T05:25:29+00:00","breadcrumb":{"@id":"https:\/\/www.bellunopress.it\/2026\/02\/20\/nasce-piu-uno-la-rete-civica-ispirata-a-ernesto-maria-ruffini-che-punta-a-un-nuovo-centro-sinistra\/#breadcrumb"},"inLanguage":"fr-FR","potentialAction":[{"@type":"ReadAction","target":["https:\/\/www.bellunopress.it\/2026\/02\/20\/nasce-piu-uno-la-rete-civica-ispirata-a-ernesto-maria-ruffini-che-punta-a-un-nuovo-centro-sinistra\/"]}]},{"@type":"ImageObject","inLanguage":"fr-FR","@id":"https:\/\/www.bellunopress.it\/2026\/02\/20\/nasce-piu-uno-la-rete-civica-ispirata-a-ernesto-maria-ruffini-che-punta-a-un-nuovo-centro-sinistra\/#primaryimage","url":"https:\/\/www.bellunopress.it\/wp-content\/uploads\/2026\/02\/Ernesto-Maria-Ruffini.png","contentUrl":"https:\/\/www.bellunopress.it\/wp-content\/uploads\/2026\/02\/Ernesto-Maria-Ruffini.png","width":500,"height":441,"caption":"Ernesto Maria Ruffini"},{"@type":"BreadcrumbList","@id":"https:\/\/www.bellunopress.it\/2026\/02\/20\/nasce-piu-uno-la-rete-civica-ispirata-a-ernesto-maria-ruffini-che-punta-a-un-nuovo-centro-sinistra\/#breadcrumb","itemListElement":[{"@type":"ListItem","position":1,"name":"Home","item":"https:\/\/www.bellunopress.it\/"},{"@type":"ListItem","position":2,"name":"Nasce Pi\u00f9 Uno: la rete civica ispirata a Ernesto Maria Ruffini che punta a un nuovo centro-sinistra"}]},{"@type":"WebSite","@id":"https:\/\/www.bellunopress.it\/#website","url":"https:\/\/www.bellunopress.it\/","name":"Bellunopress - Dolomiti","description":"e-mail: redazione@bellunopress.it","publisher":{"@id":"https:\/\/www.bellunopress.it\/#organization"},"potentialAction":[{"@type":"SearchAction","target":{"@type":"EntryPoint","urlTemplate":"https:\/\/www.bellunopress.it\/?s={search_term_string}"},"query-input":{"@type":"PropertyValueSpecification","valueRequired":true,"valueName":"search_term_string"}}],"inLanguage":"fr-FR"},{"@type":"Organization","@id":"https:\/\/www.bellunopress.it\/#organization","name":"Bellunopress","url":"https:\/\/www.bellunopress.it\/","logo":{"@type":"ImageObject","inLanguage":"fr-FR","@id":"https:\/\/www.bellunopress.it\/#\/schema\/logo\/image\/","url":"https:\/\/www.bellunopress.it\/wp-content\/uploads\/2011\/05\/cropped-logo-bellunopress-.jpg","contentUrl":"https:\/\/www.bellunopress.it\/wp-content\/uploads\/2011\/05\/cropped-logo-bellunopress-.jpg","width":512,"height":512,"caption":"Bellunopress"},"image":{"@id":"https:\/\/www.bellunopress.it\/#\/schema\/logo\/image\/"},"sameAs":["https:\/\/www.facebook.com\/profile.php?id=100008943462799","https:\/\/x.com\/bellunopress","https:\/\/www.linkedin.com\/hp\/?dnr=JBzUWaJfMUw8vbXJJ2tVW5-I3jZKvC4wsoxE&amp;amp;amp;amp;amp;amp;trk=nav_responsive_tab_home","https:\/\/www.youtube.com\/channel\/UCxL0wu1uN0_3_7hGG0306cw"]},{"@type":"Person","@id":"https:\/\/www.bellunopress.it\/#\/schema\/person\/79bb06722b37ece1c03d3e94beb30d73","name":"r\u00e9daction","image":{"@type":"ImageObject","inLanguage":"fr-FR","@id":"https:\/\/secure.gravatar.com\/avatar\/37d968a2e67a6fd04c169c4bdef102d0bc5d31b2546345219e348575eb80e9a0?s=96&d=mm&r=g","url":"https:\/\/secure.gravatar.com\/avatar\/37d968a2e67a6fd04c169c4bdef102d0bc5d31b2546345219e348575eb80e9a0?s=96&d=mm&r=g","contentUrl":"https:\/\/secure.gravatar.com\/avatar\/37d968a2e67a6fd04c169c4bdef102d0bc5d31b2546345219e348575eb80e9a0?s=96&d=mm&r=g","caption":"redazione"},"sameAs":["http:\/\/www.bellunopress.it","https:\/\/x.com\/bellunopress"],"url":"https:\/\/www.bellunopress.it\/fr\/author\/redazione\/"}]}},"_links":{"self":[{"href":"https:\/\/www.bellunopress.it\/fr\/wp-json\/wp\/v2\/posts\/167602","targetHints":{"allow":["GET"]}}],"collection":[{"href":"https:\/\/www.bellunopress.it\/fr\/wp-json\/wp\/v2\/posts"}],"about":[{"href":"https:\/\/www.bellunopress.it\/fr\/wp-json\/wp\/v2\/types\/post"}],"author":[{"embeddable":true,"href":"https:\/\/www.bellunopress.it\/fr\/wp-json\/wp\/v2\/users\/2"}],"replies":[{"embeddable":true,"href":"https:\/\/www.bellunopress.it\/fr\/wp-json\/wp\/v2\/comments?post=167602"}],"version-history":[{"count":1,"href":"https:\/\/www.bellunopress.it\/fr\/wp-json\/wp\/v2\/posts\/167602\/revisions"}],"predecessor-version":[{"id":167604,"href":"https:\/\/www.bellunopress.it\/fr\/wp-json\/wp\/v2\/posts\/167602\/revisions\/167604"}],"wp:featuredmedia":[{"embeddable":true,"href":"https:\/\/www.bellunopress.it\/fr\/wp-json\/wp\/v2\/media\/167603"}],"wp:attachment":[{"href":"https:\/\/www.bellunopress.it\/fr\/wp-json\/wp\/v2\/media?parent=167602"}],"wp:term":[{"taxonomy":"category","embeddable":true,"href":"https:\/\/www.bellunopress.it\/fr\/wp-json\/wp\/v2\/categories?post=167602"},{"taxonomy":"post_tag","embeddable":true,"href":"https:\/\/www.bellunopress.it\/fr\/wp-json\/wp\/v2\/tags?post=167602"}],"curies":[{"name":"wp","href":"https:\/\/api.w.org\/{rel}","templated":true}]}}