{"id":167593,"date":"2026-02-19T13:22:24","date_gmt":"2026-02-19T12:22:24","guid":{"rendered":"https:\/\/www.bellunopress.it\/?p=167593"},"modified":"2026-02-19T13:22:24","modified_gmt":"2026-02-19T12:22:24","slug":"feltre-assegnati-i-contributi-comunali-alle-associazioni","status":"publish","type":"post","link":"https:\/\/www.bellunopress.it\/fr\/2026\/02\/19\/feltre-assegnati-i-contributi-comunali-alle-associazioni\/","title":{"rendered":"Feltre. Assegnati i contributi comunali alle associazioni"},"content":{"rendered":"<p>Feltre, 19 febbraio 2026 &#8211; Sono stati assegnati nei giorni scorsi, con delibera di giunta, i contributi previsti dall\u2019avviso pubblico rivolto alle associazioni culturali, ricreative, sociali e<br \/>\nambientali attive sul territorio comunale.<\/p>\n<p>La Giunta ha deliberato l\u2019erogazione del fondo di sostegno destinato alle realt\u00e0 che hanno presentato domanda e che sono risultate in possesso dei requisiti previsti dal bando. \u201cE\u2019 un segnale concreto di attenzione verso il mondo dell\u2019associazionismo e del volontariato,<br \/>\nche sostiene la nostra comunit\u00e0 e favorisce occasioni di incontro e di crescita \u2014 dichiara il sindaco Viviana Fusaro \u2014. Il volontariato \u00e8 una delle espressioni pi\u00f9 significative della partecipazione civica e un elemento fondamentale della vitalit\u00e0 del nostro territorio, di cui andiamo molto fieri.<\/p>\n<p>Sostenere le associazioni significa investire nelle relazioni, nella cultura e nella coesione sociale. Colgo l\u2019occasione per ringraziare sentitamente tutti i volontari operativi sul nostro territorio, per il loro prezioso lavoro e per la generosit\u00e0 con la quale mettono il proprio tempo a disposizione degli altri\u201d.<\/p>\n<p>Il contributo era finalizzato a sostenere le attivit\u00e0 realizzate nel corso dell\u2019ultimo anno da associazioni senza fini di lucro, con sede o operativit\u00e0 stabile in Citt\u00e0, riconoscendone il valore sociale, culturale ed educativo. Le risorse sono state assegnate sulla base di criteri che hanno tenuto conto, tra gli altri elementi, della partecipazione dei cittadini, del coinvolgimento dei volontari, dell\u2019impatto sul territorio, della capacit\u00e0 di fare rete e del valore delle iniziative proposte.<\/p>\n<p>Il fondo complessivo stanziato ammontava a 6.500 euro. Ecco le associazioni beneficiarie e i contributi assegnati:<\/p>\n<p>\u2022 Associazione SOS Animali Feltre \u2013 \u20ac 390,42<br \/>\n\u2022 Associazione Volontariato Tutti in Campo \u2014 \u20ac 226,45<br \/>\n\u2022 Associazione Mano Amica \u2014 \u20ac 195,21<br \/>\n\u2022 Centro Studi Claviere \u2014 \u20ac 1.350,00<br \/>\n\u2022 Associazione Musicale Feltrina G.B. Maffioletti \u2014 \u20ac 749,61<br \/>\n\u2022 Associazione Bellunesi nel Mondo \u2014 \u20ac 2.030,20<br \/>\n\u2022 Associazione Casel de Celarda \u2014 \u20ac 150,74<br \/>\n\u2022 Associazione Culturale Ghita \u2014 \u20ac 107,76<br \/>\n\u2022 Il Panfilo \u2014 \u20ac 395,31<br \/>\n\u2022 APS El Casel de Foen \u2014 \u20ac 904,30<\/p>\n<p>\u201cIl bando \u00e8 un modo concreto per riconoscere il valore di progetti, iniziative e attivit\u00e0 che animano la Citt\u00e0 durante tutto l\u2019anno \u2014 aggiunge l\u2019assessore alla cultura Flavia Colle \u2014. Le associazioni sono protagoniste della vita culturale e sociale locale, capaci di coinvolgere persone di tutte le et\u00e0 e di generare opportunit\u00e0 di crescita collettiva. Il sostegno economico \u00e8 un modo per valorizzare il loro impegno e incoraggiarne la continuit\u00e0\u201d.<\/p>","protected":false},"excerpt":{"rendered":"<p>Feltre, 19 febbraio 2026 &#8211; Sono stati assegnati nei giorni scorsi, con delibera di giunta, i contributi previsti dall\u2019avviso pubblico rivolto alle associazioni culturali, ricreative, sociali e ambientali attive sul territorio comunale. La Giunta ha deliberato l\u2019erogazione del fondo di sostegno destinato alle realt\u00e0 che hanno presentato domanda e che sono risultate in possesso dei [&hellip;]<\/p>\n","protected":false},"author":2,"featured_media":131611,"comment_status":"closed","ping_status":"open","sticky":false,"template":"","format":"standard","meta":{"footnotes":""},"categories":[26,8],"tags":[],"class_list":["post-167593","post","type-post","status-publish","format-standard","has-post-thumbnail","category-prima-pagina","category-societa-istituzioni"],"yoast_head":"<!-- This site is optimized with the Yoast SEO plugin v28.4 - https:\/\/yoast.com\/product\/yoast-seo-wordpress\/ -->\n<title>Feltre. Assegnati i contributi comunali alle associazioni - Bellunopress - Dolomiti<\/title>\n<meta name=\"robots\" content=\"index, follow, max-snippet:-1, max-image-preview:large, max-video-preview:-1\" \/>\n<link rel=\"canonical\" href=\"https:\/\/www.bellunopress.it\/fr\/2026\/02\/19\/feltre-assegnati-i-contributi-comunali-alle-associazioni\/\" \/>\n<meta property=\"og:locale\" content=\"fr_FR\" \/>\n<meta property=\"og:type\" content=\"article\" \/>\n<meta property=\"og:title\" content=\"Feltre. Assegnati i contributi comunali alle associazioni - Bellunopress - Dolomiti\" \/>\n<meta property=\"og:description\" content=\"Feltre, 19 febbraio 2026 &#8211; Sono stati assegnati nei giorni scorsi, con delibera di giunta, i contributi previsti dall\u2019avviso pubblico rivolto alle associazioni culturali, ricreative, sociali e ambientali attive sul territorio comunale. La Giunta ha deliberato l\u2019erogazione del fondo di sostegno destinato alle realt\u00e0 che hanno presentato domanda e che sono risultate in possesso dei [&hellip;]\" \/>\n<meta property=\"og:url\" content=\"https:\/\/www.bellunopress.it\/fr\/2026\/02\/19\/feltre-assegnati-i-contributi-comunali-alle-associazioni\/\" \/>\n<meta property=\"og:site_name\" content=\"Bellunopress - Dolomiti\" \/>\n<meta property=\"article:publisher\" content=\"https:\/\/www.facebook.com\/profile.php?id=100008943462799\" \/>\n<meta property=\"article:published_time\" content=\"2026-02-19T12:22:24+00:00\" \/>\n<meta property=\"og:image\" content=\"https:\/\/www.bellunopress.it\/wp-content\/uploads\/2022\/02\/comune-di-feltre_edited.jpg\" \/>\n\t<meta property=\"og:image:width\" content=\"633\" \/>\n\t<meta property=\"og:image:height\" content=\"353\" \/>\n\t<meta property=\"og:image:type\" content=\"image\/jpeg\" \/>\n<meta name=\"author\" content=\"redazione\" \/>\n<meta name=\"twitter:card\" content=\"summary_large_image\" \/>\n<meta name=\"twitter:creator\" content=\"@bellunopress\" \/>\n<meta name=\"twitter:site\" content=\"@bellunopress\" \/>\n<meta name=\"twitter:label1\" content=\"\u00c9crit par\" \/>\n\t<meta name=\"twitter:data1\" content=\"redazione\" \/>\n\t<meta name=\"twitter:label2\" content=\"Dur\u00e9e de lecture estim\u00e9e\" \/>\n\t<meta name=\"twitter:data2\" content=\"2 minutes\" \/>\n<script type=\"application\/ld+json\" class=\"yoast-schema-graph\">{\"@context\":\"https:\\\/\\\/schema.org\",\"@graph\":[{\"@type\":\"Article\",\"@id\":\"https:\\\/\\\/www.bellunopress.it\\\/2026\\\/02\\\/19\\\/feltre-assegnati-i-contributi-comunali-alle-associazioni\\\/#article\",\"isPartOf\":{\"@id\":\"https:\\\/\\\/www.bellunopress.it\\\/2026\\\/02\\\/19\\\/feltre-assegnati-i-contributi-comunali-alle-associazioni\\\/\"},\"author\":{\"name\":\"redazione\",\"@id\":\"https:\\\/\\\/www.bellunopress.it\\\/#\\\/schema\\\/person\\\/79bb06722b37ece1c03d3e94beb30d73\"},\"headline\":\"Feltre. Assegnati i contributi comunali alle associazioni\",\"datePublished\":\"2026-02-19T12:22:24+00:00\",\"mainEntityOfPage\":{\"@id\":\"https:\\\/\\\/www.bellunopress.it\\\/2026\\\/02\\\/19\\\/feltre-assegnati-i-contributi-comunali-alle-associazioni\\\/\"},\"wordCount\":364,\"publisher\":{\"@id\":\"https:\\\/\\\/www.bellunopress.it\\\/#organization\"},\"image\":{\"@id\":\"https:\\\/\\\/www.bellunopress.it\\\/2026\\\/02\\\/19\\\/feltre-assegnati-i-contributi-comunali-alle-associazioni\\\/#primaryimage\"},\"thumbnailUrl\":\"https:\\\/\\\/www.bellunopress.it\\\/wp-content\\\/uploads\\\/2022\\\/02\\\/comune-di-feltre_edited.jpg\",\"articleSection\":[\"Prima Pagina\",\"Societ\u00e0, Associazioni, Istituzioni\"],\"inLanguage\":\"fr-FR\"},{\"@type\":\"WebPage\",\"@id\":\"https:\\\/\\\/www.bellunopress.it\\\/2026\\\/02\\\/19\\\/feltre-assegnati-i-contributi-comunali-alle-associazioni\\\/\",\"url\":\"https:\\\/\\\/www.bellunopress.it\\\/2026\\\/02\\\/19\\\/feltre-assegnati-i-contributi-comunali-alle-associazioni\\\/\",\"name\":\"Feltre. Assegnati i contributi comunali alle associazioni - Bellunopress - Dolomiti\",\"isPartOf\":{\"@id\":\"https:\\\/\\\/www.bellunopress.it\\\/#website\"},\"primaryImageOfPage\":{\"@id\":\"https:\\\/\\\/www.bellunopress.it\\\/2026\\\/02\\\/19\\\/feltre-assegnati-i-contributi-comunali-alle-associazioni\\\/#primaryimage\"},\"image\":{\"@id\":\"https:\\\/\\\/www.bellunopress.it\\\/2026\\\/02\\\/19\\\/feltre-assegnati-i-contributi-comunali-alle-associazioni\\\/#primaryimage\"},\"thumbnailUrl\":\"https:\\\/\\\/www.bellunopress.it\\\/wp-content\\\/uploads\\\/2022\\\/02\\\/comune-di-feltre_edited.jpg\",\"datePublished\":\"2026-02-19T12:22:24+00:00\",\"breadcrumb\":{\"@id\":\"https:\\\/\\\/www.bellunopress.it\\\/2026\\\/02\\\/19\\\/feltre-assegnati-i-contributi-comunali-alle-associazioni\\\/#breadcrumb\"},\"inLanguage\":\"fr-FR\",\"potentialAction\":[{\"@type\":\"ReadAction\",\"target\":[\"https:\\\/\\\/www.bellunopress.it\\\/2026\\\/02\\\/19\\\/feltre-assegnati-i-contributi-comunali-alle-associazioni\\\/\"]}]},{\"@type\":\"ImageObject\",\"inLanguage\":\"fr-FR\",\"@id\":\"https:\\\/\\\/www.bellunopress.it\\\/2026\\\/02\\\/19\\\/feltre-assegnati-i-contributi-comunali-alle-associazioni\\\/#primaryimage\",\"url\":\"https:\\\/\\\/www.bellunopress.it\\\/wp-content\\\/uploads\\\/2022\\\/02\\\/comune-di-feltre_edited.jpg\",\"contentUrl\":\"https:\\\/\\\/www.bellunopress.it\\\/wp-content\\\/uploads\\\/2022\\\/02\\\/comune-di-feltre_edited.jpg\",\"width\":633,\"height\":353},{\"@type\":\"BreadcrumbList\",\"@id\":\"https:\\\/\\\/www.bellunopress.it\\\/2026\\\/02\\\/19\\\/feltre-assegnati-i-contributi-comunali-alle-associazioni\\\/#breadcrumb\",\"itemListElement\":[{\"@type\":\"ListItem\",\"position\":1,\"name\":\"Home\",\"item\":\"https:\\\/\\\/www.bellunopress.it\\\/\"},{\"@type\":\"ListItem\",\"position\":2,\"name\":\"Feltre. Assegnati i contributi comunali alle associazioni\"}]},{\"@type\":\"WebSite\",\"@id\":\"https:\\\/\\\/www.bellunopress.it\\\/#website\",\"url\":\"https:\\\/\\\/www.bellunopress.it\\\/\",\"name\":\"Bellunopress - Dolomiti\",\"description\":\"e-mail: redazione@bellunopress.it\",\"publisher\":{\"@id\":\"https:\\\/\\\/www.bellunopress.it\\\/#organization\"},\"potentialAction\":[{\"@type\":\"SearchAction\",\"target\":{\"@type\":\"EntryPoint\",\"urlTemplate\":\"https:\\\/\\\/www.bellunopress.it\\\/?s={search_term_string}\"},\"query-input\":{\"@type\":\"PropertyValueSpecification\",\"valueRequired\":true,\"valueName\":\"search_term_string\"}}],\"inLanguage\":\"fr-FR\"},{\"@type\":\"Organization\",\"@id\":\"https:\\\/\\\/www.bellunopress.it\\\/#organization\",\"name\":\"Bellunopress\",\"url\":\"https:\\\/\\\/www.bellunopress.it\\\/\",\"logo\":{\"@type\":\"ImageObject\",\"inLanguage\":\"fr-FR\",\"@id\":\"https:\\\/\\\/www.bellunopress.it\\\/#\\\/schema\\\/logo\\\/image\\\/\",\"url\":\"https:\\\/\\\/www.bellunopress.it\\\/wp-content\\\/uploads\\\/2011\\\/05\\\/cropped-logo-bellunopress-.jpg\",\"contentUrl\":\"https:\\\/\\\/www.bellunopress.it\\\/wp-content\\\/uploads\\\/2011\\\/05\\\/cropped-logo-bellunopress-.jpg\",\"width\":512,\"height\":512,\"caption\":\"Bellunopress\"},\"image\":{\"@id\":\"https:\\\/\\\/www.bellunopress.it\\\/#\\\/schema\\\/logo\\\/image\\\/\"},\"sameAs\":[\"https:\\\/\\\/www.facebook.com\\\/profile.php?id=100008943462799\",\"https:\\\/\\\/x.com\\\/bellunopress\",\"https:\\\/\\\/www.linkedin.com\\\/hp\\\/?dnr=JBzUWaJfMUw8vbXJJ2tVW5-I3jZKvC4wsoxE&amp;amp;amp;amp;amp;amp;trk=nav_responsive_tab_home\",\"https:\\\/\\\/www.youtube.com\\\/channel\\\/UCxL0wu1uN0_3_7hGG0306cw\"]},{\"@type\":\"Person\",\"@id\":\"https:\\\/\\\/www.bellunopress.it\\\/#\\\/schema\\\/person\\\/79bb06722b37ece1c03d3e94beb30d73\",\"name\":\"redazione\",\"image\":{\"@type\":\"ImageObject\",\"inLanguage\":\"fr-FR\",\"@id\":\"https:\\\/\\\/secure.gravatar.com\\\/avatar\\\/37d968a2e67a6fd04c169c4bdef102d0bc5d31b2546345219e348575eb80e9a0?s=96&d=mm&r=g\",\"url\":\"https:\\\/\\\/secure.gravatar.com\\\/avatar\\\/37d968a2e67a6fd04c169c4bdef102d0bc5d31b2546345219e348575eb80e9a0?s=96&d=mm&r=g\",\"contentUrl\":\"https:\\\/\\\/secure.gravatar.com\\\/avatar\\\/37d968a2e67a6fd04c169c4bdef102d0bc5d31b2546345219e348575eb80e9a0?s=96&d=mm&r=g\",\"caption\":\"redazione\"},\"sameAs\":[\"http:\\\/\\\/www.bellunopress.it\",\"https:\\\/\\\/x.com\\\/bellunopress\"],\"url\":\"https:\\\/\\\/www.bellunopress.it\\\/fr\\\/author\\\/redazione\\\/\"}]}<\/script>\n<!-- \/ Yoast SEO plugin. -->","yoast_head_json":{"title":"Feltre. Assegnati i contributi comunali alle associazioni - Bellunopress - Dolomiti","robots":{"index":"index","follow":"follow","max-snippet":"max-snippet:-1","max-image-preview":"max-image-preview:large","max-video-preview":"max-video-preview:-1"},"canonical":"https:\/\/www.bellunopress.it\/fr\/2026\/02\/19\/feltre-assegnati-i-contributi-comunali-alle-associazioni\/","og_locale":"fr_FR","og_type":"article","og_title":"Feltre. Assegnati i contributi comunali alle associazioni - Bellunopress - Dolomiti","og_description":"Feltre, 19 febbraio 2026 &#8211; Sono stati assegnati nei giorni scorsi, con delibera di giunta, i contributi previsti dall\u2019avviso pubblico rivolto alle associazioni culturali, ricreative, sociali e ambientali attive sul territorio comunale. La Giunta ha deliberato l\u2019erogazione del fondo di sostegno destinato alle realt\u00e0 che hanno presentato domanda e che sono risultate in possesso dei [&hellip;]","og_url":"https:\/\/www.bellunopress.it\/fr\/2026\/02\/19\/feltre-assegnati-i-contributi-comunali-alle-associazioni\/","og_site_name":"Bellunopress - Dolomiti","article_publisher":"https:\/\/www.facebook.com\/profile.php?id=100008943462799","article_published_time":"2026-02-19T12:22:24+00:00","og_image":[{"width":633,"height":353,"url":"https:\/\/www.bellunopress.it\/wp-content\/uploads\/2022\/02\/comune-di-feltre_edited.jpg","type":"image\/jpeg"}],"author":"redazione","twitter_card":"summary_large_image","twitter_creator":"@bellunopress","twitter_site":"@bellunopress","twitter_misc":{"\u00c9crit par":"redazione","Dur\u00e9e de lecture estim\u00e9e":"2 minutes"},"schema":{"@context":"https:\/\/schema.org","@graph":[{"@type":"Article","@id":"https:\/\/www.bellunopress.it\/2026\/02\/19\/feltre-assegnati-i-contributi-comunali-alle-associazioni\/#article","isPartOf":{"@id":"https:\/\/www.bellunopress.it\/2026\/02\/19\/feltre-assegnati-i-contributi-comunali-alle-associazioni\/"},"author":{"name":"redazione","@id":"https:\/\/www.bellunopress.it\/#\/schema\/person\/79bb06722b37ece1c03d3e94beb30d73"},"headline":"Feltre. Assegnati i contributi comunali alle associazioni","datePublished":"2026-02-19T12:22:24+00:00","mainEntityOfPage":{"@id":"https:\/\/www.bellunopress.it\/2026\/02\/19\/feltre-assegnati-i-contributi-comunali-alle-associazioni\/"},"wordCount":364,"publisher":{"@id":"https:\/\/www.bellunopress.it\/#organization"},"image":{"@id":"https:\/\/www.bellunopress.it\/2026\/02\/19\/feltre-assegnati-i-contributi-comunali-alle-associazioni\/#primaryimage"},"thumbnailUrl":"https:\/\/www.bellunopress.it\/wp-content\/uploads\/2022\/02\/comune-di-feltre_edited.jpg","articleSection":["Prima Pagina","Societ\u00e0, Associazioni, Istituzioni"],"inLanguage":"fr-FR"},{"@type":"WebPage","@id":"https:\/\/www.bellunopress.it\/2026\/02\/19\/feltre-assegnati-i-contributi-comunali-alle-associazioni\/","url":"https:\/\/www.bellunopress.it\/2026\/02\/19\/feltre-assegnati-i-contributi-comunali-alle-associazioni\/","name":"Feltre. Assegnati i contributi comunali alle associazioni - Bellunopress - Dolomiti","isPartOf":{"@id":"https:\/\/www.bellunopress.it\/#website"},"primaryImageOfPage":{"@id":"https:\/\/www.bellunopress.it\/2026\/02\/19\/feltre-assegnati-i-contributi-comunali-alle-associazioni\/#primaryimage"},"image":{"@id":"https:\/\/www.bellunopress.it\/2026\/02\/19\/feltre-assegnati-i-contributi-comunali-alle-associazioni\/#primaryimage"},"thumbnailUrl":"https:\/\/www.bellunopress.it\/wp-content\/uploads\/2022\/02\/comune-di-feltre_edited.jpg","datePublished":"2026-02-19T12:22:24+00:00","breadcrumb":{"@id":"https:\/\/www.bellunopress.it\/2026\/02\/19\/feltre-assegnati-i-contributi-comunali-alle-associazioni\/#breadcrumb"},"inLanguage":"fr-FR","potentialAction":[{"@type":"ReadAction","target":["https:\/\/www.bellunopress.it\/2026\/02\/19\/feltre-assegnati-i-contributi-comunali-alle-associazioni\/"]}]},{"@type":"ImageObject","inLanguage":"fr-FR","@id":"https:\/\/www.bellunopress.it\/2026\/02\/19\/feltre-assegnati-i-contributi-comunali-alle-associazioni\/#primaryimage","url":"https:\/\/www.bellunopress.it\/wp-content\/uploads\/2022\/02\/comune-di-feltre_edited.jpg","contentUrl":"https:\/\/www.bellunopress.it\/wp-content\/uploads\/2022\/02\/comune-di-feltre_edited.jpg","width":633,"height":353},{"@type":"BreadcrumbList","@id":"https:\/\/www.bellunopress.it\/2026\/02\/19\/feltre-assegnati-i-contributi-comunali-alle-associazioni\/#breadcrumb","itemListElement":[{"@type":"ListItem","position":1,"name":"Home","item":"https:\/\/www.bellunopress.it\/"},{"@type":"ListItem","position":2,"name":"Feltre. Assegnati i contributi comunali alle associazioni"}]},{"@type":"WebSite","@id":"https:\/\/www.bellunopress.it\/#website","url":"https:\/\/www.bellunopress.it\/","name":"Bellunopress - Dolomiti","description":"e-mail: redazione@bellunopress.it","publisher":{"@id":"https:\/\/www.bellunopress.it\/#organization"},"potentialAction":[{"@type":"SearchAction","target":{"@type":"EntryPoint","urlTemplate":"https:\/\/www.bellunopress.it\/?s={search_term_string}"},"query-input":{"@type":"PropertyValueSpecification","valueRequired":true,"valueName":"search_term_string"}}],"inLanguage":"fr-FR"},{"@type":"Organization","@id":"https:\/\/www.bellunopress.it\/#organization","name":"Bellunopress","url":"https:\/\/www.bellunopress.it\/","logo":{"@type":"ImageObject","inLanguage":"fr-FR","@id":"https:\/\/www.bellunopress.it\/#\/schema\/logo\/image\/","url":"https:\/\/www.bellunopress.it\/wp-content\/uploads\/2011\/05\/cropped-logo-bellunopress-.jpg","contentUrl":"https:\/\/www.bellunopress.it\/wp-content\/uploads\/2011\/05\/cropped-logo-bellunopress-.jpg","width":512,"height":512,"caption":"Bellunopress"},"image":{"@id":"https:\/\/www.bellunopress.it\/#\/schema\/logo\/image\/"},"sameAs":["https:\/\/www.facebook.com\/profile.php?id=100008943462799","https:\/\/x.com\/bellunopress","https:\/\/www.linkedin.com\/hp\/?dnr=JBzUWaJfMUw8vbXJJ2tVW5-I3jZKvC4wsoxE&amp;amp;amp;amp;amp;amp;trk=nav_responsive_tab_home","https:\/\/www.youtube.com\/channel\/UCxL0wu1uN0_3_7hGG0306cw"]},{"@type":"Person","@id":"https:\/\/www.bellunopress.it\/#\/schema\/person\/79bb06722b37ece1c03d3e94beb30d73","name":"r\u00e9daction","image":{"@type":"ImageObject","inLanguage":"fr-FR","@id":"https:\/\/secure.gravatar.com\/avatar\/37d968a2e67a6fd04c169c4bdef102d0bc5d31b2546345219e348575eb80e9a0?s=96&d=mm&r=g","url":"https:\/\/secure.gravatar.com\/avatar\/37d968a2e67a6fd04c169c4bdef102d0bc5d31b2546345219e348575eb80e9a0?s=96&d=mm&r=g","contentUrl":"https:\/\/secure.gravatar.com\/avatar\/37d968a2e67a6fd04c169c4bdef102d0bc5d31b2546345219e348575eb80e9a0?s=96&d=mm&r=g","caption":"redazione"},"sameAs":["http:\/\/www.bellunopress.it","https:\/\/x.com\/bellunopress"],"url":"https:\/\/www.bellunopress.it\/fr\/author\/redazione\/"}]}},"_links":{"self":[{"href":"https:\/\/www.bellunopress.it\/fr\/wp-json\/wp\/v2\/posts\/167593","targetHints":{"allow":["GET"]}}],"collection":[{"href":"https:\/\/www.bellunopress.it\/fr\/wp-json\/wp\/v2\/posts"}],"about":[{"href":"https:\/\/www.bellunopress.it\/fr\/wp-json\/wp\/v2\/types\/post"}],"author":[{"embeddable":true,"href":"https:\/\/www.bellunopress.it\/fr\/wp-json\/wp\/v2\/users\/2"}],"replies":[{"embeddable":true,"href":"https:\/\/www.bellunopress.it\/fr\/wp-json\/wp\/v2\/comments?post=167593"}],"version-history":[{"count":1,"href":"https:\/\/www.bellunopress.it\/fr\/wp-json\/wp\/v2\/posts\/167593\/revisions"}],"predecessor-version":[{"id":167594,"href":"https:\/\/www.bellunopress.it\/fr\/wp-json\/wp\/v2\/posts\/167593\/revisions\/167594"}],"wp:featuredmedia":[{"embeddable":true,"href":"https:\/\/www.bellunopress.it\/fr\/wp-json\/wp\/v2\/media\/131611"}],"wp:attachment":[{"href":"https:\/\/www.bellunopress.it\/fr\/wp-json\/wp\/v2\/media?parent=167593"}],"wp:term":[{"taxonomy":"category","embeddable":true,"href":"https:\/\/www.bellunopress.it\/fr\/wp-json\/wp\/v2\/categories?post=167593"},{"taxonomy":"post_tag","embeddable":true,"href":"https:\/\/www.bellunopress.it\/fr\/wp-json\/wp\/v2\/tags?post=167593"}],"curies":[{"name":"wp","href":"https:\/\/api.w.org\/{rel}","templated":true}]}}