{"id":167591,"date":"2026-02-19T11:45:27","date_gmt":"2026-02-19T10:45:27","guid":{"rendered":"https:\/\/www.bellunopress.it\/?p=167591"},"modified":"2026-02-19T11:45:27","modified_gmt":"2026-02-19T10:45:27","slug":"prosegue-con-stefani-la-finta-autonomia-della-lega-davide-lovat-una-pre-intesa-talmente-lunga-che-non-si-arrivera-a-nulla","status":"publish","type":"post","link":"https:\/\/www.bellunopress.it\/fr\/2026\/02\/19\/prosegue-con-stefani-la-finta-autonomia-della-lega-davide-lovat-una-pre-intesa-talmente-lunga-che-non-si-arrivera-a-nulla\/","title":{"rendered":"Prosegue con Stefani la finta autonomia della Lega.  Davide Lovat: una pre-intesa talmente lunga che non si arriver\u00e0 a nulla"},"content":{"rendered":"<p><strong>&#8220;Si vendono ai veneti solo cinici slogan&#8221;<\/strong><\/p>\n<p>Venezia, 19 febbraio 2026 &#8211; &#8220;Spiace che su questa finta autonomia si faccia cos\u00ec tanto clamore e tante foto-opportunity, ma poca sostanza perch\u00e9, appunto, sostanza ce ne \u00e8 poca. Il Presidente Stefani si limita a slogan di circostanza tipo: spesa migliore e servizi migliori, che non significano niente. E non mi soffermo nemmeno sul fatto che le altre regioni possono impugnare questa pre-intesa rendendola, praticamente, inesistente&#8221;.<\/p>\n<p>Lo sostiene il consigliere regionale Davide Lovat del <i>Gruppo consiliare Szumski Resistere Veneto<\/i><\/p>\n<p>&#8220;Purtroppo &#8211; prosegue Lovat &#8211; sulla pelle dei veneti si continua a lucrare posizioni politiche, anche personali, che richiedono un certo cinismo, ma ai grandi sorrisi va aggiunto che, intanto, si tratta perlopi\u00f9 di materie che non hanno bisogno delle determinazioni di Livelli essenziali delle prestazioni (Lep) e per questo, materie secondarie.<\/p>\n<p>La vera verit\u00e0 \u00e8 che si prospetta un iter talmente lungo che scavaller\u00e0 l&#8217;attuale legislatura nazionale e di questa pre-intesa di fantomatica autonomia si sar\u00e0 fatta soltanto propaganda politica. S\u00ec perch\u00e9 ora gli schemi di intesa verranno trasmessi alla Conferenza unificata Stato-Regioni per un parere che sar\u00e0 espresso entro due mesi. Poi i testi passeranno alla Camera e al Senato per l&#8217;esame delle commissioni che dovranno dare gli indirizzi entro 90 giorni. E non \u00e8 finita. Successivamente torner\u00e0 tutto ai Consigli regionali interessati &#8211; quindi anche a Venezia &#8211; che, a loro volta, non hanno un limite di tempo. Questo significa che le Regioni a guida leghista potrebbero anche tentare un&#8217;accelerata, ma le altre \u00e8 tutto da vedere.<\/p>\n<p>Una volta licenziata la pre-intesa dai Consigli regionali si torna al Consiglio dei Ministri che ha 45 giorni per deliberare, allegando il tutto a un Disegno di legge che, a sua volta, inizier\u00e0 l&#8217;iter parlamentare come tutti i disegni di legge.<\/p>\n<p>Questo significa che se tutto andr\u00e0 liscio, se non ci fossero coloro che si oppongono e le Regioni contrarie all&#8217;introduzione della Sanit\u00e0 tra le materie oggetto d&#8217;intesa, si arriverebbe a scadenza della legislatura. E non \u00e8 detto che non si faccia intervenire, di nuovo, la Consulta perch\u00e9, spiegano molti tecnici, le funzioni &#8220;non Lep&#8221; legate alla salute sono finite nelle pre-intese e questo trova molti ostacoli e dimostra come, questa riforma, \u00e8 soltanto &#8220;finta autonomia&#8221; e non ha niente a che fare con il Federalismo&#8221;.<\/p>\n<p>&nbsp;<\/p>","protected":false},"excerpt":{"rendered":"<p>&#8220;Si vendono ai veneti solo cinici slogan&#8221; Venezia, 19 febbraio 2026 &#8211; &#8220;Spiace che su questa finta autonomia si faccia cos\u00ec tanto clamore e tante foto-opportunity, ma poca sostanza perch\u00e9, appunto, sostanza ce ne \u00e8 poca. Il Presidente Stefani si limita a slogan di circostanza tipo: spesa migliore e servizi migliori, che non significano niente. [&hellip;]<\/p>\n","protected":false},"author":2,"featured_media":167201,"comment_status":"closed","ping_status":"open","sticky":false,"template":"","format":"standard","meta":{"footnotes":""},"categories":[5,26],"tags":[],"class_list":["post-167591","post","type-post","status-publish","format-standard","has-post-thumbnail","category-cronaca","category-prima-pagina"],"yoast_head":"<!-- This site is optimized with the Yoast SEO plugin v28.4 - https:\/\/yoast.com\/product\/yoast-seo-wordpress\/ -->\n<title>Prosegue con Stefani la finta autonomia della Lega. Davide Lovat: una pre-intesa talmente lunga che non si arriver\u00e0 a nulla - Bellunopress - Dolomiti<\/title>\n<meta name=\"robots\" content=\"index, follow, max-snippet:-1, max-image-preview:large, max-video-preview:-1\" \/>\n<link rel=\"canonical\" href=\"https:\/\/www.bellunopress.it\/fr\/2026\/02\/19\/prosegue-con-stefani-la-finta-autonomia-della-lega-davide-lovat-una-pre-intesa-talmente-lunga-che-non-si-arrivera-a-nulla\/\" \/>\n<meta property=\"og:locale\" content=\"fr_FR\" \/>\n<meta property=\"og:type\" content=\"article\" \/>\n<meta property=\"og:title\" content=\"Prosegue con Stefani la finta autonomia della Lega. Davide Lovat: una pre-intesa talmente lunga che non si arriver\u00e0 a nulla - Bellunopress - Dolomiti\" \/>\n<meta property=\"og:description\" content=\"&#8220;Si vendono ai veneti solo cinici slogan&#8221; Venezia, 19 febbraio 2026 &#8211; &#8220;Spiace che su questa finta autonomia si faccia cos\u00ec tanto clamore e tante foto-opportunity, ma poca sostanza perch\u00e9, appunto, sostanza ce ne \u00e8 poca. Il Presidente Stefani si limita a slogan di circostanza tipo: spesa migliore e servizi migliori, che non significano niente. [&hellip;]\" \/>\n<meta property=\"og:url\" content=\"https:\/\/www.bellunopress.it\/fr\/2026\/02\/19\/prosegue-con-stefani-la-finta-autonomia-della-lega-davide-lovat-una-pre-intesa-talmente-lunga-che-non-si-arrivera-a-nulla\/\" \/>\n<meta property=\"og:site_name\" content=\"Bellunopress - Dolomiti\" \/>\n<meta property=\"article:publisher\" content=\"https:\/\/www.facebook.com\/profile.php?id=100008943462799\" \/>\n<meta property=\"article:published_time\" content=\"2026-02-19T10:45:27+00:00\" \/>\n<meta property=\"og:image\" content=\"https:\/\/www.bellunopress.it\/wp-content\/uploads\/2026\/02\/Davide-Lovat-consigliere-regionale.jpg\" \/>\n\t<meta property=\"og:image:width\" content=\"255\" \/>\n\t<meta property=\"og:image:height\" content=\"351\" \/>\n\t<meta property=\"og:image:type\" content=\"image\/jpeg\" \/>\n<meta name=\"author\" content=\"redazione\" \/>\n<meta name=\"twitter:card\" content=\"summary_large_image\" \/>\n<meta name=\"twitter:creator\" content=\"@bellunopress\" \/>\n<meta name=\"twitter:site\" content=\"@bellunopress\" \/>\n<meta name=\"twitter:label1\" content=\"\u00c9crit par\" \/>\n\t<meta name=\"twitter:data1\" content=\"redazione\" \/>\n\t<meta name=\"twitter:label2\" content=\"Dur\u00e9e de lecture estim\u00e9e\" \/>\n\t<meta name=\"twitter:data2\" content=\"2 minutes\" \/>\n<script type=\"application\/ld+json\" class=\"yoast-schema-graph\">{\"@context\":\"https:\\\/\\\/schema.org\",\"@graph\":[{\"@type\":\"Article\",\"@id\":\"https:\\\/\\\/www.bellunopress.it\\\/2026\\\/02\\\/19\\\/prosegue-con-stefani-la-finta-autonomia-della-lega-davide-lovat-una-pre-intesa-talmente-lunga-che-non-si-arrivera-a-nulla\\\/#article\",\"isPartOf\":{\"@id\":\"https:\\\/\\\/www.bellunopress.it\\\/2026\\\/02\\\/19\\\/prosegue-con-stefani-la-finta-autonomia-della-lega-davide-lovat-una-pre-intesa-talmente-lunga-che-non-si-arrivera-a-nulla\\\/\"},\"author\":{\"name\":\"redazione\",\"@id\":\"https:\\\/\\\/www.bellunopress.it\\\/#\\\/schema\\\/person\\\/79bb06722b37ece1c03d3e94beb30d73\"},\"headline\":\"Prosegue con Stefani la finta autonomia della Lega. Davide Lovat: una pre-intesa talmente lunga che non si arriver\u00e0 a nulla\",\"datePublished\":\"2026-02-19T10:45:27+00:00\",\"mainEntityOfPage\":{\"@id\":\"https:\\\/\\\/www.bellunopress.it\\\/2026\\\/02\\\/19\\\/prosegue-con-stefani-la-finta-autonomia-della-lega-davide-lovat-una-pre-intesa-talmente-lunga-che-non-si-arrivera-a-nulla\\\/\"},\"wordCount\":399,\"publisher\":{\"@id\":\"https:\\\/\\\/www.bellunopress.it\\\/#organization\"},\"image\":{\"@id\":\"https:\\\/\\\/www.bellunopress.it\\\/2026\\\/02\\\/19\\\/prosegue-con-stefani-la-finta-autonomia-della-lega-davide-lovat-una-pre-intesa-talmente-lunga-che-non-si-arrivera-a-nulla\\\/#primaryimage\"},\"thumbnailUrl\":\"https:\\\/\\\/www.bellunopress.it\\\/wp-content\\\/uploads\\\/2026\\\/02\\\/Davide-Lovat-consigliere-regionale.jpg\",\"articleSection\":[\"Cronaca\\\/Politica\",\"Prima Pagina\"],\"inLanguage\":\"fr-FR\"},{\"@type\":\"WebPage\",\"@id\":\"https:\\\/\\\/www.bellunopress.it\\\/2026\\\/02\\\/19\\\/prosegue-con-stefani-la-finta-autonomia-della-lega-davide-lovat-una-pre-intesa-talmente-lunga-che-non-si-arrivera-a-nulla\\\/\",\"url\":\"https:\\\/\\\/www.bellunopress.it\\\/2026\\\/02\\\/19\\\/prosegue-con-stefani-la-finta-autonomia-della-lega-davide-lovat-una-pre-intesa-talmente-lunga-che-non-si-arrivera-a-nulla\\\/\",\"name\":\"Prosegue con Stefani la finta autonomia della Lega. Davide Lovat: una pre-intesa talmente lunga che non si arriver\u00e0 a nulla - Bellunopress - Dolomiti\",\"isPartOf\":{\"@id\":\"https:\\\/\\\/www.bellunopress.it\\\/#website\"},\"primaryImageOfPage\":{\"@id\":\"https:\\\/\\\/www.bellunopress.it\\\/2026\\\/02\\\/19\\\/prosegue-con-stefani-la-finta-autonomia-della-lega-davide-lovat-una-pre-intesa-talmente-lunga-che-non-si-arrivera-a-nulla\\\/#primaryimage\"},\"image\":{\"@id\":\"https:\\\/\\\/www.bellunopress.it\\\/2026\\\/02\\\/19\\\/prosegue-con-stefani-la-finta-autonomia-della-lega-davide-lovat-una-pre-intesa-talmente-lunga-che-non-si-arrivera-a-nulla\\\/#primaryimage\"},\"thumbnailUrl\":\"https:\\\/\\\/www.bellunopress.it\\\/wp-content\\\/uploads\\\/2026\\\/02\\\/Davide-Lovat-consigliere-regionale.jpg\",\"datePublished\":\"2026-02-19T10:45:27+00:00\",\"breadcrumb\":{\"@id\":\"https:\\\/\\\/www.bellunopress.it\\\/2026\\\/02\\\/19\\\/prosegue-con-stefani-la-finta-autonomia-della-lega-davide-lovat-una-pre-intesa-talmente-lunga-che-non-si-arrivera-a-nulla\\\/#breadcrumb\"},\"inLanguage\":\"fr-FR\",\"potentialAction\":[{\"@type\":\"ReadAction\",\"target\":[\"https:\\\/\\\/www.bellunopress.it\\\/2026\\\/02\\\/19\\\/prosegue-con-stefani-la-finta-autonomia-della-lega-davide-lovat-una-pre-intesa-talmente-lunga-che-non-si-arrivera-a-nulla\\\/\"]}]},{\"@type\":\"ImageObject\",\"inLanguage\":\"fr-FR\",\"@id\":\"https:\\\/\\\/www.bellunopress.it\\\/2026\\\/02\\\/19\\\/prosegue-con-stefani-la-finta-autonomia-della-lega-davide-lovat-una-pre-intesa-talmente-lunga-che-non-si-arrivera-a-nulla\\\/#primaryimage\",\"url\":\"https:\\\/\\\/www.bellunopress.it\\\/wp-content\\\/uploads\\\/2026\\\/02\\\/Davide-Lovat-consigliere-regionale.jpg\",\"contentUrl\":\"https:\\\/\\\/www.bellunopress.it\\\/wp-content\\\/uploads\\\/2026\\\/02\\\/Davide-Lovat-consigliere-regionale.jpg\",\"width\":255,\"height\":351,\"caption\":\"Davide Lovat, consigliere regionale\"},{\"@type\":\"BreadcrumbList\",\"@id\":\"https:\\\/\\\/www.bellunopress.it\\\/2026\\\/02\\\/19\\\/prosegue-con-stefani-la-finta-autonomia-della-lega-davide-lovat-una-pre-intesa-talmente-lunga-che-non-si-arrivera-a-nulla\\\/#breadcrumb\",\"itemListElement\":[{\"@type\":\"ListItem\",\"position\":1,\"name\":\"Home\",\"item\":\"https:\\\/\\\/www.bellunopress.it\\\/\"},{\"@type\":\"ListItem\",\"position\":2,\"name\":\"Prosegue con Stefani la finta autonomia della Lega. Davide Lovat: una pre-intesa talmente lunga che non si arriver\u00e0 a nulla\"}]},{\"@type\":\"WebSite\",\"@id\":\"https:\\\/\\\/www.bellunopress.it\\\/#website\",\"url\":\"https:\\\/\\\/www.bellunopress.it\\\/\",\"name\":\"Bellunopress - Dolomiti\",\"description\":\"e-mail: redazione@bellunopress.it\",\"publisher\":{\"@id\":\"https:\\\/\\\/www.bellunopress.it\\\/#organization\"},\"potentialAction\":[{\"@type\":\"SearchAction\",\"target\":{\"@type\":\"EntryPoint\",\"urlTemplate\":\"https:\\\/\\\/www.bellunopress.it\\\/?s={search_term_string}\"},\"query-input\":{\"@type\":\"PropertyValueSpecification\",\"valueRequired\":true,\"valueName\":\"search_term_string\"}}],\"inLanguage\":\"fr-FR\"},{\"@type\":\"Organization\",\"@id\":\"https:\\\/\\\/www.bellunopress.it\\\/#organization\",\"name\":\"Bellunopress\",\"url\":\"https:\\\/\\\/www.bellunopress.it\\\/\",\"logo\":{\"@type\":\"ImageObject\",\"inLanguage\":\"fr-FR\",\"@id\":\"https:\\\/\\\/www.bellunopress.it\\\/#\\\/schema\\\/logo\\\/image\\\/\",\"url\":\"https:\\\/\\\/www.bellunopress.it\\\/wp-content\\\/uploads\\\/2011\\\/05\\\/cropped-logo-bellunopress-.jpg\",\"contentUrl\":\"https:\\\/\\\/www.bellunopress.it\\\/wp-content\\\/uploads\\\/2011\\\/05\\\/cropped-logo-bellunopress-.jpg\",\"width\":512,\"height\":512,\"caption\":\"Bellunopress\"},\"image\":{\"@id\":\"https:\\\/\\\/www.bellunopress.it\\\/#\\\/schema\\\/logo\\\/image\\\/\"},\"sameAs\":[\"https:\\\/\\\/www.facebook.com\\\/profile.php?id=100008943462799\",\"https:\\\/\\\/x.com\\\/bellunopress\",\"https:\\\/\\\/www.linkedin.com\\\/hp\\\/?dnr=JBzUWaJfMUw8vbXJJ2tVW5-I3jZKvC4wsoxE&amp;amp;amp;amp;amp;amp;trk=nav_responsive_tab_home\",\"https:\\\/\\\/www.youtube.com\\\/channel\\\/UCxL0wu1uN0_3_7hGG0306cw\"]},{\"@type\":\"Person\",\"@id\":\"https:\\\/\\\/www.bellunopress.it\\\/#\\\/schema\\\/person\\\/79bb06722b37ece1c03d3e94beb30d73\",\"name\":\"redazione\",\"image\":{\"@type\":\"ImageObject\",\"inLanguage\":\"fr-FR\",\"@id\":\"https:\\\/\\\/secure.gravatar.com\\\/avatar\\\/37d968a2e67a6fd04c169c4bdef102d0bc5d31b2546345219e348575eb80e9a0?s=96&d=mm&r=g\",\"url\":\"https:\\\/\\\/secure.gravatar.com\\\/avatar\\\/37d968a2e67a6fd04c169c4bdef102d0bc5d31b2546345219e348575eb80e9a0?s=96&d=mm&r=g\",\"contentUrl\":\"https:\\\/\\\/secure.gravatar.com\\\/avatar\\\/37d968a2e67a6fd04c169c4bdef102d0bc5d31b2546345219e348575eb80e9a0?s=96&d=mm&r=g\",\"caption\":\"redazione\"},\"sameAs\":[\"http:\\\/\\\/www.bellunopress.it\",\"https:\\\/\\\/x.com\\\/bellunopress\"],\"url\":\"https:\\\/\\\/www.bellunopress.it\\\/fr\\\/author\\\/redazione\\\/\"}]}<\/script>\n<!-- \/ Yoast SEO plugin. -->","yoast_head_json":{"title":"Prosegue con Stefani la finta autonomia della Lega. Davide Lovat: una pre-intesa talmente lunga che non si arriver\u00e0 a nulla - Bellunopress - Dolomiti","robots":{"index":"index","follow":"follow","max-snippet":"max-snippet:-1","max-image-preview":"max-image-preview:large","max-video-preview":"max-video-preview:-1"},"canonical":"https:\/\/www.bellunopress.it\/fr\/2026\/02\/19\/prosegue-con-stefani-la-finta-autonomia-della-lega-davide-lovat-una-pre-intesa-talmente-lunga-che-non-si-arrivera-a-nulla\/","og_locale":"fr_FR","og_type":"article","og_title":"Prosegue con Stefani la finta autonomia della Lega. Davide Lovat: una pre-intesa talmente lunga che non si arriver\u00e0 a nulla - Bellunopress - Dolomiti","og_description":"&#8220;Si vendono ai veneti solo cinici slogan&#8221; Venezia, 19 febbraio 2026 &#8211; &#8220;Spiace che su questa finta autonomia si faccia cos\u00ec tanto clamore e tante foto-opportunity, ma poca sostanza perch\u00e9, appunto, sostanza ce ne \u00e8 poca. Il Presidente Stefani si limita a slogan di circostanza tipo: spesa migliore e servizi migliori, che non significano niente. [&hellip;]","og_url":"https:\/\/www.bellunopress.it\/fr\/2026\/02\/19\/prosegue-con-stefani-la-finta-autonomia-della-lega-davide-lovat-una-pre-intesa-talmente-lunga-che-non-si-arrivera-a-nulla\/","og_site_name":"Bellunopress - Dolomiti","article_publisher":"https:\/\/www.facebook.com\/profile.php?id=100008943462799","article_published_time":"2026-02-19T10:45:27+00:00","og_image":[{"width":255,"height":351,"url":"https:\/\/www.bellunopress.it\/wp-content\/uploads\/2026\/02\/Davide-Lovat-consigliere-regionale.jpg","type":"image\/jpeg"}],"author":"redazione","twitter_card":"summary_large_image","twitter_creator":"@bellunopress","twitter_site":"@bellunopress","twitter_misc":{"\u00c9crit par":"redazione","Dur\u00e9e de lecture estim\u00e9e":"2 minutes"},"schema":{"@context":"https:\/\/schema.org","@graph":[{"@type":"Article","@id":"https:\/\/www.bellunopress.it\/2026\/02\/19\/prosegue-con-stefani-la-finta-autonomia-della-lega-davide-lovat-una-pre-intesa-talmente-lunga-che-non-si-arrivera-a-nulla\/#article","isPartOf":{"@id":"https:\/\/www.bellunopress.it\/2026\/02\/19\/prosegue-con-stefani-la-finta-autonomia-della-lega-davide-lovat-una-pre-intesa-talmente-lunga-che-non-si-arrivera-a-nulla\/"},"author":{"name":"redazione","@id":"https:\/\/www.bellunopress.it\/#\/schema\/person\/79bb06722b37ece1c03d3e94beb30d73"},"headline":"Prosegue con Stefani la finta autonomia della Lega. Davide Lovat: una pre-intesa talmente lunga che non si arriver\u00e0 a nulla","datePublished":"2026-02-19T10:45:27+00:00","mainEntityOfPage":{"@id":"https:\/\/www.bellunopress.it\/2026\/02\/19\/prosegue-con-stefani-la-finta-autonomia-della-lega-davide-lovat-una-pre-intesa-talmente-lunga-che-non-si-arrivera-a-nulla\/"},"wordCount":399,"publisher":{"@id":"https:\/\/www.bellunopress.it\/#organization"},"image":{"@id":"https:\/\/www.bellunopress.it\/2026\/02\/19\/prosegue-con-stefani-la-finta-autonomia-della-lega-davide-lovat-una-pre-intesa-talmente-lunga-che-non-si-arrivera-a-nulla\/#primaryimage"},"thumbnailUrl":"https:\/\/www.bellunopress.it\/wp-content\/uploads\/2026\/02\/Davide-Lovat-consigliere-regionale.jpg","articleSection":["Cronaca\/Politica","Prima Pagina"],"inLanguage":"fr-FR"},{"@type":"WebPage","@id":"https:\/\/www.bellunopress.it\/2026\/02\/19\/prosegue-con-stefani-la-finta-autonomia-della-lega-davide-lovat-una-pre-intesa-talmente-lunga-che-non-si-arrivera-a-nulla\/","url":"https:\/\/www.bellunopress.it\/2026\/02\/19\/prosegue-con-stefani-la-finta-autonomia-della-lega-davide-lovat-una-pre-intesa-talmente-lunga-che-non-si-arrivera-a-nulla\/","name":"Prosegue con Stefani la finta autonomia della Lega. Davide Lovat: una pre-intesa talmente lunga che non si arriver\u00e0 a nulla - Bellunopress - Dolomiti","isPartOf":{"@id":"https:\/\/www.bellunopress.it\/#website"},"primaryImageOfPage":{"@id":"https:\/\/www.bellunopress.it\/2026\/02\/19\/prosegue-con-stefani-la-finta-autonomia-della-lega-davide-lovat-una-pre-intesa-talmente-lunga-che-non-si-arrivera-a-nulla\/#primaryimage"},"image":{"@id":"https:\/\/www.bellunopress.it\/2026\/02\/19\/prosegue-con-stefani-la-finta-autonomia-della-lega-davide-lovat-una-pre-intesa-talmente-lunga-che-non-si-arrivera-a-nulla\/#primaryimage"},"thumbnailUrl":"https:\/\/www.bellunopress.it\/wp-content\/uploads\/2026\/02\/Davide-Lovat-consigliere-regionale.jpg","datePublished":"2026-02-19T10:45:27+00:00","breadcrumb":{"@id":"https:\/\/www.bellunopress.it\/2026\/02\/19\/prosegue-con-stefani-la-finta-autonomia-della-lega-davide-lovat-una-pre-intesa-talmente-lunga-che-non-si-arrivera-a-nulla\/#breadcrumb"},"inLanguage":"fr-FR","potentialAction":[{"@type":"ReadAction","target":["https:\/\/www.bellunopress.it\/2026\/02\/19\/prosegue-con-stefani-la-finta-autonomia-della-lega-davide-lovat-una-pre-intesa-talmente-lunga-che-non-si-arrivera-a-nulla\/"]}]},{"@type":"ImageObject","inLanguage":"fr-FR","@id":"https:\/\/www.bellunopress.it\/2026\/02\/19\/prosegue-con-stefani-la-finta-autonomia-della-lega-davide-lovat-una-pre-intesa-talmente-lunga-che-non-si-arrivera-a-nulla\/#primaryimage","url":"https:\/\/www.bellunopress.it\/wp-content\/uploads\/2026\/02\/Davide-Lovat-consigliere-regionale.jpg","contentUrl":"https:\/\/www.bellunopress.it\/wp-content\/uploads\/2026\/02\/Davide-Lovat-consigliere-regionale.jpg","width":255,"height":351,"caption":"Davide Lovat, consigliere regionale"},{"@type":"BreadcrumbList","@id":"https:\/\/www.bellunopress.it\/2026\/02\/19\/prosegue-con-stefani-la-finta-autonomia-della-lega-davide-lovat-una-pre-intesa-talmente-lunga-che-non-si-arrivera-a-nulla\/#breadcrumb","itemListElement":[{"@type":"ListItem","position":1,"name":"Home","item":"https:\/\/www.bellunopress.it\/"},{"@type":"ListItem","position":2,"name":"Prosegue con Stefani la finta autonomia della Lega. Davide Lovat: una pre-intesa talmente lunga che non si arriver\u00e0 a nulla"}]},{"@type":"WebSite","@id":"https:\/\/www.bellunopress.it\/#website","url":"https:\/\/www.bellunopress.it\/","name":"Bellunopress - Dolomiti","description":"e-mail: redazione@bellunopress.it","publisher":{"@id":"https:\/\/www.bellunopress.it\/#organization"},"potentialAction":[{"@type":"SearchAction","target":{"@type":"EntryPoint","urlTemplate":"https:\/\/www.bellunopress.it\/?s={search_term_string}"},"query-input":{"@type":"PropertyValueSpecification","valueRequired":true,"valueName":"search_term_string"}}],"inLanguage":"fr-FR"},{"@type":"Organization","@id":"https:\/\/www.bellunopress.it\/#organization","name":"Bellunopress","url":"https:\/\/www.bellunopress.it\/","logo":{"@type":"ImageObject","inLanguage":"fr-FR","@id":"https:\/\/www.bellunopress.it\/#\/schema\/logo\/image\/","url":"https:\/\/www.bellunopress.it\/wp-content\/uploads\/2011\/05\/cropped-logo-bellunopress-.jpg","contentUrl":"https:\/\/www.bellunopress.it\/wp-content\/uploads\/2011\/05\/cropped-logo-bellunopress-.jpg","width":512,"height":512,"caption":"Bellunopress"},"image":{"@id":"https:\/\/www.bellunopress.it\/#\/schema\/logo\/image\/"},"sameAs":["https:\/\/www.facebook.com\/profile.php?id=100008943462799","https:\/\/x.com\/bellunopress","https:\/\/www.linkedin.com\/hp\/?dnr=JBzUWaJfMUw8vbXJJ2tVW5-I3jZKvC4wsoxE&amp;amp;amp;amp;amp;amp;trk=nav_responsive_tab_home","https:\/\/www.youtube.com\/channel\/UCxL0wu1uN0_3_7hGG0306cw"]},{"@type":"Person","@id":"https:\/\/www.bellunopress.it\/#\/schema\/person\/79bb06722b37ece1c03d3e94beb30d73","name":"r\u00e9daction","image":{"@type":"ImageObject","inLanguage":"fr-FR","@id":"https:\/\/secure.gravatar.com\/avatar\/37d968a2e67a6fd04c169c4bdef102d0bc5d31b2546345219e348575eb80e9a0?s=96&d=mm&r=g","url":"https:\/\/secure.gravatar.com\/avatar\/37d968a2e67a6fd04c169c4bdef102d0bc5d31b2546345219e348575eb80e9a0?s=96&d=mm&r=g","contentUrl":"https:\/\/secure.gravatar.com\/avatar\/37d968a2e67a6fd04c169c4bdef102d0bc5d31b2546345219e348575eb80e9a0?s=96&d=mm&r=g","caption":"redazione"},"sameAs":["http:\/\/www.bellunopress.it","https:\/\/x.com\/bellunopress"],"url":"https:\/\/www.bellunopress.it\/fr\/author\/redazione\/"}]}},"_links":{"self":[{"href":"https:\/\/www.bellunopress.it\/fr\/wp-json\/wp\/v2\/posts\/167591","targetHints":{"allow":["GET"]}}],"collection":[{"href":"https:\/\/www.bellunopress.it\/fr\/wp-json\/wp\/v2\/posts"}],"about":[{"href":"https:\/\/www.bellunopress.it\/fr\/wp-json\/wp\/v2\/types\/post"}],"author":[{"embeddable":true,"href":"https:\/\/www.bellunopress.it\/fr\/wp-json\/wp\/v2\/users\/2"}],"replies":[{"embeddable":true,"href":"https:\/\/www.bellunopress.it\/fr\/wp-json\/wp\/v2\/comments?post=167591"}],"version-history":[{"count":1,"href":"https:\/\/www.bellunopress.it\/fr\/wp-json\/wp\/v2\/posts\/167591\/revisions"}],"predecessor-version":[{"id":167592,"href":"https:\/\/www.bellunopress.it\/fr\/wp-json\/wp\/v2\/posts\/167591\/revisions\/167592"}],"wp:featuredmedia":[{"embeddable":true,"href":"https:\/\/www.bellunopress.it\/fr\/wp-json\/wp\/v2\/media\/167201"}],"wp:attachment":[{"href":"https:\/\/www.bellunopress.it\/fr\/wp-json\/wp\/v2\/media?parent=167591"}],"wp:term":[{"taxonomy":"category","embeddable":true,"href":"https:\/\/www.bellunopress.it\/fr\/wp-json\/wp\/v2\/categories?post=167591"},{"taxonomy":"post_tag","embeddable":true,"href":"https:\/\/www.bellunopress.it\/fr\/wp-json\/wp\/v2\/tags?post=167591"}],"curies":[{"name":"wp","href":"https:\/\/api.w.org\/{rel}","templated":true}]}}