{"id":167579,"date":"2026-02-19T09:06:02","date_gmt":"2026-02-19T08:06:02","guid":{"rendered":"https:\/\/www.bellunopress.it\/?p=167579"},"modified":"2026-02-19T09:06:02","modified_gmt":"2026-02-19T08:06:02","slug":"feltre-nati-per-leggere-via-ai-laboratori-per-i-bambini-dai-3-ai-6-anni-iscrizioni-in-biblioteca","status":"publish","type":"post","link":"https:\/\/www.bellunopress.it\/fr\/2026\/02\/19\/feltre-nati-per-leggere-via-ai-laboratori-per-i-bambini-dai-3-ai-6-anni-iscrizioni-in-biblioteca\/","title":{"rendered":"Feltre. Nati per leggere: via ai laboratori per i bambini dai 3 ai 6 anni. Iscrizioni in Biblioteca"},"content":{"rendered":"<p><strong>Mercoled\u00ec 25 febbraio il laboratorio del progetto \u201cNati per leggere\u201d<\/strong><\/p>\n<p>L&#8217;assessorato alla cultura della Citt\u00e0 di Feltre propone due laboratori rivolti ai bambini dai 3 ai 6 anni all&#8217;interno del progetto Nati per leggere, un programma nazionale di promozione della lettura rivolto alle famiglie di bambine e bambini da 0 a 6 anni.<\/p>\n<p>Il primo appuntamento si terr\u00e0 mercoled\u00ec 25 febbraio dalle 15 alle 16.30 e sar\u00e0 dedicato alla fascia 3-6 anni. \u201cRiserviamo da sempre grande attenzione alle famiglie e alla comunit\u00e0, a partire proprio dai bambini e, in particolare, che necessitano di proposte adeguate all\u2019et\u00e0 \u2013 dichiara il sindaco, Viviana Fusaro \u2013. Iniziative come questa nascono da un\u2019attenta<br \/>\nprogettazione e da un lavoro educativo specifico, perch\u00e9 le attivit\u00e0 rivolte ai pi\u00f9 piccoli richiedono un approccio mirato. I risultati ci confermano la validit\u00e0 di questo impegno: la partecipazione \u00e8 sempre alta e le proposte attirano famiglie anche dai comuni vicini\u201d.<\/p>\n<p>Il laboratorio partir\u00e0 dalla scoperta del racconto illustrato La scatola magica di<br \/>\nKomako Sakai, dove la piccola Riko, che non riesce a giocare per colpa delle prepotenze del fratello, riceve in dono dalla mamma una bella scatola di cartone che diventa piano piano, con l&#8217;aiuto di forbici, stoffa, gomitoli di lana e un po\u2019 di fantasia, una nuova casa tutta sua.<br \/>\nPrendendo spunto da questa storia sar\u00e0 proposto un laboratorio che \u00e8 un omaggio al gioco vero, a quello che vede il bambino primo protagonista che, dal niente dei materiali di recupero, guidato dalla propria fantasia, creer\u00e0 uno spazio tutto per s\u00e9, dove esprimere la propria unicit\u00e0 e originalit\u00e0.<\/p>\n<p>L&#8217;Assessore alla Cultura Flavia Colle presenta cos\u00ec l&#8217;iniziativa: &#8220;Ci rivolgiamo alla fascia 0-6 all&#8217;interno di questo progetto nazionale a cui il Comune di Feltre aderisce da molti anni perch\u00e8 pensiamo che sia la fascia di et\u00e0 nel quale possiamo creare una affezione per i libri e un rapporto privilegiato con essi.<br \/>\nAbbiamo pensato a nuove occasioni per avvicinare i bambini alle letture e alla biblioteca e ne \u00e8 nato questo laboratorio originale che sicuramente coinvolger\u00e0 i piccoli ma anche gli adulti che li accompagnano. Uno degli obiettivi del Polo Bibliotecario Feltrino \u00e8 quello di intensificare il rapporto di fiducia dei bambini pi\u00f9 piccoli con lo spazio bibliotecario e i libri in esso contenuti. Stiamo facendo uno sforzo importante per acquistare numerosi testi per i giovani lettori proprio perch\u00e8 consideriamo questa fascia di et\u00e0 decisiva per innamorarsi della lettura oltre che fondamentale per crescere bambini attenti, curiosi, consapevoli e<br \/>\npensanti.&#8221;<\/p>\n<p>Per partecipare al laboratorio \u00e8 obbligatorio iscriversi presso il Polo Bibliotecario Feltrino fino al raggiungimento dei 15 partecipanti: biblioteca@comune.feltre.bl.it, 0439\/885244.<\/p>","protected":false},"excerpt":{"rendered":"<p>Mercoled\u00ec 25 febbraio il laboratorio del progetto \u201cNati per leggere\u201d L&#8217;assessorato alla cultura della Citt\u00e0 di Feltre propone due laboratori rivolti ai bambini dai 3 ai 6 anni all&#8217;interno del progetto Nati per leggere, un programma nazionale di promozione della lettura rivolto alle famiglie di bambine e bambini da 0 a 6 anni. Il primo [&hellip;]<\/p>\n","protected":false},"author":2,"featured_media":137684,"comment_status":"closed","ping_status":"open","sticky":false,"template":"","format":"standard","meta":{"footnotes":""},"categories":[25,15],"tags":[],"class_list":["post-167579","post","type-post","status-publish","format-standard","has-post-thumbnail","category-pausa-caffe","category-scuola"],"yoast_head":"<!-- This site is optimized with the Yoast SEO plugin v28.4 - https:\/\/yoast.com\/product\/yoast-seo-wordpress\/ -->\n<title>Feltre. Nati per leggere: via ai laboratori per i bambini dai 3 ai 6 anni. Iscrizioni in Biblioteca - Bellunopress - Dolomiti<\/title>\n<meta name=\"robots\" content=\"index, follow, max-snippet:-1, max-image-preview:large, max-video-preview:-1\" \/>\n<link rel=\"canonical\" href=\"https:\/\/www.bellunopress.it\/fr\/2026\/02\/19\/feltre-nati-per-leggere-via-ai-laboratori-per-i-bambini-dai-3-ai-6-anni-iscrizioni-in-biblioteca\/\" \/>\n<meta property=\"og:locale\" content=\"fr_FR\" \/>\n<meta property=\"og:type\" content=\"article\" \/>\n<meta property=\"og:title\" content=\"Feltre. Nati per leggere: via ai laboratori per i bambini dai 3 ai 6 anni. Iscrizioni in Biblioteca - Bellunopress - Dolomiti\" \/>\n<meta property=\"og:description\" content=\"Mercoled\u00ec 25 febbraio il laboratorio del progetto \u201cNati per leggere\u201d L&#8217;assessorato alla cultura della Citt\u00e0 di Feltre propone due laboratori rivolti ai bambini dai 3 ai 6 anni all&#8217;interno del progetto Nati per leggere, un programma nazionale di promozione della lettura rivolto alle famiglie di bambine e bambini da 0 a 6 anni. Il primo [&hellip;]\" \/>\n<meta property=\"og:url\" content=\"https:\/\/www.bellunopress.it\/fr\/2026\/02\/19\/feltre-nati-per-leggere-via-ai-laboratori-per-i-bambini-dai-3-ai-6-anni-iscrizioni-in-biblioteca\/\" \/>\n<meta property=\"og:site_name\" content=\"Bellunopress - Dolomiti\" \/>\n<meta property=\"article:publisher\" content=\"https:\/\/www.facebook.com\/profile.php?id=100008943462799\" \/>\n<meta property=\"article:published_time\" content=\"2026-02-19T08:06:02+00:00\" \/>\n<meta property=\"og:image\" content=\"https:\/\/www.bellunopress.it\/wp-content\/uploads\/2022\/11\/Laboratorio-biblioteca-storica-Feltre_edited.jpg\" \/>\n\t<meta property=\"og:image:width\" content=\"1000\" \/>\n\t<meta property=\"og:image:height\" content=\"750\" \/>\n\t<meta property=\"og:image:type\" content=\"image\/jpeg\" \/>\n<meta name=\"author\" content=\"redazione\" \/>\n<meta name=\"twitter:card\" content=\"summary_large_image\" \/>\n<meta name=\"twitter:creator\" content=\"@bellunopress\" \/>\n<meta name=\"twitter:site\" content=\"@bellunopress\" \/>\n<meta name=\"twitter:label1\" content=\"\u00c9crit par\" \/>\n\t<meta name=\"twitter:data1\" content=\"redazione\" \/>\n\t<meta name=\"twitter:label2\" content=\"Dur\u00e9e de lecture estim\u00e9e\" \/>\n\t<meta name=\"twitter:data2\" content=\"2 minutes\" \/>\n<script type=\"application\/ld+json\" class=\"yoast-schema-graph\">{\"@context\":\"https:\\\/\\\/schema.org\",\"@graph\":[{\"@type\":\"Article\",\"@id\":\"https:\\\/\\\/www.bellunopress.it\\\/2026\\\/02\\\/19\\\/feltre-nati-per-leggere-via-ai-laboratori-per-i-bambini-dai-3-ai-6-anni-iscrizioni-in-biblioteca\\\/#article\",\"isPartOf\":{\"@id\":\"https:\\\/\\\/www.bellunopress.it\\\/2026\\\/02\\\/19\\\/feltre-nati-per-leggere-via-ai-laboratori-per-i-bambini-dai-3-ai-6-anni-iscrizioni-in-biblioteca\\\/\"},\"author\":{\"name\":\"redazione\",\"@id\":\"https:\\\/\\\/www.bellunopress.it\\\/#\\\/schema\\\/person\\\/79bb06722b37ece1c03d3e94beb30d73\"},\"headline\":\"Feltre. Nati per leggere: via ai laboratori per i bambini dai 3 ai 6 anni. Iscrizioni in Biblioteca\",\"datePublished\":\"2026-02-19T08:06:02+00:00\",\"mainEntityOfPage\":{\"@id\":\"https:\\\/\\\/www.bellunopress.it\\\/2026\\\/02\\\/19\\\/feltre-nati-per-leggere-via-ai-laboratori-per-i-bambini-dai-3-ai-6-anni-iscrizioni-in-biblioteca\\\/\"},\"wordCount\":439,\"publisher\":{\"@id\":\"https:\\\/\\\/www.bellunopress.it\\\/#organization\"},\"image\":{\"@id\":\"https:\\\/\\\/www.bellunopress.it\\\/2026\\\/02\\\/19\\\/feltre-nati-per-leggere-via-ai-laboratori-per-i-bambini-dai-3-ai-6-anni-iscrizioni-in-biblioteca\\\/#primaryimage\"},\"thumbnailUrl\":\"https:\\\/\\\/www.bellunopress.it\\\/wp-content\\\/uploads\\\/2022\\\/11\\\/Laboratorio-biblioteca-storica-Feltre_edited.jpg\",\"articleSection\":[\"Pausa Caff\u00e8\",\"Scuola\"],\"inLanguage\":\"fr-FR\"},{\"@type\":\"WebPage\",\"@id\":\"https:\\\/\\\/www.bellunopress.it\\\/2026\\\/02\\\/19\\\/feltre-nati-per-leggere-via-ai-laboratori-per-i-bambini-dai-3-ai-6-anni-iscrizioni-in-biblioteca\\\/\",\"url\":\"https:\\\/\\\/www.bellunopress.it\\\/2026\\\/02\\\/19\\\/feltre-nati-per-leggere-via-ai-laboratori-per-i-bambini-dai-3-ai-6-anni-iscrizioni-in-biblioteca\\\/\",\"name\":\"Feltre. Nati per leggere: via ai laboratori per i bambini dai 3 ai 6 anni. Iscrizioni in Biblioteca - Bellunopress - Dolomiti\",\"isPartOf\":{\"@id\":\"https:\\\/\\\/www.bellunopress.it\\\/#website\"},\"primaryImageOfPage\":{\"@id\":\"https:\\\/\\\/www.bellunopress.it\\\/2026\\\/02\\\/19\\\/feltre-nati-per-leggere-via-ai-laboratori-per-i-bambini-dai-3-ai-6-anni-iscrizioni-in-biblioteca\\\/#primaryimage\"},\"image\":{\"@id\":\"https:\\\/\\\/www.bellunopress.it\\\/2026\\\/02\\\/19\\\/feltre-nati-per-leggere-via-ai-laboratori-per-i-bambini-dai-3-ai-6-anni-iscrizioni-in-biblioteca\\\/#primaryimage\"},\"thumbnailUrl\":\"https:\\\/\\\/www.bellunopress.it\\\/wp-content\\\/uploads\\\/2022\\\/11\\\/Laboratorio-biblioteca-storica-Feltre_edited.jpg\",\"datePublished\":\"2026-02-19T08:06:02+00:00\",\"breadcrumb\":{\"@id\":\"https:\\\/\\\/www.bellunopress.it\\\/2026\\\/02\\\/19\\\/feltre-nati-per-leggere-via-ai-laboratori-per-i-bambini-dai-3-ai-6-anni-iscrizioni-in-biblioteca\\\/#breadcrumb\"},\"inLanguage\":\"fr-FR\",\"potentialAction\":[{\"@type\":\"ReadAction\",\"target\":[\"https:\\\/\\\/www.bellunopress.it\\\/2026\\\/02\\\/19\\\/feltre-nati-per-leggere-via-ai-laboratori-per-i-bambini-dai-3-ai-6-anni-iscrizioni-in-biblioteca\\\/\"]}]},{\"@type\":\"ImageObject\",\"inLanguage\":\"fr-FR\",\"@id\":\"https:\\\/\\\/www.bellunopress.it\\\/2026\\\/02\\\/19\\\/feltre-nati-per-leggere-via-ai-laboratori-per-i-bambini-dai-3-ai-6-anni-iscrizioni-in-biblioteca\\\/#primaryimage\",\"url\":\"https:\\\/\\\/www.bellunopress.it\\\/wp-content\\\/uploads\\\/2022\\\/11\\\/Laboratorio-biblioteca-storica-Feltre_edited.jpg\",\"contentUrl\":\"https:\\\/\\\/www.bellunopress.it\\\/wp-content\\\/uploads\\\/2022\\\/11\\\/Laboratorio-biblioteca-storica-Feltre_edited.jpg\",\"width\":1000,\"height\":750},{\"@type\":\"BreadcrumbList\",\"@id\":\"https:\\\/\\\/www.bellunopress.it\\\/2026\\\/02\\\/19\\\/feltre-nati-per-leggere-via-ai-laboratori-per-i-bambini-dai-3-ai-6-anni-iscrizioni-in-biblioteca\\\/#breadcrumb\",\"itemListElement\":[{\"@type\":\"ListItem\",\"position\":1,\"name\":\"Home\",\"item\":\"https:\\\/\\\/www.bellunopress.it\\\/\"},{\"@type\":\"ListItem\",\"position\":2,\"name\":\"Feltre. Nati per leggere: via ai laboratori per i bambini dai 3 ai 6 anni. Iscrizioni in Biblioteca\"}]},{\"@type\":\"WebSite\",\"@id\":\"https:\\\/\\\/www.bellunopress.it\\\/#website\",\"url\":\"https:\\\/\\\/www.bellunopress.it\\\/\",\"name\":\"Bellunopress - Dolomiti\",\"description\":\"e-mail: redazione@bellunopress.it\",\"publisher\":{\"@id\":\"https:\\\/\\\/www.bellunopress.it\\\/#organization\"},\"potentialAction\":[{\"@type\":\"SearchAction\",\"target\":{\"@type\":\"EntryPoint\",\"urlTemplate\":\"https:\\\/\\\/www.bellunopress.it\\\/?s={search_term_string}\"},\"query-input\":{\"@type\":\"PropertyValueSpecification\",\"valueRequired\":true,\"valueName\":\"search_term_string\"}}],\"inLanguage\":\"fr-FR\"},{\"@type\":\"Organization\",\"@id\":\"https:\\\/\\\/www.bellunopress.it\\\/#organization\",\"name\":\"Bellunopress\",\"url\":\"https:\\\/\\\/www.bellunopress.it\\\/\",\"logo\":{\"@type\":\"ImageObject\",\"inLanguage\":\"fr-FR\",\"@id\":\"https:\\\/\\\/www.bellunopress.it\\\/#\\\/schema\\\/logo\\\/image\\\/\",\"url\":\"https:\\\/\\\/www.bellunopress.it\\\/wp-content\\\/uploads\\\/2011\\\/05\\\/cropped-logo-bellunopress-.jpg\",\"contentUrl\":\"https:\\\/\\\/www.bellunopress.it\\\/wp-content\\\/uploads\\\/2011\\\/05\\\/cropped-logo-bellunopress-.jpg\",\"width\":512,\"height\":512,\"caption\":\"Bellunopress\"},\"image\":{\"@id\":\"https:\\\/\\\/www.bellunopress.it\\\/#\\\/schema\\\/logo\\\/image\\\/\"},\"sameAs\":[\"https:\\\/\\\/www.facebook.com\\\/profile.php?id=100008943462799\",\"https:\\\/\\\/x.com\\\/bellunopress\",\"https:\\\/\\\/www.linkedin.com\\\/hp\\\/?dnr=JBzUWaJfMUw8vbXJJ2tVW5-I3jZKvC4wsoxE&amp;amp;amp;amp;amp;amp;trk=nav_responsive_tab_home\",\"https:\\\/\\\/www.youtube.com\\\/channel\\\/UCxL0wu1uN0_3_7hGG0306cw\"]},{\"@type\":\"Person\",\"@id\":\"https:\\\/\\\/www.bellunopress.it\\\/#\\\/schema\\\/person\\\/79bb06722b37ece1c03d3e94beb30d73\",\"name\":\"redazione\",\"image\":{\"@type\":\"ImageObject\",\"inLanguage\":\"fr-FR\",\"@id\":\"https:\\\/\\\/secure.gravatar.com\\\/avatar\\\/37d968a2e67a6fd04c169c4bdef102d0bc5d31b2546345219e348575eb80e9a0?s=96&d=mm&r=g\",\"url\":\"https:\\\/\\\/secure.gravatar.com\\\/avatar\\\/37d968a2e67a6fd04c169c4bdef102d0bc5d31b2546345219e348575eb80e9a0?s=96&d=mm&r=g\",\"contentUrl\":\"https:\\\/\\\/secure.gravatar.com\\\/avatar\\\/37d968a2e67a6fd04c169c4bdef102d0bc5d31b2546345219e348575eb80e9a0?s=96&d=mm&r=g\",\"caption\":\"redazione\"},\"sameAs\":[\"http:\\\/\\\/www.bellunopress.it\",\"https:\\\/\\\/x.com\\\/bellunopress\"],\"url\":\"https:\\\/\\\/www.bellunopress.it\\\/fr\\\/author\\\/redazione\\\/\"}]}<\/script>\n<!-- \/ Yoast SEO plugin. -->","yoast_head_json":{"title":"Feltre. Nati per leggere: via ai laboratori per i bambini dai 3 ai 6 anni. Iscrizioni in Biblioteca - Bellunopress - Dolomiti","robots":{"index":"index","follow":"follow","max-snippet":"max-snippet:-1","max-image-preview":"max-image-preview:large","max-video-preview":"max-video-preview:-1"},"canonical":"https:\/\/www.bellunopress.it\/fr\/2026\/02\/19\/feltre-nati-per-leggere-via-ai-laboratori-per-i-bambini-dai-3-ai-6-anni-iscrizioni-in-biblioteca\/","og_locale":"fr_FR","og_type":"article","og_title":"Feltre. Nati per leggere: via ai laboratori per i bambini dai 3 ai 6 anni. Iscrizioni in Biblioteca - Bellunopress - Dolomiti","og_description":"Mercoled\u00ec 25 febbraio il laboratorio del progetto \u201cNati per leggere\u201d L&#8217;assessorato alla cultura della Citt\u00e0 di Feltre propone due laboratori rivolti ai bambini dai 3 ai 6 anni all&#8217;interno del progetto Nati per leggere, un programma nazionale di promozione della lettura rivolto alle famiglie di bambine e bambini da 0 a 6 anni. Il primo [&hellip;]","og_url":"https:\/\/www.bellunopress.it\/fr\/2026\/02\/19\/feltre-nati-per-leggere-via-ai-laboratori-per-i-bambini-dai-3-ai-6-anni-iscrizioni-in-biblioteca\/","og_site_name":"Bellunopress - Dolomiti","article_publisher":"https:\/\/www.facebook.com\/profile.php?id=100008943462799","article_published_time":"2026-02-19T08:06:02+00:00","og_image":[{"width":1000,"height":750,"url":"https:\/\/www.bellunopress.it\/wp-content\/uploads\/2022\/11\/Laboratorio-biblioteca-storica-Feltre_edited.jpg","type":"image\/jpeg"}],"author":"redazione","twitter_card":"summary_large_image","twitter_creator":"@bellunopress","twitter_site":"@bellunopress","twitter_misc":{"\u00c9crit par":"redazione","Dur\u00e9e de lecture estim\u00e9e":"2 minutes"},"schema":{"@context":"https:\/\/schema.org","@graph":[{"@type":"Article","@id":"https:\/\/www.bellunopress.it\/2026\/02\/19\/feltre-nati-per-leggere-via-ai-laboratori-per-i-bambini-dai-3-ai-6-anni-iscrizioni-in-biblioteca\/#article","isPartOf":{"@id":"https:\/\/www.bellunopress.it\/2026\/02\/19\/feltre-nati-per-leggere-via-ai-laboratori-per-i-bambini-dai-3-ai-6-anni-iscrizioni-in-biblioteca\/"},"author":{"name":"redazione","@id":"https:\/\/www.bellunopress.it\/#\/schema\/person\/79bb06722b37ece1c03d3e94beb30d73"},"headline":"Feltre. Nati per leggere: via ai laboratori per i bambini dai 3 ai 6 anni. Iscrizioni in Biblioteca","datePublished":"2026-02-19T08:06:02+00:00","mainEntityOfPage":{"@id":"https:\/\/www.bellunopress.it\/2026\/02\/19\/feltre-nati-per-leggere-via-ai-laboratori-per-i-bambini-dai-3-ai-6-anni-iscrizioni-in-biblioteca\/"},"wordCount":439,"publisher":{"@id":"https:\/\/www.bellunopress.it\/#organization"},"image":{"@id":"https:\/\/www.bellunopress.it\/2026\/02\/19\/feltre-nati-per-leggere-via-ai-laboratori-per-i-bambini-dai-3-ai-6-anni-iscrizioni-in-biblioteca\/#primaryimage"},"thumbnailUrl":"https:\/\/www.bellunopress.it\/wp-content\/uploads\/2022\/11\/Laboratorio-biblioteca-storica-Feltre_edited.jpg","articleSection":["Pausa Caff\u00e8","Scuola"],"inLanguage":"fr-FR"},{"@type":"WebPage","@id":"https:\/\/www.bellunopress.it\/2026\/02\/19\/feltre-nati-per-leggere-via-ai-laboratori-per-i-bambini-dai-3-ai-6-anni-iscrizioni-in-biblioteca\/","url":"https:\/\/www.bellunopress.it\/2026\/02\/19\/feltre-nati-per-leggere-via-ai-laboratori-per-i-bambini-dai-3-ai-6-anni-iscrizioni-in-biblioteca\/","name":"Feltre. Nati per leggere: via ai laboratori per i bambini dai 3 ai 6 anni. Iscrizioni in Biblioteca - Bellunopress - Dolomiti","isPartOf":{"@id":"https:\/\/www.bellunopress.it\/#website"},"primaryImageOfPage":{"@id":"https:\/\/www.bellunopress.it\/2026\/02\/19\/feltre-nati-per-leggere-via-ai-laboratori-per-i-bambini-dai-3-ai-6-anni-iscrizioni-in-biblioteca\/#primaryimage"},"image":{"@id":"https:\/\/www.bellunopress.it\/2026\/02\/19\/feltre-nati-per-leggere-via-ai-laboratori-per-i-bambini-dai-3-ai-6-anni-iscrizioni-in-biblioteca\/#primaryimage"},"thumbnailUrl":"https:\/\/www.bellunopress.it\/wp-content\/uploads\/2022\/11\/Laboratorio-biblioteca-storica-Feltre_edited.jpg","datePublished":"2026-02-19T08:06:02+00:00","breadcrumb":{"@id":"https:\/\/www.bellunopress.it\/2026\/02\/19\/feltre-nati-per-leggere-via-ai-laboratori-per-i-bambini-dai-3-ai-6-anni-iscrizioni-in-biblioteca\/#breadcrumb"},"inLanguage":"fr-FR","potentialAction":[{"@type":"ReadAction","target":["https:\/\/www.bellunopress.it\/2026\/02\/19\/feltre-nati-per-leggere-via-ai-laboratori-per-i-bambini-dai-3-ai-6-anni-iscrizioni-in-biblioteca\/"]}]},{"@type":"ImageObject","inLanguage":"fr-FR","@id":"https:\/\/www.bellunopress.it\/2026\/02\/19\/feltre-nati-per-leggere-via-ai-laboratori-per-i-bambini-dai-3-ai-6-anni-iscrizioni-in-biblioteca\/#primaryimage","url":"https:\/\/www.bellunopress.it\/wp-content\/uploads\/2022\/11\/Laboratorio-biblioteca-storica-Feltre_edited.jpg","contentUrl":"https:\/\/www.bellunopress.it\/wp-content\/uploads\/2022\/11\/Laboratorio-biblioteca-storica-Feltre_edited.jpg","width":1000,"height":750},{"@type":"BreadcrumbList","@id":"https:\/\/www.bellunopress.it\/2026\/02\/19\/feltre-nati-per-leggere-via-ai-laboratori-per-i-bambini-dai-3-ai-6-anni-iscrizioni-in-biblioteca\/#breadcrumb","itemListElement":[{"@type":"ListItem","position":1,"name":"Home","item":"https:\/\/www.bellunopress.it\/"},{"@type":"ListItem","position":2,"name":"Feltre. Nati per leggere: via ai laboratori per i bambini dai 3 ai 6 anni. Iscrizioni in Biblioteca"}]},{"@type":"WebSite","@id":"https:\/\/www.bellunopress.it\/#website","url":"https:\/\/www.bellunopress.it\/","name":"Bellunopress - Dolomiti","description":"e-mail: redazione@bellunopress.it","publisher":{"@id":"https:\/\/www.bellunopress.it\/#organization"},"potentialAction":[{"@type":"SearchAction","target":{"@type":"EntryPoint","urlTemplate":"https:\/\/www.bellunopress.it\/?s={search_term_string}"},"query-input":{"@type":"PropertyValueSpecification","valueRequired":true,"valueName":"search_term_string"}}],"inLanguage":"fr-FR"},{"@type":"Organization","@id":"https:\/\/www.bellunopress.it\/#organization","name":"Bellunopress","url":"https:\/\/www.bellunopress.it\/","logo":{"@type":"ImageObject","inLanguage":"fr-FR","@id":"https:\/\/www.bellunopress.it\/#\/schema\/logo\/image\/","url":"https:\/\/www.bellunopress.it\/wp-content\/uploads\/2011\/05\/cropped-logo-bellunopress-.jpg","contentUrl":"https:\/\/www.bellunopress.it\/wp-content\/uploads\/2011\/05\/cropped-logo-bellunopress-.jpg","width":512,"height":512,"caption":"Bellunopress"},"image":{"@id":"https:\/\/www.bellunopress.it\/#\/schema\/logo\/image\/"},"sameAs":["https:\/\/www.facebook.com\/profile.php?id=100008943462799","https:\/\/x.com\/bellunopress","https:\/\/www.linkedin.com\/hp\/?dnr=JBzUWaJfMUw8vbXJJ2tVW5-I3jZKvC4wsoxE&amp;amp;amp;amp;amp;amp;trk=nav_responsive_tab_home","https:\/\/www.youtube.com\/channel\/UCxL0wu1uN0_3_7hGG0306cw"]},{"@type":"Person","@id":"https:\/\/www.bellunopress.it\/#\/schema\/person\/79bb06722b37ece1c03d3e94beb30d73","name":"r\u00e9daction","image":{"@type":"ImageObject","inLanguage":"fr-FR","@id":"https:\/\/secure.gravatar.com\/avatar\/37d968a2e67a6fd04c169c4bdef102d0bc5d31b2546345219e348575eb80e9a0?s=96&d=mm&r=g","url":"https:\/\/secure.gravatar.com\/avatar\/37d968a2e67a6fd04c169c4bdef102d0bc5d31b2546345219e348575eb80e9a0?s=96&d=mm&r=g","contentUrl":"https:\/\/secure.gravatar.com\/avatar\/37d968a2e67a6fd04c169c4bdef102d0bc5d31b2546345219e348575eb80e9a0?s=96&d=mm&r=g","caption":"redazione"},"sameAs":["http:\/\/www.bellunopress.it","https:\/\/x.com\/bellunopress"],"url":"https:\/\/www.bellunopress.it\/fr\/author\/redazione\/"}]}},"_links":{"self":[{"href":"https:\/\/www.bellunopress.it\/fr\/wp-json\/wp\/v2\/posts\/167579","targetHints":{"allow":["GET"]}}],"collection":[{"href":"https:\/\/www.bellunopress.it\/fr\/wp-json\/wp\/v2\/posts"}],"about":[{"href":"https:\/\/www.bellunopress.it\/fr\/wp-json\/wp\/v2\/types\/post"}],"author":[{"embeddable":true,"href":"https:\/\/www.bellunopress.it\/fr\/wp-json\/wp\/v2\/users\/2"}],"replies":[{"embeddable":true,"href":"https:\/\/www.bellunopress.it\/fr\/wp-json\/wp\/v2\/comments?post=167579"}],"version-history":[{"count":1,"href":"https:\/\/www.bellunopress.it\/fr\/wp-json\/wp\/v2\/posts\/167579\/revisions"}],"predecessor-version":[{"id":167580,"href":"https:\/\/www.bellunopress.it\/fr\/wp-json\/wp\/v2\/posts\/167579\/revisions\/167580"}],"wp:featuredmedia":[{"embeddable":true,"href":"https:\/\/www.bellunopress.it\/fr\/wp-json\/wp\/v2\/media\/137684"}],"wp:attachment":[{"href":"https:\/\/www.bellunopress.it\/fr\/wp-json\/wp\/v2\/media?parent=167579"}],"wp:term":[{"taxonomy":"category","embeddable":true,"href":"https:\/\/www.bellunopress.it\/fr\/wp-json\/wp\/v2\/categories?post=167579"},{"taxonomy":"post_tag","embeddable":true,"href":"https:\/\/www.bellunopress.it\/fr\/wp-json\/wp\/v2\/tags?post=167579"}],"curies":[{"name":"wp","href":"https:\/\/api.w.org\/{rel}","templated":true}]}}