{"id":167577,"date":"2026-02-19T08:56:01","date_gmt":"2026-02-19T07:56:01","guid":{"rendered":"https:\/\/www.bellunopress.it\/?p=167577"},"modified":"2026-02-19T08:56:01","modified_gmt":"2026-02-19T07:56:01","slug":"belluno-educazione-stradale-con-la-polizia-locale-oltre-600-studenti-coinvolti","status":"publish","type":"post","link":"https:\/\/www.bellunopress.it\/fr\/2026\/02\/19\/belluno-educazione-stradale-con-la-polizia-locale-oltre-600-studenti-coinvolti\/","title":{"rendered":"Belluno.Educazione stradale con la Polizia locale: oltre 600 studenti coinvolti"},"content":{"rendered":"<p>Belluno, 19 febbraio 2026 &#8211; Ripartono gli incontri di educazione stradale promossi dal Comando di\u00a0Polizia Locale. Per l\u2019anno scolastico in corso il progetto coinvolger\u00e0 complessivamente circa 600 tra bambini e ragazzi delle scuole del territorio comunale, confermando un\u2019iniziativa che ogni anno registra una partecipazione ampia e convinta da parte degli istituti scolastici. \u201c\u00c8 fondamentale far sentire bambini e ragazzi parte della comunit\u00e0 fin dalla pi\u00f9 giovane et\u00e0 \u2013 commenta il sindaco, Oscar De Pellegrin -. Coinvolgerli, metterli a contatto con le istituzioni, permettere loro di conoscere da vicino come funzionano e a chi rivolgersi significa aiutarli a crescere cittadini consapevoli. Dobbiamo incoraggiare in loro la curiosit\u00e0 di chiedere, di informarsi, di approfondire ci\u00f2 che li circonda, perch\u00e9 \u00e8 proprio questo desiderio di capire e partecipare che li rende protagonisti della vita collettiva. Coltivare fin da piccoli questa attenzione verso la comunit\u00e0, le regole del vivere civile e il bene comune significa, a tutti gli effetti, educare al senso civico\u201d.<\/p>\n<p>La principale novit\u00e0 di questa edizione riguarda le sedi delle attivit\u00e0. La nuova sede e gli strumenti acquistati e installati negli ultimi mesi, infatti, permettono anche di ospitare gli incontri all\u2019interno del Comando. Per le scuole dell\u2019infanzia, le attivit\u00e0 si svolgeranno invece nei rispettivi plessi. All\u2019interno dell\u2019area del Comando, i bambini delle scuole primarie potranno utilizzare il circuito attrezzato con biciclette, mentre per gli studenti delle scuole medie e superiori saranno disponibili simulatori di auto e moto. Strumenti che permettono di sperimentare in modo diretto situazioni di guida e comprendere concretamente i rischi legati a comportamenti scorretti. Sono cinque gli operatori impegnati nel progetto, che affronta i temi della sicurezza stradale con contenuti calibrati in base all\u2019et\u00e0.<\/p>\n<p>Ai pi\u00f9 piccoli vengono insegnate le regole fondamentali del codice della strada: l\u2019attraversamento corretto, il significato delle strisce pedonali, il comportamento da tenere sul marciapiede, l\u2019importanza del casco in bicicletta. Con i ragazzi pi\u00f9 grandi il percorso si amplia e affronta la guida dei ciclomotori e delle auto, i pericoli della velocit\u00e0, la necessit\u00e0 di mantenere lucidit\u00e0 alla guida e i rischi legati all\u2019assunzione di alcol o sostanze stupefacenti. I simulatori presenti al Comando, acquistati lo scorso anno grazie a un finanziamento dedicato, consentono di provare in modo realistico gli effetti della guida in condizioni alterate, rafforzando la consapevolezza dei pericoli e delle responsabilit\u00e0 individuali.<\/p>\n<p>L\u2019attivit\u00e0 ha una forte valenza preventiva e formativa: aiuta i pi\u00f9 giovani a conoscere e rispettare le regole della strada, ma anche a sviluppare autonomia e sicurezza nei propri spostamenti quotidiani. Una maggiore consapevolezza che pu\u00f2 tradursi, per esempio, nella possibilit\u00e0 di raggiungere la scuola a piedi o in bicicletta in modo responsabile e sicuro.<br \/>\n\u201cL\u2019educazione stradale \u00e8 uno degli strumenti pi\u00f9 efficaci di prevenzione \u2013 sottolinea il comandante della\u00a0Polizia Locale, Antonio Codemo\u00a0\u2013. Portare i ragazzi all\u2019interno del Comando significa offrire loro un\u2019esperienza concreta, farli confrontare con situazioni reali e aiutarli a comprendere quanto ogni comportamento sulla strada abbia conseguenze. Investire sulla formazione dei pi\u00f9 giovani vuol dire costruire cittadini pi\u00f9 consapevoli e, in prospettiva, strade pi\u00f9 sicure per tutti\u201d.<\/p>\n<p>\u201cQuesto progetto si inserisce pienamente nel percorso di educazione civica che stiamo sviluppando attraverso \u201cCittadini in crescita. La Belluno dei Bambini e dei Ragazzi\u201d \u2013 spiega l\u2019assessore alle politiche giovanili, Roberta Olivotto -. Educazione civica significa anche imparare a vivere gli spazi comuni con responsabilit\u00e0 e rispetto delle regole. La strada \u00e8 uno dei primi luoghi pubblici che i bambini e i ragazzi imparano a frequentare in autonomia: conoscerne le regole significa prendersi cura di s\u00e9 e degli altri. C\u2019\u00e8 poi un aspetto che considero particolarmente importante: i bambini e i ragazzi diventano spesso piccoli ambasciatori di sicurezza anche nelle loro famiglie. Portano a casa ci\u00f2 che imparano, richiamano l\u2019attenzione dei genitori sull\u2019uso delle cinture, del casco, sul rispetto dei limiti. In questo modo l\u2019educazione non si ferma a scuola, ma si diffonde nella comunit\u00e0\u201d.<\/p>\n<p>Gli incontri sono a febbraio e proseguiranno fino alla fine di maggio.<\/p>\n<p>&nbsp;<\/p>","protected":false},"excerpt":{"rendered":"<p>Belluno, 19 febbraio 2026 &#8211; Ripartono gli incontri di educazione stradale promossi dal Comando di\u00a0Polizia Locale. Per l\u2019anno scolastico in corso il progetto coinvolger\u00e0 complessivamente circa 600 tra bambini e ragazzi delle scuole del territorio comunale, confermando un\u2019iniziativa che ogni anno registra una partecipazione ampia e convinta da parte degli istituti scolastici. \u201c\u00c8 fondamentale far [&hellip;]<\/p>\n","protected":false},"author":2,"featured_media":167212,"comment_status":"closed","ping_status":"open","sticky":false,"template":"","format":"standard","meta":{"footnotes":""},"categories":[26,15],"tags":[],"class_list":["post-167577","post","type-post","status-publish","format-standard","has-post-thumbnail","category-prima-pagina","category-scuola"],"yoast_head":"<!-- This site is optimized with the Yoast SEO plugin v28.4 - https:\/\/yoast.com\/product\/yoast-seo-wordpress\/ -->\n<title>Belluno.Educazione stradale con la Polizia locale: oltre 600 studenti coinvolti - Bellunopress - Dolomiti<\/title>\n<meta name=\"robots\" content=\"index, follow, max-snippet:-1, max-image-preview:large, max-video-preview:-1\" \/>\n<link rel=\"canonical\" href=\"https:\/\/www.bellunopress.it\/fr\/2026\/02\/19\/belluno-educazione-stradale-con-la-polizia-locale-oltre-600-studenti-coinvolti\/\" \/>\n<meta property=\"og:locale\" content=\"fr_FR\" \/>\n<meta property=\"og:type\" content=\"article\" \/>\n<meta property=\"og:title\" content=\"Belluno.Educazione stradale con la Polizia locale: oltre 600 studenti coinvolti - Bellunopress - Dolomiti\" \/>\n<meta property=\"og:description\" content=\"Belluno, 19 febbraio 2026 &#8211; Ripartono gli incontri di educazione stradale promossi dal Comando di\u00a0Polizia Locale. Per l\u2019anno scolastico in corso il progetto coinvolger\u00e0 complessivamente circa 600 tra bambini e ragazzi delle scuole del territorio comunale, confermando un\u2019iniziativa che ogni anno registra una partecipazione ampia e convinta da parte degli istituti scolastici. \u201c\u00c8 fondamentale far [&hellip;]\" \/>\n<meta property=\"og:url\" content=\"https:\/\/www.bellunopress.it\/fr\/2026\/02\/19\/belluno-educazione-stradale-con-la-polizia-locale-oltre-600-studenti-coinvolti\/\" \/>\n<meta property=\"og:site_name\" content=\"Bellunopress - Dolomiti\" \/>\n<meta property=\"article:publisher\" content=\"https:\/\/www.facebook.com\/profile.php?id=100008943462799\" \/>\n<meta property=\"article:published_time\" content=\"2026-02-19T07:56:01+00:00\" \/>\n<meta property=\"og:image\" content=\"https:\/\/www.bellunopress.it\/wp-content\/uploads\/2026\/02\/polizia-locale.jpeg\" \/>\n\t<meta property=\"og:image:width\" content=\"600\" \/>\n\t<meta property=\"og:image:height\" content=\"409\" \/>\n\t<meta property=\"og:image:type\" content=\"image\/jpeg\" \/>\n<meta name=\"author\" content=\"redazione\" \/>\n<meta name=\"twitter:card\" content=\"summary_large_image\" \/>\n<meta name=\"twitter:creator\" content=\"@bellunopress\" \/>\n<meta name=\"twitter:site\" content=\"@bellunopress\" \/>\n<meta name=\"twitter:label1\" content=\"\u00c9crit par\" \/>\n\t<meta name=\"twitter:data1\" content=\"redazione\" \/>\n\t<meta name=\"twitter:label2\" content=\"Dur\u00e9e de lecture estim\u00e9e\" \/>\n\t<meta name=\"twitter:data2\" content=\"3 minutes\" \/>\n<script type=\"application\/ld+json\" class=\"yoast-schema-graph\">{\"@context\":\"https:\\\/\\\/schema.org\",\"@graph\":[{\"@type\":\"Article\",\"@id\":\"https:\\\/\\\/www.bellunopress.it\\\/2026\\\/02\\\/19\\\/belluno-educazione-stradale-con-la-polizia-locale-oltre-600-studenti-coinvolti\\\/#article\",\"isPartOf\":{\"@id\":\"https:\\\/\\\/www.bellunopress.it\\\/2026\\\/02\\\/19\\\/belluno-educazione-stradale-con-la-polizia-locale-oltre-600-studenti-coinvolti\\\/\"},\"author\":{\"name\":\"redazione\",\"@id\":\"https:\\\/\\\/www.bellunopress.it\\\/#\\\/schema\\\/person\\\/79bb06722b37ece1c03d3e94beb30d73\"},\"headline\":\"Belluno.Educazione stradale con la Polizia locale: oltre 600 studenti coinvolti\",\"datePublished\":\"2026-02-19T07:56:01+00:00\",\"mainEntityOfPage\":{\"@id\":\"https:\\\/\\\/www.bellunopress.it\\\/2026\\\/02\\\/19\\\/belluno-educazione-stradale-con-la-polizia-locale-oltre-600-studenti-coinvolti\\\/\"},\"wordCount\":669,\"publisher\":{\"@id\":\"https:\\\/\\\/www.bellunopress.it\\\/#organization\"},\"image\":{\"@id\":\"https:\\\/\\\/www.bellunopress.it\\\/2026\\\/02\\\/19\\\/belluno-educazione-stradale-con-la-polizia-locale-oltre-600-studenti-coinvolti\\\/#primaryimage\"},\"thumbnailUrl\":\"https:\\\/\\\/www.bellunopress.it\\\/wp-content\\\/uploads\\\/2026\\\/02\\\/polizia-locale.jpeg\",\"articleSection\":[\"Prima Pagina\",\"Scuola\"],\"inLanguage\":\"fr-FR\"},{\"@type\":\"WebPage\",\"@id\":\"https:\\\/\\\/www.bellunopress.it\\\/2026\\\/02\\\/19\\\/belluno-educazione-stradale-con-la-polizia-locale-oltre-600-studenti-coinvolti\\\/\",\"url\":\"https:\\\/\\\/www.bellunopress.it\\\/2026\\\/02\\\/19\\\/belluno-educazione-stradale-con-la-polizia-locale-oltre-600-studenti-coinvolti\\\/\",\"name\":\"Belluno.Educazione stradale con la Polizia locale: oltre 600 studenti coinvolti - Bellunopress - Dolomiti\",\"isPartOf\":{\"@id\":\"https:\\\/\\\/www.bellunopress.it\\\/#website\"},\"primaryImageOfPage\":{\"@id\":\"https:\\\/\\\/www.bellunopress.it\\\/2026\\\/02\\\/19\\\/belluno-educazione-stradale-con-la-polizia-locale-oltre-600-studenti-coinvolti\\\/#primaryimage\"},\"image\":{\"@id\":\"https:\\\/\\\/www.bellunopress.it\\\/2026\\\/02\\\/19\\\/belluno-educazione-stradale-con-la-polizia-locale-oltre-600-studenti-coinvolti\\\/#primaryimage\"},\"thumbnailUrl\":\"https:\\\/\\\/www.bellunopress.it\\\/wp-content\\\/uploads\\\/2026\\\/02\\\/polizia-locale.jpeg\",\"datePublished\":\"2026-02-19T07:56:01+00:00\",\"breadcrumb\":{\"@id\":\"https:\\\/\\\/www.bellunopress.it\\\/2026\\\/02\\\/19\\\/belluno-educazione-stradale-con-la-polizia-locale-oltre-600-studenti-coinvolti\\\/#breadcrumb\"},\"inLanguage\":\"fr-FR\",\"potentialAction\":[{\"@type\":\"ReadAction\",\"target\":[\"https:\\\/\\\/www.bellunopress.it\\\/2026\\\/02\\\/19\\\/belluno-educazione-stradale-con-la-polizia-locale-oltre-600-studenti-coinvolti\\\/\"]}]},{\"@type\":\"ImageObject\",\"inLanguage\":\"fr-FR\",\"@id\":\"https:\\\/\\\/www.bellunopress.it\\\/2026\\\/02\\\/19\\\/belluno-educazione-stradale-con-la-polizia-locale-oltre-600-studenti-coinvolti\\\/#primaryimage\",\"url\":\"https:\\\/\\\/www.bellunopress.it\\\/wp-content\\\/uploads\\\/2026\\\/02\\\/polizia-locale.jpeg\",\"contentUrl\":\"https:\\\/\\\/www.bellunopress.it\\\/wp-content\\\/uploads\\\/2026\\\/02\\\/polizia-locale.jpeg\",\"width\":600,\"height\":409},{\"@type\":\"BreadcrumbList\",\"@id\":\"https:\\\/\\\/www.bellunopress.it\\\/2026\\\/02\\\/19\\\/belluno-educazione-stradale-con-la-polizia-locale-oltre-600-studenti-coinvolti\\\/#breadcrumb\",\"itemListElement\":[{\"@type\":\"ListItem\",\"position\":1,\"name\":\"Home\",\"item\":\"https:\\\/\\\/www.bellunopress.it\\\/\"},{\"@type\":\"ListItem\",\"position\":2,\"name\":\"Belluno.Educazione stradale con la Polizia locale: oltre 600 studenti coinvolti\"}]},{\"@type\":\"WebSite\",\"@id\":\"https:\\\/\\\/www.bellunopress.it\\\/#website\",\"url\":\"https:\\\/\\\/www.bellunopress.it\\\/\",\"name\":\"Bellunopress - Dolomiti\",\"description\":\"e-mail: redazione@bellunopress.it\",\"publisher\":{\"@id\":\"https:\\\/\\\/www.bellunopress.it\\\/#organization\"},\"potentialAction\":[{\"@type\":\"SearchAction\",\"target\":{\"@type\":\"EntryPoint\",\"urlTemplate\":\"https:\\\/\\\/www.bellunopress.it\\\/?s={search_term_string}\"},\"query-input\":{\"@type\":\"PropertyValueSpecification\",\"valueRequired\":true,\"valueName\":\"search_term_string\"}}],\"inLanguage\":\"fr-FR\"},{\"@type\":\"Organization\",\"@id\":\"https:\\\/\\\/www.bellunopress.it\\\/#organization\",\"name\":\"Bellunopress\",\"url\":\"https:\\\/\\\/www.bellunopress.it\\\/\",\"logo\":{\"@type\":\"ImageObject\",\"inLanguage\":\"fr-FR\",\"@id\":\"https:\\\/\\\/www.bellunopress.it\\\/#\\\/schema\\\/logo\\\/image\\\/\",\"url\":\"https:\\\/\\\/www.bellunopress.it\\\/wp-content\\\/uploads\\\/2011\\\/05\\\/cropped-logo-bellunopress-.jpg\",\"contentUrl\":\"https:\\\/\\\/www.bellunopress.it\\\/wp-content\\\/uploads\\\/2011\\\/05\\\/cropped-logo-bellunopress-.jpg\",\"width\":512,\"height\":512,\"caption\":\"Bellunopress\"},\"image\":{\"@id\":\"https:\\\/\\\/www.bellunopress.it\\\/#\\\/schema\\\/logo\\\/image\\\/\"},\"sameAs\":[\"https:\\\/\\\/www.facebook.com\\\/profile.php?id=100008943462799\",\"https:\\\/\\\/x.com\\\/bellunopress\",\"https:\\\/\\\/www.linkedin.com\\\/hp\\\/?dnr=JBzUWaJfMUw8vbXJJ2tVW5-I3jZKvC4wsoxE&amp;amp;amp;amp;amp;amp;trk=nav_responsive_tab_home\",\"https:\\\/\\\/www.youtube.com\\\/channel\\\/UCxL0wu1uN0_3_7hGG0306cw\"]},{\"@type\":\"Person\",\"@id\":\"https:\\\/\\\/www.bellunopress.it\\\/#\\\/schema\\\/person\\\/79bb06722b37ece1c03d3e94beb30d73\",\"name\":\"redazione\",\"image\":{\"@type\":\"ImageObject\",\"inLanguage\":\"fr-FR\",\"@id\":\"https:\\\/\\\/secure.gravatar.com\\\/avatar\\\/37d968a2e67a6fd04c169c4bdef102d0bc5d31b2546345219e348575eb80e9a0?s=96&d=mm&r=g\",\"url\":\"https:\\\/\\\/secure.gravatar.com\\\/avatar\\\/37d968a2e67a6fd04c169c4bdef102d0bc5d31b2546345219e348575eb80e9a0?s=96&d=mm&r=g\",\"contentUrl\":\"https:\\\/\\\/secure.gravatar.com\\\/avatar\\\/37d968a2e67a6fd04c169c4bdef102d0bc5d31b2546345219e348575eb80e9a0?s=96&d=mm&r=g\",\"caption\":\"redazione\"},\"sameAs\":[\"http:\\\/\\\/www.bellunopress.it\",\"https:\\\/\\\/x.com\\\/bellunopress\"],\"url\":\"https:\\\/\\\/www.bellunopress.it\\\/fr\\\/author\\\/redazione\\\/\"}]}<\/script>\n<!-- \/ Yoast SEO plugin. -->","yoast_head_json":{"title":"Belluno.Educazione stradale con la Polizia locale: oltre 600 studenti coinvolti - Bellunopress - Dolomiti","robots":{"index":"index","follow":"follow","max-snippet":"max-snippet:-1","max-image-preview":"max-image-preview:large","max-video-preview":"max-video-preview:-1"},"canonical":"https:\/\/www.bellunopress.it\/fr\/2026\/02\/19\/belluno-educazione-stradale-con-la-polizia-locale-oltre-600-studenti-coinvolti\/","og_locale":"fr_FR","og_type":"article","og_title":"Belluno.Educazione stradale con la Polizia locale: oltre 600 studenti coinvolti - Bellunopress - Dolomiti","og_description":"Belluno, 19 febbraio 2026 &#8211; Ripartono gli incontri di educazione stradale promossi dal Comando di\u00a0Polizia Locale. Per l\u2019anno scolastico in corso il progetto coinvolger\u00e0 complessivamente circa 600 tra bambini e ragazzi delle scuole del territorio comunale, confermando un\u2019iniziativa che ogni anno registra una partecipazione ampia e convinta da parte degli istituti scolastici. \u201c\u00c8 fondamentale far [&hellip;]","og_url":"https:\/\/www.bellunopress.it\/fr\/2026\/02\/19\/belluno-educazione-stradale-con-la-polizia-locale-oltre-600-studenti-coinvolti\/","og_site_name":"Bellunopress - Dolomiti","article_publisher":"https:\/\/www.facebook.com\/profile.php?id=100008943462799","article_published_time":"2026-02-19T07:56:01+00:00","og_image":[{"width":600,"height":409,"url":"https:\/\/www.bellunopress.it\/wp-content\/uploads\/2026\/02\/polizia-locale.jpeg","type":"image\/jpeg"}],"author":"redazione","twitter_card":"summary_large_image","twitter_creator":"@bellunopress","twitter_site":"@bellunopress","twitter_misc":{"\u00c9crit par":"redazione","Dur\u00e9e de lecture estim\u00e9e":"3 minutes"},"schema":{"@context":"https:\/\/schema.org","@graph":[{"@type":"Article","@id":"https:\/\/www.bellunopress.it\/2026\/02\/19\/belluno-educazione-stradale-con-la-polizia-locale-oltre-600-studenti-coinvolti\/#article","isPartOf":{"@id":"https:\/\/www.bellunopress.it\/2026\/02\/19\/belluno-educazione-stradale-con-la-polizia-locale-oltre-600-studenti-coinvolti\/"},"author":{"name":"redazione","@id":"https:\/\/www.bellunopress.it\/#\/schema\/person\/79bb06722b37ece1c03d3e94beb30d73"},"headline":"Belluno.Educazione stradale con la Polizia locale: oltre 600 studenti coinvolti","datePublished":"2026-02-19T07:56:01+00:00","mainEntityOfPage":{"@id":"https:\/\/www.bellunopress.it\/2026\/02\/19\/belluno-educazione-stradale-con-la-polizia-locale-oltre-600-studenti-coinvolti\/"},"wordCount":669,"publisher":{"@id":"https:\/\/www.bellunopress.it\/#organization"},"image":{"@id":"https:\/\/www.bellunopress.it\/2026\/02\/19\/belluno-educazione-stradale-con-la-polizia-locale-oltre-600-studenti-coinvolti\/#primaryimage"},"thumbnailUrl":"https:\/\/www.bellunopress.it\/wp-content\/uploads\/2026\/02\/polizia-locale.jpeg","articleSection":["Prima Pagina","Scuola"],"inLanguage":"fr-FR"},{"@type":"WebPage","@id":"https:\/\/www.bellunopress.it\/2026\/02\/19\/belluno-educazione-stradale-con-la-polizia-locale-oltre-600-studenti-coinvolti\/","url":"https:\/\/www.bellunopress.it\/2026\/02\/19\/belluno-educazione-stradale-con-la-polizia-locale-oltre-600-studenti-coinvolti\/","name":"Belluno.Educazione stradale con la Polizia locale: oltre 600 studenti coinvolti - Bellunopress - Dolomiti","isPartOf":{"@id":"https:\/\/www.bellunopress.it\/#website"},"primaryImageOfPage":{"@id":"https:\/\/www.bellunopress.it\/2026\/02\/19\/belluno-educazione-stradale-con-la-polizia-locale-oltre-600-studenti-coinvolti\/#primaryimage"},"image":{"@id":"https:\/\/www.bellunopress.it\/2026\/02\/19\/belluno-educazione-stradale-con-la-polizia-locale-oltre-600-studenti-coinvolti\/#primaryimage"},"thumbnailUrl":"https:\/\/www.bellunopress.it\/wp-content\/uploads\/2026\/02\/polizia-locale.jpeg","datePublished":"2026-02-19T07:56:01+00:00","breadcrumb":{"@id":"https:\/\/www.bellunopress.it\/2026\/02\/19\/belluno-educazione-stradale-con-la-polizia-locale-oltre-600-studenti-coinvolti\/#breadcrumb"},"inLanguage":"fr-FR","potentialAction":[{"@type":"ReadAction","target":["https:\/\/www.bellunopress.it\/2026\/02\/19\/belluno-educazione-stradale-con-la-polizia-locale-oltre-600-studenti-coinvolti\/"]}]},{"@type":"ImageObject","inLanguage":"fr-FR","@id":"https:\/\/www.bellunopress.it\/2026\/02\/19\/belluno-educazione-stradale-con-la-polizia-locale-oltre-600-studenti-coinvolti\/#primaryimage","url":"https:\/\/www.bellunopress.it\/wp-content\/uploads\/2026\/02\/polizia-locale.jpeg","contentUrl":"https:\/\/www.bellunopress.it\/wp-content\/uploads\/2026\/02\/polizia-locale.jpeg","width":600,"height":409},{"@type":"BreadcrumbList","@id":"https:\/\/www.bellunopress.it\/2026\/02\/19\/belluno-educazione-stradale-con-la-polizia-locale-oltre-600-studenti-coinvolti\/#breadcrumb","itemListElement":[{"@type":"ListItem","position":1,"name":"Home","item":"https:\/\/www.bellunopress.it\/"},{"@type":"ListItem","position":2,"name":"Belluno.Educazione stradale con la Polizia locale: oltre 600 studenti coinvolti"}]},{"@type":"WebSite","@id":"https:\/\/www.bellunopress.it\/#website","url":"https:\/\/www.bellunopress.it\/","name":"Bellunopress - Dolomiti","description":"e-mail: redazione@bellunopress.it","publisher":{"@id":"https:\/\/www.bellunopress.it\/#organization"},"potentialAction":[{"@type":"SearchAction","target":{"@type":"EntryPoint","urlTemplate":"https:\/\/www.bellunopress.it\/?s={search_term_string}"},"query-input":{"@type":"PropertyValueSpecification","valueRequired":true,"valueName":"search_term_string"}}],"inLanguage":"fr-FR"},{"@type":"Organization","@id":"https:\/\/www.bellunopress.it\/#organization","name":"Bellunopress","url":"https:\/\/www.bellunopress.it\/","logo":{"@type":"ImageObject","inLanguage":"fr-FR","@id":"https:\/\/www.bellunopress.it\/#\/schema\/logo\/image\/","url":"https:\/\/www.bellunopress.it\/wp-content\/uploads\/2011\/05\/cropped-logo-bellunopress-.jpg","contentUrl":"https:\/\/www.bellunopress.it\/wp-content\/uploads\/2011\/05\/cropped-logo-bellunopress-.jpg","width":512,"height":512,"caption":"Bellunopress"},"image":{"@id":"https:\/\/www.bellunopress.it\/#\/schema\/logo\/image\/"},"sameAs":["https:\/\/www.facebook.com\/profile.php?id=100008943462799","https:\/\/x.com\/bellunopress","https:\/\/www.linkedin.com\/hp\/?dnr=JBzUWaJfMUw8vbXJJ2tVW5-I3jZKvC4wsoxE&amp;amp;amp;amp;amp;amp;trk=nav_responsive_tab_home","https:\/\/www.youtube.com\/channel\/UCxL0wu1uN0_3_7hGG0306cw"]},{"@type":"Person","@id":"https:\/\/www.bellunopress.it\/#\/schema\/person\/79bb06722b37ece1c03d3e94beb30d73","name":"r\u00e9daction","image":{"@type":"ImageObject","inLanguage":"fr-FR","@id":"https:\/\/secure.gravatar.com\/avatar\/37d968a2e67a6fd04c169c4bdef102d0bc5d31b2546345219e348575eb80e9a0?s=96&d=mm&r=g","url":"https:\/\/secure.gravatar.com\/avatar\/37d968a2e67a6fd04c169c4bdef102d0bc5d31b2546345219e348575eb80e9a0?s=96&d=mm&r=g","contentUrl":"https:\/\/secure.gravatar.com\/avatar\/37d968a2e67a6fd04c169c4bdef102d0bc5d31b2546345219e348575eb80e9a0?s=96&d=mm&r=g","caption":"redazione"},"sameAs":["http:\/\/www.bellunopress.it","https:\/\/x.com\/bellunopress"],"url":"https:\/\/www.bellunopress.it\/fr\/author\/redazione\/"}]}},"_links":{"self":[{"href":"https:\/\/www.bellunopress.it\/fr\/wp-json\/wp\/v2\/posts\/167577","targetHints":{"allow":["GET"]}}],"collection":[{"href":"https:\/\/www.bellunopress.it\/fr\/wp-json\/wp\/v2\/posts"}],"about":[{"href":"https:\/\/www.bellunopress.it\/fr\/wp-json\/wp\/v2\/types\/post"}],"author":[{"embeddable":true,"href":"https:\/\/www.bellunopress.it\/fr\/wp-json\/wp\/v2\/users\/2"}],"replies":[{"embeddable":true,"href":"https:\/\/www.bellunopress.it\/fr\/wp-json\/wp\/v2\/comments?post=167577"}],"version-history":[{"count":1,"href":"https:\/\/www.bellunopress.it\/fr\/wp-json\/wp\/v2\/posts\/167577\/revisions"}],"predecessor-version":[{"id":167578,"href":"https:\/\/www.bellunopress.it\/fr\/wp-json\/wp\/v2\/posts\/167577\/revisions\/167578"}],"wp:featuredmedia":[{"embeddable":true,"href":"https:\/\/www.bellunopress.it\/fr\/wp-json\/wp\/v2\/media\/167212"}],"wp:attachment":[{"href":"https:\/\/www.bellunopress.it\/fr\/wp-json\/wp\/v2\/media?parent=167577"}],"wp:term":[{"taxonomy":"category","embeddable":true,"href":"https:\/\/www.bellunopress.it\/fr\/wp-json\/wp\/v2\/categories?post=167577"},{"taxonomy":"post_tag","embeddable":true,"href":"https:\/\/www.bellunopress.it\/fr\/wp-json\/wp\/v2\/tags?post=167577"}],"curies":[{"name":"wp","href":"https:\/\/api.w.org\/{rel}","templated":true}]}}