{"id":167572,"date":"2026-02-19T06:24:00","date_gmt":"2026-02-19T05:24:00","guid":{"rendered":"https:\/\/www.bellunopress.it\/?p=167572"},"modified":"2026-02-19T06:24:00","modified_gmt":"2026-02-19T05:24:00","slug":"torna-a-belluno-lattore-michele-dotti-quattro-spettacoli-dedicati-alla-storia-dellenergia-dalla-mesopotamia-alle-cer","status":"publish","type":"post","link":"https:\/\/www.bellunopress.it\/fr\/2026\/02\/19\/torna-a-belluno-lattore-michele-dotti-quattro-spettacoli-dedicati-alla-storia-dellenergia-dalla-mesopotamia-alle-cer\/","title":{"rendered":"Torna a Belluno l\u2019attore Michele Dotti: quattro spettacoli dedicati alla storia dell\u2019energia, dalla Mesopotamia alle Cer"},"content":{"rendered":"<p>Torna a Belluno Michele Dotti per parlare di transizione ecologica, ecologia umana e comunit\u00e0 energetiche rinnovabili. Le Scuole in Rete e l\u2019associazione Amici delle scuole in rete, all&#8217;interno del progetto Eco-Logici che ha ottenuto il cofinanziamento della Fondazione Cariverona, organizzano infatti quattro spettacoli con l\u2019attore, nonch\u00e9 direttore di Ecofuturo Magazine e Ecofuturo TV.<\/p>\n<p>Si parler\u00e0 di sostenibilit\u00e0, nuove tecnologie per la transizione della storia delle comunit\u00e0 umane, fino ad approdare alle Cer, in esibizioni dal titolo evocativo \u201cMa mi faccia il PiaCER: viaggio nella storia dell\u2019energia, in una prospettiva di comunit\u00e0\u201d.<\/p>\n<p><strong>Il programma prevede due incontri mattutini per gli studenti, il 23 febbraio al Centro Giovanni XXIII e il 24 all\u2019Auditorium Canossiano di Feltre. Nelle stesse giornate, in orario 20.30, gli appuntamenti per la cittadinanza: il 23 a Ponte nelle Alpi al Teatro Pierobon, mentre il 24 nuovamente all\u2019Auditorium feltrino.<\/strong><\/p>\n<p>Dotti \u00e8 un attore brillante, formatore, divulgatore ed esperto di tecnologie per la transizione ecologica. Tiene infatti corsi di formazione sulle metodologie educative ludiche e partecipative, la cooperazione e la creativit\u00e0, oltre a realizzare spettacoli formativi su diverse tematiche, tra cui appunto l\u2019ecologia.<\/p>\n<p>In particolare, lo spettacolo che andr\u00e0 in scena nel territorio bellunese ripercorre la storia dell\u2019energia dall\u2019antichit\u00e0 ad oggi: i mulini a vento per l\u2019irrigazione in Mesopotamia, macine, telai, pompe idrauliche, gestione dei boschi, bacini idroelettrici, fino ad avvicinarsi alla prospettiva delle CER. Tra tutto questo non mancheranno gli aneddoti ironici, compresi quelli relativi ai rapporti (spesso) difficili tra condomini.<\/p>\n<p>L\u2019obiettivo \u00e8 soprattutto valorizzare le potenzialit\u00e0 delle Cer e promuovere una maggiore consapevolezza ecologica, sensibilizzando sull\u2019importanza delle energie rinnovabili dal punto di vista ambientale, sociale e culturale.<\/p>\n<p>Le prenotazioni sul nuovo sito studentibelluno.it<\/p>","protected":false},"excerpt":{"rendered":"<p>Torna a Belluno Michele Dotti per parlare di transizione ecologica, ecologia umana e comunit\u00e0 energetiche rinnovabili. Le Scuole in Rete e l\u2019associazione Amici delle scuole in rete, all&#8217;interno del progetto Eco-Logici che ha ottenuto il cofinanziamento della Fondazione Cariverona, organizzano infatti quattro spettacoli con l\u2019attore, nonch\u00e9 direttore di Ecofuturo Magazine e Ecofuturo TV. Si parler\u00e0 [&hellip;]<\/p>\n","protected":false},"author":2,"featured_media":167573,"comment_status":"closed","ping_status":"open","sticky":false,"template":"","format":"standard","meta":{"footnotes":""},"categories":[27,15],"tags":[],"class_list":["post-167572","post","type-post","status-publish","format-standard","has-post-thumbnail","category-appuntamenti","category-scuola"],"yoast_head":"<!-- This site is optimized with the Yoast SEO plugin v28.4 - https:\/\/yoast.com\/product\/yoast-seo-wordpress\/ -->\n<title>Torna a Belluno l\u2019attore Michele Dotti: quattro spettacoli dedicati alla storia dell\u2019energia, dalla Mesopotamia alle Cer - Bellunopress - Dolomiti<\/title>\n<meta name=\"robots\" content=\"index, follow, max-snippet:-1, max-image-preview:large, max-video-preview:-1\" \/>\n<link rel=\"canonical\" href=\"https:\/\/www.bellunopress.it\/fr\/2026\/02\/19\/torna-a-belluno-lattore-michele-dotti-quattro-spettacoli-dedicati-alla-storia-dellenergia-dalla-mesopotamia-alle-cer\/\" \/>\n<meta property=\"og:locale\" content=\"fr_FR\" \/>\n<meta property=\"og:type\" content=\"article\" \/>\n<meta property=\"og:title\" content=\"Torna a Belluno l\u2019attore Michele Dotti: quattro spettacoli dedicati alla storia dell\u2019energia, dalla Mesopotamia alle Cer - Bellunopress - Dolomiti\" \/>\n<meta property=\"og:description\" content=\"Torna a Belluno Michele Dotti per parlare di transizione ecologica, ecologia umana e comunit\u00e0 energetiche rinnovabili. Le Scuole in Rete e l\u2019associazione Amici delle scuole in rete, all&#8217;interno del progetto Eco-Logici che ha ottenuto il cofinanziamento della Fondazione Cariverona, organizzano infatti quattro spettacoli con l\u2019attore, nonch\u00e9 direttore di Ecofuturo Magazine e Ecofuturo TV. Si parler\u00e0 [&hellip;]\" \/>\n<meta property=\"og:url\" content=\"https:\/\/www.bellunopress.it\/fr\/2026\/02\/19\/torna-a-belluno-lattore-michele-dotti-quattro-spettacoli-dedicati-alla-storia-dellenergia-dalla-mesopotamia-alle-cer\/\" \/>\n<meta property=\"og:site_name\" content=\"Bellunopress - Dolomiti\" \/>\n<meta property=\"article:publisher\" content=\"https:\/\/www.facebook.com\/profile.php?id=100008943462799\" \/>\n<meta property=\"article:published_time\" content=\"2026-02-19T05:24:00+00:00\" \/>\n<meta property=\"og:image\" content=\"https:\/\/www.bellunopress.it\/wp-content\/uploads\/2026\/02\/Scuole-in-rete.jpg\" \/>\n\t<meta property=\"og:image:width\" content=\"399\" \/>\n\t<meta property=\"og:image:height\" content=\"292\" \/>\n\t<meta property=\"og:image:type\" content=\"image\/jpeg\" \/>\n<meta name=\"author\" content=\"redazione\" \/>\n<meta name=\"twitter:card\" content=\"summary_large_image\" \/>\n<meta name=\"twitter:creator\" content=\"@bellunopress\" \/>\n<meta name=\"twitter:site\" content=\"@bellunopress\" \/>\n<meta name=\"twitter:label1\" content=\"\u00c9crit par\" \/>\n\t<meta name=\"twitter:data1\" content=\"redazione\" \/>\n\t<meta name=\"twitter:label2\" content=\"Dur\u00e9e de lecture estim\u00e9e\" \/>\n\t<meta name=\"twitter:data2\" content=\"1 minute\" \/>\n<script type=\"application\/ld+json\" class=\"yoast-schema-graph\">{\"@context\":\"https:\\\/\\\/schema.org\",\"@graph\":[{\"@type\":\"Article\",\"@id\":\"https:\\\/\\\/www.bellunopress.it\\\/2026\\\/02\\\/19\\\/torna-a-belluno-lattore-michele-dotti-quattro-spettacoli-dedicati-alla-storia-dellenergia-dalla-mesopotamia-alle-cer\\\/#article\",\"isPartOf\":{\"@id\":\"https:\\\/\\\/www.bellunopress.it\\\/2026\\\/02\\\/19\\\/torna-a-belluno-lattore-michele-dotti-quattro-spettacoli-dedicati-alla-storia-dellenergia-dalla-mesopotamia-alle-cer\\\/\"},\"author\":{\"name\":\"redazione\",\"@id\":\"https:\\\/\\\/www.bellunopress.it\\\/#\\\/schema\\\/person\\\/79bb06722b37ece1c03d3e94beb30d73\"},\"headline\":\"Torna a Belluno l\u2019attore Michele Dotti: quattro spettacoli dedicati alla storia dell\u2019energia, dalla Mesopotamia alle Cer\",\"datePublished\":\"2026-02-19T05:24:00+00:00\",\"mainEntityOfPage\":{\"@id\":\"https:\\\/\\\/www.bellunopress.it\\\/2026\\\/02\\\/19\\\/torna-a-belluno-lattore-michele-dotti-quattro-spettacoli-dedicati-alla-storia-dellenergia-dalla-mesopotamia-alle-cer\\\/\"},\"wordCount\":299,\"publisher\":{\"@id\":\"https:\\\/\\\/www.bellunopress.it\\\/#organization\"},\"image\":{\"@id\":\"https:\\\/\\\/www.bellunopress.it\\\/2026\\\/02\\\/19\\\/torna-a-belluno-lattore-michele-dotti-quattro-spettacoli-dedicati-alla-storia-dellenergia-dalla-mesopotamia-alle-cer\\\/#primaryimage\"},\"thumbnailUrl\":\"https:\\\/\\\/www.bellunopress.it\\\/wp-content\\\/uploads\\\/2026\\\/02\\\/Scuole-in-rete.jpg\",\"articleSection\":[\"Appuntamenti, Eventi\",\"Scuola\"],\"inLanguage\":\"fr-FR\"},{\"@type\":\"WebPage\",\"@id\":\"https:\\\/\\\/www.bellunopress.it\\\/2026\\\/02\\\/19\\\/torna-a-belluno-lattore-michele-dotti-quattro-spettacoli-dedicati-alla-storia-dellenergia-dalla-mesopotamia-alle-cer\\\/\",\"url\":\"https:\\\/\\\/www.bellunopress.it\\\/2026\\\/02\\\/19\\\/torna-a-belluno-lattore-michele-dotti-quattro-spettacoli-dedicati-alla-storia-dellenergia-dalla-mesopotamia-alle-cer\\\/\",\"name\":\"Torna a Belluno l\u2019attore Michele Dotti: quattro spettacoli dedicati alla storia dell\u2019energia, dalla Mesopotamia alle Cer - Bellunopress - Dolomiti\",\"isPartOf\":{\"@id\":\"https:\\\/\\\/www.bellunopress.it\\\/#website\"},\"primaryImageOfPage\":{\"@id\":\"https:\\\/\\\/www.bellunopress.it\\\/2026\\\/02\\\/19\\\/torna-a-belluno-lattore-michele-dotti-quattro-spettacoli-dedicati-alla-storia-dellenergia-dalla-mesopotamia-alle-cer\\\/#primaryimage\"},\"image\":{\"@id\":\"https:\\\/\\\/www.bellunopress.it\\\/2026\\\/02\\\/19\\\/torna-a-belluno-lattore-michele-dotti-quattro-spettacoli-dedicati-alla-storia-dellenergia-dalla-mesopotamia-alle-cer\\\/#primaryimage\"},\"thumbnailUrl\":\"https:\\\/\\\/www.bellunopress.it\\\/wp-content\\\/uploads\\\/2026\\\/02\\\/Scuole-in-rete.jpg\",\"datePublished\":\"2026-02-19T05:24:00+00:00\",\"breadcrumb\":{\"@id\":\"https:\\\/\\\/www.bellunopress.it\\\/2026\\\/02\\\/19\\\/torna-a-belluno-lattore-michele-dotti-quattro-spettacoli-dedicati-alla-storia-dellenergia-dalla-mesopotamia-alle-cer\\\/#breadcrumb\"},\"inLanguage\":\"fr-FR\",\"potentialAction\":[{\"@type\":\"ReadAction\",\"target\":[\"https:\\\/\\\/www.bellunopress.it\\\/2026\\\/02\\\/19\\\/torna-a-belluno-lattore-michele-dotti-quattro-spettacoli-dedicati-alla-storia-dellenergia-dalla-mesopotamia-alle-cer\\\/\"]}]},{\"@type\":\"ImageObject\",\"inLanguage\":\"fr-FR\",\"@id\":\"https:\\\/\\\/www.bellunopress.it\\\/2026\\\/02\\\/19\\\/torna-a-belluno-lattore-michele-dotti-quattro-spettacoli-dedicati-alla-storia-dellenergia-dalla-mesopotamia-alle-cer\\\/#primaryimage\",\"url\":\"https:\\\/\\\/www.bellunopress.it\\\/wp-content\\\/uploads\\\/2026\\\/02\\\/Scuole-in-rete.jpg\",\"contentUrl\":\"https:\\\/\\\/www.bellunopress.it\\\/wp-content\\\/uploads\\\/2026\\\/02\\\/Scuole-in-rete.jpg\",\"width\":399,\"height\":292},{\"@type\":\"BreadcrumbList\",\"@id\":\"https:\\\/\\\/www.bellunopress.it\\\/2026\\\/02\\\/19\\\/torna-a-belluno-lattore-michele-dotti-quattro-spettacoli-dedicati-alla-storia-dellenergia-dalla-mesopotamia-alle-cer\\\/#breadcrumb\",\"itemListElement\":[{\"@type\":\"ListItem\",\"position\":1,\"name\":\"Home\",\"item\":\"https:\\\/\\\/www.bellunopress.it\\\/\"},{\"@type\":\"ListItem\",\"position\":2,\"name\":\"Torna a Belluno l\u2019attore Michele Dotti: quattro spettacoli dedicati alla storia dell\u2019energia, dalla Mesopotamia alle Cer\"}]},{\"@type\":\"WebSite\",\"@id\":\"https:\\\/\\\/www.bellunopress.it\\\/#website\",\"url\":\"https:\\\/\\\/www.bellunopress.it\\\/\",\"name\":\"Bellunopress - Dolomiti\",\"description\":\"e-mail: redazione@bellunopress.it\",\"publisher\":{\"@id\":\"https:\\\/\\\/www.bellunopress.it\\\/#organization\"},\"potentialAction\":[{\"@type\":\"SearchAction\",\"target\":{\"@type\":\"EntryPoint\",\"urlTemplate\":\"https:\\\/\\\/www.bellunopress.it\\\/?s={search_term_string}\"},\"query-input\":{\"@type\":\"PropertyValueSpecification\",\"valueRequired\":true,\"valueName\":\"search_term_string\"}}],\"inLanguage\":\"fr-FR\"},{\"@type\":\"Organization\",\"@id\":\"https:\\\/\\\/www.bellunopress.it\\\/#organization\",\"name\":\"Bellunopress\",\"url\":\"https:\\\/\\\/www.bellunopress.it\\\/\",\"logo\":{\"@type\":\"ImageObject\",\"inLanguage\":\"fr-FR\",\"@id\":\"https:\\\/\\\/www.bellunopress.it\\\/#\\\/schema\\\/logo\\\/image\\\/\",\"url\":\"https:\\\/\\\/www.bellunopress.it\\\/wp-content\\\/uploads\\\/2011\\\/05\\\/cropped-logo-bellunopress-.jpg\",\"contentUrl\":\"https:\\\/\\\/www.bellunopress.it\\\/wp-content\\\/uploads\\\/2011\\\/05\\\/cropped-logo-bellunopress-.jpg\",\"width\":512,\"height\":512,\"caption\":\"Bellunopress\"},\"image\":{\"@id\":\"https:\\\/\\\/www.bellunopress.it\\\/#\\\/schema\\\/logo\\\/image\\\/\"},\"sameAs\":[\"https:\\\/\\\/www.facebook.com\\\/profile.php?id=100008943462799\",\"https:\\\/\\\/x.com\\\/bellunopress\",\"https:\\\/\\\/www.linkedin.com\\\/hp\\\/?dnr=JBzUWaJfMUw8vbXJJ2tVW5-I3jZKvC4wsoxE&amp;amp;amp;amp;amp;amp;trk=nav_responsive_tab_home\",\"https:\\\/\\\/www.youtube.com\\\/channel\\\/UCxL0wu1uN0_3_7hGG0306cw\"]},{\"@type\":\"Person\",\"@id\":\"https:\\\/\\\/www.bellunopress.it\\\/#\\\/schema\\\/person\\\/79bb06722b37ece1c03d3e94beb30d73\",\"name\":\"redazione\",\"image\":{\"@type\":\"ImageObject\",\"inLanguage\":\"fr-FR\",\"@id\":\"https:\\\/\\\/secure.gravatar.com\\\/avatar\\\/37d968a2e67a6fd04c169c4bdef102d0bc5d31b2546345219e348575eb80e9a0?s=96&d=mm&r=g\",\"url\":\"https:\\\/\\\/secure.gravatar.com\\\/avatar\\\/37d968a2e67a6fd04c169c4bdef102d0bc5d31b2546345219e348575eb80e9a0?s=96&d=mm&r=g\",\"contentUrl\":\"https:\\\/\\\/secure.gravatar.com\\\/avatar\\\/37d968a2e67a6fd04c169c4bdef102d0bc5d31b2546345219e348575eb80e9a0?s=96&d=mm&r=g\",\"caption\":\"redazione\"},\"sameAs\":[\"http:\\\/\\\/www.bellunopress.it\",\"https:\\\/\\\/x.com\\\/bellunopress\"],\"url\":\"https:\\\/\\\/www.bellunopress.it\\\/fr\\\/author\\\/redazione\\\/\"}]}<\/script>\n<!-- \/ Yoast SEO plugin. -->","yoast_head_json":{"title":"Torna a Belluno l\u2019attore Michele Dotti: quattro spettacoli dedicati alla storia dell\u2019energia, dalla Mesopotamia alle Cer - Bellunopress - Dolomiti","robots":{"index":"index","follow":"follow","max-snippet":"max-snippet:-1","max-image-preview":"max-image-preview:large","max-video-preview":"max-video-preview:-1"},"canonical":"https:\/\/www.bellunopress.it\/fr\/2026\/02\/19\/torna-a-belluno-lattore-michele-dotti-quattro-spettacoli-dedicati-alla-storia-dellenergia-dalla-mesopotamia-alle-cer\/","og_locale":"fr_FR","og_type":"article","og_title":"Torna a Belluno l\u2019attore Michele Dotti: quattro spettacoli dedicati alla storia dell\u2019energia, dalla Mesopotamia alle Cer - Bellunopress - Dolomiti","og_description":"Torna a Belluno Michele Dotti per parlare di transizione ecologica, ecologia umana e comunit\u00e0 energetiche rinnovabili. Le Scuole in Rete e l\u2019associazione Amici delle scuole in rete, all&#8217;interno del progetto Eco-Logici che ha ottenuto il cofinanziamento della Fondazione Cariverona, organizzano infatti quattro spettacoli con l\u2019attore, nonch\u00e9 direttore di Ecofuturo Magazine e Ecofuturo TV. Si parler\u00e0 [&hellip;]","og_url":"https:\/\/www.bellunopress.it\/fr\/2026\/02\/19\/torna-a-belluno-lattore-michele-dotti-quattro-spettacoli-dedicati-alla-storia-dellenergia-dalla-mesopotamia-alle-cer\/","og_site_name":"Bellunopress - Dolomiti","article_publisher":"https:\/\/www.facebook.com\/profile.php?id=100008943462799","article_published_time":"2026-02-19T05:24:00+00:00","og_image":[{"width":399,"height":292,"url":"https:\/\/www.bellunopress.it\/wp-content\/uploads\/2026\/02\/Scuole-in-rete.jpg","type":"image\/jpeg"}],"author":"redazione","twitter_card":"summary_large_image","twitter_creator":"@bellunopress","twitter_site":"@bellunopress","twitter_misc":{"\u00c9crit par":"redazione","Dur\u00e9e de lecture estim\u00e9e":"1 minute"},"schema":{"@context":"https:\/\/schema.org","@graph":[{"@type":"Article","@id":"https:\/\/www.bellunopress.it\/2026\/02\/19\/torna-a-belluno-lattore-michele-dotti-quattro-spettacoli-dedicati-alla-storia-dellenergia-dalla-mesopotamia-alle-cer\/#article","isPartOf":{"@id":"https:\/\/www.bellunopress.it\/2026\/02\/19\/torna-a-belluno-lattore-michele-dotti-quattro-spettacoli-dedicati-alla-storia-dellenergia-dalla-mesopotamia-alle-cer\/"},"author":{"name":"redazione","@id":"https:\/\/www.bellunopress.it\/#\/schema\/person\/79bb06722b37ece1c03d3e94beb30d73"},"headline":"Torna a Belluno l\u2019attore Michele Dotti: quattro spettacoli dedicati alla storia dell\u2019energia, dalla Mesopotamia alle Cer","datePublished":"2026-02-19T05:24:00+00:00","mainEntityOfPage":{"@id":"https:\/\/www.bellunopress.it\/2026\/02\/19\/torna-a-belluno-lattore-michele-dotti-quattro-spettacoli-dedicati-alla-storia-dellenergia-dalla-mesopotamia-alle-cer\/"},"wordCount":299,"publisher":{"@id":"https:\/\/www.bellunopress.it\/#organization"},"image":{"@id":"https:\/\/www.bellunopress.it\/2026\/02\/19\/torna-a-belluno-lattore-michele-dotti-quattro-spettacoli-dedicati-alla-storia-dellenergia-dalla-mesopotamia-alle-cer\/#primaryimage"},"thumbnailUrl":"https:\/\/www.bellunopress.it\/wp-content\/uploads\/2026\/02\/Scuole-in-rete.jpg","articleSection":["Appuntamenti, Eventi","Scuola"],"inLanguage":"fr-FR"},{"@type":"WebPage","@id":"https:\/\/www.bellunopress.it\/2026\/02\/19\/torna-a-belluno-lattore-michele-dotti-quattro-spettacoli-dedicati-alla-storia-dellenergia-dalla-mesopotamia-alle-cer\/","url":"https:\/\/www.bellunopress.it\/2026\/02\/19\/torna-a-belluno-lattore-michele-dotti-quattro-spettacoli-dedicati-alla-storia-dellenergia-dalla-mesopotamia-alle-cer\/","name":"Torna a Belluno l\u2019attore Michele Dotti: quattro spettacoli dedicati alla storia dell\u2019energia, dalla Mesopotamia alle Cer - Bellunopress - Dolomiti","isPartOf":{"@id":"https:\/\/www.bellunopress.it\/#website"},"primaryImageOfPage":{"@id":"https:\/\/www.bellunopress.it\/2026\/02\/19\/torna-a-belluno-lattore-michele-dotti-quattro-spettacoli-dedicati-alla-storia-dellenergia-dalla-mesopotamia-alle-cer\/#primaryimage"},"image":{"@id":"https:\/\/www.bellunopress.it\/2026\/02\/19\/torna-a-belluno-lattore-michele-dotti-quattro-spettacoli-dedicati-alla-storia-dellenergia-dalla-mesopotamia-alle-cer\/#primaryimage"},"thumbnailUrl":"https:\/\/www.bellunopress.it\/wp-content\/uploads\/2026\/02\/Scuole-in-rete.jpg","datePublished":"2026-02-19T05:24:00+00:00","breadcrumb":{"@id":"https:\/\/www.bellunopress.it\/2026\/02\/19\/torna-a-belluno-lattore-michele-dotti-quattro-spettacoli-dedicati-alla-storia-dellenergia-dalla-mesopotamia-alle-cer\/#breadcrumb"},"inLanguage":"fr-FR","potentialAction":[{"@type":"ReadAction","target":["https:\/\/www.bellunopress.it\/2026\/02\/19\/torna-a-belluno-lattore-michele-dotti-quattro-spettacoli-dedicati-alla-storia-dellenergia-dalla-mesopotamia-alle-cer\/"]}]},{"@type":"ImageObject","inLanguage":"fr-FR","@id":"https:\/\/www.bellunopress.it\/2026\/02\/19\/torna-a-belluno-lattore-michele-dotti-quattro-spettacoli-dedicati-alla-storia-dellenergia-dalla-mesopotamia-alle-cer\/#primaryimage","url":"https:\/\/www.bellunopress.it\/wp-content\/uploads\/2026\/02\/Scuole-in-rete.jpg","contentUrl":"https:\/\/www.bellunopress.it\/wp-content\/uploads\/2026\/02\/Scuole-in-rete.jpg","width":399,"height":292},{"@type":"BreadcrumbList","@id":"https:\/\/www.bellunopress.it\/2026\/02\/19\/torna-a-belluno-lattore-michele-dotti-quattro-spettacoli-dedicati-alla-storia-dellenergia-dalla-mesopotamia-alle-cer\/#breadcrumb","itemListElement":[{"@type":"ListItem","position":1,"name":"Home","item":"https:\/\/www.bellunopress.it\/"},{"@type":"ListItem","position":2,"name":"Torna a Belluno l\u2019attore Michele Dotti: quattro spettacoli dedicati alla storia dell\u2019energia, dalla Mesopotamia alle Cer"}]},{"@type":"WebSite","@id":"https:\/\/www.bellunopress.it\/#website","url":"https:\/\/www.bellunopress.it\/","name":"Bellunopress - Dolomiti","description":"e-mail: redazione@bellunopress.it","publisher":{"@id":"https:\/\/www.bellunopress.it\/#organization"},"potentialAction":[{"@type":"SearchAction","target":{"@type":"EntryPoint","urlTemplate":"https:\/\/www.bellunopress.it\/?s={search_term_string}"},"query-input":{"@type":"PropertyValueSpecification","valueRequired":true,"valueName":"search_term_string"}}],"inLanguage":"fr-FR"},{"@type":"Organization","@id":"https:\/\/www.bellunopress.it\/#organization","name":"Bellunopress","url":"https:\/\/www.bellunopress.it\/","logo":{"@type":"ImageObject","inLanguage":"fr-FR","@id":"https:\/\/www.bellunopress.it\/#\/schema\/logo\/image\/","url":"https:\/\/www.bellunopress.it\/wp-content\/uploads\/2011\/05\/cropped-logo-bellunopress-.jpg","contentUrl":"https:\/\/www.bellunopress.it\/wp-content\/uploads\/2011\/05\/cropped-logo-bellunopress-.jpg","width":512,"height":512,"caption":"Bellunopress"},"image":{"@id":"https:\/\/www.bellunopress.it\/#\/schema\/logo\/image\/"},"sameAs":["https:\/\/www.facebook.com\/profile.php?id=100008943462799","https:\/\/x.com\/bellunopress","https:\/\/www.linkedin.com\/hp\/?dnr=JBzUWaJfMUw8vbXJJ2tVW5-I3jZKvC4wsoxE&amp;amp;amp;amp;amp;amp;trk=nav_responsive_tab_home","https:\/\/www.youtube.com\/channel\/UCxL0wu1uN0_3_7hGG0306cw"]},{"@type":"Person","@id":"https:\/\/www.bellunopress.it\/#\/schema\/person\/79bb06722b37ece1c03d3e94beb30d73","name":"r\u00e9daction","image":{"@type":"ImageObject","inLanguage":"fr-FR","@id":"https:\/\/secure.gravatar.com\/avatar\/37d968a2e67a6fd04c169c4bdef102d0bc5d31b2546345219e348575eb80e9a0?s=96&d=mm&r=g","url":"https:\/\/secure.gravatar.com\/avatar\/37d968a2e67a6fd04c169c4bdef102d0bc5d31b2546345219e348575eb80e9a0?s=96&d=mm&r=g","contentUrl":"https:\/\/secure.gravatar.com\/avatar\/37d968a2e67a6fd04c169c4bdef102d0bc5d31b2546345219e348575eb80e9a0?s=96&d=mm&r=g","caption":"redazione"},"sameAs":["http:\/\/www.bellunopress.it","https:\/\/x.com\/bellunopress"],"url":"https:\/\/www.bellunopress.it\/fr\/author\/redazione\/"}]}},"_links":{"self":[{"href":"https:\/\/www.bellunopress.it\/fr\/wp-json\/wp\/v2\/posts\/167572","targetHints":{"allow":["GET"]}}],"collection":[{"href":"https:\/\/www.bellunopress.it\/fr\/wp-json\/wp\/v2\/posts"}],"about":[{"href":"https:\/\/www.bellunopress.it\/fr\/wp-json\/wp\/v2\/types\/post"}],"author":[{"embeddable":true,"href":"https:\/\/www.bellunopress.it\/fr\/wp-json\/wp\/v2\/users\/2"}],"replies":[{"embeddable":true,"href":"https:\/\/www.bellunopress.it\/fr\/wp-json\/wp\/v2\/comments?post=167572"}],"version-history":[{"count":1,"href":"https:\/\/www.bellunopress.it\/fr\/wp-json\/wp\/v2\/posts\/167572\/revisions"}],"predecessor-version":[{"id":167574,"href":"https:\/\/www.bellunopress.it\/fr\/wp-json\/wp\/v2\/posts\/167572\/revisions\/167574"}],"wp:featuredmedia":[{"embeddable":true,"href":"https:\/\/www.bellunopress.it\/fr\/wp-json\/wp\/v2\/media\/167573"}],"wp:attachment":[{"href":"https:\/\/www.bellunopress.it\/fr\/wp-json\/wp\/v2\/media?parent=167572"}],"wp:term":[{"taxonomy":"category","embeddable":true,"href":"https:\/\/www.bellunopress.it\/fr\/wp-json\/wp\/v2\/categories?post=167572"},{"taxonomy":"post_tag","embeddable":true,"href":"https:\/\/www.bellunopress.it\/fr\/wp-json\/wp\/v2\/tags?post=167572"}],"curies":[{"name":"wp","href":"https:\/\/api.w.org\/{rel}","templated":true}]}}