{"id":167524,"date":"2026-02-17T15:14:29","date_gmt":"2026-02-17T14:14:29","guid":{"rendered":"https:\/\/www.bellunopress.it\/?p=167524"},"modified":"2026-02-17T15:16:40","modified_gmt":"2026-02-17T14:16:40","slug":"hydro-feltre-e-muro-contro-muro-riparte-il-presidio-ai-cancelli-contro-lo-svuotamento-del-sito","status":"publish","type":"post","link":"https:\/\/www.bellunopress.it\/fr\/2026\/02\/17\/hydro-feltre-e-muro-contro-muro-riparte-il-presidio-ai-cancelli-contro-lo-svuotamento-del-sito\/","title":{"rendered":"Hydro Feltre, \u00e8 muro contro muro: riparte il presidio ai cancelli contro lo &#8220;svuotamento&#8221; del sito"},"content":{"rendered":"<p data-path-to-node=\"3\"><b data-path-to-node=\"3\" data-index-in-node=\"0\">Tensione altissima nello stabilimento feltrino. Sindacati e lavoratori bloccano l&#8217;uscita delle matrici: \u00abL&#8217;azienda vuole smantellare\u00bb. Il sindaco Fusaro attacca la multinazionale: \u00abAtteggiamento sconcertante\u00bb.<\/b><\/p>\n<p data-path-to-node=\"4\">Feltre, 17\/02\/2026 &#8211; La tregua \u00e8 finita. Davanti ai cancelli della Hydro di Feltre \u00e8 tornato il presidio permanente. Lavoratori e sindacati hanno deciso di rialzare le barricate dopo che l&#8217;ultimo incontro con i vertici aziendali si \u00e8 risolto in un nulla di fatto, lasciando sul tavolo solo incertezze e il timore concreto di una dismissione strisciante.<\/p>\n<h3 data-path-to-node=\"5\"><img loading=\"lazy\" decoding=\"async\" class=\"aligncenter size-full wp-image-167526\" src=\"https:\/\/www.bellunopress.it\/wp-content\/uploads\/2026\/02\/Hydro-Feltre.jpeg\" alt=\"\" width=\"500\" height=\"375\" srcset=\"https:\/\/www.bellunopress.it\/wp-content\/uploads\/2026\/02\/Hydro-Feltre.jpeg 500w, https:\/\/www.bellunopress.it\/wp-content\/uploads\/2026\/02\/Hydro-Feltre-80x60.jpeg 80w, https:\/\/www.bellunopress.it\/wp-content\/uploads\/2026\/02\/Hydro-Feltre-150x113.jpeg 150w, https:\/\/www.bellunopress.it\/wp-content\/uploads\/2026\/02\/Hydro-Feltre-300x225.jpeg 300w\" sizes=\"auto, (max-width: 500px) 100vw, 500px\" \/>La scintilla: il trasferimento delle matrici<\/h3>\n<p data-path-to-node=\"6\">A far precipitare la situazione \u00e8 stato il tentativo della propriet\u00e0 di trasferire le matrici \u2014 strumenti indispensabili per la produzione \u2014 verso altri siti del gruppo. Una mossa interpretata dalle maestranze come l&#8217;inizio della fine per lo stabilimento bellunese.<\/p>\n<p data-path-to-node=\"7\">\u00abNon si pu\u00f2 svuotare progressivamente lo stabilimento indebolendo le prospettive produttive di Feltre. Il presidio \u00e8 un atto di responsabilit\u00e0 e di difesa del lavoro\u00bb, dichiarano in una nota congiunta Stefano Bona (Fiom Belluno) e Mauro Zuglian (Fim Treviso Belluno). L&#8217;obiettivo dei lavoratori \u00e8 chiaro: impedire che i macchinari varchino i cancelli, rendendo di fatto impossibile la ripresa futura dell&#8217;attivit\u00e0.<\/p>\n<h3 data-path-to-node=\"8\">Cassa integrazione e zero garanzie<\/h3>\n<p data-path-to-node=\"9\">Oltre al destino degli impianti, a preoccupare \u00e8 la tenuta sociale. L&#8217;azienda ha prospettato una cassa integrazione di almeno 8-10 settimane a seguito degli incidenti che hanno colpito il sito recentemente (tra cui il rogo di una centralina), ma ha chiuso la porta a qualsiasi integrazione salariale.<\/p>\n<p data-path-to-node=\"10\">I sindacati chiedono con forza:<\/p>\n<ul data-path-to-node=\"11\">\n<li>\n<p data-path-to-node=\"11,0,0\">Un piano scritto e vincolante per il ripristino degli impianti.<\/p>\n<\/li>\n<li>\n<p data-path-to-node=\"11,1,0\">Il mantenimento delle produzioni e delle matrici a Feltre.<\/p>\n<\/li>\n<li>\n<p data-path-to-node=\"11,2,0\">Tutele per il reddito durante il fermo produttivo.<\/p>\n<\/li>\n<li>\n<p data-path-to-node=\"11,3,0\">Un confronto trasparente sul futuro industriale.<\/p>\n<\/li>\n<\/ul>\n<figure id=\"attachment_136046\" aria-describedby=\"caption-attachment-136046\" style=\"width: 301px\" class=\"wp-caption aligncenter\"><img loading=\"lazy\" decoding=\"async\" class=\"size-full wp-image-136046\" src=\"https:\/\/www.bellunopress.it\/wp-content\/uploads\/2022\/08\/Viviana-Fusaro-sindaco-Feltre_edited.jpg\" alt=\"\" width=\"301\" height=\"308\" \/><figcaption id=\"caption-attachment-136046\" class=\"wp-caption-text\">Viviana Fusaro, sindaco di Feltre<\/figcaption><\/figure>\n<h3 data-path-to-node=\"12\">Il sindaco Fusaro: \u00abUna multinazionale senza scrupoli\u00bb<\/h3>\n<p data-path-to-node=\"13\">Al fianco dei lavoratori, anche oggi, si \u00e8 schierata l&#8217;amministrazione comunale. Il sindaco di Feltre, Viviana Fusaro, ha fatto visita al presidio definendo la situazione \u00absconcertante\u00bb.<\/p>\n<blockquote data-path-to-node=\"14\">\n<h6 style=\"text-align: left;\" data-path-to-node=\"14,0\">\u00abL&#8217;azienda ha dimostrato una totale chiusura, sia sulla riattivazione della centralina che sulle richieste economiche dei dipendenti\u00bb, ha dichiarato il primo cittadino. \u00ab\u00c8 un atteggiamento ingiustificato da parte di una multinazionale che sta dimostrando di non avere scrupoli verso un territorio che ha dato tanto a questa realt\u00e0. Saremo al fianco dei lavoratori in ogni sede, anche al Ministero, perch\u00e9 questa fabbrica si salvi\u00bb.<\/h6>\n<\/blockquote>\n<h3 data-path-to-node=\"15\">Prospettive incerte<\/h3>\n<p data-path-to-node=\"16\">La mobilitazione non sembra destinata a fermarsi in tempi brevi. Il braccio di ferro tra la propriet\u00e0 e la comunit\u00e0 feltrina si sposta ora sul piano istituzionale, con la richiesta di un intervento governativo per evitare che l&#8217;incidente tecnico diventi il pretesto per una chiusura definitiva. Nel frattempo, i cancelli restano presidiati: il &#8220;cuore&#8221; della Hydro, per ora, non si muove da Feltre.<\/p>","protected":false},"excerpt":{"rendered":"<p>Tensione altissima nello stabilimento feltrino. Sindacati e lavoratori bloccano l&#8217;uscita delle matrici: \u00abL&#8217;azienda vuole smantellare\u00bb. Il sindaco Fusaro attacca la multinazionale: \u00abAtteggiamento sconcertante\u00bb. Feltre, 17\/02\/2026 &#8211; La tregua \u00e8 finita. Davanti ai cancelli della Hydro di Feltre \u00e8 tornato il presidio permanente. Lavoratori e sindacati hanno deciso di rialzare le barricate dopo che l&#8217;ultimo incontro [&hellip;]<\/p>\n","protected":false},"author":2,"featured_media":165987,"comment_status":"closed","ping_status":"open","sticky":false,"template":"","format":"standard","meta":{"footnotes":""},"categories":[5,36,26],"tags":[],"class_list":["post-167524","post","type-post","status-publish","format-standard","has-post-thumbnail","category-cronaca","category-lavoro-economia","category-prima-pagina"],"yoast_head":"<!-- This site is optimized with the Yoast SEO plugin v28.4 - https:\/\/yoast.com\/product\/yoast-seo-wordpress\/ -->\n<title>Hydro Feltre, \u00e8 muro contro muro: riparte il presidio ai cancelli contro lo &quot;svuotamento&quot; del sito - Bellunopress - Dolomiti<\/title>\n<meta name=\"robots\" content=\"index, follow, max-snippet:-1, max-image-preview:large, max-video-preview:-1\" \/>\n<link rel=\"canonical\" href=\"https:\/\/www.bellunopress.it\/fr\/2026\/02\/17\/hydro-feltre-e-muro-contro-muro-riparte-il-presidio-ai-cancelli-contro-lo-svuotamento-del-sito\/\" \/>\n<meta property=\"og:locale\" content=\"fr_FR\" \/>\n<meta property=\"og:type\" content=\"article\" \/>\n<meta property=\"og:title\" content=\"Hydro Feltre, \u00e8 muro contro muro: riparte il presidio ai cancelli contro lo &quot;svuotamento&quot; del sito - Bellunopress - Dolomiti\" \/>\n<meta property=\"og:description\" content=\"Tensione altissima nello stabilimento feltrino. Sindacati e lavoratori bloccano l&#8217;uscita delle matrici: \u00abL&#8217;azienda vuole smantellare\u00bb. Il sindaco Fusaro attacca la multinazionale: \u00abAtteggiamento sconcertante\u00bb. Feltre, 17\/02\/2026 &#8211; La tregua \u00e8 finita. Davanti ai cancelli della Hydro di Feltre \u00e8 tornato il presidio permanente. Lavoratori e sindacati hanno deciso di rialzare le barricate dopo che l&#8217;ultimo incontro [&hellip;]\" \/>\n<meta property=\"og:url\" content=\"https:\/\/www.bellunopress.it\/fr\/2026\/02\/17\/hydro-feltre-e-muro-contro-muro-riparte-il-presidio-ai-cancelli-contro-lo-svuotamento-del-sito\/\" \/>\n<meta property=\"og:site_name\" content=\"Bellunopress - Dolomiti\" \/>\n<meta property=\"article:publisher\" content=\"https:\/\/www.facebook.com\/profile.php?id=100008943462799\" \/>\n<meta property=\"article:published_time\" content=\"2026-02-17T14:14:29+00:00\" \/>\n<meta property=\"article:modified_time\" content=\"2026-02-17T14:16:40+00:00\" \/>\n<meta property=\"og:image\" content=\"https:\/\/www.bellunopress.it\/wp-content\/uploads\/2025\/12\/Hydro-Feltre.jpg\" \/>\n\t<meta property=\"og:image:width\" content=\"600\" \/>\n\t<meta property=\"og:image:height\" content=\"338\" \/>\n\t<meta property=\"og:image:type\" content=\"image\/jpeg\" \/>\n<meta name=\"author\" content=\"redazione\" \/>\n<meta name=\"twitter:card\" content=\"summary_large_image\" \/>\n<meta name=\"twitter:creator\" content=\"@bellunopress\" \/>\n<meta name=\"twitter:site\" content=\"@bellunopress\" \/>\n<meta name=\"twitter:label1\" content=\"\u00c9crit par\" \/>\n\t<meta name=\"twitter:data1\" content=\"redazione\" \/>\n\t<meta name=\"twitter:label2\" content=\"Dur\u00e9e de lecture estim\u00e9e\" \/>\n\t<meta name=\"twitter:data2\" content=\"2 minutes\" \/>\n<script type=\"application\/ld+json\" class=\"yoast-schema-graph\">{\"@context\":\"https:\\\/\\\/schema.org\",\"@graph\":[{\"@type\":\"Article\",\"@id\":\"https:\\\/\\\/www.bellunopress.it\\\/2026\\\/02\\\/17\\\/hydro-feltre-e-muro-contro-muro-riparte-il-presidio-ai-cancelli-contro-lo-svuotamento-del-sito\\\/#article\",\"isPartOf\":{\"@id\":\"https:\\\/\\\/www.bellunopress.it\\\/2026\\\/02\\\/17\\\/hydro-feltre-e-muro-contro-muro-riparte-il-presidio-ai-cancelli-contro-lo-svuotamento-del-sito\\\/\"},\"author\":{\"name\":\"redazione\",\"@id\":\"https:\\\/\\\/www.bellunopress.it\\\/#\\\/schema\\\/person\\\/79bb06722b37ece1c03d3e94beb30d73\"},\"headline\":\"Hydro Feltre, \u00e8 muro contro muro: riparte il presidio ai cancelli contro lo &#8220;svuotamento&#8221; del sito\",\"datePublished\":\"2026-02-17T14:14:29+00:00\",\"dateModified\":\"2026-02-17T14:16:40+00:00\",\"mainEntityOfPage\":{\"@id\":\"https:\\\/\\\/www.bellunopress.it\\\/2026\\\/02\\\/17\\\/hydro-feltre-e-muro-contro-muro-riparte-il-presidio-ai-cancelli-contro-lo-svuotamento-del-sito\\\/\"},\"wordCount\":463,\"publisher\":{\"@id\":\"https:\\\/\\\/www.bellunopress.it\\\/#organization\"},\"image\":{\"@id\":\"https:\\\/\\\/www.bellunopress.it\\\/2026\\\/02\\\/17\\\/hydro-feltre-e-muro-contro-muro-riparte-il-presidio-ai-cancelli-contro-lo-svuotamento-del-sito\\\/#primaryimage\"},\"thumbnailUrl\":\"https:\\\/\\\/www.bellunopress.it\\\/wp-content\\\/uploads\\\/2025\\\/12\\\/Hydro-Feltre.jpg\",\"articleSection\":[\"Cronaca\\\/Politica\",\"Lavoro, Economia, Turismo\",\"Prima Pagina\"],\"inLanguage\":\"fr-FR\"},{\"@type\":\"WebPage\",\"@id\":\"https:\\\/\\\/www.bellunopress.it\\\/2026\\\/02\\\/17\\\/hydro-feltre-e-muro-contro-muro-riparte-il-presidio-ai-cancelli-contro-lo-svuotamento-del-sito\\\/\",\"url\":\"https:\\\/\\\/www.bellunopress.it\\\/2026\\\/02\\\/17\\\/hydro-feltre-e-muro-contro-muro-riparte-il-presidio-ai-cancelli-contro-lo-svuotamento-del-sito\\\/\",\"name\":\"Hydro Feltre, \u00e8 muro contro muro: riparte il presidio ai cancelli contro lo \\\"svuotamento\\\" del sito - Bellunopress - Dolomiti\",\"isPartOf\":{\"@id\":\"https:\\\/\\\/www.bellunopress.it\\\/#website\"},\"primaryImageOfPage\":{\"@id\":\"https:\\\/\\\/www.bellunopress.it\\\/2026\\\/02\\\/17\\\/hydro-feltre-e-muro-contro-muro-riparte-il-presidio-ai-cancelli-contro-lo-svuotamento-del-sito\\\/#primaryimage\"},\"image\":{\"@id\":\"https:\\\/\\\/www.bellunopress.it\\\/2026\\\/02\\\/17\\\/hydro-feltre-e-muro-contro-muro-riparte-il-presidio-ai-cancelli-contro-lo-svuotamento-del-sito\\\/#primaryimage\"},\"thumbnailUrl\":\"https:\\\/\\\/www.bellunopress.it\\\/wp-content\\\/uploads\\\/2025\\\/12\\\/Hydro-Feltre.jpg\",\"datePublished\":\"2026-02-17T14:14:29+00:00\",\"dateModified\":\"2026-02-17T14:16:40+00:00\",\"breadcrumb\":{\"@id\":\"https:\\\/\\\/www.bellunopress.it\\\/2026\\\/02\\\/17\\\/hydro-feltre-e-muro-contro-muro-riparte-il-presidio-ai-cancelli-contro-lo-svuotamento-del-sito\\\/#breadcrumb\"},\"inLanguage\":\"fr-FR\",\"potentialAction\":[{\"@type\":\"ReadAction\",\"target\":[\"https:\\\/\\\/www.bellunopress.it\\\/2026\\\/02\\\/17\\\/hydro-feltre-e-muro-contro-muro-riparte-il-presidio-ai-cancelli-contro-lo-svuotamento-del-sito\\\/\"]}]},{\"@type\":\"ImageObject\",\"inLanguage\":\"fr-FR\",\"@id\":\"https:\\\/\\\/www.bellunopress.it\\\/2026\\\/02\\\/17\\\/hydro-feltre-e-muro-contro-muro-riparte-il-presidio-ai-cancelli-contro-lo-svuotamento-del-sito\\\/#primaryimage\",\"url\":\"https:\\\/\\\/www.bellunopress.it\\\/wp-content\\\/uploads\\\/2025\\\/12\\\/Hydro-Feltre.jpg\",\"contentUrl\":\"https:\\\/\\\/www.bellunopress.it\\\/wp-content\\\/uploads\\\/2025\\\/12\\\/Hydro-Feltre.jpg\",\"width\":600,\"height\":338,\"caption\":\"Stabilimento Hydro Feltre\"},{\"@type\":\"BreadcrumbList\",\"@id\":\"https:\\\/\\\/www.bellunopress.it\\\/2026\\\/02\\\/17\\\/hydro-feltre-e-muro-contro-muro-riparte-il-presidio-ai-cancelli-contro-lo-svuotamento-del-sito\\\/#breadcrumb\",\"itemListElement\":[{\"@type\":\"ListItem\",\"position\":1,\"name\":\"Home\",\"item\":\"https:\\\/\\\/www.bellunopress.it\\\/\"},{\"@type\":\"ListItem\",\"position\":2,\"name\":\"Hydro Feltre, \u00e8 muro contro muro: riparte il presidio ai cancelli contro lo &#8220;svuotamento&#8221; del sito\"}]},{\"@type\":\"WebSite\",\"@id\":\"https:\\\/\\\/www.bellunopress.it\\\/#website\",\"url\":\"https:\\\/\\\/www.bellunopress.it\\\/\",\"name\":\"Bellunopress - Dolomiti\",\"description\":\"e-mail: redazione@bellunopress.it\",\"publisher\":{\"@id\":\"https:\\\/\\\/www.bellunopress.it\\\/#organization\"},\"potentialAction\":[{\"@type\":\"SearchAction\",\"target\":{\"@type\":\"EntryPoint\",\"urlTemplate\":\"https:\\\/\\\/www.bellunopress.it\\\/?s={search_term_string}\"},\"query-input\":{\"@type\":\"PropertyValueSpecification\",\"valueRequired\":true,\"valueName\":\"search_term_string\"}}],\"inLanguage\":\"fr-FR\"},{\"@type\":\"Organization\",\"@id\":\"https:\\\/\\\/www.bellunopress.it\\\/#organization\",\"name\":\"Bellunopress\",\"url\":\"https:\\\/\\\/www.bellunopress.it\\\/\",\"logo\":{\"@type\":\"ImageObject\",\"inLanguage\":\"fr-FR\",\"@id\":\"https:\\\/\\\/www.bellunopress.it\\\/#\\\/schema\\\/logo\\\/image\\\/\",\"url\":\"https:\\\/\\\/www.bellunopress.it\\\/wp-content\\\/uploads\\\/2011\\\/05\\\/cropped-logo-bellunopress-.jpg\",\"contentUrl\":\"https:\\\/\\\/www.bellunopress.it\\\/wp-content\\\/uploads\\\/2011\\\/05\\\/cropped-logo-bellunopress-.jpg\",\"width\":512,\"height\":512,\"caption\":\"Bellunopress\"},\"image\":{\"@id\":\"https:\\\/\\\/www.bellunopress.it\\\/#\\\/schema\\\/logo\\\/image\\\/\"},\"sameAs\":[\"https:\\\/\\\/www.facebook.com\\\/profile.php?id=100008943462799\",\"https:\\\/\\\/x.com\\\/bellunopress\",\"https:\\\/\\\/www.linkedin.com\\\/hp\\\/?dnr=JBzUWaJfMUw8vbXJJ2tVW5-I3jZKvC4wsoxE&amp;amp;amp;amp;amp;amp;trk=nav_responsive_tab_home\",\"https:\\\/\\\/www.youtube.com\\\/channel\\\/UCxL0wu1uN0_3_7hGG0306cw\"]},{\"@type\":\"Person\",\"@id\":\"https:\\\/\\\/www.bellunopress.it\\\/#\\\/schema\\\/person\\\/79bb06722b37ece1c03d3e94beb30d73\",\"name\":\"redazione\",\"image\":{\"@type\":\"ImageObject\",\"inLanguage\":\"fr-FR\",\"@id\":\"https:\\\/\\\/secure.gravatar.com\\\/avatar\\\/37d968a2e67a6fd04c169c4bdef102d0bc5d31b2546345219e348575eb80e9a0?s=96&d=mm&r=g\",\"url\":\"https:\\\/\\\/secure.gravatar.com\\\/avatar\\\/37d968a2e67a6fd04c169c4bdef102d0bc5d31b2546345219e348575eb80e9a0?s=96&d=mm&r=g\",\"contentUrl\":\"https:\\\/\\\/secure.gravatar.com\\\/avatar\\\/37d968a2e67a6fd04c169c4bdef102d0bc5d31b2546345219e348575eb80e9a0?s=96&d=mm&r=g\",\"caption\":\"redazione\"},\"sameAs\":[\"http:\\\/\\\/www.bellunopress.it\",\"https:\\\/\\\/x.com\\\/bellunopress\"],\"url\":\"https:\\\/\\\/www.bellunopress.it\\\/fr\\\/author\\\/redazione\\\/\"}]}<\/script>\n<!-- \/ Yoast SEO plugin. -->","yoast_head_json":{"title":"Hydro Feltre, \u00e8 muro contro muro: riparte il presidio ai cancelli contro lo \"svuotamento\" del sito - Bellunopress - Dolomiti","robots":{"index":"index","follow":"follow","max-snippet":"max-snippet:-1","max-image-preview":"max-image-preview:large","max-video-preview":"max-video-preview:-1"},"canonical":"https:\/\/www.bellunopress.it\/fr\/2026\/02\/17\/hydro-feltre-e-muro-contro-muro-riparte-il-presidio-ai-cancelli-contro-lo-svuotamento-del-sito\/","og_locale":"fr_FR","og_type":"article","og_title":"Hydro Feltre, \u00e8 muro contro muro: riparte il presidio ai cancelli contro lo \"svuotamento\" del sito - Bellunopress - Dolomiti","og_description":"Tensione altissima nello stabilimento feltrino. Sindacati e lavoratori bloccano l&#8217;uscita delle matrici: \u00abL&#8217;azienda vuole smantellare\u00bb. Il sindaco Fusaro attacca la multinazionale: \u00abAtteggiamento sconcertante\u00bb. Feltre, 17\/02\/2026 &#8211; La tregua \u00e8 finita. Davanti ai cancelli della Hydro di Feltre \u00e8 tornato il presidio permanente. Lavoratori e sindacati hanno deciso di rialzare le barricate dopo che l&#8217;ultimo incontro [&hellip;]","og_url":"https:\/\/www.bellunopress.it\/fr\/2026\/02\/17\/hydro-feltre-e-muro-contro-muro-riparte-il-presidio-ai-cancelli-contro-lo-svuotamento-del-sito\/","og_site_name":"Bellunopress - Dolomiti","article_publisher":"https:\/\/www.facebook.com\/profile.php?id=100008943462799","article_published_time":"2026-02-17T14:14:29+00:00","article_modified_time":"2026-02-17T14:16:40+00:00","og_image":[{"width":600,"height":338,"url":"https:\/\/www.bellunopress.it\/wp-content\/uploads\/2025\/12\/Hydro-Feltre.jpg","type":"image\/jpeg"}],"author":"redazione","twitter_card":"summary_large_image","twitter_creator":"@bellunopress","twitter_site":"@bellunopress","twitter_misc":{"\u00c9crit par":"redazione","Dur\u00e9e de lecture estim\u00e9e":"2 minutes"},"schema":{"@context":"https:\/\/schema.org","@graph":[{"@type":"Article","@id":"https:\/\/www.bellunopress.it\/2026\/02\/17\/hydro-feltre-e-muro-contro-muro-riparte-il-presidio-ai-cancelli-contro-lo-svuotamento-del-sito\/#article","isPartOf":{"@id":"https:\/\/www.bellunopress.it\/2026\/02\/17\/hydro-feltre-e-muro-contro-muro-riparte-il-presidio-ai-cancelli-contro-lo-svuotamento-del-sito\/"},"author":{"name":"redazione","@id":"https:\/\/www.bellunopress.it\/#\/schema\/person\/79bb06722b37ece1c03d3e94beb30d73"},"headline":"Hydro Feltre, \u00e8 muro contro muro: riparte il presidio ai cancelli contro lo &#8220;svuotamento&#8221; del sito","datePublished":"2026-02-17T14:14:29+00:00","dateModified":"2026-02-17T14:16:40+00:00","mainEntityOfPage":{"@id":"https:\/\/www.bellunopress.it\/2026\/02\/17\/hydro-feltre-e-muro-contro-muro-riparte-il-presidio-ai-cancelli-contro-lo-svuotamento-del-sito\/"},"wordCount":463,"publisher":{"@id":"https:\/\/www.bellunopress.it\/#organization"},"image":{"@id":"https:\/\/www.bellunopress.it\/2026\/02\/17\/hydro-feltre-e-muro-contro-muro-riparte-il-presidio-ai-cancelli-contro-lo-svuotamento-del-sito\/#primaryimage"},"thumbnailUrl":"https:\/\/www.bellunopress.it\/wp-content\/uploads\/2025\/12\/Hydro-Feltre.jpg","articleSection":["Cronaca\/Politica","Lavoro, Economia, Turismo","Prima Pagina"],"inLanguage":"fr-FR"},{"@type":"WebPage","@id":"https:\/\/www.bellunopress.it\/2026\/02\/17\/hydro-feltre-e-muro-contro-muro-riparte-il-presidio-ai-cancelli-contro-lo-svuotamento-del-sito\/","url":"https:\/\/www.bellunopress.it\/2026\/02\/17\/hydro-feltre-e-muro-contro-muro-riparte-il-presidio-ai-cancelli-contro-lo-svuotamento-del-sito\/","name":"Hydro Feltre, \u00e8 muro contro muro: riparte il presidio ai cancelli contro lo \"svuotamento\" del sito - Bellunopress - Dolomiti","isPartOf":{"@id":"https:\/\/www.bellunopress.it\/#website"},"primaryImageOfPage":{"@id":"https:\/\/www.bellunopress.it\/2026\/02\/17\/hydro-feltre-e-muro-contro-muro-riparte-il-presidio-ai-cancelli-contro-lo-svuotamento-del-sito\/#primaryimage"},"image":{"@id":"https:\/\/www.bellunopress.it\/2026\/02\/17\/hydro-feltre-e-muro-contro-muro-riparte-il-presidio-ai-cancelli-contro-lo-svuotamento-del-sito\/#primaryimage"},"thumbnailUrl":"https:\/\/www.bellunopress.it\/wp-content\/uploads\/2025\/12\/Hydro-Feltre.jpg","datePublished":"2026-02-17T14:14:29+00:00","dateModified":"2026-02-17T14:16:40+00:00","breadcrumb":{"@id":"https:\/\/www.bellunopress.it\/2026\/02\/17\/hydro-feltre-e-muro-contro-muro-riparte-il-presidio-ai-cancelli-contro-lo-svuotamento-del-sito\/#breadcrumb"},"inLanguage":"fr-FR","potentialAction":[{"@type":"ReadAction","target":["https:\/\/www.bellunopress.it\/2026\/02\/17\/hydro-feltre-e-muro-contro-muro-riparte-il-presidio-ai-cancelli-contro-lo-svuotamento-del-sito\/"]}]},{"@type":"ImageObject","inLanguage":"fr-FR","@id":"https:\/\/www.bellunopress.it\/2026\/02\/17\/hydro-feltre-e-muro-contro-muro-riparte-il-presidio-ai-cancelli-contro-lo-svuotamento-del-sito\/#primaryimage","url":"https:\/\/www.bellunopress.it\/wp-content\/uploads\/2025\/12\/Hydro-Feltre.jpg","contentUrl":"https:\/\/www.bellunopress.it\/wp-content\/uploads\/2025\/12\/Hydro-Feltre.jpg","width":600,"height":338,"caption":"Stabilimento Hydro Feltre"},{"@type":"BreadcrumbList","@id":"https:\/\/www.bellunopress.it\/2026\/02\/17\/hydro-feltre-e-muro-contro-muro-riparte-il-presidio-ai-cancelli-contro-lo-svuotamento-del-sito\/#breadcrumb","itemListElement":[{"@type":"ListItem","position":1,"name":"Home","item":"https:\/\/www.bellunopress.it\/"},{"@type":"ListItem","position":2,"name":"Hydro Feltre, \u00e8 muro contro muro: riparte il presidio ai cancelli contro lo &#8220;svuotamento&#8221; del sito"}]},{"@type":"WebSite","@id":"https:\/\/www.bellunopress.it\/#website","url":"https:\/\/www.bellunopress.it\/","name":"Bellunopress - Dolomiti","description":"e-mail: redazione@bellunopress.it","publisher":{"@id":"https:\/\/www.bellunopress.it\/#organization"},"potentialAction":[{"@type":"SearchAction","target":{"@type":"EntryPoint","urlTemplate":"https:\/\/www.bellunopress.it\/?s={search_term_string}"},"query-input":{"@type":"PropertyValueSpecification","valueRequired":true,"valueName":"search_term_string"}}],"inLanguage":"fr-FR"},{"@type":"Organization","@id":"https:\/\/www.bellunopress.it\/#organization","name":"Bellunopress","url":"https:\/\/www.bellunopress.it\/","logo":{"@type":"ImageObject","inLanguage":"fr-FR","@id":"https:\/\/www.bellunopress.it\/#\/schema\/logo\/image\/","url":"https:\/\/www.bellunopress.it\/wp-content\/uploads\/2011\/05\/cropped-logo-bellunopress-.jpg","contentUrl":"https:\/\/www.bellunopress.it\/wp-content\/uploads\/2011\/05\/cropped-logo-bellunopress-.jpg","width":512,"height":512,"caption":"Bellunopress"},"image":{"@id":"https:\/\/www.bellunopress.it\/#\/schema\/logo\/image\/"},"sameAs":["https:\/\/www.facebook.com\/profile.php?id=100008943462799","https:\/\/x.com\/bellunopress","https:\/\/www.linkedin.com\/hp\/?dnr=JBzUWaJfMUw8vbXJJ2tVW5-I3jZKvC4wsoxE&amp;amp;amp;amp;amp;amp;trk=nav_responsive_tab_home","https:\/\/www.youtube.com\/channel\/UCxL0wu1uN0_3_7hGG0306cw"]},{"@type":"Person","@id":"https:\/\/www.bellunopress.it\/#\/schema\/person\/79bb06722b37ece1c03d3e94beb30d73","name":"r\u00e9daction","image":{"@type":"ImageObject","inLanguage":"fr-FR","@id":"https:\/\/secure.gravatar.com\/avatar\/37d968a2e67a6fd04c169c4bdef102d0bc5d31b2546345219e348575eb80e9a0?s=96&d=mm&r=g","url":"https:\/\/secure.gravatar.com\/avatar\/37d968a2e67a6fd04c169c4bdef102d0bc5d31b2546345219e348575eb80e9a0?s=96&d=mm&r=g","contentUrl":"https:\/\/secure.gravatar.com\/avatar\/37d968a2e67a6fd04c169c4bdef102d0bc5d31b2546345219e348575eb80e9a0?s=96&d=mm&r=g","caption":"redazione"},"sameAs":["http:\/\/www.bellunopress.it","https:\/\/x.com\/bellunopress"],"url":"https:\/\/www.bellunopress.it\/fr\/author\/redazione\/"}]}},"_links":{"self":[{"href":"https:\/\/www.bellunopress.it\/fr\/wp-json\/wp\/v2\/posts\/167524","targetHints":{"allow":["GET"]}}],"collection":[{"href":"https:\/\/www.bellunopress.it\/fr\/wp-json\/wp\/v2\/posts"}],"about":[{"href":"https:\/\/www.bellunopress.it\/fr\/wp-json\/wp\/v2\/types\/post"}],"author":[{"embeddable":true,"href":"https:\/\/www.bellunopress.it\/fr\/wp-json\/wp\/v2\/users\/2"}],"replies":[{"embeddable":true,"href":"https:\/\/www.bellunopress.it\/fr\/wp-json\/wp\/v2\/comments?post=167524"}],"version-history":[{"count":3,"href":"https:\/\/www.bellunopress.it\/fr\/wp-json\/wp\/v2\/posts\/167524\/revisions"}],"predecessor-version":[{"id":167528,"href":"https:\/\/www.bellunopress.it\/fr\/wp-json\/wp\/v2\/posts\/167524\/revisions\/167528"}],"wp:featuredmedia":[{"embeddable":true,"href":"https:\/\/www.bellunopress.it\/fr\/wp-json\/wp\/v2\/media\/165987"}],"wp:attachment":[{"href":"https:\/\/www.bellunopress.it\/fr\/wp-json\/wp\/v2\/media?parent=167524"}],"wp:term":[{"taxonomy":"category","embeddable":true,"href":"https:\/\/www.bellunopress.it\/fr\/wp-json\/wp\/v2\/categories?post=167524"},{"taxonomy":"post_tag","embeddable":true,"href":"https:\/\/www.bellunopress.it\/fr\/wp-json\/wp\/v2\/tags?post=167524"}],"curies":[{"name":"wp","href":"https:\/\/api.w.org\/{rel}","templated":true}]}}