{"id":167521,"date":"2026-02-17T12:40:47","date_gmt":"2026-02-17T11:40:47","guid":{"rendered":"https:\/\/www.bellunopress.it\/?p=167521"},"modified":"2026-02-17T12:40:47","modified_gmt":"2026-02-17T11:40:47","slug":"elezioni-presidente-della-provincia-la-lista-futura-centrosinistra-candida-nicola-vieceli-sindaco-di-san-gregorio-nelle-alpi","status":"publish","type":"post","link":"https:\/\/www.bellunopress.it\/fr\/2026\/02\/17\/elezioni-presidente-della-provincia-la-lista-futura-centrosinistra-candida-nicola-vieceli-sindaco-di-san-gregorio-nelle-alpi\/","title":{"rendered":"Elezioni presidente della Provincia. La lista Futura-Centrosinistra candida Nicola Vieceli, sindaco di San Gregorio nelle Alpi"},"content":{"rendered":"<p>Belluno 17\/02\/2026 &#8211; In vista delle elezioni per il Presidente della Provincia del prossimo 18 marzo, la lista Futura \u2013 Centrosinistra Bellunese annuncia la candidatura di Nicola Vieceli, sindaco di San Gregorio nelle Alpi e consigliere provinciale uscente.<br \/>\nCon questa scelta, Futura intende dare continuit\u00e0 all\u2019esperienza positiva avviata nel 2024, quando si vot\u00f2 per il solo Consiglio provinciale. Da allora il ruolo del gruppo \u00e8 stato determinante, pur dai banchi dell\u2019opposizione, nelle principali partite che hanno segnato la vita politica della provincia, dalle battaglie sul Vanoi a quelle sui trasporti e sulle grandi questioni strategiche del territorio.<\/p>\n<p>\u00ab\u00c8 senza dubbio una situazione particolare \u2013 dichiara Nicola Vieceli \u2013 che di fatto produrr\u00e0 una tornata elettorale lunga tre mesi\u00bb. A causa delle divisioni interne al centrodestra, infatti, non si \u00e8 potuto votare contestualmente per il Presidente e per il Consiglio provinciale, che verr\u00e0 rinnovato entro il 16 giugno.<\/p>\n<p>\u00abNoi vogliamo proporre un grande rilancio del progetto di Futura \u2013 prosegue Vieceli \u2013 e ci impegniamo fin d\u2019ora a presentare non solo il candidato presidente entro il 18 marzo, ma l\u2019intera lista. Vogliamo per\u00f2 fare molto di pi\u00f9: non rivolgerci soltanto agli amministratori locali, che costituiscono il corpo elettorale in questa elezione di secondo grado, ma parlare a tutta la comunit\u00e0 bellunese\u00bb.<\/p>\n<p>Nei prossimi mesi Futura promuover\u00e0 una serie di incontri programmatici aperti al territorio, in cui verranno presentate idee e proposte per il futuro della provincia. Al centro del confronto ci saranno i temi del post-Olimpiadi, del trasporto pubblico locale e della grande sfida dell\u2019acqua e dell\u2019energia, a partire dall\u2019imminente gara per le concessioni idroelettriche.<br \/>\n\u00abNon partiamo certo da zero perch\u00e9 gi\u00e0 nel 2024 Futura fu l&#8217;unico gruppo a presentare un programma sulla provincia. Lavoreremo ora per rafforzarlo e aggiornarlo e siamo sicuri che costruiremo con l&#8217;aiuto di molti una base programmatica nella quale \u2013 conclude Vieceli \u2013 potranno riconoscersi non solo amministratori e amministratrici, ma tutti i cittadini che vorranno partecipare alla gestione della cosa pubblica\u00bb.<\/p>\n<p>La scelta di presentare un candidato alla Presidenza pur in una situazione numerica sfavorevole \u00e8 una decisione consapevole e responsabile. Prima di oggi non era mai accaduto che chi, sulla carta, non disponeva dei numeri per eleggere il Presidente decidesse comunque di scendere in campo. Ma quella che stiamo vivendo \u00e8 una fase nuova per il centrosinistra bellunese.<br \/>\nIl risultato delle ultime elezioni regionali, con l\u2019elezione di un consigliere regionale di centrosinistra dopo quindici anni, ha confermato la bont\u00e0 del percorso avviato nel 2024 con Futura. Un percorso che ha saputo mettere insieme esperienze civiche, amministrative e partitiche in un progetto unitario.<br \/>\nFutura \u2013 Centrosinistra Bellunese intende ora consolidare e rafforzare questa prospettiva, offrendo una visione chiara per il futuro della provincia. \u00c8 evidente che in questo percorso molto incideranno anche le elezioni amministrative del prossimo anno, che vedranno al voto, tra gli altri, anche il Comune capoluogo.<br \/>\nPer questo la candidatura di Nicola Vieceli non \u00e8 solo una proposta per il 18 marzo, ma una tappa fondamentale di un percorso pi\u00f9 ampio e strutturato che vuole coinvolgere un\u2019intera comunit\u00e0 politica.<\/p>","protected":false},"excerpt":{"rendered":"<p>Belluno 17\/02\/2026 &#8211; In vista delle elezioni per il Presidente della Provincia del prossimo 18 marzo, la lista Futura \u2013 Centrosinistra Bellunese annuncia la candidatura di Nicola Vieceli, sindaco di San Gregorio nelle Alpi e consigliere provinciale uscente. Con questa scelta, Futura intende dare continuit\u00e0 all\u2019esperienza positiva avviata nel 2024, quando si vot\u00f2 per il [&hellip;]<\/p>\n","protected":false},"author":2,"featured_media":167522,"comment_status":"closed","ping_status":"open","sticky":false,"template":"","format":"standard","meta":{"footnotes":""},"categories":[5,3446,26],"tags":[],"class_list":["post-167521","post","type-post","status-publish","format-standard","has-post-thumbnail","category-cronaca","category-featured","category-prima-pagina"],"yoast_head":"<!-- This site is optimized with the Yoast SEO plugin v28.4 - https:\/\/yoast.com\/product\/yoast-seo-wordpress\/ -->\n<title>Elezioni presidente della Provincia. La lista Futura-Centrosinistra candida Nicola Vieceli, sindaco di San Gregorio nelle Alpi - Bellunopress - Dolomiti<\/title>\n<meta name=\"robots\" content=\"index, follow, max-snippet:-1, max-image-preview:large, max-video-preview:-1\" \/>\n<link rel=\"canonical\" href=\"https:\/\/www.bellunopress.it\/fr\/2026\/02\/17\/elezioni-presidente-della-provincia-la-lista-futura-centrosinistra-candida-nicola-vieceli-sindaco-di-san-gregorio-nelle-alpi\/\" \/>\n<meta property=\"og:locale\" content=\"fr_FR\" \/>\n<meta property=\"og:type\" content=\"article\" \/>\n<meta property=\"og:title\" content=\"Elezioni presidente della Provincia. La lista Futura-Centrosinistra candida Nicola Vieceli, sindaco di San Gregorio nelle Alpi - Bellunopress - Dolomiti\" \/>\n<meta property=\"og:description\" content=\"Belluno 17\/02\/2026 &#8211; In vista delle elezioni per il Presidente della Provincia del prossimo 18 marzo, la lista Futura \u2013 Centrosinistra Bellunese annuncia la candidatura di Nicola Vieceli, sindaco di San Gregorio nelle Alpi e consigliere provinciale uscente. Con questa scelta, Futura intende dare continuit\u00e0 all\u2019esperienza positiva avviata nel 2024, quando si vot\u00f2 per il [&hellip;]\" \/>\n<meta property=\"og:url\" content=\"https:\/\/www.bellunopress.it\/fr\/2026\/02\/17\/elezioni-presidente-della-provincia-la-lista-futura-centrosinistra-candida-nicola-vieceli-sindaco-di-san-gregorio-nelle-alpi\/\" \/>\n<meta property=\"og:site_name\" content=\"Bellunopress - Dolomiti\" \/>\n<meta property=\"article:publisher\" content=\"https:\/\/www.facebook.com\/profile.php?id=100008943462799\" \/>\n<meta property=\"article:published_time\" content=\"2026-02-17T11:40:47+00:00\" \/>\n<meta property=\"og:image\" content=\"https:\/\/www.bellunopress.it\/wp-content\/uploads\/2026\/02\/Nicola-Vieceli-sindaco-San-Gregorio.jpg\" \/>\n\t<meta property=\"og:image:width\" content=\"568\" \/>\n\t<meta property=\"og:image:height\" content=\"564\" \/>\n\t<meta property=\"og:image:type\" content=\"image\/jpeg\" \/>\n<meta name=\"author\" content=\"redazione\" \/>\n<meta name=\"twitter:card\" content=\"summary_large_image\" \/>\n<meta name=\"twitter:creator\" content=\"@bellunopress\" \/>\n<meta name=\"twitter:site\" content=\"@bellunopress\" \/>\n<meta name=\"twitter:label1\" content=\"\u00c9crit par\" \/>\n\t<meta name=\"twitter:data1\" content=\"redazione\" \/>\n\t<meta name=\"twitter:label2\" content=\"Dur\u00e9e de lecture estim\u00e9e\" \/>\n\t<meta name=\"twitter:data2\" content=\"2 minutes\" \/>\n<script type=\"application\/ld+json\" class=\"yoast-schema-graph\">{\"@context\":\"https:\\\/\\\/schema.org\",\"@graph\":[{\"@type\":\"Article\",\"@id\":\"https:\\\/\\\/www.bellunopress.it\\\/2026\\\/02\\\/17\\\/elezioni-presidente-della-provincia-la-lista-futura-centrosinistra-candida-nicola-vieceli-sindaco-di-san-gregorio-nelle-alpi\\\/#article\",\"isPartOf\":{\"@id\":\"https:\\\/\\\/www.bellunopress.it\\\/2026\\\/02\\\/17\\\/elezioni-presidente-della-provincia-la-lista-futura-centrosinistra-candida-nicola-vieceli-sindaco-di-san-gregorio-nelle-alpi\\\/\"},\"author\":{\"name\":\"redazione\",\"@id\":\"https:\\\/\\\/www.bellunopress.it\\\/#\\\/schema\\\/person\\\/79bb06722b37ece1c03d3e94beb30d73\"},\"headline\":\"Elezioni presidente della Provincia. La lista Futura-Centrosinistra candida Nicola Vieceli, sindaco di San Gregorio nelle Alpi\",\"datePublished\":\"2026-02-17T11:40:47+00:00\",\"mainEntityOfPage\":{\"@id\":\"https:\\\/\\\/www.bellunopress.it\\\/2026\\\/02\\\/17\\\/elezioni-presidente-della-provincia-la-lista-futura-centrosinistra-candida-nicola-vieceli-sindaco-di-san-gregorio-nelle-alpi\\\/\"},\"wordCount\":511,\"publisher\":{\"@id\":\"https:\\\/\\\/www.bellunopress.it\\\/#organization\"},\"image\":{\"@id\":\"https:\\\/\\\/www.bellunopress.it\\\/2026\\\/02\\\/17\\\/elezioni-presidente-della-provincia-la-lista-futura-centrosinistra-candida-nicola-vieceli-sindaco-di-san-gregorio-nelle-alpi\\\/#primaryimage\"},\"thumbnailUrl\":\"https:\\\/\\\/www.bellunopress.it\\\/wp-content\\\/uploads\\\/2026\\\/02\\\/Nicola-Vieceli-sindaco-San-Gregorio.jpg\",\"articleSection\":[\"Cronaca\\\/Politica\",\"Featured\",\"Prima Pagina\"],\"inLanguage\":\"fr-FR\"},{\"@type\":\"WebPage\",\"@id\":\"https:\\\/\\\/www.bellunopress.it\\\/2026\\\/02\\\/17\\\/elezioni-presidente-della-provincia-la-lista-futura-centrosinistra-candida-nicola-vieceli-sindaco-di-san-gregorio-nelle-alpi\\\/\",\"url\":\"https:\\\/\\\/www.bellunopress.it\\\/2026\\\/02\\\/17\\\/elezioni-presidente-della-provincia-la-lista-futura-centrosinistra-candida-nicola-vieceli-sindaco-di-san-gregorio-nelle-alpi\\\/\",\"name\":\"Elezioni presidente della Provincia. La lista Futura-Centrosinistra candida Nicola Vieceli, sindaco di San Gregorio nelle Alpi - Bellunopress - Dolomiti\",\"isPartOf\":{\"@id\":\"https:\\\/\\\/www.bellunopress.it\\\/#website\"},\"primaryImageOfPage\":{\"@id\":\"https:\\\/\\\/www.bellunopress.it\\\/2026\\\/02\\\/17\\\/elezioni-presidente-della-provincia-la-lista-futura-centrosinistra-candida-nicola-vieceli-sindaco-di-san-gregorio-nelle-alpi\\\/#primaryimage\"},\"image\":{\"@id\":\"https:\\\/\\\/www.bellunopress.it\\\/2026\\\/02\\\/17\\\/elezioni-presidente-della-provincia-la-lista-futura-centrosinistra-candida-nicola-vieceli-sindaco-di-san-gregorio-nelle-alpi\\\/#primaryimage\"},\"thumbnailUrl\":\"https:\\\/\\\/www.bellunopress.it\\\/wp-content\\\/uploads\\\/2026\\\/02\\\/Nicola-Vieceli-sindaco-San-Gregorio.jpg\",\"datePublished\":\"2026-02-17T11:40:47+00:00\",\"breadcrumb\":{\"@id\":\"https:\\\/\\\/www.bellunopress.it\\\/2026\\\/02\\\/17\\\/elezioni-presidente-della-provincia-la-lista-futura-centrosinistra-candida-nicola-vieceli-sindaco-di-san-gregorio-nelle-alpi\\\/#breadcrumb\"},\"inLanguage\":\"fr-FR\",\"potentialAction\":[{\"@type\":\"ReadAction\",\"target\":[\"https:\\\/\\\/www.bellunopress.it\\\/2026\\\/02\\\/17\\\/elezioni-presidente-della-provincia-la-lista-futura-centrosinistra-candida-nicola-vieceli-sindaco-di-san-gregorio-nelle-alpi\\\/\"]}]},{\"@type\":\"ImageObject\",\"inLanguage\":\"fr-FR\",\"@id\":\"https:\\\/\\\/www.bellunopress.it\\\/2026\\\/02\\\/17\\\/elezioni-presidente-della-provincia-la-lista-futura-centrosinistra-candida-nicola-vieceli-sindaco-di-san-gregorio-nelle-alpi\\\/#primaryimage\",\"url\":\"https:\\\/\\\/www.bellunopress.it\\\/wp-content\\\/uploads\\\/2026\\\/02\\\/Nicola-Vieceli-sindaco-San-Gregorio.jpg\",\"contentUrl\":\"https:\\\/\\\/www.bellunopress.it\\\/wp-content\\\/uploads\\\/2026\\\/02\\\/Nicola-Vieceli-sindaco-San-Gregorio.jpg\",\"width\":568,\"height\":564,\"caption\":\"Nicola Vieceli - Sindaco di San Gregorio nelle Alpi e consigliere provinciale\"},{\"@type\":\"BreadcrumbList\",\"@id\":\"https:\\\/\\\/www.bellunopress.it\\\/2026\\\/02\\\/17\\\/elezioni-presidente-della-provincia-la-lista-futura-centrosinistra-candida-nicola-vieceli-sindaco-di-san-gregorio-nelle-alpi\\\/#breadcrumb\",\"itemListElement\":[{\"@type\":\"ListItem\",\"position\":1,\"name\":\"Home\",\"item\":\"https:\\\/\\\/www.bellunopress.it\\\/\"},{\"@type\":\"ListItem\",\"position\":2,\"name\":\"Elezioni presidente della Provincia. La lista Futura-Centrosinistra candida Nicola Vieceli, sindaco di San Gregorio nelle Alpi\"}]},{\"@type\":\"WebSite\",\"@id\":\"https:\\\/\\\/www.bellunopress.it\\\/#website\",\"url\":\"https:\\\/\\\/www.bellunopress.it\\\/\",\"name\":\"Bellunopress - Dolomiti\",\"description\":\"e-mail: redazione@bellunopress.it\",\"publisher\":{\"@id\":\"https:\\\/\\\/www.bellunopress.it\\\/#organization\"},\"potentialAction\":[{\"@type\":\"SearchAction\",\"target\":{\"@type\":\"EntryPoint\",\"urlTemplate\":\"https:\\\/\\\/www.bellunopress.it\\\/?s={search_term_string}\"},\"query-input\":{\"@type\":\"PropertyValueSpecification\",\"valueRequired\":true,\"valueName\":\"search_term_string\"}}],\"inLanguage\":\"fr-FR\"},{\"@type\":\"Organization\",\"@id\":\"https:\\\/\\\/www.bellunopress.it\\\/#organization\",\"name\":\"Bellunopress\",\"url\":\"https:\\\/\\\/www.bellunopress.it\\\/\",\"logo\":{\"@type\":\"ImageObject\",\"inLanguage\":\"fr-FR\",\"@id\":\"https:\\\/\\\/www.bellunopress.it\\\/#\\\/schema\\\/logo\\\/image\\\/\",\"url\":\"https:\\\/\\\/www.bellunopress.it\\\/wp-content\\\/uploads\\\/2011\\\/05\\\/cropped-logo-bellunopress-.jpg\",\"contentUrl\":\"https:\\\/\\\/www.bellunopress.it\\\/wp-content\\\/uploads\\\/2011\\\/05\\\/cropped-logo-bellunopress-.jpg\",\"width\":512,\"height\":512,\"caption\":\"Bellunopress\"},\"image\":{\"@id\":\"https:\\\/\\\/www.bellunopress.it\\\/#\\\/schema\\\/logo\\\/image\\\/\"},\"sameAs\":[\"https:\\\/\\\/www.facebook.com\\\/profile.php?id=100008943462799\",\"https:\\\/\\\/x.com\\\/bellunopress\",\"https:\\\/\\\/www.linkedin.com\\\/hp\\\/?dnr=JBzUWaJfMUw8vbXJJ2tVW5-I3jZKvC4wsoxE&amp;amp;amp;amp;amp;amp;trk=nav_responsive_tab_home\",\"https:\\\/\\\/www.youtube.com\\\/channel\\\/UCxL0wu1uN0_3_7hGG0306cw\"]},{\"@type\":\"Person\",\"@id\":\"https:\\\/\\\/www.bellunopress.it\\\/#\\\/schema\\\/person\\\/79bb06722b37ece1c03d3e94beb30d73\",\"name\":\"redazione\",\"image\":{\"@type\":\"ImageObject\",\"inLanguage\":\"fr-FR\",\"@id\":\"https:\\\/\\\/secure.gravatar.com\\\/avatar\\\/37d968a2e67a6fd04c169c4bdef102d0bc5d31b2546345219e348575eb80e9a0?s=96&d=mm&r=g\",\"url\":\"https:\\\/\\\/secure.gravatar.com\\\/avatar\\\/37d968a2e67a6fd04c169c4bdef102d0bc5d31b2546345219e348575eb80e9a0?s=96&d=mm&r=g\",\"contentUrl\":\"https:\\\/\\\/secure.gravatar.com\\\/avatar\\\/37d968a2e67a6fd04c169c4bdef102d0bc5d31b2546345219e348575eb80e9a0?s=96&d=mm&r=g\",\"caption\":\"redazione\"},\"sameAs\":[\"http:\\\/\\\/www.bellunopress.it\",\"https:\\\/\\\/x.com\\\/bellunopress\"],\"url\":\"https:\\\/\\\/www.bellunopress.it\\\/fr\\\/author\\\/redazione\\\/\"}]}<\/script>\n<!-- \/ Yoast SEO plugin. -->","yoast_head_json":{"title":"Elezioni presidente della Provincia. La lista Futura-Centrosinistra candida Nicola Vieceli, sindaco di San Gregorio nelle Alpi - Bellunopress - Dolomiti","robots":{"index":"index","follow":"follow","max-snippet":"max-snippet:-1","max-image-preview":"max-image-preview:large","max-video-preview":"max-video-preview:-1"},"canonical":"https:\/\/www.bellunopress.it\/fr\/2026\/02\/17\/elezioni-presidente-della-provincia-la-lista-futura-centrosinistra-candida-nicola-vieceli-sindaco-di-san-gregorio-nelle-alpi\/","og_locale":"fr_FR","og_type":"article","og_title":"Elezioni presidente della Provincia. La lista Futura-Centrosinistra candida Nicola Vieceli, sindaco di San Gregorio nelle Alpi - Bellunopress - Dolomiti","og_description":"Belluno 17\/02\/2026 &#8211; In vista delle elezioni per il Presidente della Provincia del prossimo 18 marzo, la lista Futura \u2013 Centrosinistra Bellunese annuncia la candidatura di Nicola Vieceli, sindaco di San Gregorio nelle Alpi e consigliere provinciale uscente. Con questa scelta, Futura intende dare continuit\u00e0 all\u2019esperienza positiva avviata nel 2024, quando si vot\u00f2 per il [&hellip;]","og_url":"https:\/\/www.bellunopress.it\/fr\/2026\/02\/17\/elezioni-presidente-della-provincia-la-lista-futura-centrosinistra-candida-nicola-vieceli-sindaco-di-san-gregorio-nelle-alpi\/","og_site_name":"Bellunopress - Dolomiti","article_publisher":"https:\/\/www.facebook.com\/profile.php?id=100008943462799","article_published_time":"2026-02-17T11:40:47+00:00","og_image":[{"width":568,"height":564,"url":"https:\/\/www.bellunopress.it\/wp-content\/uploads\/2026\/02\/Nicola-Vieceli-sindaco-San-Gregorio.jpg","type":"image\/jpeg"}],"author":"redazione","twitter_card":"summary_large_image","twitter_creator":"@bellunopress","twitter_site":"@bellunopress","twitter_misc":{"\u00c9crit par":"redazione","Dur\u00e9e de lecture estim\u00e9e":"2 minutes"},"schema":{"@context":"https:\/\/schema.org","@graph":[{"@type":"Article","@id":"https:\/\/www.bellunopress.it\/2026\/02\/17\/elezioni-presidente-della-provincia-la-lista-futura-centrosinistra-candida-nicola-vieceli-sindaco-di-san-gregorio-nelle-alpi\/#article","isPartOf":{"@id":"https:\/\/www.bellunopress.it\/2026\/02\/17\/elezioni-presidente-della-provincia-la-lista-futura-centrosinistra-candida-nicola-vieceli-sindaco-di-san-gregorio-nelle-alpi\/"},"author":{"name":"redazione","@id":"https:\/\/www.bellunopress.it\/#\/schema\/person\/79bb06722b37ece1c03d3e94beb30d73"},"headline":"Elezioni presidente della Provincia. La lista Futura-Centrosinistra candida Nicola Vieceli, sindaco di San Gregorio nelle Alpi","datePublished":"2026-02-17T11:40:47+00:00","mainEntityOfPage":{"@id":"https:\/\/www.bellunopress.it\/2026\/02\/17\/elezioni-presidente-della-provincia-la-lista-futura-centrosinistra-candida-nicola-vieceli-sindaco-di-san-gregorio-nelle-alpi\/"},"wordCount":511,"publisher":{"@id":"https:\/\/www.bellunopress.it\/#organization"},"image":{"@id":"https:\/\/www.bellunopress.it\/2026\/02\/17\/elezioni-presidente-della-provincia-la-lista-futura-centrosinistra-candida-nicola-vieceli-sindaco-di-san-gregorio-nelle-alpi\/#primaryimage"},"thumbnailUrl":"https:\/\/www.bellunopress.it\/wp-content\/uploads\/2026\/02\/Nicola-Vieceli-sindaco-San-Gregorio.jpg","articleSection":["Cronaca\/Politica","Featured","Prima Pagina"],"inLanguage":"fr-FR"},{"@type":"WebPage","@id":"https:\/\/www.bellunopress.it\/2026\/02\/17\/elezioni-presidente-della-provincia-la-lista-futura-centrosinistra-candida-nicola-vieceli-sindaco-di-san-gregorio-nelle-alpi\/","url":"https:\/\/www.bellunopress.it\/2026\/02\/17\/elezioni-presidente-della-provincia-la-lista-futura-centrosinistra-candida-nicola-vieceli-sindaco-di-san-gregorio-nelle-alpi\/","name":"Elezioni presidente della Provincia. La lista Futura-Centrosinistra candida Nicola Vieceli, sindaco di San Gregorio nelle Alpi - Bellunopress - Dolomiti","isPartOf":{"@id":"https:\/\/www.bellunopress.it\/#website"},"primaryImageOfPage":{"@id":"https:\/\/www.bellunopress.it\/2026\/02\/17\/elezioni-presidente-della-provincia-la-lista-futura-centrosinistra-candida-nicola-vieceli-sindaco-di-san-gregorio-nelle-alpi\/#primaryimage"},"image":{"@id":"https:\/\/www.bellunopress.it\/2026\/02\/17\/elezioni-presidente-della-provincia-la-lista-futura-centrosinistra-candida-nicola-vieceli-sindaco-di-san-gregorio-nelle-alpi\/#primaryimage"},"thumbnailUrl":"https:\/\/www.bellunopress.it\/wp-content\/uploads\/2026\/02\/Nicola-Vieceli-sindaco-San-Gregorio.jpg","datePublished":"2026-02-17T11:40:47+00:00","breadcrumb":{"@id":"https:\/\/www.bellunopress.it\/2026\/02\/17\/elezioni-presidente-della-provincia-la-lista-futura-centrosinistra-candida-nicola-vieceli-sindaco-di-san-gregorio-nelle-alpi\/#breadcrumb"},"inLanguage":"fr-FR","potentialAction":[{"@type":"ReadAction","target":["https:\/\/www.bellunopress.it\/2026\/02\/17\/elezioni-presidente-della-provincia-la-lista-futura-centrosinistra-candida-nicola-vieceli-sindaco-di-san-gregorio-nelle-alpi\/"]}]},{"@type":"ImageObject","inLanguage":"fr-FR","@id":"https:\/\/www.bellunopress.it\/2026\/02\/17\/elezioni-presidente-della-provincia-la-lista-futura-centrosinistra-candida-nicola-vieceli-sindaco-di-san-gregorio-nelle-alpi\/#primaryimage","url":"https:\/\/www.bellunopress.it\/wp-content\/uploads\/2026\/02\/Nicola-Vieceli-sindaco-San-Gregorio.jpg","contentUrl":"https:\/\/www.bellunopress.it\/wp-content\/uploads\/2026\/02\/Nicola-Vieceli-sindaco-San-Gregorio.jpg","width":568,"height":564,"caption":"Nicola Vieceli - Sindaco di San Gregorio nelle Alpi e consigliere provinciale"},{"@type":"BreadcrumbList","@id":"https:\/\/www.bellunopress.it\/2026\/02\/17\/elezioni-presidente-della-provincia-la-lista-futura-centrosinistra-candida-nicola-vieceli-sindaco-di-san-gregorio-nelle-alpi\/#breadcrumb","itemListElement":[{"@type":"ListItem","position":1,"name":"Home","item":"https:\/\/www.bellunopress.it\/"},{"@type":"ListItem","position":2,"name":"Elezioni presidente della Provincia. La lista Futura-Centrosinistra candida Nicola Vieceli, sindaco di San Gregorio nelle Alpi"}]},{"@type":"WebSite","@id":"https:\/\/www.bellunopress.it\/#website","url":"https:\/\/www.bellunopress.it\/","name":"Bellunopress - Dolomiti","description":"e-mail: redazione@bellunopress.it","publisher":{"@id":"https:\/\/www.bellunopress.it\/#organization"},"potentialAction":[{"@type":"SearchAction","target":{"@type":"EntryPoint","urlTemplate":"https:\/\/www.bellunopress.it\/?s={search_term_string}"},"query-input":{"@type":"PropertyValueSpecification","valueRequired":true,"valueName":"search_term_string"}}],"inLanguage":"fr-FR"},{"@type":"Organization","@id":"https:\/\/www.bellunopress.it\/#organization","name":"Bellunopress","url":"https:\/\/www.bellunopress.it\/","logo":{"@type":"ImageObject","inLanguage":"fr-FR","@id":"https:\/\/www.bellunopress.it\/#\/schema\/logo\/image\/","url":"https:\/\/www.bellunopress.it\/wp-content\/uploads\/2011\/05\/cropped-logo-bellunopress-.jpg","contentUrl":"https:\/\/www.bellunopress.it\/wp-content\/uploads\/2011\/05\/cropped-logo-bellunopress-.jpg","width":512,"height":512,"caption":"Bellunopress"},"image":{"@id":"https:\/\/www.bellunopress.it\/#\/schema\/logo\/image\/"},"sameAs":["https:\/\/www.facebook.com\/profile.php?id=100008943462799","https:\/\/x.com\/bellunopress","https:\/\/www.linkedin.com\/hp\/?dnr=JBzUWaJfMUw8vbXJJ2tVW5-I3jZKvC4wsoxE&amp;amp;amp;amp;amp;amp;trk=nav_responsive_tab_home","https:\/\/www.youtube.com\/channel\/UCxL0wu1uN0_3_7hGG0306cw"]},{"@type":"Person","@id":"https:\/\/www.bellunopress.it\/#\/schema\/person\/79bb06722b37ece1c03d3e94beb30d73","name":"r\u00e9daction","image":{"@type":"ImageObject","inLanguage":"fr-FR","@id":"https:\/\/secure.gravatar.com\/avatar\/37d968a2e67a6fd04c169c4bdef102d0bc5d31b2546345219e348575eb80e9a0?s=96&d=mm&r=g","url":"https:\/\/secure.gravatar.com\/avatar\/37d968a2e67a6fd04c169c4bdef102d0bc5d31b2546345219e348575eb80e9a0?s=96&d=mm&r=g","contentUrl":"https:\/\/secure.gravatar.com\/avatar\/37d968a2e67a6fd04c169c4bdef102d0bc5d31b2546345219e348575eb80e9a0?s=96&d=mm&r=g","caption":"redazione"},"sameAs":["http:\/\/www.bellunopress.it","https:\/\/x.com\/bellunopress"],"url":"https:\/\/www.bellunopress.it\/fr\/author\/redazione\/"}]}},"_links":{"self":[{"href":"https:\/\/www.bellunopress.it\/fr\/wp-json\/wp\/v2\/posts\/167521","targetHints":{"allow":["GET"]}}],"collection":[{"href":"https:\/\/www.bellunopress.it\/fr\/wp-json\/wp\/v2\/posts"}],"about":[{"href":"https:\/\/www.bellunopress.it\/fr\/wp-json\/wp\/v2\/types\/post"}],"author":[{"embeddable":true,"href":"https:\/\/www.bellunopress.it\/fr\/wp-json\/wp\/v2\/users\/2"}],"replies":[{"embeddable":true,"href":"https:\/\/www.bellunopress.it\/fr\/wp-json\/wp\/v2\/comments?post=167521"}],"version-history":[{"count":1,"href":"https:\/\/www.bellunopress.it\/fr\/wp-json\/wp\/v2\/posts\/167521\/revisions"}],"predecessor-version":[{"id":167523,"href":"https:\/\/www.bellunopress.it\/fr\/wp-json\/wp\/v2\/posts\/167521\/revisions\/167523"}],"wp:featuredmedia":[{"embeddable":true,"href":"https:\/\/www.bellunopress.it\/fr\/wp-json\/wp\/v2\/media\/167522"}],"wp:attachment":[{"href":"https:\/\/www.bellunopress.it\/fr\/wp-json\/wp\/v2\/media?parent=167521"}],"wp:term":[{"taxonomy":"category","embeddable":true,"href":"https:\/\/www.bellunopress.it\/fr\/wp-json\/wp\/v2\/categories?post=167521"},{"taxonomy":"post_tag","embeddable":true,"href":"https:\/\/www.bellunopress.it\/fr\/wp-json\/wp\/v2\/tags?post=167521"}],"curies":[{"name":"wp","href":"https:\/\/api.w.org\/{rel}","templated":true}]}}