{"id":167517,"date":"2026-02-17T07:19:22","date_gmt":"2026-02-17T06:19:22","guid":{"rendered":"https:\/\/www.bellunopress.it\/?p=167517"},"modified":"2026-02-17T07:19:22","modified_gmt":"2026-02-17T06:19:22","slug":"tra-mito-e-realta-il-medioevo-di-feltre-in-un-nuovo-ciclo-di-conferenze","status":"publish","type":"post","link":"https:\/\/www.bellunopress.it\/fr\/2026\/02\/17\/tra-mito-e-realta-il-medioevo-di-feltre-in-un-nuovo-ciclo-di-conferenze\/","title":{"rendered":"Tra mito e realt\u00e0: il Medioevo di Feltre in un nuovo ciclo di conferenze"},"content":{"rendered":"<p data-path-to-node=\"3\"><b data-path-to-node=\"3\" data-index-in-node=\"0\">Dal 27 febbraio, il Museo Diocesano ospiter\u00e0 una serie di incontri con esperti nazionali per approfondire i temi della mostra &#8220;Sogno e Realt\u00e0&#8221;. Tra i protagonisti anche i giovani del Fondaco con un progetto dedicato a Panfilo Castaldi.<\/b><\/p>\n<p data-path-to-node=\"4\">Feltre, 17\/02\/2026\u00a0\u2013 Non \u00e8 solo una mostra, ma un viaggio che continua a rigenerarsi. L\u2019esposizione &#8220;Sogno e Realt\u00e0. Immagini e visioni del Medioevo tra Ottocento e Novecento&#8221;, ospitata al Museo Diocesano di Feltre, si arricchisce di un nuovo e prestigioso tassello: un ciclo di conferenze che promette di analizzare l\u2019Et\u00e0 di Mezzo sotto lenti diverse, dalla storia documentata alle suggestioni della cultura pop e del fascismo.<\/p>\n<p data-path-to-node=\"5\">L\u2019iniziativa, nata dalla collaborazione tra l\u2019Associazione Palio di Feltre, il Museo Diocesano e il Fondaco per Feltre, punta ad offrire al pubblico un approfondimento di alto profilo. \u00abVogliamo proporre un\u2019alta qualit\u00e0 di esperti per illustrare i molti modi di guardare al Medioevo\u00bb, ha dichiarato Eugenio Tamburrino, presidente del Palio. Un impegno condiviso da Filippo Santi (Direttivo del Museo), che sottolinea come il dialogo tra arte e tradizione sia stato finora premiato da un grande entusiasmo di visitatori.<\/p>\n<h3 data-path-to-node=\"6\">Un programma tra accademia e narrazione<\/h3>\n<p data-path-to-node=\"7\">Il calendario degli incontri, che si snoder\u00e0 tra febbraio e marzo, vanta firme di richiamo nazionale. Si parte il 27 febbraio con Marco Brando e un\u2019analisi del Medioevo nei media italiani, per proseguire il 6 marzo con Beatrice Del Bo (Universit\u00e0 di Milano) sul mondo dei mercati e dei mestieri.<\/p>\n<p data-path-to-node=\"8\">Particolare attenzione merita l&#8217;appuntamento del 20 marzo con Stefano Cavazza (Universit\u00e0 di Bologna), che indagher\u00e0 il legame tra le feste storiche e il periodo fascista, e quello conclusivo del 27 marzo con Jacopo De Pasquale sulla figura, sospesa tra storia e mito, di Ezzelino III da Romano.<\/p>\n<h3 data-path-to-node=\"9\">Il protagonismo dei giovani e il &#8220;Segreto di Castaldi&#8221;<\/h3>\n<p data-path-to-node=\"10\">Uno dei momenti centrali della rassegna sar\u00e0 la giornata del 14 marzo, dedicata alla figura di Panfilo Castaldi. Oltre alla ricostruzione storica curata da Nicola De Toffol, verr\u00e0 presentato il progetto innovativo &#8220;Il Segreto di Castaldi&#8221;.<\/p>\n<p data-path-to-node=\"11\">Come spiegato da Sara Zaccaron (Fondaco per Feltre), si tratta di un&#8217;esperienza investigativa urbana nata dall&#8217;inventiva di quattro giovani under 25 \u2014 Anna, Alice, Alessia e Riccardo \u2014 grazie a un bando ENAC. Un modo originale per riscoprire Feltre attraverso il gioco e la narrazione, dimostrando come le nuove generazioni possano dare nuova linfa alla storia locale.<\/p>\n<h2 data-path-to-node=\"13\">Gli appuntamenti<\/h2>\n<p data-path-to-node=\"14\">Tutti gli incontri si terranno presso i locali del Museo Diocesano:<\/p>\n<ul data-path-to-node=\"15\">\n<li>\n<p data-path-to-node=\"15,0,0\"><b data-path-to-node=\"15,0,0\" data-index-in-node=\"0\">27 febbraio:<\/b> <i data-path-to-node=\"15,0,0\" data-index-in-node=\"13\">Medi@Evo. L&#8217;Et\u00e0 di mezzo nei media italiani<\/i> (Marco Brando).<\/p>\n<\/li>\n<li>\n<p data-path-to-node=\"15,1,0\"><b data-path-to-node=\"15,1,0\" data-index-in-node=\"0\">6 marzo:<\/b> <i data-path-to-node=\"15,1,0\" data-index-in-node=\"9\">Mercato e mestieri medievali<\/i> (Beatrice Del Bo).<\/p>\n<\/li>\n<li>\n<p data-path-to-node=\"15,2,0\"><b data-path-to-node=\"15,2,0\" data-index-in-node=\"0\">14 marzo:<\/b> <i data-path-to-node=\"15,2,0\" data-index-in-node=\"10\">Panfilo Castaldi e il progetto &#8220;Il segreto di Castaldi&#8221;<\/i> (Nicola De Toffol e Fondaco per Feltre). <i data-path-to-node=\"15,2,0\" data-index-in-node=\"107\">Segue visita guidata con aperitivo (su prenotazione).<\/i><\/p>\n<\/li>\n<li>\n<p data-path-to-node=\"15,3,0\"><b data-path-to-node=\"15,3,0\" data-index-in-node=\"0\">20 marzo:<\/b> <i data-path-to-node=\"15,3,0\" data-index-in-node=\"10\">Feste storiche e Fascismo<\/i> (Stefano Cavazza).<\/p>\n<\/li>\n<li>\n<p data-path-to-node=\"15,4,0\"><b data-path-to-node=\"15,4,0\" data-index-in-node=\"0\">27 marzo:<\/b> <i data-path-to-node=\"15,4,0\" data-index-in-node=\"10\">Ezzelino III da Romano: storia e mito<\/i> (Jacopo De Pasquale).<\/p>\n<\/li>\n<li>\n<p data-path-to-node=\"15,5,0\"><b data-path-to-node=\"15,5,0\" data-index-in-node=\"0\">29 marzo:<\/b> <i data-path-to-node=\"15,5,0\" data-index-in-node=\"10\">Finissage<\/i> della mostra.<\/p>\n<\/li>\n<\/ul>","protected":false},"excerpt":{"rendered":"<p>Dal 27 febbraio, il Museo Diocesano ospiter\u00e0 una serie di incontri con esperti nazionali per approfondire i temi della mostra &#8220;Sogno e Realt\u00e0&#8221;. Tra i protagonisti anche i giovani del Fondaco con un progetto dedicato a Panfilo Castaldi. Feltre, 17\/02\/2026\u00a0\u2013 Non \u00e8 solo una mostra, ma un viaggio che continua a rigenerarsi. L\u2019esposizione &#8220;Sogno e [&hellip;]<\/p>\n","protected":false},"author":2,"featured_media":128541,"comment_status":"closed","ping_status":"open","sticky":false,"template":"","format":"standard","meta":{"footnotes":""},"categories":[27,25],"tags":[],"class_list":["post-167517","post","type-post","status-publish","format-standard","has-post-thumbnail","category-appuntamenti","category-pausa-caffe"],"yoast_head":"<!-- This site is optimized with the Yoast SEO plugin v28.4 - https:\/\/yoast.com\/product\/yoast-seo-wordpress\/ -->\n<title>Tra mito e realt\u00e0: il Medioevo di Feltre in un nuovo ciclo di conferenze - Bellunopress - Dolomiti<\/title>\n<meta name=\"robots\" content=\"index, follow, max-snippet:-1, max-image-preview:large, max-video-preview:-1\" \/>\n<link rel=\"canonical\" href=\"https:\/\/www.bellunopress.it\/fr\/2026\/02\/17\/tra-mito-e-realta-il-medioevo-di-feltre-in-un-nuovo-ciclo-di-conferenze\/\" \/>\n<meta property=\"og:locale\" content=\"fr_FR\" \/>\n<meta property=\"og:type\" content=\"article\" \/>\n<meta property=\"og:title\" content=\"Tra mito e realt\u00e0: il Medioevo di Feltre in un nuovo ciclo di conferenze - Bellunopress - Dolomiti\" \/>\n<meta property=\"og:description\" content=\"Dal 27 febbraio, il Museo Diocesano ospiter\u00e0 una serie di incontri con esperti nazionali per approfondire i temi della mostra &#8220;Sogno e Realt\u00e0&#8221;. Tra i protagonisti anche i giovani del Fondaco con un progetto dedicato a Panfilo Castaldi. Feltre, 17\/02\/2026\u00a0\u2013 Non \u00e8 solo una mostra, ma un viaggio che continua a rigenerarsi. L\u2019esposizione &#8220;Sogno e [&hellip;]\" \/>\n<meta property=\"og:url\" content=\"https:\/\/www.bellunopress.it\/fr\/2026\/02\/17\/tra-mito-e-realta-il-medioevo-di-feltre-in-un-nuovo-ciclo-di-conferenze\/\" \/>\n<meta property=\"og:site_name\" content=\"Bellunopress - Dolomiti\" \/>\n<meta property=\"article:publisher\" content=\"https:\/\/www.facebook.com\/profile.php?id=100008943462799\" \/>\n<meta property=\"article:published_time\" content=\"2026-02-17T06:19:22+00:00\" \/>\n<meta property=\"og:image\" content=\"https:\/\/www.bellunopress.it\/wp-content\/uploads\/2021\/10\/Feltre-museo-diocesano-arte-sacra_edited.jpg\" \/>\n\t<meta property=\"og:image:width\" content=\"800\" \/>\n\t<meta property=\"og:image:height\" content=\"600\" \/>\n\t<meta property=\"og:image:type\" content=\"image\/jpeg\" \/>\n<meta name=\"author\" content=\"redazione\" \/>\n<meta name=\"twitter:card\" content=\"summary_large_image\" \/>\n<meta name=\"twitter:creator\" content=\"@bellunopress\" \/>\n<meta name=\"twitter:site\" content=\"@bellunopress\" \/>\n<meta name=\"twitter:label1\" content=\"\u00c9crit par\" \/>\n\t<meta name=\"twitter:data1\" content=\"redazione\" \/>\n\t<meta name=\"twitter:label2\" content=\"Dur\u00e9e de lecture estim\u00e9e\" \/>\n\t<meta name=\"twitter:data2\" content=\"2 minutes\" \/>\n<script type=\"application\/ld+json\" class=\"yoast-schema-graph\">{\"@context\":\"https:\\\/\\\/schema.org\",\"@graph\":[{\"@type\":\"Article\",\"@id\":\"https:\\\/\\\/www.bellunopress.it\\\/2026\\\/02\\\/17\\\/tra-mito-e-realta-il-medioevo-di-feltre-in-un-nuovo-ciclo-di-conferenze\\\/#article\",\"isPartOf\":{\"@id\":\"https:\\\/\\\/www.bellunopress.it\\\/2026\\\/02\\\/17\\\/tra-mito-e-realta-il-medioevo-di-feltre-in-un-nuovo-ciclo-di-conferenze\\\/\"},\"author\":{\"name\":\"redazione\",\"@id\":\"https:\\\/\\\/www.bellunopress.it\\\/#\\\/schema\\\/person\\\/79bb06722b37ece1c03d3e94beb30d73\"},\"headline\":\"Tra mito e realt\u00e0: il Medioevo di Feltre in un nuovo ciclo di conferenze\",\"datePublished\":\"2026-02-17T06:19:22+00:00\",\"mainEntityOfPage\":{\"@id\":\"https:\\\/\\\/www.bellunopress.it\\\/2026\\\/02\\\/17\\\/tra-mito-e-realta-il-medioevo-di-feltre-in-un-nuovo-ciclo-di-conferenze\\\/\"},\"wordCount\":477,\"publisher\":{\"@id\":\"https:\\\/\\\/www.bellunopress.it\\\/#organization\"},\"image\":{\"@id\":\"https:\\\/\\\/www.bellunopress.it\\\/2026\\\/02\\\/17\\\/tra-mito-e-realta-il-medioevo-di-feltre-in-un-nuovo-ciclo-di-conferenze\\\/#primaryimage\"},\"thumbnailUrl\":\"https:\\\/\\\/www.bellunopress.it\\\/wp-content\\\/uploads\\\/2021\\\/10\\\/Feltre-museo-diocesano-arte-sacra_edited.jpg\",\"articleSection\":[\"Appuntamenti, Eventi\",\"Pausa Caff\u00e8\"],\"inLanguage\":\"fr-FR\"},{\"@type\":\"WebPage\",\"@id\":\"https:\\\/\\\/www.bellunopress.it\\\/2026\\\/02\\\/17\\\/tra-mito-e-realta-il-medioevo-di-feltre-in-un-nuovo-ciclo-di-conferenze\\\/\",\"url\":\"https:\\\/\\\/www.bellunopress.it\\\/2026\\\/02\\\/17\\\/tra-mito-e-realta-il-medioevo-di-feltre-in-un-nuovo-ciclo-di-conferenze\\\/\",\"name\":\"Tra mito e realt\u00e0: il Medioevo di Feltre in un nuovo ciclo di conferenze - Bellunopress - Dolomiti\",\"isPartOf\":{\"@id\":\"https:\\\/\\\/www.bellunopress.it\\\/#website\"},\"primaryImageOfPage\":{\"@id\":\"https:\\\/\\\/www.bellunopress.it\\\/2026\\\/02\\\/17\\\/tra-mito-e-realta-il-medioevo-di-feltre-in-un-nuovo-ciclo-di-conferenze\\\/#primaryimage\"},\"image\":{\"@id\":\"https:\\\/\\\/www.bellunopress.it\\\/2026\\\/02\\\/17\\\/tra-mito-e-realta-il-medioevo-di-feltre-in-un-nuovo-ciclo-di-conferenze\\\/#primaryimage\"},\"thumbnailUrl\":\"https:\\\/\\\/www.bellunopress.it\\\/wp-content\\\/uploads\\\/2021\\\/10\\\/Feltre-museo-diocesano-arte-sacra_edited.jpg\",\"datePublished\":\"2026-02-17T06:19:22+00:00\",\"breadcrumb\":{\"@id\":\"https:\\\/\\\/www.bellunopress.it\\\/2026\\\/02\\\/17\\\/tra-mito-e-realta-il-medioevo-di-feltre-in-un-nuovo-ciclo-di-conferenze\\\/#breadcrumb\"},\"inLanguage\":\"fr-FR\",\"potentialAction\":[{\"@type\":\"ReadAction\",\"target\":[\"https:\\\/\\\/www.bellunopress.it\\\/2026\\\/02\\\/17\\\/tra-mito-e-realta-il-medioevo-di-feltre-in-un-nuovo-ciclo-di-conferenze\\\/\"]}]},{\"@type\":\"ImageObject\",\"inLanguage\":\"fr-FR\",\"@id\":\"https:\\\/\\\/www.bellunopress.it\\\/2026\\\/02\\\/17\\\/tra-mito-e-realta-il-medioevo-di-feltre-in-un-nuovo-ciclo-di-conferenze\\\/#primaryimage\",\"url\":\"https:\\\/\\\/www.bellunopress.it\\\/wp-content\\\/uploads\\\/2021\\\/10\\\/Feltre-museo-diocesano-arte-sacra_edited.jpg\",\"contentUrl\":\"https:\\\/\\\/www.bellunopress.it\\\/wp-content\\\/uploads\\\/2021\\\/10\\\/Feltre-museo-diocesano-arte-sacra_edited.jpg\",\"width\":800,\"height\":600,\"caption\":\"Museo diocesano Arte sacra - Feltre\"},{\"@type\":\"BreadcrumbList\",\"@id\":\"https:\\\/\\\/www.bellunopress.it\\\/2026\\\/02\\\/17\\\/tra-mito-e-realta-il-medioevo-di-feltre-in-un-nuovo-ciclo-di-conferenze\\\/#breadcrumb\",\"itemListElement\":[{\"@type\":\"ListItem\",\"position\":1,\"name\":\"Home\",\"item\":\"https:\\\/\\\/www.bellunopress.it\\\/\"},{\"@type\":\"ListItem\",\"position\":2,\"name\":\"Tra mito e realt\u00e0: il Medioevo di Feltre in un nuovo ciclo di conferenze\"}]},{\"@type\":\"WebSite\",\"@id\":\"https:\\\/\\\/www.bellunopress.it\\\/#website\",\"url\":\"https:\\\/\\\/www.bellunopress.it\\\/\",\"name\":\"Bellunopress - Dolomiti\",\"description\":\"e-mail: redazione@bellunopress.it\",\"publisher\":{\"@id\":\"https:\\\/\\\/www.bellunopress.it\\\/#organization\"},\"potentialAction\":[{\"@type\":\"SearchAction\",\"target\":{\"@type\":\"EntryPoint\",\"urlTemplate\":\"https:\\\/\\\/www.bellunopress.it\\\/?s={search_term_string}\"},\"query-input\":{\"@type\":\"PropertyValueSpecification\",\"valueRequired\":true,\"valueName\":\"search_term_string\"}}],\"inLanguage\":\"fr-FR\"},{\"@type\":\"Organization\",\"@id\":\"https:\\\/\\\/www.bellunopress.it\\\/#organization\",\"name\":\"Bellunopress\",\"url\":\"https:\\\/\\\/www.bellunopress.it\\\/\",\"logo\":{\"@type\":\"ImageObject\",\"inLanguage\":\"fr-FR\",\"@id\":\"https:\\\/\\\/www.bellunopress.it\\\/#\\\/schema\\\/logo\\\/image\\\/\",\"url\":\"https:\\\/\\\/www.bellunopress.it\\\/wp-content\\\/uploads\\\/2011\\\/05\\\/cropped-logo-bellunopress-.jpg\",\"contentUrl\":\"https:\\\/\\\/www.bellunopress.it\\\/wp-content\\\/uploads\\\/2011\\\/05\\\/cropped-logo-bellunopress-.jpg\",\"width\":512,\"height\":512,\"caption\":\"Bellunopress\"},\"image\":{\"@id\":\"https:\\\/\\\/www.bellunopress.it\\\/#\\\/schema\\\/logo\\\/image\\\/\"},\"sameAs\":[\"https:\\\/\\\/www.facebook.com\\\/profile.php?id=100008943462799\",\"https:\\\/\\\/x.com\\\/bellunopress\",\"https:\\\/\\\/www.linkedin.com\\\/hp\\\/?dnr=JBzUWaJfMUw8vbXJJ2tVW5-I3jZKvC4wsoxE&amp;amp;amp;amp;amp;amp;trk=nav_responsive_tab_home\",\"https:\\\/\\\/www.youtube.com\\\/channel\\\/UCxL0wu1uN0_3_7hGG0306cw\"]},{\"@type\":\"Person\",\"@id\":\"https:\\\/\\\/www.bellunopress.it\\\/#\\\/schema\\\/person\\\/79bb06722b37ece1c03d3e94beb30d73\",\"name\":\"redazione\",\"image\":{\"@type\":\"ImageObject\",\"inLanguage\":\"fr-FR\",\"@id\":\"https:\\\/\\\/secure.gravatar.com\\\/avatar\\\/37d968a2e67a6fd04c169c4bdef102d0bc5d31b2546345219e348575eb80e9a0?s=96&d=mm&r=g\",\"url\":\"https:\\\/\\\/secure.gravatar.com\\\/avatar\\\/37d968a2e67a6fd04c169c4bdef102d0bc5d31b2546345219e348575eb80e9a0?s=96&d=mm&r=g\",\"contentUrl\":\"https:\\\/\\\/secure.gravatar.com\\\/avatar\\\/37d968a2e67a6fd04c169c4bdef102d0bc5d31b2546345219e348575eb80e9a0?s=96&d=mm&r=g\",\"caption\":\"redazione\"},\"sameAs\":[\"http:\\\/\\\/www.bellunopress.it\",\"https:\\\/\\\/x.com\\\/bellunopress\"],\"url\":\"https:\\\/\\\/www.bellunopress.it\\\/fr\\\/author\\\/redazione\\\/\"}]}<\/script>\n<!-- \/ Yoast SEO plugin. -->","yoast_head_json":{"title":"Tra mito e realt\u00e0: il Medioevo di Feltre in un nuovo ciclo di conferenze - Bellunopress - Dolomiti","robots":{"index":"index","follow":"follow","max-snippet":"max-snippet:-1","max-image-preview":"max-image-preview:large","max-video-preview":"max-video-preview:-1"},"canonical":"https:\/\/www.bellunopress.it\/fr\/2026\/02\/17\/tra-mito-e-realta-il-medioevo-di-feltre-in-un-nuovo-ciclo-di-conferenze\/","og_locale":"fr_FR","og_type":"article","og_title":"Tra mito e realt\u00e0: il Medioevo di Feltre in un nuovo ciclo di conferenze - Bellunopress - Dolomiti","og_description":"Dal 27 febbraio, il Museo Diocesano ospiter\u00e0 una serie di incontri con esperti nazionali per approfondire i temi della mostra &#8220;Sogno e Realt\u00e0&#8221;. Tra i protagonisti anche i giovani del Fondaco con un progetto dedicato a Panfilo Castaldi. Feltre, 17\/02\/2026\u00a0\u2013 Non \u00e8 solo una mostra, ma un viaggio che continua a rigenerarsi. L\u2019esposizione &#8220;Sogno e [&hellip;]","og_url":"https:\/\/www.bellunopress.it\/fr\/2026\/02\/17\/tra-mito-e-realta-il-medioevo-di-feltre-in-un-nuovo-ciclo-di-conferenze\/","og_site_name":"Bellunopress - Dolomiti","article_publisher":"https:\/\/www.facebook.com\/profile.php?id=100008943462799","article_published_time":"2026-02-17T06:19:22+00:00","og_image":[{"width":800,"height":600,"url":"https:\/\/www.bellunopress.it\/wp-content\/uploads\/2021\/10\/Feltre-museo-diocesano-arte-sacra_edited.jpg","type":"image\/jpeg"}],"author":"redazione","twitter_card":"summary_large_image","twitter_creator":"@bellunopress","twitter_site":"@bellunopress","twitter_misc":{"\u00c9crit par":"redazione","Dur\u00e9e de lecture estim\u00e9e":"2 minutes"},"schema":{"@context":"https:\/\/schema.org","@graph":[{"@type":"Article","@id":"https:\/\/www.bellunopress.it\/2026\/02\/17\/tra-mito-e-realta-il-medioevo-di-feltre-in-un-nuovo-ciclo-di-conferenze\/#article","isPartOf":{"@id":"https:\/\/www.bellunopress.it\/2026\/02\/17\/tra-mito-e-realta-il-medioevo-di-feltre-in-un-nuovo-ciclo-di-conferenze\/"},"author":{"name":"redazione","@id":"https:\/\/www.bellunopress.it\/#\/schema\/person\/79bb06722b37ece1c03d3e94beb30d73"},"headline":"Tra mito e realt\u00e0: il Medioevo di Feltre in un nuovo ciclo di conferenze","datePublished":"2026-02-17T06:19:22+00:00","mainEntityOfPage":{"@id":"https:\/\/www.bellunopress.it\/2026\/02\/17\/tra-mito-e-realta-il-medioevo-di-feltre-in-un-nuovo-ciclo-di-conferenze\/"},"wordCount":477,"publisher":{"@id":"https:\/\/www.bellunopress.it\/#organization"},"image":{"@id":"https:\/\/www.bellunopress.it\/2026\/02\/17\/tra-mito-e-realta-il-medioevo-di-feltre-in-un-nuovo-ciclo-di-conferenze\/#primaryimage"},"thumbnailUrl":"https:\/\/www.bellunopress.it\/wp-content\/uploads\/2021\/10\/Feltre-museo-diocesano-arte-sacra_edited.jpg","articleSection":["Appuntamenti, Eventi","Pausa Caff\u00e8"],"inLanguage":"fr-FR"},{"@type":"WebPage","@id":"https:\/\/www.bellunopress.it\/2026\/02\/17\/tra-mito-e-realta-il-medioevo-di-feltre-in-un-nuovo-ciclo-di-conferenze\/","url":"https:\/\/www.bellunopress.it\/2026\/02\/17\/tra-mito-e-realta-il-medioevo-di-feltre-in-un-nuovo-ciclo-di-conferenze\/","name":"Tra mito e realt\u00e0: il Medioevo di Feltre in un nuovo ciclo di conferenze - Bellunopress - Dolomiti","isPartOf":{"@id":"https:\/\/www.bellunopress.it\/#website"},"primaryImageOfPage":{"@id":"https:\/\/www.bellunopress.it\/2026\/02\/17\/tra-mito-e-realta-il-medioevo-di-feltre-in-un-nuovo-ciclo-di-conferenze\/#primaryimage"},"image":{"@id":"https:\/\/www.bellunopress.it\/2026\/02\/17\/tra-mito-e-realta-il-medioevo-di-feltre-in-un-nuovo-ciclo-di-conferenze\/#primaryimage"},"thumbnailUrl":"https:\/\/www.bellunopress.it\/wp-content\/uploads\/2021\/10\/Feltre-museo-diocesano-arte-sacra_edited.jpg","datePublished":"2026-02-17T06:19:22+00:00","breadcrumb":{"@id":"https:\/\/www.bellunopress.it\/2026\/02\/17\/tra-mito-e-realta-il-medioevo-di-feltre-in-un-nuovo-ciclo-di-conferenze\/#breadcrumb"},"inLanguage":"fr-FR","potentialAction":[{"@type":"ReadAction","target":["https:\/\/www.bellunopress.it\/2026\/02\/17\/tra-mito-e-realta-il-medioevo-di-feltre-in-un-nuovo-ciclo-di-conferenze\/"]}]},{"@type":"ImageObject","inLanguage":"fr-FR","@id":"https:\/\/www.bellunopress.it\/2026\/02\/17\/tra-mito-e-realta-il-medioevo-di-feltre-in-un-nuovo-ciclo-di-conferenze\/#primaryimage","url":"https:\/\/www.bellunopress.it\/wp-content\/uploads\/2021\/10\/Feltre-museo-diocesano-arte-sacra_edited.jpg","contentUrl":"https:\/\/www.bellunopress.it\/wp-content\/uploads\/2021\/10\/Feltre-museo-diocesano-arte-sacra_edited.jpg","width":800,"height":600,"caption":"Museo diocesano Arte sacra - Feltre"},{"@type":"BreadcrumbList","@id":"https:\/\/www.bellunopress.it\/2026\/02\/17\/tra-mito-e-realta-il-medioevo-di-feltre-in-un-nuovo-ciclo-di-conferenze\/#breadcrumb","itemListElement":[{"@type":"ListItem","position":1,"name":"Home","item":"https:\/\/www.bellunopress.it\/"},{"@type":"ListItem","position":2,"name":"Tra mito e realt\u00e0: il Medioevo di Feltre in un nuovo ciclo di conferenze"}]},{"@type":"WebSite","@id":"https:\/\/www.bellunopress.it\/#website","url":"https:\/\/www.bellunopress.it\/","name":"Bellunopress - Dolomiti","description":"e-mail: redazione@bellunopress.it","publisher":{"@id":"https:\/\/www.bellunopress.it\/#organization"},"potentialAction":[{"@type":"SearchAction","target":{"@type":"EntryPoint","urlTemplate":"https:\/\/www.bellunopress.it\/?s={search_term_string}"},"query-input":{"@type":"PropertyValueSpecification","valueRequired":true,"valueName":"search_term_string"}}],"inLanguage":"fr-FR"},{"@type":"Organization","@id":"https:\/\/www.bellunopress.it\/#organization","name":"Bellunopress","url":"https:\/\/www.bellunopress.it\/","logo":{"@type":"ImageObject","inLanguage":"fr-FR","@id":"https:\/\/www.bellunopress.it\/#\/schema\/logo\/image\/","url":"https:\/\/www.bellunopress.it\/wp-content\/uploads\/2011\/05\/cropped-logo-bellunopress-.jpg","contentUrl":"https:\/\/www.bellunopress.it\/wp-content\/uploads\/2011\/05\/cropped-logo-bellunopress-.jpg","width":512,"height":512,"caption":"Bellunopress"},"image":{"@id":"https:\/\/www.bellunopress.it\/#\/schema\/logo\/image\/"},"sameAs":["https:\/\/www.facebook.com\/profile.php?id=100008943462799","https:\/\/x.com\/bellunopress","https:\/\/www.linkedin.com\/hp\/?dnr=JBzUWaJfMUw8vbXJJ2tVW5-I3jZKvC4wsoxE&amp;amp;amp;amp;amp;amp;trk=nav_responsive_tab_home","https:\/\/www.youtube.com\/channel\/UCxL0wu1uN0_3_7hGG0306cw"]},{"@type":"Person","@id":"https:\/\/www.bellunopress.it\/#\/schema\/person\/79bb06722b37ece1c03d3e94beb30d73","name":"r\u00e9daction","image":{"@type":"ImageObject","inLanguage":"fr-FR","@id":"https:\/\/secure.gravatar.com\/avatar\/37d968a2e67a6fd04c169c4bdef102d0bc5d31b2546345219e348575eb80e9a0?s=96&d=mm&r=g","url":"https:\/\/secure.gravatar.com\/avatar\/37d968a2e67a6fd04c169c4bdef102d0bc5d31b2546345219e348575eb80e9a0?s=96&d=mm&r=g","contentUrl":"https:\/\/secure.gravatar.com\/avatar\/37d968a2e67a6fd04c169c4bdef102d0bc5d31b2546345219e348575eb80e9a0?s=96&d=mm&r=g","caption":"redazione"},"sameAs":["http:\/\/www.bellunopress.it","https:\/\/x.com\/bellunopress"],"url":"https:\/\/www.bellunopress.it\/fr\/author\/redazione\/"}]}},"_links":{"self":[{"href":"https:\/\/www.bellunopress.it\/fr\/wp-json\/wp\/v2\/posts\/167517","targetHints":{"allow":["GET"]}}],"collection":[{"href":"https:\/\/www.bellunopress.it\/fr\/wp-json\/wp\/v2\/posts"}],"about":[{"href":"https:\/\/www.bellunopress.it\/fr\/wp-json\/wp\/v2\/types\/post"}],"author":[{"embeddable":true,"href":"https:\/\/www.bellunopress.it\/fr\/wp-json\/wp\/v2\/users\/2"}],"replies":[{"embeddable":true,"href":"https:\/\/www.bellunopress.it\/fr\/wp-json\/wp\/v2\/comments?post=167517"}],"version-history":[{"count":1,"href":"https:\/\/www.bellunopress.it\/fr\/wp-json\/wp\/v2\/posts\/167517\/revisions"}],"predecessor-version":[{"id":167518,"href":"https:\/\/www.bellunopress.it\/fr\/wp-json\/wp\/v2\/posts\/167517\/revisions\/167518"}],"wp:featuredmedia":[{"embeddable":true,"href":"https:\/\/www.bellunopress.it\/fr\/wp-json\/wp\/v2\/media\/128541"}],"wp:attachment":[{"href":"https:\/\/www.bellunopress.it\/fr\/wp-json\/wp\/v2\/media?parent=167517"}],"wp:term":[{"taxonomy":"category","embeddable":true,"href":"https:\/\/www.bellunopress.it\/fr\/wp-json\/wp\/v2\/categories?post=167517"},{"taxonomy":"post_tag","embeddable":true,"href":"https:\/\/www.bellunopress.it\/fr\/wp-json\/wp\/v2\/tags?post=167517"}],"curies":[{"name":"wp","href":"https:\/\/api.w.org\/{rel}","templated":true}]}}