{"id":167510,"date":"2026-02-16T17:42:33","date_gmt":"2026-02-16T16:42:33","guid":{"rendered":"https:\/\/www.bellunopress.it\/?p=167510"},"modified":"2026-02-16T17:42:33","modified_gmt":"2026-02-16T16:42:33","slug":"attivo-in-comelico-il-fisiovan-la-riabilitazione-vicino-casa-targata-ulss-dolomiti","status":"publish","type":"post","link":"https:\/\/www.bellunopress.it\/fr\/2026\/02\/16\/attivo-in-comelico-il-fisiovan-la-riabilitazione-vicino-casa-targata-ulss-dolomiti\/","title":{"rendered":"Attivo in Comelico il Fisiovan: la riabilitazione vicino casa targata Ulss Dolomiti"},"content":{"rendered":"<p><strong>Il Direttore Generale Dal Ben: \u00abUn ospedale che si muove verso il cittadino\u00bb. Il servizio \u00e8 attivo: ecco come accedere.<\/strong><\/p>\n<p>Santo Stefano di Cadore (BL) 16 febbraio 2026 &#8211; Si \u00e8 tenuta oggi a Santo Stefano di Cadore la presentazione ufficiale di FisioVan, il progetto sperimentale di riabilitazione mobile fortemente dalla direzione dell\u2019Azienda ULSS 1 Dolomiti per le Terre Alte. Davanti a una rappresentanza della comunit\u00e0 e delle istituzioni locali, \u00e8 stato svelato il mezzo che da questa settimana porter\u00e0 le cure fisioterapiche direttamente nel cuore della Valle del Comelico.<\/p>\n<p><strong>L&#8217;Impegno dell&#8217;ULSS 1 per la sanit\u00e0 di prossimit\u00e0<\/strong><br \/>\nIl progetto non \u00e8 una semplice iniziativa isolata, ma si inserisce in una precisa strategia dell&#8217;Azienda sanitaria volta a potenziare l&#8217;assistenza territoriale, in linea con il DM 77\/2022 e la Missione 6 del PNRR. L&#8217;obiettivo dell&#8217;ULSS 1 \u00e8 garantire l&#8217;equit\u00e0 di accesso alle cure anche a chi risiede nelle zone pi\u00f9 periferiche, riducendo gli spostamenti delle persone assistiti. Questo si traduce in benefici in qualit\u00e0 di vita per gli assistiti e semplificazione per i caragiver, facendo risparmiare tempo e chilometri.<br \/>\nA margine della presentazione, il Direttore Generale dell\u2019ULSS 1 Dolomiti, Giuseppe Dal Ben, ha sottolineato il valore istituzionale dell&#8217;iniziativa: \u00abCon il FisioVan ribaltiamo il paradigma tradizionale: non \u00e8 pi\u00f9 il paziente fragile a doversi spostare verso l&#8217;ospedale, ma \u00e8 la sanit\u00e0 pubblica che va incontro al cittadino. L&#8217;Azienda ha investito in questo progetto perch\u00e9 crediamo che portare tecnologie avanzate e professionisti direttamente &#8220;sotto casa&#8221; significhi non solo curare meglio, ma anche combattere lo spopolamento della montagna offrendo servizi di eccellenza. Il Comelico \u00e8 sede della sperimentazione di un servizio nuovo che la Regione Veneto potr\u00e0 poi trasferire in altre zone montane\u00bb. In seguito ad una gara pubblica, il servizio della clinica mobile \u00e8 stato affidato a Fisiolab. Il servizio \u00e8 erogato dall\u2019Ulss 1 quindi pubblico (al costo del ticket per il cittadino, se non esente). La sperimentazione durer\u00e0 sei mesi poi, in seguito a valutazione, potr\u00e0 essere attivata anche in altre zone.<\/p>\n<p><strong>Come accedere al Servizio<\/strong><br \/>\nIl FisioVan si configura come una clinica mobile di riabilitazione completamente attrezzata (alla stregua di un ambulatorio), capace di offrire trattamenti di rieducazione motoria individuale, terapie fisiche e strumentali per il recupero funzionale. Il mezzo, che garantisce privacy e comfort, operer\u00e0 secondo un calendario fisso per servire l&#8217;intera vallata:<br \/>\n\u2022 Santo Stefano di Cadore: stazionamento nei pressi della palestra il luned\u00ec, mercoled\u00ec e venerd\u00ec.<br \/>\n\u2022 Padola: stazionamento in piazza (vicino al campanile) il marted\u00ec e gioved\u00ec.<br \/>\nIl servizio \u00e8 in grado di trattare circa 6 pazienti al giorno, concentrandosi su patologie ortopediche, neurologiche o croniche che richiedono cicli riabilitativi frequenti.<br \/>\nL&#8217;iter per il cittadino \u00e8 semplice: dopo una valutazione Fisiatrica (chiesta dal medico di famiglia o dal reparto ospedaliero), se il paziente \u00e8 del Comelico e risponde ad alcune caratteristiche cliniche, il fisiatra redige il piano di recupero che viene poi programmato nelle sedute di fisioterapia del Fisiovan presente a Santo Stefano e Padola. A fine percorso il paziente sar\u00e0 nuovamente valutato.<\/p>\n<p><strong>La soddisfazione del territorio<\/strong><br \/>\nL&#8217;attivazione del servizio \u00e8 stata accolta con favore dalle istituzioni locali. Il Sindaco di Santo Stefano di Cadore, Alfredo Comis, ha commentato: \u00abVedere questo mezzo operativo nella nostra piazza \u00e8 una vittoria per tutta la comunit\u00e0. Oggi l&#8217;ULSS 1 e la Regione ci danno una risposta concreta: questo servizio migliora tangibilmente la qualit\u00e0 della vita in Comelico, permettendo ai nostri cittadini di curarsi restando nel proprio paese. Per rimanere in montagna la gente ha bisogno di servizi. Grazie al Direttore Dal Ben per l\u2019attenzione al territorio\u00bb.<\/p>\n<p>\u201cL\u2019ulss 1 \u00e8 molto vicina al territorio del Comelico come ha testimoniato il percorso \u201cComelico in salute\u201d. Siamo una valle in cui si pu\u00f2 stare bene \u201c ha confermato il presidente della Unione Montana Comelico Manuel Casanova \u201cRingrazio gli amministratori Amedeo Buzzo e Marta Bramezza delegati alla sanit\u00e0: il frutto del loro lavoro \u00e8 tangibile\u201d<br \/>\nBuzzo e Bramezza hanno evidenziato come sia stato indispensabile fare rete e come il \u201cgruppo Comelico in salute\u201d prosegua nel percorso di incontri in tema di salute.<br \/>\nUn plauso dei presenti, infine, \u00e8 stato fatto alla Medicina di Gruppo di Santo Stefano rappresentata dal dottor Bettini.<br \/>\nIl Van, fresco di uscita dalla concessionaria, \u00e8 stato benedetto da don Paolino. Ad accogliere i pazienti c\u2019\u00e8 una fisioterapista dedicata, che si \u00e8 trasferita appositamente da Rimini a Santo Stefano.<\/p>","protected":false},"excerpt":{"rendered":"<p>Il Direttore Generale Dal Ben: \u00abUn ospedale che si muove verso il cittadino\u00bb. Il servizio \u00e8 attivo: ecco come accedere. Santo Stefano di Cadore (BL) 16 febbraio 2026 &#8211; Si \u00e8 tenuta oggi a Santo Stefano di Cadore la presentazione ufficiale di FisioVan, il progetto sperimentale di riabilitazione mobile fortemente dalla direzione dell\u2019Azienda ULSS 1 [&hellip;]<\/p>\n","protected":false},"author":2,"featured_media":167511,"comment_status":"closed","ping_status":"open","sticky":false,"template":"","format":"standard","meta":{"footnotes":""},"categories":[17],"tags":[],"class_list":["post-167510","post","type-post","status-publish","format-standard","has-post-thumbnail","category-sanita"],"yoast_head":"<!-- This site is optimized with the Yoast SEO plugin v28.4 - https:\/\/yoast.com\/product\/yoast-seo-wordpress\/ -->\n<title>Attivo in Comelico il Fisiovan: la riabilitazione vicino casa targata Ulss Dolomiti - Bellunopress - Dolomiti<\/title>\n<meta name=\"robots\" content=\"index, follow, max-snippet:-1, max-image-preview:large, max-video-preview:-1\" \/>\n<link rel=\"canonical\" href=\"https:\/\/www.bellunopress.it\/fr\/2026\/02\/16\/attivo-in-comelico-il-fisiovan-la-riabilitazione-vicino-casa-targata-ulss-dolomiti\/\" \/>\n<meta property=\"og:locale\" content=\"fr_FR\" \/>\n<meta property=\"og:type\" content=\"article\" \/>\n<meta property=\"og:title\" content=\"Attivo in Comelico il Fisiovan: la riabilitazione vicino casa targata Ulss Dolomiti - Bellunopress - Dolomiti\" \/>\n<meta property=\"og:description\" content=\"Il Direttore Generale Dal Ben: \u00abUn ospedale che si muove verso il cittadino\u00bb. Il servizio \u00e8 attivo: ecco come accedere. Santo Stefano di Cadore (BL) 16 febbraio 2026 &#8211; Si \u00e8 tenuta oggi a Santo Stefano di Cadore la presentazione ufficiale di FisioVan, il progetto sperimentale di riabilitazione mobile fortemente dalla direzione dell\u2019Azienda ULSS 1 [&hellip;]\" \/>\n<meta property=\"og:url\" content=\"https:\/\/www.bellunopress.it\/fr\/2026\/02\/16\/attivo-in-comelico-il-fisiovan-la-riabilitazione-vicino-casa-targata-ulss-dolomiti\/\" \/>\n<meta property=\"og:site_name\" content=\"Bellunopress - Dolomiti\" \/>\n<meta property=\"article:publisher\" content=\"https:\/\/www.facebook.com\/profile.php?id=100008943462799\" \/>\n<meta property=\"article:published_time\" content=\"2026-02-16T16:42:33+00:00\" \/>\n<meta property=\"og:image\" content=\"https:\/\/www.bellunopress.it\/wp-content\/uploads\/2026\/02\/Fisiovan-Ulss.jpeg\" \/>\n\t<meta property=\"og:image:width\" content=\"500\" \/>\n\t<meta property=\"og:image:height\" content=\"375\" \/>\n\t<meta property=\"og:image:type\" content=\"image\/jpeg\" \/>\n<meta name=\"author\" content=\"redazione\" \/>\n<meta name=\"twitter:card\" content=\"summary_large_image\" \/>\n<meta name=\"twitter:creator\" content=\"@bellunopress\" \/>\n<meta name=\"twitter:site\" content=\"@bellunopress\" \/>\n<meta name=\"twitter:label1\" content=\"\u00c9crit par\" \/>\n\t<meta name=\"twitter:data1\" content=\"redazione\" \/>\n\t<meta name=\"twitter:label2\" content=\"Dur\u00e9e de lecture estim\u00e9e\" \/>\n\t<meta name=\"twitter:data2\" content=\"3 minutes\" \/>\n<script type=\"application\/ld+json\" class=\"yoast-schema-graph\">{\"@context\":\"https:\\\/\\\/schema.org\",\"@graph\":[{\"@type\":\"Article\",\"@id\":\"https:\\\/\\\/www.bellunopress.it\\\/2026\\\/02\\\/16\\\/attivo-in-comelico-il-fisiovan-la-riabilitazione-vicino-casa-targata-ulss-dolomiti\\\/#article\",\"isPartOf\":{\"@id\":\"https:\\\/\\\/www.bellunopress.it\\\/2026\\\/02\\\/16\\\/attivo-in-comelico-il-fisiovan-la-riabilitazione-vicino-casa-targata-ulss-dolomiti\\\/\"},\"author\":{\"name\":\"redazione\",\"@id\":\"https:\\\/\\\/www.bellunopress.it\\\/#\\\/schema\\\/person\\\/79bb06722b37ece1c03d3e94beb30d73\"},\"headline\":\"Attivo in Comelico il Fisiovan: la riabilitazione vicino casa targata Ulss Dolomiti\",\"datePublished\":\"2026-02-16T16:42:33+00:00\",\"mainEntityOfPage\":{\"@id\":\"https:\\\/\\\/www.bellunopress.it\\\/2026\\\/02\\\/16\\\/attivo-in-comelico-il-fisiovan-la-riabilitazione-vicino-casa-targata-ulss-dolomiti\\\/\"},\"wordCount\":714,\"publisher\":{\"@id\":\"https:\\\/\\\/www.bellunopress.it\\\/#organization\"},\"image\":{\"@id\":\"https:\\\/\\\/www.bellunopress.it\\\/2026\\\/02\\\/16\\\/attivo-in-comelico-il-fisiovan-la-riabilitazione-vicino-casa-targata-ulss-dolomiti\\\/#primaryimage\"},\"thumbnailUrl\":\"https:\\\/\\\/www.bellunopress.it\\\/wp-content\\\/uploads\\\/2026\\\/02\\\/Fisiovan-Ulss.jpeg\",\"articleSection\":[\"Sanit\u00e0 Medicina\"],\"inLanguage\":\"fr-FR\"},{\"@type\":\"WebPage\",\"@id\":\"https:\\\/\\\/www.bellunopress.it\\\/2026\\\/02\\\/16\\\/attivo-in-comelico-il-fisiovan-la-riabilitazione-vicino-casa-targata-ulss-dolomiti\\\/\",\"url\":\"https:\\\/\\\/www.bellunopress.it\\\/2026\\\/02\\\/16\\\/attivo-in-comelico-il-fisiovan-la-riabilitazione-vicino-casa-targata-ulss-dolomiti\\\/\",\"name\":\"Attivo in Comelico il Fisiovan: la riabilitazione vicino casa targata Ulss Dolomiti - Bellunopress - Dolomiti\",\"isPartOf\":{\"@id\":\"https:\\\/\\\/www.bellunopress.it\\\/#website\"},\"primaryImageOfPage\":{\"@id\":\"https:\\\/\\\/www.bellunopress.it\\\/2026\\\/02\\\/16\\\/attivo-in-comelico-il-fisiovan-la-riabilitazione-vicino-casa-targata-ulss-dolomiti\\\/#primaryimage\"},\"image\":{\"@id\":\"https:\\\/\\\/www.bellunopress.it\\\/2026\\\/02\\\/16\\\/attivo-in-comelico-il-fisiovan-la-riabilitazione-vicino-casa-targata-ulss-dolomiti\\\/#primaryimage\"},\"thumbnailUrl\":\"https:\\\/\\\/www.bellunopress.it\\\/wp-content\\\/uploads\\\/2026\\\/02\\\/Fisiovan-Ulss.jpeg\",\"datePublished\":\"2026-02-16T16:42:33+00:00\",\"breadcrumb\":{\"@id\":\"https:\\\/\\\/www.bellunopress.it\\\/2026\\\/02\\\/16\\\/attivo-in-comelico-il-fisiovan-la-riabilitazione-vicino-casa-targata-ulss-dolomiti\\\/#breadcrumb\"},\"inLanguage\":\"fr-FR\",\"potentialAction\":[{\"@type\":\"ReadAction\",\"target\":[\"https:\\\/\\\/www.bellunopress.it\\\/2026\\\/02\\\/16\\\/attivo-in-comelico-il-fisiovan-la-riabilitazione-vicino-casa-targata-ulss-dolomiti\\\/\"]}]},{\"@type\":\"ImageObject\",\"inLanguage\":\"fr-FR\",\"@id\":\"https:\\\/\\\/www.bellunopress.it\\\/2026\\\/02\\\/16\\\/attivo-in-comelico-il-fisiovan-la-riabilitazione-vicino-casa-targata-ulss-dolomiti\\\/#primaryimage\",\"url\":\"https:\\\/\\\/www.bellunopress.it\\\/wp-content\\\/uploads\\\/2026\\\/02\\\/Fisiovan-Ulss.jpeg\",\"contentUrl\":\"https:\\\/\\\/www.bellunopress.it\\\/wp-content\\\/uploads\\\/2026\\\/02\\\/Fisiovan-Ulss.jpeg\",\"width\":500,\"height\":375},{\"@type\":\"BreadcrumbList\",\"@id\":\"https:\\\/\\\/www.bellunopress.it\\\/2026\\\/02\\\/16\\\/attivo-in-comelico-il-fisiovan-la-riabilitazione-vicino-casa-targata-ulss-dolomiti\\\/#breadcrumb\",\"itemListElement\":[{\"@type\":\"ListItem\",\"position\":1,\"name\":\"Home\",\"item\":\"https:\\\/\\\/www.bellunopress.it\\\/\"},{\"@type\":\"ListItem\",\"position\":2,\"name\":\"Attivo in Comelico il Fisiovan: la riabilitazione vicino casa targata Ulss Dolomiti\"}]},{\"@type\":\"WebSite\",\"@id\":\"https:\\\/\\\/www.bellunopress.it\\\/#website\",\"url\":\"https:\\\/\\\/www.bellunopress.it\\\/\",\"name\":\"Bellunopress - Dolomiti\",\"description\":\"e-mail: redazione@bellunopress.it\",\"publisher\":{\"@id\":\"https:\\\/\\\/www.bellunopress.it\\\/#organization\"},\"potentialAction\":[{\"@type\":\"SearchAction\",\"target\":{\"@type\":\"EntryPoint\",\"urlTemplate\":\"https:\\\/\\\/www.bellunopress.it\\\/?s={search_term_string}\"},\"query-input\":{\"@type\":\"PropertyValueSpecification\",\"valueRequired\":true,\"valueName\":\"search_term_string\"}}],\"inLanguage\":\"fr-FR\"},{\"@type\":\"Organization\",\"@id\":\"https:\\\/\\\/www.bellunopress.it\\\/#organization\",\"name\":\"Bellunopress\",\"url\":\"https:\\\/\\\/www.bellunopress.it\\\/\",\"logo\":{\"@type\":\"ImageObject\",\"inLanguage\":\"fr-FR\",\"@id\":\"https:\\\/\\\/www.bellunopress.it\\\/#\\\/schema\\\/logo\\\/image\\\/\",\"url\":\"https:\\\/\\\/www.bellunopress.it\\\/wp-content\\\/uploads\\\/2011\\\/05\\\/cropped-logo-bellunopress-.jpg\",\"contentUrl\":\"https:\\\/\\\/www.bellunopress.it\\\/wp-content\\\/uploads\\\/2011\\\/05\\\/cropped-logo-bellunopress-.jpg\",\"width\":512,\"height\":512,\"caption\":\"Bellunopress\"},\"image\":{\"@id\":\"https:\\\/\\\/www.bellunopress.it\\\/#\\\/schema\\\/logo\\\/image\\\/\"},\"sameAs\":[\"https:\\\/\\\/www.facebook.com\\\/profile.php?id=100008943462799\",\"https:\\\/\\\/x.com\\\/bellunopress\",\"https:\\\/\\\/www.linkedin.com\\\/hp\\\/?dnr=JBzUWaJfMUw8vbXJJ2tVW5-I3jZKvC4wsoxE&amp;amp;amp;amp;amp;amp;trk=nav_responsive_tab_home\",\"https:\\\/\\\/www.youtube.com\\\/channel\\\/UCxL0wu1uN0_3_7hGG0306cw\"]},{\"@type\":\"Person\",\"@id\":\"https:\\\/\\\/www.bellunopress.it\\\/#\\\/schema\\\/person\\\/79bb06722b37ece1c03d3e94beb30d73\",\"name\":\"redazione\",\"image\":{\"@type\":\"ImageObject\",\"inLanguage\":\"fr-FR\",\"@id\":\"https:\\\/\\\/secure.gravatar.com\\\/avatar\\\/37d968a2e67a6fd04c169c4bdef102d0bc5d31b2546345219e348575eb80e9a0?s=96&d=mm&r=g\",\"url\":\"https:\\\/\\\/secure.gravatar.com\\\/avatar\\\/37d968a2e67a6fd04c169c4bdef102d0bc5d31b2546345219e348575eb80e9a0?s=96&d=mm&r=g\",\"contentUrl\":\"https:\\\/\\\/secure.gravatar.com\\\/avatar\\\/37d968a2e67a6fd04c169c4bdef102d0bc5d31b2546345219e348575eb80e9a0?s=96&d=mm&r=g\",\"caption\":\"redazione\"},\"sameAs\":[\"http:\\\/\\\/www.bellunopress.it\",\"https:\\\/\\\/x.com\\\/bellunopress\"],\"url\":\"https:\\\/\\\/www.bellunopress.it\\\/fr\\\/author\\\/redazione\\\/\"}]}<\/script>\n<!-- \/ Yoast SEO plugin. -->","yoast_head_json":{"title":"Attivo in Comelico il Fisiovan: la riabilitazione vicino casa targata Ulss Dolomiti - Bellunopress - Dolomiti","robots":{"index":"index","follow":"follow","max-snippet":"max-snippet:-1","max-image-preview":"max-image-preview:large","max-video-preview":"max-video-preview:-1"},"canonical":"https:\/\/www.bellunopress.it\/fr\/2026\/02\/16\/attivo-in-comelico-il-fisiovan-la-riabilitazione-vicino-casa-targata-ulss-dolomiti\/","og_locale":"fr_FR","og_type":"article","og_title":"Attivo in Comelico il Fisiovan: la riabilitazione vicino casa targata Ulss Dolomiti - Bellunopress - Dolomiti","og_description":"Il Direttore Generale Dal Ben: \u00abUn ospedale che si muove verso il cittadino\u00bb. Il servizio \u00e8 attivo: ecco come accedere. Santo Stefano di Cadore (BL) 16 febbraio 2026 &#8211; Si \u00e8 tenuta oggi a Santo Stefano di Cadore la presentazione ufficiale di FisioVan, il progetto sperimentale di riabilitazione mobile fortemente dalla direzione dell\u2019Azienda ULSS 1 [&hellip;]","og_url":"https:\/\/www.bellunopress.it\/fr\/2026\/02\/16\/attivo-in-comelico-il-fisiovan-la-riabilitazione-vicino-casa-targata-ulss-dolomiti\/","og_site_name":"Bellunopress - Dolomiti","article_publisher":"https:\/\/www.facebook.com\/profile.php?id=100008943462799","article_published_time":"2026-02-16T16:42:33+00:00","og_image":[{"width":500,"height":375,"url":"https:\/\/www.bellunopress.it\/wp-content\/uploads\/2026\/02\/Fisiovan-Ulss.jpeg","type":"image\/jpeg"}],"author":"redazione","twitter_card":"summary_large_image","twitter_creator":"@bellunopress","twitter_site":"@bellunopress","twitter_misc":{"\u00c9crit par":"redazione","Dur\u00e9e de lecture estim\u00e9e":"3 minutes"},"schema":{"@context":"https:\/\/schema.org","@graph":[{"@type":"Article","@id":"https:\/\/www.bellunopress.it\/2026\/02\/16\/attivo-in-comelico-il-fisiovan-la-riabilitazione-vicino-casa-targata-ulss-dolomiti\/#article","isPartOf":{"@id":"https:\/\/www.bellunopress.it\/2026\/02\/16\/attivo-in-comelico-il-fisiovan-la-riabilitazione-vicino-casa-targata-ulss-dolomiti\/"},"author":{"name":"redazione","@id":"https:\/\/www.bellunopress.it\/#\/schema\/person\/79bb06722b37ece1c03d3e94beb30d73"},"headline":"Attivo in Comelico il Fisiovan: la riabilitazione vicino casa targata Ulss Dolomiti","datePublished":"2026-02-16T16:42:33+00:00","mainEntityOfPage":{"@id":"https:\/\/www.bellunopress.it\/2026\/02\/16\/attivo-in-comelico-il-fisiovan-la-riabilitazione-vicino-casa-targata-ulss-dolomiti\/"},"wordCount":714,"publisher":{"@id":"https:\/\/www.bellunopress.it\/#organization"},"image":{"@id":"https:\/\/www.bellunopress.it\/2026\/02\/16\/attivo-in-comelico-il-fisiovan-la-riabilitazione-vicino-casa-targata-ulss-dolomiti\/#primaryimage"},"thumbnailUrl":"https:\/\/www.bellunopress.it\/wp-content\/uploads\/2026\/02\/Fisiovan-Ulss.jpeg","articleSection":["Sanit\u00e0 Medicina"],"inLanguage":"fr-FR"},{"@type":"WebPage","@id":"https:\/\/www.bellunopress.it\/2026\/02\/16\/attivo-in-comelico-il-fisiovan-la-riabilitazione-vicino-casa-targata-ulss-dolomiti\/","url":"https:\/\/www.bellunopress.it\/2026\/02\/16\/attivo-in-comelico-il-fisiovan-la-riabilitazione-vicino-casa-targata-ulss-dolomiti\/","name":"Attivo in Comelico il Fisiovan: la riabilitazione vicino casa targata Ulss Dolomiti - Bellunopress - Dolomiti","isPartOf":{"@id":"https:\/\/www.bellunopress.it\/#website"},"primaryImageOfPage":{"@id":"https:\/\/www.bellunopress.it\/2026\/02\/16\/attivo-in-comelico-il-fisiovan-la-riabilitazione-vicino-casa-targata-ulss-dolomiti\/#primaryimage"},"image":{"@id":"https:\/\/www.bellunopress.it\/2026\/02\/16\/attivo-in-comelico-il-fisiovan-la-riabilitazione-vicino-casa-targata-ulss-dolomiti\/#primaryimage"},"thumbnailUrl":"https:\/\/www.bellunopress.it\/wp-content\/uploads\/2026\/02\/Fisiovan-Ulss.jpeg","datePublished":"2026-02-16T16:42:33+00:00","breadcrumb":{"@id":"https:\/\/www.bellunopress.it\/2026\/02\/16\/attivo-in-comelico-il-fisiovan-la-riabilitazione-vicino-casa-targata-ulss-dolomiti\/#breadcrumb"},"inLanguage":"fr-FR","potentialAction":[{"@type":"ReadAction","target":["https:\/\/www.bellunopress.it\/2026\/02\/16\/attivo-in-comelico-il-fisiovan-la-riabilitazione-vicino-casa-targata-ulss-dolomiti\/"]}]},{"@type":"ImageObject","inLanguage":"fr-FR","@id":"https:\/\/www.bellunopress.it\/2026\/02\/16\/attivo-in-comelico-il-fisiovan-la-riabilitazione-vicino-casa-targata-ulss-dolomiti\/#primaryimage","url":"https:\/\/www.bellunopress.it\/wp-content\/uploads\/2026\/02\/Fisiovan-Ulss.jpeg","contentUrl":"https:\/\/www.bellunopress.it\/wp-content\/uploads\/2026\/02\/Fisiovan-Ulss.jpeg","width":500,"height":375},{"@type":"BreadcrumbList","@id":"https:\/\/www.bellunopress.it\/2026\/02\/16\/attivo-in-comelico-il-fisiovan-la-riabilitazione-vicino-casa-targata-ulss-dolomiti\/#breadcrumb","itemListElement":[{"@type":"ListItem","position":1,"name":"Home","item":"https:\/\/www.bellunopress.it\/"},{"@type":"ListItem","position":2,"name":"Attivo in Comelico il Fisiovan: la riabilitazione vicino casa targata Ulss Dolomiti"}]},{"@type":"WebSite","@id":"https:\/\/www.bellunopress.it\/#website","url":"https:\/\/www.bellunopress.it\/","name":"Bellunopress - Dolomiti","description":"e-mail: redazione@bellunopress.it","publisher":{"@id":"https:\/\/www.bellunopress.it\/#organization"},"potentialAction":[{"@type":"SearchAction","target":{"@type":"EntryPoint","urlTemplate":"https:\/\/www.bellunopress.it\/?s={search_term_string}"},"query-input":{"@type":"PropertyValueSpecification","valueRequired":true,"valueName":"search_term_string"}}],"inLanguage":"fr-FR"},{"@type":"Organization","@id":"https:\/\/www.bellunopress.it\/#organization","name":"Bellunopress","url":"https:\/\/www.bellunopress.it\/","logo":{"@type":"ImageObject","inLanguage":"fr-FR","@id":"https:\/\/www.bellunopress.it\/#\/schema\/logo\/image\/","url":"https:\/\/www.bellunopress.it\/wp-content\/uploads\/2011\/05\/cropped-logo-bellunopress-.jpg","contentUrl":"https:\/\/www.bellunopress.it\/wp-content\/uploads\/2011\/05\/cropped-logo-bellunopress-.jpg","width":512,"height":512,"caption":"Bellunopress"},"image":{"@id":"https:\/\/www.bellunopress.it\/#\/schema\/logo\/image\/"},"sameAs":["https:\/\/www.facebook.com\/profile.php?id=100008943462799","https:\/\/x.com\/bellunopress","https:\/\/www.linkedin.com\/hp\/?dnr=JBzUWaJfMUw8vbXJJ2tVW5-I3jZKvC4wsoxE&amp;amp;amp;amp;amp;amp;trk=nav_responsive_tab_home","https:\/\/www.youtube.com\/channel\/UCxL0wu1uN0_3_7hGG0306cw"]},{"@type":"Person","@id":"https:\/\/www.bellunopress.it\/#\/schema\/person\/79bb06722b37ece1c03d3e94beb30d73","name":"r\u00e9daction","image":{"@type":"ImageObject","inLanguage":"fr-FR","@id":"https:\/\/secure.gravatar.com\/avatar\/37d968a2e67a6fd04c169c4bdef102d0bc5d31b2546345219e348575eb80e9a0?s=96&d=mm&r=g","url":"https:\/\/secure.gravatar.com\/avatar\/37d968a2e67a6fd04c169c4bdef102d0bc5d31b2546345219e348575eb80e9a0?s=96&d=mm&r=g","contentUrl":"https:\/\/secure.gravatar.com\/avatar\/37d968a2e67a6fd04c169c4bdef102d0bc5d31b2546345219e348575eb80e9a0?s=96&d=mm&r=g","caption":"redazione"},"sameAs":["http:\/\/www.bellunopress.it","https:\/\/x.com\/bellunopress"],"url":"https:\/\/www.bellunopress.it\/fr\/author\/redazione\/"}]}},"_links":{"self":[{"href":"https:\/\/www.bellunopress.it\/fr\/wp-json\/wp\/v2\/posts\/167510","targetHints":{"allow":["GET"]}}],"collection":[{"href":"https:\/\/www.bellunopress.it\/fr\/wp-json\/wp\/v2\/posts"}],"about":[{"href":"https:\/\/www.bellunopress.it\/fr\/wp-json\/wp\/v2\/types\/post"}],"author":[{"embeddable":true,"href":"https:\/\/www.bellunopress.it\/fr\/wp-json\/wp\/v2\/users\/2"}],"replies":[{"embeddable":true,"href":"https:\/\/www.bellunopress.it\/fr\/wp-json\/wp\/v2\/comments?post=167510"}],"version-history":[{"count":1,"href":"https:\/\/www.bellunopress.it\/fr\/wp-json\/wp\/v2\/posts\/167510\/revisions"}],"predecessor-version":[{"id":167512,"href":"https:\/\/www.bellunopress.it\/fr\/wp-json\/wp\/v2\/posts\/167510\/revisions\/167512"}],"wp:featuredmedia":[{"embeddable":true,"href":"https:\/\/www.bellunopress.it\/fr\/wp-json\/wp\/v2\/media\/167511"}],"wp:attachment":[{"href":"https:\/\/www.bellunopress.it\/fr\/wp-json\/wp\/v2\/media?parent=167510"}],"wp:term":[{"taxonomy":"category","embeddable":true,"href":"https:\/\/www.bellunopress.it\/fr\/wp-json\/wp\/v2\/categories?post=167510"},{"taxonomy":"post_tag","embeddable":true,"href":"https:\/\/www.bellunopress.it\/fr\/wp-json\/wp\/v2\/tags?post=167510"}],"curies":[{"name":"wp","href":"https:\/\/api.w.org\/{rel}","templated":true}]}}