{"id":167508,"date":"2026-02-16T16:55:12","date_gmt":"2026-02-16T15:55:12","guid":{"rendered":"https:\/\/www.bellunopress.it\/?p=167508"},"modified":"2026-02-16T16:55:12","modified_gmt":"2026-02-16T15:55:12","slug":"il-veneto-in-un-calice-a-santa-lucia-di-piave-torna-vinetia-tasting-con-800-etichette","status":"publish","type":"post","link":"https:\/\/www.bellunopress.it\/fr\/2026\/02\/16\/il-veneto-in-un-calice-a-santa-lucia-di-piave-torna-vinetia-tasting-con-800-etichette\/","title":{"rendered":"Il Veneto in un calice: a Santa Lucia di Piave torna Vinetia Tasting con 800 etichette"},"content":{"rendered":"<p data-path-to-node=\"0\">\n<p data-path-to-node=\"3\"><b data-path-to-node=\"3\" data-index-in-node=\"0\">Domenica 22 marzo, il Polo Fieristico trevigiano ospiter\u00e0 la quinta edizione della manifestazione firmata AIS Veneto. Tra le novit\u00e0, la partecipazione di otto Consorzi di tutela e tour guidati anche in lingua inglese.<\/b><\/p>\n<p data-path-to-node=\"4\"><b data-path-to-node=\"4\" data-index-in-node=\"0\">Santa Lucia di Piave<\/b>\u00a0\u2013 Il meglio dell\u2019enologia veneta si ritrova a Santa Lucia di Piave. Domenica 22 marzo, gli spazi del Polo Fieristico trevigiano apriranno le porte alla quinta edizione di Vinetia Tasting \u2013 Il Veneto nel calice, l\u2019evento d\u2019eccellenza firmato dall\u2019Associazione Italiana Sommelier (AIS) Veneto che celebra la ricchezza vitivinicola della regione.<\/p>\n<h3 data-path-to-node=\"5\">Un viaggio tra i territori: numeri e protagonisti<\/h3>\n<p data-path-to-node=\"6\">L\u2019edizione di quest&#8217;anno si preannuncia imponente: oltre 150 aziende presenti e ben 800 etichette in degustazione, selezionate con cura dai sommelier AIS per la guida <i data-path-to-node=\"6\" data-index-in-node=\"167\">Vinetia<\/i>. La grande novit\u00e0 del 2026 \u00e8 il coinvolgimento diretto di otto Consorzi di tutela, pilastri della produzione regionale: dalla Valpolicella al Soave, dal Conegliano Valdobbiadene Prosecco Superiore alla DOC Garda, passando per Lugana, Bardolino, Lessini Durello e Custoza.<\/p>\n<p data-path-to-node=\"7\"><i data-path-to-node=\"7\" data-index-in-node=\"0\">&#8220;Vinetia Tasting si conferma un appassionante itinerario sensoriale,&#8221;<\/i> ha dichiarato Gianpaolo Breda, Presidente di AIS Veneto. <i data-path-to-node=\"7\" data-index-in-node=\"127\">&#8220;Unendo aziende e Consorzi, diamo una rappresentazione completa e autentica dei nostri territori, valorizzando sia il lavoro dei singoli produttori che quello collettivo delle denominazioni.&#8221;<\/i><\/p>\n<h3 data-path-to-node=\"8\">Non solo calici: istruzioni per l&#8217;uso<\/h3>\n<p data-path-to-node=\"9\">L\u2019evento non si limita alla semplice degustazione, ma punta sulla cultura del vino. Per tutta la giornata, a partire dalle 10:30, i sommelier dell&#8217;AIS guideranno il pubblico in brevi &#8220;viaggi nel territorio&#8221;: percorsi tematici di approfondimento della durata di pochi minuti, disponibili quest&#8217;anno anche in lingua inglese per accogliere un pubblico internazionale.<\/p>\n<p data-path-to-node=\"10\">Per chi cerca un\u2019esperienza pi\u00f9 tecnica, il programma prevede quattro masterclass condotte da &#8220;fuoriclasse&#8221; della sommellerie:<\/p>\n<ul data-path-to-node=\"11\">\n<li>\n<p data-path-to-node=\"11,0,0\">Cristian Maitan (Miglior Sommelier d\u2019Italia 2023) guider\u00e0 un focus sui Metodo Classico veneti e una verticale storica di Amarone della Valpolicella <i data-path-to-node=\"11,0,0\" data-index-in-node=\"148\">Case Vecie<\/i>.<\/p>\n<\/li>\n<li>\n<p data-path-to-node=\"11,1,0\">Michele Manca (Miglior Sommelier del Veneto 2022) condurr\u00e0 i partecipanti alla scoperta dei vitigni storici e delle variet\u00e0 minori.<\/p>\n<\/li>\n<li>\n<p data-path-to-node=\"11,2,0\">Alberto Toffanello (Miglior Sommelier del Veneto 2025) esplorer\u00e0 l\u2019illustre tradizione dei tagli bordolesi in terra veneta.<\/p>\n<\/li>\n<\/ul>\n<h3 data-path-to-node=\"12\">Informazioni utili<\/h3>\n<p data-path-to-node=\"13\">La manifestazione sar\u00e0 aperta al pubblico dalle 10:00 alle 19:00. I biglietti sono gi\u00e0 disponibili in prevendita online sul sito ufficiale fino al 20 marzo: il costo \u00e8 di 18 euro per i soci AIS e 22 euro per i simpatizzanti (l\u2019ingresso include il banco d&#8217;assaggio e la partecipazione ai percorsi guidati fino a esaurimento posti).<\/p>\n<p data-path-to-node=\"14\">Per maggiori dettagli e prenotazioni, \u00e8 possibile consultare il sito <a class=\"ng-star-inserted\" href=\"http:\/\/www.vinetiatasting.it\" target=\"_blank\" rel=\"noopener\" data-hveid=\"0\" data-ved=\"0CAAQ_4QMahcKEwjLxfC0rd6SAxUAAAAAHQAAAAAQQg\">www.vinetiatasting.it<\/a>.<\/p>","protected":false},"excerpt":{"rendered":"<p>Domenica 22 marzo, il Polo Fieristico trevigiano ospiter\u00e0 la quinta edizione della manifestazione firmata AIS Veneto. Tra le novit\u00e0, la partecipazione di otto Consorzi di tutela e tour guidati anche in lingua inglese. Santa Lucia di Piave\u00a0\u2013 Il meglio dell\u2019enologia veneta si ritrova a Santa Lucia di Piave. Domenica 22 marzo, gli spazi del Polo [&hellip;]<\/p>\n","protected":false},"author":2,"featured_media":133218,"comment_status":"closed","ping_status":"open","sticky":false,"template":"","format":"standard","meta":{"footnotes":""},"categories":[3393],"tags":[],"class_list":["post-167508","post","type-post","status-publish","format-standard","has-post-thumbnail","category-eventi-enogastronomici"],"yoast_head":"<!-- This site is optimized with the Yoast SEO plugin v28.4 - https:\/\/yoast.com\/product\/yoast-seo-wordpress\/ -->\n<title>Il Veneto in un calice: a Santa Lucia di Piave torna Vinetia Tasting con 800 etichette - Bellunopress - Dolomiti<\/title>\n<meta name=\"robots\" content=\"index, follow, max-snippet:-1, max-image-preview:large, max-video-preview:-1\" \/>\n<link rel=\"canonical\" href=\"https:\/\/www.bellunopress.it\/fr\/2026\/02\/16\/il-veneto-in-un-calice-a-santa-lucia-di-piave-torna-vinetia-tasting-con-800-etichette\/\" \/>\n<meta property=\"og:locale\" content=\"fr_FR\" \/>\n<meta property=\"og:type\" content=\"article\" \/>\n<meta property=\"og:title\" content=\"Il Veneto in un calice: a Santa Lucia di Piave torna Vinetia Tasting con 800 etichette - Bellunopress - Dolomiti\" \/>\n<meta property=\"og:description\" content=\"Domenica 22 marzo, il Polo Fieristico trevigiano ospiter\u00e0 la quinta edizione della manifestazione firmata AIS Veneto. Tra le novit\u00e0, la partecipazione di otto Consorzi di tutela e tour guidati anche in lingua inglese. Santa Lucia di Piave\u00a0\u2013 Il meglio dell\u2019enologia veneta si ritrova a Santa Lucia di Piave. Domenica 22 marzo, gli spazi del Polo [&hellip;]\" \/>\n<meta property=\"og:url\" content=\"https:\/\/www.bellunopress.it\/fr\/2026\/02\/16\/il-veneto-in-un-calice-a-santa-lucia-di-piave-torna-vinetia-tasting-con-800-etichette\/\" \/>\n<meta property=\"og:site_name\" content=\"Bellunopress - Dolomiti\" \/>\n<meta property=\"article:publisher\" content=\"https:\/\/www.facebook.com\/profile.php?id=100008943462799\" \/>\n<meta property=\"article:published_time\" content=\"2026-02-16T15:55:12+00:00\" \/>\n<meta property=\"og:image\" content=\"https:\/\/www.bellunopress.it\/wp-content\/uploads\/2022\/05\/vino-Ais-Veneto_edited.jpg\" \/>\n\t<meta property=\"og:image:width\" content=\"1000\" \/>\n\t<meta property=\"og:image:height\" content=\"664\" \/>\n\t<meta property=\"og:image:type\" content=\"image\/jpeg\" \/>\n<meta name=\"author\" content=\"redazione\" \/>\n<meta name=\"twitter:card\" content=\"summary_large_image\" \/>\n<meta name=\"twitter:creator\" content=\"@bellunopress\" \/>\n<meta name=\"twitter:site\" content=\"@bellunopress\" \/>\n<meta name=\"twitter:label1\" content=\"\u00c9crit par\" \/>\n\t<meta name=\"twitter:data1\" content=\"redazione\" \/>\n\t<meta name=\"twitter:label2\" content=\"Dur\u00e9e de lecture estim\u00e9e\" \/>\n\t<meta name=\"twitter:data2\" content=\"2 minutes\" \/>\n<script type=\"application\/ld+json\" class=\"yoast-schema-graph\">{\"@context\":\"https:\\\/\\\/schema.org\",\"@graph\":[{\"@type\":\"Article\",\"@id\":\"https:\\\/\\\/www.bellunopress.it\\\/2026\\\/02\\\/16\\\/il-veneto-in-un-calice-a-santa-lucia-di-piave-torna-vinetia-tasting-con-800-etichette\\\/#article\",\"isPartOf\":{\"@id\":\"https:\\\/\\\/www.bellunopress.it\\\/2026\\\/02\\\/16\\\/il-veneto-in-un-calice-a-santa-lucia-di-piave-torna-vinetia-tasting-con-800-etichette\\\/\"},\"author\":{\"name\":\"redazione\",\"@id\":\"https:\\\/\\\/www.bellunopress.it\\\/#\\\/schema\\\/person\\\/79bb06722b37ece1c03d3e94beb30d73\"},\"headline\":\"Il Veneto in un calice: a Santa Lucia di Piave torna Vinetia Tasting con 800 etichette\",\"datePublished\":\"2026-02-16T15:55:12+00:00\",\"mainEntityOfPage\":{\"@id\":\"https:\\\/\\\/www.bellunopress.it\\\/2026\\\/02\\\/16\\\/il-veneto-in-un-calice-a-santa-lucia-di-piave-torna-vinetia-tasting-con-800-etichette\\\/\"},\"wordCount\":414,\"publisher\":{\"@id\":\"https:\\\/\\\/www.bellunopress.it\\\/#organization\"},\"image\":{\"@id\":\"https:\\\/\\\/www.bellunopress.it\\\/2026\\\/02\\\/16\\\/il-veneto-in-un-calice-a-santa-lucia-di-piave-torna-vinetia-tasting-con-800-etichette\\\/#primaryimage\"},\"thumbnailUrl\":\"https:\\\/\\\/www.bellunopress.it\\\/wp-content\\\/uploads\\\/2022\\\/05\\\/vino-Ais-Veneto_edited.jpg\",\"articleSection\":[\"Eventi enogastronomici\"],\"inLanguage\":\"fr-FR\"},{\"@type\":\"WebPage\",\"@id\":\"https:\\\/\\\/www.bellunopress.it\\\/2026\\\/02\\\/16\\\/il-veneto-in-un-calice-a-santa-lucia-di-piave-torna-vinetia-tasting-con-800-etichette\\\/\",\"url\":\"https:\\\/\\\/www.bellunopress.it\\\/2026\\\/02\\\/16\\\/il-veneto-in-un-calice-a-santa-lucia-di-piave-torna-vinetia-tasting-con-800-etichette\\\/\",\"name\":\"Il Veneto in un calice: a Santa Lucia di Piave torna Vinetia Tasting con 800 etichette - Bellunopress - Dolomiti\",\"isPartOf\":{\"@id\":\"https:\\\/\\\/www.bellunopress.it\\\/#website\"},\"primaryImageOfPage\":{\"@id\":\"https:\\\/\\\/www.bellunopress.it\\\/2026\\\/02\\\/16\\\/il-veneto-in-un-calice-a-santa-lucia-di-piave-torna-vinetia-tasting-con-800-etichette\\\/#primaryimage\"},\"image\":{\"@id\":\"https:\\\/\\\/www.bellunopress.it\\\/2026\\\/02\\\/16\\\/il-veneto-in-un-calice-a-santa-lucia-di-piave-torna-vinetia-tasting-con-800-etichette\\\/#primaryimage\"},\"thumbnailUrl\":\"https:\\\/\\\/www.bellunopress.it\\\/wp-content\\\/uploads\\\/2022\\\/05\\\/vino-Ais-Veneto_edited.jpg\",\"datePublished\":\"2026-02-16T15:55:12+00:00\",\"breadcrumb\":{\"@id\":\"https:\\\/\\\/www.bellunopress.it\\\/2026\\\/02\\\/16\\\/il-veneto-in-un-calice-a-santa-lucia-di-piave-torna-vinetia-tasting-con-800-etichette\\\/#breadcrumb\"},\"inLanguage\":\"fr-FR\",\"potentialAction\":[{\"@type\":\"ReadAction\",\"target\":[\"https:\\\/\\\/www.bellunopress.it\\\/2026\\\/02\\\/16\\\/il-veneto-in-un-calice-a-santa-lucia-di-piave-torna-vinetia-tasting-con-800-etichette\\\/\"]}]},{\"@type\":\"ImageObject\",\"inLanguage\":\"fr-FR\",\"@id\":\"https:\\\/\\\/www.bellunopress.it\\\/2026\\\/02\\\/16\\\/il-veneto-in-un-calice-a-santa-lucia-di-piave-torna-vinetia-tasting-con-800-etichette\\\/#primaryimage\",\"url\":\"https:\\\/\\\/www.bellunopress.it\\\/wp-content\\\/uploads\\\/2022\\\/05\\\/vino-Ais-Veneto_edited.jpg\",\"contentUrl\":\"https:\\\/\\\/www.bellunopress.it\\\/wp-content\\\/uploads\\\/2022\\\/05\\\/vino-Ais-Veneto_edited.jpg\",\"width\":1000,\"height\":664},{\"@type\":\"BreadcrumbList\",\"@id\":\"https:\\\/\\\/www.bellunopress.it\\\/2026\\\/02\\\/16\\\/il-veneto-in-un-calice-a-santa-lucia-di-piave-torna-vinetia-tasting-con-800-etichette\\\/#breadcrumb\",\"itemListElement\":[{\"@type\":\"ListItem\",\"position\":1,\"name\":\"Home\",\"item\":\"https:\\\/\\\/www.bellunopress.it\\\/\"},{\"@type\":\"ListItem\",\"position\":2,\"name\":\"Il Veneto in un calice: a Santa Lucia di Piave torna Vinetia Tasting con 800 etichette\"}]},{\"@type\":\"WebSite\",\"@id\":\"https:\\\/\\\/www.bellunopress.it\\\/#website\",\"url\":\"https:\\\/\\\/www.bellunopress.it\\\/\",\"name\":\"Bellunopress - Dolomiti\",\"description\":\"e-mail: redazione@bellunopress.it\",\"publisher\":{\"@id\":\"https:\\\/\\\/www.bellunopress.it\\\/#organization\"},\"potentialAction\":[{\"@type\":\"SearchAction\",\"target\":{\"@type\":\"EntryPoint\",\"urlTemplate\":\"https:\\\/\\\/www.bellunopress.it\\\/?s={search_term_string}\"},\"query-input\":{\"@type\":\"PropertyValueSpecification\",\"valueRequired\":true,\"valueName\":\"search_term_string\"}}],\"inLanguage\":\"fr-FR\"},{\"@type\":\"Organization\",\"@id\":\"https:\\\/\\\/www.bellunopress.it\\\/#organization\",\"name\":\"Bellunopress\",\"url\":\"https:\\\/\\\/www.bellunopress.it\\\/\",\"logo\":{\"@type\":\"ImageObject\",\"inLanguage\":\"fr-FR\",\"@id\":\"https:\\\/\\\/www.bellunopress.it\\\/#\\\/schema\\\/logo\\\/image\\\/\",\"url\":\"https:\\\/\\\/www.bellunopress.it\\\/wp-content\\\/uploads\\\/2011\\\/05\\\/cropped-logo-bellunopress-.jpg\",\"contentUrl\":\"https:\\\/\\\/www.bellunopress.it\\\/wp-content\\\/uploads\\\/2011\\\/05\\\/cropped-logo-bellunopress-.jpg\",\"width\":512,\"height\":512,\"caption\":\"Bellunopress\"},\"image\":{\"@id\":\"https:\\\/\\\/www.bellunopress.it\\\/#\\\/schema\\\/logo\\\/image\\\/\"},\"sameAs\":[\"https:\\\/\\\/www.facebook.com\\\/profile.php?id=100008943462799\",\"https:\\\/\\\/x.com\\\/bellunopress\",\"https:\\\/\\\/www.linkedin.com\\\/hp\\\/?dnr=JBzUWaJfMUw8vbXJJ2tVW5-I3jZKvC4wsoxE&amp;amp;amp;amp;amp;amp;trk=nav_responsive_tab_home\",\"https:\\\/\\\/www.youtube.com\\\/channel\\\/UCxL0wu1uN0_3_7hGG0306cw\"]},{\"@type\":\"Person\",\"@id\":\"https:\\\/\\\/www.bellunopress.it\\\/#\\\/schema\\\/person\\\/79bb06722b37ece1c03d3e94beb30d73\",\"name\":\"redazione\",\"image\":{\"@type\":\"ImageObject\",\"inLanguage\":\"fr-FR\",\"@id\":\"https:\\\/\\\/secure.gravatar.com\\\/avatar\\\/37d968a2e67a6fd04c169c4bdef102d0bc5d31b2546345219e348575eb80e9a0?s=96&d=mm&r=g\",\"url\":\"https:\\\/\\\/secure.gravatar.com\\\/avatar\\\/37d968a2e67a6fd04c169c4bdef102d0bc5d31b2546345219e348575eb80e9a0?s=96&d=mm&r=g\",\"contentUrl\":\"https:\\\/\\\/secure.gravatar.com\\\/avatar\\\/37d968a2e67a6fd04c169c4bdef102d0bc5d31b2546345219e348575eb80e9a0?s=96&d=mm&r=g\",\"caption\":\"redazione\"},\"sameAs\":[\"http:\\\/\\\/www.bellunopress.it\",\"https:\\\/\\\/x.com\\\/bellunopress\"],\"url\":\"https:\\\/\\\/www.bellunopress.it\\\/fr\\\/author\\\/redazione\\\/\"}]}<\/script>\n<!-- \/ Yoast SEO plugin. -->","yoast_head_json":{"title":"Il Veneto in un calice: a Santa Lucia di Piave torna Vinetia Tasting con 800 etichette - Bellunopress - Dolomiti","robots":{"index":"index","follow":"follow","max-snippet":"max-snippet:-1","max-image-preview":"max-image-preview:large","max-video-preview":"max-video-preview:-1"},"canonical":"https:\/\/www.bellunopress.it\/fr\/2026\/02\/16\/il-veneto-in-un-calice-a-santa-lucia-di-piave-torna-vinetia-tasting-con-800-etichette\/","og_locale":"fr_FR","og_type":"article","og_title":"Il Veneto in un calice: a Santa Lucia di Piave torna Vinetia Tasting con 800 etichette - Bellunopress - Dolomiti","og_description":"Domenica 22 marzo, il Polo Fieristico trevigiano ospiter\u00e0 la quinta edizione della manifestazione firmata AIS Veneto. Tra le novit\u00e0, la partecipazione di otto Consorzi di tutela e tour guidati anche in lingua inglese. Santa Lucia di Piave\u00a0\u2013 Il meglio dell\u2019enologia veneta si ritrova a Santa Lucia di Piave. Domenica 22 marzo, gli spazi del Polo [&hellip;]","og_url":"https:\/\/www.bellunopress.it\/fr\/2026\/02\/16\/il-veneto-in-un-calice-a-santa-lucia-di-piave-torna-vinetia-tasting-con-800-etichette\/","og_site_name":"Bellunopress - Dolomiti","article_publisher":"https:\/\/www.facebook.com\/profile.php?id=100008943462799","article_published_time":"2026-02-16T15:55:12+00:00","og_image":[{"width":1000,"height":664,"url":"https:\/\/www.bellunopress.it\/wp-content\/uploads\/2022\/05\/vino-Ais-Veneto_edited.jpg","type":"image\/jpeg"}],"author":"redazione","twitter_card":"summary_large_image","twitter_creator":"@bellunopress","twitter_site":"@bellunopress","twitter_misc":{"\u00c9crit par":"redazione","Dur\u00e9e de lecture estim\u00e9e":"2 minutes"},"schema":{"@context":"https:\/\/schema.org","@graph":[{"@type":"Article","@id":"https:\/\/www.bellunopress.it\/2026\/02\/16\/il-veneto-in-un-calice-a-santa-lucia-di-piave-torna-vinetia-tasting-con-800-etichette\/#article","isPartOf":{"@id":"https:\/\/www.bellunopress.it\/2026\/02\/16\/il-veneto-in-un-calice-a-santa-lucia-di-piave-torna-vinetia-tasting-con-800-etichette\/"},"author":{"name":"redazione","@id":"https:\/\/www.bellunopress.it\/#\/schema\/person\/79bb06722b37ece1c03d3e94beb30d73"},"headline":"Il Veneto in un calice: a Santa Lucia di Piave torna Vinetia Tasting con 800 etichette","datePublished":"2026-02-16T15:55:12+00:00","mainEntityOfPage":{"@id":"https:\/\/www.bellunopress.it\/2026\/02\/16\/il-veneto-in-un-calice-a-santa-lucia-di-piave-torna-vinetia-tasting-con-800-etichette\/"},"wordCount":414,"publisher":{"@id":"https:\/\/www.bellunopress.it\/#organization"},"image":{"@id":"https:\/\/www.bellunopress.it\/2026\/02\/16\/il-veneto-in-un-calice-a-santa-lucia-di-piave-torna-vinetia-tasting-con-800-etichette\/#primaryimage"},"thumbnailUrl":"https:\/\/www.bellunopress.it\/wp-content\/uploads\/2022\/05\/vino-Ais-Veneto_edited.jpg","articleSection":["Eventi enogastronomici"],"inLanguage":"fr-FR"},{"@type":"WebPage","@id":"https:\/\/www.bellunopress.it\/2026\/02\/16\/il-veneto-in-un-calice-a-santa-lucia-di-piave-torna-vinetia-tasting-con-800-etichette\/","url":"https:\/\/www.bellunopress.it\/2026\/02\/16\/il-veneto-in-un-calice-a-santa-lucia-di-piave-torna-vinetia-tasting-con-800-etichette\/","name":"Il Veneto in un calice: a Santa Lucia di Piave torna Vinetia Tasting con 800 etichette - Bellunopress - Dolomiti","isPartOf":{"@id":"https:\/\/www.bellunopress.it\/#website"},"primaryImageOfPage":{"@id":"https:\/\/www.bellunopress.it\/2026\/02\/16\/il-veneto-in-un-calice-a-santa-lucia-di-piave-torna-vinetia-tasting-con-800-etichette\/#primaryimage"},"image":{"@id":"https:\/\/www.bellunopress.it\/2026\/02\/16\/il-veneto-in-un-calice-a-santa-lucia-di-piave-torna-vinetia-tasting-con-800-etichette\/#primaryimage"},"thumbnailUrl":"https:\/\/www.bellunopress.it\/wp-content\/uploads\/2022\/05\/vino-Ais-Veneto_edited.jpg","datePublished":"2026-02-16T15:55:12+00:00","breadcrumb":{"@id":"https:\/\/www.bellunopress.it\/2026\/02\/16\/il-veneto-in-un-calice-a-santa-lucia-di-piave-torna-vinetia-tasting-con-800-etichette\/#breadcrumb"},"inLanguage":"fr-FR","potentialAction":[{"@type":"ReadAction","target":["https:\/\/www.bellunopress.it\/2026\/02\/16\/il-veneto-in-un-calice-a-santa-lucia-di-piave-torna-vinetia-tasting-con-800-etichette\/"]}]},{"@type":"ImageObject","inLanguage":"fr-FR","@id":"https:\/\/www.bellunopress.it\/2026\/02\/16\/il-veneto-in-un-calice-a-santa-lucia-di-piave-torna-vinetia-tasting-con-800-etichette\/#primaryimage","url":"https:\/\/www.bellunopress.it\/wp-content\/uploads\/2022\/05\/vino-Ais-Veneto_edited.jpg","contentUrl":"https:\/\/www.bellunopress.it\/wp-content\/uploads\/2022\/05\/vino-Ais-Veneto_edited.jpg","width":1000,"height":664},{"@type":"BreadcrumbList","@id":"https:\/\/www.bellunopress.it\/2026\/02\/16\/il-veneto-in-un-calice-a-santa-lucia-di-piave-torna-vinetia-tasting-con-800-etichette\/#breadcrumb","itemListElement":[{"@type":"ListItem","position":1,"name":"Home","item":"https:\/\/www.bellunopress.it\/"},{"@type":"ListItem","position":2,"name":"Il Veneto in un calice: a Santa Lucia di Piave torna Vinetia Tasting con 800 etichette"}]},{"@type":"WebSite","@id":"https:\/\/www.bellunopress.it\/#website","url":"https:\/\/www.bellunopress.it\/","name":"Bellunopress - Dolomiti","description":"e-mail: redazione@bellunopress.it","publisher":{"@id":"https:\/\/www.bellunopress.it\/#organization"},"potentialAction":[{"@type":"SearchAction","target":{"@type":"EntryPoint","urlTemplate":"https:\/\/www.bellunopress.it\/?s={search_term_string}"},"query-input":{"@type":"PropertyValueSpecification","valueRequired":true,"valueName":"search_term_string"}}],"inLanguage":"fr-FR"},{"@type":"Organization","@id":"https:\/\/www.bellunopress.it\/#organization","name":"Bellunopress","url":"https:\/\/www.bellunopress.it\/","logo":{"@type":"ImageObject","inLanguage":"fr-FR","@id":"https:\/\/www.bellunopress.it\/#\/schema\/logo\/image\/","url":"https:\/\/www.bellunopress.it\/wp-content\/uploads\/2011\/05\/cropped-logo-bellunopress-.jpg","contentUrl":"https:\/\/www.bellunopress.it\/wp-content\/uploads\/2011\/05\/cropped-logo-bellunopress-.jpg","width":512,"height":512,"caption":"Bellunopress"},"image":{"@id":"https:\/\/www.bellunopress.it\/#\/schema\/logo\/image\/"},"sameAs":["https:\/\/www.facebook.com\/profile.php?id=100008943462799","https:\/\/x.com\/bellunopress","https:\/\/www.linkedin.com\/hp\/?dnr=JBzUWaJfMUw8vbXJJ2tVW5-I3jZKvC4wsoxE&amp;amp;amp;amp;amp;amp;trk=nav_responsive_tab_home","https:\/\/www.youtube.com\/channel\/UCxL0wu1uN0_3_7hGG0306cw"]},{"@type":"Person","@id":"https:\/\/www.bellunopress.it\/#\/schema\/person\/79bb06722b37ece1c03d3e94beb30d73","name":"r\u00e9daction","image":{"@type":"ImageObject","inLanguage":"fr-FR","@id":"https:\/\/secure.gravatar.com\/avatar\/37d968a2e67a6fd04c169c4bdef102d0bc5d31b2546345219e348575eb80e9a0?s=96&d=mm&r=g","url":"https:\/\/secure.gravatar.com\/avatar\/37d968a2e67a6fd04c169c4bdef102d0bc5d31b2546345219e348575eb80e9a0?s=96&d=mm&r=g","contentUrl":"https:\/\/secure.gravatar.com\/avatar\/37d968a2e67a6fd04c169c4bdef102d0bc5d31b2546345219e348575eb80e9a0?s=96&d=mm&r=g","caption":"redazione"},"sameAs":["http:\/\/www.bellunopress.it","https:\/\/x.com\/bellunopress"],"url":"https:\/\/www.bellunopress.it\/fr\/author\/redazione\/"}]}},"_links":{"self":[{"href":"https:\/\/www.bellunopress.it\/fr\/wp-json\/wp\/v2\/posts\/167508","targetHints":{"allow":["GET"]}}],"collection":[{"href":"https:\/\/www.bellunopress.it\/fr\/wp-json\/wp\/v2\/posts"}],"about":[{"href":"https:\/\/www.bellunopress.it\/fr\/wp-json\/wp\/v2\/types\/post"}],"author":[{"embeddable":true,"href":"https:\/\/www.bellunopress.it\/fr\/wp-json\/wp\/v2\/users\/2"}],"replies":[{"embeddable":true,"href":"https:\/\/www.bellunopress.it\/fr\/wp-json\/wp\/v2\/comments?post=167508"}],"version-history":[{"count":1,"href":"https:\/\/www.bellunopress.it\/fr\/wp-json\/wp\/v2\/posts\/167508\/revisions"}],"predecessor-version":[{"id":167509,"href":"https:\/\/www.bellunopress.it\/fr\/wp-json\/wp\/v2\/posts\/167508\/revisions\/167509"}],"wp:featuredmedia":[{"embeddable":true,"href":"https:\/\/www.bellunopress.it\/fr\/wp-json\/wp\/v2\/media\/133218"}],"wp:attachment":[{"href":"https:\/\/www.bellunopress.it\/fr\/wp-json\/wp\/v2\/media?parent=167508"}],"wp:term":[{"taxonomy":"category","embeddable":true,"href":"https:\/\/www.bellunopress.it\/fr\/wp-json\/wp\/v2\/categories?post=167508"},{"taxonomy":"post_tag","embeddable":true,"href":"https:\/\/www.bellunopress.it\/fr\/wp-json\/wp\/v2\/tags?post=167508"}],"curies":[{"name":"wp","href":"https:\/\/api.w.org\/{rel}","templated":true}]}}