{"id":167485,"date":"2026-02-15T19:49:46","date_gmt":"2026-02-15T18:49:46","guid":{"rendered":"https:\/\/www.bellunopress.it\/?p=167485"},"modified":"2026-02-15T21:27:56","modified_gmt":"2026-02-15T20:27:56","slug":"trionfo-azzurro-sulle-dolomiti-domenica-doro-con-brignone-e-vittozzi","status":"publish","type":"post","link":"https:\/\/www.bellunopress.it\/fr\/2026\/02\/15\/trionfo-azzurro-sulle-dolomiti-domenica-doro-con-brignone-e-vittozzi\/","title":{"rendered":"Trionfo azzurro sulle Dolomiti: domenica d\u2019oro con Brignone e Vittozzi"},"content":{"rendered":"<p data-path-to-node=\"3\">Belluno, 15 febbraio 2026 &#8211; Una domenica che entra di diritto nella storia dello sport italiano e trasforma le Dolomiti nel centro del mondo. I Giochi Olimpici di Milano-Cortina 2026 hanno vissuto oggi, 15 febbraio, una giornata di grazia assoluta, tinta d\u2019oro e di bronzo, grazie alle imprese di atleti che hanno saputo domare le nevi di casa.<\/p>\n<h3 data-path-to-node=\"4\">Le regine della neve: Brignone e Vittozzi sul tetto del mondo<\/h3>\n<p data-path-to-node=\"5\">Il boato di Cortina d&#8217;Ampezzo\u00a0\u00e8 stato il colonna sonora del capolavoro di Federica Brignone. L\u2019azzurra ha conquistato un oro pesantissimo, confermandosi fuoriclasse senza tempo in una delle cornici pi\u00f9 prestigiose del circo bianco. Quasi in contemporanea, a Anterselva, il biathlon italiano ha celebrato il trionfo di Lisa Vittozzi: una prova di forza e precisione che le \u00e8 valsa la medaglia pi\u00f9 preziosa, mandando in estasi il pubblico di casa.<\/p>\n<h3 data-path-to-node=\"6\">Il cuore del fondo: Barp e Graz firmano il bronzo<\/h3>\n<p data-path-to-node=\"7\">Non solo oro. La Val di Fiemme ha regalato un\u2019altra emozione intensa con la staffetta di sci di fondo. Gli atleti &#8220;dolomitici&#8221; Elia Barp e Davide Graz sono stati i motori di una prestazione coraggiosa che ha portato l&#8217;Italia a conquistare un bronzo di valore inestimabile, dimostrando la vitalit\u00e0 della scuola azzurra nelle discipline di resistenza.<\/p>\n<h3 data-path-to-node=\"8\">Il commento: &#8220;Dolomiti ancora pi\u00f9 grandi&#8221;<\/h3>\n<p data-path-to-node=\"9\">L&#8217;entusiasmo per i risultati sportivi si intreccia con l&#8217;orgoglio per un&#8217;organizzazione che sta funzionando a pieno regime. Lorraine Berton, presidente di Confindustria Belluno Dolomiti e del Gruppo nazionale Grandi Eventi, ha commentato a caldo i successi:<\/p>\n<blockquote data-path-to-node=\"10\">\n<h6 style=\"text-align: left;\" data-path-to-node=\"10,0\">&#8220;Questi sono capolavori umani e sportivi che danno energia al nostro territorio, alle sue genti e alle sue imprese. Vittozzi, Barp e Graz sono talenti nati e cresciuti tra queste montagne: le loro gesta rendono le Dolomiti ancora pi\u00f9 grandi.&#8221;<\/h6>\n<\/blockquote>\n<p data-path-to-node=\"11\">Secondo Berton, il bilancio a met\u00e0 Olimpiade \u00e8 &#8220;galvanizzante&#8221; sotto ogni profilo: sportivo, organizzativo e logistico. Il successo degli atleti diventa cos\u00ec il volano per la futura attrattivit\u00e0 della montagna bellunese, mostrandola al mondo nella sua veste migliore.<\/p>\n<h3 data-path-to-node=\"12\">Verso la chiusura dei Giochi<\/h3>\n<p data-path-to-node=\"13\">Con l&#8217;Italia protagonista assoluta del medagliere in questa domenica di met\u00e0 febbraio, l&#8217;energia raccolta oggi promette di spingere il territorio verso le sfide future. &#8220;Ci stiamo mostrando al mondo per quello che siamo \u2013 conclude Berton \u2013 e questo ci far\u00e0 bene per il futuro&#8221;. Le Olimpiadi continuano, ma il segno lasciato oggi rester\u00e0 indelebile tra le vette patrimonio UNESCO.<\/p>","protected":false},"excerpt":{"rendered":"<p>Belluno, 15 febbraio 2026 &#8211; Una domenica che entra di diritto nella storia dello sport italiano e trasforma le Dolomiti nel centro del mondo. I Giochi Olimpici di Milano-Cortina 2026 hanno vissuto oggi, 15 febbraio, una giornata di grazia assoluta, tinta d\u2019oro e di bronzo, grazie alle imprese di atleti che hanno saputo domare le [&hellip;]<\/p>\n","protected":false},"author":2,"featured_media":127993,"comment_status":"closed","ping_status":"open","sticky":false,"template":"","format":"standard","meta":{"footnotes":""},"categories":[3446,26,4],"tags":[],"class_list":["post-167485","post","type-post","status-publish","format-standard","has-post-thumbnail","category-featured","category-prima-pagina","category-sport"],"yoast_head":"<!-- This site is optimized with the Yoast SEO plugin v28.4 - https:\/\/yoast.com\/product\/yoast-seo-wordpress\/ -->\n<title>Trionfo azzurro sulle Dolomiti: domenica d\u2019oro con Brignone e Vittozzi - Bellunopress - Dolomiti<\/title>\n<meta name=\"robots\" content=\"index, follow, max-snippet:-1, max-image-preview:large, max-video-preview:-1\" \/>\n<link rel=\"canonical\" href=\"https:\/\/www.bellunopress.it\/fr\/2026\/02\/15\/trionfo-azzurro-sulle-dolomiti-domenica-doro-con-brignone-e-vittozzi\/\" \/>\n<meta property=\"og:locale\" content=\"fr_FR\" \/>\n<meta property=\"og:type\" content=\"article\" \/>\n<meta property=\"og:title\" content=\"Trionfo azzurro sulle Dolomiti: domenica d\u2019oro con Brignone e Vittozzi - Bellunopress - Dolomiti\" \/>\n<meta property=\"og:description\" content=\"Belluno, 15 febbraio 2026 &#8211; Una domenica che entra di diritto nella storia dello sport italiano e trasforma le Dolomiti nel centro del mondo. I Giochi Olimpici di Milano-Cortina 2026 hanno vissuto oggi, 15 febbraio, una giornata di grazia assoluta, tinta d\u2019oro e di bronzo, grazie alle imprese di atleti che hanno saputo domare le [&hellip;]\" \/>\n<meta property=\"og:url\" content=\"https:\/\/www.bellunopress.it\/fr\/2026\/02\/15\/trionfo-azzurro-sulle-dolomiti-domenica-doro-con-brignone-e-vittozzi\/\" \/>\n<meta property=\"og:site_name\" content=\"Bellunopress - Dolomiti\" \/>\n<meta property=\"article:publisher\" content=\"https:\/\/www.facebook.com\/profile.php?id=100008943462799\" \/>\n<meta property=\"article:published_time\" content=\"2026-02-15T18:49:46+00:00\" \/>\n<meta property=\"article:modified_time\" content=\"2026-02-15T20:27:56+00:00\" \/>\n<meta property=\"og:image\" content=\"https:\/\/www.bellunopress.it\/wp-content\/uploads\/2021\/09\/Olimpiadi-invernali-2026-Milano-Cortina_edited.jpg\" \/>\n\t<meta property=\"og:image:width\" content=\"768\" \/>\n\t<meta property=\"og:image:height\" content=\"388\" \/>\n\t<meta property=\"og:image:type\" content=\"image\/jpeg\" \/>\n<meta name=\"author\" content=\"redazione\" \/>\n<meta name=\"twitter:card\" content=\"summary_large_image\" \/>\n<meta name=\"twitter:creator\" content=\"@bellunopress\" \/>\n<meta name=\"twitter:site\" content=\"@bellunopress\" \/>\n<meta name=\"twitter:label1\" content=\"\u00c9crit par\" \/>\n\t<meta name=\"twitter:data1\" content=\"redazione\" \/>\n\t<meta name=\"twitter:label2\" content=\"Dur\u00e9e de lecture estim\u00e9e\" \/>\n\t<meta name=\"twitter:data2\" content=\"2 minutes\" \/>\n<script type=\"application\/ld+json\" class=\"yoast-schema-graph\">{\"@context\":\"https:\\\/\\\/schema.org\",\"@graph\":[{\"@type\":\"Article\",\"@id\":\"https:\\\/\\\/www.bellunopress.it\\\/2026\\\/02\\\/15\\\/trionfo-azzurro-sulle-dolomiti-domenica-doro-con-brignone-e-vittozzi\\\/#article\",\"isPartOf\":{\"@id\":\"https:\\\/\\\/www.bellunopress.it\\\/2026\\\/02\\\/15\\\/trionfo-azzurro-sulle-dolomiti-domenica-doro-con-brignone-e-vittozzi\\\/\"},\"author\":{\"name\":\"redazione\",\"@id\":\"https:\\\/\\\/www.bellunopress.it\\\/#\\\/schema\\\/person\\\/79bb06722b37ece1c03d3e94beb30d73\"},\"headline\":\"Trionfo azzurro sulle Dolomiti: domenica d\u2019oro con Brignone e Vittozzi\",\"datePublished\":\"2026-02-15T18:49:46+00:00\",\"dateModified\":\"2026-02-15T20:27:56+00:00\",\"mainEntityOfPage\":{\"@id\":\"https:\\\/\\\/www.bellunopress.it\\\/2026\\\/02\\\/15\\\/trionfo-azzurro-sulle-dolomiti-domenica-doro-con-brignone-e-vittozzi\\\/\"},\"wordCount\":402,\"publisher\":{\"@id\":\"https:\\\/\\\/www.bellunopress.it\\\/#organization\"},\"image\":{\"@id\":\"https:\\\/\\\/www.bellunopress.it\\\/2026\\\/02\\\/15\\\/trionfo-azzurro-sulle-dolomiti-domenica-doro-con-brignone-e-vittozzi\\\/#primaryimage\"},\"thumbnailUrl\":\"https:\\\/\\\/www.bellunopress.it\\\/wp-content\\\/uploads\\\/2021\\\/09\\\/Olimpiadi-invernali-2026-Milano-Cortina_edited.jpg\",\"articleSection\":[\"Featured\",\"Prima Pagina\",\"Sport, tempo libero\"],\"inLanguage\":\"fr-FR\"},{\"@type\":\"WebPage\",\"@id\":\"https:\\\/\\\/www.bellunopress.it\\\/2026\\\/02\\\/15\\\/trionfo-azzurro-sulle-dolomiti-domenica-doro-con-brignone-e-vittozzi\\\/\",\"url\":\"https:\\\/\\\/www.bellunopress.it\\\/2026\\\/02\\\/15\\\/trionfo-azzurro-sulle-dolomiti-domenica-doro-con-brignone-e-vittozzi\\\/\",\"name\":\"Trionfo azzurro sulle Dolomiti: domenica d\u2019oro con Brignone e Vittozzi - Bellunopress - Dolomiti\",\"isPartOf\":{\"@id\":\"https:\\\/\\\/www.bellunopress.it\\\/#website\"},\"primaryImageOfPage\":{\"@id\":\"https:\\\/\\\/www.bellunopress.it\\\/2026\\\/02\\\/15\\\/trionfo-azzurro-sulle-dolomiti-domenica-doro-con-brignone-e-vittozzi\\\/#primaryimage\"},\"image\":{\"@id\":\"https:\\\/\\\/www.bellunopress.it\\\/2026\\\/02\\\/15\\\/trionfo-azzurro-sulle-dolomiti-domenica-doro-con-brignone-e-vittozzi\\\/#primaryimage\"},\"thumbnailUrl\":\"https:\\\/\\\/www.bellunopress.it\\\/wp-content\\\/uploads\\\/2021\\\/09\\\/Olimpiadi-invernali-2026-Milano-Cortina_edited.jpg\",\"datePublished\":\"2026-02-15T18:49:46+00:00\",\"dateModified\":\"2026-02-15T20:27:56+00:00\",\"breadcrumb\":{\"@id\":\"https:\\\/\\\/www.bellunopress.it\\\/2026\\\/02\\\/15\\\/trionfo-azzurro-sulle-dolomiti-domenica-doro-con-brignone-e-vittozzi\\\/#breadcrumb\"},\"inLanguage\":\"fr-FR\",\"potentialAction\":[{\"@type\":\"ReadAction\",\"target\":[\"https:\\\/\\\/www.bellunopress.it\\\/2026\\\/02\\\/15\\\/trionfo-azzurro-sulle-dolomiti-domenica-doro-con-brignone-e-vittozzi\\\/\"]}]},{\"@type\":\"ImageObject\",\"inLanguage\":\"fr-FR\",\"@id\":\"https:\\\/\\\/www.bellunopress.it\\\/2026\\\/02\\\/15\\\/trionfo-azzurro-sulle-dolomiti-domenica-doro-con-brignone-e-vittozzi\\\/#primaryimage\",\"url\":\"https:\\\/\\\/www.bellunopress.it\\\/wp-content\\\/uploads\\\/2021\\\/09\\\/Olimpiadi-invernali-2026-Milano-Cortina_edited.jpg\",\"contentUrl\":\"https:\\\/\\\/www.bellunopress.it\\\/wp-content\\\/uploads\\\/2021\\\/09\\\/Olimpiadi-invernali-2026-Milano-Cortina_edited.jpg\",\"width\":768,\"height\":388},{\"@type\":\"BreadcrumbList\",\"@id\":\"https:\\\/\\\/www.bellunopress.it\\\/2026\\\/02\\\/15\\\/trionfo-azzurro-sulle-dolomiti-domenica-doro-con-brignone-e-vittozzi\\\/#breadcrumb\",\"itemListElement\":[{\"@type\":\"ListItem\",\"position\":1,\"name\":\"Home\",\"item\":\"https:\\\/\\\/www.bellunopress.it\\\/\"},{\"@type\":\"ListItem\",\"position\":2,\"name\":\"Trionfo azzurro sulle Dolomiti: domenica d\u2019oro con Brignone e Vittozzi\"}]},{\"@type\":\"WebSite\",\"@id\":\"https:\\\/\\\/www.bellunopress.it\\\/#website\",\"url\":\"https:\\\/\\\/www.bellunopress.it\\\/\",\"name\":\"Bellunopress - Dolomiti\",\"description\":\"e-mail: redazione@bellunopress.it\",\"publisher\":{\"@id\":\"https:\\\/\\\/www.bellunopress.it\\\/#organization\"},\"potentialAction\":[{\"@type\":\"SearchAction\",\"target\":{\"@type\":\"EntryPoint\",\"urlTemplate\":\"https:\\\/\\\/www.bellunopress.it\\\/?s={search_term_string}\"},\"query-input\":{\"@type\":\"PropertyValueSpecification\",\"valueRequired\":true,\"valueName\":\"search_term_string\"}}],\"inLanguage\":\"fr-FR\"},{\"@type\":\"Organization\",\"@id\":\"https:\\\/\\\/www.bellunopress.it\\\/#organization\",\"name\":\"Bellunopress\",\"url\":\"https:\\\/\\\/www.bellunopress.it\\\/\",\"logo\":{\"@type\":\"ImageObject\",\"inLanguage\":\"fr-FR\",\"@id\":\"https:\\\/\\\/www.bellunopress.it\\\/#\\\/schema\\\/logo\\\/image\\\/\",\"url\":\"https:\\\/\\\/www.bellunopress.it\\\/wp-content\\\/uploads\\\/2011\\\/05\\\/cropped-logo-bellunopress-.jpg\",\"contentUrl\":\"https:\\\/\\\/www.bellunopress.it\\\/wp-content\\\/uploads\\\/2011\\\/05\\\/cropped-logo-bellunopress-.jpg\",\"width\":512,\"height\":512,\"caption\":\"Bellunopress\"},\"image\":{\"@id\":\"https:\\\/\\\/www.bellunopress.it\\\/#\\\/schema\\\/logo\\\/image\\\/\"},\"sameAs\":[\"https:\\\/\\\/www.facebook.com\\\/profile.php?id=100008943462799\",\"https:\\\/\\\/x.com\\\/bellunopress\",\"https:\\\/\\\/www.linkedin.com\\\/hp\\\/?dnr=JBzUWaJfMUw8vbXJJ2tVW5-I3jZKvC4wsoxE&amp;amp;amp;amp;amp;amp;trk=nav_responsive_tab_home\",\"https:\\\/\\\/www.youtube.com\\\/channel\\\/UCxL0wu1uN0_3_7hGG0306cw\"]},{\"@type\":\"Person\",\"@id\":\"https:\\\/\\\/www.bellunopress.it\\\/#\\\/schema\\\/person\\\/79bb06722b37ece1c03d3e94beb30d73\",\"name\":\"redazione\",\"image\":{\"@type\":\"ImageObject\",\"inLanguage\":\"fr-FR\",\"@id\":\"https:\\\/\\\/secure.gravatar.com\\\/avatar\\\/37d968a2e67a6fd04c169c4bdef102d0bc5d31b2546345219e348575eb80e9a0?s=96&d=mm&r=g\",\"url\":\"https:\\\/\\\/secure.gravatar.com\\\/avatar\\\/37d968a2e67a6fd04c169c4bdef102d0bc5d31b2546345219e348575eb80e9a0?s=96&d=mm&r=g\",\"contentUrl\":\"https:\\\/\\\/secure.gravatar.com\\\/avatar\\\/37d968a2e67a6fd04c169c4bdef102d0bc5d31b2546345219e348575eb80e9a0?s=96&d=mm&r=g\",\"caption\":\"redazione\"},\"sameAs\":[\"http:\\\/\\\/www.bellunopress.it\",\"https:\\\/\\\/x.com\\\/bellunopress\"],\"url\":\"https:\\\/\\\/www.bellunopress.it\\\/fr\\\/author\\\/redazione\\\/\"}]}<\/script>\n<!-- \/ Yoast SEO plugin. -->","yoast_head_json":{"title":"Trionfo azzurro sulle Dolomiti: domenica d\u2019oro con Brignone e Vittozzi - Bellunopress - Dolomiti","robots":{"index":"index","follow":"follow","max-snippet":"max-snippet:-1","max-image-preview":"max-image-preview:large","max-video-preview":"max-video-preview:-1"},"canonical":"https:\/\/www.bellunopress.it\/fr\/2026\/02\/15\/trionfo-azzurro-sulle-dolomiti-domenica-doro-con-brignone-e-vittozzi\/","og_locale":"fr_FR","og_type":"article","og_title":"Trionfo azzurro sulle Dolomiti: domenica d\u2019oro con Brignone e Vittozzi - Bellunopress - Dolomiti","og_description":"Belluno, 15 febbraio 2026 &#8211; Una domenica che entra di diritto nella storia dello sport italiano e trasforma le Dolomiti nel centro del mondo. I Giochi Olimpici di Milano-Cortina 2026 hanno vissuto oggi, 15 febbraio, una giornata di grazia assoluta, tinta d\u2019oro e di bronzo, grazie alle imprese di atleti che hanno saputo domare le [&hellip;]","og_url":"https:\/\/www.bellunopress.it\/fr\/2026\/02\/15\/trionfo-azzurro-sulle-dolomiti-domenica-doro-con-brignone-e-vittozzi\/","og_site_name":"Bellunopress - Dolomiti","article_publisher":"https:\/\/www.facebook.com\/profile.php?id=100008943462799","article_published_time":"2026-02-15T18:49:46+00:00","article_modified_time":"2026-02-15T20:27:56+00:00","og_image":[{"width":768,"height":388,"url":"https:\/\/www.bellunopress.it\/wp-content\/uploads\/2021\/09\/Olimpiadi-invernali-2026-Milano-Cortina_edited.jpg","type":"image\/jpeg"}],"author":"redazione","twitter_card":"summary_large_image","twitter_creator":"@bellunopress","twitter_site":"@bellunopress","twitter_misc":{"\u00c9crit par":"redazione","Dur\u00e9e de lecture estim\u00e9e":"2 minutes"},"schema":{"@context":"https:\/\/schema.org","@graph":[{"@type":"Article","@id":"https:\/\/www.bellunopress.it\/2026\/02\/15\/trionfo-azzurro-sulle-dolomiti-domenica-doro-con-brignone-e-vittozzi\/#article","isPartOf":{"@id":"https:\/\/www.bellunopress.it\/2026\/02\/15\/trionfo-azzurro-sulle-dolomiti-domenica-doro-con-brignone-e-vittozzi\/"},"author":{"name":"redazione","@id":"https:\/\/www.bellunopress.it\/#\/schema\/person\/79bb06722b37ece1c03d3e94beb30d73"},"headline":"Trionfo azzurro sulle Dolomiti: domenica d\u2019oro con Brignone e Vittozzi","datePublished":"2026-02-15T18:49:46+00:00","dateModified":"2026-02-15T20:27:56+00:00","mainEntityOfPage":{"@id":"https:\/\/www.bellunopress.it\/2026\/02\/15\/trionfo-azzurro-sulle-dolomiti-domenica-doro-con-brignone-e-vittozzi\/"},"wordCount":402,"publisher":{"@id":"https:\/\/www.bellunopress.it\/#organization"},"image":{"@id":"https:\/\/www.bellunopress.it\/2026\/02\/15\/trionfo-azzurro-sulle-dolomiti-domenica-doro-con-brignone-e-vittozzi\/#primaryimage"},"thumbnailUrl":"https:\/\/www.bellunopress.it\/wp-content\/uploads\/2021\/09\/Olimpiadi-invernali-2026-Milano-Cortina_edited.jpg","articleSection":["Featured","Prima Pagina","Sport, tempo libero"],"inLanguage":"fr-FR"},{"@type":"WebPage","@id":"https:\/\/www.bellunopress.it\/2026\/02\/15\/trionfo-azzurro-sulle-dolomiti-domenica-doro-con-brignone-e-vittozzi\/","url":"https:\/\/www.bellunopress.it\/2026\/02\/15\/trionfo-azzurro-sulle-dolomiti-domenica-doro-con-brignone-e-vittozzi\/","name":"Trionfo azzurro sulle Dolomiti: domenica d\u2019oro con Brignone e Vittozzi - Bellunopress - Dolomiti","isPartOf":{"@id":"https:\/\/www.bellunopress.it\/#website"},"primaryImageOfPage":{"@id":"https:\/\/www.bellunopress.it\/2026\/02\/15\/trionfo-azzurro-sulle-dolomiti-domenica-doro-con-brignone-e-vittozzi\/#primaryimage"},"image":{"@id":"https:\/\/www.bellunopress.it\/2026\/02\/15\/trionfo-azzurro-sulle-dolomiti-domenica-doro-con-brignone-e-vittozzi\/#primaryimage"},"thumbnailUrl":"https:\/\/www.bellunopress.it\/wp-content\/uploads\/2021\/09\/Olimpiadi-invernali-2026-Milano-Cortina_edited.jpg","datePublished":"2026-02-15T18:49:46+00:00","dateModified":"2026-02-15T20:27:56+00:00","breadcrumb":{"@id":"https:\/\/www.bellunopress.it\/2026\/02\/15\/trionfo-azzurro-sulle-dolomiti-domenica-doro-con-brignone-e-vittozzi\/#breadcrumb"},"inLanguage":"fr-FR","potentialAction":[{"@type":"ReadAction","target":["https:\/\/www.bellunopress.it\/2026\/02\/15\/trionfo-azzurro-sulle-dolomiti-domenica-doro-con-brignone-e-vittozzi\/"]}]},{"@type":"ImageObject","inLanguage":"fr-FR","@id":"https:\/\/www.bellunopress.it\/2026\/02\/15\/trionfo-azzurro-sulle-dolomiti-domenica-doro-con-brignone-e-vittozzi\/#primaryimage","url":"https:\/\/www.bellunopress.it\/wp-content\/uploads\/2021\/09\/Olimpiadi-invernali-2026-Milano-Cortina_edited.jpg","contentUrl":"https:\/\/www.bellunopress.it\/wp-content\/uploads\/2021\/09\/Olimpiadi-invernali-2026-Milano-Cortina_edited.jpg","width":768,"height":388},{"@type":"BreadcrumbList","@id":"https:\/\/www.bellunopress.it\/2026\/02\/15\/trionfo-azzurro-sulle-dolomiti-domenica-doro-con-brignone-e-vittozzi\/#breadcrumb","itemListElement":[{"@type":"ListItem","position":1,"name":"Home","item":"https:\/\/www.bellunopress.it\/"},{"@type":"ListItem","position":2,"name":"Trionfo azzurro sulle Dolomiti: domenica d\u2019oro con Brignone e Vittozzi"}]},{"@type":"WebSite","@id":"https:\/\/www.bellunopress.it\/#website","url":"https:\/\/www.bellunopress.it\/","name":"Bellunopress - Dolomiti","description":"e-mail: redazione@bellunopress.it","publisher":{"@id":"https:\/\/www.bellunopress.it\/#organization"},"potentialAction":[{"@type":"SearchAction","target":{"@type":"EntryPoint","urlTemplate":"https:\/\/www.bellunopress.it\/?s={search_term_string}"},"query-input":{"@type":"PropertyValueSpecification","valueRequired":true,"valueName":"search_term_string"}}],"inLanguage":"fr-FR"},{"@type":"Organization","@id":"https:\/\/www.bellunopress.it\/#organization","name":"Bellunopress","url":"https:\/\/www.bellunopress.it\/","logo":{"@type":"ImageObject","inLanguage":"fr-FR","@id":"https:\/\/www.bellunopress.it\/#\/schema\/logo\/image\/","url":"https:\/\/www.bellunopress.it\/wp-content\/uploads\/2011\/05\/cropped-logo-bellunopress-.jpg","contentUrl":"https:\/\/www.bellunopress.it\/wp-content\/uploads\/2011\/05\/cropped-logo-bellunopress-.jpg","width":512,"height":512,"caption":"Bellunopress"},"image":{"@id":"https:\/\/www.bellunopress.it\/#\/schema\/logo\/image\/"},"sameAs":["https:\/\/www.facebook.com\/profile.php?id=100008943462799","https:\/\/x.com\/bellunopress","https:\/\/www.linkedin.com\/hp\/?dnr=JBzUWaJfMUw8vbXJJ2tVW5-I3jZKvC4wsoxE&amp;amp;amp;amp;amp;amp;trk=nav_responsive_tab_home","https:\/\/www.youtube.com\/channel\/UCxL0wu1uN0_3_7hGG0306cw"]},{"@type":"Person","@id":"https:\/\/www.bellunopress.it\/#\/schema\/person\/79bb06722b37ece1c03d3e94beb30d73","name":"r\u00e9daction","image":{"@type":"ImageObject","inLanguage":"fr-FR","@id":"https:\/\/secure.gravatar.com\/avatar\/37d968a2e67a6fd04c169c4bdef102d0bc5d31b2546345219e348575eb80e9a0?s=96&d=mm&r=g","url":"https:\/\/secure.gravatar.com\/avatar\/37d968a2e67a6fd04c169c4bdef102d0bc5d31b2546345219e348575eb80e9a0?s=96&d=mm&r=g","contentUrl":"https:\/\/secure.gravatar.com\/avatar\/37d968a2e67a6fd04c169c4bdef102d0bc5d31b2546345219e348575eb80e9a0?s=96&d=mm&r=g","caption":"redazione"},"sameAs":["http:\/\/www.bellunopress.it","https:\/\/x.com\/bellunopress"],"url":"https:\/\/www.bellunopress.it\/fr\/author\/redazione\/"}]}},"_links":{"self":[{"href":"https:\/\/www.bellunopress.it\/fr\/wp-json\/wp\/v2\/posts\/167485","targetHints":{"allow":["GET"]}}],"collection":[{"href":"https:\/\/www.bellunopress.it\/fr\/wp-json\/wp\/v2\/posts"}],"about":[{"href":"https:\/\/www.bellunopress.it\/fr\/wp-json\/wp\/v2\/types\/post"}],"author":[{"embeddable":true,"href":"https:\/\/www.bellunopress.it\/fr\/wp-json\/wp\/v2\/users\/2"}],"replies":[{"embeddable":true,"href":"https:\/\/www.bellunopress.it\/fr\/wp-json\/wp\/v2\/comments?post=167485"}],"version-history":[{"count":1,"href":"https:\/\/www.bellunopress.it\/fr\/wp-json\/wp\/v2\/posts\/167485\/revisions"}],"predecessor-version":[{"id":167486,"href":"https:\/\/www.bellunopress.it\/fr\/wp-json\/wp\/v2\/posts\/167485\/revisions\/167486"}],"wp:featuredmedia":[{"embeddable":true,"href":"https:\/\/www.bellunopress.it\/fr\/wp-json\/wp\/v2\/media\/127993"}],"wp:attachment":[{"href":"https:\/\/www.bellunopress.it\/fr\/wp-json\/wp\/v2\/media?parent=167485"}],"wp:term":[{"taxonomy":"category","embeddable":true,"href":"https:\/\/www.bellunopress.it\/fr\/wp-json\/wp\/v2\/categories?post=167485"},{"taxonomy":"post_tag","embeddable":true,"href":"https:\/\/www.bellunopress.it\/fr\/wp-json\/wp\/v2\/tags?post=167485"}],"curies":[{"name":"wp","href":"https:\/\/api.w.org\/{rel}","templated":true}]}}