{"id":167476,"date":"2026-02-15T08:26:09","date_gmt":"2026-02-15T07:26:09","guid":{"rendered":"https:\/\/www.bellunopress.it\/?p=167476"},"modified":"2026-02-15T21:27:02","modified_gmt":"2026-02-15T20:27:02","slug":"tra-storia-e-memoria-il-successo-della-collana-di-sangue-tra-arsie-e-feltre","status":"publish","type":"post","link":"https:\/\/www.bellunopress.it\/fr\/2026\/02\/15\/tra-storia-e-memoria-il-successo-della-collana-di-sangue-tra-arsie-e-feltre\/","title":{"rendered":"Tra storia e memoria: il successo della &#8220;Collana di Sangue&#8221; tra Arsi\u00e9 e Feltre"},"content":{"rendered":"<p data-path-to-node=\"3\">Arsi\u00e9\/Feltre, 15 febbraio 2026 &#8211; Due serate, due storie di cronaca nera riemerse dal passato e un unico filo conduttore: la partecipazione entusiasta di una comunit\u00e0 che vuole conoscere le proprie radici, anche quelle pi\u00f9 oscure. Il mini-tour di presentazione delle ultime pubblicazioni di Roberto De Nart si \u00e8 concluso con un bilancio estremamente positivo, segnando il &#8220;tutto esaurito&#8221; sia ad Arsi\u00e9 che a Feltre.<\/p>\n<h2 data-path-to-node=\"4\">Arsi\u00e9: un dialogo Intergenerazionale sulla violenza di genere<\/h2>\n<p data-path-to-node=\"5\">Gioved\u00ec sera, la Biblioteca Comunale di Arsi\u00e9 \u00e8 diventata il centro di una profonda riflessione collettiva. La presentazione del libro \u201cUxoricidio a Mellame\u201d ha dimostrato come la storia, se raccontata con rigore e passione, sappia parlare a tutti.\u00a0Il dato pi\u00f9 significativo della serata \u00e8 stata la partecipazione trasversale: la sala ha ospitato un pubblico di ogni fascia d&#8217;et\u00e0. Colpisce, in particolare, la massiccia presenza di giovani, segno che il tema della violenza di genere, analizzato attraverso la lente storica del caso di Maria Gasperin (1936), \u00e8 sentito come drammaticamente attuale dalle nuove generazioni. Il dialogo tra l&#8217;autore, la vicesindaca Alison De Nando e i giovani della Consulta, ha saputo trasformare un tragico fatto di cronaca in uno strumento di consapevolezza civile.<\/p>\n<figure id=\"attachment_167477\" aria-describedby=\"caption-attachment-167477\" style=\"width: 600px\" class=\"wp-caption aligncenter\"><img loading=\"lazy\" decoding=\"async\" class=\"size-full wp-image-167477\" src=\"https:\/\/www.bellunopress.it\/wp-content\/uploads\/2026\/02\/Unisono-presentaz-La-signora-co-2-pistole.jpg\" alt=\"\" width=\"600\" height=\"448\" srcset=\"https:\/\/www.bellunopress.it\/wp-content\/uploads\/2026\/02\/Unisono-presentaz-La-signora-co-2-pistole.jpg 600w, https:\/\/www.bellunopress.it\/wp-content\/uploads\/2026\/02\/Unisono-presentaz-La-signora-co-2-pistole-500x373.jpg 500w, https:\/\/www.bellunopress.it\/wp-content\/uploads\/2026\/02\/Unisono-presentaz-La-signora-co-2-pistole-563x420.jpg 563w, https:\/\/www.bellunopress.it\/wp-content\/uploads\/2026\/02\/Unisono-presentaz-La-signora-co-2-pistole-80x60.jpg 80w, https:\/\/www.bellunopress.it\/wp-content\/uploads\/2026\/02\/Unisono-presentaz-La-signora-co-2-pistole-150x112.jpg 150w, https:\/\/www.bellunopress.it\/wp-content\/uploads\/2026\/02\/Unisono-presentaz-La-signora-co-2-pistole-300x224.jpg 300w\" sizes=\"auto, (max-width: 600px) 100vw, 600px\" \/><figcaption id=\"caption-attachment-167477\" class=\"wp-caption-text\">Unisono di Feltre: ptresentazione La signora con due pistole; Roberto De Nart e Anna Polifroni<\/figcaption><\/figure>\n<h2 data-path-to-node=\"7\">Feltre: All\u2019Unisono, tra eleganza e racconto informale<\/h2>\n<p data-path-to-node=\"8\">Il clima \u00e8 cambiato, ma non l\u2019interesse, per l\u2019appuntamento di venerd\u00ec sera a Feltre. Nella splendida cornice di Piazza Maggiore, la rassegna \u201cLibri in Caffetteria\u201d ha fatto tappa allo storico locale Unisono.\u00a0L\u2019ambiente, caratterizzato da un\u2019eleganza ricercata e dai toni soffusi tipici di un jazz club d\u2019altri tempi, ha offerto la scenografia perfetta per parlare de \u201cLa signora con due pistole\u201d. Nonostante il prestigio del luogo, l\u2019incontro ha mantenuto un approccio piacevolmente informale:<\/p>\n<ul data-path-to-node=\"10\">\n<li>\n<p data-path-to-node=\"10,0,0\">L&#8217;atmosfera: Luci soffuse, il blu profondo del palco e la cornice dorata dei LED hanno creato un\u2019intimit\u00e0 quasi confidenziale.<\/p>\n<\/li>\n<li>\n<p data-path-to-node=\"10,1,0\">Il format: il pubblico e i relatori, De Nart insieme all&#8217;avvocato Anna Polifroni, hanno condiviso lo spazio in modo diretto, quasi a ricreare i vecchi &#8220;fil\u00f2&#8221; di una volta, dove la storia si fa racconto vivo e condiviso davanti a un caff\u00e8, una fetta di torta o a un calice di vino.<\/p>\n<\/li>\n<\/ul>\n<h3 data-path-to-node=\"11\">Una formula vincente<\/h3>\n<p data-path-to-node=\"12\">Il successo di queste due serate conferma che il territorio bellunese ha fame di cultura e di storie locali. Raccontare fatti realmente accaduti attraverso la ricerca d\u2019archivio e la sua\u00a0 narrazione, unita a location d&#8217;eccezione e al coinvolgimento delle istituzioni e dei giovani, si \u00e8 rivelata una formula vincente per mantenere viva la memoria storica della provincia.<\/p>\n<blockquote data-path-to-node=\"14\">\n<h6 data-path-to-node=\"14,0\">La &#8220;<a href=\"https:\/\/www.robertodenart.com\/\">Collana di sangue<\/a>&#8221; prosegue le sue ricerche e continua a scavare negli archivi per restituire dignit\u00e0 alle vittime del passato e offrire spunti di riflessione per il presente.<\/h6>\n<\/blockquote>","protected":false},"excerpt":{"rendered":"<p>Arsi\u00e9\/Feltre, 15 febbraio 2026 &#8211; Due serate, due storie di cronaca nera riemerse dal passato e un unico filo conduttore: la partecipazione entusiasta di una comunit\u00e0 che vuole conoscere le proprie radici, anche quelle pi\u00f9 oscure. Il mini-tour di presentazione delle ultime pubblicazioni di Roberto De Nart si \u00e8 concluso con un bilancio estremamente positivo, [&hellip;]<\/p>\n","protected":false},"author":2,"featured_media":167478,"comment_status":"closed","ping_status":"open","sticky":false,"template":"","format":"standard","meta":{"footnotes":""},"categories":[3,3446,25],"tags":[],"class_list":["post-167476","post","type-post","status-publish","format-standard","has-post-thumbnail","category-arte-cultura-spettacoli-scienza-archivi","category-featured","category-pausa-caffe"],"yoast_head":"<!-- This site is optimized with the Yoast SEO plugin v28.4 - https:\/\/yoast.com\/product\/yoast-seo-wordpress\/ -->\n<title>Tra storia e memoria: il successo della &quot;Collana di Sangue&quot; tra Arsi\u00e9 e Feltre - Bellunopress - Dolomiti<\/title>\n<meta name=\"robots\" content=\"index, follow, max-snippet:-1, max-image-preview:large, max-video-preview:-1\" \/>\n<link rel=\"canonical\" href=\"https:\/\/www.bellunopress.it\/fr\/2026\/02\/15\/tra-storia-e-memoria-il-successo-della-collana-di-sangue-tra-arsie-e-feltre\/\" \/>\n<meta property=\"og:locale\" content=\"fr_FR\" \/>\n<meta property=\"og:type\" content=\"article\" \/>\n<meta property=\"og:title\" content=\"Tra storia e memoria: il successo della &quot;Collana di Sangue&quot; tra Arsi\u00e9 e Feltre - Bellunopress - Dolomiti\" \/>\n<meta property=\"og:description\" content=\"Arsi\u00e9\/Feltre, 15 febbraio 2026 &#8211; Due serate, due storie di cronaca nera riemerse dal passato e un unico filo conduttore: la partecipazione entusiasta di una comunit\u00e0 che vuole conoscere le proprie radici, anche quelle pi\u00f9 oscure. Il mini-tour di presentazione delle ultime pubblicazioni di Roberto De Nart si \u00e8 concluso con un bilancio estremamente positivo, [&hellip;]\" \/>\n<meta property=\"og:url\" content=\"https:\/\/www.bellunopress.it\/fr\/2026\/02\/15\/tra-storia-e-memoria-il-successo-della-collana-di-sangue-tra-arsie-e-feltre\/\" \/>\n<meta property=\"og:site_name\" content=\"Bellunopress - Dolomiti\" \/>\n<meta property=\"article:publisher\" content=\"https:\/\/www.facebook.com\/profile.php?id=100008943462799\" \/>\n<meta property=\"article:published_time\" content=\"2026-02-15T07:26:09+00:00\" \/>\n<meta property=\"article:modified_time\" content=\"2026-02-15T20:27:02+00:00\" \/>\n<meta property=\"og:image\" content=\"https:\/\/www.bellunopress.it\/wp-content\/uploads\/2026\/02\/presentazione-Arsie-1.jpeg\" \/>\n\t<meta property=\"og:image:width\" content=\"600\" \/>\n\t<meta property=\"og:image:height\" content=\"375\" \/>\n\t<meta property=\"og:image:type\" content=\"image\/jpeg\" \/>\n<meta name=\"author\" content=\"redazione\" \/>\n<meta name=\"twitter:card\" content=\"summary_large_image\" \/>\n<meta name=\"twitter:creator\" content=\"@bellunopress\" \/>\n<meta name=\"twitter:site\" content=\"@bellunopress\" \/>\n<meta name=\"twitter:label1\" content=\"\u00c9crit par\" \/>\n\t<meta name=\"twitter:data1\" content=\"redazione\" \/>\n\t<meta name=\"twitter:label2\" content=\"Dur\u00e9e de lecture estim\u00e9e\" \/>\n\t<meta name=\"twitter:data2\" content=\"2 minutes\" \/>\n<script type=\"application\/ld+json\" class=\"yoast-schema-graph\">{\"@context\":\"https:\\\/\\\/schema.org\",\"@graph\":[{\"@type\":\"Article\",\"@id\":\"https:\\\/\\\/www.bellunopress.it\\\/2026\\\/02\\\/15\\\/tra-storia-e-memoria-il-successo-della-collana-di-sangue-tra-arsie-e-feltre\\\/#article\",\"isPartOf\":{\"@id\":\"https:\\\/\\\/www.bellunopress.it\\\/2026\\\/02\\\/15\\\/tra-storia-e-memoria-il-successo-della-collana-di-sangue-tra-arsie-e-feltre\\\/\"},\"author\":{\"name\":\"redazione\",\"@id\":\"https:\\\/\\\/www.bellunopress.it\\\/#\\\/schema\\\/person\\\/79bb06722b37ece1c03d3e94beb30d73\"},\"headline\":\"Tra storia e memoria: il successo della &#8220;Collana di Sangue&#8221; tra Arsi\u00e9 e Feltre\",\"datePublished\":\"2026-02-15T07:26:09+00:00\",\"dateModified\":\"2026-02-15T20:27:02+00:00\",\"mainEntityOfPage\":{\"@id\":\"https:\\\/\\\/www.bellunopress.it\\\/2026\\\/02\\\/15\\\/tra-storia-e-memoria-il-successo-della-collana-di-sangue-tra-arsie-e-feltre\\\/\"},\"wordCount\":477,\"publisher\":{\"@id\":\"https:\\\/\\\/www.bellunopress.it\\\/#organization\"},\"image\":{\"@id\":\"https:\\\/\\\/www.bellunopress.it\\\/2026\\\/02\\\/15\\\/tra-storia-e-memoria-il-successo-della-collana-di-sangue-tra-arsie-e-feltre\\\/#primaryimage\"},\"thumbnailUrl\":\"https:\\\/\\\/www.bellunopress.it\\\/wp-content\\\/uploads\\\/2026\\\/02\\\/presentazione-Arsie-1.jpeg\",\"articleSection\":[\"Arte, Cultura, Spettacoli, Scienza\",\"Featured\",\"Pausa Caff\u00e8\"],\"inLanguage\":\"fr-FR\"},{\"@type\":\"WebPage\",\"@id\":\"https:\\\/\\\/www.bellunopress.it\\\/2026\\\/02\\\/15\\\/tra-storia-e-memoria-il-successo-della-collana-di-sangue-tra-arsie-e-feltre\\\/\",\"url\":\"https:\\\/\\\/www.bellunopress.it\\\/2026\\\/02\\\/15\\\/tra-storia-e-memoria-il-successo-della-collana-di-sangue-tra-arsie-e-feltre\\\/\",\"name\":\"Tra storia e memoria: il successo della \\\"Collana di Sangue\\\" tra Arsi\u00e9 e Feltre - Bellunopress - Dolomiti\",\"isPartOf\":{\"@id\":\"https:\\\/\\\/www.bellunopress.it\\\/#website\"},\"primaryImageOfPage\":{\"@id\":\"https:\\\/\\\/www.bellunopress.it\\\/2026\\\/02\\\/15\\\/tra-storia-e-memoria-il-successo-della-collana-di-sangue-tra-arsie-e-feltre\\\/#primaryimage\"},\"image\":{\"@id\":\"https:\\\/\\\/www.bellunopress.it\\\/2026\\\/02\\\/15\\\/tra-storia-e-memoria-il-successo-della-collana-di-sangue-tra-arsie-e-feltre\\\/#primaryimage\"},\"thumbnailUrl\":\"https:\\\/\\\/www.bellunopress.it\\\/wp-content\\\/uploads\\\/2026\\\/02\\\/presentazione-Arsie-1.jpeg\",\"datePublished\":\"2026-02-15T07:26:09+00:00\",\"dateModified\":\"2026-02-15T20:27:02+00:00\",\"breadcrumb\":{\"@id\":\"https:\\\/\\\/www.bellunopress.it\\\/2026\\\/02\\\/15\\\/tra-storia-e-memoria-il-successo-della-collana-di-sangue-tra-arsie-e-feltre\\\/#breadcrumb\"},\"inLanguage\":\"fr-FR\",\"potentialAction\":[{\"@type\":\"ReadAction\",\"target\":[\"https:\\\/\\\/www.bellunopress.it\\\/2026\\\/02\\\/15\\\/tra-storia-e-memoria-il-successo-della-collana-di-sangue-tra-arsie-e-feltre\\\/\"]}]},{\"@type\":\"ImageObject\",\"inLanguage\":\"fr-FR\",\"@id\":\"https:\\\/\\\/www.bellunopress.it\\\/2026\\\/02\\\/15\\\/tra-storia-e-memoria-il-successo-della-collana-di-sangue-tra-arsie-e-feltre\\\/#primaryimage\",\"url\":\"https:\\\/\\\/www.bellunopress.it\\\/wp-content\\\/uploads\\\/2026\\\/02\\\/presentazione-Arsie-1.jpeg\",\"contentUrl\":\"https:\\\/\\\/www.bellunopress.it\\\/wp-content\\\/uploads\\\/2026\\\/02\\\/presentazione-Arsie-1.jpeg\",\"width\":600,\"height\":375,\"caption\":\"Biblioteca di Arsi\u00e9: presentazione del libro Uxoricidio a Mellame\"},{\"@type\":\"BreadcrumbList\",\"@id\":\"https:\\\/\\\/www.bellunopress.it\\\/2026\\\/02\\\/15\\\/tra-storia-e-memoria-il-successo-della-collana-di-sangue-tra-arsie-e-feltre\\\/#breadcrumb\",\"itemListElement\":[{\"@type\":\"ListItem\",\"position\":1,\"name\":\"Home\",\"item\":\"https:\\\/\\\/www.bellunopress.it\\\/\"},{\"@type\":\"ListItem\",\"position\":2,\"name\":\"Tra storia e memoria: il successo della &#8220;Collana di Sangue&#8221; tra Arsi\u00e9 e Feltre\"}]},{\"@type\":\"WebSite\",\"@id\":\"https:\\\/\\\/www.bellunopress.it\\\/#website\",\"url\":\"https:\\\/\\\/www.bellunopress.it\\\/\",\"name\":\"Bellunopress - Dolomiti\",\"description\":\"e-mail: redazione@bellunopress.it\",\"publisher\":{\"@id\":\"https:\\\/\\\/www.bellunopress.it\\\/#organization\"},\"potentialAction\":[{\"@type\":\"SearchAction\",\"target\":{\"@type\":\"EntryPoint\",\"urlTemplate\":\"https:\\\/\\\/www.bellunopress.it\\\/?s={search_term_string}\"},\"query-input\":{\"@type\":\"PropertyValueSpecification\",\"valueRequired\":true,\"valueName\":\"search_term_string\"}}],\"inLanguage\":\"fr-FR\"},{\"@type\":\"Organization\",\"@id\":\"https:\\\/\\\/www.bellunopress.it\\\/#organization\",\"name\":\"Bellunopress\",\"url\":\"https:\\\/\\\/www.bellunopress.it\\\/\",\"logo\":{\"@type\":\"ImageObject\",\"inLanguage\":\"fr-FR\",\"@id\":\"https:\\\/\\\/www.bellunopress.it\\\/#\\\/schema\\\/logo\\\/image\\\/\",\"url\":\"https:\\\/\\\/www.bellunopress.it\\\/wp-content\\\/uploads\\\/2011\\\/05\\\/cropped-logo-bellunopress-.jpg\",\"contentUrl\":\"https:\\\/\\\/www.bellunopress.it\\\/wp-content\\\/uploads\\\/2011\\\/05\\\/cropped-logo-bellunopress-.jpg\",\"width\":512,\"height\":512,\"caption\":\"Bellunopress\"},\"image\":{\"@id\":\"https:\\\/\\\/www.bellunopress.it\\\/#\\\/schema\\\/logo\\\/image\\\/\"},\"sameAs\":[\"https:\\\/\\\/www.facebook.com\\\/profile.php?id=100008943462799\",\"https:\\\/\\\/x.com\\\/bellunopress\",\"https:\\\/\\\/www.linkedin.com\\\/hp\\\/?dnr=JBzUWaJfMUw8vbXJJ2tVW5-I3jZKvC4wsoxE&amp;amp;amp;amp;amp;amp;trk=nav_responsive_tab_home\",\"https:\\\/\\\/www.youtube.com\\\/channel\\\/UCxL0wu1uN0_3_7hGG0306cw\"]},{\"@type\":\"Person\",\"@id\":\"https:\\\/\\\/www.bellunopress.it\\\/#\\\/schema\\\/person\\\/79bb06722b37ece1c03d3e94beb30d73\",\"name\":\"redazione\",\"image\":{\"@type\":\"ImageObject\",\"inLanguage\":\"fr-FR\",\"@id\":\"https:\\\/\\\/secure.gravatar.com\\\/avatar\\\/37d968a2e67a6fd04c169c4bdef102d0bc5d31b2546345219e348575eb80e9a0?s=96&d=mm&r=g\",\"url\":\"https:\\\/\\\/secure.gravatar.com\\\/avatar\\\/37d968a2e67a6fd04c169c4bdef102d0bc5d31b2546345219e348575eb80e9a0?s=96&d=mm&r=g\",\"contentUrl\":\"https:\\\/\\\/secure.gravatar.com\\\/avatar\\\/37d968a2e67a6fd04c169c4bdef102d0bc5d31b2546345219e348575eb80e9a0?s=96&d=mm&r=g\",\"caption\":\"redazione\"},\"sameAs\":[\"http:\\\/\\\/www.bellunopress.it\",\"https:\\\/\\\/x.com\\\/bellunopress\"],\"url\":\"https:\\\/\\\/www.bellunopress.it\\\/fr\\\/author\\\/redazione\\\/\"}]}<\/script>\n<!-- \/ Yoast SEO plugin. -->","yoast_head_json":{"title":"Tra storia e memoria: il successo della \"Collana di Sangue\" tra Arsi\u00e9 e Feltre - Bellunopress - Dolomiti","robots":{"index":"index","follow":"follow","max-snippet":"max-snippet:-1","max-image-preview":"max-image-preview:large","max-video-preview":"max-video-preview:-1"},"canonical":"https:\/\/www.bellunopress.it\/fr\/2026\/02\/15\/tra-storia-e-memoria-il-successo-della-collana-di-sangue-tra-arsie-e-feltre\/","og_locale":"fr_FR","og_type":"article","og_title":"Tra storia e memoria: il successo della \"Collana di Sangue\" tra Arsi\u00e9 e Feltre - Bellunopress - Dolomiti","og_description":"Arsi\u00e9\/Feltre, 15 febbraio 2026 &#8211; Due serate, due storie di cronaca nera riemerse dal passato e un unico filo conduttore: la partecipazione entusiasta di una comunit\u00e0 che vuole conoscere le proprie radici, anche quelle pi\u00f9 oscure. Il mini-tour di presentazione delle ultime pubblicazioni di Roberto De Nart si \u00e8 concluso con un bilancio estremamente positivo, [&hellip;]","og_url":"https:\/\/www.bellunopress.it\/fr\/2026\/02\/15\/tra-storia-e-memoria-il-successo-della-collana-di-sangue-tra-arsie-e-feltre\/","og_site_name":"Bellunopress - Dolomiti","article_publisher":"https:\/\/www.facebook.com\/profile.php?id=100008943462799","article_published_time":"2026-02-15T07:26:09+00:00","article_modified_time":"2026-02-15T20:27:02+00:00","og_image":[{"width":600,"height":375,"url":"https:\/\/www.bellunopress.it\/wp-content\/uploads\/2026\/02\/presentazione-Arsie-1.jpeg","type":"image\/jpeg"}],"author":"redazione","twitter_card":"summary_large_image","twitter_creator":"@bellunopress","twitter_site":"@bellunopress","twitter_misc":{"\u00c9crit par":"redazione","Dur\u00e9e de lecture estim\u00e9e":"2 minutes"},"schema":{"@context":"https:\/\/schema.org","@graph":[{"@type":"Article","@id":"https:\/\/www.bellunopress.it\/2026\/02\/15\/tra-storia-e-memoria-il-successo-della-collana-di-sangue-tra-arsie-e-feltre\/#article","isPartOf":{"@id":"https:\/\/www.bellunopress.it\/2026\/02\/15\/tra-storia-e-memoria-il-successo-della-collana-di-sangue-tra-arsie-e-feltre\/"},"author":{"name":"redazione","@id":"https:\/\/www.bellunopress.it\/#\/schema\/person\/79bb06722b37ece1c03d3e94beb30d73"},"headline":"Tra storia e memoria: il successo della &#8220;Collana di Sangue&#8221; tra Arsi\u00e9 e Feltre","datePublished":"2026-02-15T07:26:09+00:00","dateModified":"2026-02-15T20:27:02+00:00","mainEntityOfPage":{"@id":"https:\/\/www.bellunopress.it\/2026\/02\/15\/tra-storia-e-memoria-il-successo-della-collana-di-sangue-tra-arsie-e-feltre\/"},"wordCount":477,"publisher":{"@id":"https:\/\/www.bellunopress.it\/#organization"},"image":{"@id":"https:\/\/www.bellunopress.it\/2026\/02\/15\/tra-storia-e-memoria-il-successo-della-collana-di-sangue-tra-arsie-e-feltre\/#primaryimage"},"thumbnailUrl":"https:\/\/www.bellunopress.it\/wp-content\/uploads\/2026\/02\/presentazione-Arsie-1.jpeg","articleSection":["Arte, Cultura, Spettacoli, Scienza","Featured","Pausa Caff\u00e8"],"inLanguage":"fr-FR"},{"@type":"WebPage","@id":"https:\/\/www.bellunopress.it\/2026\/02\/15\/tra-storia-e-memoria-il-successo-della-collana-di-sangue-tra-arsie-e-feltre\/","url":"https:\/\/www.bellunopress.it\/2026\/02\/15\/tra-storia-e-memoria-il-successo-della-collana-di-sangue-tra-arsie-e-feltre\/","name":"Tra storia e memoria: il successo della \"Collana di Sangue\" tra Arsi\u00e9 e Feltre - Bellunopress - Dolomiti","isPartOf":{"@id":"https:\/\/www.bellunopress.it\/#website"},"primaryImageOfPage":{"@id":"https:\/\/www.bellunopress.it\/2026\/02\/15\/tra-storia-e-memoria-il-successo-della-collana-di-sangue-tra-arsie-e-feltre\/#primaryimage"},"image":{"@id":"https:\/\/www.bellunopress.it\/2026\/02\/15\/tra-storia-e-memoria-il-successo-della-collana-di-sangue-tra-arsie-e-feltre\/#primaryimage"},"thumbnailUrl":"https:\/\/www.bellunopress.it\/wp-content\/uploads\/2026\/02\/presentazione-Arsie-1.jpeg","datePublished":"2026-02-15T07:26:09+00:00","dateModified":"2026-02-15T20:27:02+00:00","breadcrumb":{"@id":"https:\/\/www.bellunopress.it\/2026\/02\/15\/tra-storia-e-memoria-il-successo-della-collana-di-sangue-tra-arsie-e-feltre\/#breadcrumb"},"inLanguage":"fr-FR","potentialAction":[{"@type":"ReadAction","target":["https:\/\/www.bellunopress.it\/2026\/02\/15\/tra-storia-e-memoria-il-successo-della-collana-di-sangue-tra-arsie-e-feltre\/"]}]},{"@type":"ImageObject","inLanguage":"fr-FR","@id":"https:\/\/www.bellunopress.it\/2026\/02\/15\/tra-storia-e-memoria-il-successo-della-collana-di-sangue-tra-arsie-e-feltre\/#primaryimage","url":"https:\/\/www.bellunopress.it\/wp-content\/uploads\/2026\/02\/presentazione-Arsie-1.jpeg","contentUrl":"https:\/\/www.bellunopress.it\/wp-content\/uploads\/2026\/02\/presentazione-Arsie-1.jpeg","width":600,"height":375,"caption":"Biblioteca di Arsi\u00e9: presentazione del libro Uxoricidio a Mellame"},{"@type":"BreadcrumbList","@id":"https:\/\/www.bellunopress.it\/2026\/02\/15\/tra-storia-e-memoria-il-successo-della-collana-di-sangue-tra-arsie-e-feltre\/#breadcrumb","itemListElement":[{"@type":"ListItem","position":1,"name":"Home","item":"https:\/\/www.bellunopress.it\/"},{"@type":"ListItem","position":2,"name":"Tra storia e memoria: il successo della &#8220;Collana di Sangue&#8221; tra Arsi\u00e9 e Feltre"}]},{"@type":"WebSite","@id":"https:\/\/www.bellunopress.it\/#website","url":"https:\/\/www.bellunopress.it\/","name":"Bellunopress - Dolomiti","description":"e-mail: redazione@bellunopress.it","publisher":{"@id":"https:\/\/www.bellunopress.it\/#organization"},"potentialAction":[{"@type":"SearchAction","target":{"@type":"EntryPoint","urlTemplate":"https:\/\/www.bellunopress.it\/?s={search_term_string}"},"query-input":{"@type":"PropertyValueSpecification","valueRequired":true,"valueName":"search_term_string"}}],"inLanguage":"fr-FR"},{"@type":"Organization","@id":"https:\/\/www.bellunopress.it\/#organization","name":"Bellunopress","url":"https:\/\/www.bellunopress.it\/","logo":{"@type":"ImageObject","inLanguage":"fr-FR","@id":"https:\/\/www.bellunopress.it\/#\/schema\/logo\/image\/","url":"https:\/\/www.bellunopress.it\/wp-content\/uploads\/2011\/05\/cropped-logo-bellunopress-.jpg","contentUrl":"https:\/\/www.bellunopress.it\/wp-content\/uploads\/2011\/05\/cropped-logo-bellunopress-.jpg","width":512,"height":512,"caption":"Bellunopress"},"image":{"@id":"https:\/\/www.bellunopress.it\/#\/schema\/logo\/image\/"},"sameAs":["https:\/\/www.facebook.com\/profile.php?id=100008943462799","https:\/\/x.com\/bellunopress","https:\/\/www.linkedin.com\/hp\/?dnr=JBzUWaJfMUw8vbXJJ2tVW5-I3jZKvC4wsoxE&amp;amp;amp;amp;amp;amp;trk=nav_responsive_tab_home","https:\/\/www.youtube.com\/channel\/UCxL0wu1uN0_3_7hGG0306cw"]},{"@type":"Person","@id":"https:\/\/www.bellunopress.it\/#\/schema\/person\/79bb06722b37ece1c03d3e94beb30d73","name":"r\u00e9daction","image":{"@type":"ImageObject","inLanguage":"fr-FR","@id":"https:\/\/secure.gravatar.com\/avatar\/37d968a2e67a6fd04c169c4bdef102d0bc5d31b2546345219e348575eb80e9a0?s=96&d=mm&r=g","url":"https:\/\/secure.gravatar.com\/avatar\/37d968a2e67a6fd04c169c4bdef102d0bc5d31b2546345219e348575eb80e9a0?s=96&d=mm&r=g","contentUrl":"https:\/\/secure.gravatar.com\/avatar\/37d968a2e67a6fd04c169c4bdef102d0bc5d31b2546345219e348575eb80e9a0?s=96&d=mm&r=g","caption":"redazione"},"sameAs":["http:\/\/www.bellunopress.it","https:\/\/x.com\/bellunopress"],"url":"https:\/\/www.bellunopress.it\/fr\/author\/redazione\/"}]}},"_links":{"self":[{"href":"https:\/\/www.bellunopress.it\/fr\/wp-json\/wp\/v2\/posts\/167476","targetHints":{"allow":["GET"]}}],"collection":[{"href":"https:\/\/www.bellunopress.it\/fr\/wp-json\/wp\/v2\/posts"}],"about":[{"href":"https:\/\/www.bellunopress.it\/fr\/wp-json\/wp\/v2\/types\/post"}],"author":[{"embeddable":true,"href":"https:\/\/www.bellunopress.it\/fr\/wp-json\/wp\/v2\/users\/2"}],"replies":[{"embeddable":true,"href":"https:\/\/www.bellunopress.it\/fr\/wp-json\/wp\/v2\/comments?post=167476"}],"version-history":[{"count":1,"href":"https:\/\/www.bellunopress.it\/fr\/wp-json\/wp\/v2\/posts\/167476\/revisions"}],"predecessor-version":[{"id":167479,"href":"https:\/\/www.bellunopress.it\/fr\/wp-json\/wp\/v2\/posts\/167476\/revisions\/167479"}],"wp:featuredmedia":[{"embeddable":true,"href":"https:\/\/www.bellunopress.it\/fr\/wp-json\/wp\/v2\/media\/167478"}],"wp:attachment":[{"href":"https:\/\/www.bellunopress.it\/fr\/wp-json\/wp\/v2\/media?parent=167476"}],"wp:term":[{"taxonomy":"category","embeddable":true,"href":"https:\/\/www.bellunopress.it\/fr\/wp-json\/wp\/v2\/categories?post=167476"},{"taxonomy":"post_tag","embeddable":true,"href":"https:\/\/www.bellunopress.it\/fr\/wp-json\/wp\/v2\/tags?post=167476"}],"curies":[{"name":"wp","href":"https:\/\/api.w.org\/{rel}","templated":true}]}}