{"id":167469,"date":"2026-02-14T19:30:11","date_gmt":"2026-02-14T18:30:11","guid":{"rendered":"https:\/\/www.bellunopress.it\/?p=167469"},"modified":"2026-02-14T19:30:11","modified_gmt":"2026-02-14T18:30:11","slug":"anas-proseguono-i-lavori-programmati-nel-cantiere-di-valle-di-cadore-sulla-statale-di-alemagna","status":"publish","type":"post","link":"https:\/\/www.bellunopress.it\/fr\/2026\/02\/14\/anas-proseguono-i-lavori-programmati-nel-cantiere-di-valle-di-cadore-sulla-statale-di-alemagna\/","title":{"rendered":"Anas. Proseguono i lavori programmati nel cantiere di Valle di Cadore, sulla Statale di Alemagna"},"content":{"rendered":"<p>Venezia, 14 febbraio 2026 &#8211;\u00a0Proseguono le lavorazioni programmate connesse alla Variante di Valle di Cadore lungo la strada statale 51 &#8220;di Alemagna&#8221;, finalizzate al completamento di alcune opere di adeguamento e sistemazione della sede stradale.<\/p>\n<p>Per consentire l&#8217;esecuzione degli interventi a partire da luned\u00ec 16 febbraio \u00e8 prevista la chiusura della corsia di uscita dalla SS 51 &#8220;di Alemagna&#8221; dal km 77,550 al km 77,230 in direzione Cortina\u2013abitato di Valle di Cadore.<\/p>\n<p>Per i veicoli provenienti da Cortina, l&#8217;accesso al centro abitato di Valle di Cadore (BL) \u00e8 garantito attraverso la nuova galleria San Martino. In prossimit\u00e0 del Municipio, in corrispondenza della rotatoria Est, \u00e8 possibile proseguire lungo la precedente sede della SS 51 &#8220;di Alemagna&#8221; per raggiungere il centro storico.<\/p>\n<p>Le modifiche alla circolazione si rendono necessarie per consentire lo svolgimento delle attivit\u00e0 previste in condizioni di sicurezza e rientrano nella programmazione degli interventi connessi all&#8217;opera, con l&#8217;obiettivo di consolidare i livelli di funzionalit\u00e0 e di servizio della tratta.<\/p>","protected":false},"excerpt":{"rendered":"<p>Venezia, 14 febbraio 2026 &#8211;\u00a0Proseguono le lavorazioni programmate connesse alla Variante di Valle di Cadore lungo la strada statale 51 &#8220;di Alemagna&#8221;, finalizzate al completamento di alcune opere di adeguamento e sistemazione della sede stradale. Per consentire l&#8217;esecuzione degli interventi a partire da luned\u00ec 16 febbraio \u00e8 prevista la chiusura della corsia di uscita dalla [&hellip;]<\/p>\n","protected":false},"author":2,"featured_media":123568,"comment_status":"closed","ping_status":"open","sticky":false,"template":"","format":"standard","meta":{"footnotes":""},"categories":[5],"tags":[],"class_list":["post-167469","post","type-post","status-publish","format-standard","has-post-thumbnail","category-cronaca"],"yoast_head":"<!-- This site is optimized with the Yoast SEO plugin v28.4 - https:\/\/yoast.com\/product\/yoast-seo-wordpress\/ -->\n<title>Anas. Proseguono i lavori programmati nel cantiere di Valle di Cadore, sulla Statale di Alemagna - Bellunopress - Dolomiti<\/title>\n<meta name=\"robots\" content=\"index, follow, max-snippet:-1, max-image-preview:large, max-video-preview:-1\" \/>\n<link rel=\"canonical\" href=\"https:\/\/www.bellunopress.it\/fr\/2026\/02\/14\/anas-proseguono-i-lavori-programmati-nel-cantiere-di-valle-di-cadore-sulla-statale-di-alemagna\/\" \/>\n<meta property=\"og:locale\" content=\"fr_FR\" \/>\n<meta property=\"og:type\" content=\"article\" \/>\n<meta property=\"og:title\" content=\"Anas. Proseguono i lavori programmati nel cantiere di Valle di Cadore, sulla Statale di Alemagna - Bellunopress - Dolomiti\" \/>\n<meta property=\"og:description\" content=\"Venezia, 14 febbraio 2026 &#8211;\u00a0Proseguono le lavorazioni programmate connesse alla Variante di Valle di Cadore lungo la strada statale 51 &#8220;di Alemagna&#8221;, finalizzate al completamento di alcune opere di adeguamento e sistemazione della sede stradale. Per consentire l&#8217;esecuzione degli interventi a partire da luned\u00ec 16 febbraio \u00e8 prevista la chiusura della corsia di uscita dalla [&hellip;]\" \/>\n<meta property=\"og:url\" content=\"https:\/\/www.bellunopress.it\/fr\/2026\/02\/14\/anas-proseguono-i-lavori-programmati-nel-cantiere-di-valle-di-cadore-sulla-statale-di-alemagna\/\" \/>\n<meta property=\"og:site_name\" content=\"Bellunopress - Dolomiti\" \/>\n<meta property=\"article:publisher\" content=\"https:\/\/www.facebook.com\/profile.php?id=100008943462799\" \/>\n<meta property=\"article:published_time\" content=\"2026-02-14T18:30:11+00:00\" \/>\n<meta property=\"og:image\" content=\"https:\/\/www.bellunopress.it\/wp-content\/uploads\/2021\/04\/Anas_edited.jpg\" \/>\n\t<meta property=\"og:image:width\" content=\"1000\" \/>\n\t<meta property=\"og:image:height\" content=\"568\" \/>\n\t<meta property=\"og:image:type\" content=\"image\/jpeg\" \/>\n<meta name=\"author\" content=\"redazione\" \/>\n<meta name=\"twitter:card\" content=\"summary_large_image\" \/>\n<meta name=\"twitter:creator\" content=\"@bellunopress\" \/>\n<meta name=\"twitter:site\" content=\"@bellunopress\" \/>\n<meta name=\"twitter:label1\" content=\"\u00c9crit par\" \/>\n\t<meta name=\"twitter:data1\" content=\"redazione\" \/>\n\t<meta name=\"twitter:label2\" content=\"Dur\u00e9e de lecture estim\u00e9e\" \/>\n\t<meta name=\"twitter:data2\" content=\"1 minute\" \/>\n<script type=\"application\/ld+json\" class=\"yoast-schema-graph\">{\"@context\":\"https:\\\/\\\/schema.org\",\"@graph\":[{\"@type\":\"Article\",\"@id\":\"https:\\\/\\\/www.bellunopress.it\\\/2026\\\/02\\\/14\\\/anas-proseguono-i-lavori-programmati-nel-cantiere-di-valle-di-cadore-sulla-statale-di-alemagna\\\/#article\",\"isPartOf\":{\"@id\":\"https:\\\/\\\/www.bellunopress.it\\\/2026\\\/02\\\/14\\\/anas-proseguono-i-lavori-programmati-nel-cantiere-di-valle-di-cadore-sulla-statale-di-alemagna\\\/\"},\"author\":{\"name\":\"redazione\",\"@id\":\"https:\\\/\\\/www.bellunopress.it\\\/#\\\/schema\\\/person\\\/79bb06722b37ece1c03d3e94beb30d73\"},\"headline\":\"Anas. Proseguono i lavori programmati nel cantiere di Valle di Cadore, sulla Statale di Alemagna\",\"datePublished\":\"2026-02-14T18:30:11+00:00\",\"mainEntityOfPage\":{\"@id\":\"https:\\\/\\\/www.bellunopress.it\\\/2026\\\/02\\\/14\\\/anas-proseguono-i-lavori-programmati-nel-cantiere-di-valle-di-cadore-sulla-statale-di-alemagna\\\/\"},\"wordCount\":170,\"publisher\":{\"@id\":\"https:\\\/\\\/www.bellunopress.it\\\/#organization\"},\"image\":{\"@id\":\"https:\\\/\\\/www.bellunopress.it\\\/2026\\\/02\\\/14\\\/anas-proseguono-i-lavori-programmati-nel-cantiere-di-valle-di-cadore-sulla-statale-di-alemagna\\\/#primaryimage\"},\"thumbnailUrl\":\"https:\\\/\\\/www.bellunopress.it\\\/wp-content\\\/uploads\\\/2021\\\/04\\\/Anas_edited.jpg\",\"articleSection\":[\"Cronaca\\\/Politica\"],\"inLanguage\":\"fr-FR\"},{\"@type\":\"WebPage\",\"@id\":\"https:\\\/\\\/www.bellunopress.it\\\/2026\\\/02\\\/14\\\/anas-proseguono-i-lavori-programmati-nel-cantiere-di-valle-di-cadore-sulla-statale-di-alemagna\\\/\",\"url\":\"https:\\\/\\\/www.bellunopress.it\\\/2026\\\/02\\\/14\\\/anas-proseguono-i-lavori-programmati-nel-cantiere-di-valle-di-cadore-sulla-statale-di-alemagna\\\/\",\"name\":\"Anas. Proseguono i lavori programmati nel cantiere di Valle di Cadore, sulla Statale di Alemagna - Bellunopress - Dolomiti\",\"isPartOf\":{\"@id\":\"https:\\\/\\\/www.bellunopress.it\\\/#website\"},\"primaryImageOfPage\":{\"@id\":\"https:\\\/\\\/www.bellunopress.it\\\/2026\\\/02\\\/14\\\/anas-proseguono-i-lavori-programmati-nel-cantiere-di-valle-di-cadore-sulla-statale-di-alemagna\\\/#primaryimage\"},\"image\":{\"@id\":\"https:\\\/\\\/www.bellunopress.it\\\/2026\\\/02\\\/14\\\/anas-proseguono-i-lavori-programmati-nel-cantiere-di-valle-di-cadore-sulla-statale-di-alemagna\\\/#primaryimage\"},\"thumbnailUrl\":\"https:\\\/\\\/www.bellunopress.it\\\/wp-content\\\/uploads\\\/2021\\\/04\\\/Anas_edited.jpg\",\"datePublished\":\"2026-02-14T18:30:11+00:00\",\"breadcrumb\":{\"@id\":\"https:\\\/\\\/www.bellunopress.it\\\/2026\\\/02\\\/14\\\/anas-proseguono-i-lavori-programmati-nel-cantiere-di-valle-di-cadore-sulla-statale-di-alemagna\\\/#breadcrumb\"},\"inLanguage\":\"fr-FR\",\"potentialAction\":[{\"@type\":\"ReadAction\",\"target\":[\"https:\\\/\\\/www.bellunopress.it\\\/2026\\\/02\\\/14\\\/anas-proseguono-i-lavori-programmati-nel-cantiere-di-valle-di-cadore-sulla-statale-di-alemagna\\\/\"]}]},{\"@type\":\"ImageObject\",\"inLanguage\":\"fr-FR\",\"@id\":\"https:\\\/\\\/www.bellunopress.it\\\/2026\\\/02\\\/14\\\/anas-proseguono-i-lavori-programmati-nel-cantiere-di-valle-di-cadore-sulla-statale-di-alemagna\\\/#primaryimage\",\"url\":\"https:\\\/\\\/www.bellunopress.it\\\/wp-content\\\/uploads\\\/2021\\\/04\\\/Anas_edited.jpg\",\"contentUrl\":\"https:\\\/\\\/www.bellunopress.it\\\/wp-content\\\/uploads\\\/2021\\\/04\\\/Anas_edited.jpg\",\"width\":1000,\"height\":568},{\"@type\":\"BreadcrumbList\",\"@id\":\"https:\\\/\\\/www.bellunopress.it\\\/2026\\\/02\\\/14\\\/anas-proseguono-i-lavori-programmati-nel-cantiere-di-valle-di-cadore-sulla-statale-di-alemagna\\\/#breadcrumb\",\"itemListElement\":[{\"@type\":\"ListItem\",\"position\":1,\"name\":\"Home\",\"item\":\"https:\\\/\\\/www.bellunopress.it\\\/\"},{\"@type\":\"ListItem\",\"position\":2,\"name\":\"Anas. Proseguono i lavori programmati nel cantiere di Valle di Cadore, sulla Statale di Alemagna\"}]},{\"@type\":\"WebSite\",\"@id\":\"https:\\\/\\\/www.bellunopress.it\\\/#website\",\"url\":\"https:\\\/\\\/www.bellunopress.it\\\/\",\"name\":\"Bellunopress - Dolomiti\",\"description\":\"e-mail: redazione@bellunopress.it\",\"publisher\":{\"@id\":\"https:\\\/\\\/www.bellunopress.it\\\/#organization\"},\"potentialAction\":[{\"@type\":\"SearchAction\",\"target\":{\"@type\":\"EntryPoint\",\"urlTemplate\":\"https:\\\/\\\/www.bellunopress.it\\\/?s={search_term_string}\"},\"query-input\":{\"@type\":\"PropertyValueSpecification\",\"valueRequired\":true,\"valueName\":\"search_term_string\"}}],\"inLanguage\":\"fr-FR\"},{\"@type\":\"Organization\",\"@id\":\"https:\\\/\\\/www.bellunopress.it\\\/#organization\",\"name\":\"Bellunopress\",\"url\":\"https:\\\/\\\/www.bellunopress.it\\\/\",\"logo\":{\"@type\":\"ImageObject\",\"inLanguage\":\"fr-FR\",\"@id\":\"https:\\\/\\\/www.bellunopress.it\\\/#\\\/schema\\\/logo\\\/image\\\/\",\"url\":\"https:\\\/\\\/www.bellunopress.it\\\/wp-content\\\/uploads\\\/2011\\\/05\\\/cropped-logo-bellunopress-.jpg\",\"contentUrl\":\"https:\\\/\\\/www.bellunopress.it\\\/wp-content\\\/uploads\\\/2011\\\/05\\\/cropped-logo-bellunopress-.jpg\",\"width\":512,\"height\":512,\"caption\":\"Bellunopress\"},\"image\":{\"@id\":\"https:\\\/\\\/www.bellunopress.it\\\/#\\\/schema\\\/logo\\\/image\\\/\"},\"sameAs\":[\"https:\\\/\\\/www.facebook.com\\\/profile.php?id=100008943462799\",\"https:\\\/\\\/x.com\\\/bellunopress\",\"https:\\\/\\\/www.linkedin.com\\\/hp\\\/?dnr=JBzUWaJfMUw8vbXJJ2tVW5-I3jZKvC4wsoxE&amp;amp;amp;amp;amp;amp;trk=nav_responsive_tab_home\",\"https:\\\/\\\/www.youtube.com\\\/channel\\\/UCxL0wu1uN0_3_7hGG0306cw\"]},{\"@type\":\"Person\",\"@id\":\"https:\\\/\\\/www.bellunopress.it\\\/#\\\/schema\\\/person\\\/79bb06722b37ece1c03d3e94beb30d73\",\"name\":\"redazione\",\"image\":{\"@type\":\"ImageObject\",\"inLanguage\":\"fr-FR\",\"@id\":\"https:\\\/\\\/secure.gravatar.com\\\/avatar\\\/37d968a2e67a6fd04c169c4bdef102d0bc5d31b2546345219e348575eb80e9a0?s=96&d=mm&r=g\",\"url\":\"https:\\\/\\\/secure.gravatar.com\\\/avatar\\\/37d968a2e67a6fd04c169c4bdef102d0bc5d31b2546345219e348575eb80e9a0?s=96&d=mm&r=g\",\"contentUrl\":\"https:\\\/\\\/secure.gravatar.com\\\/avatar\\\/37d968a2e67a6fd04c169c4bdef102d0bc5d31b2546345219e348575eb80e9a0?s=96&d=mm&r=g\",\"caption\":\"redazione\"},\"sameAs\":[\"http:\\\/\\\/www.bellunopress.it\",\"https:\\\/\\\/x.com\\\/bellunopress\"],\"url\":\"https:\\\/\\\/www.bellunopress.it\\\/fr\\\/author\\\/redazione\\\/\"}]}<\/script>\n<!-- \/ Yoast SEO plugin. -->","yoast_head_json":{"title":"Anas. Proseguono i lavori programmati nel cantiere di Valle di Cadore, sulla Statale di Alemagna - Bellunopress - Dolomiti","robots":{"index":"index","follow":"follow","max-snippet":"max-snippet:-1","max-image-preview":"max-image-preview:large","max-video-preview":"max-video-preview:-1"},"canonical":"https:\/\/www.bellunopress.it\/fr\/2026\/02\/14\/anas-proseguono-i-lavori-programmati-nel-cantiere-di-valle-di-cadore-sulla-statale-di-alemagna\/","og_locale":"fr_FR","og_type":"article","og_title":"Anas. Proseguono i lavori programmati nel cantiere di Valle di Cadore, sulla Statale di Alemagna - Bellunopress - Dolomiti","og_description":"Venezia, 14 febbraio 2026 &#8211;\u00a0Proseguono le lavorazioni programmate connesse alla Variante di Valle di Cadore lungo la strada statale 51 &#8220;di Alemagna&#8221;, finalizzate al completamento di alcune opere di adeguamento e sistemazione della sede stradale. Per consentire l&#8217;esecuzione degli interventi a partire da luned\u00ec 16 febbraio \u00e8 prevista la chiusura della corsia di uscita dalla [&hellip;]","og_url":"https:\/\/www.bellunopress.it\/fr\/2026\/02\/14\/anas-proseguono-i-lavori-programmati-nel-cantiere-di-valle-di-cadore-sulla-statale-di-alemagna\/","og_site_name":"Bellunopress - Dolomiti","article_publisher":"https:\/\/www.facebook.com\/profile.php?id=100008943462799","article_published_time":"2026-02-14T18:30:11+00:00","og_image":[{"width":1000,"height":568,"url":"https:\/\/www.bellunopress.it\/wp-content\/uploads\/2021\/04\/Anas_edited.jpg","type":"image\/jpeg"}],"author":"redazione","twitter_card":"summary_large_image","twitter_creator":"@bellunopress","twitter_site":"@bellunopress","twitter_misc":{"\u00c9crit par":"redazione","Dur\u00e9e de lecture estim\u00e9e":"1 minute"},"schema":{"@context":"https:\/\/schema.org","@graph":[{"@type":"Article","@id":"https:\/\/www.bellunopress.it\/2026\/02\/14\/anas-proseguono-i-lavori-programmati-nel-cantiere-di-valle-di-cadore-sulla-statale-di-alemagna\/#article","isPartOf":{"@id":"https:\/\/www.bellunopress.it\/2026\/02\/14\/anas-proseguono-i-lavori-programmati-nel-cantiere-di-valle-di-cadore-sulla-statale-di-alemagna\/"},"author":{"name":"redazione","@id":"https:\/\/www.bellunopress.it\/#\/schema\/person\/79bb06722b37ece1c03d3e94beb30d73"},"headline":"Anas. Proseguono i lavori programmati nel cantiere di Valle di Cadore, sulla Statale di Alemagna","datePublished":"2026-02-14T18:30:11+00:00","mainEntityOfPage":{"@id":"https:\/\/www.bellunopress.it\/2026\/02\/14\/anas-proseguono-i-lavori-programmati-nel-cantiere-di-valle-di-cadore-sulla-statale-di-alemagna\/"},"wordCount":170,"publisher":{"@id":"https:\/\/www.bellunopress.it\/#organization"},"image":{"@id":"https:\/\/www.bellunopress.it\/2026\/02\/14\/anas-proseguono-i-lavori-programmati-nel-cantiere-di-valle-di-cadore-sulla-statale-di-alemagna\/#primaryimage"},"thumbnailUrl":"https:\/\/www.bellunopress.it\/wp-content\/uploads\/2021\/04\/Anas_edited.jpg","articleSection":["Cronaca\/Politica"],"inLanguage":"fr-FR"},{"@type":"WebPage","@id":"https:\/\/www.bellunopress.it\/2026\/02\/14\/anas-proseguono-i-lavori-programmati-nel-cantiere-di-valle-di-cadore-sulla-statale-di-alemagna\/","url":"https:\/\/www.bellunopress.it\/2026\/02\/14\/anas-proseguono-i-lavori-programmati-nel-cantiere-di-valle-di-cadore-sulla-statale-di-alemagna\/","name":"Anas. Proseguono i lavori programmati nel cantiere di Valle di Cadore, sulla Statale di Alemagna - Bellunopress - Dolomiti","isPartOf":{"@id":"https:\/\/www.bellunopress.it\/#website"},"primaryImageOfPage":{"@id":"https:\/\/www.bellunopress.it\/2026\/02\/14\/anas-proseguono-i-lavori-programmati-nel-cantiere-di-valle-di-cadore-sulla-statale-di-alemagna\/#primaryimage"},"image":{"@id":"https:\/\/www.bellunopress.it\/2026\/02\/14\/anas-proseguono-i-lavori-programmati-nel-cantiere-di-valle-di-cadore-sulla-statale-di-alemagna\/#primaryimage"},"thumbnailUrl":"https:\/\/www.bellunopress.it\/wp-content\/uploads\/2021\/04\/Anas_edited.jpg","datePublished":"2026-02-14T18:30:11+00:00","breadcrumb":{"@id":"https:\/\/www.bellunopress.it\/2026\/02\/14\/anas-proseguono-i-lavori-programmati-nel-cantiere-di-valle-di-cadore-sulla-statale-di-alemagna\/#breadcrumb"},"inLanguage":"fr-FR","potentialAction":[{"@type":"ReadAction","target":["https:\/\/www.bellunopress.it\/2026\/02\/14\/anas-proseguono-i-lavori-programmati-nel-cantiere-di-valle-di-cadore-sulla-statale-di-alemagna\/"]}]},{"@type":"ImageObject","inLanguage":"fr-FR","@id":"https:\/\/www.bellunopress.it\/2026\/02\/14\/anas-proseguono-i-lavori-programmati-nel-cantiere-di-valle-di-cadore-sulla-statale-di-alemagna\/#primaryimage","url":"https:\/\/www.bellunopress.it\/wp-content\/uploads\/2021\/04\/Anas_edited.jpg","contentUrl":"https:\/\/www.bellunopress.it\/wp-content\/uploads\/2021\/04\/Anas_edited.jpg","width":1000,"height":568},{"@type":"BreadcrumbList","@id":"https:\/\/www.bellunopress.it\/2026\/02\/14\/anas-proseguono-i-lavori-programmati-nel-cantiere-di-valle-di-cadore-sulla-statale-di-alemagna\/#breadcrumb","itemListElement":[{"@type":"ListItem","position":1,"name":"Home","item":"https:\/\/www.bellunopress.it\/"},{"@type":"ListItem","position":2,"name":"Anas. Proseguono i lavori programmati nel cantiere di Valle di Cadore, sulla Statale di Alemagna"}]},{"@type":"WebSite","@id":"https:\/\/www.bellunopress.it\/#website","url":"https:\/\/www.bellunopress.it\/","name":"Bellunopress - Dolomiti","description":"e-mail: redazione@bellunopress.it","publisher":{"@id":"https:\/\/www.bellunopress.it\/#organization"},"potentialAction":[{"@type":"SearchAction","target":{"@type":"EntryPoint","urlTemplate":"https:\/\/www.bellunopress.it\/?s={search_term_string}"},"query-input":{"@type":"PropertyValueSpecification","valueRequired":true,"valueName":"search_term_string"}}],"inLanguage":"fr-FR"},{"@type":"Organization","@id":"https:\/\/www.bellunopress.it\/#organization","name":"Bellunopress","url":"https:\/\/www.bellunopress.it\/","logo":{"@type":"ImageObject","inLanguage":"fr-FR","@id":"https:\/\/www.bellunopress.it\/#\/schema\/logo\/image\/","url":"https:\/\/www.bellunopress.it\/wp-content\/uploads\/2011\/05\/cropped-logo-bellunopress-.jpg","contentUrl":"https:\/\/www.bellunopress.it\/wp-content\/uploads\/2011\/05\/cropped-logo-bellunopress-.jpg","width":512,"height":512,"caption":"Bellunopress"},"image":{"@id":"https:\/\/www.bellunopress.it\/#\/schema\/logo\/image\/"},"sameAs":["https:\/\/www.facebook.com\/profile.php?id=100008943462799","https:\/\/x.com\/bellunopress","https:\/\/www.linkedin.com\/hp\/?dnr=JBzUWaJfMUw8vbXJJ2tVW5-I3jZKvC4wsoxE&amp;amp;amp;amp;amp;amp;trk=nav_responsive_tab_home","https:\/\/www.youtube.com\/channel\/UCxL0wu1uN0_3_7hGG0306cw"]},{"@type":"Person","@id":"https:\/\/www.bellunopress.it\/#\/schema\/person\/79bb06722b37ece1c03d3e94beb30d73","name":"r\u00e9daction","image":{"@type":"ImageObject","inLanguage":"fr-FR","@id":"https:\/\/secure.gravatar.com\/avatar\/37d968a2e67a6fd04c169c4bdef102d0bc5d31b2546345219e348575eb80e9a0?s=96&d=mm&r=g","url":"https:\/\/secure.gravatar.com\/avatar\/37d968a2e67a6fd04c169c4bdef102d0bc5d31b2546345219e348575eb80e9a0?s=96&d=mm&r=g","contentUrl":"https:\/\/secure.gravatar.com\/avatar\/37d968a2e67a6fd04c169c4bdef102d0bc5d31b2546345219e348575eb80e9a0?s=96&d=mm&r=g","caption":"redazione"},"sameAs":["http:\/\/www.bellunopress.it","https:\/\/x.com\/bellunopress"],"url":"https:\/\/www.bellunopress.it\/fr\/author\/redazione\/"}]}},"_links":{"self":[{"href":"https:\/\/www.bellunopress.it\/fr\/wp-json\/wp\/v2\/posts\/167469","targetHints":{"allow":["GET"]}}],"collection":[{"href":"https:\/\/www.bellunopress.it\/fr\/wp-json\/wp\/v2\/posts"}],"about":[{"href":"https:\/\/www.bellunopress.it\/fr\/wp-json\/wp\/v2\/types\/post"}],"author":[{"embeddable":true,"href":"https:\/\/www.bellunopress.it\/fr\/wp-json\/wp\/v2\/users\/2"}],"replies":[{"embeddable":true,"href":"https:\/\/www.bellunopress.it\/fr\/wp-json\/wp\/v2\/comments?post=167469"}],"version-history":[{"count":1,"href":"https:\/\/www.bellunopress.it\/fr\/wp-json\/wp\/v2\/posts\/167469\/revisions"}],"predecessor-version":[{"id":167470,"href":"https:\/\/www.bellunopress.it\/fr\/wp-json\/wp\/v2\/posts\/167469\/revisions\/167470"}],"wp:featuredmedia":[{"embeddable":true,"href":"https:\/\/www.bellunopress.it\/fr\/wp-json\/wp\/v2\/media\/123568"}],"wp:attachment":[{"href":"https:\/\/www.bellunopress.it\/fr\/wp-json\/wp\/v2\/media?parent=167469"}],"wp:term":[{"taxonomy":"category","embeddable":true,"href":"https:\/\/www.bellunopress.it\/fr\/wp-json\/wp\/v2\/categories?post=167469"},{"taxonomy":"post_tag","embeddable":true,"href":"https:\/\/www.bellunopress.it\/fr\/wp-json\/wp\/v2\/tags?post=167469"}],"curies":[{"name":"wp","href":"https:\/\/api.w.org\/{rel}","templated":true}]}}