{"id":167467,"date":"2026-02-14T15:06:33","date_gmt":"2026-02-14T14:06:33","guid":{"rendered":"https:\/\/www.bellunopress.it\/?p=167467"},"modified":"2026-02-14T15:06:33","modified_gmt":"2026-02-14T14:06:33","slug":"feltre-dimissioni-assessore-curto-le-opposizioni-unico-capro-espiatorio-di-unamministrazione-allo-sbando","status":"publish","type":"post","link":"https:\/\/www.bellunopress.it\/fr\/2026\/02\/14\/feltre-dimissioni-assessore-curto-le-opposizioni-unico-capro-espiatorio-di-unamministrazione-allo-sbando\/","title":{"rendered":"Feltre, dimissioni assessore Curto. Le opposizioni: unico capro espiatorio di un\u2019amministrazione allo sbando?"},"content":{"rendered":"<p>Feltre, 14 febbraio 2026 &#8211; La vicenda politica che ha portato alle dimissioni dell\u2019assessore Curto certifica in modo definitivo ci\u00f2 che denunciamo da tempo: questa amministrazione \u00e8 ormai allo sbando e tenta disperatamente di salvarsi individuando un capro espiatorio interno.<br \/>\nChe i risultati sul commercio siano stati, nei fatti, deludenti \u2013 se non in alcuni casi drammatici \u2013 \u00e8 sotto gli occhi di tutti.<\/p>\n<p>Ma davvero si pu\u00f2 pensare che la responsabilit\u00e0 sia solo sua?<\/p>\n<p>Il problema non \u00e8 mai stato solo Curto. Il problema \u00e8 una giunta che non ha mai avuto una strategia di rilancio della citt\u00e0, che ha navigato a vista, che ha progressivamente spento ogni prospettiva per Feltre. Oggi la citt\u00e0 appare ingessata, senza visione, senza progettualit\u00e0, senza slancio. \u00c8 venuta meno qualunque idea di sviluppo e la sensazione diffusa \u00e8 quella di una paralisi amministrativa.<br \/>\nAncora pi\u00f9 grave \u00e8 quanto emerso negli ultimi giorni. Fino a poco tempo fa tanto la Sindaca quanto il coordinatore &#8220;feltrino&#8221; di Fdi avevano lasciato intendere che la probabile sostituzione dell\u2019assessore fosse legata a problemi di salute. Oggi lo stesso Curto smentisce apertamente quella versione, chiarendo che si tratta esclusivamente di una questione politica e di una crisi interna alla maggioranza.<br \/>\nRiteniamo deprecabile che si utilizzi la salute delle persone per mascherare meri motivi politici e per tentare di coprire una frattura interna ormai evidente.<\/p>\n<p>Colpisce inoltre un altro passaggio delle dichiarazioni di Curto: gli equilibri politici di Feltre sembrano essere decisi altrove, con riferimenti espliciti a Urzi e a De Carlo. Alla faccia dell\u2019autonomia decisionale della Sindaca e della tanto proclamata centralit\u00e0 dell\u2019amministrazione cittadina.<\/p>\n<p>Ora si annuncia la sostituzione con il consigliere Titton. Una scelta che ci lascia francamente estremamente perplessi. In questi anni in Consiglio comunale la sua voce si \u00e8 sentita pochissime volte e non risulta abbia maturato n\u00e9 un\u2019esperienza politica significativa n\u00e9 competenze specifiche sul fronte del commercio e dello sviluppo economico cittadino.<br \/>\nAffidare un settore cos\u00ec delicato a una figura la cui unica motivazione sembra essere l\u2019appartenenza a Fratelli d\u2019Italia appare una scelta dettata pi\u00f9 da equilibri interni di partito che da una reale attenzione ai bisogni della citt\u00e0.<\/p>\n<p>Basta dunque essere un adepto di De Carlo per fare l\u2019assessore su un tema cos\u00ec delicato a Feltre?<\/p>\n<p><strong>Partito Democratico <\/strong><br \/>\n<strong>Cittadinanza e Partecipazione <\/strong><br \/>\n<strong>Sinistra Feltrina <\/strong><br \/>\n<strong>Idea per Feltre<\/strong><\/p>","protected":false},"excerpt":{"rendered":"<p>Feltre, 14 febbraio 2026 &#8211; La vicenda politica che ha portato alle dimissioni dell\u2019assessore Curto certifica in modo definitivo ci\u00f2 che denunciamo da tempo: questa amministrazione \u00e8 ormai allo sbando e tenta disperatamente di salvarsi individuando un capro espiatorio interno. Che i risultati sul commercio siano stati, nei fatti, deludenti \u2013 se non in alcuni [&hellip;]<\/p>\n","protected":false},"author":2,"featured_media":131611,"comment_status":"closed","ping_status":"open","sticky":false,"template":"","format":"standard","meta":{"footnotes":""},"categories":[5,26],"tags":[],"class_list":["post-167467","post","type-post","status-publish","format-standard","has-post-thumbnail","category-cronaca","category-prima-pagina"],"yoast_head":"<!-- This site is optimized with the Yoast SEO plugin v28.4 - https:\/\/yoast.com\/product\/yoast-seo-wordpress\/ -->\n<title>Feltre, dimissioni assessore Curto. Le opposizioni: unico capro espiatorio di un\u2019amministrazione allo sbando? - Bellunopress - Dolomiti<\/title>\n<meta name=\"robots\" content=\"index, follow, max-snippet:-1, max-image-preview:large, max-video-preview:-1\" \/>\n<link rel=\"canonical\" href=\"https:\/\/www.bellunopress.it\/fr\/2026\/02\/14\/feltre-dimissioni-assessore-curto-le-opposizioni-unico-capro-espiatorio-di-unamministrazione-allo-sbando\/\" \/>\n<meta property=\"og:locale\" content=\"fr_FR\" \/>\n<meta property=\"og:type\" content=\"article\" \/>\n<meta property=\"og:title\" content=\"Feltre, dimissioni assessore Curto. Le opposizioni: unico capro espiatorio di un\u2019amministrazione allo sbando? - Bellunopress - Dolomiti\" \/>\n<meta property=\"og:description\" content=\"Feltre, 14 febbraio 2026 &#8211; La vicenda politica che ha portato alle dimissioni dell\u2019assessore Curto certifica in modo definitivo ci\u00f2 che denunciamo da tempo: questa amministrazione \u00e8 ormai allo sbando e tenta disperatamente di salvarsi individuando un capro espiatorio interno. Che i risultati sul commercio siano stati, nei fatti, deludenti \u2013 se non in alcuni [&hellip;]\" \/>\n<meta property=\"og:url\" content=\"https:\/\/www.bellunopress.it\/fr\/2026\/02\/14\/feltre-dimissioni-assessore-curto-le-opposizioni-unico-capro-espiatorio-di-unamministrazione-allo-sbando\/\" \/>\n<meta property=\"og:site_name\" content=\"Bellunopress - Dolomiti\" \/>\n<meta property=\"article:publisher\" content=\"https:\/\/www.facebook.com\/profile.php?id=100008943462799\" \/>\n<meta property=\"article:published_time\" content=\"2026-02-14T14:06:33+00:00\" \/>\n<meta property=\"og:image\" content=\"https:\/\/www.bellunopress.it\/wp-content\/uploads\/2022\/02\/comune-di-feltre_edited.jpg\" \/>\n\t<meta property=\"og:image:width\" content=\"633\" \/>\n\t<meta property=\"og:image:height\" content=\"353\" \/>\n\t<meta property=\"og:image:type\" content=\"image\/jpeg\" \/>\n<meta name=\"author\" content=\"redazione\" \/>\n<meta name=\"twitter:card\" content=\"summary_large_image\" \/>\n<meta name=\"twitter:creator\" content=\"@bellunopress\" \/>\n<meta name=\"twitter:site\" content=\"@bellunopress\" \/>\n<meta name=\"twitter:label1\" content=\"\u00c9crit par\" \/>\n\t<meta name=\"twitter:data1\" content=\"redazione\" \/>\n\t<meta name=\"twitter:label2\" content=\"Dur\u00e9e de lecture estim\u00e9e\" \/>\n\t<meta name=\"twitter:data2\" content=\"2 minutes\" \/>\n<script type=\"application\/ld+json\" class=\"yoast-schema-graph\">{\"@context\":\"https:\\\/\\\/schema.org\",\"@graph\":[{\"@type\":\"Article\",\"@id\":\"https:\\\/\\\/www.bellunopress.it\\\/2026\\\/02\\\/14\\\/feltre-dimissioni-assessore-curto-le-opposizioni-unico-capro-espiatorio-di-unamministrazione-allo-sbando\\\/#article\",\"isPartOf\":{\"@id\":\"https:\\\/\\\/www.bellunopress.it\\\/2026\\\/02\\\/14\\\/feltre-dimissioni-assessore-curto-le-opposizioni-unico-capro-espiatorio-di-unamministrazione-allo-sbando\\\/\"},\"author\":{\"name\":\"redazione\",\"@id\":\"https:\\\/\\\/www.bellunopress.it\\\/#\\\/schema\\\/person\\\/79bb06722b37ece1c03d3e94beb30d73\"},\"headline\":\"Feltre, dimissioni assessore Curto. Le opposizioni: unico capro espiatorio di un\u2019amministrazione allo sbando?\",\"datePublished\":\"2026-02-14T14:06:33+00:00\",\"mainEntityOfPage\":{\"@id\":\"https:\\\/\\\/www.bellunopress.it\\\/2026\\\/02\\\/14\\\/feltre-dimissioni-assessore-curto-le-opposizioni-unico-capro-espiatorio-di-unamministrazione-allo-sbando\\\/\"},\"wordCount\":392,\"publisher\":{\"@id\":\"https:\\\/\\\/www.bellunopress.it\\\/#organization\"},\"image\":{\"@id\":\"https:\\\/\\\/www.bellunopress.it\\\/2026\\\/02\\\/14\\\/feltre-dimissioni-assessore-curto-le-opposizioni-unico-capro-espiatorio-di-unamministrazione-allo-sbando\\\/#primaryimage\"},\"thumbnailUrl\":\"https:\\\/\\\/www.bellunopress.it\\\/wp-content\\\/uploads\\\/2022\\\/02\\\/comune-di-feltre_edited.jpg\",\"articleSection\":[\"Cronaca\\\/Politica\",\"Prima Pagina\"],\"inLanguage\":\"fr-FR\"},{\"@type\":\"WebPage\",\"@id\":\"https:\\\/\\\/www.bellunopress.it\\\/2026\\\/02\\\/14\\\/feltre-dimissioni-assessore-curto-le-opposizioni-unico-capro-espiatorio-di-unamministrazione-allo-sbando\\\/\",\"url\":\"https:\\\/\\\/www.bellunopress.it\\\/2026\\\/02\\\/14\\\/feltre-dimissioni-assessore-curto-le-opposizioni-unico-capro-espiatorio-di-unamministrazione-allo-sbando\\\/\",\"name\":\"Feltre, dimissioni assessore Curto. Le opposizioni: unico capro espiatorio di un\u2019amministrazione allo sbando? - Bellunopress - Dolomiti\",\"isPartOf\":{\"@id\":\"https:\\\/\\\/www.bellunopress.it\\\/#website\"},\"primaryImageOfPage\":{\"@id\":\"https:\\\/\\\/www.bellunopress.it\\\/2026\\\/02\\\/14\\\/feltre-dimissioni-assessore-curto-le-opposizioni-unico-capro-espiatorio-di-unamministrazione-allo-sbando\\\/#primaryimage\"},\"image\":{\"@id\":\"https:\\\/\\\/www.bellunopress.it\\\/2026\\\/02\\\/14\\\/feltre-dimissioni-assessore-curto-le-opposizioni-unico-capro-espiatorio-di-unamministrazione-allo-sbando\\\/#primaryimage\"},\"thumbnailUrl\":\"https:\\\/\\\/www.bellunopress.it\\\/wp-content\\\/uploads\\\/2022\\\/02\\\/comune-di-feltre_edited.jpg\",\"datePublished\":\"2026-02-14T14:06:33+00:00\",\"breadcrumb\":{\"@id\":\"https:\\\/\\\/www.bellunopress.it\\\/2026\\\/02\\\/14\\\/feltre-dimissioni-assessore-curto-le-opposizioni-unico-capro-espiatorio-di-unamministrazione-allo-sbando\\\/#breadcrumb\"},\"inLanguage\":\"fr-FR\",\"potentialAction\":[{\"@type\":\"ReadAction\",\"target\":[\"https:\\\/\\\/www.bellunopress.it\\\/2026\\\/02\\\/14\\\/feltre-dimissioni-assessore-curto-le-opposizioni-unico-capro-espiatorio-di-unamministrazione-allo-sbando\\\/\"]}]},{\"@type\":\"ImageObject\",\"inLanguage\":\"fr-FR\",\"@id\":\"https:\\\/\\\/www.bellunopress.it\\\/2026\\\/02\\\/14\\\/feltre-dimissioni-assessore-curto-le-opposizioni-unico-capro-espiatorio-di-unamministrazione-allo-sbando\\\/#primaryimage\",\"url\":\"https:\\\/\\\/www.bellunopress.it\\\/wp-content\\\/uploads\\\/2022\\\/02\\\/comune-di-feltre_edited.jpg\",\"contentUrl\":\"https:\\\/\\\/www.bellunopress.it\\\/wp-content\\\/uploads\\\/2022\\\/02\\\/comune-di-feltre_edited.jpg\",\"width\":633,\"height\":353},{\"@type\":\"BreadcrumbList\",\"@id\":\"https:\\\/\\\/www.bellunopress.it\\\/2026\\\/02\\\/14\\\/feltre-dimissioni-assessore-curto-le-opposizioni-unico-capro-espiatorio-di-unamministrazione-allo-sbando\\\/#breadcrumb\",\"itemListElement\":[{\"@type\":\"ListItem\",\"position\":1,\"name\":\"Home\",\"item\":\"https:\\\/\\\/www.bellunopress.it\\\/\"},{\"@type\":\"ListItem\",\"position\":2,\"name\":\"Feltre, dimissioni assessore Curto. Le opposizioni: unico capro espiatorio di un\u2019amministrazione allo sbando?\"}]},{\"@type\":\"WebSite\",\"@id\":\"https:\\\/\\\/www.bellunopress.it\\\/#website\",\"url\":\"https:\\\/\\\/www.bellunopress.it\\\/\",\"name\":\"Bellunopress - Dolomiti\",\"description\":\"e-mail: redazione@bellunopress.it\",\"publisher\":{\"@id\":\"https:\\\/\\\/www.bellunopress.it\\\/#organization\"},\"potentialAction\":[{\"@type\":\"SearchAction\",\"target\":{\"@type\":\"EntryPoint\",\"urlTemplate\":\"https:\\\/\\\/www.bellunopress.it\\\/?s={search_term_string}\"},\"query-input\":{\"@type\":\"PropertyValueSpecification\",\"valueRequired\":true,\"valueName\":\"search_term_string\"}}],\"inLanguage\":\"fr-FR\"},{\"@type\":\"Organization\",\"@id\":\"https:\\\/\\\/www.bellunopress.it\\\/#organization\",\"name\":\"Bellunopress\",\"url\":\"https:\\\/\\\/www.bellunopress.it\\\/\",\"logo\":{\"@type\":\"ImageObject\",\"inLanguage\":\"fr-FR\",\"@id\":\"https:\\\/\\\/www.bellunopress.it\\\/#\\\/schema\\\/logo\\\/image\\\/\",\"url\":\"https:\\\/\\\/www.bellunopress.it\\\/wp-content\\\/uploads\\\/2011\\\/05\\\/cropped-logo-bellunopress-.jpg\",\"contentUrl\":\"https:\\\/\\\/www.bellunopress.it\\\/wp-content\\\/uploads\\\/2011\\\/05\\\/cropped-logo-bellunopress-.jpg\",\"width\":512,\"height\":512,\"caption\":\"Bellunopress\"},\"image\":{\"@id\":\"https:\\\/\\\/www.bellunopress.it\\\/#\\\/schema\\\/logo\\\/image\\\/\"},\"sameAs\":[\"https:\\\/\\\/www.facebook.com\\\/profile.php?id=100008943462799\",\"https:\\\/\\\/x.com\\\/bellunopress\",\"https:\\\/\\\/www.linkedin.com\\\/hp\\\/?dnr=JBzUWaJfMUw8vbXJJ2tVW5-I3jZKvC4wsoxE&amp;amp;amp;amp;amp;amp;trk=nav_responsive_tab_home\",\"https:\\\/\\\/www.youtube.com\\\/channel\\\/UCxL0wu1uN0_3_7hGG0306cw\"]},{\"@type\":\"Person\",\"@id\":\"https:\\\/\\\/www.bellunopress.it\\\/#\\\/schema\\\/person\\\/79bb06722b37ece1c03d3e94beb30d73\",\"name\":\"redazione\",\"image\":{\"@type\":\"ImageObject\",\"inLanguage\":\"fr-FR\",\"@id\":\"https:\\\/\\\/secure.gravatar.com\\\/avatar\\\/37d968a2e67a6fd04c169c4bdef102d0bc5d31b2546345219e348575eb80e9a0?s=96&d=mm&r=g\",\"url\":\"https:\\\/\\\/secure.gravatar.com\\\/avatar\\\/37d968a2e67a6fd04c169c4bdef102d0bc5d31b2546345219e348575eb80e9a0?s=96&d=mm&r=g\",\"contentUrl\":\"https:\\\/\\\/secure.gravatar.com\\\/avatar\\\/37d968a2e67a6fd04c169c4bdef102d0bc5d31b2546345219e348575eb80e9a0?s=96&d=mm&r=g\",\"caption\":\"redazione\"},\"sameAs\":[\"http:\\\/\\\/www.bellunopress.it\",\"https:\\\/\\\/x.com\\\/bellunopress\"],\"url\":\"https:\\\/\\\/www.bellunopress.it\\\/fr\\\/author\\\/redazione\\\/\"}]}<\/script>\n<!-- \/ Yoast SEO plugin. -->","yoast_head_json":{"title":"Feltre, dimissioni assessore Curto. Le opposizioni: unico capro espiatorio di un\u2019amministrazione allo sbando? - Bellunopress - Dolomiti","robots":{"index":"index","follow":"follow","max-snippet":"max-snippet:-1","max-image-preview":"max-image-preview:large","max-video-preview":"max-video-preview:-1"},"canonical":"https:\/\/www.bellunopress.it\/fr\/2026\/02\/14\/feltre-dimissioni-assessore-curto-le-opposizioni-unico-capro-espiatorio-di-unamministrazione-allo-sbando\/","og_locale":"fr_FR","og_type":"article","og_title":"Feltre, dimissioni assessore Curto. Le opposizioni: unico capro espiatorio di un\u2019amministrazione allo sbando? - Bellunopress - Dolomiti","og_description":"Feltre, 14 febbraio 2026 &#8211; La vicenda politica che ha portato alle dimissioni dell\u2019assessore Curto certifica in modo definitivo ci\u00f2 che denunciamo da tempo: questa amministrazione \u00e8 ormai allo sbando e tenta disperatamente di salvarsi individuando un capro espiatorio interno. Che i risultati sul commercio siano stati, nei fatti, deludenti \u2013 se non in alcuni [&hellip;]","og_url":"https:\/\/www.bellunopress.it\/fr\/2026\/02\/14\/feltre-dimissioni-assessore-curto-le-opposizioni-unico-capro-espiatorio-di-unamministrazione-allo-sbando\/","og_site_name":"Bellunopress - Dolomiti","article_publisher":"https:\/\/www.facebook.com\/profile.php?id=100008943462799","article_published_time":"2026-02-14T14:06:33+00:00","og_image":[{"width":633,"height":353,"url":"https:\/\/www.bellunopress.it\/wp-content\/uploads\/2022\/02\/comune-di-feltre_edited.jpg","type":"image\/jpeg"}],"author":"redazione","twitter_card":"summary_large_image","twitter_creator":"@bellunopress","twitter_site":"@bellunopress","twitter_misc":{"\u00c9crit par":"redazione","Dur\u00e9e de lecture estim\u00e9e":"2 minutes"},"schema":{"@context":"https:\/\/schema.org","@graph":[{"@type":"Article","@id":"https:\/\/www.bellunopress.it\/2026\/02\/14\/feltre-dimissioni-assessore-curto-le-opposizioni-unico-capro-espiatorio-di-unamministrazione-allo-sbando\/#article","isPartOf":{"@id":"https:\/\/www.bellunopress.it\/2026\/02\/14\/feltre-dimissioni-assessore-curto-le-opposizioni-unico-capro-espiatorio-di-unamministrazione-allo-sbando\/"},"author":{"name":"redazione","@id":"https:\/\/www.bellunopress.it\/#\/schema\/person\/79bb06722b37ece1c03d3e94beb30d73"},"headline":"Feltre, dimissioni assessore Curto. Le opposizioni: unico capro espiatorio di un\u2019amministrazione allo sbando?","datePublished":"2026-02-14T14:06:33+00:00","mainEntityOfPage":{"@id":"https:\/\/www.bellunopress.it\/2026\/02\/14\/feltre-dimissioni-assessore-curto-le-opposizioni-unico-capro-espiatorio-di-unamministrazione-allo-sbando\/"},"wordCount":392,"publisher":{"@id":"https:\/\/www.bellunopress.it\/#organization"},"image":{"@id":"https:\/\/www.bellunopress.it\/2026\/02\/14\/feltre-dimissioni-assessore-curto-le-opposizioni-unico-capro-espiatorio-di-unamministrazione-allo-sbando\/#primaryimage"},"thumbnailUrl":"https:\/\/www.bellunopress.it\/wp-content\/uploads\/2022\/02\/comune-di-feltre_edited.jpg","articleSection":["Cronaca\/Politica","Prima Pagina"],"inLanguage":"fr-FR"},{"@type":"WebPage","@id":"https:\/\/www.bellunopress.it\/2026\/02\/14\/feltre-dimissioni-assessore-curto-le-opposizioni-unico-capro-espiatorio-di-unamministrazione-allo-sbando\/","url":"https:\/\/www.bellunopress.it\/2026\/02\/14\/feltre-dimissioni-assessore-curto-le-opposizioni-unico-capro-espiatorio-di-unamministrazione-allo-sbando\/","name":"Feltre, dimissioni assessore Curto. Le opposizioni: unico capro espiatorio di un\u2019amministrazione allo sbando? - Bellunopress - Dolomiti","isPartOf":{"@id":"https:\/\/www.bellunopress.it\/#website"},"primaryImageOfPage":{"@id":"https:\/\/www.bellunopress.it\/2026\/02\/14\/feltre-dimissioni-assessore-curto-le-opposizioni-unico-capro-espiatorio-di-unamministrazione-allo-sbando\/#primaryimage"},"image":{"@id":"https:\/\/www.bellunopress.it\/2026\/02\/14\/feltre-dimissioni-assessore-curto-le-opposizioni-unico-capro-espiatorio-di-unamministrazione-allo-sbando\/#primaryimage"},"thumbnailUrl":"https:\/\/www.bellunopress.it\/wp-content\/uploads\/2022\/02\/comune-di-feltre_edited.jpg","datePublished":"2026-02-14T14:06:33+00:00","breadcrumb":{"@id":"https:\/\/www.bellunopress.it\/2026\/02\/14\/feltre-dimissioni-assessore-curto-le-opposizioni-unico-capro-espiatorio-di-unamministrazione-allo-sbando\/#breadcrumb"},"inLanguage":"fr-FR","potentialAction":[{"@type":"ReadAction","target":["https:\/\/www.bellunopress.it\/2026\/02\/14\/feltre-dimissioni-assessore-curto-le-opposizioni-unico-capro-espiatorio-di-unamministrazione-allo-sbando\/"]}]},{"@type":"ImageObject","inLanguage":"fr-FR","@id":"https:\/\/www.bellunopress.it\/2026\/02\/14\/feltre-dimissioni-assessore-curto-le-opposizioni-unico-capro-espiatorio-di-unamministrazione-allo-sbando\/#primaryimage","url":"https:\/\/www.bellunopress.it\/wp-content\/uploads\/2022\/02\/comune-di-feltre_edited.jpg","contentUrl":"https:\/\/www.bellunopress.it\/wp-content\/uploads\/2022\/02\/comune-di-feltre_edited.jpg","width":633,"height":353},{"@type":"BreadcrumbList","@id":"https:\/\/www.bellunopress.it\/2026\/02\/14\/feltre-dimissioni-assessore-curto-le-opposizioni-unico-capro-espiatorio-di-unamministrazione-allo-sbando\/#breadcrumb","itemListElement":[{"@type":"ListItem","position":1,"name":"Home","item":"https:\/\/www.bellunopress.it\/"},{"@type":"ListItem","position":2,"name":"Feltre, dimissioni assessore Curto. Le opposizioni: unico capro espiatorio di un\u2019amministrazione allo sbando?"}]},{"@type":"WebSite","@id":"https:\/\/www.bellunopress.it\/#website","url":"https:\/\/www.bellunopress.it\/","name":"Bellunopress - Dolomiti","description":"e-mail: redazione@bellunopress.it","publisher":{"@id":"https:\/\/www.bellunopress.it\/#organization"},"potentialAction":[{"@type":"SearchAction","target":{"@type":"EntryPoint","urlTemplate":"https:\/\/www.bellunopress.it\/?s={search_term_string}"},"query-input":{"@type":"PropertyValueSpecification","valueRequired":true,"valueName":"search_term_string"}}],"inLanguage":"fr-FR"},{"@type":"Organization","@id":"https:\/\/www.bellunopress.it\/#organization","name":"Bellunopress","url":"https:\/\/www.bellunopress.it\/","logo":{"@type":"ImageObject","inLanguage":"fr-FR","@id":"https:\/\/www.bellunopress.it\/#\/schema\/logo\/image\/","url":"https:\/\/www.bellunopress.it\/wp-content\/uploads\/2011\/05\/cropped-logo-bellunopress-.jpg","contentUrl":"https:\/\/www.bellunopress.it\/wp-content\/uploads\/2011\/05\/cropped-logo-bellunopress-.jpg","width":512,"height":512,"caption":"Bellunopress"},"image":{"@id":"https:\/\/www.bellunopress.it\/#\/schema\/logo\/image\/"},"sameAs":["https:\/\/www.facebook.com\/profile.php?id=100008943462799","https:\/\/x.com\/bellunopress","https:\/\/www.linkedin.com\/hp\/?dnr=JBzUWaJfMUw8vbXJJ2tVW5-I3jZKvC4wsoxE&amp;amp;amp;amp;amp;amp;trk=nav_responsive_tab_home","https:\/\/www.youtube.com\/channel\/UCxL0wu1uN0_3_7hGG0306cw"]},{"@type":"Person","@id":"https:\/\/www.bellunopress.it\/#\/schema\/person\/79bb06722b37ece1c03d3e94beb30d73","name":"r\u00e9daction","image":{"@type":"ImageObject","inLanguage":"fr-FR","@id":"https:\/\/secure.gravatar.com\/avatar\/37d968a2e67a6fd04c169c4bdef102d0bc5d31b2546345219e348575eb80e9a0?s=96&d=mm&r=g","url":"https:\/\/secure.gravatar.com\/avatar\/37d968a2e67a6fd04c169c4bdef102d0bc5d31b2546345219e348575eb80e9a0?s=96&d=mm&r=g","contentUrl":"https:\/\/secure.gravatar.com\/avatar\/37d968a2e67a6fd04c169c4bdef102d0bc5d31b2546345219e348575eb80e9a0?s=96&d=mm&r=g","caption":"redazione"},"sameAs":["http:\/\/www.bellunopress.it","https:\/\/x.com\/bellunopress"],"url":"https:\/\/www.bellunopress.it\/fr\/author\/redazione\/"}]}},"_links":{"self":[{"href":"https:\/\/www.bellunopress.it\/fr\/wp-json\/wp\/v2\/posts\/167467","targetHints":{"allow":["GET"]}}],"collection":[{"href":"https:\/\/www.bellunopress.it\/fr\/wp-json\/wp\/v2\/posts"}],"about":[{"href":"https:\/\/www.bellunopress.it\/fr\/wp-json\/wp\/v2\/types\/post"}],"author":[{"embeddable":true,"href":"https:\/\/www.bellunopress.it\/fr\/wp-json\/wp\/v2\/users\/2"}],"replies":[{"embeddable":true,"href":"https:\/\/www.bellunopress.it\/fr\/wp-json\/wp\/v2\/comments?post=167467"}],"version-history":[{"count":1,"href":"https:\/\/www.bellunopress.it\/fr\/wp-json\/wp\/v2\/posts\/167467\/revisions"}],"predecessor-version":[{"id":167468,"href":"https:\/\/www.bellunopress.it\/fr\/wp-json\/wp\/v2\/posts\/167467\/revisions\/167468"}],"wp:featuredmedia":[{"embeddable":true,"href":"https:\/\/www.bellunopress.it\/fr\/wp-json\/wp\/v2\/media\/131611"}],"wp:attachment":[{"href":"https:\/\/www.bellunopress.it\/fr\/wp-json\/wp\/v2\/media?parent=167467"}],"wp:term":[{"taxonomy":"category","embeddable":true,"href":"https:\/\/www.bellunopress.it\/fr\/wp-json\/wp\/v2\/categories?post=167467"},{"taxonomy":"post_tag","embeddable":true,"href":"https:\/\/www.bellunopress.it\/fr\/wp-json\/wp\/v2\/tags?post=167467"}],"curies":[{"name":"wp","href":"https:\/\/api.w.org\/{rel}","templated":true}]}}