{"id":167461,"date":"2026-02-14T11:33:29","date_gmt":"2026-02-14T10:33:29","guid":{"rendered":"https:\/\/www.bellunopress.it\/?p=167461"},"modified":"2026-02-14T11:34:21","modified_gmt":"2026-02-14T10:34:21","slug":"sicurezza-olimpica-a-belluno-raffica-di-controlli-e-due-arresti-in-pochi-giorni","status":"publish","type":"post","link":"https:\/\/www.bellunopress.it\/fr\/2026\/02\/14\/sicurezza-olimpica-a-belluno-raffica-di-controlli-e-due-arresti-in-pochi-giorni\/","title":{"rendered":"Sicurezza &#8220;Olimpica&#8221; a Belluno: raffica di controlli e due arresti in pochi giorni"},"content":{"rendered":"<p data-path-to-node=\"3\"><b data-path-to-node=\"3\" data-index-in-node=\"0\">Mentre gli occhi del mondo sono puntati sulle piste di Milano Cortina 2026, la Polizia di Stato intensifica la vigilanza sul territorio bellunese. Nel mirino un giovane rapinatore &#8220;maldestro&#8221; e un uomo armato di pistola rubata.<\/b><\/p>\n<p data-path-to-node=\"4\">Belluno, 14 febbraio 2026\u00a0\u2013 L\u2019effetto dei Giochi Olimpici non si misura solo in medaglie, ma anche in sicurezza. Grazie al potenziamento dei presidi disposto per l&#8217;evento Milano Cortina 2026, la Questura di Belluno ha stretto le maglie del controllo sul territorio, portando a termine due arresti significativi nel giro di una settimana. Operazioni che confermano come la presenza capillare delle Forze dell\u2019Ordine stia facendo da scudo contro la criminalit\u00e0 comune e non solo.<\/p>\n<h3 data-path-to-node=\"5\">Il furto finisce in colluttazione: arrestato un 19enne italiano<\/h3>\n<p data-path-to-node=\"6\">Il primo episodio \u00e8 avvenuto nel pomeriggio di luned\u00ec 9 febbraio. Un diciannovenne italiano ha tentato il colpo in un&#8217;abitazione bellunese, ma ha commesso l&#8217;errore di lasciare il proprio zaino proprio davanti alla porta d&#8217;ingresso. Un &#8220;biglietto da visita&#8221; che non \u00e8 sfuggito al proprietario di casa il quale, rientrando verso le 17:40, ha capito immediatamente che qualcosa non andava.<\/p>\n<p data-path-to-node=\"7\">Una volta salito al primo piano, l&#8217;uomo si \u00e8 trovato faccia a faccia con il ladro intento a frugare tra i cassetti. Nel tentativo di fuggire, il giovane ha aggredito il proprietario \u2014 che nel frattempo era riuscito a bloccarlo e a chiamare il 113 \u2014 causandogli lesioni guaribili in dieci giorni. All\u2019arrivo della Squadra Volante, il ragazzo ha continuato a mostrare un atteggiamento violento anche verso gli agenti.<\/p>\n<blockquote data-path-to-node=\"8\">\n<h6 style=\"text-align: left;\" data-path-to-node=\"8,0\"><b data-path-to-node=\"8,0\" data-index-in-node=\"0\">Il bilancio:<\/b> Il giovane \u00e8 stato trovato in possesso di profumi appena rubati. \u00c8 scattato l&#8217;arresto per <b data-path-to-node=\"8,0\" data-index-in-node=\"103\">rapina impropria<\/b>, oltre alle denunce per lesioni, resistenza e oltraggio a pubblico ufficiale. Per lui \u00e8 stato disposto l&#8217;obbligo di firma.<\/h6>\n<\/blockquote>\n<h3 data-path-to-node=\"9\">Pistola carica nel borsello: fermato un 29enne di origine albanese sulla statale<\/h3>\n<p data-path-to-node=\"10\">Ancora pi\u00f9 inquietante quanto scoperto la sera successiva, il 10 febbraio, da una pattuglia della Polizia Stradale impegnata nei servizi straordinari per l&#8217;evento olimpico. Durante il controllo di un furgone <i data-path-to-node=\"10\" data-index-in-node=\"208\">IVECO Daily<\/i>, l\u2019eccessivo nervosismo del passeggero ha spinto gli agenti ad approfondire l&#8217;ispezione.<\/p>\n<p data-path-to-node=\"11\">L&#8217;intuizione dei poliziotti si \u00e8 rivelata corretta: all&#8217;interno del borsello dell&#8217;uomo, un 29enne di origini albanesi, \u00e8 stata rinvenuta una pistola Beretta 98F con caricatore bifilare inserito e 11 proiettili, pronta all&#8217;uso, insieme a un tirapugni in ferro. Dagli accertamenti \u00e8 emerso che l&#8217;arma era provento di un furto in abitazione avvenuto nel 2018 in provincia di Treviso.<\/p>\n<h3 data-path-to-node=\"12\">Il plauso del Questore Della Rocca<\/h3>\n<p data-path-to-node=\"13\">Il passeggero \u00e8 stato arrestato in flagranza per detenzione abusiva di arma e denunciato per ricettazione e porto di oggetti atti ad offendere. Dopo la convalida del fermo, l&#8217;uomo \u00e8 stato posto agli arresti domiciliari.<\/p>\n<p data-path-to-node=\"14\">L&#8217;operazione ha messo in luce una perfetta coordinazione tra i reparti. Il Questore di Belluno, Roberto Della Rocca, ha espresso il suo vivo compiacimento per la sinergia dimostrata tra l&#8217;Ufficio Prevenzione Generale e Soccorso Pubblico (UPGSP) di Belluno e le Sezioni della Polizia Stradale di Belluno e Venezia, sottolineando come la competenza e la prontezza degli operatori siano pilastri fondamentali per la serenit\u00e0 di residenti e turisti durante questo periodo eccezionale.<\/p>\n<h3 data-path-to-node=\"16\">I numeri della settimana<\/h3>\n<ul data-path-to-node=\"17\">\n<li>\n<p data-path-to-node=\"17,0,0\">Arresti: 2<\/p>\n<\/li>\n<li>\n<p data-path-to-node=\"17,1,0\">Reati contestati: Rapina impropria, detenzione abusiva di armi, ricettazione, resistenza a P.U.<\/p>\n<\/li>\n<li>\n<p data-path-to-node=\"17,2,0\">Armi sequestrate: 1 Beretta 98F (carica), 1 tirapugni.<\/p>\n<\/li>\n<li>\n<p data-path-to-node=\"17,3,0\">Forze in campo<b data-path-to-node=\"17,3,0\" data-index-in-node=\"0\">:<\/b> Volanti della Questura e Polizia Stradale (sez. Belluno e Venezia).<\/p>\n<\/li>\n<\/ul>","protected":false},"excerpt":{"rendered":"<p>Mentre gli occhi del mondo sono puntati sulle piste di Milano Cortina 2026, la Polizia di Stato intensifica la vigilanza sul territorio bellunese. Nel mirino un giovane rapinatore &#8220;maldestro&#8221; e un uomo armato di pistola rubata. Belluno, 14 febbraio 2026\u00a0\u2013 L\u2019effetto dei Giochi Olimpici non si misura solo in medaglie, ma anche in sicurezza. Grazie [&hellip;]<\/p>\n","protected":false},"author":2,"featured_media":167462,"comment_status":"closed","ping_status":"open","sticky":false,"template":"","format":"standard","meta":{"footnotes":""},"categories":[5,3446,26],"tags":[],"class_list":["post-167461","post","type-post","status-publish","format-standard","has-post-thumbnail","category-cronaca","category-featured","category-prima-pagina"],"yoast_head":"<!-- This site is optimized with the Yoast SEO plugin v28.4 - https:\/\/yoast.com\/product\/yoast-seo-wordpress\/ -->\n<title>Sicurezza &quot;Olimpica&quot; a Belluno: raffica di controlli e due arresti in pochi giorni - Bellunopress - Dolomiti<\/title>\n<meta name=\"robots\" content=\"index, follow, max-snippet:-1, max-image-preview:large, max-video-preview:-1\" \/>\n<link rel=\"canonical\" href=\"https:\/\/www.bellunopress.it\/fr\/2026\/02\/14\/sicurezza-olimpica-a-belluno-raffica-di-controlli-e-due-arresti-in-pochi-giorni\/\" \/>\n<meta property=\"og:locale\" content=\"fr_FR\" \/>\n<meta property=\"og:type\" content=\"article\" \/>\n<meta property=\"og:title\" content=\"Sicurezza &quot;Olimpica&quot; a Belluno: raffica di controlli e due arresti in pochi giorni - Bellunopress - Dolomiti\" \/>\n<meta property=\"og:description\" content=\"Mentre gli occhi del mondo sono puntati sulle piste di Milano Cortina 2026, la Polizia di Stato intensifica la vigilanza sul territorio bellunese. Nel mirino un giovane rapinatore &#8220;maldestro&#8221; e un uomo armato di pistola rubata. Belluno, 14 febbraio 2026\u00a0\u2013 L\u2019effetto dei Giochi Olimpici non si misura solo in medaglie, ma anche in sicurezza. Grazie [&hellip;]\" \/>\n<meta property=\"og:url\" content=\"https:\/\/www.bellunopress.it\/fr\/2026\/02\/14\/sicurezza-olimpica-a-belluno-raffica-di-controlli-e-due-arresti-in-pochi-giorni\/\" \/>\n<meta property=\"og:site_name\" content=\"Bellunopress - Dolomiti\" \/>\n<meta property=\"article:publisher\" content=\"https:\/\/www.facebook.com\/profile.php?id=100008943462799\" \/>\n<meta property=\"article:published_time\" content=\"2026-02-14T10:33:29+00:00\" \/>\n<meta property=\"article:modified_time\" content=\"2026-02-14T10:34:21+00:00\" \/>\n<meta property=\"og:image\" content=\"https:\/\/www.bellunopress.it\/wp-content\/uploads\/2026\/02\/agenti-questura.jpg\" \/>\n\t<meta property=\"og:image:width\" content=\"500\" \/>\n\t<meta property=\"og:image:height\" content=\"320\" \/>\n\t<meta property=\"og:image:type\" content=\"image\/jpeg\" \/>\n<meta name=\"author\" content=\"redazione\" \/>\n<meta name=\"twitter:card\" content=\"summary_large_image\" \/>\n<meta name=\"twitter:creator\" content=\"@bellunopress\" \/>\n<meta name=\"twitter:site\" content=\"@bellunopress\" \/>\n<meta name=\"twitter:label1\" content=\"\u00c9crit par\" \/>\n\t<meta name=\"twitter:data1\" content=\"redazione\" \/>\n\t<meta name=\"twitter:label2\" content=\"Dur\u00e9e de lecture estim\u00e9e\" \/>\n\t<meta name=\"twitter:data2\" content=\"3 minutes\" \/>\n<script type=\"application\/ld+json\" class=\"yoast-schema-graph\">{\"@context\":\"https:\\\/\\\/schema.org\",\"@graph\":[{\"@type\":\"Article\",\"@id\":\"https:\\\/\\\/www.bellunopress.it\\\/2026\\\/02\\\/14\\\/sicurezza-olimpica-a-belluno-raffica-di-controlli-e-due-arresti-in-pochi-giorni\\\/#article\",\"isPartOf\":{\"@id\":\"https:\\\/\\\/www.bellunopress.it\\\/2026\\\/02\\\/14\\\/sicurezza-olimpica-a-belluno-raffica-di-controlli-e-due-arresti-in-pochi-giorni\\\/\"},\"author\":{\"name\":\"redazione\",\"@id\":\"https:\\\/\\\/www.bellunopress.it\\\/#\\\/schema\\\/person\\\/79bb06722b37ece1c03d3e94beb30d73\"},\"headline\":\"Sicurezza &#8220;Olimpica&#8221; a Belluno: raffica di controlli e due arresti in pochi giorni\",\"datePublished\":\"2026-02-14T10:33:29+00:00\",\"dateModified\":\"2026-02-14T10:34:21+00:00\",\"mainEntityOfPage\":{\"@id\":\"https:\\\/\\\/www.bellunopress.it\\\/2026\\\/02\\\/14\\\/sicurezza-olimpica-a-belluno-raffica-di-controlli-e-due-arresti-in-pochi-giorni\\\/\"},\"wordCount\":558,\"publisher\":{\"@id\":\"https:\\\/\\\/www.bellunopress.it\\\/#organization\"},\"image\":{\"@id\":\"https:\\\/\\\/www.bellunopress.it\\\/2026\\\/02\\\/14\\\/sicurezza-olimpica-a-belluno-raffica-di-controlli-e-due-arresti-in-pochi-giorni\\\/#primaryimage\"},\"thumbnailUrl\":\"https:\\\/\\\/www.bellunopress.it\\\/wp-content\\\/uploads\\\/2026\\\/02\\\/agenti-questura.jpg\",\"articleSection\":[\"Cronaca\\\/Politica\",\"Featured\",\"Prima Pagina\"],\"inLanguage\":\"fr-FR\"},{\"@type\":\"WebPage\",\"@id\":\"https:\\\/\\\/www.bellunopress.it\\\/2026\\\/02\\\/14\\\/sicurezza-olimpica-a-belluno-raffica-di-controlli-e-due-arresti-in-pochi-giorni\\\/\",\"url\":\"https:\\\/\\\/www.bellunopress.it\\\/2026\\\/02\\\/14\\\/sicurezza-olimpica-a-belluno-raffica-di-controlli-e-due-arresti-in-pochi-giorni\\\/\",\"name\":\"Sicurezza \\\"Olimpica\\\" a Belluno: raffica di controlli e due arresti in pochi giorni - Bellunopress - Dolomiti\",\"isPartOf\":{\"@id\":\"https:\\\/\\\/www.bellunopress.it\\\/#website\"},\"primaryImageOfPage\":{\"@id\":\"https:\\\/\\\/www.bellunopress.it\\\/2026\\\/02\\\/14\\\/sicurezza-olimpica-a-belluno-raffica-di-controlli-e-due-arresti-in-pochi-giorni\\\/#primaryimage\"},\"image\":{\"@id\":\"https:\\\/\\\/www.bellunopress.it\\\/2026\\\/02\\\/14\\\/sicurezza-olimpica-a-belluno-raffica-di-controlli-e-due-arresti-in-pochi-giorni\\\/#primaryimage\"},\"thumbnailUrl\":\"https:\\\/\\\/www.bellunopress.it\\\/wp-content\\\/uploads\\\/2026\\\/02\\\/agenti-questura.jpg\",\"datePublished\":\"2026-02-14T10:33:29+00:00\",\"dateModified\":\"2026-02-14T10:34:21+00:00\",\"breadcrumb\":{\"@id\":\"https:\\\/\\\/www.bellunopress.it\\\/2026\\\/02\\\/14\\\/sicurezza-olimpica-a-belluno-raffica-di-controlli-e-due-arresti-in-pochi-giorni\\\/#breadcrumb\"},\"inLanguage\":\"fr-FR\",\"potentialAction\":[{\"@type\":\"ReadAction\",\"target\":[\"https:\\\/\\\/www.bellunopress.it\\\/2026\\\/02\\\/14\\\/sicurezza-olimpica-a-belluno-raffica-di-controlli-e-due-arresti-in-pochi-giorni\\\/\"]}]},{\"@type\":\"ImageObject\",\"inLanguage\":\"fr-FR\",\"@id\":\"https:\\\/\\\/www.bellunopress.it\\\/2026\\\/02\\\/14\\\/sicurezza-olimpica-a-belluno-raffica-di-controlli-e-due-arresti-in-pochi-giorni\\\/#primaryimage\",\"url\":\"https:\\\/\\\/www.bellunopress.it\\\/wp-content\\\/uploads\\\/2026\\\/02\\\/agenti-questura.jpg\",\"contentUrl\":\"https:\\\/\\\/www.bellunopress.it\\\/wp-content\\\/uploads\\\/2026\\\/02\\\/agenti-questura.jpg\",\"width\":500,\"height\":320},{\"@type\":\"BreadcrumbList\",\"@id\":\"https:\\\/\\\/www.bellunopress.it\\\/2026\\\/02\\\/14\\\/sicurezza-olimpica-a-belluno-raffica-di-controlli-e-due-arresti-in-pochi-giorni\\\/#breadcrumb\",\"itemListElement\":[{\"@type\":\"ListItem\",\"position\":1,\"name\":\"Home\",\"item\":\"https:\\\/\\\/www.bellunopress.it\\\/\"},{\"@type\":\"ListItem\",\"position\":2,\"name\":\"Sicurezza &#8220;Olimpica&#8221; a Belluno: raffica di controlli e due arresti in pochi giorni\"}]},{\"@type\":\"WebSite\",\"@id\":\"https:\\\/\\\/www.bellunopress.it\\\/#website\",\"url\":\"https:\\\/\\\/www.bellunopress.it\\\/\",\"name\":\"Bellunopress - Dolomiti\",\"description\":\"e-mail: redazione@bellunopress.it\",\"publisher\":{\"@id\":\"https:\\\/\\\/www.bellunopress.it\\\/#organization\"},\"potentialAction\":[{\"@type\":\"SearchAction\",\"target\":{\"@type\":\"EntryPoint\",\"urlTemplate\":\"https:\\\/\\\/www.bellunopress.it\\\/?s={search_term_string}\"},\"query-input\":{\"@type\":\"PropertyValueSpecification\",\"valueRequired\":true,\"valueName\":\"search_term_string\"}}],\"inLanguage\":\"fr-FR\"},{\"@type\":\"Organization\",\"@id\":\"https:\\\/\\\/www.bellunopress.it\\\/#organization\",\"name\":\"Bellunopress\",\"url\":\"https:\\\/\\\/www.bellunopress.it\\\/\",\"logo\":{\"@type\":\"ImageObject\",\"inLanguage\":\"fr-FR\",\"@id\":\"https:\\\/\\\/www.bellunopress.it\\\/#\\\/schema\\\/logo\\\/image\\\/\",\"url\":\"https:\\\/\\\/www.bellunopress.it\\\/wp-content\\\/uploads\\\/2011\\\/05\\\/cropped-logo-bellunopress-.jpg\",\"contentUrl\":\"https:\\\/\\\/www.bellunopress.it\\\/wp-content\\\/uploads\\\/2011\\\/05\\\/cropped-logo-bellunopress-.jpg\",\"width\":512,\"height\":512,\"caption\":\"Bellunopress\"},\"image\":{\"@id\":\"https:\\\/\\\/www.bellunopress.it\\\/#\\\/schema\\\/logo\\\/image\\\/\"},\"sameAs\":[\"https:\\\/\\\/www.facebook.com\\\/profile.php?id=100008943462799\",\"https:\\\/\\\/x.com\\\/bellunopress\",\"https:\\\/\\\/www.linkedin.com\\\/hp\\\/?dnr=JBzUWaJfMUw8vbXJJ2tVW5-I3jZKvC4wsoxE&amp;amp;amp;amp;amp;amp;trk=nav_responsive_tab_home\",\"https:\\\/\\\/www.youtube.com\\\/channel\\\/UCxL0wu1uN0_3_7hGG0306cw\"]},{\"@type\":\"Person\",\"@id\":\"https:\\\/\\\/www.bellunopress.it\\\/#\\\/schema\\\/person\\\/79bb06722b37ece1c03d3e94beb30d73\",\"name\":\"redazione\",\"image\":{\"@type\":\"ImageObject\",\"inLanguage\":\"fr-FR\",\"@id\":\"https:\\\/\\\/secure.gravatar.com\\\/avatar\\\/37d968a2e67a6fd04c169c4bdef102d0bc5d31b2546345219e348575eb80e9a0?s=96&d=mm&r=g\",\"url\":\"https:\\\/\\\/secure.gravatar.com\\\/avatar\\\/37d968a2e67a6fd04c169c4bdef102d0bc5d31b2546345219e348575eb80e9a0?s=96&d=mm&r=g\",\"contentUrl\":\"https:\\\/\\\/secure.gravatar.com\\\/avatar\\\/37d968a2e67a6fd04c169c4bdef102d0bc5d31b2546345219e348575eb80e9a0?s=96&d=mm&r=g\",\"caption\":\"redazione\"},\"sameAs\":[\"http:\\\/\\\/www.bellunopress.it\",\"https:\\\/\\\/x.com\\\/bellunopress\"],\"url\":\"https:\\\/\\\/www.bellunopress.it\\\/fr\\\/author\\\/redazione\\\/\"}]}<\/script>\n<!-- \/ Yoast SEO plugin. -->","yoast_head_json":{"title":"Sicurezza \"Olimpica\" a Belluno: raffica di controlli e due arresti in pochi giorni - Bellunopress - Dolomiti","robots":{"index":"index","follow":"follow","max-snippet":"max-snippet:-1","max-image-preview":"max-image-preview:large","max-video-preview":"max-video-preview:-1"},"canonical":"https:\/\/www.bellunopress.it\/fr\/2026\/02\/14\/sicurezza-olimpica-a-belluno-raffica-di-controlli-e-due-arresti-in-pochi-giorni\/","og_locale":"fr_FR","og_type":"article","og_title":"Sicurezza \"Olimpica\" a Belluno: raffica di controlli e due arresti in pochi giorni - Bellunopress - Dolomiti","og_description":"Mentre gli occhi del mondo sono puntati sulle piste di Milano Cortina 2026, la Polizia di Stato intensifica la vigilanza sul territorio bellunese. Nel mirino un giovane rapinatore &#8220;maldestro&#8221; e un uomo armato di pistola rubata. Belluno, 14 febbraio 2026\u00a0\u2013 L\u2019effetto dei Giochi Olimpici non si misura solo in medaglie, ma anche in sicurezza. Grazie [&hellip;]","og_url":"https:\/\/www.bellunopress.it\/fr\/2026\/02\/14\/sicurezza-olimpica-a-belluno-raffica-di-controlli-e-due-arresti-in-pochi-giorni\/","og_site_name":"Bellunopress - Dolomiti","article_publisher":"https:\/\/www.facebook.com\/profile.php?id=100008943462799","article_published_time":"2026-02-14T10:33:29+00:00","article_modified_time":"2026-02-14T10:34:21+00:00","og_image":[{"width":500,"height":320,"url":"https:\/\/www.bellunopress.it\/wp-content\/uploads\/2026\/02\/agenti-questura.jpg","type":"image\/jpeg"}],"author":"redazione","twitter_card":"summary_large_image","twitter_creator":"@bellunopress","twitter_site":"@bellunopress","twitter_misc":{"\u00c9crit par":"redazione","Dur\u00e9e de lecture estim\u00e9e":"3 minutes"},"schema":{"@context":"https:\/\/schema.org","@graph":[{"@type":"Article","@id":"https:\/\/www.bellunopress.it\/2026\/02\/14\/sicurezza-olimpica-a-belluno-raffica-di-controlli-e-due-arresti-in-pochi-giorni\/#article","isPartOf":{"@id":"https:\/\/www.bellunopress.it\/2026\/02\/14\/sicurezza-olimpica-a-belluno-raffica-di-controlli-e-due-arresti-in-pochi-giorni\/"},"author":{"name":"redazione","@id":"https:\/\/www.bellunopress.it\/#\/schema\/person\/79bb06722b37ece1c03d3e94beb30d73"},"headline":"Sicurezza &#8220;Olimpica&#8221; a Belluno: raffica di controlli e due arresti in pochi giorni","datePublished":"2026-02-14T10:33:29+00:00","dateModified":"2026-02-14T10:34:21+00:00","mainEntityOfPage":{"@id":"https:\/\/www.bellunopress.it\/2026\/02\/14\/sicurezza-olimpica-a-belluno-raffica-di-controlli-e-due-arresti-in-pochi-giorni\/"},"wordCount":558,"publisher":{"@id":"https:\/\/www.bellunopress.it\/#organization"},"image":{"@id":"https:\/\/www.bellunopress.it\/2026\/02\/14\/sicurezza-olimpica-a-belluno-raffica-di-controlli-e-due-arresti-in-pochi-giorni\/#primaryimage"},"thumbnailUrl":"https:\/\/www.bellunopress.it\/wp-content\/uploads\/2026\/02\/agenti-questura.jpg","articleSection":["Cronaca\/Politica","Featured","Prima Pagina"],"inLanguage":"fr-FR"},{"@type":"WebPage","@id":"https:\/\/www.bellunopress.it\/2026\/02\/14\/sicurezza-olimpica-a-belluno-raffica-di-controlli-e-due-arresti-in-pochi-giorni\/","url":"https:\/\/www.bellunopress.it\/2026\/02\/14\/sicurezza-olimpica-a-belluno-raffica-di-controlli-e-due-arresti-in-pochi-giorni\/","name":"Sicurezza \"Olimpica\" a Belluno: raffica di controlli e due arresti in pochi giorni - Bellunopress - Dolomiti","isPartOf":{"@id":"https:\/\/www.bellunopress.it\/#website"},"primaryImageOfPage":{"@id":"https:\/\/www.bellunopress.it\/2026\/02\/14\/sicurezza-olimpica-a-belluno-raffica-di-controlli-e-due-arresti-in-pochi-giorni\/#primaryimage"},"image":{"@id":"https:\/\/www.bellunopress.it\/2026\/02\/14\/sicurezza-olimpica-a-belluno-raffica-di-controlli-e-due-arresti-in-pochi-giorni\/#primaryimage"},"thumbnailUrl":"https:\/\/www.bellunopress.it\/wp-content\/uploads\/2026\/02\/agenti-questura.jpg","datePublished":"2026-02-14T10:33:29+00:00","dateModified":"2026-02-14T10:34:21+00:00","breadcrumb":{"@id":"https:\/\/www.bellunopress.it\/2026\/02\/14\/sicurezza-olimpica-a-belluno-raffica-di-controlli-e-due-arresti-in-pochi-giorni\/#breadcrumb"},"inLanguage":"fr-FR","potentialAction":[{"@type":"ReadAction","target":["https:\/\/www.bellunopress.it\/2026\/02\/14\/sicurezza-olimpica-a-belluno-raffica-di-controlli-e-due-arresti-in-pochi-giorni\/"]}]},{"@type":"ImageObject","inLanguage":"fr-FR","@id":"https:\/\/www.bellunopress.it\/2026\/02\/14\/sicurezza-olimpica-a-belluno-raffica-di-controlli-e-due-arresti-in-pochi-giorni\/#primaryimage","url":"https:\/\/www.bellunopress.it\/wp-content\/uploads\/2026\/02\/agenti-questura.jpg","contentUrl":"https:\/\/www.bellunopress.it\/wp-content\/uploads\/2026\/02\/agenti-questura.jpg","width":500,"height":320},{"@type":"BreadcrumbList","@id":"https:\/\/www.bellunopress.it\/2026\/02\/14\/sicurezza-olimpica-a-belluno-raffica-di-controlli-e-due-arresti-in-pochi-giorni\/#breadcrumb","itemListElement":[{"@type":"ListItem","position":1,"name":"Home","item":"https:\/\/www.bellunopress.it\/"},{"@type":"ListItem","position":2,"name":"Sicurezza &#8220;Olimpica&#8221; a Belluno: raffica di controlli e due arresti in pochi giorni"}]},{"@type":"WebSite","@id":"https:\/\/www.bellunopress.it\/#website","url":"https:\/\/www.bellunopress.it\/","name":"Bellunopress - Dolomiti","description":"e-mail: redazione@bellunopress.it","publisher":{"@id":"https:\/\/www.bellunopress.it\/#organization"},"potentialAction":[{"@type":"SearchAction","target":{"@type":"EntryPoint","urlTemplate":"https:\/\/www.bellunopress.it\/?s={search_term_string}"},"query-input":{"@type":"PropertyValueSpecification","valueRequired":true,"valueName":"search_term_string"}}],"inLanguage":"fr-FR"},{"@type":"Organization","@id":"https:\/\/www.bellunopress.it\/#organization","name":"Bellunopress","url":"https:\/\/www.bellunopress.it\/","logo":{"@type":"ImageObject","inLanguage":"fr-FR","@id":"https:\/\/www.bellunopress.it\/#\/schema\/logo\/image\/","url":"https:\/\/www.bellunopress.it\/wp-content\/uploads\/2011\/05\/cropped-logo-bellunopress-.jpg","contentUrl":"https:\/\/www.bellunopress.it\/wp-content\/uploads\/2011\/05\/cropped-logo-bellunopress-.jpg","width":512,"height":512,"caption":"Bellunopress"},"image":{"@id":"https:\/\/www.bellunopress.it\/#\/schema\/logo\/image\/"},"sameAs":["https:\/\/www.facebook.com\/profile.php?id=100008943462799","https:\/\/x.com\/bellunopress","https:\/\/www.linkedin.com\/hp\/?dnr=JBzUWaJfMUw8vbXJJ2tVW5-I3jZKvC4wsoxE&amp;amp;amp;amp;amp;amp;trk=nav_responsive_tab_home","https:\/\/www.youtube.com\/channel\/UCxL0wu1uN0_3_7hGG0306cw"]},{"@type":"Person","@id":"https:\/\/www.bellunopress.it\/#\/schema\/person\/79bb06722b37ece1c03d3e94beb30d73","name":"r\u00e9daction","image":{"@type":"ImageObject","inLanguage":"fr-FR","@id":"https:\/\/secure.gravatar.com\/avatar\/37d968a2e67a6fd04c169c4bdef102d0bc5d31b2546345219e348575eb80e9a0?s=96&d=mm&r=g","url":"https:\/\/secure.gravatar.com\/avatar\/37d968a2e67a6fd04c169c4bdef102d0bc5d31b2546345219e348575eb80e9a0?s=96&d=mm&r=g","contentUrl":"https:\/\/secure.gravatar.com\/avatar\/37d968a2e67a6fd04c169c4bdef102d0bc5d31b2546345219e348575eb80e9a0?s=96&d=mm&r=g","caption":"redazione"},"sameAs":["http:\/\/www.bellunopress.it","https:\/\/x.com\/bellunopress"],"url":"https:\/\/www.bellunopress.it\/fr\/author\/redazione\/"}]}},"_links":{"self":[{"href":"https:\/\/www.bellunopress.it\/fr\/wp-json\/wp\/v2\/posts\/167461","targetHints":{"allow":["GET"]}}],"collection":[{"href":"https:\/\/www.bellunopress.it\/fr\/wp-json\/wp\/v2\/posts"}],"about":[{"href":"https:\/\/www.bellunopress.it\/fr\/wp-json\/wp\/v2\/types\/post"}],"author":[{"embeddable":true,"href":"https:\/\/www.bellunopress.it\/fr\/wp-json\/wp\/v2\/users\/2"}],"replies":[{"embeddable":true,"href":"https:\/\/www.bellunopress.it\/fr\/wp-json\/wp\/v2\/comments?post=167461"}],"version-history":[{"count":1,"href":"https:\/\/www.bellunopress.it\/fr\/wp-json\/wp\/v2\/posts\/167461\/revisions"}],"predecessor-version":[{"id":167463,"href":"https:\/\/www.bellunopress.it\/fr\/wp-json\/wp\/v2\/posts\/167461\/revisions\/167463"}],"wp:featuredmedia":[{"embeddable":true,"href":"https:\/\/www.bellunopress.it\/fr\/wp-json\/wp\/v2\/media\/167462"}],"wp:attachment":[{"href":"https:\/\/www.bellunopress.it\/fr\/wp-json\/wp\/v2\/media?parent=167461"}],"wp:term":[{"taxonomy":"category","embeddable":true,"href":"https:\/\/www.bellunopress.it\/fr\/wp-json\/wp\/v2\/categories?post=167461"},{"taxonomy":"post_tag","embeddable":true,"href":"https:\/\/www.bellunopress.it\/fr\/wp-json\/wp\/v2\/tags?post=167461"}],"curies":[{"name":"wp","href":"https:\/\/api.w.org\/{rel}","templated":true}]}}