{"id":167458,"date":"2026-02-14T11:21:07","date_gmt":"2026-02-14T10:21:07","guid":{"rendered":"https:\/\/www.bellunopress.it\/?p=167458"},"modified":"2026-02-14T11:21:07","modified_gmt":"2026-02-14T10:21:07","slug":"oro-rosso-e-diamanti-della-terra-la-valbelluna-riscopre-zafferano-e-tartufo","status":"publish","type":"post","link":"https:\/\/www.bellunopress.it\/fr\/2026\/02\/14\/oro-rosso-e-diamanti-della-terra-la-valbelluna-riscopre-zafferano-e-tartufo\/","title":{"rendered":"Oro rosso e diamanti della terra: la Valbelluna riscopre zafferano e tartufo"},"content":{"rendered":"<p data-path-to-node=\"3\"><b data-path-to-node=\"3\" data-index-in-node=\"0\">Gioved\u00ec 19 febbraio a Trichiana, una serata dedicata alle eccellenze del territorio organizzata dall&#8217;associazione Mele a Mel. Esperti a confronto per stimolare nuove opportunit\u00e0 agricole tra le Dolomiti.<\/b><\/p>\n<p data-path-to-node=\"4\">La Valbelluna non \u00e8 solo terra di mele e agricoltura tradizionale. C\u2019\u00e8 un mondo sotterraneo e profumatissimo che sta chiedendo spazio, fatto di petali viola e &#8220;diamanti&#8221; della terra. Per esplorare queste frontiere del gusto e dell&#8217;economia locale, l\u2019associazione Mele a Mel APS ha organizzato un incontro pubblico che promette di solleticare non solo il palato, ma anche l&#8217;intraprendenza di potenziali nuovi produttori.<\/p>\n<h3 data-path-to-node=\"5\">Lo zafferano: la rinascita di un fiore prezioso<\/h3>\n<p data-path-to-node=\"6\">L&#8217;apertura della serata sar\u00e0 dedicata allo zafferano, spezia pregiata che sta trovando un habitat ideale proprio tra le nostre montagne. A parlarne sar\u00e0 Lidia Maoret, presidente dell\u2019associazione Zafferano Dolomiti.<\/p>\n<p data-path-to-node=\"7\">Non si tratta solo di una curiosit\u00e0 botanica: dal 2017, un gruppo di piccoli coltivatori ha dimostrato che la produzione di qualit\u00e0 \u00e8 possibile e sostenibile anche in provincia di Belluno. La sfida \u00e8 trasformare una passione di nicchia in una realt\u00e0 consolidata che possa arricchire il paniere delle eccellenze locali.<\/p>\n<h3 data-path-to-node=\"8\">Il tartufo: una nuova frontiera per il Bellunese<\/h3>\n<p data-path-to-node=\"9\">La vera sorpresa della serata riguarda per\u00f2 il tartufo. Spesso associato ad altre regioni italiane, il tartufo rappresenta una novit\u00e0 quasi assoluta per il territorio bellunese, ma dalle potenzialit\u00e0 ancora tutte da scrivere.<\/p>\n<p data-path-to-node=\"10\">Per fare chiarezza su questo mondo fatto di segreti e fiuto, interverr\u00e0 Marco Mutta, presidente dell\u2019Associazione Tartufai Italiani per la Regione Veneto. Durante il suo intervento verranno toccati punti fondamentali:<\/p>\n<ul data-path-to-node=\"11\">\n<li>\n<p data-path-to-node=\"11,0,0\">La ricerca del tartufo spontaneo nei boschi locali.<\/p>\n<\/li>\n<li>\n<p data-path-to-node=\"11,1,0\">Le tecniche di coltivazione e le tipologie pi\u00f9 adatte al clima montano.<\/p>\n<\/li>\n<li>\n<p data-path-to-node=\"11,2,0\">Le opportunit\u00e0 economiche per chi decide di intraprendere questa attivit\u00e0.<\/p>\n<\/li>\n<\/ul>\n<h3 data-path-to-node=\"12\">Non solo teoria: spazio alla curiosit\u00e0<\/h3>\n<p data-path-to-node=\"13\">L\u2019incontro non sar\u00e0 una semplice lezione accademica. L\u2019obiettivo di Mele a Mel \u00e8 quello di &#8220;muovere la curiosit\u00e0&#8221;, offrendo spunti concreti a chi sta pensando di diversificare la propria attivit\u00e0 agricola o a chi, semplicemente, ama i prodotti del territorio. Non mancheranno curiosit\u00e0 e, come ciliegina sulla torta, anche qualche assaggio per toccare con mano (e con gusto) la qualit\u00e0 di questi prodotti.<\/p>\n<p data-path-to-node=\"16\">L&#8217;ingresso \u00e8 aperto a tutti gli appassionati, agricoltori o semplici curiosi.<\/p>\n<table data-path-to-node=\"17\">\n<thead>\n<tr>\n<td>Dettaglio<\/td>\n<td>Informazioni<\/td>\n<\/tr>\n<\/thead>\n<tbody>\n<tr>\n<td>Data<\/td>\n<td>Gioved\u00ec 19 febbraio<\/td>\n<\/tr>\n<tr>\n<td>Orario<\/td>\n<td>20:30<\/td>\n<\/tr>\n<tr>\n<td>Luogo<\/td>\n<td>Sala &#8220;Tina Merlin&#8221; (sopra l&#8217;ufficio postale)<\/td>\n<\/tr>\n<tr>\n<td>Localit\u00e0<\/td>\n<td><span data-path-to-node=\"17,4,1,0\">Trichiana di Borgo Valbelluna<\/span><\/td>\n<\/tr>\n<\/tbody>\n<\/table>","protected":false},"excerpt":{"rendered":"<p>Gioved\u00ec 19 febbraio a Trichiana, una serata dedicata alle eccellenze del territorio organizzata dall&#8217;associazione Mele a Mel. Esperti a confronto per stimolare nuove opportunit\u00e0 agricole tra le Dolomiti. La Valbelluna non \u00e8 solo terra di mele e agricoltura tradizionale. C\u2019\u00e8 un mondo sotterraneo e profumatissimo che sta chiedendo spazio, fatto di petali viola e &#8220;diamanti&#8221; [&hellip;]<\/p>\n","protected":false},"author":2,"featured_media":167459,"comment_status":"closed","ping_status":"open","sticky":false,"template":"","format":"standard","meta":{"footnotes":""},"categories":[27],"tags":[],"class_list":["post-167458","post","type-post","status-publish","format-standard","has-post-thumbnail","category-appuntamenti"],"yoast_head":"<!-- This site is optimized with the Yoast SEO plugin v28.4 - https:\/\/yoast.com\/product\/yoast-seo-wordpress\/ -->\n<title>Oro rosso e diamanti della terra: la Valbelluna riscopre zafferano e tartufo - Bellunopress - Dolomiti<\/title>\n<meta name=\"robots\" content=\"index, follow, max-snippet:-1, max-image-preview:large, max-video-preview:-1\" \/>\n<link rel=\"canonical\" href=\"https:\/\/www.bellunopress.it\/fr\/2026\/02\/14\/oro-rosso-e-diamanti-della-terra-la-valbelluna-riscopre-zafferano-e-tartufo\/\" \/>\n<meta property=\"og:locale\" content=\"fr_FR\" \/>\n<meta property=\"og:type\" content=\"article\" \/>\n<meta property=\"og:title\" content=\"Oro rosso e diamanti della terra: la Valbelluna riscopre zafferano e tartufo - Bellunopress - Dolomiti\" \/>\n<meta property=\"og:description\" content=\"Gioved\u00ec 19 febbraio a Trichiana, una serata dedicata alle eccellenze del territorio organizzata dall&#8217;associazione Mele a Mel. Esperti a confronto per stimolare nuove opportunit\u00e0 agricole tra le Dolomiti. La Valbelluna non \u00e8 solo terra di mele e agricoltura tradizionale. C\u2019\u00e8 un mondo sotterraneo e profumatissimo che sta chiedendo spazio, fatto di petali viola e &#8220;diamanti&#8221; [&hellip;]\" \/>\n<meta property=\"og:url\" content=\"https:\/\/www.bellunopress.it\/fr\/2026\/02\/14\/oro-rosso-e-diamanti-della-terra-la-valbelluna-riscopre-zafferano-e-tartufo\/\" \/>\n<meta property=\"og:site_name\" content=\"Bellunopress - Dolomiti\" \/>\n<meta property=\"article:publisher\" content=\"https:\/\/www.facebook.com\/profile.php?id=100008943462799\" \/>\n<meta property=\"article:published_time\" content=\"2026-02-14T10:21:07+00:00\" \/>\n<meta property=\"og:image\" content=\"https:\/\/www.bellunopress.it\/wp-content\/uploads\/2026\/02\/tartufo-e-zafferano.jpeg\" \/>\n\t<meta property=\"og:image:width\" content=\"400\" \/>\n\t<meta property=\"og:image:height\" content=\"500\" \/>\n\t<meta property=\"og:image:type\" content=\"image\/jpeg\" \/>\n<meta name=\"author\" content=\"redazione\" \/>\n<meta name=\"twitter:card\" content=\"summary_large_image\" \/>\n<meta name=\"twitter:creator\" content=\"@bellunopress\" \/>\n<meta name=\"twitter:site\" content=\"@bellunopress\" \/>\n<meta name=\"twitter:label1\" content=\"\u00c9crit par\" \/>\n\t<meta name=\"twitter:data1\" content=\"redazione\" \/>\n\t<meta name=\"twitter:label2\" content=\"Dur\u00e9e de lecture estim\u00e9e\" \/>\n\t<meta name=\"twitter:data2\" content=\"2 minutes\" \/>\n<script type=\"application\/ld+json\" class=\"yoast-schema-graph\">{\"@context\":\"https:\\\/\\\/schema.org\",\"@graph\":[{\"@type\":\"Article\",\"@id\":\"https:\\\/\\\/www.bellunopress.it\\\/2026\\\/02\\\/14\\\/oro-rosso-e-diamanti-della-terra-la-valbelluna-riscopre-zafferano-e-tartufo\\\/#article\",\"isPartOf\":{\"@id\":\"https:\\\/\\\/www.bellunopress.it\\\/2026\\\/02\\\/14\\\/oro-rosso-e-diamanti-della-terra-la-valbelluna-riscopre-zafferano-e-tartufo\\\/\"},\"author\":{\"name\":\"redazione\",\"@id\":\"https:\\\/\\\/www.bellunopress.it\\\/#\\\/schema\\\/person\\\/79bb06722b37ece1c03d3e94beb30d73\"},\"headline\":\"Oro rosso e diamanti della terra: la Valbelluna riscopre zafferano e tartufo\",\"datePublished\":\"2026-02-14T10:21:07+00:00\",\"mainEntityOfPage\":{\"@id\":\"https:\\\/\\\/www.bellunopress.it\\\/2026\\\/02\\\/14\\\/oro-rosso-e-diamanti-della-terra-la-valbelluna-riscopre-zafferano-e-tartufo\\\/\"},\"wordCount\":394,\"publisher\":{\"@id\":\"https:\\\/\\\/www.bellunopress.it\\\/#organization\"},\"image\":{\"@id\":\"https:\\\/\\\/www.bellunopress.it\\\/2026\\\/02\\\/14\\\/oro-rosso-e-diamanti-della-terra-la-valbelluna-riscopre-zafferano-e-tartufo\\\/#primaryimage\"},\"thumbnailUrl\":\"https:\\\/\\\/www.bellunopress.it\\\/wp-content\\\/uploads\\\/2026\\\/02\\\/tartufo-e-zafferano.jpeg\",\"articleSection\":[\"Appuntamenti, Eventi\"],\"inLanguage\":\"fr-FR\"},{\"@type\":\"WebPage\",\"@id\":\"https:\\\/\\\/www.bellunopress.it\\\/2026\\\/02\\\/14\\\/oro-rosso-e-diamanti-della-terra-la-valbelluna-riscopre-zafferano-e-tartufo\\\/\",\"url\":\"https:\\\/\\\/www.bellunopress.it\\\/2026\\\/02\\\/14\\\/oro-rosso-e-diamanti-della-terra-la-valbelluna-riscopre-zafferano-e-tartufo\\\/\",\"name\":\"Oro rosso e diamanti della terra: la Valbelluna riscopre zafferano e tartufo - Bellunopress - Dolomiti\",\"isPartOf\":{\"@id\":\"https:\\\/\\\/www.bellunopress.it\\\/#website\"},\"primaryImageOfPage\":{\"@id\":\"https:\\\/\\\/www.bellunopress.it\\\/2026\\\/02\\\/14\\\/oro-rosso-e-diamanti-della-terra-la-valbelluna-riscopre-zafferano-e-tartufo\\\/#primaryimage\"},\"image\":{\"@id\":\"https:\\\/\\\/www.bellunopress.it\\\/2026\\\/02\\\/14\\\/oro-rosso-e-diamanti-della-terra-la-valbelluna-riscopre-zafferano-e-tartufo\\\/#primaryimage\"},\"thumbnailUrl\":\"https:\\\/\\\/www.bellunopress.it\\\/wp-content\\\/uploads\\\/2026\\\/02\\\/tartufo-e-zafferano.jpeg\",\"datePublished\":\"2026-02-14T10:21:07+00:00\",\"breadcrumb\":{\"@id\":\"https:\\\/\\\/www.bellunopress.it\\\/2026\\\/02\\\/14\\\/oro-rosso-e-diamanti-della-terra-la-valbelluna-riscopre-zafferano-e-tartufo\\\/#breadcrumb\"},\"inLanguage\":\"fr-FR\",\"potentialAction\":[{\"@type\":\"ReadAction\",\"target\":[\"https:\\\/\\\/www.bellunopress.it\\\/2026\\\/02\\\/14\\\/oro-rosso-e-diamanti-della-terra-la-valbelluna-riscopre-zafferano-e-tartufo\\\/\"]}]},{\"@type\":\"ImageObject\",\"inLanguage\":\"fr-FR\",\"@id\":\"https:\\\/\\\/www.bellunopress.it\\\/2026\\\/02\\\/14\\\/oro-rosso-e-diamanti-della-terra-la-valbelluna-riscopre-zafferano-e-tartufo\\\/#primaryimage\",\"url\":\"https:\\\/\\\/www.bellunopress.it\\\/wp-content\\\/uploads\\\/2026\\\/02\\\/tartufo-e-zafferano.jpeg\",\"contentUrl\":\"https:\\\/\\\/www.bellunopress.it\\\/wp-content\\\/uploads\\\/2026\\\/02\\\/tartufo-e-zafferano.jpeg\",\"width\":400,\"height\":500},{\"@type\":\"BreadcrumbList\",\"@id\":\"https:\\\/\\\/www.bellunopress.it\\\/2026\\\/02\\\/14\\\/oro-rosso-e-diamanti-della-terra-la-valbelluna-riscopre-zafferano-e-tartufo\\\/#breadcrumb\",\"itemListElement\":[{\"@type\":\"ListItem\",\"position\":1,\"name\":\"Home\",\"item\":\"https:\\\/\\\/www.bellunopress.it\\\/\"},{\"@type\":\"ListItem\",\"position\":2,\"name\":\"Oro rosso e diamanti della terra: la Valbelluna riscopre zafferano e tartufo\"}]},{\"@type\":\"WebSite\",\"@id\":\"https:\\\/\\\/www.bellunopress.it\\\/#website\",\"url\":\"https:\\\/\\\/www.bellunopress.it\\\/\",\"name\":\"Bellunopress - Dolomiti\",\"description\":\"e-mail: redazione@bellunopress.it\",\"publisher\":{\"@id\":\"https:\\\/\\\/www.bellunopress.it\\\/#organization\"},\"potentialAction\":[{\"@type\":\"SearchAction\",\"target\":{\"@type\":\"EntryPoint\",\"urlTemplate\":\"https:\\\/\\\/www.bellunopress.it\\\/?s={search_term_string}\"},\"query-input\":{\"@type\":\"PropertyValueSpecification\",\"valueRequired\":true,\"valueName\":\"search_term_string\"}}],\"inLanguage\":\"fr-FR\"},{\"@type\":\"Organization\",\"@id\":\"https:\\\/\\\/www.bellunopress.it\\\/#organization\",\"name\":\"Bellunopress\",\"url\":\"https:\\\/\\\/www.bellunopress.it\\\/\",\"logo\":{\"@type\":\"ImageObject\",\"inLanguage\":\"fr-FR\",\"@id\":\"https:\\\/\\\/www.bellunopress.it\\\/#\\\/schema\\\/logo\\\/image\\\/\",\"url\":\"https:\\\/\\\/www.bellunopress.it\\\/wp-content\\\/uploads\\\/2011\\\/05\\\/cropped-logo-bellunopress-.jpg\",\"contentUrl\":\"https:\\\/\\\/www.bellunopress.it\\\/wp-content\\\/uploads\\\/2011\\\/05\\\/cropped-logo-bellunopress-.jpg\",\"width\":512,\"height\":512,\"caption\":\"Bellunopress\"},\"image\":{\"@id\":\"https:\\\/\\\/www.bellunopress.it\\\/#\\\/schema\\\/logo\\\/image\\\/\"},\"sameAs\":[\"https:\\\/\\\/www.facebook.com\\\/profile.php?id=100008943462799\",\"https:\\\/\\\/x.com\\\/bellunopress\",\"https:\\\/\\\/www.linkedin.com\\\/hp\\\/?dnr=JBzUWaJfMUw8vbXJJ2tVW5-I3jZKvC4wsoxE&amp;amp;amp;amp;amp;amp;trk=nav_responsive_tab_home\",\"https:\\\/\\\/www.youtube.com\\\/channel\\\/UCxL0wu1uN0_3_7hGG0306cw\"]},{\"@type\":\"Person\",\"@id\":\"https:\\\/\\\/www.bellunopress.it\\\/#\\\/schema\\\/person\\\/79bb06722b37ece1c03d3e94beb30d73\",\"name\":\"redazione\",\"image\":{\"@type\":\"ImageObject\",\"inLanguage\":\"fr-FR\",\"@id\":\"https:\\\/\\\/secure.gravatar.com\\\/avatar\\\/37d968a2e67a6fd04c169c4bdef102d0bc5d31b2546345219e348575eb80e9a0?s=96&d=mm&r=g\",\"url\":\"https:\\\/\\\/secure.gravatar.com\\\/avatar\\\/37d968a2e67a6fd04c169c4bdef102d0bc5d31b2546345219e348575eb80e9a0?s=96&d=mm&r=g\",\"contentUrl\":\"https:\\\/\\\/secure.gravatar.com\\\/avatar\\\/37d968a2e67a6fd04c169c4bdef102d0bc5d31b2546345219e348575eb80e9a0?s=96&d=mm&r=g\",\"caption\":\"redazione\"},\"sameAs\":[\"http:\\\/\\\/www.bellunopress.it\",\"https:\\\/\\\/x.com\\\/bellunopress\"],\"url\":\"https:\\\/\\\/www.bellunopress.it\\\/fr\\\/author\\\/redazione\\\/\"}]}<\/script>\n<!-- \/ Yoast SEO plugin. -->","yoast_head_json":{"title":"Oro rosso e diamanti della terra: la Valbelluna riscopre zafferano e tartufo - Bellunopress - Dolomiti","robots":{"index":"index","follow":"follow","max-snippet":"max-snippet:-1","max-image-preview":"max-image-preview:large","max-video-preview":"max-video-preview:-1"},"canonical":"https:\/\/www.bellunopress.it\/fr\/2026\/02\/14\/oro-rosso-e-diamanti-della-terra-la-valbelluna-riscopre-zafferano-e-tartufo\/","og_locale":"fr_FR","og_type":"article","og_title":"Oro rosso e diamanti della terra: la Valbelluna riscopre zafferano e tartufo - Bellunopress - Dolomiti","og_description":"Gioved\u00ec 19 febbraio a Trichiana, una serata dedicata alle eccellenze del territorio organizzata dall&#8217;associazione Mele a Mel. Esperti a confronto per stimolare nuove opportunit\u00e0 agricole tra le Dolomiti. La Valbelluna non \u00e8 solo terra di mele e agricoltura tradizionale. C\u2019\u00e8 un mondo sotterraneo e profumatissimo che sta chiedendo spazio, fatto di petali viola e &#8220;diamanti&#8221; [&hellip;]","og_url":"https:\/\/www.bellunopress.it\/fr\/2026\/02\/14\/oro-rosso-e-diamanti-della-terra-la-valbelluna-riscopre-zafferano-e-tartufo\/","og_site_name":"Bellunopress - Dolomiti","article_publisher":"https:\/\/www.facebook.com\/profile.php?id=100008943462799","article_published_time":"2026-02-14T10:21:07+00:00","og_image":[{"width":400,"height":500,"url":"https:\/\/www.bellunopress.it\/wp-content\/uploads\/2026\/02\/tartufo-e-zafferano.jpeg","type":"image\/jpeg"}],"author":"redazione","twitter_card":"summary_large_image","twitter_creator":"@bellunopress","twitter_site":"@bellunopress","twitter_misc":{"\u00c9crit par":"redazione","Dur\u00e9e de lecture estim\u00e9e":"2 minutes"},"schema":{"@context":"https:\/\/schema.org","@graph":[{"@type":"Article","@id":"https:\/\/www.bellunopress.it\/2026\/02\/14\/oro-rosso-e-diamanti-della-terra-la-valbelluna-riscopre-zafferano-e-tartufo\/#article","isPartOf":{"@id":"https:\/\/www.bellunopress.it\/2026\/02\/14\/oro-rosso-e-diamanti-della-terra-la-valbelluna-riscopre-zafferano-e-tartufo\/"},"author":{"name":"redazione","@id":"https:\/\/www.bellunopress.it\/#\/schema\/person\/79bb06722b37ece1c03d3e94beb30d73"},"headline":"Oro rosso e diamanti della terra: la Valbelluna riscopre zafferano e tartufo","datePublished":"2026-02-14T10:21:07+00:00","mainEntityOfPage":{"@id":"https:\/\/www.bellunopress.it\/2026\/02\/14\/oro-rosso-e-diamanti-della-terra-la-valbelluna-riscopre-zafferano-e-tartufo\/"},"wordCount":394,"publisher":{"@id":"https:\/\/www.bellunopress.it\/#organization"},"image":{"@id":"https:\/\/www.bellunopress.it\/2026\/02\/14\/oro-rosso-e-diamanti-della-terra-la-valbelluna-riscopre-zafferano-e-tartufo\/#primaryimage"},"thumbnailUrl":"https:\/\/www.bellunopress.it\/wp-content\/uploads\/2026\/02\/tartufo-e-zafferano.jpeg","articleSection":["Appuntamenti, Eventi"],"inLanguage":"fr-FR"},{"@type":"WebPage","@id":"https:\/\/www.bellunopress.it\/2026\/02\/14\/oro-rosso-e-diamanti-della-terra-la-valbelluna-riscopre-zafferano-e-tartufo\/","url":"https:\/\/www.bellunopress.it\/2026\/02\/14\/oro-rosso-e-diamanti-della-terra-la-valbelluna-riscopre-zafferano-e-tartufo\/","name":"Oro rosso e diamanti della terra: la Valbelluna riscopre zafferano e tartufo - Bellunopress - Dolomiti","isPartOf":{"@id":"https:\/\/www.bellunopress.it\/#website"},"primaryImageOfPage":{"@id":"https:\/\/www.bellunopress.it\/2026\/02\/14\/oro-rosso-e-diamanti-della-terra-la-valbelluna-riscopre-zafferano-e-tartufo\/#primaryimage"},"image":{"@id":"https:\/\/www.bellunopress.it\/2026\/02\/14\/oro-rosso-e-diamanti-della-terra-la-valbelluna-riscopre-zafferano-e-tartufo\/#primaryimage"},"thumbnailUrl":"https:\/\/www.bellunopress.it\/wp-content\/uploads\/2026\/02\/tartufo-e-zafferano.jpeg","datePublished":"2026-02-14T10:21:07+00:00","breadcrumb":{"@id":"https:\/\/www.bellunopress.it\/2026\/02\/14\/oro-rosso-e-diamanti-della-terra-la-valbelluna-riscopre-zafferano-e-tartufo\/#breadcrumb"},"inLanguage":"fr-FR","potentialAction":[{"@type":"ReadAction","target":["https:\/\/www.bellunopress.it\/2026\/02\/14\/oro-rosso-e-diamanti-della-terra-la-valbelluna-riscopre-zafferano-e-tartufo\/"]}]},{"@type":"ImageObject","inLanguage":"fr-FR","@id":"https:\/\/www.bellunopress.it\/2026\/02\/14\/oro-rosso-e-diamanti-della-terra-la-valbelluna-riscopre-zafferano-e-tartufo\/#primaryimage","url":"https:\/\/www.bellunopress.it\/wp-content\/uploads\/2026\/02\/tartufo-e-zafferano.jpeg","contentUrl":"https:\/\/www.bellunopress.it\/wp-content\/uploads\/2026\/02\/tartufo-e-zafferano.jpeg","width":400,"height":500},{"@type":"BreadcrumbList","@id":"https:\/\/www.bellunopress.it\/2026\/02\/14\/oro-rosso-e-diamanti-della-terra-la-valbelluna-riscopre-zafferano-e-tartufo\/#breadcrumb","itemListElement":[{"@type":"ListItem","position":1,"name":"Home","item":"https:\/\/www.bellunopress.it\/"},{"@type":"ListItem","position":2,"name":"Oro rosso e diamanti della terra: la Valbelluna riscopre zafferano e tartufo"}]},{"@type":"WebSite","@id":"https:\/\/www.bellunopress.it\/#website","url":"https:\/\/www.bellunopress.it\/","name":"Bellunopress - Dolomiti","description":"e-mail: redazione@bellunopress.it","publisher":{"@id":"https:\/\/www.bellunopress.it\/#organization"},"potentialAction":[{"@type":"SearchAction","target":{"@type":"EntryPoint","urlTemplate":"https:\/\/www.bellunopress.it\/?s={search_term_string}"},"query-input":{"@type":"PropertyValueSpecification","valueRequired":true,"valueName":"search_term_string"}}],"inLanguage":"fr-FR"},{"@type":"Organization","@id":"https:\/\/www.bellunopress.it\/#organization","name":"Bellunopress","url":"https:\/\/www.bellunopress.it\/","logo":{"@type":"ImageObject","inLanguage":"fr-FR","@id":"https:\/\/www.bellunopress.it\/#\/schema\/logo\/image\/","url":"https:\/\/www.bellunopress.it\/wp-content\/uploads\/2011\/05\/cropped-logo-bellunopress-.jpg","contentUrl":"https:\/\/www.bellunopress.it\/wp-content\/uploads\/2011\/05\/cropped-logo-bellunopress-.jpg","width":512,"height":512,"caption":"Bellunopress"},"image":{"@id":"https:\/\/www.bellunopress.it\/#\/schema\/logo\/image\/"},"sameAs":["https:\/\/www.facebook.com\/profile.php?id=100008943462799","https:\/\/x.com\/bellunopress","https:\/\/www.linkedin.com\/hp\/?dnr=JBzUWaJfMUw8vbXJJ2tVW5-I3jZKvC4wsoxE&amp;amp;amp;amp;amp;amp;trk=nav_responsive_tab_home","https:\/\/www.youtube.com\/channel\/UCxL0wu1uN0_3_7hGG0306cw"]},{"@type":"Person","@id":"https:\/\/www.bellunopress.it\/#\/schema\/person\/79bb06722b37ece1c03d3e94beb30d73","name":"r\u00e9daction","image":{"@type":"ImageObject","inLanguage":"fr-FR","@id":"https:\/\/secure.gravatar.com\/avatar\/37d968a2e67a6fd04c169c4bdef102d0bc5d31b2546345219e348575eb80e9a0?s=96&d=mm&r=g","url":"https:\/\/secure.gravatar.com\/avatar\/37d968a2e67a6fd04c169c4bdef102d0bc5d31b2546345219e348575eb80e9a0?s=96&d=mm&r=g","contentUrl":"https:\/\/secure.gravatar.com\/avatar\/37d968a2e67a6fd04c169c4bdef102d0bc5d31b2546345219e348575eb80e9a0?s=96&d=mm&r=g","caption":"redazione"},"sameAs":["http:\/\/www.bellunopress.it","https:\/\/x.com\/bellunopress"],"url":"https:\/\/www.bellunopress.it\/fr\/author\/redazione\/"}]}},"_links":{"self":[{"href":"https:\/\/www.bellunopress.it\/fr\/wp-json\/wp\/v2\/posts\/167458","targetHints":{"allow":["GET"]}}],"collection":[{"href":"https:\/\/www.bellunopress.it\/fr\/wp-json\/wp\/v2\/posts"}],"about":[{"href":"https:\/\/www.bellunopress.it\/fr\/wp-json\/wp\/v2\/types\/post"}],"author":[{"embeddable":true,"href":"https:\/\/www.bellunopress.it\/fr\/wp-json\/wp\/v2\/users\/2"}],"replies":[{"embeddable":true,"href":"https:\/\/www.bellunopress.it\/fr\/wp-json\/wp\/v2\/comments?post=167458"}],"version-history":[{"count":1,"href":"https:\/\/www.bellunopress.it\/fr\/wp-json\/wp\/v2\/posts\/167458\/revisions"}],"predecessor-version":[{"id":167460,"href":"https:\/\/www.bellunopress.it\/fr\/wp-json\/wp\/v2\/posts\/167458\/revisions\/167460"}],"wp:featuredmedia":[{"embeddable":true,"href":"https:\/\/www.bellunopress.it\/fr\/wp-json\/wp\/v2\/media\/167459"}],"wp:attachment":[{"href":"https:\/\/www.bellunopress.it\/fr\/wp-json\/wp\/v2\/media?parent=167458"}],"wp:term":[{"taxonomy":"category","embeddable":true,"href":"https:\/\/www.bellunopress.it\/fr\/wp-json\/wp\/v2\/categories?post=167458"},{"taxonomy":"post_tag","embeddable":true,"href":"https:\/\/www.bellunopress.it\/fr\/wp-json\/wp\/v2\/tags?post=167458"}],"curies":[{"name":"wp","href":"https:\/\/api.w.org\/{rel}","templated":true}]}}