{"id":167452,"date":"2026-02-14T10:14:53","date_gmt":"2026-02-14T09:14:53","guid":{"rendered":"https:\/\/www.bellunopress.it\/?p=167452"},"modified":"2026-02-14T11:02:44","modified_gmt":"2026-02-14T10:02:44","slug":"goliardia-a-5-cerchi-ritrovata-la-torcia-olimpica-sparita-dal-villaggio-olimpico","status":"publish","type":"post","link":"https:\/\/www.bellunopress.it\/fr\/2026\/02\/14\/goliardia-a-5-cerchi-ritrovata-la-torcia-olimpica-sparita-dal-villaggio-olimpico\/","title":{"rendered":"Goliardia a 5 cerchi: ritrovata la Torcia Olimpica sparita dal Villaggio olimpico"},"content":{"rendered":"<p data-path-to-node=\"3\">Belluno 14 febbraio 2026\u00a0\u2013 Si \u00e8 risolto in tempi record quello che era parso inizialmente come un furto inquietante nel cuore pulsante dei Giochi. La copia della Fiamma Olimpica, che era stata sottratta dall&#8217;area mensa del Villaggio Olimpico di Belluno, \u00e8 stata recuperata dalla Polizia di Stato e torner\u00e0 presto alla sua collocazione originale.<\/p>\n<h3 data-path-to-node=\"4\">Il &#8220;furto&#8221; e le indagini lampo<\/h3>\n<p data-path-to-node=\"5\">L&#8217;allarme era scattato nelle scorse ore, quando il personale si era accorto della sparizione del prezioso simbolo, esposto in una zona ad alta frequentazione degli atleti. Le indagini della Polizia di Stato sono scattate immediatamente, sfruttando il complesso sistema di sicurezza e videosorveglianza progettato in collaborazione con la Fondazione Milano-Cortina 2026.<\/p>\n<p data-path-to-node=\"6\">Grazie al coordinamento stabilito durante i tavoli tecnici del Questore, gli agenti sono riusciti a ricostruire i movimenti all&#8217;interno del Villaggio, arrivando rapidamente alla soluzione del mistero.<\/p>\n<h3 data-path-to-node=\"7\">Un gesto goliardico<\/h3>\n<p data-path-to-node=\"8\">Nessun piano criminale o intrusione esterna: dietro la sparizione della torcia si celerebbe, con ogni probabilit\u00e0, lo spirito &#8220;esuberante&#8221; della competizione. Gli accertamenti hanno infatti ricondotto il fatto a un gruppo di atleti che, mossi da intenzioni goliardiche, avrebbero prelevato la torcia come trofeo temporaneo o per una sfida interna al villaggio.<\/p>\n<blockquote data-path-to-node=\"9\">\n<h6 style=\"text-align: left;\" data-path-to-node=\"9,0\">&#8220;L&#8217;efficace e capillare sistema di sicurezza posto a difesa degli atleti ha consentito di accertare quanto accaduto in tempi rapidissimi&#8221;, spiegano le autorit\u00e0 in una nota ufficiale.<\/h6>\n<\/blockquote>\n<h3 data-path-to-node=\"10\">Ritorno alla normalit\u00e0<\/h3>\n<p data-path-to-node=\"11\">La Fiamma \u00e8 stata gi\u00e0 riconsegnata ufficialmente ai responsabili della Fondazione. Nonostante l&#8217;episodio abbia creato un momento di apprensione, l&#8217;incidente viene ora archiviato come una parentesi di &#8220;colore&#8221; tipica del clima olimpico, confermando al contempo la tenuta dei protocolli di sicurezza interni alla struttura.<\/p>\n<p data-path-to-node=\"12\">La torcia sar\u00e0 riposizionata al suo posto nelle prossime ore, per continuare a vegliare sui pasti degli atleti e sullo spirito dei Giochi.<\/p>","protected":false},"excerpt":{"rendered":"<p>Belluno 14 febbraio 2026\u00a0\u2013 Si \u00e8 risolto in tempi record quello che era parso inizialmente come un furto inquietante nel cuore pulsante dei Giochi. La copia della Fiamma Olimpica, che era stata sottratta dall&#8217;area mensa del Villaggio Olimpico di Belluno, \u00e8 stata recuperata dalla Polizia di Stato e torner\u00e0 presto alla sua collocazione originale. Il [&hellip;]<\/p>\n","protected":false},"author":2,"featured_media":167453,"comment_status":"closed","ping_status":"open","sticky":false,"template":"","format":"standard","meta":{"footnotes":""},"categories":[5,3446,26],"tags":[],"class_list":["post-167452","post","type-post","status-publish","format-standard","has-post-thumbnail","category-cronaca","category-featured","category-prima-pagina"],"yoast_head":"<!-- This site is optimized with the Yoast SEO plugin v28.4 - https:\/\/yoast.com\/product\/yoast-seo-wordpress\/ -->\n<title>Goliardia a 5 cerchi: ritrovata la Torcia Olimpica sparita dal Villaggio olimpico - Bellunopress - Dolomiti<\/title>\n<meta name=\"robots\" content=\"index, follow, max-snippet:-1, max-image-preview:large, max-video-preview:-1\" \/>\n<link rel=\"canonical\" href=\"https:\/\/www.bellunopress.it\/fr\/2026\/02\/14\/goliardia-a-5-cerchi-ritrovata-la-torcia-olimpica-sparita-dal-villaggio-olimpico\/\" \/>\n<meta property=\"og:locale\" content=\"fr_FR\" \/>\n<meta property=\"og:type\" content=\"article\" \/>\n<meta property=\"og:title\" content=\"Goliardia a 5 cerchi: ritrovata la Torcia Olimpica sparita dal Villaggio olimpico - Bellunopress - Dolomiti\" \/>\n<meta property=\"og:description\" content=\"Belluno 14 febbraio 2026\u00a0\u2013 Si \u00e8 risolto in tempi record quello che era parso inizialmente come un furto inquietante nel cuore pulsante dei Giochi. La copia della Fiamma Olimpica, che era stata sottratta dall&#8217;area mensa del Villaggio Olimpico di Belluno, \u00e8 stata recuperata dalla Polizia di Stato e torner\u00e0 presto alla sua collocazione originale. Il [&hellip;]\" \/>\n<meta property=\"og:url\" content=\"https:\/\/www.bellunopress.it\/fr\/2026\/02\/14\/goliardia-a-5-cerchi-ritrovata-la-torcia-olimpica-sparita-dal-villaggio-olimpico\/\" \/>\n<meta property=\"og:site_name\" content=\"Bellunopress - Dolomiti\" \/>\n<meta property=\"article:publisher\" content=\"https:\/\/www.facebook.com\/profile.php?id=100008943462799\" \/>\n<meta property=\"article:published_time\" content=\"2026-02-14T09:14:53+00:00\" \/>\n<meta property=\"article:modified_time\" content=\"2026-02-14T10:02:44+00:00\" \/>\n<meta property=\"og:image\" content=\"https:\/\/www.bellunopress.it\/wp-content\/uploads\/2026\/02\/ritrovata-la-Fiamma-olimpica-atto-goliardico.jpg\" \/>\n\t<meta property=\"og:image:width\" content=\"375\" \/>\n\t<meta property=\"og:image:height\" content=\"500\" \/>\n\t<meta property=\"og:image:type\" content=\"image\/jpeg\" \/>\n<meta name=\"author\" content=\"redazione\" \/>\n<meta name=\"twitter:card\" content=\"summary_large_image\" \/>\n<meta name=\"twitter:creator\" content=\"@bellunopress\" \/>\n<meta name=\"twitter:site\" content=\"@bellunopress\" \/>\n<meta name=\"twitter:label1\" content=\"\u00c9crit par\" \/>\n\t<meta name=\"twitter:data1\" content=\"redazione\" \/>\n\t<meta name=\"twitter:label2\" content=\"Dur\u00e9e de lecture estim\u00e9e\" \/>\n\t<meta name=\"twitter:data2\" content=\"1 minute\" \/>\n<script type=\"application\/ld+json\" class=\"yoast-schema-graph\">{\"@context\":\"https:\\\/\\\/schema.org\",\"@graph\":[{\"@type\":\"Article\",\"@id\":\"https:\\\/\\\/www.bellunopress.it\\\/2026\\\/02\\\/14\\\/goliardia-a-5-cerchi-ritrovata-la-torcia-olimpica-sparita-dal-villaggio-olimpico\\\/#article\",\"isPartOf\":{\"@id\":\"https:\\\/\\\/www.bellunopress.it\\\/2026\\\/02\\\/14\\\/goliardia-a-5-cerchi-ritrovata-la-torcia-olimpica-sparita-dal-villaggio-olimpico\\\/\"},\"author\":{\"name\":\"redazione\",\"@id\":\"https:\\\/\\\/www.bellunopress.it\\\/#\\\/schema\\\/person\\\/79bb06722b37ece1c03d3e94beb30d73\"},\"headline\":\"Goliardia a 5 cerchi: ritrovata la Torcia Olimpica sparita dal Villaggio olimpico\",\"datePublished\":\"2026-02-14T09:14:53+00:00\",\"dateModified\":\"2026-02-14T10:02:44+00:00\",\"mainEntityOfPage\":{\"@id\":\"https:\\\/\\\/www.bellunopress.it\\\/2026\\\/02\\\/14\\\/goliardia-a-5-cerchi-ritrovata-la-torcia-olimpica-sparita-dal-villaggio-olimpico\\\/\"},\"wordCount\":301,\"publisher\":{\"@id\":\"https:\\\/\\\/www.bellunopress.it\\\/#organization\"},\"image\":{\"@id\":\"https:\\\/\\\/www.bellunopress.it\\\/2026\\\/02\\\/14\\\/goliardia-a-5-cerchi-ritrovata-la-torcia-olimpica-sparita-dal-villaggio-olimpico\\\/#primaryimage\"},\"thumbnailUrl\":\"https:\\\/\\\/www.bellunopress.it\\\/wp-content\\\/uploads\\\/2026\\\/02\\\/ritrovata-la-Fiamma-olimpica-atto-goliardico.jpg\",\"articleSection\":[\"Cronaca\\\/Politica\",\"Featured\",\"Prima Pagina\"],\"inLanguage\":\"fr-FR\"},{\"@type\":\"WebPage\",\"@id\":\"https:\\\/\\\/www.bellunopress.it\\\/2026\\\/02\\\/14\\\/goliardia-a-5-cerchi-ritrovata-la-torcia-olimpica-sparita-dal-villaggio-olimpico\\\/\",\"url\":\"https:\\\/\\\/www.bellunopress.it\\\/2026\\\/02\\\/14\\\/goliardia-a-5-cerchi-ritrovata-la-torcia-olimpica-sparita-dal-villaggio-olimpico\\\/\",\"name\":\"Goliardia a 5 cerchi: ritrovata la Torcia Olimpica sparita dal Villaggio olimpico - Bellunopress - Dolomiti\",\"isPartOf\":{\"@id\":\"https:\\\/\\\/www.bellunopress.it\\\/#website\"},\"primaryImageOfPage\":{\"@id\":\"https:\\\/\\\/www.bellunopress.it\\\/2026\\\/02\\\/14\\\/goliardia-a-5-cerchi-ritrovata-la-torcia-olimpica-sparita-dal-villaggio-olimpico\\\/#primaryimage\"},\"image\":{\"@id\":\"https:\\\/\\\/www.bellunopress.it\\\/2026\\\/02\\\/14\\\/goliardia-a-5-cerchi-ritrovata-la-torcia-olimpica-sparita-dal-villaggio-olimpico\\\/#primaryimage\"},\"thumbnailUrl\":\"https:\\\/\\\/www.bellunopress.it\\\/wp-content\\\/uploads\\\/2026\\\/02\\\/ritrovata-la-Fiamma-olimpica-atto-goliardico.jpg\",\"datePublished\":\"2026-02-14T09:14:53+00:00\",\"dateModified\":\"2026-02-14T10:02:44+00:00\",\"breadcrumb\":{\"@id\":\"https:\\\/\\\/www.bellunopress.it\\\/2026\\\/02\\\/14\\\/goliardia-a-5-cerchi-ritrovata-la-torcia-olimpica-sparita-dal-villaggio-olimpico\\\/#breadcrumb\"},\"inLanguage\":\"fr-FR\",\"potentialAction\":[{\"@type\":\"ReadAction\",\"target\":[\"https:\\\/\\\/www.bellunopress.it\\\/2026\\\/02\\\/14\\\/goliardia-a-5-cerchi-ritrovata-la-torcia-olimpica-sparita-dal-villaggio-olimpico\\\/\"]}]},{\"@type\":\"ImageObject\",\"inLanguage\":\"fr-FR\",\"@id\":\"https:\\\/\\\/www.bellunopress.it\\\/2026\\\/02\\\/14\\\/goliardia-a-5-cerchi-ritrovata-la-torcia-olimpica-sparita-dal-villaggio-olimpico\\\/#primaryimage\",\"url\":\"https:\\\/\\\/www.bellunopress.it\\\/wp-content\\\/uploads\\\/2026\\\/02\\\/ritrovata-la-Fiamma-olimpica-atto-goliardico.jpg\",\"contentUrl\":\"https:\\\/\\\/www.bellunopress.it\\\/wp-content\\\/uploads\\\/2026\\\/02\\\/ritrovata-la-Fiamma-olimpica-atto-goliardico.jpg\",\"width\":375,\"height\":500},{\"@type\":\"BreadcrumbList\",\"@id\":\"https:\\\/\\\/www.bellunopress.it\\\/2026\\\/02\\\/14\\\/goliardia-a-5-cerchi-ritrovata-la-torcia-olimpica-sparita-dal-villaggio-olimpico\\\/#breadcrumb\",\"itemListElement\":[{\"@type\":\"ListItem\",\"position\":1,\"name\":\"Home\",\"item\":\"https:\\\/\\\/www.bellunopress.it\\\/\"},{\"@type\":\"ListItem\",\"position\":2,\"name\":\"Goliardia a 5 cerchi: ritrovata la Torcia Olimpica sparita dal Villaggio olimpico\"}]},{\"@type\":\"WebSite\",\"@id\":\"https:\\\/\\\/www.bellunopress.it\\\/#website\",\"url\":\"https:\\\/\\\/www.bellunopress.it\\\/\",\"name\":\"Bellunopress - Dolomiti\",\"description\":\"e-mail: redazione@bellunopress.it\",\"publisher\":{\"@id\":\"https:\\\/\\\/www.bellunopress.it\\\/#organization\"},\"potentialAction\":[{\"@type\":\"SearchAction\",\"target\":{\"@type\":\"EntryPoint\",\"urlTemplate\":\"https:\\\/\\\/www.bellunopress.it\\\/?s={search_term_string}\"},\"query-input\":{\"@type\":\"PropertyValueSpecification\",\"valueRequired\":true,\"valueName\":\"search_term_string\"}}],\"inLanguage\":\"fr-FR\"},{\"@type\":\"Organization\",\"@id\":\"https:\\\/\\\/www.bellunopress.it\\\/#organization\",\"name\":\"Bellunopress\",\"url\":\"https:\\\/\\\/www.bellunopress.it\\\/\",\"logo\":{\"@type\":\"ImageObject\",\"inLanguage\":\"fr-FR\",\"@id\":\"https:\\\/\\\/www.bellunopress.it\\\/#\\\/schema\\\/logo\\\/image\\\/\",\"url\":\"https:\\\/\\\/www.bellunopress.it\\\/wp-content\\\/uploads\\\/2011\\\/05\\\/cropped-logo-bellunopress-.jpg\",\"contentUrl\":\"https:\\\/\\\/www.bellunopress.it\\\/wp-content\\\/uploads\\\/2011\\\/05\\\/cropped-logo-bellunopress-.jpg\",\"width\":512,\"height\":512,\"caption\":\"Bellunopress\"},\"image\":{\"@id\":\"https:\\\/\\\/www.bellunopress.it\\\/#\\\/schema\\\/logo\\\/image\\\/\"},\"sameAs\":[\"https:\\\/\\\/www.facebook.com\\\/profile.php?id=100008943462799\",\"https:\\\/\\\/x.com\\\/bellunopress\",\"https:\\\/\\\/www.linkedin.com\\\/hp\\\/?dnr=JBzUWaJfMUw8vbXJJ2tVW5-I3jZKvC4wsoxE&amp;amp;amp;amp;amp;amp;trk=nav_responsive_tab_home\",\"https:\\\/\\\/www.youtube.com\\\/channel\\\/UCxL0wu1uN0_3_7hGG0306cw\"]},{\"@type\":\"Person\",\"@id\":\"https:\\\/\\\/www.bellunopress.it\\\/#\\\/schema\\\/person\\\/79bb06722b37ece1c03d3e94beb30d73\",\"name\":\"redazione\",\"image\":{\"@type\":\"ImageObject\",\"inLanguage\":\"fr-FR\",\"@id\":\"https:\\\/\\\/secure.gravatar.com\\\/avatar\\\/37d968a2e67a6fd04c169c4bdef102d0bc5d31b2546345219e348575eb80e9a0?s=96&d=mm&r=g\",\"url\":\"https:\\\/\\\/secure.gravatar.com\\\/avatar\\\/37d968a2e67a6fd04c169c4bdef102d0bc5d31b2546345219e348575eb80e9a0?s=96&d=mm&r=g\",\"contentUrl\":\"https:\\\/\\\/secure.gravatar.com\\\/avatar\\\/37d968a2e67a6fd04c169c4bdef102d0bc5d31b2546345219e348575eb80e9a0?s=96&d=mm&r=g\",\"caption\":\"redazione\"},\"sameAs\":[\"http:\\\/\\\/www.bellunopress.it\",\"https:\\\/\\\/x.com\\\/bellunopress\"],\"url\":\"https:\\\/\\\/www.bellunopress.it\\\/fr\\\/author\\\/redazione\\\/\"}]}<\/script>\n<!-- \/ Yoast SEO plugin. -->","yoast_head_json":{"title":"Goliardia a 5 cerchi: ritrovata la Torcia Olimpica sparita dal Villaggio olimpico - Bellunopress - Dolomiti","robots":{"index":"index","follow":"follow","max-snippet":"max-snippet:-1","max-image-preview":"max-image-preview:large","max-video-preview":"max-video-preview:-1"},"canonical":"https:\/\/www.bellunopress.it\/fr\/2026\/02\/14\/goliardia-a-5-cerchi-ritrovata-la-torcia-olimpica-sparita-dal-villaggio-olimpico\/","og_locale":"fr_FR","og_type":"article","og_title":"Goliardia a 5 cerchi: ritrovata la Torcia Olimpica sparita dal Villaggio olimpico - Bellunopress - Dolomiti","og_description":"Belluno 14 febbraio 2026\u00a0\u2013 Si \u00e8 risolto in tempi record quello che era parso inizialmente come un furto inquietante nel cuore pulsante dei Giochi. La copia della Fiamma Olimpica, che era stata sottratta dall&#8217;area mensa del Villaggio Olimpico di Belluno, \u00e8 stata recuperata dalla Polizia di Stato e torner\u00e0 presto alla sua collocazione originale. Il [&hellip;]","og_url":"https:\/\/www.bellunopress.it\/fr\/2026\/02\/14\/goliardia-a-5-cerchi-ritrovata-la-torcia-olimpica-sparita-dal-villaggio-olimpico\/","og_site_name":"Bellunopress - Dolomiti","article_publisher":"https:\/\/www.facebook.com\/profile.php?id=100008943462799","article_published_time":"2026-02-14T09:14:53+00:00","article_modified_time":"2026-02-14T10:02:44+00:00","og_image":[{"width":375,"height":500,"url":"https:\/\/www.bellunopress.it\/wp-content\/uploads\/2026\/02\/ritrovata-la-Fiamma-olimpica-atto-goliardico.jpg","type":"image\/jpeg"}],"author":"redazione","twitter_card":"summary_large_image","twitter_creator":"@bellunopress","twitter_site":"@bellunopress","twitter_misc":{"\u00c9crit par":"redazione","Dur\u00e9e de lecture estim\u00e9e":"1 minute"},"schema":{"@context":"https:\/\/schema.org","@graph":[{"@type":"Article","@id":"https:\/\/www.bellunopress.it\/2026\/02\/14\/goliardia-a-5-cerchi-ritrovata-la-torcia-olimpica-sparita-dal-villaggio-olimpico\/#article","isPartOf":{"@id":"https:\/\/www.bellunopress.it\/2026\/02\/14\/goliardia-a-5-cerchi-ritrovata-la-torcia-olimpica-sparita-dal-villaggio-olimpico\/"},"author":{"name":"redazione","@id":"https:\/\/www.bellunopress.it\/#\/schema\/person\/79bb06722b37ece1c03d3e94beb30d73"},"headline":"Goliardia a 5 cerchi: ritrovata la Torcia Olimpica sparita dal Villaggio olimpico","datePublished":"2026-02-14T09:14:53+00:00","dateModified":"2026-02-14T10:02:44+00:00","mainEntityOfPage":{"@id":"https:\/\/www.bellunopress.it\/2026\/02\/14\/goliardia-a-5-cerchi-ritrovata-la-torcia-olimpica-sparita-dal-villaggio-olimpico\/"},"wordCount":301,"publisher":{"@id":"https:\/\/www.bellunopress.it\/#organization"},"image":{"@id":"https:\/\/www.bellunopress.it\/2026\/02\/14\/goliardia-a-5-cerchi-ritrovata-la-torcia-olimpica-sparita-dal-villaggio-olimpico\/#primaryimage"},"thumbnailUrl":"https:\/\/www.bellunopress.it\/wp-content\/uploads\/2026\/02\/ritrovata-la-Fiamma-olimpica-atto-goliardico.jpg","articleSection":["Cronaca\/Politica","Featured","Prima Pagina"],"inLanguage":"fr-FR"},{"@type":"WebPage","@id":"https:\/\/www.bellunopress.it\/2026\/02\/14\/goliardia-a-5-cerchi-ritrovata-la-torcia-olimpica-sparita-dal-villaggio-olimpico\/","url":"https:\/\/www.bellunopress.it\/2026\/02\/14\/goliardia-a-5-cerchi-ritrovata-la-torcia-olimpica-sparita-dal-villaggio-olimpico\/","name":"Goliardia a 5 cerchi: ritrovata la Torcia Olimpica sparita dal Villaggio olimpico - Bellunopress - Dolomiti","isPartOf":{"@id":"https:\/\/www.bellunopress.it\/#website"},"primaryImageOfPage":{"@id":"https:\/\/www.bellunopress.it\/2026\/02\/14\/goliardia-a-5-cerchi-ritrovata-la-torcia-olimpica-sparita-dal-villaggio-olimpico\/#primaryimage"},"image":{"@id":"https:\/\/www.bellunopress.it\/2026\/02\/14\/goliardia-a-5-cerchi-ritrovata-la-torcia-olimpica-sparita-dal-villaggio-olimpico\/#primaryimage"},"thumbnailUrl":"https:\/\/www.bellunopress.it\/wp-content\/uploads\/2026\/02\/ritrovata-la-Fiamma-olimpica-atto-goliardico.jpg","datePublished":"2026-02-14T09:14:53+00:00","dateModified":"2026-02-14T10:02:44+00:00","breadcrumb":{"@id":"https:\/\/www.bellunopress.it\/2026\/02\/14\/goliardia-a-5-cerchi-ritrovata-la-torcia-olimpica-sparita-dal-villaggio-olimpico\/#breadcrumb"},"inLanguage":"fr-FR","potentialAction":[{"@type":"ReadAction","target":["https:\/\/www.bellunopress.it\/2026\/02\/14\/goliardia-a-5-cerchi-ritrovata-la-torcia-olimpica-sparita-dal-villaggio-olimpico\/"]}]},{"@type":"ImageObject","inLanguage":"fr-FR","@id":"https:\/\/www.bellunopress.it\/2026\/02\/14\/goliardia-a-5-cerchi-ritrovata-la-torcia-olimpica-sparita-dal-villaggio-olimpico\/#primaryimage","url":"https:\/\/www.bellunopress.it\/wp-content\/uploads\/2026\/02\/ritrovata-la-Fiamma-olimpica-atto-goliardico.jpg","contentUrl":"https:\/\/www.bellunopress.it\/wp-content\/uploads\/2026\/02\/ritrovata-la-Fiamma-olimpica-atto-goliardico.jpg","width":375,"height":500},{"@type":"BreadcrumbList","@id":"https:\/\/www.bellunopress.it\/2026\/02\/14\/goliardia-a-5-cerchi-ritrovata-la-torcia-olimpica-sparita-dal-villaggio-olimpico\/#breadcrumb","itemListElement":[{"@type":"ListItem","position":1,"name":"Home","item":"https:\/\/www.bellunopress.it\/"},{"@type":"ListItem","position":2,"name":"Goliardia a 5 cerchi: ritrovata la Torcia Olimpica sparita dal Villaggio olimpico"}]},{"@type":"WebSite","@id":"https:\/\/www.bellunopress.it\/#website","url":"https:\/\/www.bellunopress.it\/","name":"Bellunopress - Dolomiti","description":"e-mail: redazione@bellunopress.it","publisher":{"@id":"https:\/\/www.bellunopress.it\/#organization"},"potentialAction":[{"@type":"SearchAction","target":{"@type":"EntryPoint","urlTemplate":"https:\/\/www.bellunopress.it\/?s={search_term_string}"},"query-input":{"@type":"PropertyValueSpecification","valueRequired":true,"valueName":"search_term_string"}}],"inLanguage":"fr-FR"},{"@type":"Organization","@id":"https:\/\/www.bellunopress.it\/#organization","name":"Bellunopress","url":"https:\/\/www.bellunopress.it\/","logo":{"@type":"ImageObject","inLanguage":"fr-FR","@id":"https:\/\/www.bellunopress.it\/#\/schema\/logo\/image\/","url":"https:\/\/www.bellunopress.it\/wp-content\/uploads\/2011\/05\/cropped-logo-bellunopress-.jpg","contentUrl":"https:\/\/www.bellunopress.it\/wp-content\/uploads\/2011\/05\/cropped-logo-bellunopress-.jpg","width":512,"height":512,"caption":"Bellunopress"},"image":{"@id":"https:\/\/www.bellunopress.it\/#\/schema\/logo\/image\/"},"sameAs":["https:\/\/www.facebook.com\/profile.php?id=100008943462799","https:\/\/x.com\/bellunopress","https:\/\/www.linkedin.com\/hp\/?dnr=JBzUWaJfMUw8vbXJJ2tVW5-I3jZKvC4wsoxE&amp;amp;amp;amp;amp;amp;trk=nav_responsive_tab_home","https:\/\/www.youtube.com\/channel\/UCxL0wu1uN0_3_7hGG0306cw"]},{"@type":"Person","@id":"https:\/\/www.bellunopress.it\/#\/schema\/person\/79bb06722b37ece1c03d3e94beb30d73","name":"r\u00e9daction","image":{"@type":"ImageObject","inLanguage":"fr-FR","@id":"https:\/\/secure.gravatar.com\/avatar\/37d968a2e67a6fd04c169c4bdef102d0bc5d31b2546345219e348575eb80e9a0?s=96&d=mm&r=g","url":"https:\/\/secure.gravatar.com\/avatar\/37d968a2e67a6fd04c169c4bdef102d0bc5d31b2546345219e348575eb80e9a0?s=96&d=mm&r=g","contentUrl":"https:\/\/secure.gravatar.com\/avatar\/37d968a2e67a6fd04c169c4bdef102d0bc5d31b2546345219e348575eb80e9a0?s=96&d=mm&r=g","caption":"redazione"},"sameAs":["http:\/\/www.bellunopress.it","https:\/\/x.com\/bellunopress"],"url":"https:\/\/www.bellunopress.it\/fr\/author\/redazione\/"}]}},"_links":{"self":[{"href":"https:\/\/www.bellunopress.it\/fr\/wp-json\/wp\/v2\/posts\/167452","targetHints":{"allow":["GET"]}}],"collection":[{"href":"https:\/\/www.bellunopress.it\/fr\/wp-json\/wp\/v2\/posts"}],"about":[{"href":"https:\/\/www.bellunopress.it\/fr\/wp-json\/wp\/v2\/types\/post"}],"author":[{"embeddable":true,"href":"https:\/\/www.bellunopress.it\/fr\/wp-json\/wp\/v2\/users\/2"}],"replies":[{"embeddable":true,"href":"https:\/\/www.bellunopress.it\/fr\/wp-json\/wp\/v2\/comments?post=167452"}],"version-history":[{"count":1,"href":"https:\/\/www.bellunopress.it\/fr\/wp-json\/wp\/v2\/posts\/167452\/revisions"}],"predecessor-version":[{"id":167454,"href":"https:\/\/www.bellunopress.it\/fr\/wp-json\/wp\/v2\/posts\/167452\/revisions\/167454"}],"wp:featuredmedia":[{"embeddable":true,"href":"https:\/\/www.bellunopress.it\/fr\/wp-json\/wp\/v2\/media\/167453"}],"wp:attachment":[{"href":"https:\/\/www.bellunopress.it\/fr\/wp-json\/wp\/v2\/media?parent=167452"}],"wp:term":[{"taxonomy":"category","embeddable":true,"href":"https:\/\/www.bellunopress.it\/fr\/wp-json\/wp\/v2\/categories?post=167452"},{"taxonomy":"post_tag","embeddable":true,"href":"https:\/\/www.bellunopress.it\/fr\/wp-json\/wp\/v2\/tags?post=167452"}],"curies":[{"name":"wp","href":"https:\/\/api.w.org\/{rel}","templated":true}]}}