{"id":167445,"date":"2026-02-14T09:57:01","date_gmt":"2026-02-14T08:57:01","guid":{"rendered":"https:\/\/www.bellunopress.it\/?p=167445"},"modified":"2026-02-14T09:57:01","modified_gmt":"2026-02-14T08:57:01","slug":"scuole-di-chies-dalpago-un-modello-per-il-futuro-della-montagna","status":"publish","type":"post","link":"https:\/\/www.bellunopress.it\/fr\/2026\/02\/14\/scuole-di-chies-dalpago-un-modello-per-il-futuro-della-montagna\/","title":{"rendered":"Scuole di Chies d&#8217;Alpago: un modello per il futuro della montagna"},"content":{"rendered":"<p>Chies d\u2019Alpago, 14 febbraio 2026\u00a0 &#8211; Le scuole di Chies d\u2019Alpago si confermano presidio educativo di riferimento per la Conca, modello di scuola di montagna capace di coniugare qualit\u00e0 didattica, innovazione e forte identit\u00e0 comunitaria. Dall\u2019Infanzia, unica Ambasciatrice UNICEF, alla Primaria e alla Secondaria, l\u2019offerta formativa integra laboratori, coding, lingue straniere, sport e progetti con le realt\u00e0 locali, sostenuta da servizi qualificanti come mensa interna, trasporto gratuito e doposcuola, a supporto concreto delle famiglie e delle pari opportunit\u00e0.<\/p>\n<p><strong>Scuola dell\u2019Infanzia: innovazione e riconoscimenti<\/strong><br \/>\nLa Scuola dell\u2019Infanzia si presenta con una struttura nuova e moderna, arricchita da un ampio giardino esterno soleggiato che diventa spazio privilegiato di gioco e scoperta. \u00c8 inoltre l\u2019unica scuola a vantare il riconoscimento di Ambasciatrice UNICEF, un titolo che testimonia l\u2019attenzione ai diritti dell\u2019infanzia e alla formazione di cittadini consapevoli.<br \/>\nLa didattica si sviluppa attraverso laboratori e progetti che coinvolgono i bambini in esperienze concrete e stimolanti. Il piano annuale spazia dal coding, con il primo approccio al pensiero computazionale grazie al robottino BeeBot, ai corsi di nuoto presso la piscina di Belluno. Da quest\u2019anno si aggiunge anche il corso di yoga, accanto ai laboratori \u201cMani in pasta\u201d, che portano i piccoli a sperimentare in cucina.<br \/>\nLe scuole di montagna, inserite in piccoli paesi, possono contare su un legame diretto e quotidiano con l\u2019ambiente naturale. Grazie al progetto \u201cNaturalmente\u201d, i bambini esplorano il territorio con passeggiate educative, incontrano i Vigili del Fuoco, il Soccorso Alpino, il Rugby Alpago e altre realt\u00e0 locali. I pi\u00f9 grandi hanno gi\u00e0 assistito a uno spettacolo teatrale a Belluno, visiteranno la Biblioteca di Chies per attivit\u00e0 di lettura espressiva e parteciperanno alla gita a Castelbrando. Consolidata anche la collaborazione con l\u2019Ottica Zoldan, attiva da diversi anni.<\/p>\n<p><strong>Scuola Primaria: attenzione individuale e apertura al mondo<\/strong><br \/>\nNella Scuola Primaria il valore aggiunto delle piccole realt\u00e0 si traduce nella possibilit\u00e0 per gli insegnanti di seguire con attenzione ogni alunno, garantendo qualit\u00e0 dell\u2019istruzione e disponibilit\u00e0 costante.<br \/>\nL\u2019innovazione \u00e8 parte integrante del percorso formativo: gli studenti proseguono con coding e pensiero computazionale e possono contare su insegnanti madrelingua inglese. Ogni anno viene sviluppato un progetto di plesso su tematiche diverse, articolato in attivit\u00e0 laboratoriali che culminano in uno spettacolo teatrale finale. Molto apprezzato quello dello scorso anno dedicato allo sport, inteso come benessere per corpo e mente, che \u00e8 valso alla scuola il riconoscimento del Museo di Serravella, meta di una prossima visita. Due anni fa grande consenso aveva riscosso il progetto sul Vajont.<br \/>\nForte il legame con la comunit\u00e0, testimoniato da iniziative come la Maratona di lettura e, dall\u2019anno scorso, \u201cNatale per le vie\u201d, che coinvolge il paese in un clima di partecipazione condivisa.<\/p>\n<p><strong>Scuola Secondaria: qualit\u00e0, progetti e apertura al territorio<\/strong><br \/>\nAnche la Scuola Secondaria di primo grado conferma i punti di forza delle piccole scuole di montagna: qualit\u00e0 dell\u2019insegnamento e forte integrazione con il territorio. L\u2019offerta formativa si articola su 36 ore settimanali, dal luned\u00ec al venerd\u00ec.<br \/>\nLa didattica si svolge per ambienti di apprendimento: gli studenti si spostano tra aule e laboratori tematici, come quello di scienze, dotati di sussidi multimediali, computer portatili e kit di robotica. Ogni alunno dispone di un armadietto personale e il materiale didattico \u00e8 facilmente accessibile, favorendo autonomia e organizzazione.<br \/>\nNumerosi i progetti attivi: dal Passpartout, realizzato con gli esperti de \u201cLa Chiave di Sophia\u201d, ai percorsi di \u201cRespect Equality\u201d in collaborazione con Belluno Donna e l\u2019Azienda ULSS 1 Dolomiti. La scuola integra costantemente le opportunit\u00e0 del territorio nella programmazione didattica: dalla Maratona di lettura alla visita al Museo di Storia Naturale, fino alla cura di un orto, di una vigna e di una serra, con il supporto del personale comunale. Gli studenti gestiscono anche una piccola cooperativa scolastica, sperimentando responsabilit\u00e0 e spirito imprenditoriale.<\/p>\n<p>Particolare attenzione \u00e8 riservata all\u2019educazione alla montagna e allo sport, attraverso attivit\u00e0 come arrampicata, nuoto e incontri con le associazioni locali. Quest\u2019anno, inoltre, gli studenti saranno protagonisti di un gemellaggio con le scuole di Zocca, che visiteranno nel mese di maggio, in un\u2019esperienza di scambio e crescita reciproca.<br \/>\nIn un contesto montano che potrebbe sembrare periferico, le scuole di Chies d\u2019Alpago dimostrano invece di essere un centro vitale di innovazione, partecipazione e formazione integrale della persona, dove territorio e scuola crescono insieme.<\/p>\n<p>&nbsp;<\/p>","protected":false},"excerpt":{"rendered":"<p>Chies d\u2019Alpago, 14 febbraio 2026\u00a0 &#8211; Le scuole di Chies d\u2019Alpago si confermano presidio educativo di riferimento per la Conca, modello di scuola di montagna capace di coniugare qualit\u00e0 didattica, innovazione e forte identit\u00e0 comunitaria. Dall\u2019Infanzia, unica Ambasciatrice UNICEF, alla Primaria e alla Secondaria, l\u2019offerta formativa integra laboratori, coding, lingue straniere, sport e progetti con [&hellip;]<\/p>\n","protected":false},"author":2,"featured_media":167446,"comment_status":"closed","ping_status":"open","sticky":false,"template":"","format":"standard","meta":{"footnotes":""},"categories":[15],"tags":[],"class_list":["post-167445","post","type-post","status-publish","format-standard","has-post-thumbnail","category-scuola"],"yoast_head":"<!-- This site is optimized with the Yoast SEO plugin v28.4 - https:\/\/yoast.com\/product\/yoast-seo-wordpress\/ -->\n<title>Scuole di Chies d&#039;Alpago: un modello per il futuro della montagna - Bellunopress - Dolomiti<\/title>\n<meta name=\"robots\" content=\"index, follow, max-snippet:-1, max-image-preview:large, max-video-preview:-1\" \/>\n<link rel=\"canonical\" href=\"https:\/\/www.bellunopress.it\/fr\/2026\/02\/14\/scuole-di-chies-dalpago-un-modello-per-il-futuro-della-montagna\/\" \/>\n<meta property=\"og:locale\" content=\"fr_FR\" \/>\n<meta property=\"og:type\" content=\"article\" \/>\n<meta property=\"og:title\" content=\"Scuole di Chies d&#039;Alpago: un modello per il futuro della montagna - Bellunopress - Dolomiti\" \/>\n<meta property=\"og:description\" content=\"Chies d\u2019Alpago, 14 febbraio 2026\u00a0 &#8211; Le scuole di Chies d\u2019Alpago si confermano presidio educativo di riferimento per la Conca, modello di scuola di montagna capace di coniugare qualit\u00e0 didattica, innovazione e forte identit\u00e0 comunitaria. Dall\u2019Infanzia, unica Ambasciatrice UNICEF, alla Primaria e alla Secondaria, l\u2019offerta formativa integra laboratori, coding, lingue straniere, sport e progetti con [&hellip;]\" \/>\n<meta property=\"og:url\" content=\"https:\/\/www.bellunopress.it\/fr\/2026\/02\/14\/scuole-di-chies-dalpago-un-modello-per-il-futuro-della-montagna\/\" \/>\n<meta property=\"og:site_name\" content=\"Bellunopress - Dolomiti\" \/>\n<meta property=\"article:publisher\" content=\"https:\/\/www.facebook.com\/profile.php?id=100008943462799\" \/>\n<meta property=\"article:published_time\" content=\"2026-02-14T08:57:01+00:00\" \/>\n<meta property=\"og:image\" content=\"https:\/\/www.bellunopress.it\/wp-content\/uploads\/2026\/02\/Spettacolo-a-scuola-Lamosano-con-Alvaro-Dal-Farra.jpg\" \/>\n\t<meta property=\"og:image:width\" content=\"500\" \/>\n\t<meta property=\"og:image:height\" content=\"333\" \/>\n\t<meta property=\"og:image:type\" content=\"image\/jpeg\" \/>\n<meta name=\"author\" content=\"redazione\" \/>\n<meta name=\"twitter:card\" content=\"summary_large_image\" \/>\n<meta name=\"twitter:creator\" content=\"@bellunopress\" \/>\n<meta name=\"twitter:site\" content=\"@bellunopress\" \/>\n<meta name=\"twitter:label1\" content=\"\u00c9crit par\" \/>\n\t<meta name=\"twitter:data1\" content=\"redazione\" \/>\n\t<meta name=\"twitter:label2\" content=\"Dur\u00e9e de lecture estim\u00e9e\" \/>\n\t<meta name=\"twitter:data2\" content=\"4 minutes\" \/>\n<script type=\"application\/ld+json\" class=\"yoast-schema-graph\">{\"@context\":\"https:\\\/\\\/schema.org\",\"@graph\":[{\"@type\":\"Article\",\"@id\":\"https:\\\/\\\/www.bellunopress.it\\\/2026\\\/02\\\/14\\\/scuole-di-chies-dalpago-un-modello-per-il-futuro-della-montagna\\\/#article\",\"isPartOf\":{\"@id\":\"https:\\\/\\\/www.bellunopress.it\\\/2026\\\/02\\\/14\\\/scuole-di-chies-dalpago-un-modello-per-il-futuro-della-montagna\\\/\"},\"author\":{\"name\":\"redazione\",\"@id\":\"https:\\\/\\\/www.bellunopress.it\\\/#\\\/schema\\\/person\\\/79bb06722b37ece1c03d3e94beb30d73\"},\"headline\":\"Scuole di Chies d&#8217;Alpago: un modello per il futuro della montagna\",\"datePublished\":\"2026-02-14T08:57:01+00:00\",\"mainEntityOfPage\":{\"@id\":\"https:\\\/\\\/www.bellunopress.it\\\/2026\\\/02\\\/14\\\/scuole-di-chies-dalpago-un-modello-per-il-futuro-della-montagna\\\/\"},\"wordCount\":725,\"publisher\":{\"@id\":\"https:\\\/\\\/www.bellunopress.it\\\/#organization\"},\"image\":{\"@id\":\"https:\\\/\\\/www.bellunopress.it\\\/2026\\\/02\\\/14\\\/scuole-di-chies-dalpago-un-modello-per-il-futuro-della-montagna\\\/#primaryimage\"},\"thumbnailUrl\":\"https:\\\/\\\/www.bellunopress.it\\\/wp-content\\\/uploads\\\/2026\\\/02\\\/Spettacolo-a-scuola-Lamosano-con-Alvaro-Dal-Farra.jpg\",\"articleSection\":[\"Scuola\"],\"inLanguage\":\"fr-FR\"},{\"@type\":\"WebPage\",\"@id\":\"https:\\\/\\\/www.bellunopress.it\\\/2026\\\/02\\\/14\\\/scuole-di-chies-dalpago-un-modello-per-il-futuro-della-montagna\\\/\",\"url\":\"https:\\\/\\\/www.bellunopress.it\\\/2026\\\/02\\\/14\\\/scuole-di-chies-dalpago-un-modello-per-il-futuro-della-montagna\\\/\",\"name\":\"Scuole di Chies d'Alpago: un modello per il futuro della montagna - Bellunopress - Dolomiti\",\"isPartOf\":{\"@id\":\"https:\\\/\\\/www.bellunopress.it\\\/#website\"},\"primaryImageOfPage\":{\"@id\":\"https:\\\/\\\/www.bellunopress.it\\\/2026\\\/02\\\/14\\\/scuole-di-chies-dalpago-un-modello-per-il-futuro-della-montagna\\\/#primaryimage\"},\"image\":{\"@id\":\"https:\\\/\\\/www.bellunopress.it\\\/2026\\\/02\\\/14\\\/scuole-di-chies-dalpago-un-modello-per-il-futuro-della-montagna\\\/#primaryimage\"},\"thumbnailUrl\":\"https:\\\/\\\/www.bellunopress.it\\\/wp-content\\\/uploads\\\/2026\\\/02\\\/Spettacolo-a-scuola-Lamosano-con-Alvaro-Dal-Farra.jpg\",\"datePublished\":\"2026-02-14T08:57:01+00:00\",\"breadcrumb\":{\"@id\":\"https:\\\/\\\/www.bellunopress.it\\\/2026\\\/02\\\/14\\\/scuole-di-chies-dalpago-un-modello-per-il-futuro-della-montagna\\\/#breadcrumb\"},\"inLanguage\":\"fr-FR\",\"potentialAction\":[{\"@type\":\"ReadAction\",\"target\":[\"https:\\\/\\\/www.bellunopress.it\\\/2026\\\/02\\\/14\\\/scuole-di-chies-dalpago-un-modello-per-il-futuro-della-montagna\\\/\"]}]},{\"@type\":\"ImageObject\",\"inLanguage\":\"fr-FR\",\"@id\":\"https:\\\/\\\/www.bellunopress.it\\\/2026\\\/02\\\/14\\\/scuole-di-chies-dalpago-un-modello-per-il-futuro-della-montagna\\\/#primaryimage\",\"url\":\"https:\\\/\\\/www.bellunopress.it\\\/wp-content\\\/uploads\\\/2026\\\/02\\\/Spettacolo-a-scuola-Lamosano-con-Alvaro-Dal-Farra.jpg\",\"contentUrl\":\"https:\\\/\\\/www.bellunopress.it\\\/wp-content\\\/uploads\\\/2026\\\/02\\\/Spettacolo-a-scuola-Lamosano-con-Alvaro-Dal-Farra.jpg\",\"width\":500,\"height\":333,\"caption\":\"Spettacolo a scuola Lamosano con Alvaro Dal Farra\"},{\"@type\":\"BreadcrumbList\",\"@id\":\"https:\\\/\\\/www.bellunopress.it\\\/2026\\\/02\\\/14\\\/scuole-di-chies-dalpago-un-modello-per-il-futuro-della-montagna\\\/#breadcrumb\",\"itemListElement\":[{\"@type\":\"ListItem\",\"position\":1,\"name\":\"Home\",\"item\":\"https:\\\/\\\/www.bellunopress.it\\\/\"},{\"@type\":\"ListItem\",\"position\":2,\"name\":\"Scuole di Chies d&#8217;Alpago: un modello per il futuro della montagna\"}]},{\"@type\":\"WebSite\",\"@id\":\"https:\\\/\\\/www.bellunopress.it\\\/#website\",\"url\":\"https:\\\/\\\/www.bellunopress.it\\\/\",\"name\":\"Bellunopress - Dolomiti\",\"description\":\"e-mail: redazione@bellunopress.it\",\"publisher\":{\"@id\":\"https:\\\/\\\/www.bellunopress.it\\\/#organization\"},\"potentialAction\":[{\"@type\":\"SearchAction\",\"target\":{\"@type\":\"EntryPoint\",\"urlTemplate\":\"https:\\\/\\\/www.bellunopress.it\\\/?s={search_term_string}\"},\"query-input\":{\"@type\":\"PropertyValueSpecification\",\"valueRequired\":true,\"valueName\":\"search_term_string\"}}],\"inLanguage\":\"fr-FR\"},{\"@type\":\"Organization\",\"@id\":\"https:\\\/\\\/www.bellunopress.it\\\/#organization\",\"name\":\"Bellunopress\",\"url\":\"https:\\\/\\\/www.bellunopress.it\\\/\",\"logo\":{\"@type\":\"ImageObject\",\"inLanguage\":\"fr-FR\",\"@id\":\"https:\\\/\\\/www.bellunopress.it\\\/#\\\/schema\\\/logo\\\/image\\\/\",\"url\":\"https:\\\/\\\/www.bellunopress.it\\\/wp-content\\\/uploads\\\/2011\\\/05\\\/cropped-logo-bellunopress-.jpg\",\"contentUrl\":\"https:\\\/\\\/www.bellunopress.it\\\/wp-content\\\/uploads\\\/2011\\\/05\\\/cropped-logo-bellunopress-.jpg\",\"width\":512,\"height\":512,\"caption\":\"Bellunopress\"},\"image\":{\"@id\":\"https:\\\/\\\/www.bellunopress.it\\\/#\\\/schema\\\/logo\\\/image\\\/\"},\"sameAs\":[\"https:\\\/\\\/www.facebook.com\\\/profile.php?id=100008943462799\",\"https:\\\/\\\/x.com\\\/bellunopress\",\"https:\\\/\\\/www.linkedin.com\\\/hp\\\/?dnr=JBzUWaJfMUw8vbXJJ2tVW5-I3jZKvC4wsoxE&amp;amp;amp;amp;amp;amp;trk=nav_responsive_tab_home\",\"https:\\\/\\\/www.youtube.com\\\/channel\\\/UCxL0wu1uN0_3_7hGG0306cw\"]},{\"@type\":\"Person\",\"@id\":\"https:\\\/\\\/www.bellunopress.it\\\/#\\\/schema\\\/person\\\/79bb06722b37ece1c03d3e94beb30d73\",\"name\":\"redazione\",\"image\":{\"@type\":\"ImageObject\",\"inLanguage\":\"fr-FR\",\"@id\":\"https:\\\/\\\/secure.gravatar.com\\\/avatar\\\/37d968a2e67a6fd04c169c4bdef102d0bc5d31b2546345219e348575eb80e9a0?s=96&d=mm&r=g\",\"url\":\"https:\\\/\\\/secure.gravatar.com\\\/avatar\\\/37d968a2e67a6fd04c169c4bdef102d0bc5d31b2546345219e348575eb80e9a0?s=96&d=mm&r=g\",\"contentUrl\":\"https:\\\/\\\/secure.gravatar.com\\\/avatar\\\/37d968a2e67a6fd04c169c4bdef102d0bc5d31b2546345219e348575eb80e9a0?s=96&d=mm&r=g\",\"caption\":\"redazione\"},\"sameAs\":[\"http:\\\/\\\/www.bellunopress.it\",\"https:\\\/\\\/x.com\\\/bellunopress\"],\"url\":\"https:\\\/\\\/www.bellunopress.it\\\/fr\\\/author\\\/redazione\\\/\"}]}<\/script>\n<!-- \/ Yoast SEO plugin. -->","yoast_head_json":{"title":"Scuole di Chies d'Alpago: un modello per il futuro della montagna - Bellunopress - Dolomiti","robots":{"index":"index","follow":"follow","max-snippet":"max-snippet:-1","max-image-preview":"max-image-preview:large","max-video-preview":"max-video-preview:-1"},"canonical":"https:\/\/www.bellunopress.it\/fr\/2026\/02\/14\/scuole-di-chies-dalpago-un-modello-per-il-futuro-della-montagna\/","og_locale":"fr_FR","og_type":"article","og_title":"Scuole di Chies d'Alpago: un modello per il futuro della montagna - Bellunopress - Dolomiti","og_description":"Chies d\u2019Alpago, 14 febbraio 2026\u00a0 &#8211; Le scuole di Chies d\u2019Alpago si confermano presidio educativo di riferimento per la Conca, modello di scuola di montagna capace di coniugare qualit\u00e0 didattica, innovazione e forte identit\u00e0 comunitaria. Dall\u2019Infanzia, unica Ambasciatrice UNICEF, alla Primaria e alla Secondaria, l\u2019offerta formativa integra laboratori, coding, lingue straniere, sport e progetti con [&hellip;]","og_url":"https:\/\/www.bellunopress.it\/fr\/2026\/02\/14\/scuole-di-chies-dalpago-un-modello-per-il-futuro-della-montagna\/","og_site_name":"Bellunopress - Dolomiti","article_publisher":"https:\/\/www.facebook.com\/profile.php?id=100008943462799","article_published_time":"2026-02-14T08:57:01+00:00","og_image":[{"width":500,"height":333,"url":"https:\/\/www.bellunopress.it\/wp-content\/uploads\/2026\/02\/Spettacolo-a-scuola-Lamosano-con-Alvaro-Dal-Farra.jpg","type":"image\/jpeg"}],"author":"redazione","twitter_card":"summary_large_image","twitter_creator":"@bellunopress","twitter_site":"@bellunopress","twitter_misc":{"\u00c9crit par":"redazione","Dur\u00e9e de lecture estim\u00e9e":"4 minutes"},"schema":{"@context":"https:\/\/schema.org","@graph":[{"@type":"Article","@id":"https:\/\/www.bellunopress.it\/2026\/02\/14\/scuole-di-chies-dalpago-un-modello-per-il-futuro-della-montagna\/#article","isPartOf":{"@id":"https:\/\/www.bellunopress.it\/2026\/02\/14\/scuole-di-chies-dalpago-un-modello-per-il-futuro-della-montagna\/"},"author":{"name":"redazione","@id":"https:\/\/www.bellunopress.it\/#\/schema\/person\/79bb06722b37ece1c03d3e94beb30d73"},"headline":"Scuole di Chies d&#8217;Alpago: un modello per il futuro della montagna","datePublished":"2026-02-14T08:57:01+00:00","mainEntityOfPage":{"@id":"https:\/\/www.bellunopress.it\/2026\/02\/14\/scuole-di-chies-dalpago-un-modello-per-il-futuro-della-montagna\/"},"wordCount":725,"publisher":{"@id":"https:\/\/www.bellunopress.it\/#organization"},"image":{"@id":"https:\/\/www.bellunopress.it\/2026\/02\/14\/scuole-di-chies-dalpago-un-modello-per-il-futuro-della-montagna\/#primaryimage"},"thumbnailUrl":"https:\/\/www.bellunopress.it\/wp-content\/uploads\/2026\/02\/Spettacolo-a-scuola-Lamosano-con-Alvaro-Dal-Farra.jpg","articleSection":["Scuola"],"inLanguage":"fr-FR"},{"@type":"WebPage","@id":"https:\/\/www.bellunopress.it\/2026\/02\/14\/scuole-di-chies-dalpago-un-modello-per-il-futuro-della-montagna\/","url":"https:\/\/www.bellunopress.it\/2026\/02\/14\/scuole-di-chies-dalpago-un-modello-per-il-futuro-della-montagna\/","name":"Scuole di Chies d'Alpago: un modello per il futuro della montagna - Bellunopress - Dolomiti","isPartOf":{"@id":"https:\/\/www.bellunopress.it\/#website"},"primaryImageOfPage":{"@id":"https:\/\/www.bellunopress.it\/2026\/02\/14\/scuole-di-chies-dalpago-un-modello-per-il-futuro-della-montagna\/#primaryimage"},"image":{"@id":"https:\/\/www.bellunopress.it\/2026\/02\/14\/scuole-di-chies-dalpago-un-modello-per-il-futuro-della-montagna\/#primaryimage"},"thumbnailUrl":"https:\/\/www.bellunopress.it\/wp-content\/uploads\/2026\/02\/Spettacolo-a-scuola-Lamosano-con-Alvaro-Dal-Farra.jpg","datePublished":"2026-02-14T08:57:01+00:00","breadcrumb":{"@id":"https:\/\/www.bellunopress.it\/2026\/02\/14\/scuole-di-chies-dalpago-un-modello-per-il-futuro-della-montagna\/#breadcrumb"},"inLanguage":"fr-FR","potentialAction":[{"@type":"ReadAction","target":["https:\/\/www.bellunopress.it\/2026\/02\/14\/scuole-di-chies-dalpago-un-modello-per-il-futuro-della-montagna\/"]}]},{"@type":"ImageObject","inLanguage":"fr-FR","@id":"https:\/\/www.bellunopress.it\/2026\/02\/14\/scuole-di-chies-dalpago-un-modello-per-il-futuro-della-montagna\/#primaryimage","url":"https:\/\/www.bellunopress.it\/wp-content\/uploads\/2026\/02\/Spettacolo-a-scuola-Lamosano-con-Alvaro-Dal-Farra.jpg","contentUrl":"https:\/\/www.bellunopress.it\/wp-content\/uploads\/2026\/02\/Spettacolo-a-scuola-Lamosano-con-Alvaro-Dal-Farra.jpg","width":500,"height":333,"caption":"Spettacolo a scuola Lamosano con Alvaro Dal Farra"},{"@type":"BreadcrumbList","@id":"https:\/\/www.bellunopress.it\/2026\/02\/14\/scuole-di-chies-dalpago-un-modello-per-il-futuro-della-montagna\/#breadcrumb","itemListElement":[{"@type":"ListItem","position":1,"name":"Home","item":"https:\/\/www.bellunopress.it\/"},{"@type":"ListItem","position":2,"name":"Scuole di Chies d&#8217;Alpago: un modello per il futuro della montagna"}]},{"@type":"WebSite","@id":"https:\/\/www.bellunopress.it\/#website","url":"https:\/\/www.bellunopress.it\/","name":"Bellunopress - Dolomiti","description":"e-mail: redazione@bellunopress.it","publisher":{"@id":"https:\/\/www.bellunopress.it\/#organization"},"potentialAction":[{"@type":"SearchAction","target":{"@type":"EntryPoint","urlTemplate":"https:\/\/www.bellunopress.it\/?s={search_term_string}"},"query-input":{"@type":"PropertyValueSpecification","valueRequired":true,"valueName":"search_term_string"}}],"inLanguage":"fr-FR"},{"@type":"Organization","@id":"https:\/\/www.bellunopress.it\/#organization","name":"Bellunopress","url":"https:\/\/www.bellunopress.it\/","logo":{"@type":"ImageObject","inLanguage":"fr-FR","@id":"https:\/\/www.bellunopress.it\/#\/schema\/logo\/image\/","url":"https:\/\/www.bellunopress.it\/wp-content\/uploads\/2011\/05\/cropped-logo-bellunopress-.jpg","contentUrl":"https:\/\/www.bellunopress.it\/wp-content\/uploads\/2011\/05\/cropped-logo-bellunopress-.jpg","width":512,"height":512,"caption":"Bellunopress"},"image":{"@id":"https:\/\/www.bellunopress.it\/#\/schema\/logo\/image\/"},"sameAs":["https:\/\/www.facebook.com\/profile.php?id=100008943462799","https:\/\/x.com\/bellunopress","https:\/\/www.linkedin.com\/hp\/?dnr=JBzUWaJfMUw8vbXJJ2tVW5-I3jZKvC4wsoxE&amp;amp;amp;amp;amp;amp;trk=nav_responsive_tab_home","https:\/\/www.youtube.com\/channel\/UCxL0wu1uN0_3_7hGG0306cw"]},{"@type":"Person","@id":"https:\/\/www.bellunopress.it\/#\/schema\/person\/79bb06722b37ece1c03d3e94beb30d73","name":"r\u00e9daction","image":{"@type":"ImageObject","inLanguage":"fr-FR","@id":"https:\/\/secure.gravatar.com\/avatar\/37d968a2e67a6fd04c169c4bdef102d0bc5d31b2546345219e348575eb80e9a0?s=96&d=mm&r=g","url":"https:\/\/secure.gravatar.com\/avatar\/37d968a2e67a6fd04c169c4bdef102d0bc5d31b2546345219e348575eb80e9a0?s=96&d=mm&r=g","contentUrl":"https:\/\/secure.gravatar.com\/avatar\/37d968a2e67a6fd04c169c4bdef102d0bc5d31b2546345219e348575eb80e9a0?s=96&d=mm&r=g","caption":"redazione"},"sameAs":["http:\/\/www.bellunopress.it","https:\/\/x.com\/bellunopress"],"url":"https:\/\/www.bellunopress.it\/fr\/author\/redazione\/"}]}},"_links":{"self":[{"href":"https:\/\/www.bellunopress.it\/fr\/wp-json\/wp\/v2\/posts\/167445","targetHints":{"allow":["GET"]}}],"collection":[{"href":"https:\/\/www.bellunopress.it\/fr\/wp-json\/wp\/v2\/posts"}],"about":[{"href":"https:\/\/www.bellunopress.it\/fr\/wp-json\/wp\/v2\/types\/post"}],"author":[{"embeddable":true,"href":"https:\/\/www.bellunopress.it\/fr\/wp-json\/wp\/v2\/users\/2"}],"replies":[{"embeddable":true,"href":"https:\/\/www.bellunopress.it\/fr\/wp-json\/wp\/v2\/comments?post=167445"}],"version-history":[{"count":1,"href":"https:\/\/www.bellunopress.it\/fr\/wp-json\/wp\/v2\/posts\/167445\/revisions"}],"predecessor-version":[{"id":167447,"href":"https:\/\/www.bellunopress.it\/fr\/wp-json\/wp\/v2\/posts\/167445\/revisions\/167447"}],"wp:featuredmedia":[{"embeddable":true,"href":"https:\/\/www.bellunopress.it\/fr\/wp-json\/wp\/v2\/media\/167446"}],"wp:attachment":[{"href":"https:\/\/www.bellunopress.it\/fr\/wp-json\/wp\/v2\/media?parent=167445"}],"wp:term":[{"taxonomy":"category","embeddable":true,"href":"https:\/\/www.bellunopress.it\/fr\/wp-json\/wp\/v2\/categories?post=167445"},{"taxonomy":"post_tag","embeddable":true,"href":"https:\/\/www.bellunopress.it\/fr\/wp-json\/wp\/v2\/tags?post=167445"}],"curies":[{"name":"wp","href":"https:\/\/api.w.org\/{rel}","templated":true}]}}