{"id":167432,"date":"2026-02-13T07:18:42","date_gmt":"2026-02-13T06:18:42","guid":{"rendered":"https:\/\/www.bellunopress.it\/?p=167432"},"modified":"2026-02-13T07:37:31","modified_gmt":"2026-02-13T06:37:31","slug":"la-signora-con-due-pistole-il-delitto-di-alleghe-del-1922-rivive-allunisono-di-feltre","status":"publish","type":"post","link":"https:\/\/www.bellunopress.it\/fr\/2026\/02\/13\/la-signora-con-due-pistole-il-delitto-di-alleghe-del-1922-rivive-allunisono-di-feltre\/","title":{"rendered":"La signora con due pistole. Il delitto di Alleghe del 1922 rivive all&#8217;Unisono di Feltre"},"content":{"rendered":"<p><strong>Feltre, 13 febbraio 2026 \u2013 Un omicidio che sconvolse la comunit\u00e0 di Alleghe nel 1922, una storia di passione e pistole rimasta sepolta per oltre un secolo e la cornice storica di Piazza Maggiore. Sono questi gli ingredienti dell&#8217;appuntamento di questa sera venerd\u00ec 13 febbraio alle 18:30 alla rassegna di \u201cLibri in Caffetteria\u201d ospitata dallo storico locale Unisono di Feltre in Piazza Maggiore.<\/strong><\/p>\n<p>Venerd\u00ec 13 febbraio, alle ore 18:30, i riflettori si accenderanno su un raro caso di omicidio avvenuto nel 1922 ad Alleghe (che non ha nulla a che fare con i famosi &#8220;Delitti di Alleghe), dove \u00e8 una donna a uccidere l&#8217;uomo, esasperata dai continui tradimenti e violenze del marito. Il caso \u00e8 stato ricostruito attraverso l&#8217;esame degli gli atti processuali conservati dal Tribunale di Belluno e degli archivi storici dei giornali dell&#8217;epoca.\u00a0Roberto De Nart, giornalista e autore bellunese, presenter\u00e0 questo suo ultimo libro dal titolo \u201cLa signora con due pistole\u201d. L\u2019incontro, a ingresso libero, sar\u00e0 moderato dall\u2019avvocato Anna Polifroni, che guider\u00e0 il pubblico nei meandri giuridici della vicenda processuale.<\/p>\n<p><strong><img loading=\"lazy\" decoding=\"async\" class=\"aligncenter size-full wp-image-167435\" src=\"https:\/\/www.bellunopress.it\/wp-content\/uploads\/2026\/02\/la-signora-con-2-pistole-fumetto.jpg\" alt=\"\" width=\"600\" height=\"327\" srcset=\"https:\/\/www.bellunopress.it\/wp-content\/uploads\/2026\/02\/la-signora-con-2-pistole-fumetto.jpg 600w, https:\/\/www.bellunopress.it\/wp-content\/uploads\/2026\/02\/la-signora-con-2-pistole-fumetto-500x273.jpg 500w, https:\/\/www.bellunopress.it\/wp-content\/uploads\/2026\/02\/la-signora-con-2-pistole-fumetto-150x82.jpg 150w, https:\/\/www.bellunopress.it\/wp-content\/uploads\/2026\/02\/la-signora-con-2-pistole-fumetto-300x164.jpg 300w\" sizes=\"auto, (max-width: 600px) 100vw, 600px\" \/>Un &#8220;delitto al femminile&#8221; nella Belle \u00c9poque bellunese<\/strong><br \/>\nAl centro del volume di De Nart c\u2019\u00e8 un fatto di cronaca nera accaduto il 7 novembre 1922 nell&#8217;Albergo Polo Nord di Alleghe. Elisa Gabrieli, stanca dei tradimenti presunti e reali e logorata dalla gelosia, uccide con tre colpi di pistola il marito Dino De Nicolao, noto pasticcere di Padova.<\/p>\n<p>Ci\u00f2 che rende il caso eccezionale, come sottolineato dallo stesso autore, \u00e8 l\u2019inversione dei ruoli statistici:\u00a0\u201cSecondo i dati Istat, infatti, nel 95% dei casi l&#8217;omicida \u00e8 un uomo, che in questo caso, invece, \u00e8 la vittima. Raccontare questa storia significa restituire alla memoria collettiva un episodio che il tempo aveva quasi cancellato\u201d, spiega De Nart.<\/p>\n<p>Il lavoro di ricostruzione &#8211; con prefazione della criminologa Silvia Dariz che ne traccia in prefazione il profilo criminologico &#8211; ritrae lo spaccato di un&#8217;epoca. Il processo, conclusosi con una condanna mite per effetto del riconoscimento delle attenuanti, come il vizio parziale di mente e la grave provocazione, chiude un capitolo che De Nart riapre oggi firmando il suo ottavo caso di omicidio legato al territorio e raccolto nella sua &#8220;<a href=\"https:\/\/www.robertodenart.com\/\">Collana di sangue<\/a>&#8220;.<\/p>\n<figure id=\"attachment_117834\" aria-describedby=\"caption-attachment-117834\" style=\"width: 800px\" class=\"wp-caption aligncenter\"><img loading=\"lazy\" decoding=\"async\" class=\"size-full wp-image-117834\" src=\"https:\/\/www.bellunopress.it\/wp-content\/uploads\/2020\/09\/Palazzo-Guarnieri-Feltre-2_edited.jpg\" alt=\"\" width=\"800\" height=\"596\" srcset=\"https:\/\/www.bellunopress.it\/wp-content\/uploads\/2020\/09\/Palazzo-Guarnieri-Feltre-2_edited.jpg 800w, https:\/\/www.bellunopress.it\/wp-content\/uploads\/2020\/09\/Palazzo-Guarnieri-Feltre-2_edited-500x373.jpg 500w, https:\/\/www.bellunopress.it\/wp-content\/uploads\/2020\/09\/Palazzo-Guarnieri-Feltre-2_edited-485x360.jpg 485w, https:\/\/www.bellunopress.it\/wp-content\/uploads\/2020\/09\/Palazzo-Guarnieri-Feltre-2_edited-696x519.jpg 696w, https:\/\/www.bellunopress.it\/wp-content\/uploads\/2020\/09\/Palazzo-Guarnieri-Feltre-2_edited-564x420.jpg 564w, https:\/\/www.bellunopress.it\/wp-content\/uploads\/2020\/09\/Palazzo-Guarnieri-Feltre-2_edited-80x60.jpg 80w, https:\/\/www.bellunopress.it\/wp-content\/uploads\/2020\/09\/Palazzo-Guarnieri-Feltre-2_edited-265x198.jpg 265w\" sizes=\"auto, (max-width: 800px) 100vw, 800px\" \/><figcaption id=\"caption-attachment-117834\" class=\"wp-caption-text\">Palazzo Guarnieri, sede dell&#8217;Unisono &#8211; Feltre<\/figcaption><\/figure>\n<p><strong>Cultura e convivialit\u00e0<\/strong><br \/>\nL\u2019evento non vuole essere solo una presentazione accademica, ma un momento di condivisione. Una filosofia sposata appieno dai gestori dell\u2019Unisono, Nicol\u00f2 Ferrari Bravo e Alessia Trentin:\u00a0\u201cL\u2019idea \u00e8 quella di ritrovarsi come nei vecchi fil\u00f2 per fare quattro chiacchiere e approfondire storie che appartengono alla nostra terra.\u201d<\/p>\n<p>L\u2019appuntamento di venerd\u00ec rappresenta dunque un\u2019occasione imperdibile per gli appassionati di storia locale e di true crime, che unisce il piacere di un caff\u00e8 in compagnia alla scoperta di un passato torbido e affascinante.<\/p>\n<p><strong>In sintesi<\/strong><br \/>\nCosa: Presentazione del libro &#8220;La signora con due pistole&#8221; di Roberto De Nart.<\/p>\n<p>Dove: Caffetteria Unisono, Piazza Maggiore, Feltre.<\/p>\n<p>Quando: Venerd\u00ec 13 febbraio, ore 18:30.<\/p>\n<p>Dettagli: Ingresso libero; modera l&#8217;avv. Anna Polifroni.<\/p>\n<p>&nbsp;<\/p>","protected":false},"excerpt":{"rendered":"<p>Feltre, 13 febbraio 2026 \u2013 Un omicidio che sconvolse la comunit\u00e0 di Alleghe nel 1922, una storia di passione e pistole rimasta sepolta per oltre un secolo e la cornice storica di Piazza Maggiore. Sono questi gli ingredienti dell&#8217;appuntamento di questa sera venerd\u00ec 13 febbraio alle 18:30 alla rassegna di \u201cLibri in Caffetteria\u201d ospitata dallo [&hellip;]<\/p>\n","protected":false},"author":2,"featured_media":165375,"comment_status":"closed","ping_status":"open","sticky":false,"template":"","format":"standard","meta":{"footnotes":""},"categories":[27,3,3446,25],"tags":[3738,100,3762],"class_list":["post-167432","post","type-post","status-publish","format-standard","has-post-thumbnail","category-appuntamenti","category-arte-cultura-spettacoli-scienza-archivi","category-featured","category-pausa-caffe","tag-la-signora-con-due-pistole","tag-roberto-de-nart","tag-unisono-jazz-cafe-feltre"],"yoast_head":"<!-- This site is optimized with the Yoast SEO plugin v28.4 - https:\/\/yoast.com\/product\/yoast-seo-wordpress\/ -->\n<title>La signora con due pistole. Il delitto di Alleghe del 1922 rivive all&#039;Unisono di Feltre - Bellunopress - Dolomiti<\/title>\n<meta name=\"robots\" content=\"index, follow, max-snippet:-1, max-image-preview:large, max-video-preview:-1\" \/>\n<link rel=\"canonical\" href=\"https:\/\/www.bellunopress.it\/fr\/2026\/02\/13\/la-signora-con-due-pistole-il-delitto-di-alleghe-del-1922-rivive-allunisono-di-feltre\/\" \/>\n<meta property=\"og:locale\" content=\"fr_FR\" \/>\n<meta property=\"og:type\" content=\"article\" \/>\n<meta property=\"og:title\" content=\"La signora con due pistole. Il delitto di Alleghe del 1922 rivive all&#039;Unisono di Feltre - Bellunopress - Dolomiti\" \/>\n<meta property=\"og:description\" content=\"Feltre, 13 febbraio 2026 \u2013 Un omicidio che sconvolse la comunit\u00e0 di Alleghe nel 1922, una storia di passione e pistole rimasta sepolta per oltre un secolo e la cornice storica di Piazza Maggiore. Sono questi gli ingredienti dell&#8217;appuntamento di questa sera venerd\u00ec 13 febbraio alle 18:30 alla rassegna di \u201cLibri in Caffetteria\u201d ospitata dallo [&hellip;]\" \/>\n<meta property=\"og:url\" content=\"https:\/\/www.bellunopress.it\/fr\/2026\/02\/13\/la-signora-con-due-pistole-il-delitto-di-alleghe-del-1922-rivive-allunisono-di-feltre\/\" \/>\n<meta property=\"og:site_name\" content=\"Bellunopress - Dolomiti\" \/>\n<meta property=\"article:publisher\" content=\"https:\/\/www.facebook.com\/profile.php?id=100008943462799\" \/>\n<meta property=\"article:published_time\" content=\"2026-02-13T06:18:42+00:00\" \/>\n<meta property=\"article:modified_time\" content=\"2026-02-13T06:37:31+00:00\" \/>\n<meta property=\"og:image\" content=\"https:\/\/www.bellunopress.it\/wp-content\/uploads\/2025\/12\/La-signora-con-due-pistole-5_edited.jpg\" \/>\n\t<meta property=\"og:image:width\" content=\"800\" \/>\n\t<meta property=\"og:image:height\" content=\"500\" \/>\n\t<meta property=\"og:image:type\" content=\"image\/jpeg\" \/>\n<meta name=\"author\" content=\"redazione\" \/>\n<meta name=\"twitter:card\" content=\"summary_large_image\" \/>\n<meta name=\"twitter:creator\" content=\"@bellunopress\" \/>\n<meta name=\"twitter:site\" content=\"@bellunopress\" \/>\n<meta name=\"twitter:label1\" content=\"\u00c9crit par\" \/>\n\t<meta name=\"twitter:data1\" content=\"redazione\" \/>\n\t<meta name=\"twitter:label2\" content=\"Dur\u00e9e de lecture estim\u00e9e\" \/>\n\t<meta name=\"twitter:data2\" content=\"2 minutes\" \/>\n<script type=\"application\/ld+json\" class=\"yoast-schema-graph\">{\"@context\":\"https:\\\/\\\/schema.org\",\"@graph\":[{\"@type\":\"Article\",\"@id\":\"https:\\\/\\\/www.bellunopress.it\\\/2026\\\/02\\\/13\\\/la-signora-con-due-pistole-il-delitto-di-alleghe-del-1922-rivive-allunisono-di-feltre\\\/#article\",\"isPartOf\":{\"@id\":\"https:\\\/\\\/www.bellunopress.it\\\/2026\\\/02\\\/13\\\/la-signora-con-due-pistole-il-delitto-di-alleghe-del-1922-rivive-allunisono-di-feltre\\\/\"},\"author\":{\"name\":\"redazione\",\"@id\":\"https:\\\/\\\/www.bellunopress.it\\\/#\\\/schema\\\/person\\\/79bb06722b37ece1c03d3e94beb30d73\"},\"headline\":\"La signora con due pistole. Il delitto di Alleghe del 1922 rivive all&#8217;Unisono di Feltre\",\"datePublished\":\"2026-02-13T06:18:42+00:00\",\"dateModified\":\"2026-02-13T06:37:31+00:00\",\"mainEntityOfPage\":{\"@id\":\"https:\\\/\\\/www.bellunopress.it\\\/2026\\\/02\\\/13\\\/la-signora-con-due-pistole-il-delitto-di-alleghe-del-1922-rivive-allunisono-di-feltre\\\/\"},\"wordCount\":504,\"publisher\":{\"@id\":\"https:\\\/\\\/www.bellunopress.it\\\/#organization\"},\"image\":{\"@id\":\"https:\\\/\\\/www.bellunopress.it\\\/2026\\\/02\\\/13\\\/la-signora-con-due-pistole-il-delitto-di-alleghe-del-1922-rivive-allunisono-di-feltre\\\/#primaryimage\"},\"thumbnailUrl\":\"https:\\\/\\\/www.bellunopress.it\\\/wp-content\\\/uploads\\\/2025\\\/12\\\/La-signora-con-due-pistole-5_edited.jpg\",\"keywords\":[\"La signora con due pistole\",\"Roberto De Nart\",\"Unisono Jazz Caf\u00e9 Feltre\"],\"articleSection\":[\"Appuntamenti, Eventi\",\"Arte, Cultura, Spettacoli, Scienza\",\"Featured\",\"Pausa Caff\u00e8\"],\"inLanguage\":\"fr-FR\"},{\"@type\":\"WebPage\",\"@id\":\"https:\\\/\\\/www.bellunopress.it\\\/2026\\\/02\\\/13\\\/la-signora-con-due-pistole-il-delitto-di-alleghe-del-1922-rivive-allunisono-di-feltre\\\/\",\"url\":\"https:\\\/\\\/www.bellunopress.it\\\/2026\\\/02\\\/13\\\/la-signora-con-due-pistole-il-delitto-di-alleghe-del-1922-rivive-allunisono-di-feltre\\\/\",\"name\":\"La signora con due pistole. Il delitto di Alleghe del 1922 rivive all'Unisono di Feltre - Bellunopress - Dolomiti\",\"isPartOf\":{\"@id\":\"https:\\\/\\\/www.bellunopress.it\\\/#website\"},\"primaryImageOfPage\":{\"@id\":\"https:\\\/\\\/www.bellunopress.it\\\/2026\\\/02\\\/13\\\/la-signora-con-due-pistole-il-delitto-di-alleghe-del-1922-rivive-allunisono-di-feltre\\\/#primaryimage\"},\"image\":{\"@id\":\"https:\\\/\\\/www.bellunopress.it\\\/2026\\\/02\\\/13\\\/la-signora-con-due-pistole-il-delitto-di-alleghe-del-1922-rivive-allunisono-di-feltre\\\/#primaryimage\"},\"thumbnailUrl\":\"https:\\\/\\\/www.bellunopress.it\\\/wp-content\\\/uploads\\\/2025\\\/12\\\/La-signora-con-due-pistole-5_edited.jpg\",\"datePublished\":\"2026-02-13T06:18:42+00:00\",\"dateModified\":\"2026-02-13T06:37:31+00:00\",\"breadcrumb\":{\"@id\":\"https:\\\/\\\/www.bellunopress.it\\\/2026\\\/02\\\/13\\\/la-signora-con-due-pistole-il-delitto-di-alleghe-del-1922-rivive-allunisono-di-feltre\\\/#breadcrumb\"},\"inLanguage\":\"fr-FR\",\"potentialAction\":[{\"@type\":\"ReadAction\",\"target\":[\"https:\\\/\\\/www.bellunopress.it\\\/2026\\\/02\\\/13\\\/la-signora-con-due-pistole-il-delitto-di-alleghe-del-1922-rivive-allunisono-di-feltre\\\/\"]}]},{\"@type\":\"ImageObject\",\"inLanguage\":\"fr-FR\",\"@id\":\"https:\\\/\\\/www.bellunopress.it\\\/2026\\\/02\\\/13\\\/la-signora-con-due-pistole-il-delitto-di-alleghe-del-1922-rivive-allunisono-di-feltre\\\/#primaryimage\",\"url\":\"https:\\\/\\\/www.bellunopress.it\\\/wp-content\\\/uploads\\\/2025\\\/12\\\/La-signora-con-due-pistole-5_edited.jpg\",\"contentUrl\":\"https:\\\/\\\/www.bellunopress.it\\\/wp-content\\\/uploads\\\/2025\\\/12\\\/La-signora-con-due-pistole-5_edited.jpg\",\"width\":800,\"height\":500},{\"@type\":\"BreadcrumbList\",\"@id\":\"https:\\\/\\\/www.bellunopress.it\\\/2026\\\/02\\\/13\\\/la-signora-con-due-pistole-il-delitto-di-alleghe-del-1922-rivive-allunisono-di-feltre\\\/#breadcrumb\",\"itemListElement\":[{\"@type\":\"ListItem\",\"position\":1,\"name\":\"Home\",\"item\":\"https:\\\/\\\/www.bellunopress.it\\\/\"},{\"@type\":\"ListItem\",\"position\":2,\"name\":\"La signora con due pistole. Il delitto di Alleghe del 1922 rivive all&#8217;Unisono di Feltre\"}]},{\"@type\":\"WebSite\",\"@id\":\"https:\\\/\\\/www.bellunopress.it\\\/#website\",\"url\":\"https:\\\/\\\/www.bellunopress.it\\\/\",\"name\":\"Bellunopress - Dolomiti\",\"description\":\"e-mail: redazione@bellunopress.it\",\"publisher\":{\"@id\":\"https:\\\/\\\/www.bellunopress.it\\\/#organization\"},\"potentialAction\":[{\"@type\":\"SearchAction\",\"target\":{\"@type\":\"EntryPoint\",\"urlTemplate\":\"https:\\\/\\\/www.bellunopress.it\\\/?s={search_term_string}\"},\"query-input\":{\"@type\":\"PropertyValueSpecification\",\"valueRequired\":true,\"valueName\":\"search_term_string\"}}],\"inLanguage\":\"fr-FR\"},{\"@type\":\"Organization\",\"@id\":\"https:\\\/\\\/www.bellunopress.it\\\/#organization\",\"name\":\"Bellunopress\",\"url\":\"https:\\\/\\\/www.bellunopress.it\\\/\",\"logo\":{\"@type\":\"ImageObject\",\"inLanguage\":\"fr-FR\",\"@id\":\"https:\\\/\\\/www.bellunopress.it\\\/#\\\/schema\\\/logo\\\/image\\\/\",\"url\":\"https:\\\/\\\/www.bellunopress.it\\\/wp-content\\\/uploads\\\/2011\\\/05\\\/cropped-logo-bellunopress-.jpg\",\"contentUrl\":\"https:\\\/\\\/www.bellunopress.it\\\/wp-content\\\/uploads\\\/2011\\\/05\\\/cropped-logo-bellunopress-.jpg\",\"width\":512,\"height\":512,\"caption\":\"Bellunopress\"},\"image\":{\"@id\":\"https:\\\/\\\/www.bellunopress.it\\\/#\\\/schema\\\/logo\\\/image\\\/\"},\"sameAs\":[\"https:\\\/\\\/www.facebook.com\\\/profile.php?id=100008943462799\",\"https:\\\/\\\/x.com\\\/bellunopress\",\"https:\\\/\\\/www.linkedin.com\\\/hp\\\/?dnr=JBzUWaJfMUw8vbXJJ2tVW5-I3jZKvC4wsoxE&amp;amp;amp;amp;amp;amp;trk=nav_responsive_tab_home\",\"https:\\\/\\\/www.youtube.com\\\/channel\\\/UCxL0wu1uN0_3_7hGG0306cw\"]},{\"@type\":\"Person\",\"@id\":\"https:\\\/\\\/www.bellunopress.it\\\/#\\\/schema\\\/person\\\/79bb06722b37ece1c03d3e94beb30d73\",\"name\":\"redazione\",\"image\":{\"@type\":\"ImageObject\",\"inLanguage\":\"fr-FR\",\"@id\":\"https:\\\/\\\/secure.gravatar.com\\\/avatar\\\/37d968a2e67a6fd04c169c4bdef102d0bc5d31b2546345219e348575eb80e9a0?s=96&d=mm&r=g\",\"url\":\"https:\\\/\\\/secure.gravatar.com\\\/avatar\\\/37d968a2e67a6fd04c169c4bdef102d0bc5d31b2546345219e348575eb80e9a0?s=96&d=mm&r=g\",\"contentUrl\":\"https:\\\/\\\/secure.gravatar.com\\\/avatar\\\/37d968a2e67a6fd04c169c4bdef102d0bc5d31b2546345219e348575eb80e9a0?s=96&d=mm&r=g\",\"caption\":\"redazione\"},\"sameAs\":[\"http:\\\/\\\/www.bellunopress.it\",\"https:\\\/\\\/x.com\\\/bellunopress\"],\"url\":\"https:\\\/\\\/www.bellunopress.it\\\/fr\\\/author\\\/redazione\\\/\"}]}<\/script>\n<!-- \/ Yoast SEO plugin. -->","yoast_head_json":{"title":"La signora con due pistole. Il delitto di Alleghe del 1922 rivive all'Unisono di Feltre - Bellunopress - Dolomiti","robots":{"index":"index","follow":"follow","max-snippet":"max-snippet:-1","max-image-preview":"max-image-preview:large","max-video-preview":"max-video-preview:-1"},"canonical":"https:\/\/www.bellunopress.it\/fr\/2026\/02\/13\/la-signora-con-due-pistole-il-delitto-di-alleghe-del-1922-rivive-allunisono-di-feltre\/","og_locale":"fr_FR","og_type":"article","og_title":"La signora con due pistole. Il delitto di Alleghe del 1922 rivive all'Unisono di Feltre - Bellunopress - Dolomiti","og_description":"Feltre, 13 febbraio 2026 \u2013 Un omicidio che sconvolse la comunit\u00e0 di Alleghe nel 1922, una storia di passione e pistole rimasta sepolta per oltre un secolo e la cornice storica di Piazza Maggiore. Sono questi gli ingredienti dell&#8217;appuntamento di questa sera venerd\u00ec 13 febbraio alle 18:30 alla rassegna di \u201cLibri in Caffetteria\u201d ospitata dallo [&hellip;]","og_url":"https:\/\/www.bellunopress.it\/fr\/2026\/02\/13\/la-signora-con-due-pistole-il-delitto-di-alleghe-del-1922-rivive-allunisono-di-feltre\/","og_site_name":"Bellunopress - Dolomiti","article_publisher":"https:\/\/www.facebook.com\/profile.php?id=100008943462799","article_published_time":"2026-02-13T06:18:42+00:00","article_modified_time":"2026-02-13T06:37:31+00:00","og_image":[{"width":800,"height":500,"url":"https:\/\/www.bellunopress.it\/wp-content\/uploads\/2025\/12\/La-signora-con-due-pistole-5_edited.jpg","type":"image\/jpeg"}],"author":"redazione","twitter_card":"summary_large_image","twitter_creator":"@bellunopress","twitter_site":"@bellunopress","twitter_misc":{"\u00c9crit par":"redazione","Dur\u00e9e de lecture estim\u00e9e":"2 minutes"},"schema":{"@context":"https:\/\/schema.org","@graph":[{"@type":"Article","@id":"https:\/\/www.bellunopress.it\/2026\/02\/13\/la-signora-con-due-pistole-il-delitto-di-alleghe-del-1922-rivive-allunisono-di-feltre\/#article","isPartOf":{"@id":"https:\/\/www.bellunopress.it\/2026\/02\/13\/la-signora-con-due-pistole-il-delitto-di-alleghe-del-1922-rivive-allunisono-di-feltre\/"},"author":{"name":"redazione","@id":"https:\/\/www.bellunopress.it\/#\/schema\/person\/79bb06722b37ece1c03d3e94beb30d73"},"headline":"La signora con due pistole. Il delitto di Alleghe del 1922 rivive all&#8217;Unisono di Feltre","datePublished":"2026-02-13T06:18:42+00:00","dateModified":"2026-02-13T06:37:31+00:00","mainEntityOfPage":{"@id":"https:\/\/www.bellunopress.it\/2026\/02\/13\/la-signora-con-due-pistole-il-delitto-di-alleghe-del-1922-rivive-allunisono-di-feltre\/"},"wordCount":504,"publisher":{"@id":"https:\/\/www.bellunopress.it\/#organization"},"image":{"@id":"https:\/\/www.bellunopress.it\/2026\/02\/13\/la-signora-con-due-pistole-il-delitto-di-alleghe-del-1922-rivive-allunisono-di-feltre\/#primaryimage"},"thumbnailUrl":"https:\/\/www.bellunopress.it\/wp-content\/uploads\/2025\/12\/La-signora-con-due-pistole-5_edited.jpg","keywords":["La signora con due pistole","Roberto De Nart","Unisono Jazz Caf\u00e9 Feltre"],"articleSection":["Appuntamenti, Eventi","Arte, Cultura, Spettacoli, Scienza","Featured","Pausa Caff\u00e8"],"inLanguage":"fr-FR"},{"@type":"WebPage","@id":"https:\/\/www.bellunopress.it\/2026\/02\/13\/la-signora-con-due-pistole-il-delitto-di-alleghe-del-1922-rivive-allunisono-di-feltre\/","url":"https:\/\/www.bellunopress.it\/2026\/02\/13\/la-signora-con-due-pistole-il-delitto-di-alleghe-del-1922-rivive-allunisono-di-feltre\/","name":"La signora con due pistole. Il delitto di Alleghe del 1922 rivive all'Unisono di Feltre - Bellunopress - Dolomiti","isPartOf":{"@id":"https:\/\/www.bellunopress.it\/#website"},"primaryImageOfPage":{"@id":"https:\/\/www.bellunopress.it\/2026\/02\/13\/la-signora-con-due-pistole-il-delitto-di-alleghe-del-1922-rivive-allunisono-di-feltre\/#primaryimage"},"image":{"@id":"https:\/\/www.bellunopress.it\/2026\/02\/13\/la-signora-con-due-pistole-il-delitto-di-alleghe-del-1922-rivive-allunisono-di-feltre\/#primaryimage"},"thumbnailUrl":"https:\/\/www.bellunopress.it\/wp-content\/uploads\/2025\/12\/La-signora-con-due-pistole-5_edited.jpg","datePublished":"2026-02-13T06:18:42+00:00","dateModified":"2026-02-13T06:37:31+00:00","breadcrumb":{"@id":"https:\/\/www.bellunopress.it\/2026\/02\/13\/la-signora-con-due-pistole-il-delitto-di-alleghe-del-1922-rivive-allunisono-di-feltre\/#breadcrumb"},"inLanguage":"fr-FR","potentialAction":[{"@type":"ReadAction","target":["https:\/\/www.bellunopress.it\/2026\/02\/13\/la-signora-con-due-pistole-il-delitto-di-alleghe-del-1922-rivive-allunisono-di-feltre\/"]}]},{"@type":"ImageObject","inLanguage":"fr-FR","@id":"https:\/\/www.bellunopress.it\/2026\/02\/13\/la-signora-con-due-pistole-il-delitto-di-alleghe-del-1922-rivive-allunisono-di-feltre\/#primaryimage","url":"https:\/\/www.bellunopress.it\/wp-content\/uploads\/2025\/12\/La-signora-con-due-pistole-5_edited.jpg","contentUrl":"https:\/\/www.bellunopress.it\/wp-content\/uploads\/2025\/12\/La-signora-con-due-pistole-5_edited.jpg","width":800,"height":500},{"@type":"BreadcrumbList","@id":"https:\/\/www.bellunopress.it\/2026\/02\/13\/la-signora-con-due-pistole-il-delitto-di-alleghe-del-1922-rivive-allunisono-di-feltre\/#breadcrumb","itemListElement":[{"@type":"ListItem","position":1,"name":"Home","item":"https:\/\/www.bellunopress.it\/"},{"@type":"ListItem","position":2,"name":"La signora con due pistole. Il delitto di Alleghe del 1922 rivive all&#8217;Unisono di Feltre"}]},{"@type":"WebSite","@id":"https:\/\/www.bellunopress.it\/#website","url":"https:\/\/www.bellunopress.it\/","name":"Bellunopress - Dolomiti","description":"e-mail: redazione@bellunopress.it","publisher":{"@id":"https:\/\/www.bellunopress.it\/#organization"},"potentialAction":[{"@type":"SearchAction","target":{"@type":"EntryPoint","urlTemplate":"https:\/\/www.bellunopress.it\/?s={search_term_string}"},"query-input":{"@type":"PropertyValueSpecification","valueRequired":true,"valueName":"search_term_string"}}],"inLanguage":"fr-FR"},{"@type":"Organization","@id":"https:\/\/www.bellunopress.it\/#organization","name":"Bellunopress","url":"https:\/\/www.bellunopress.it\/","logo":{"@type":"ImageObject","inLanguage":"fr-FR","@id":"https:\/\/www.bellunopress.it\/#\/schema\/logo\/image\/","url":"https:\/\/www.bellunopress.it\/wp-content\/uploads\/2011\/05\/cropped-logo-bellunopress-.jpg","contentUrl":"https:\/\/www.bellunopress.it\/wp-content\/uploads\/2011\/05\/cropped-logo-bellunopress-.jpg","width":512,"height":512,"caption":"Bellunopress"},"image":{"@id":"https:\/\/www.bellunopress.it\/#\/schema\/logo\/image\/"},"sameAs":["https:\/\/www.facebook.com\/profile.php?id=100008943462799","https:\/\/x.com\/bellunopress","https:\/\/www.linkedin.com\/hp\/?dnr=JBzUWaJfMUw8vbXJJ2tVW5-I3jZKvC4wsoxE&amp;amp;amp;amp;amp;amp;trk=nav_responsive_tab_home","https:\/\/www.youtube.com\/channel\/UCxL0wu1uN0_3_7hGG0306cw"]},{"@type":"Person","@id":"https:\/\/www.bellunopress.it\/#\/schema\/person\/79bb06722b37ece1c03d3e94beb30d73","name":"r\u00e9daction","image":{"@type":"ImageObject","inLanguage":"fr-FR","@id":"https:\/\/secure.gravatar.com\/avatar\/37d968a2e67a6fd04c169c4bdef102d0bc5d31b2546345219e348575eb80e9a0?s=96&d=mm&r=g","url":"https:\/\/secure.gravatar.com\/avatar\/37d968a2e67a6fd04c169c4bdef102d0bc5d31b2546345219e348575eb80e9a0?s=96&d=mm&r=g","contentUrl":"https:\/\/secure.gravatar.com\/avatar\/37d968a2e67a6fd04c169c4bdef102d0bc5d31b2546345219e348575eb80e9a0?s=96&d=mm&r=g","caption":"redazione"},"sameAs":["http:\/\/www.bellunopress.it","https:\/\/x.com\/bellunopress"],"url":"https:\/\/www.bellunopress.it\/fr\/author\/redazione\/"}]}},"_links":{"self":[{"href":"https:\/\/www.bellunopress.it\/fr\/wp-json\/wp\/v2\/posts\/167432","targetHints":{"allow":["GET"]}}],"collection":[{"href":"https:\/\/www.bellunopress.it\/fr\/wp-json\/wp\/v2\/posts"}],"about":[{"href":"https:\/\/www.bellunopress.it\/fr\/wp-json\/wp\/v2\/types\/post"}],"author":[{"embeddable":true,"href":"https:\/\/www.bellunopress.it\/fr\/wp-json\/wp\/v2\/users\/2"}],"replies":[{"embeddable":true,"href":"https:\/\/www.bellunopress.it\/fr\/wp-json\/wp\/v2\/comments?post=167432"}],"version-history":[{"count":3,"href":"https:\/\/www.bellunopress.it\/fr\/wp-json\/wp\/v2\/posts\/167432\/revisions"}],"predecessor-version":[{"id":167437,"href":"https:\/\/www.bellunopress.it\/fr\/wp-json\/wp\/v2\/posts\/167432\/revisions\/167437"}],"wp:featuredmedia":[{"embeddable":true,"href":"https:\/\/www.bellunopress.it\/fr\/wp-json\/wp\/v2\/media\/165375"}],"wp:attachment":[{"href":"https:\/\/www.bellunopress.it\/fr\/wp-json\/wp\/v2\/media?parent=167432"}],"wp:term":[{"taxonomy":"category","embeddable":true,"href":"https:\/\/www.bellunopress.it\/fr\/wp-json\/wp\/v2\/categories?post=167432"},{"taxonomy":"post_tag","embeddable":true,"href":"https:\/\/www.bellunopress.it\/fr\/wp-json\/wp\/v2\/tags?post=167432"}],"curies":[{"name":"wp","href":"https:\/\/api.w.org\/{rel}","templated":true}]}}