{"id":167423,"date":"2026-02-12T16:46:46","date_gmt":"2026-02-12T15:46:46","guid":{"rendered":"https:\/\/www.bellunopress.it\/?p=167423"},"modified":"2026-02-12T16:46:46","modified_gmt":"2026-02-12T15:46:46","slug":"belluno-san-valentino-al-museo-con-ingresso-ridotto-alle-coppie-di-innamorati","status":"publish","type":"post","link":"https:\/\/www.bellunopress.it\/fr\/2026\/02\/12\/belluno-san-valentino-al-museo-con-ingresso-ridotto-alle-coppie-di-innamorati\/","title":{"rendered":"Belluno. San Valentino al Museo con ingresso ridotto alle coppie di innamorati"},"content":{"rendered":"<p>Celebrare l\u2019amore tra le sale di palazzo Fulcis: sabato 14 febbraio, in occasione di San Valentino, il Museo Civico di Belluno propone un\u2019iniziativa speciale dedicata a tutte le coppie di innamorati.<\/p>\n<p>Per l\u2019intera giornata sar\u00e0 attiva la promozione 2&#215;1: i visitatori in coppia pagheranno un solo biglietto, corrispondente alla tariffa pi\u00f9 alta tra le due previste, mentre il secondo ingresso sar\u00e0 gratuito. \u201cLa Citt\u00e0 in questo periodo sta beneficiando in modo significativo dell\u2019indotto generato dalle Olimpiadi, con un numero di visitatori e turisti superiore rispetto al consueto periodo dell\u2019anno \u2013 dichiara il sindaco Oscar De Pellegrin \u2013. In questo contesto, iniziative come quella del Museo Civico sono importanti per valorizzare il nostro patrimonio culturale, offrendo ai cittadini l\u2019opportunit\u00e0 di riscoprire gli spazi museali e al contempo accogliere chi arriva a Belluno per una visita. L\u2019obiettivo \u00e8 trasformare la maggiore presenza di persone in un\u2019occasione concreta di partecipazione, scoperta e promozione della nostra storia e della nostra arte\u201d.<\/p>\n<p>Un\u2019occasione per vivere il museo in modo diverso, condividendo un\u2019esperienza culturale in un giorno simbolicamente legato ai sentimenti, alla scoperta e alla bellezza. L\u2019iniziativa nasce con l\u2019obiettivo di incentivare la fruizione degli spazi museali e rendere ancora pi\u00f9 accessibile il patrimonio storico e artistico della Citt\u00e0. \u201cIl Museo Civico \u00e8 un luogo da vivere insieme, in compagnia anche, dove arte, storia e cultura possono accompagnare una giornata speciale, offrendo un\u2019alternativa originale per festeggiare San Valentino \u2013 le parole dell\u2019assessore alla cultura, Raffaele Addamiano -. L&#8217;amore per la cultura \u00e8 amore per il bello e il bello \u00e8 sempre nell&#8217;amore tra due persone. Ecco perch\u00e9 abbiamo immaginato questa promozione in un giorno cos\u00ec speciale per tutti gli innamorati. Immaginiamo, infatti, da sempre il nostro Museo Civico come uno scrigno di bellezza in cui, appunto, dimostrare con un piccolo, grande gesto l&#8217;amore per il proprio partner nonch\u00e9 per il nostro meraviglioso patrimonio artistico allocato al museo Fulcis&#8221;.<\/p>\n<p>La promozione \u00e8 valida esclusivamente sabato 14 febbraio 2026 ed \u00e8 riservata alle coppie che visiteranno il museo nella stessa giornata.<\/p>","protected":false},"excerpt":{"rendered":"<p>Celebrare l\u2019amore tra le sale di palazzo Fulcis: sabato 14 febbraio, in occasione di San Valentino, il Museo Civico di Belluno propone un\u2019iniziativa speciale dedicata a tutte le coppie di innamorati. Per l\u2019intera giornata sar\u00e0 attiva la promozione 2&#215;1: i visitatori in coppia pagheranno un solo biglietto, corrispondente alla tariffa pi\u00f9 alta tra le due [&hellip;]<\/p>\n","protected":false},"author":2,"featured_media":142879,"comment_status":"closed","ping_status":"open","sticky":false,"template":"","format":"standard","meta":{"footnotes":""},"categories":[27,25],"tags":[],"class_list":["post-167423","post","type-post","status-publish","format-standard","has-post-thumbnail","category-appuntamenti","category-pausa-caffe"],"yoast_head":"<!-- This site is optimized with the Yoast SEO plugin v28.4 - https:\/\/yoast.com\/product\/yoast-seo-wordpress\/ -->\n<title>Belluno. San Valentino al Museo con ingresso ridotto alle coppie di innamorati - Bellunopress - Dolomiti<\/title>\n<meta name=\"robots\" content=\"index, follow, max-snippet:-1, max-image-preview:large, max-video-preview:-1\" \/>\n<link rel=\"canonical\" href=\"https:\/\/www.bellunopress.it\/fr\/2026\/02\/12\/belluno-san-valentino-al-museo-con-ingresso-ridotto-alle-coppie-di-innamorati\/\" \/>\n<meta property=\"og:locale\" content=\"fr_FR\" \/>\n<meta property=\"og:type\" content=\"article\" \/>\n<meta property=\"og:title\" content=\"Belluno. San Valentino al Museo con ingresso ridotto alle coppie di innamorati - Bellunopress - Dolomiti\" \/>\n<meta property=\"og:description\" content=\"Celebrare l\u2019amore tra le sale di palazzo Fulcis: sabato 14 febbraio, in occasione di San Valentino, il Museo Civico di Belluno propone un\u2019iniziativa speciale dedicata a tutte le coppie di innamorati. Per l\u2019intera giornata sar\u00e0 attiva la promozione 2&#215;1: i visitatori in coppia pagheranno un solo biglietto, corrispondente alla tariffa pi\u00f9 alta tra le due [&hellip;]\" \/>\n<meta property=\"og:url\" content=\"https:\/\/www.bellunopress.it\/fr\/2026\/02\/12\/belluno-san-valentino-al-museo-con-ingresso-ridotto-alle-coppie-di-innamorati\/\" \/>\n<meta property=\"og:site_name\" content=\"Bellunopress - Dolomiti\" \/>\n<meta property=\"article:publisher\" content=\"https:\/\/www.facebook.com\/profile.php?id=100008943462799\" \/>\n<meta property=\"article:published_time\" content=\"2026-02-12T15:46:46+00:00\" \/>\n<meta property=\"og:image\" content=\"https:\/\/www.bellunopress.it\/wp-content\/uploads\/2023\/07\/Palazzo-Fulcis_edited.jpg\" \/>\n\t<meta property=\"og:image:width\" content=\"1000\" \/>\n\t<meta property=\"og:image:height\" content=\"659\" \/>\n\t<meta property=\"og:image:type\" content=\"image\/jpeg\" \/>\n<meta name=\"author\" content=\"redazione\" \/>\n<meta name=\"twitter:card\" content=\"summary_large_image\" \/>\n<meta name=\"twitter:creator\" content=\"@bellunopress\" \/>\n<meta name=\"twitter:site\" content=\"@bellunopress\" \/>\n<meta name=\"twitter:label1\" content=\"\u00c9crit par\" \/>\n\t<meta name=\"twitter:data1\" content=\"redazione\" \/>\n\t<meta name=\"twitter:label2\" content=\"Dur\u00e9e de lecture estim\u00e9e\" \/>\n\t<meta name=\"twitter:data2\" content=\"2 minutes\" \/>\n<script type=\"application\/ld+json\" class=\"yoast-schema-graph\">{\"@context\":\"https:\\\/\\\/schema.org\",\"@graph\":[{\"@type\":\"Article\",\"@id\":\"https:\\\/\\\/www.bellunopress.it\\\/2026\\\/02\\\/12\\\/belluno-san-valentino-al-museo-con-ingresso-ridotto-alle-coppie-di-innamorati\\\/#article\",\"isPartOf\":{\"@id\":\"https:\\\/\\\/www.bellunopress.it\\\/2026\\\/02\\\/12\\\/belluno-san-valentino-al-museo-con-ingresso-ridotto-alle-coppie-di-innamorati\\\/\"},\"author\":{\"name\":\"redazione\",\"@id\":\"https:\\\/\\\/www.bellunopress.it\\\/#\\\/schema\\\/person\\\/79bb06722b37ece1c03d3e94beb30d73\"},\"headline\":\"Belluno. San Valentino al Museo con ingresso ridotto alle coppie di innamorati\",\"datePublished\":\"2026-02-12T15:46:46+00:00\",\"mainEntityOfPage\":{\"@id\":\"https:\\\/\\\/www.bellunopress.it\\\/2026\\\/02\\\/12\\\/belluno-san-valentino-al-museo-con-ingresso-ridotto-alle-coppie-di-innamorati\\\/\"},\"wordCount\":350,\"publisher\":{\"@id\":\"https:\\\/\\\/www.bellunopress.it\\\/#organization\"},\"image\":{\"@id\":\"https:\\\/\\\/www.bellunopress.it\\\/2026\\\/02\\\/12\\\/belluno-san-valentino-al-museo-con-ingresso-ridotto-alle-coppie-di-innamorati\\\/#primaryimage\"},\"thumbnailUrl\":\"https:\\\/\\\/www.bellunopress.it\\\/wp-content\\\/uploads\\\/2023\\\/07\\\/Palazzo-Fulcis_edited.jpg\",\"articleSection\":[\"Appuntamenti, Eventi\",\"Pausa Caff\u00e8\"],\"inLanguage\":\"fr-FR\"},{\"@type\":\"WebPage\",\"@id\":\"https:\\\/\\\/www.bellunopress.it\\\/2026\\\/02\\\/12\\\/belluno-san-valentino-al-museo-con-ingresso-ridotto-alle-coppie-di-innamorati\\\/\",\"url\":\"https:\\\/\\\/www.bellunopress.it\\\/2026\\\/02\\\/12\\\/belluno-san-valentino-al-museo-con-ingresso-ridotto-alle-coppie-di-innamorati\\\/\",\"name\":\"Belluno. San Valentino al Museo con ingresso ridotto alle coppie di innamorati - Bellunopress - Dolomiti\",\"isPartOf\":{\"@id\":\"https:\\\/\\\/www.bellunopress.it\\\/#website\"},\"primaryImageOfPage\":{\"@id\":\"https:\\\/\\\/www.bellunopress.it\\\/2026\\\/02\\\/12\\\/belluno-san-valentino-al-museo-con-ingresso-ridotto-alle-coppie-di-innamorati\\\/#primaryimage\"},\"image\":{\"@id\":\"https:\\\/\\\/www.bellunopress.it\\\/2026\\\/02\\\/12\\\/belluno-san-valentino-al-museo-con-ingresso-ridotto-alle-coppie-di-innamorati\\\/#primaryimage\"},\"thumbnailUrl\":\"https:\\\/\\\/www.bellunopress.it\\\/wp-content\\\/uploads\\\/2023\\\/07\\\/Palazzo-Fulcis_edited.jpg\",\"datePublished\":\"2026-02-12T15:46:46+00:00\",\"breadcrumb\":{\"@id\":\"https:\\\/\\\/www.bellunopress.it\\\/2026\\\/02\\\/12\\\/belluno-san-valentino-al-museo-con-ingresso-ridotto-alle-coppie-di-innamorati\\\/#breadcrumb\"},\"inLanguage\":\"fr-FR\",\"potentialAction\":[{\"@type\":\"ReadAction\",\"target\":[\"https:\\\/\\\/www.bellunopress.it\\\/2026\\\/02\\\/12\\\/belluno-san-valentino-al-museo-con-ingresso-ridotto-alle-coppie-di-innamorati\\\/\"]}]},{\"@type\":\"ImageObject\",\"inLanguage\":\"fr-FR\",\"@id\":\"https:\\\/\\\/www.bellunopress.it\\\/2026\\\/02\\\/12\\\/belluno-san-valentino-al-museo-con-ingresso-ridotto-alle-coppie-di-innamorati\\\/#primaryimage\",\"url\":\"https:\\\/\\\/www.bellunopress.it\\\/wp-content\\\/uploads\\\/2023\\\/07\\\/Palazzo-Fulcis_edited.jpg\",\"contentUrl\":\"https:\\\/\\\/www.bellunopress.it\\\/wp-content\\\/uploads\\\/2023\\\/07\\\/Palazzo-Fulcis_edited.jpg\",\"width\":1000,\"height\":659,\"caption\":\"Belluno, Palazzo Fulcis, sede del Museo Civico\"},{\"@type\":\"BreadcrumbList\",\"@id\":\"https:\\\/\\\/www.bellunopress.it\\\/2026\\\/02\\\/12\\\/belluno-san-valentino-al-museo-con-ingresso-ridotto-alle-coppie-di-innamorati\\\/#breadcrumb\",\"itemListElement\":[{\"@type\":\"ListItem\",\"position\":1,\"name\":\"Home\",\"item\":\"https:\\\/\\\/www.bellunopress.it\\\/\"},{\"@type\":\"ListItem\",\"position\":2,\"name\":\"Belluno. San Valentino al Museo con ingresso ridotto alle coppie di innamorati\"}]},{\"@type\":\"WebSite\",\"@id\":\"https:\\\/\\\/www.bellunopress.it\\\/#website\",\"url\":\"https:\\\/\\\/www.bellunopress.it\\\/\",\"name\":\"Bellunopress - Dolomiti\",\"description\":\"e-mail: redazione@bellunopress.it\",\"publisher\":{\"@id\":\"https:\\\/\\\/www.bellunopress.it\\\/#organization\"},\"potentialAction\":[{\"@type\":\"SearchAction\",\"target\":{\"@type\":\"EntryPoint\",\"urlTemplate\":\"https:\\\/\\\/www.bellunopress.it\\\/?s={search_term_string}\"},\"query-input\":{\"@type\":\"PropertyValueSpecification\",\"valueRequired\":true,\"valueName\":\"search_term_string\"}}],\"inLanguage\":\"fr-FR\"},{\"@type\":\"Organization\",\"@id\":\"https:\\\/\\\/www.bellunopress.it\\\/#organization\",\"name\":\"Bellunopress\",\"url\":\"https:\\\/\\\/www.bellunopress.it\\\/\",\"logo\":{\"@type\":\"ImageObject\",\"inLanguage\":\"fr-FR\",\"@id\":\"https:\\\/\\\/www.bellunopress.it\\\/#\\\/schema\\\/logo\\\/image\\\/\",\"url\":\"https:\\\/\\\/www.bellunopress.it\\\/wp-content\\\/uploads\\\/2011\\\/05\\\/cropped-logo-bellunopress-.jpg\",\"contentUrl\":\"https:\\\/\\\/www.bellunopress.it\\\/wp-content\\\/uploads\\\/2011\\\/05\\\/cropped-logo-bellunopress-.jpg\",\"width\":512,\"height\":512,\"caption\":\"Bellunopress\"},\"image\":{\"@id\":\"https:\\\/\\\/www.bellunopress.it\\\/#\\\/schema\\\/logo\\\/image\\\/\"},\"sameAs\":[\"https:\\\/\\\/www.facebook.com\\\/profile.php?id=100008943462799\",\"https:\\\/\\\/x.com\\\/bellunopress\",\"https:\\\/\\\/www.linkedin.com\\\/hp\\\/?dnr=JBzUWaJfMUw8vbXJJ2tVW5-I3jZKvC4wsoxE&amp;amp;amp;amp;amp;amp;trk=nav_responsive_tab_home\",\"https:\\\/\\\/www.youtube.com\\\/channel\\\/UCxL0wu1uN0_3_7hGG0306cw\"]},{\"@type\":\"Person\",\"@id\":\"https:\\\/\\\/www.bellunopress.it\\\/#\\\/schema\\\/person\\\/79bb06722b37ece1c03d3e94beb30d73\",\"name\":\"redazione\",\"image\":{\"@type\":\"ImageObject\",\"inLanguage\":\"fr-FR\",\"@id\":\"https:\\\/\\\/secure.gravatar.com\\\/avatar\\\/37d968a2e67a6fd04c169c4bdef102d0bc5d31b2546345219e348575eb80e9a0?s=96&d=mm&r=g\",\"url\":\"https:\\\/\\\/secure.gravatar.com\\\/avatar\\\/37d968a2e67a6fd04c169c4bdef102d0bc5d31b2546345219e348575eb80e9a0?s=96&d=mm&r=g\",\"contentUrl\":\"https:\\\/\\\/secure.gravatar.com\\\/avatar\\\/37d968a2e67a6fd04c169c4bdef102d0bc5d31b2546345219e348575eb80e9a0?s=96&d=mm&r=g\",\"caption\":\"redazione\"},\"sameAs\":[\"http:\\\/\\\/www.bellunopress.it\",\"https:\\\/\\\/x.com\\\/bellunopress\"],\"url\":\"https:\\\/\\\/www.bellunopress.it\\\/fr\\\/author\\\/redazione\\\/\"}]}<\/script>\n<!-- \/ Yoast SEO plugin. -->","yoast_head_json":{"title":"Belluno. San Valentino al Museo con ingresso ridotto alle coppie di innamorati - Bellunopress - Dolomiti","robots":{"index":"index","follow":"follow","max-snippet":"max-snippet:-1","max-image-preview":"max-image-preview:large","max-video-preview":"max-video-preview:-1"},"canonical":"https:\/\/www.bellunopress.it\/fr\/2026\/02\/12\/belluno-san-valentino-al-museo-con-ingresso-ridotto-alle-coppie-di-innamorati\/","og_locale":"fr_FR","og_type":"article","og_title":"Belluno. San Valentino al Museo con ingresso ridotto alle coppie di innamorati - Bellunopress - Dolomiti","og_description":"Celebrare l\u2019amore tra le sale di palazzo Fulcis: sabato 14 febbraio, in occasione di San Valentino, il Museo Civico di Belluno propone un\u2019iniziativa speciale dedicata a tutte le coppie di innamorati. Per l\u2019intera giornata sar\u00e0 attiva la promozione 2&#215;1: i visitatori in coppia pagheranno un solo biglietto, corrispondente alla tariffa pi\u00f9 alta tra le due [&hellip;]","og_url":"https:\/\/www.bellunopress.it\/fr\/2026\/02\/12\/belluno-san-valentino-al-museo-con-ingresso-ridotto-alle-coppie-di-innamorati\/","og_site_name":"Bellunopress - Dolomiti","article_publisher":"https:\/\/www.facebook.com\/profile.php?id=100008943462799","article_published_time":"2026-02-12T15:46:46+00:00","og_image":[{"width":1000,"height":659,"url":"https:\/\/www.bellunopress.it\/wp-content\/uploads\/2023\/07\/Palazzo-Fulcis_edited.jpg","type":"image\/jpeg"}],"author":"redazione","twitter_card":"summary_large_image","twitter_creator":"@bellunopress","twitter_site":"@bellunopress","twitter_misc":{"\u00c9crit par":"redazione","Dur\u00e9e de lecture estim\u00e9e":"2 minutes"},"schema":{"@context":"https:\/\/schema.org","@graph":[{"@type":"Article","@id":"https:\/\/www.bellunopress.it\/2026\/02\/12\/belluno-san-valentino-al-museo-con-ingresso-ridotto-alle-coppie-di-innamorati\/#article","isPartOf":{"@id":"https:\/\/www.bellunopress.it\/2026\/02\/12\/belluno-san-valentino-al-museo-con-ingresso-ridotto-alle-coppie-di-innamorati\/"},"author":{"name":"redazione","@id":"https:\/\/www.bellunopress.it\/#\/schema\/person\/79bb06722b37ece1c03d3e94beb30d73"},"headline":"Belluno. San Valentino al Museo con ingresso ridotto alle coppie di innamorati","datePublished":"2026-02-12T15:46:46+00:00","mainEntityOfPage":{"@id":"https:\/\/www.bellunopress.it\/2026\/02\/12\/belluno-san-valentino-al-museo-con-ingresso-ridotto-alle-coppie-di-innamorati\/"},"wordCount":350,"publisher":{"@id":"https:\/\/www.bellunopress.it\/#organization"},"image":{"@id":"https:\/\/www.bellunopress.it\/2026\/02\/12\/belluno-san-valentino-al-museo-con-ingresso-ridotto-alle-coppie-di-innamorati\/#primaryimage"},"thumbnailUrl":"https:\/\/www.bellunopress.it\/wp-content\/uploads\/2023\/07\/Palazzo-Fulcis_edited.jpg","articleSection":["Appuntamenti, Eventi","Pausa Caff\u00e8"],"inLanguage":"fr-FR"},{"@type":"WebPage","@id":"https:\/\/www.bellunopress.it\/2026\/02\/12\/belluno-san-valentino-al-museo-con-ingresso-ridotto-alle-coppie-di-innamorati\/","url":"https:\/\/www.bellunopress.it\/2026\/02\/12\/belluno-san-valentino-al-museo-con-ingresso-ridotto-alle-coppie-di-innamorati\/","name":"Belluno. San Valentino al Museo con ingresso ridotto alle coppie di innamorati - Bellunopress - Dolomiti","isPartOf":{"@id":"https:\/\/www.bellunopress.it\/#website"},"primaryImageOfPage":{"@id":"https:\/\/www.bellunopress.it\/2026\/02\/12\/belluno-san-valentino-al-museo-con-ingresso-ridotto-alle-coppie-di-innamorati\/#primaryimage"},"image":{"@id":"https:\/\/www.bellunopress.it\/2026\/02\/12\/belluno-san-valentino-al-museo-con-ingresso-ridotto-alle-coppie-di-innamorati\/#primaryimage"},"thumbnailUrl":"https:\/\/www.bellunopress.it\/wp-content\/uploads\/2023\/07\/Palazzo-Fulcis_edited.jpg","datePublished":"2026-02-12T15:46:46+00:00","breadcrumb":{"@id":"https:\/\/www.bellunopress.it\/2026\/02\/12\/belluno-san-valentino-al-museo-con-ingresso-ridotto-alle-coppie-di-innamorati\/#breadcrumb"},"inLanguage":"fr-FR","potentialAction":[{"@type":"ReadAction","target":["https:\/\/www.bellunopress.it\/2026\/02\/12\/belluno-san-valentino-al-museo-con-ingresso-ridotto-alle-coppie-di-innamorati\/"]}]},{"@type":"ImageObject","inLanguage":"fr-FR","@id":"https:\/\/www.bellunopress.it\/2026\/02\/12\/belluno-san-valentino-al-museo-con-ingresso-ridotto-alle-coppie-di-innamorati\/#primaryimage","url":"https:\/\/www.bellunopress.it\/wp-content\/uploads\/2023\/07\/Palazzo-Fulcis_edited.jpg","contentUrl":"https:\/\/www.bellunopress.it\/wp-content\/uploads\/2023\/07\/Palazzo-Fulcis_edited.jpg","width":1000,"height":659,"caption":"Belluno, Palazzo Fulcis, sede del Museo Civico"},{"@type":"BreadcrumbList","@id":"https:\/\/www.bellunopress.it\/2026\/02\/12\/belluno-san-valentino-al-museo-con-ingresso-ridotto-alle-coppie-di-innamorati\/#breadcrumb","itemListElement":[{"@type":"ListItem","position":1,"name":"Home","item":"https:\/\/www.bellunopress.it\/"},{"@type":"ListItem","position":2,"name":"Belluno. San Valentino al Museo con ingresso ridotto alle coppie di innamorati"}]},{"@type":"WebSite","@id":"https:\/\/www.bellunopress.it\/#website","url":"https:\/\/www.bellunopress.it\/","name":"Bellunopress - Dolomiti","description":"e-mail: redazione@bellunopress.it","publisher":{"@id":"https:\/\/www.bellunopress.it\/#organization"},"potentialAction":[{"@type":"SearchAction","target":{"@type":"EntryPoint","urlTemplate":"https:\/\/www.bellunopress.it\/?s={search_term_string}"},"query-input":{"@type":"PropertyValueSpecification","valueRequired":true,"valueName":"search_term_string"}}],"inLanguage":"fr-FR"},{"@type":"Organization","@id":"https:\/\/www.bellunopress.it\/#organization","name":"Bellunopress","url":"https:\/\/www.bellunopress.it\/","logo":{"@type":"ImageObject","inLanguage":"fr-FR","@id":"https:\/\/www.bellunopress.it\/#\/schema\/logo\/image\/","url":"https:\/\/www.bellunopress.it\/wp-content\/uploads\/2011\/05\/cropped-logo-bellunopress-.jpg","contentUrl":"https:\/\/www.bellunopress.it\/wp-content\/uploads\/2011\/05\/cropped-logo-bellunopress-.jpg","width":512,"height":512,"caption":"Bellunopress"},"image":{"@id":"https:\/\/www.bellunopress.it\/#\/schema\/logo\/image\/"},"sameAs":["https:\/\/www.facebook.com\/profile.php?id=100008943462799","https:\/\/x.com\/bellunopress","https:\/\/www.linkedin.com\/hp\/?dnr=JBzUWaJfMUw8vbXJJ2tVW5-I3jZKvC4wsoxE&amp;amp;amp;amp;amp;amp;trk=nav_responsive_tab_home","https:\/\/www.youtube.com\/channel\/UCxL0wu1uN0_3_7hGG0306cw"]},{"@type":"Person","@id":"https:\/\/www.bellunopress.it\/#\/schema\/person\/79bb06722b37ece1c03d3e94beb30d73","name":"r\u00e9daction","image":{"@type":"ImageObject","inLanguage":"fr-FR","@id":"https:\/\/secure.gravatar.com\/avatar\/37d968a2e67a6fd04c169c4bdef102d0bc5d31b2546345219e348575eb80e9a0?s=96&d=mm&r=g","url":"https:\/\/secure.gravatar.com\/avatar\/37d968a2e67a6fd04c169c4bdef102d0bc5d31b2546345219e348575eb80e9a0?s=96&d=mm&r=g","contentUrl":"https:\/\/secure.gravatar.com\/avatar\/37d968a2e67a6fd04c169c4bdef102d0bc5d31b2546345219e348575eb80e9a0?s=96&d=mm&r=g","caption":"redazione"},"sameAs":["http:\/\/www.bellunopress.it","https:\/\/x.com\/bellunopress"],"url":"https:\/\/www.bellunopress.it\/fr\/author\/redazione\/"}]}},"_links":{"self":[{"href":"https:\/\/www.bellunopress.it\/fr\/wp-json\/wp\/v2\/posts\/167423","targetHints":{"allow":["GET"]}}],"collection":[{"href":"https:\/\/www.bellunopress.it\/fr\/wp-json\/wp\/v2\/posts"}],"about":[{"href":"https:\/\/www.bellunopress.it\/fr\/wp-json\/wp\/v2\/types\/post"}],"author":[{"embeddable":true,"href":"https:\/\/www.bellunopress.it\/fr\/wp-json\/wp\/v2\/users\/2"}],"replies":[{"embeddable":true,"href":"https:\/\/www.bellunopress.it\/fr\/wp-json\/wp\/v2\/comments?post=167423"}],"version-history":[{"count":1,"href":"https:\/\/www.bellunopress.it\/fr\/wp-json\/wp\/v2\/posts\/167423\/revisions"}],"predecessor-version":[{"id":167424,"href":"https:\/\/www.bellunopress.it\/fr\/wp-json\/wp\/v2\/posts\/167423\/revisions\/167424"}],"wp:featuredmedia":[{"embeddable":true,"href":"https:\/\/www.bellunopress.it\/fr\/wp-json\/wp\/v2\/media\/142879"}],"wp:attachment":[{"href":"https:\/\/www.bellunopress.it\/fr\/wp-json\/wp\/v2\/media?parent=167423"}],"wp:term":[{"taxonomy":"category","embeddable":true,"href":"https:\/\/www.bellunopress.it\/fr\/wp-json\/wp\/v2\/categories?post=167423"},{"taxonomy":"post_tag","embeddable":true,"href":"https:\/\/www.bellunopress.it\/fr\/wp-json\/wp\/v2\/tags?post=167423"}],"curies":[{"name":"wp","href":"https:\/\/api.w.org\/{rel}","templated":true}]}}