{"id":167382,"date":"2026-02-11T14:45:36","date_gmt":"2026-02-11T13:45:36","guid":{"rendered":"https:\/\/www.bellunopress.it\/?p=167382"},"modified":"2026-02-13T09:17:30","modified_gmt":"2026-02-13T08:17:30","slug":"ex-caserma-fantuzzi-lagenzia-del-demanio-coinvolge-i-privati-per-la-riqualificazione-dellarea-proposte-entro-il-30-aprile","status":"publish","type":"post","link":"https:\/\/www.bellunopress.it\/fr\/2026\/02\/11\/ex-caserma-fantuzzi-lagenzia-del-demanio-coinvolge-i-privati-per-la-riqualificazione-dellarea-proposte-entro-il-30-aprile\/","title":{"rendered":"Ex caserma Fantuzzi. L&#8217;Agenzia del Demanio coinvolge i privati per la riqualificazione dell&#8217;area. Proposte entro il 30 aprile"},"content":{"rendered":"<p><strong>E&#8217; stato pubblicato l&#8217;invito a manifestare interesse per la valorizzazione di circa 10 mila mq del complesso. Le proposte dovranno essere inviate entro il 30 aprile 2026<\/strong><\/p>\n<p>L&#8217;Agenzia del Demanio ha pubblicato un invito rivolto agli operatori privati per il recupero e alla valorizzazione di una porzione di circa 10 mila metri quadrati dell&#8217;ex Caserma Fantuzzi, complesso iconico di Belluno di propriet\u00e0 dello Stato situato in una zona centrale della citt\u00e0, in prossimit\u00e0 della stazione ferroviaria. L&#8217;iniziativa si inserisce nel Piano Citt\u00e0 degli Immobili Pubblici di Belluno, l&#8217;accordo sottoscritto nel 2025 tra Comune di Belluno, Ministero della Cultura e Agenzia del Demanio, per la valorizzazione degli edifici pubblici inutilizzati attraverso interventi sostenibili e orientati alla rigenerazione urbana.<\/p>\n<p>La porzione della Caserma Fantuzzi che si affaccia su via Volontari della Libert\u00e0 ospiter\u00e0 la Questura e tutte le funzioni della Polizia di Stato, oggi dislocate in cinque sedi diverse. L&#8217;invito a manifestare interesse riguarda la restante parte del complesso per la quale l&#8217;Agenzia intende individuare le migliori soluzioni per soddisfare le esigenze abitative e attivit\u00e0 economiche e di servizio. L&#8217;obiettivo \u00e8 soprattutto quello di restituire alla citt\u00e0 di Belluno un edificio significativo non pi\u00f9 in uso ormai da qualche anno.<\/p>\n<p>L&#8217;indizione di un avviso pubblico deriva dai risultati di un&#8217;analisi effettuata nell&#8217;ambito del corso &#8220;Partnership Pubblico-Privato &amp; Value for Society&#8221; organizzato dall&#8217;Universit\u00e0 Bocconi di Milano in cui la ex Caserma Fantuzzi \u00e8 stata presentata come case study. Lo studio ha contribuito a definire una visione progettuale fondata sulla creazione di valore pubblico, sull&#8217;impatto sociale e sulla sostenibilit\u00e0 economico-finanziaria, con particolare attenzione all&#8217;integrazione tra politiche pubbliche, ruolo dei privati e benefici per il territorio.<br \/>\nGli operatori interessati sono invitati a presentare una relazione che descriva obiettivi, funzioni previste, modelli gestionali e sostenibilit\u00e0 tecnico-economica e finanziaria, includendo eventuali elementi di impatto sociale, ambientale e territoriale. Le proposte potranno essere accompagnate da elaborati grafici, relazioni tecniche, render, modelli o altri materiali utili a illustrare in modo efficace l&#8217;impostazione progettuale. Le manifestazioni di interesse dovranno pervenire entro il 30 aprile 2026.<\/p>\n<p>Per maggiori informazioni \u00e8 possibile consultare l&#8217;avviso al seguente link: <a href=\"https:\/\/www.agenziademanio.it\/it\/gare-aste\/immobiliare\/gara\/Invito-pubblico-a-manifestare-interesse-per-la-riqualificazione-di-una-porzione-della-ex-Caserma-Fantuzzi-di-Belluno\">Agenzia del Demanio &#8211; Invito pubblico a manifestare interesse per la riqualificazione di una porzione della ex Caserma Fantuzzi di Belluno<\/a><\/p>","protected":false},"excerpt":{"rendered":"<p>E&#8217; stato pubblicato l&#8217;invito a manifestare interesse per la valorizzazione di circa 10 mila mq del complesso. Le proposte dovranno essere inviate entro il 30 aprile 2026 L&#8217;Agenzia del Demanio ha pubblicato un invito rivolto agli operatori privati per il recupero e alla valorizzazione di una porzione di circa 10 mila metri quadrati dell&#8217;ex Caserma [&hellip;]<\/p>\n","protected":false},"author":2,"featured_media":167383,"comment_status":"closed","ping_status":"open","sticky":false,"template":"","format":"standard","meta":{"footnotes":""},"categories":[3446,1],"tags":[],"class_list":["post-167382","post","type-post","status-publish","format-standard","has-post-thumbnail","category-featured","category-leo"],"yoast_head":"<!-- This site is optimized with the Yoast SEO plugin v28.4 - https:\/\/yoast.com\/product\/yoast-seo-wordpress\/ -->\n<title>Ex caserma Fantuzzi. L&#039;Agenzia del Demanio coinvolge i privati per la riqualificazione dell&#039;area. Proposte entro il 30 aprile - Bellunopress - Dolomiti<\/title>\n<meta name=\"robots\" content=\"index, follow, max-snippet:-1, max-image-preview:large, max-video-preview:-1\" \/>\n<link rel=\"canonical\" href=\"https:\/\/www.bellunopress.it\/fr\/2026\/02\/11\/ex-caserma-fantuzzi-lagenzia-del-demanio-coinvolge-i-privati-per-la-riqualificazione-dellarea-proposte-entro-il-30-aprile\/\" \/>\n<meta property=\"og:locale\" content=\"fr_FR\" \/>\n<meta property=\"og:type\" content=\"article\" \/>\n<meta property=\"og:title\" content=\"Ex caserma Fantuzzi. L&#039;Agenzia del Demanio coinvolge i privati per la riqualificazione dell&#039;area. Proposte entro il 30 aprile - Bellunopress - Dolomiti\" \/>\n<meta property=\"og:description\" content=\"E&#8217; stato pubblicato l&#8217;invito a manifestare interesse per la valorizzazione di circa 10 mila mq del complesso. Le proposte dovranno essere inviate entro il 30 aprile 2026 L&#8217;Agenzia del Demanio ha pubblicato un invito rivolto agli operatori privati per il recupero e alla valorizzazione di una porzione di circa 10 mila metri quadrati dell&#8217;ex Caserma [&hellip;]\" \/>\n<meta property=\"og:url\" content=\"https:\/\/www.bellunopress.it\/fr\/2026\/02\/11\/ex-caserma-fantuzzi-lagenzia-del-demanio-coinvolge-i-privati-per-la-riqualificazione-dellarea-proposte-entro-il-30-aprile\/\" \/>\n<meta property=\"og:site_name\" content=\"Bellunopress - Dolomiti\" \/>\n<meta property=\"article:publisher\" content=\"https:\/\/www.facebook.com\/profile.php?id=100008943462799\" \/>\n<meta property=\"article:published_time\" content=\"2026-02-11T13:45:36+00:00\" \/>\n<meta property=\"article:modified_time\" content=\"2026-02-13T08:17:30+00:00\" \/>\n<meta property=\"og:image\" content=\"https:\/\/www.bellunopress.it\/wp-content\/uploads\/2026\/02\/ex-Caserma-Fantuzzi-Belluno.jpg\" \/>\n\t<meta property=\"og:image:width\" content=\"500\" \/>\n\t<meta property=\"og:image:height\" content=\"375\" \/>\n\t<meta property=\"og:image:type\" content=\"image\/jpeg\" \/>\n<meta name=\"author\" content=\"redazione\" \/>\n<meta name=\"twitter:card\" content=\"summary_large_image\" \/>\n<meta name=\"twitter:creator\" content=\"@bellunopress\" \/>\n<meta name=\"twitter:site\" content=\"@bellunopress\" \/>\n<meta name=\"twitter:label1\" content=\"\u00c9crit par\" \/>\n\t<meta name=\"twitter:data1\" content=\"redazione\" \/>\n\t<meta name=\"twitter:label2\" content=\"Dur\u00e9e de lecture estim\u00e9e\" \/>\n\t<meta name=\"twitter:data2\" content=\"2 minutes\" \/>\n<script type=\"application\/ld+json\" class=\"yoast-schema-graph\">{\"@context\":\"https:\\\/\\\/schema.org\",\"@graph\":[{\"@type\":\"Article\",\"@id\":\"https:\\\/\\\/www.bellunopress.it\\\/2026\\\/02\\\/11\\\/ex-caserma-fantuzzi-lagenzia-del-demanio-coinvolge-i-privati-per-la-riqualificazione-dellarea-proposte-entro-il-30-aprile\\\/#article\",\"isPartOf\":{\"@id\":\"https:\\\/\\\/www.bellunopress.it\\\/2026\\\/02\\\/11\\\/ex-caserma-fantuzzi-lagenzia-del-demanio-coinvolge-i-privati-per-la-riqualificazione-dellarea-proposte-entro-il-30-aprile\\\/\"},\"author\":{\"name\":\"redazione\",\"@id\":\"https:\\\/\\\/www.bellunopress.it\\\/#\\\/schema\\\/person\\\/79bb06722b37ece1c03d3e94beb30d73\"},\"headline\":\"Ex caserma Fantuzzi. L&#8217;Agenzia del Demanio coinvolge i privati per la riqualificazione dell&#8217;area. Proposte entro il 30 aprile\",\"datePublished\":\"2026-02-11T13:45:36+00:00\",\"dateModified\":\"2026-02-13T08:17:30+00:00\",\"mainEntityOfPage\":{\"@id\":\"https:\\\/\\\/www.bellunopress.it\\\/2026\\\/02\\\/11\\\/ex-caserma-fantuzzi-lagenzia-del-demanio-coinvolge-i-privati-per-la-riqualificazione-dellarea-proposte-entro-il-30-aprile\\\/\"},\"wordCount\":391,\"publisher\":{\"@id\":\"https:\\\/\\\/www.bellunopress.it\\\/#organization\"},\"image\":{\"@id\":\"https:\\\/\\\/www.bellunopress.it\\\/2026\\\/02\\\/11\\\/ex-caserma-fantuzzi-lagenzia-del-demanio-coinvolge-i-privati-per-la-riqualificazione-dellarea-proposte-entro-il-30-aprile\\\/#primaryimage\"},\"thumbnailUrl\":\"https:\\\/\\\/www.bellunopress.it\\\/wp-content\\\/uploads\\\/2026\\\/02\\\/ex-Caserma-Fantuzzi-Belluno.jpg\",\"articleSection\":[\"Featured\",\"Lettere Opinioni\"],\"inLanguage\":\"fr-FR\"},{\"@type\":\"WebPage\",\"@id\":\"https:\\\/\\\/www.bellunopress.it\\\/2026\\\/02\\\/11\\\/ex-caserma-fantuzzi-lagenzia-del-demanio-coinvolge-i-privati-per-la-riqualificazione-dellarea-proposte-entro-il-30-aprile\\\/\",\"url\":\"https:\\\/\\\/www.bellunopress.it\\\/2026\\\/02\\\/11\\\/ex-caserma-fantuzzi-lagenzia-del-demanio-coinvolge-i-privati-per-la-riqualificazione-dellarea-proposte-entro-il-30-aprile\\\/\",\"name\":\"Ex caserma Fantuzzi. L'Agenzia del Demanio coinvolge i privati per la riqualificazione dell'area. Proposte entro il 30 aprile - Bellunopress - Dolomiti\",\"isPartOf\":{\"@id\":\"https:\\\/\\\/www.bellunopress.it\\\/#website\"},\"primaryImageOfPage\":{\"@id\":\"https:\\\/\\\/www.bellunopress.it\\\/2026\\\/02\\\/11\\\/ex-caserma-fantuzzi-lagenzia-del-demanio-coinvolge-i-privati-per-la-riqualificazione-dellarea-proposte-entro-il-30-aprile\\\/#primaryimage\"},\"image\":{\"@id\":\"https:\\\/\\\/www.bellunopress.it\\\/2026\\\/02\\\/11\\\/ex-caserma-fantuzzi-lagenzia-del-demanio-coinvolge-i-privati-per-la-riqualificazione-dellarea-proposte-entro-il-30-aprile\\\/#primaryimage\"},\"thumbnailUrl\":\"https:\\\/\\\/www.bellunopress.it\\\/wp-content\\\/uploads\\\/2026\\\/02\\\/ex-Caserma-Fantuzzi-Belluno.jpg\",\"datePublished\":\"2026-02-11T13:45:36+00:00\",\"dateModified\":\"2026-02-13T08:17:30+00:00\",\"breadcrumb\":{\"@id\":\"https:\\\/\\\/www.bellunopress.it\\\/2026\\\/02\\\/11\\\/ex-caserma-fantuzzi-lagenzia-del-demanio-coinvolge-i-privati-per-la-riqualificazione-dellarea-proposte-entro-il-30-aprile\\\/#breadcrumb\"},\"inLanguage\":\"fr-FR\",\"potentialAction\":[{\"@type\":\"ReadAction\",\"target\":[\"https:\\\/\\\/www.bellunopress.it\\\/2026\\\/02\\\/11\\\/ex-caserma-fantuzzi-lagenzia-del-demanio-coinvolge-i-privati-per-la-riqualificazione-dellarea-proposte-entro-il-30-aprile\\\/\"]}]},{\"@type\":\"ImageObject\",\"inLanguage\":\"fr-FR\",\"@id\":\"https:\\\/\\\/www.bellunopress.it\\\/2026\\\/02\\\/11\\\/ex-caserma-fantuzzi-lagenzia-del-demanio-coinvolge-i-privati-per-la-riqualificazione-dellarea-proposte-entro-il-30-aprile\\\/#primaryimage\",\"url\":\"https:\\\/\\\/www.bellunopress.it\\\/wp-content\\\/uploads\\\/2026\\\/02\\\/ex-Caserma-Fantuzzi-Belluno.jpg\",\"contentUrl\":\"https:\\\/\\\/www.bellunopress.it\\\/wp-content\\\/uploads\\\/2026\\\/02\\\/ex-Caserma-Fantuzzi-Belluno.jpg\",\"width\":500,\"height\":375,\"caption\":\"Ex caserma Fantuzzi - Belluno\"},{\"@type\":\"BreadcrumbList\",\"@id\":\"https:\\\/\\\/www.bellunopress.it\\\/2026\\\/02\\\/11\\\/ex-caserma-fantuzzi-lagenzia-del-demanio-coinvolge-i-privati-per-la-riqualificazione-dellarea-proposte-entro-il-30-aprile\\\/#breadcrumb\",\"itemListElement\":[{\"@type\":\"ListItem\",\"position\":1,\"name\":\"Home\",\"item\":\"https:\\\/\\\/www.bellunopress.it\\\/\"},{\"@type\":\"ListItem\",\"position\":2,\"name\":\"Ex caserma Fantuzzi. L&#8217;Agenzia del Demanio coinvolge i privati per la riqualificazione dell&#8217;area. Proposte entro il 30 aprile\"}]},{\"@type\":\"WebSite\",\"@id\":\"https:\\\/\\\/www.bellunopress.it\\\/#website\",\"url\":\"https:\\\/\\\/www.bellunopress.it\\\/\",\"name\":\"Bellunopress - Dolomiti\",\"description\":\"e-mail: redazione@bellunopress.it\",\"publisher\":{\"@id\":\"https:\\\/\\\/www.bellunopress.it\\\/#organization\"},\"potentialAction\":[{\"@type\":\"SearchAction\",\"target\":{\"@type\":\"EntryPoint\",\"urlTemplate\":\"https:\\\/\\\/www.bellunopress.it\\\/?s={search_term_string}\"},\"query-input\":{\"@type\":\"PropertyValueSpecification\",\"valueRequired\":true,\"valueName\":\"search_term_string\"}}],\"inLanguage\":\"fr-FR\"},{\"@type\":\"Organization\",\"@id\":\"https:\\\/\\\/www.bellunopress.it\\\/#organization\",\"name\":\"Bellunopress\",\"url\":\"https:\\\/\\\/www.bellunopress.it\\\/\",\"logo\":{\"@type\":\"ImageObject\",\"inLanguage\":\"fr-FR\",\"@id\":\"https:\\\/\\\/www.bellunopress.it\\\/#\\\/schema\\\/logo\\\/image\\\/\",\"url\":\"https:\\\/\\\/www.bellunopress.it\\\/wp-content\\\/uploads\\\/2011\\\/05\\\/cropped-logo-bellunopress-.jpg\",\"contentUrl\":\"https:\\\/\\\/www.bellunopress.it\\\/wp-content\\\/uploads\\\/2011\\\/05\\\/cropped-logo-bellunopress-.jpg\",\"width\":512,\"height\":512,\"caption\":\"Bellunopress\"},\"image\":{\"@id\":\"https:\\\/\\\/www.bellunopress.it\\\/#\\\/schema\\\/logo\\\/image\\\/\"},\"sameAs\":[\"https:\\\/\\\/www.facebook.com\\\/profile.php?id=100008943462799\",\"https:\\\/\\\/x.com\\\/bellunopress\",\"https:\\\/\\\/www.linkedin.com\\\/hp\\\/?dnr=JBzUWaJfMUw8vbXJJ2tVW5-I3jZKvC4wsoxE&amp;amp;amp;amp;amp;amp;trk=nav_responsive_tab_home\",\"https:\\\/\\\/www.youtube.com\\\/channel\\\/UCxL0wu1uN0_3_7hGG0306cw\"]},{\"@type\":\"Person\",\"@id\":\"https:\\\/\\\/www.bellunopress.it\\\/#\\\/schema\\\/person\\\/79bb06722b37ece1c03d3e94beb30d73\",\"name\":\"redazione\",\"image\":{\"@type\":\"ImageObject\",\"inLanguage\":\"fr-FR\",\"@id\":\"https:\\\/\\\/secure.gravatar.com\\\/avatar\\\/37d968a2e67a6fd04c169c4bdef102d0bc5d31b2546345219e348575eb80e9a0?s=96&d=mm&r=g\",\"url\":\"https:\\\/\\\/secure.gravatar.com\\\/avatar\\\/37d968a2e67a6fd04c169c4bdef102d0bc5d31b2546345219e348575eb80e9a0?s=96&d=mm&r=g\",\"contentUrl\":\"https:\\\/\\\/secure.gravatar.com\\\/avatar\\\/37d968a2e67a6fd04c169c4bdef102d0bc5d31b2546345219e348575eb80e9a0?s=96&d=mm&r=g\",\"caption\":\"redazione\"},\"sameAs\":[\"http:\\\/\\\/www.bellunopress.it\",\"https:\\\/\\\/x.com\\\/bellunopress\"],\"url\":\"https:\\\/\\\/www.bellunopress.it\\\/fr\\\/author\\\/redazione\\\/\"}]}<\/script>\n<!-- \/ Yoast SEO plugin. -->","yoast_head_json":{"title":"Ex caserma Fantuzzi. L'Agenzia del Demanio coinvolge i privati per la riqualificazione dell'area. Proposte entro il 30 aprile - Bellunopress - Dolomiti","robots":{"index":"index","follow":"follow","max-snippet":"max-snippet:-1","max-image-preview":"max-image-preview:large","max-video-preview":"max-video-preview:-1"},"canonical":"https:\/\/www.bellunopress.it\/fr\/2026\/02\/11\/ex-caserma-fantuzzi-lagenzia-del-demanio-coinvolge-i-privati-per-la-riqualificazione-dellarea-proposte-entro-il-30-aprile\/","og_locale":"fr_FR","og_type":"article","og_title":"Ex caserma Fantuzzi. L'Agenzia del Demanio coinvolge i privati per la riqualificazione dell'area. Proposte entro il 30 aprile - Bellunopress - Dolomiti","og_description":"E&#8217; stato pubblicato l&#8217;invito a manifestare interesse per la valorizzazione di circa 10 mila mq del complesso. Le proposte dovranno essere inviate entro il 30 aprile 2026 L&#8217;Agenzia del Demanio ha pubblicato un invito rivolto agli operatori privati per il recupero e alla valorizzazione di una porzione di circa 10 mila metri quadrati dell&#8217;ex Caserma [&hellip;]","og_url":"https:\/\/www.bellunopress.it\/fr\/2026\/02\/11\/ex-caserma-fantuzzi-lagenzia-del-demanio-coinvolge-i-privati-per-la-riqualificazione-dellarea-proposte-entro-il-30-aprile\/","og_site_name":"Bellunopress - Dolomiti","article_publisher":"https:\/\/www.facebook.com\/profile.php?id=100008943462799","article_published_time":"2026-02-11T13:45:36+00:00","article_modified_time":"2026-02-13T08:17:30+00:00","og_image":[{"width":500,"height":375,"url":"https:\/\/www.bellunopress.it\/wp-content\/uploads\/2026\/02\/ex-Caserma-Fantuzzi-Belluno.jpg","type":"image\/jpeg"}],"author":"redazione","twitter_card":"summary_large_image","twitter_creator":"@bellunopress","twitter_site":"@bellunopress","twitter_misc":{"\u00c9crit par":"redazione","Dur\u00e9e de lecture estim\u00e9e":"2 minutes"},"schema":{"@context":"https:\/\/schema.org","@graph":[{"@type":"Article","@id":"https:\/\/www.bellunopress.it\/2026\/02\/11\/ex-caserma-fantuzzi-lagenzia-del-demanio-coinvolge-i-privati-per-la-riqualificazione-dellarea-proposte-entro-il-30-aprile\/#article","isPartOf":{"@id":"https:\/\/www.bellunopress.it\/2026\/02\/11\/ex-caserma-fantuzzi-lagenzia-del-demanio-coinvolge-i-privati-per-la-riqualificazione-dellarea-proposte-entro-il-30-aprile\/"},"author":{"name":"redazione","@id":"https:\/\/www.bellunopress.it\/#\/schema\/person\/79bb06722b37ece1c03d3e94beb30d73"},"headline":"Ex caserma Fantuzzi. L&#8217;Agenzia del Demanio coinvolge i privati per la riqualificazione dell&#8217;area. Proposte entro il 30 aprile","datePublished":"2026-02-11T13:45:36+00:00","dateModified":"2026-02-13T08:17:30+00:00","mainEntityOfPage":{"@id":"https:\/\/www.bellunopress.it\/2026\/02\/11\/ex-caserma-fantuzzi-lagenzia-del-demanio-coinvolge-i-privati-per-la-riqualificazione-dellarea-proposte-entro-il-30-aprile\/"},"wordCount":391,"publisher":{"@id":"https:\/\/www.bellunopress.it\/#organization"},"image":{"@id":"https:\/\/www.bellunopress.it\/2026\/02\/11\/ex-caserma-fantuzzi-lagenzia-del-demanio-coinvolge-i-privati-per-la-riqualificazione-dellarea-proposte-entro-il-30-aprile\/#primaryimage"},"thumbnailUrl":"https:\/\/www.bellunopress.it\/wp-content\/uploads\/2026\/02\/ex-Caserma-Fantuzzi-Belluno.jpg","articleSection":["Featured","Lettere Opinioni"],"inLanguage":"fr-FR"},{"@type":"WebPage","@id":"https:\/\/www.bellunopress.it\/2026\/02\/11\/ex-caserma-fantuzzi-lagenzia-del-demanio-coinvolge-i-privati-per-la-riqualificazione-dellarea-proposte-entro-il-30-aprile\/","url":"https:\/\/www.bellunopress.it\/2026\/02\/11\/ex-caserma-fantuzzi-lagenzia-del-demanio-coinvolge-i-privati-per-la-riqualificazione-dellarea-proposte-entro-il-30-aprile\/","name":"Ex caserma Fantuzzi. L'Agenzia del Demanio coinvolge i privati per la riqualificazione dell'area. Proposte entro il 30 aprile - Bellunopress - Dolomiti","isPartOf":{"@id":"https:\/\/www.bellunopress.it\/#website"},"primaryImageOfPage":{"@id":"https:\/\/www.bellunopress.it\/2026\/02\/11\/ex-caserma-fantuzzi-lagenzia-del-demanio-coinvolge-i-privati-per-la-riqualificazione-dellarea-proposte-entro-il-30-aprile\/#primaryimage"},"image":{"@id":"https:\/\/www.bellunopress.it\/2026\/02\/11\/ex-caserma-fantuzzi-lagenzia-del-demanio-coinvolge-i-privati-per-la-riqualificazione-dellarea-proposte-entro-il-30-aprile\/#primaryimage"},"thumbnailUrl":"https:\/\/www.bellunopress.it\/wp-content\/uploads\/2026\/02\/ex-Caserma-Fantuzzi-Belluno.jpg","datePublished":"2026-02-11T13:45:36+00:00","dateModified":"2026-02-13T08:17:30+00:00","breadcrumb":{"@id":"https:\/\/www.bellunopress.it\/2026\/02\/11\/ex-caserma-fantuzzi-lagenzia-del-demanio-coinvolge-i-privati-per-la-riqualificazione-dellarea-proposte-entro-il-30-aprile\/#breadcrumb"},"inLanguage":"fr-FR","potentialAction":[{"@type":"ReadAction","target":["https:\/\/www.bellunopress.it\/2026\/02\/11\/ex-caserma-fantuzzi-lagenzia-del-demanio-coinvolge-i-privati-per-la-riqualificazione-dellarea-proposte-entro-il-30-aprile\/"]}]},{"@type":"ImageObject","inLanguage":"fr-FR","@id":"https:\/\/www.bellunopress.it\/2026\/02\/11\/ex-caserma-fantuzzi-lagenzia-del-demanio-coinvolge-i-privati-per-la-riqualificazione-dellarea-proposte-entro-il-30-aprile\/#primaryimage","url":"https:\/\/www.bellunopress.it\/wp-content\/uploads\/2026\/02\/ex-Caserma-Fantuzzi-Belluno.jpg","contentUrl":"https:\/\/www.bellunopress.it\/wp-content\/uploads\/2026\/02\/ex-Caserma-Fantuzzi-Belluno.jpg","width":500,"height":375,"caption":"Ex caserma Fantuzzi - Belluno"},{"@type":"BreadcrumbList","@id":"https:\/\/www.bellunopress.it\/2026\/02\/11\/ex-caserma-fantuzzi-lagenzia-del-demanio-coinvolge-i-privati-per-la-riqualificazione-dellarea-proposte-entro-il-30-aprile\/#breadcrumb","itemListElement":[{"@type":"ListItem","position":1,"name":"Home","item":"https:\/\/www.bellunopress.it\/"},{"@type":"ListItem","position":2,"name":"Ex caserma Fantuzzi. L&#8217;Agenzia del Demanio coinvolge i privati per la riqualificazione dell&#8217;area. Proposte entro il 30 aprile"}]},{"@type":"WebSite","@id":"https:\/\/www.bellunopress.it\/#website","url":"https:\/\/www.bellunopress.it\/","name":"Bellunopress - Dolomiti","description":"e-mail: redazione@bellunopress.it","publisher":{"@id":"https:\/\/www.bellunopress.it\/#organization"},"potentialAction":[{"@type":"SearchAction","target":{"@type":"EntryPoint","urlTemplate":"https:\/\/www.bellunopress.it\/?s={search_term_string}"},"query-input":{"@type":"PropertyValueSpecification","valueRequired":true,"valueName":"search_term_string"}}],"inLanguage":"fr-FR"},{"@type":"Organization","@id":"https:\/\/www.bellunopress.it\/#organization","name":"Bellunopress","url":"https:\/\/www.bellunopress.it\/","logo":{"@type":"ImageObject","inLanguage":"fr-FR","@id":"https:\/\/www.bellunopress.it\/#\/schema\/logo\/image\/","url":"https:\/\/www.bellunopress.it\/wp-content\/uploads\/2011\/05\/cropped-logo-bellunopress-.jpg","contentUrl":"https:\/\/www.bellunopress.it\/wp-content\/uploads\/2011\/05\/cropped-logo-bellunopress-.jpg","width":512,"height":512,"caption":"Bellunopress"},"image":{"@id":"https:\/\/www.bellunopress.it\/#\/schema\/logo\/image\/"},"sameAs":["https:\/\/www.facebook.com\/profile.php?id=100008943462799","https:\/\/x.com\/bellunopress","https:\/\/www.linkedin.com\/hp\/?dnr=JBzUWaJfMUw8vbXJJ2tVW5-I3jZKvC4wsoxE&amp;amp;amp;amp;amp;amp;trk=nav_responsive_tab_home","https:\/\/www.youtube.com\/channel\/UCxL0wu1uN0_3_7hGG0306cw"]},{"@type":"Person","@id":"https:\/\/www.bellunopress.it\/#\/schema\/person\/79bb06722b37ece1c03d3e94beb30d73","name":"r\u00e9daction","image":{"@type":"ImageObject","inLanguage":"fr-FR","@id":"https:\/\/secure.gravatar.com\/avatar\/37d968a2e67a6fd04c169c4bdef102d0bc5d31b2546345219e348575eb80e9a0?s=96&d=mm&r=g","url":"https:\/\/secure.gravatar.com\/avatar\/37d968a2e67a6fd04c169c4bdef102d0bc5d31b2546345219e348575eb80e9a0?s=96&d=mm&r=g","contentUrl":"https:\/\/secure.gravatar.com\/avatar\/37d968a2e67a6fd04c169c4bdef102d0bc5d31b2546345219e348575eb80e9a0?s=96&d=mm&r=g","caption":"redazione"},"sameAs":["http:\/\/www.bellunopress.it","https:\/\/x.com\/bellunopress"],"url":"https:\/\/www.bellunopress.it\/fr\/author\/redazione\/"}]}},"_links":{"self":[{"href":"https:\/\/www.bellunopress.it\/fr\/wp-json\/wp\/v2\/posts\/167382","targetHints":{"allow":["GET"]}}],"collection":[{"href":"https:\/\/www.bellunopress.it\/fr\/wp-json\/wp\/v2\/posts"}],"about":[{"href":"https:\/\/www.bellunopress.it\/fr\/wp-json\/wp\/v2\/types\/post"}],"author":[{"embeddable":true,"href":"https:\/\/www.bellunopress.it\/fr\/wp-json\/wp\/v2\/users\/2"}],"replies":[{"embeddable":true,"href":"https:\/\/www.bellunopress.it\/fr\/wp-json\/wp\/v2\/comments?post=167382"}],"version-history":[{"count":1,"href":"https:\/\/www.bellunopress.it\/fr\/wp-json\/wp\/v2\/posts\/167382\/revisions"}],"predecessor-version":[{"id":167384,"href":"https:\/\/www.bellunopress.it\/fr\/wp-json\/wp\/v2\/posts\/167382\/revisions\/167384"}],"wp:featuredmedia":[{"embeddable":true,"href":"https:\/\/www.bellunopress.it\/fr\/wp-json\/wp\/v2\/media\/167383"}],"wp:attachment":[{"href":"https:\/\/www.bellunopress.it\/fr\/wp-json\/wp\/v2\/media?parent=167382"}],"wp:term":[{"taxonomy":"category","embeddable":true,"href":"https:\/\/www.bellunopress.it\/fr\/wp-json\/wp\/v2\/categories?post=167382"},{"taxonomy":"post_tag","embeddable":true,"href":"https:\/\/www.bellunopress.it\/fr\/wp-json\/wp\/v2\/tags?post=167382"}],"curies":[{"name":"wp","href":"https:\/\/api.w.org\/{rel}","templated":true}]}}