{"id":167380,"date":"2026-02-11T14:37:09","date_gmt":"2026-02-11T13:37:09","guid":{"rendered":"https:\/\/www.bellunopress.it\/?p=167380"},"modified":"2026-02-11T14:37:09","modified_gmt":"2026-02-11T13:37:09","slug":"al-via-i-tavoli-tematici-della-provincia-per-il-futuro-del-territorio","status":"publish","type":"post","link":"https:\/\/www.bellunopress.it\/fr\/2026\/02\/11\/al-via-i-tavoli-tematici-della-provincia-per-il-futuro-del-territorio\/","title":{"rendered":"Al via i Tavoli tematici della Provincia per il futuro del territorio"},"content":{"rendered":"<p>Sviluppo, governance e servizi. Sono i macro temi su cui si concentrer\u00e0 l\u2019attenzione degli Stati Generali della Provincia, tramite tavoli ad hoc costituiti in questi giorni, nel percorso operativo previsto dall\u2019amministrazione provinciale per guidare il territorio verso lo sviluppo dei prossimi anni, in particolare nell\u2019accompagnare la Legacy olimpica. \u201cSi tratta di tre temi interconnessi l\u2019uno all\u2019altro &#8211; commenta il presidente della Provincia Roberto Padrin -. I servizi sono fondamentali per trattenere la gente in montagna e per rendere le terre alte non solo abitabili ma anche attrattive. Senza servizi non c\u2019\u00e8 possibilit\u00e0 di sviluppo. E senza governance non c\u2019\u00e8 possibilit\u00e0 di guidare n\u00e9 i servizi n\u00e9 lo sviluppo. Ecco perch\u00e9 abbiamo selezionato questi tre temi, su cui costruire tutto il resto\u201d.<\/p>\n<p>IL PERCORSO<br \/>\nGli Stati Generali della Provincia di Belluno sono stati avviati lo scorso 23 gennaio con la Conferenza degli Enti Locali allargata, tenutasi a Villa Patt e caratterizzata da una partecipazione ampia e qualificata.<br \/>\nDagli interventi degli esperti e dei rappresentanti delle istituzioni sono emersi numerosi spunti di analisi e riflessione che costituiscono la base per il prosieguo del percorso verso l\u2019Assemblea degli Stati Generali, prevista tra la fine di maggio e la met\u00e0 di giugno. Gi\u00e0 in chiusura della Conferenza, il presidente Padrin aveva annunciato l\u2019istituzione di tavoli tematici di approfondimento, organizzati per macro-aree strategiche.<br \/>\n\u201cA seguito dei confronti con la CGIA di Mestre, incaricata del coordinamento e del supporto tecnico del percorso, sono stati definiti questi tre tavoli tematici, con relative individuazioni strategiche &#8211; spiega il presidente Padrin -. Sviluppo: quali priorit\u00e0 per uno sviluppo economico sostenibile. Governance: quali condizioni per un assetto istituzionale adeguato. Servizi: quali azioni privilegiare di fronte ai principali nodi aperti, dai servizi di base alla popolazione alla formazione e all\u2019innovazione\u201d.<br \/>\nAi tavoli prenderanno parte rappresentanti delle categorie economiche, delle parti sociali, del mondo della scuola, dei servizi alla persona, della formazione, dell\u2019innovazione e del volontariato, con l\u2019obiettivo di approfondire le diverse tematiche e ascoltare i principali portatori di interesse, cos\u00ec da far emergere una rinnovata capacit\u00e0 progettuale per il territorio.<\/p>\n<p>\u201cAbbiamo davanti un percorso ambizioso ma necessario \u2013 sottolinea il presidente Roberto Padrin \u2013. Gli Stati Generali non devono essere un semplice momento di confronto, ma un vero e proprio laboratorio di idee e proposte operative, costruite insieme a chi vive e lavora quotidianamente nel Bellunese. La formale costituzione dei tavoli \u00e8 prevista entro la fine di febbraio; gli stessi opereranno nei mesi di marzo, aprile e maggio. Dai lavori dovranno scaturire le proposte pi\u00f9 urgenti e concrete, rispetto alle quali la Provincia di Belluno si impegner\u00e0 ad agire, monitorando nel tempo l\u2019attuazione degli interventi e valutando eventuali rimodulazioni. Confido in una partecipazione larga e attiva da parte di tutti gli stakeholder coinvolti \u2013 aggiunge Padrin \u2013. Solo attraverso un confronto aperto e responsabile potremo dare risposte reali alle esigenze del territorio e costruire una visione condivisa per il futuro della nostra provincia\u201d.<\/p>\n<p>Il percorso si concluder\u00e0 con un\u2019Assemblea Generale degli Stati Generali, durante la quale si aprir\u00e0 il dibattito sugli esiti del lavoro svolto e verr\u00e0 approvato un documento programmatico di sintesi. &#8220;Un testo che costituir\u00e0 un riferimento fondamentale per la programmazione e lo sviluppo dell\u2019attivit\u00e0 della Provincia di Belluno nei prossimi anni&#8221;, sottolinea in conclusione Padrin.<\/p>","protected":false},"excerpt":{"rendered":"<p>Sviluppo, governance e servizi. Sono i macro temi su cui si concentrer\u00e0 l\u2019attenzione degli Stati Generali della Provincia, tramite tavoli ad hoc costituiti in questi giorni, nel percorso operativo previsto dall\u2019amministrazione provinciale per guidare il territorio verso lo sviluppo dei prossimi anni, in particolare nell\u2019accompagnare la Legacy olimpica. \u201cSi tratta di tre temi interconnessi l\u2019uno [&hellip;]<\/p>\n","protected":false},"author":2,"featured_media":129131,"comment_status":"closed","ping_status":"open","sticky":false,"template":"","format":"standard","meta":{"footnotes":""},"categories":[36],"tags":[],"class_list":["post-167380","post","type-post","status-publish","format-standard","has-post-thumbnail","category-lavoro-economia"],"yoast_head":"<!-- This site is optimized with the Yoast SEO plugin v28.4 - https:\/\/yoast.com\/product\/yoast-seo-wordpress\/ -->\n<title>Al via i Tavoli tematici della Provincia per il futuro del territorio - Bellunopress - Dolomiti<\/title>\n<meta name=\"robots\" content=\"index, follow, max-snippet:-1, max-image-preview:large, max-video-preview:-1\" \/>\n<link rel=\"canonical\" href=\"https:\/\/www.bellunopress.it\/fr\/2026\/02\/11\/al-via-i-tavoli-tematici-della-provincia-per-il-futuro-del-territorio\/\" \/>\n<meta property=\"og:locale\" content=\"fr_FR\" \/>\n<meta property=\"og:type\" content=\"article\" \/>\n<meta property=\"og:title\" content=\"Al via i Tavoli tematici della Provincia per il futuro del territorio - Bellunopress - Dolomiti\" \/>\n<meta property=\"og:description\" content=\"Sviluppo, governance e servizi. Sono i macro temi su cui si concentrer\u00e0 l\u2019attenzione degli Stati Generali della Provincia, tramite tavoli ad hoc costituiti in questi giorni, nel percorso operativo previsto dall\u2019amministrazione provinciale per guidare il territorio verso lo sviluppo dei prossimi anni, in particolare nell\u2019accompagnare la Legacy olimpica. \u201cSi tratta di tre temi interconnessi l\u2019uno [&hellip;]\" \/>\n<meta property=\"og:url\" content=\"https:\/\/www.bellunopress.it\/fr\/2026\/02\/11\/al-via-i-tavoli-tematici-della-provincia-per-il-futuro-del-territorio\/\" \/>\n<meta property=\"og:site_name\" content=\"Bellunopress - Dolomiti\" \/>\n<meta property=\"article:publisher\" content=\"https:\/\/www.facebook.com\/profile.php?id=100008943462799\" \/>\n<meta property=\"article:published_time\" content=\"2026-02-11T13:37:09+00:00\" \/>\n<meta property=\"og:image\" content=\"https:\/\/www.bellunopress.it\/wp-content\/uploads\/2021\/11\/Palazzo-PIloni-sede-Provincia_edited.jpg\" \/>\n\t<meta property=\"og:image:width\" content=\"800\" \/>\n\t<meta property=\"og:image:height\" content=\"515\" \/>\n\t<meta property=\"og:image:type\" content=\"image\/jpeg\" \/>\n<meta name=\"author\" content=\"redazione\" \/>\n<meta name=\"twitter:card\" content=\"summary_large_image\" \/>\n<meta name=\"twitter:creator\" content=\"@bellunopress\" \/>\n<meta name=\"twitter:site\" content=\"@bellunopress\" \/>\n<meta name=\"twitter:label1\" content=\"\u00c9crit par\" \/>\n\t<meta name=\"twitter:data1\" content=\"redazione\" \/>\n\t<meta name=\"twitter:label2\" content=\"Dur\u00e9e de lecture estim\u00e9e\" \/>\n\t<meta name=\"twitter:data2\" content=\"3 minutes\" \/>\n<script type=\"application\/ld+json\" class=\"yoast-schema-graph\">{\"@context\":\"https:\\\/\\\/schema.org\",\"@graph\":[{\"@type\":\"Article\",\"@id\":\"https:\\\/\\\/www.bellunopress.it\\\/2026\\\/02\\\/11\\\/al-via-i-tavoli-tematici-della-provincia-per-il-futuro-del-territorio\\\/#article\",\"isPartOf\":{\"@id\":\"https:\\\/\\\/www.bellunopress.it\\\/2026\\\/02\\\/11\\\/al-via-i-tavoli-tematici-della-provincia-per-il-futuro-del-territorio\\\/\"},\"author\":{\"name\":\"redazione\",\"@id\":\"https:\\\/\\\/www.bellunopress.it\\\/#\\\/schema\\\/person\\\/79bb06722b37ece1c03d3e94beb30d73\"},\"headline\":\"Al via i Tavoli tematici della Provincia per il futuro del territorio\",\"datePublished\":\"2026-02-11T13:37:09+00:00\",\"mainEntityOfPage\":{\"@id\":\"https:\\\/\\\/www.bellunopress.it\\\/2026\\\/02\\\/11\\\/al-via-i-tavoli-tematici-della-provincia-per-il-futuro-del-territorio\\\/\"},\"wordCount\":556,\"publisher\":{\"@id\":\"https:\\\/\\\/www.bellunopress.it\\\/#organization\"},\"image\":{\"@id\":\"https:\\\/\\\/www.bellunopress.it\\\/2026\\\/02\\\/11\\\/al-via-i-tavoli-tematici-della-provincia-per-il-futuro-del-territorio\\\/#primaryimage\"},\"thumbnailUrl\":\"https:\\\/\\\/www.bellunopress.it\\\/wp-content\\\/uploads\\\/2021\\\/11\\\/Palazzo-PIloni-sede-Provincia_edited.jpg\",\"articleSection\":[\"Lavoro, Economia, Turismo\"],\"inLanguage\":\"fr-FR\"},{\"@type\":\"WebPage\",\"@id\":\"https:\\\/\\\/www.bellunopress.it\\\/2026\\\/02\\\/11\\\/al-via-i-tavoli-tematici-della-provincia-per-il-futuro-del-territorio\\\/\",\"url\":\"https:\\\/\\\/www.bellunopress.it\\\/2026\\\/02\\\/11\\\/al-via-i-tavoli-tematici-della-provincia-per-il-futuro-del-territorio\\\/\",\"name\":\"Al via i Tavoli tematici della Provincia per il futuro del territorio - Bellunopress - Dolomiti\",\"isPartOf\":{\"@id\":\"https:\\\/\\\/www.bellunopress.it\\\/#website\"},\"primaryImageOfPage\":{\"@id\":\"https:\\\/\\\/www.bellunopress.it\\\/2026\\\/02\\\/11\\\/al-via-i-tavoli-tematici-della-provincia-per-il-futuro-del-territorio\\\/#primaryimage\"},\"image\":{\"@id\":\"https:\\\/\\\/www.bellunopress.it\\\/2026\\\/02\\\/11\\\/al-via-i-tavoli-tematici-della-provincia-per-il-futuro-del-territorio\\\/#primaryimage\"},\"thumbnailUrl\":\"https:\\\/\\\/www.bellunopress.it\\\/wp-content\\\/uploads\\\/2021\\\/11\\\/Palazzo-PIloni-sede-Provincia_edited.jpg\",\"datePublished\":\"2026-02-11T13:37:09+00:00\",\"breadcrumb\":{\"@id\":\"https:\\\/\\\/www.bellunopress.it\\\/2026\\\/02\\\/11\\\/al-via-i-tavoli-tematici-della-provincia-per-il-futuro-del-territorio\\\/#breadcrumb\"},\"inLanguage\":\"fr-FR\",\"potentialAction\":[{\"@type\":\"ReadAction\",\"target\":[\"https:\\\/\\\/www.bellunopress.it\\\/2026\\\/02\\\/11\\\/al-via-i-tavoli-tematici-della-provincia-per-il-futuro-del-territorio\\\/\"]}]},{\"@type\":\"ImageObject\",\"inLanguage\":\"fr-FR\",\"@id\":\"https:\\\/\\\/www.bellunopress.it\\\/2026\\\/02\\\/11\\\/al-via-i-tavoli-tematici-della-provincia-per-il-futuro-del-territorio\\\/#primaryimage\",\"url\":\"https:\\\/\\\/www.bellunopress.it\\\/wp-content\\\/uploads\\\/2021\\\/11\\\/Palazzo-PIloni-sede-Provincia_edited.jpg\",\"contentUrl\":\"https:\\\/\\\/www.bellunopress.it\\\/wp-content\\\/uploads\\\/2021\\\/11\\\/Palazzo-PIloni-sede-Provincia_edited.jpg\",\"width\":800,\"height\":515,\"caption\":\"Palazzo Piloni, sede della Provincia\"},{\"@type\":\"BreadcrumbList\",\"@id\":\"https:\\\/\\\/www.bellunopress.it\\\/2026\\\/02\\\/11\\\/al-via-i-tavoli-tematici-della-provincia-per-il-futuro-del-territorio\\\/#breadcrumb\",\"itemListElement\":[{\"@type\":\"ListItem\",\"position\":1,\"name\":\"Home\",\"item\":\"https:\\\/\\\/www.bellunopress.it\\\/\"},{\"@type\":\"ListItem\",\"position\":2,\"name\":\"Al via i Tavoli tematici della Provincia per il futuro del territorio\"}]},{\"@type\":\"WebSite\",\"@id\":\"https:\\\/\\\/www.bellunopress.it\\\/#website\",\"url\":\"https:\\\/\\\/www.bellunopress.it\\\/\",\"name\":\"Bellunopress - Dolomiti\",\"description\":\"e-mail: redazione@bellunopress.it\",\"publisher\":{\"@id\":\"https:\\\/\\\/www.bellunopress.it\\\/#organization\"},\"potentialAction\":[{\"@type\":\"SearchAction\",\"target\":{\"@type\":\"EntryPoint\",\"urlTemplate\":\"https:\\\/\\\/www.bellunopress.it\\\/?s={search_term_string}\"},\"query-input\":{\"@type\":\"PropertyValueSpecification\",\"valueRequired\":true,\"valueName\":\"search_term_string\"}}],\"inLanguage\":\"fr-FR\"},{\"@type\":\"Organization\",\"@id\":\"https:\\\/\\\/www.bellunopress.it\\\/#organization\",\"name\":\"Bellunopress\",\"url\":\"https:\\\/\\\/www.bellunopress.it\\\/\",\"logo\":{\"@type\":\"ImageObject\",\"inLanguage\":\"fr-FR\",\"@id\":\"https:\\\/\\\/www.bellunopress.it\\\/#\\\/schema\\\/logo\\\/image\\\/\",\"url\":\"https:\\\/\\\/www.bellunopress.it\\\/wp-content\\\/uploads\\\/2011\\\/05\\\/cropped-logo-bellunopress-.jpg\",\"contentUrl\":\"https:\\\/\\\/www.bellunopress.it\\\/wp-content\\\/uploads\\\/2011\\\/05\\\/cropped-logo-bellunopress-.jpg\",\"width\":512,\"height\":512,\"caption\":\"Bellunopress\"},\"image\":{\"@id\":\"https:\\\/\\\/www.bellunopress.it\\\/#\\\/schema\\\/logo\\\/image\\\/\"},\"sameAs\":[\"https:\\\/\\\/www.facebook.com\\\/profile.php?id=100008943462799\",\"https:\\\/\\\/x.com\\\/bellunopress\",\"https:\\\/\\\/www.linkedin.com\\\/hp\\\/?dnr=JBzUWaJfMUw8vbXJJ2tVW5-I3jZKvC4wsoxE&amp;amp;amp;amp;amp;amp;trk=nav_responsive_tab_home\",\"https:\\\/\\\/www.youtube.com\\\/channel\\\/UCxL0wu1uN0_3_7hGG0306cw\"]},{\"@type\":\"Person\",\"@id\":\"https:\\\/\\\/www.bellunopress.it\\\/#\\\/schema\\\/person\\\/79bb06722b37ece1c03d3e94beb30d73\",\"name\":\"redazione\",\"image\":{\"@type\":\"ImageObject\",\"inLanguage\":\"fr-FR\",\"@id\":\"https:\\\/\\\/secure.gravatar.com\\\/avatar\\\/37d968a2e67a6fd04c169c4bdef102d0bc5d31b2546345219e348575eb80e9a0?s=96&d=mm&r=g\",\"url\":\"https:\\\/\\\/secure.gravatar.com\\\/avatar\\\/37d968a2e67a6fd04c169c4bdef102d0bc5d31b2546345219e348575eb80e9a0?s=96&d=mm&r=g\",\"contentUrl\":\"https:\\\/\\\/secure.gravatar.com\\\/avatar\\\/37d968a2e67a6fd04c169c4bdef102d0bc5d31b2546345219e348575eb80e9a0?s=96&d=mm&r=g\",\"caption\":\"redazione\"},\"sameAs\":[\"http:\\\/\\\/www.bellunopress.it\",\"https:\\\/\\\/x.com\\\/bellunopress\"],\"url\":\"https:\\\/\\\/www.bellunopress.it\\\/fr\\\/author\\\/redazione\\\/\"}]}<\/script>\n<!-- \/ Yoast SEO plugin. -->","yoast_head_json":{"title":"Al via i Tavoli tematici della Provincia per il futuro del territorio - Bellunopress - Dolomiti","robots":{"index":"index","follow":"follow","max-snippet":"max-snippet:-1","max-image-preview":"max-image-preview:large","max-video-preview":"max-video-preview:-1"},"canonical":"https:\/\/www.bellunopress.it\/fr\/2026\/02\/11\/al-via-i-tavoli-tematici-della-provincia-per-il-futuro-del-territorio\/","og_locale":"fr_FR","og_type":"article","og_title":"Al via i Tavoli tematici della Provincia per il futuro del territorio - Bellunopress - Dolomiti","og_description":"Sviluppo, governance e servizi. Sono i macro temi su cui si concentrer\u00e0 l\u2019attenzione degli Stati Generali della Provincia, tramite tavoli ad hoc costituiti in questi giorni, nel percorso operativo previsto dall\u2019amministrazione provinciale per guidare il territorio verso lo sviluppo dei prossimi anni, in particolare nell\u2019accompagnare la Legacy olimpica. \u201cSi tratta di tre temi interconnessi l\u2019uno [&hellip;]","og_url":"https:\/\/www.bellunopress.it\/fr\/2026\/02\/11\/al-via-i-tavoli-tematici-della-provincia-per-il-futuro-del-territorio\/","og_site_name":"Bellunopress - Dolomiti","article_publisher":"https:\/\/www.facebook.com\/profile.php?id=100008943462799","article_published_time":"2026-02-11T13:37:09+00:00","og_image":[{"width":800,"height":515,"url":"https:\/\/www.bellunopress.it\/wp-content\/uploads\/2021\/11\/Palazzo-PIloni-sede-Provincia_edited.jpg","type":"image\/jpeg"}],"author":"redazione","twitter_card":"summary_large_image","twitter_creator":"@bellunopress","twitter_site":"@bellunopress","twitter_misc":{"\u00c9crit par":"redazione","Dur\u00e9e de lecture estim\u00e9e":"3 minutes"},"schema":{"@context":"https:\/\/schema.org","@graph":[{"@type":"Article","@id":"https:\/\/www.bellunopress.it\/2026\/02\/11\/al-via-i-tavoli-tematici-della-provincia-per-il-futuro-del-territorio\/#article","isPartOf":{"@id":"https:\/\/www.bellunopress.it\/2026\/02\/11\/al-via-i-tavoli-tematici-della-provincia-per-il-futuro-del-territorio\/"},"author":{"name":"redazione","@id":"https:\/\/www.bellunopress.it\/#\/schema\/person\/79bb06722b37ece1c03d3e94beb30d73"},"headline":"Al via i Tavoli tematici della Provincia per il futuro del territorio","datePublished":"2026-02-11T13:37:09+00:00","mainEntityOfPage":{"@id":"https:\/\/www.bellunopress.it\/2026\/02\/11\/al-via-i-tavoli-tematici-della-provincia-per-il-futuro-del-territorio\/"},"wordCount":556,"publisher":{"@id":"https:\/\/www.bellunopress.it\/#organization"},"image":{"@id":"https:\/\/www.bellunopress.it\/2026\/02\/11\/al-via-i-tavoli-tematici-della-provincia-per-il-futuro-del-territorio\/#primaryimage"},"thumbnailUrl":"https:\/\/www.bellunopress.it\/wp-content\/uploads\/2021\/11\/Palazzo-PIloni-sede-Provincia_edited.jpg","articleSection":["Lavoro, Economia, Turismo"],"inLanguage":"fr-FR"},{"@type":"WebPage","@id":"https:\/\/www.bellunopress.it\/2026\/02\/11\/al-via-i-tavoli-tematici-della-provincia-per-il-futuro-del-territorio\/","url":"https:\/\/www.bellunopress.it\/2026\/02\/11\/al-via-i-tavoli-tematici-della-provincia-per-il-futuro-del-territorio\/","name":"Al via i Tavoli tematici della Provincia per il futuro del territorio - Bellunopress - Dolomiti","isPartOf":{"@id":"https:\/\/www.bellunopress.it\/#website"},"primaryImageOfPage":{"@id":"https:\/\/www.bellunopress.it\/2026\/02\/11\/al-via-i-tavoli-tematici-della-provincia-per-il-futuro-del-territorio\/#primaryimage"},"image":{"@id":"https:\/\/www.bellunopress.it\/2026\/02\/11\/al-via-i-tavoli-tematici-della-provincia-per-il-futuro-del-territorio\/#primaryimage"},"thumbnailUrl":"https:\/\/www.bellunopress.it\/wp-content\/uploads\/2021\/11\/Palazzo-PIloni-sede-Provincia_edited.jpg","datePublished":"2026-02-11T13:37:09+00:00","breadcrumb":{"@id":"https:\/\/www.bellunopress.it\/2026\/02\/11\/al-via-i-tavoli-tematici-della-provincia-per-il-futuro-del-territorio\/#breadcrumb"},"inLanguage":"fr-FR","potentialAction":[{"@type":"ReadAction","target":["https:\/\/www.bellunopress.it\/2026\/02\/11\/al-via-i-tavoli-tematici-della-provincia-per-il-futuro-del-territorio\/"]}]},{"@type":"ImageObject","inLanguage":"fr-FR","@id":"https:\/\/www.bellunopress.it\/2026\/02\/11\/al-via-i-tavoli-tematici-della-provincia-per-il-futuro-del-territorio\/#primaryimage","url":"https:\/\/www.bellunopress.it\/wp-content\/uploads\/2021\/11\/Palazzo-PIloni-sede-Provincia_edited.jpg","contentUrl":"https:\/\/www.bellunopress.it\/wp-content\/uploads\/2021\/11\/Palazzo-PIloni-sede-Provincia_edited.jpg","width":800,"height":515,"caption":"Palazzo Piloni, sede della Provincia"},{"@type":"BreadcrumbList","@id":"https:\/\/www.bellunopress.it\/2026\/02\/11\/al-via-i-tavoli-tematici-della-provincia-per-il-futuro-del-territorio\/#breadcrumb","itemListElement":[{"@type":"ListItem","position":1,"name":"Home","item":"https:\/\/www.bellunopress.it\/"},{"@type":"ListItem","position":2,"name":"Al via i Tavoli tematici della Provincia per il futuro del territorio"}]},{"@type":"WebSite","@id":"https:\/\/www.bellunopress.it\/#website","url":"https:\/\/www.bellunopress.it\/","name":"Bellunopress - Dolomiti","description":"e-mail: redazione@bellunopress.it","publisher":{"@id":"https:\/\/www.bellunopress.it\/#organization"},"potentialAction":[{"@type":"SearchAction","target":{"@type":"EntryPoint","urlTemplate":"https:\/\/www.bellunopress.it\/?s={search_term_string}"},"query-input":{"@type":"PropertyValueSpecification","valueRequired":true,"valueName":"search_term_string"}}],"inLanguage":"fr-FR"},{"@type":"Organization","@id":"https:\/\/www.bellunopress.it\/#organization","name":"Bellunopress","url":"https:\/\/www.bellunopress.it\/","logo":{"@type":"ImageObject","inLanguage":"fr-FR","@id":"https:\/\/www.bellunopress.it\/#\/schema\/logo\/image\/","url":"https:\/\/www.bellunopress.it\/wp-content\/uploads\/2011\/05\/cropped-logo-bellunopress-.jpg","contentUrl":"https:\/\/www.bellunopress.it\/wp-content\/uploads\/2011\/05\/cropped-logo-bellunopress-.jpg","width":512,"height":512,"caption":"Bellunopress"},"image":{"@id":"https:\/\/www.bellunopress.it\/#\/schema\/logo\/image\/"},"sameAs":["https:\/\/www.facebook.com\/profile.php?id=100008943462799","https:\/\/x.com\/bellunopress","https:\/\/www.linkedin.com\/hp\/?dnr=JBzUWaJfMUw8vbXJJ2tVW5-I3jZKvC4wsoxE&amp;amp;amp;amp;amp;amp;trk=nav_responsive_tab_home","https:\/\/www.youtube.com\/channel\/UCxL0wu1uN0_3_7hGG0306cw"]},{"@type":"Person","@id":"https:\/\/www.bellunopress.it\/#\/schema\/person\/79bb06722b37ece1c03d3e94beb30d73","name":"r\u00e9daction","image":{"@type":"ImageObject","inLanguage":"fr-FR","@id":"https:\/\/secure.gravatar.com\/avatar\/37d968a2e67a6fd04c169c4bdef102d0bc5d31b2546345219e348575eb80e9a0?s=96&d=mm&r=g","url":"https:\/\/secure.gravatar.com\/avatar\/37d968a2e67a6fd04c169c4bdef102d0bc5d31b2546345219e348575eb80e9a0?s=96&d=mm&r=g","contentUrl":"https:\/\/secure.gravatar.com\/avatar\/37d968a2e67a6fd04c169c4bdef102d0bc5d31b2546345219e348575eb80e9a0?s=96&d=mm&r=g","caption":"redazione"},"sameAs":["http:\/\/www.bellunopress.it","https:\/\/x.com\/bellunopress"],"url":"https:\/\/www.bellunopress.it\/fr\/author\/redazione\/"}]}},"_links":{"self":[{"href":"https:\/\/www.bellunopress.it\/fr\/wp-json\/wp\/v2\/posts\/167380","targetHints":{"allow":["GET"]}}],"collection":[{"href":"https:\/\/www.bellunopress.it\/fr\/wp-json\/wp\/v2\/posts"}],"about":[{"href":"https:\/\/www.bellunopress.it\/fr\/wp-json\/wp\/v2\/types\/post"}],"author":[{"embeddable":true,"href":"https:\/\/www.bellunopress.it\/fr\/wp-json\/wp\/v2\/users\/2"}],"replies":[{"embeddable":true,"href":"https:\/\/www.bellunopress.it\/fr\/wp-json\/wp\/v2\/comments?post=167380"}],"version-history":[{"count":1,"href":"https:\/\/www.bellunopress.it\/fr\/wp-json\/wp\/v2\/posts\/167380\/revisions"}],"predecessor-version":[{"id":167381,"href":"https:\/\/www.bellunopress.it\/fr\/wp-json\/wp\/v2\/posts\/167380\/revisions\/167381"}],"wp:featuredmedia":[{"embeddable":true,"href":"https:\/\/www.bellunopress.it\/fr\/wp-json\/wp\/v2\/media\/129131"}],"wp:attachment":[{"href":"https:\/\/www.bellunopress.it\/fr\/wp-json\/wp\/v2\/media?parent=167380"}],"wp:term":[{"taxonomy":"category","embeddable":true,"href":"https:\/\/www.bellunopress.it\/fr\/wp-json\/wp\/v2\/categories?post=167380"},{"taxonomy":"post_tag","embeddable":true,"href":"https:\/\/www.bellunopress.it\/fr\/wp-json\/wp\/v2\/tags?post=167380"}],"curies":[{"name":"wp","href":"https:\/\/api.w.org\/{rel}","templated":true}]}}