{"id":167375,"date":"2026-02-11T14:18:43","date_gmt":"2026-02-11T13:18:43","guid":{"rendered":"https:\/\/www.bellunopress.it\/?p=167375"},"modified":"2026-02-11T14:18:43","modified_gmt":"2026-02-11T13:18:43","slug":"lo-sporthello-ciclo-di-incontri-a-perarolo-di-cadore-a-supporto-dellavvio-di-nuove-attivita","status":"publish","type":"post","link":"https:\/\/www.bellunopress.it\/fr\/2026\/02\/11\/lo-sporthello-ciclo-di-incontri-a-perarolo-di-cadore-a-supporto-dellavvio-di-nuove-attivita\/","title":{"rendered":"Lo Sporthello. Ciclo di incontri a Perarolo di Cadore, a supporto dell&#8217;avvio di nuove attivit\u00e0"},"content":{"rendered":"<p>\u201cAccendi la tua startup: tutto quello che devi sapere per iniziare\u201d \u00e8 il ciclo di incontri<br \/>\norganizzato dallo SportHello di Perarolo di Cadore con l\u2019obiettivo di supportare chi vuole<br \/>\navviare una nuova attivit\u00e0 imprenditoriale nei settori dell\u2019artigianato, del commercio e dei<br \/>\nservizi o dell\u2019agricoltura. Gli incontri sono organizzati con il contributo di Confartigianato<br \/>\nImprese Belluno, Confcommercio Belluno-Dolomiti e Coldiretti Belluno, che cureranno<br \/>\nciascuno un appuntamento dedicato al proprio ambito di competenza. Sar\u00e0 possibile<br \/>\npartecipare anche a un singolo incontro.<\/p>\n<p><strong>Il calendario degli appuntamenti<\/strong><br \/>\nIl ciclo di incontri si svolger\u00e0 nel corso del mese di febbraio presso la sede dello SportHello di Perarolo di Cadore, in localit\u00e0 Caralte 85. Ogni appuntamento sar\u00e0 dedicato a un settore<br \/>\nspecifico e offrir\u00e0 indicazioni pratiche e strumenti utili per avviare nuove attivit\u00e0 imprenditoriali.<\/p>\n<p>Si comincia marted\u00ec 17 febbraio alle ore 16:30 con l\u2019incontro a cura di Confartigianato<br \/>\nImprese Belluno, che approfondir\u00e0 i requisiti professionali e tecnici necessari per l\u2019avvio di<br \/>\nun\u2019impresa artigiana, fornendo inoltre informazioni sulle opportunit\u00e0 di finanziamento<br \/>\ndisponibili.<\/p>\n<p>Venerd\u00ec 20 febbraio alle ore 15:00 \u00e8 previsto l\u2019appuntamento con Confcommercio BellunoDolomiti, che offrir\u00e0 una panoramica sui requisiti per l\u2019apertura di attivit\u00e0 commerciali e di<br \/>\nservizi, dagli adempimenti amministrativi alla scelta della forma giuridica, fino alle principali<br \/>\nforme di incentivo.<\/p>\n<p>A chiudere il ciclo, venerd\u00ec 27 febbraio alle ore 10:00, sar\u00e0 l\u2019incontro curato da Coldiretti<br \/>\nBelluno, dedicato ai requisiti per l\u2019avvio di attivit\u00e0 agricole e ai supporti finanziari rivolti ai nuovi imprenditori del settore.<\/p>\n<p><strong>Lo SportHello<\/strong><br \/>\nLo SportHello di Perarolo di Cadore, attivo grazie ai finanziamenti dell&#8217;Unione Europea \u2013<br \/>\nNextGenerationEU, \u00e8 nato per rivitalizzare il territorio cadorino attraverso iniziative innovative nei settori di impresa, casa e comunit\u00e0. Il servizio \u00e8 promosso dal Comune di Perarolo di Cadore e gestito dal GAL Alto Bellunese. Per ulteriori informazioni sui servizi offerti, visita il sito<br \/>\nweb www.losporthello.it o contattaci ai seguenti recapiti:<br \/>\nLocalit\u00e0 Caralte 85<br \/>\n32010 Perarolo di Cadore (BL)<br \/>\nwww.losporthello.it<br \/>\ninfo@losporthello.it<br \/>\n0435 409903<br \/>\n\u2022 Email: info@losporthello.it<br \/>\n\u2022 Telefono: 0435 409903<br \/>\n\u2022 Facebook: Lo SportHello<br \/>\nLo SportHello \u00e8 l\u2019azione 6.2 del Progetto &#8220;DA PERAROLO A VENEZIA: VIAGGIO TRA L\u2019ACQUA E<br \/>\nL\u2019INGEGNO&#8221;, finanziato nell\u2019ambito del bando del PNRR, Missione 1, Componente 3, Misura<br \/>\n2, Investimento 2.1 &#8220;Attrattivit\u00e0 dei borghi storici&#8221;.<\/p>","protected":false},"excerpt":{"rendered":"<p>\u201cAccendi la tua startup: tutto quello che devi sapere per iniziare\u201d \u00e8 il ciclo di incontri organizzato dallo SportHello di Perarolo di Cadore con l\u2019obiettivo di supportare chi vuole avviare una nuova attivit\u00e0 imprenditoriale nei settori dell\u2019artigianato, del commercio e dei servizi o dell\u2019agricoltura. Gli incontri sono organizzati con il contributo di Confartigianato Imprese Belluno, [&hellip;]<\/p>\n","protected":false},"author":2,"featured_media":167376,"comment_status":"closed","ping_status":"open","sticky":false,"template":"","format":"standard","meta":{"footnotes":""},"categories":[36],"tags":[],"class_list":["post-167375","post","type-post","status-publish","format-standard","has-post-thumbnail","category-lavoro-economia"],"yoast_head":"<!-- This site is optimized with the Yoast SEO plugin v28.4 - https:\/\/yoast.com\/product\/yoast-seo-wordpress\/ -->\n<title>Lo Sporthello. Ciclo di incontri a Perarolo di Cadore, a supporto dell&#039;avvio di nuove attivit\u00e0 - Bellunopress - Dolomiti<\/title>\n<meta name=\"robots\" content=\"index, follow, max-snippet:-1, max-image-preview:large, max-video-preview:-1\" \/>\n<link rel=\"canonical\" href=\"https:\/\/www.bellunopress.it\/fr\/2026\/02\/11\/lo-sporthello-ciclo-di-incontri-a-perarolo-di-cadore-a-supporto-dellavvio-di-nuove-attivita\/\" \/>\n<meta property=\"og:locale\" content=\"fr_FR\" \/>\n<meta property=\"og:type\" content=\"article\" \/>\n<meta property=\"og:title\" content=\"Lo Sporthello. Ciclo di incontri a Perarolo di Cadore, a supporto dell&#039;avvio di nuove attivit\u00e0 - Bellunopress - Dolomiti\" \/>\n<meta property=\"og:description\" content=\"\u201cAccendi la tua startup: tutto quello che devi sapere per iniziare\u201d \u00e8 il ciclo di incontri organizzato dallo SportHello di Perarolo di Cadore con l\u2019obiettivo di supportare chi vuole avviare una nuova attivit\u00e0 imprenditoriale nei settori dell\u2019artigianato, del commercio e dei servizi o dell\u2019agricoltura. Gli incontri sono organizzati con il contributo di Confartigianato Imprese Belluno, [&hellip;]\" \/>\n<meta property=\"og:url\" content=\"https:\/\/www.bellunopress.it\/fr\/2026\/02\/11\/lo-sporthello-ciclo-di-incontri-a-perarolo-di-cadore-a-supporto-dellavvio-di-nuove-attivita\/\" \/>\n<meta property=\"og:site_name\" content=\"Bellunopress - Dolomiti\" \/>\n<meta property=\"article:publisher\" content=\"https:\/\/www.facebook.com\/profile.php?id=100008943462799\" \/>\n<meta property=\"article:published_time\" content=\"2026-02-11T13:18:43+00:00\" \/>\n<meta property=\"og:image\" content=\"https:\/\/www.bellunopress.it\/wp-content\/uploads\/2026\/02\/Lo-Sporthello-Perarolo-di-Cadore.jpg\" \/>\n\t<meta property=\"og:image:width\" content=\"483\" \/>\n\t<meta property=\"og:image:height\" content=\"472\" \/>\n\t<meta property=\"og:image:type\" content=\"image\/jpeg\" \/>\n<meta name=\"author\" content=\"redazione\" \/>\n<meta name=\"twitter:card\" content=\"summary_large_image\" \/>\n<meta name=\"twitter:creator\" content=\"@bellunopress\" \/>\n<meta name=\"twitter:site\" content=\"@bellunopress\" \/>\n<meta name=\"twitter:label1\" content=\"\u00c9crit par\" \/>\n\t<meta name=\"twitter:data1\" content=\"redazione\" \/>\n\t<meta name=\"twitter:label2\" content=\"Dur\u00e9e de lecture estim\u00e9e\" \/>\n\t<meta name=\"twitter:data2\" content=\"2 minutes\" \/>\n<script type=\"application\/ld+json\" class=\"yoast-schema-graph\">{\"@context\":\"https:\\\/\\\/schema.org\",\"@graph\":[{\"@type\":\"Article\",\"@id\":\"https:\\\/\\\/www.bellunopress.it\\\/2026\\\/02\\\/11\\\/lo-sporthello-ciclo-di-incontri-a-perarolo-di-cadore-a-supporto-dellavvio-di-nuove-attivita\\\/#article\",\"isPartOf\":{\"@id\":\"https:\\\/\\\/www.bellunopress.it\\\/2026\\\/02\\\/11\\\/lo-sporthello-ciclo-di-incontri-a-perarolo-di-cadore-a-supporto-dellavvio-di-nuove-attivita\\\/\"},\"author\":{\"name\":\"redazione\",\"@id\":\"https:\\\/\\\/www.bellunopress.it\\\/#\\\/schema\\\/person\\\/79bb06722b37ece1c03d3e94beb30d73\"},\"headline\":\"Lo Sporthello. Ciclo di incontri a Perarolo di Cadore, a supporto dell&#8217;avvio di nuove attivit\u00e0\",\"datePublished\":\"2026-02-11T13:18:43+00:00\",\"mainEntityOfPage\":{\"@id\":\"https:\\\/\\\/www.bellunopress.it\\\/2026\\\/02\\\/11\\\/lo-sporthello-ciclo-di-incontri-a-perarolo-di-cadore-a-supporto-dellavvio-di-nuove-attivita\\\/\"},\"wordCount\":373,\"publisher\":{\"@id\":\"https:\\\/\\\/www.bellunopress.it\\\/#organization\"},\"image\":{\"@id\":\"https:\\\/\\\/www.bellunopress.it\\\/2026\\\/02\\\/11\\\/lo-sporthello-ciclo-di-incontri-a-perarolo-di-cadore-a-supporto-dellavvio-di-nuove-attivita\\\/#primaryimage\"},\"thumbnailUrl\":\"https:\\\/\\\/www.bellunopress.it\\\/wp-content\\\/uploads\\\/2026\\\/02\\\/Lo-Sporthello-Perarolo-di-Cadore.jpg\",\"articleSection\":[\"Lavoro, Economia, Turismo\"],\"inLanguage\":\"fr-FR\"},{\"@type\":\"WebPage\",\"@id\":\"https:\\\/\\\/www.bellunopress.it\\\/2026\\\/02\\\/11\\\/lo-sporthello-ciclo-di-incontri-a-perarolo-di-cadore-a-supporto-dellavvio-di-nuove-attivita\\\/\",\"url\":\"https:\\\/\\\/www.bellunopress.it\\\/2026\\\/02\\\/11\\\/lo-sporthello-ciclo-di-incontri-a-perarolo-di-cadore-a-supporto-dellavvio-di-nuove-attivita\\\/\",\"name\":\"Lo Sporthello. Ciclo di incontri a Perarolo di Cadore, a supporto dell'avvio di nuove attivit\u00e0 - Bellunopress - Dolomiti\",\"isPartOf\":{\"@id\":\"https:\\\/\\\/www.bellunopress.it\\\/#website\"},\"primaryImageOfPage\":{\"@id\":\"https:\\\/\\\/www.bellunopress.it\\\/2026\\\/02\\\/11\\\/lo-sporthello-ciclo-di-incontri-a-perarolo-di-cadore-a-supporto-dellavvio-di-nuove-attivita\\\/#primaryimage\"},\"image\":{\"@id\":\"https:\\\/\\\/www.bellunopress.it\\\/2026\\\/02\\\/11\\\/lo-sporthello-ciclo-di-incontri-a-perarolo-di-cadore-a-supporto-dellavvio-di-nuove-attivita\\\/#primaryimage\"},\"thumbnailUrl\":\"https:\\\/\\\/www.bellunopress.it\\\/wp-content\\\/uploads\\\/2026\\\/02\\\/Lo-Sporthello-Perarolo-di-Cadore.jpg\",\"datePublished\":\"2026-02-11T13:18:43+00:00\",\"breadcrumb\":{\"@id\":\"https:\\\/\\\/www.bellunopress.it\\\/2026\\\/02\\\/11\\\/lo-sporthello-ciclo-di-incontri-a-perarolo-di-cadore-a-supporto-dellavvio-di-nuove-attivita\\\/#breadcrumb\"},\"inLanguage\":\"fr-FR\",\"potentialAction\":[{\"@type\":\"ReadAction\",\"target\":[\"https:\\\/\\\/www.bellunopress.it\\\/2026\\\/02\\\/11\\\/lo-sporthello-ciclo-di-incontri-a-perarolo-di-cadore-a-supporto-dellavvio-di-nuove-attivita\\\/\"]}]},{\"@type\":\"ImageObject\",\"inLanguage\":\"fr-FR\",\"@id\":\"https:\\\/\\\/www.bellunopress.it\\\/2026\\\/02\\\/11\\\/lo-sporthello-ciclo-di-incontri-a-perarolo-di-cadore-a-supporto-dellavvio-di-nuove-attivita\\\/#primaryimage\",\"url\":\"https:\\\/\\\/www.bellunopress.it\\\/wp-content\\\/uploads\\\/2026\\\/02\\\/Lo-Sporthello-Perarolo-di-Cadore.jpg\",\"contentUrl\":\"https:\\\/\\\/www.bellunopress.it\\\/wp-content\\\/uploads\\\/2026\\\/02\\\/Lo-Sporthello-Perarolo-di-Cadore.jpg\",\"width\":483,\"height\":472},{\"@type\":\"BreadcrumbList\",\"@id\":\"https:\\\/\\\/www.bellunopress.it\\\/2026\\\/02\\\/11\\\/lo-sporthello-ciclo-di-incontri-a-perarolo-di-cadore-a-supporto-dellavvio-di-nuove-attivita\\\/#breadcrumb\",\"itemListElement\":[{\"@type\":\"ListItem\",\"position\":1,\"name\":\"Home\",\"item\":\"https:\\\/\\\/www.bellunopress.it\\\/\"},{\"@type\":\"ListItem\",\"position\":2,\"name\":\"Lo Sporthello. Ciclo di incontri a Perarolo di Cadore, a supporto dell&#8217;avvio di nuove attivit\u00e0\"}]},{\"@type\":\"WebSite\",\"@id\":\"https:\\\/\\\/www.bellunopress.it\\\/#website\",\"url\":\"https:\\\/\\\/www.bellunopress.it\\\/\",\"name\":\"Bellunopress - Dolomiti\",\"description\":\"e-mail: redazione@bellunopress.it\",\"publisher\":{\"@id\":\"https:\\\/\\\/www.bellunopress.it\\\/#organization\"},\"potentialAction\":[{\"@type\":\"SearchAction\",\"target\":{\"@type\":\"EntryPoint\",\"urlTemplate\":\"https:\\\/\\\/www.bellunopress.it\\\/?s={search_term_string}\"},\"query-input\":{\"@type\":\"PropertyValueSpecification\",\"valueRequired\":true,\"valueName\":\"search_term_string\"}}],\"inLanguage\":\"fr-FR\"},{\"@type\":\"Organization\",\"@id\":\"https:\\\/\\\/www.bellunopress.it\\\/#organization\",\"name\":\"Bellunopress\",\"url\":\"https:\\\/\\\/www.bellunopress.it\\\/\",\"logo\":{\"@type\":\"ImageObject\",\"inLanguage\":\"fr-FR\",\"@id\":\"https:\\\/\\\/www.bellunopress.it\\\/#\\\/schema\\\/logo\\\/image\\\/\",\"url\":\"https:\\\/\\\/www.bellunopress.it\\\/wp-content\\\/uploads\\\/2011\\\/05\\\/cropped-logo-bellunopress-.jpg\",\"contentUrl\":\"https:\\\/\\\/www.bellunopress.it\\\/wp-content\\\/uploads\\\/2011\\\/05\\\/cropped-logo-bellunopress-.jpg\",\"width\":512,\"height\":512,\"caption\":\"Bellunopress\"},\"image\":{\"@id\":\"https:\\\/\\\/www.bellunopress.it\\\/#\\\/schema\\\/logo\\\/image\\\/\"},\"sameAs\":[\"https:\\\/\\\/www.facebook.com\\\/profile.php?id=100008943462799\",\"https:\\\/\\\/x.com\\\/bellunopress\",\"https:\\\/\\\/www.linkedin.com\\\/hp\\\/?dnr=JBzUWaJfMUw8vbXJJ2tVW5-I3jZKvC4wsoxE&amp;amp;amp;amp;amp;amp;trk=nav_responsive_tab_home\",\"https:\\\/\\\/www.youtube.com\\\/channel\\\/UCxL0wu1uN0_3_7hGG0306cw\"]},{\"@type\":\"Person\",\"@id\":\"https:\\\/\\\/www.bellunopress.it\\\/#\\\/schema\\\/person\\\/79bb06722b37ece1c03d3e94beb30d73\",\"name\":\"redazione\",\"image\":{\"@type\":\"ImageObject\",\"inLanguage\":\"fr-FR\",\"@id\":\"https:\\\/\\\/secure.gravatar.com\\\/avatar\\\/37d968a2e67a6fd04c169c4bdef102d0bc5d31b2546345219e348575eb80e9a0?s=96&d=mm&r=g\",\"url\":\"https:\\\/\\\/secure.gravatar.com\\\/avatar\\\/37d968a2e67a6fd04c169c4bdef102d0bc5d31b2546345219e348575eb80e9a0?s=96&d=mm&r=g\",\"contentUrl\":\"https:\\\/\\\/secure.gravatar.com\\\/avatar\\\/37d968a2e67a6fd04c169c4bdef102d0bc5d31b2546345219e348575eb80e9a0?s=96&d=mm&r=g\",\"caption\":\"redazione\"},\"sameAs\":[\"http:\\\/\\\/www.bellunopress.it\",\"https:\\\/\\\/x.com\\\/bellunopress\"],\"url\":\"https:\\\/\\\/www.bellunopress.it\\\/fr\\\/author\\\/redazione\\\/\"}]}<\/script>\n<!-- \/ Yoast SEO plugin. -->","yoast_head_json":{"title":"Lo Sporthello. Ciclo di incontri a Perarolo di Cadore, a supporto dell'avvio di nuove attivit\u00e0 - Bellunopress - Dolomiti","robots":{"index":"index","follow":"follow","max-snippet":"max-snippet:-1","max-image-preview":"max-image-preview:large","max-video-preview":"max-video-preview:-1"},"canonical":"https:\/\/www.bellunopress.it\/fr\/2026\/02\/11\/lo-sporthello-ciclo-di-incontri-a-perarolo-di-cadore-a-supporto-dellavvio-di-nuove-attivita\/","og_locale":"fr_FR","og_type":"article","og_title":"Lo Sporthello. Ciclo di incontri a Perarolo di Cadore, a supporto dell'avvio di nuove attivit\u00e0 - Bellunopress - Dolomiti","og_description":"\u201cAccendi la tua startup: tutto quello che devi sapere per iniziare\u201d \u00e8 il ciclo di incontri organizzato dallo SportHello di Perarolo di Cadore con l\u2019obiettivo di supportare chi vuole avviare una nuova attivit\u00e0 imprenditoriale nei settori dell\u2019artigianato, del commercio e dei servizi o dell\u2019agricoltura. Gli incontri sono organizzati con il contributo di Confartigianato Imprese Belluno, [&hellip;]","og_url":"https:\/\/www.bellunopress.it\/fr\/2026\/02\/11\/lo-sporthello-ciclo-di-incontri-a-perarolo-di-cadore-a-supporto-dellavvio-di-nuove-attivita\/","og_site_name":"Bellunopress - Dolomiti","article_publisher":"https:\/\/www.facebook.com\/profile.php?id=100008943462799","article_published_time":"2026-02-11T13:18:43+00:00","og_image":[{"width":483,"height":472,"url":"https:\/\/www.bellunopress.it\/wp-content\/uploads\/2026\/02\/Lo-Sporthello-Perarolo-di-Cadore.jpg","type":"image\/jpeg"}],"author":"redazione","twitter_card":"summary_large_image","twitter_creator":"@bellunopress","twitter_site":"@bellunopress","twitter_misc":{"\u00c9crit par":"redazione","Dur\u00e9e de lecture estim\u00e9e":"2 minutes"},"schema":{"@context":"https:\/\/schema.org","@graph":[{"@type":"Article","@id":"https:\/\/www.bellunopress.it\/2026\/02\/11\/lo-sporthello-ciclo-di-incontri-a-perarolo-di-cadore-a-supporto-dellavvio-di-nuove-attivita\/#article","isPartOf":{"@id":"https:\/\/www.bellunopress.it\/2026\/02\/11\/lo-sporthello-ciclo-di-incontri-a-perarolo-di-cadore-a-supporto-dellavvio-di-nuove-attivita\/"},"author":{"name":"redazione","@id":"https:\/\/www.bellunopress.it\/#\/schema\/person\/79bb06722b37ece1c03d3e94beb30d73"},"headline":"Lo Sporthello. Ciclo di incontri a Perarolo di Cadore, a supporto dell&#8217;avvio di nuove attivit\u00e0","datePublished":"2026-02-11T13:18:43+00:00","mainEntityOfPage":{"@id":"https:\/\/www.bellunopress.it\/2026\/02\/11\/lo-sporthello-ciclo-di-incontri-a-perarolo-di-cadore-a-supporto-dellavvio-di-nuove-attivita\/"},"wordCount":373,"publisher":{"@id":"https:\/\/www.bellunopress.it\/#organization"},"image":{"@id":"https:\/\/www.bellunopress.it\/2026\/02\/11\/lo-sporthello-ciclo-di-incontri-a-perarolo-di-cadore-a-supporto-dellavvio-di-nuove-attivita\/#primaryimage"},"thumbnailUrl":"https:\/\/www.bellunopress.it\/wp-content\/uploads\/2026\/02\/Lo-Sporthello-Perarolo-di-Cadore.jpg","articleSection":["Lavoro, Economia, Turismo"],"inLanguage":"fr-FR"},{"@type":"WebPage","@id":"https:\/\/www.bellunopress.it\/2026\/02\/11\/lo-sporthello-ciclo-di-incontri-a-perarolo-di-cadore-a-supporto-dellavvio-di-nuove-attivita\/","url":"https:\/\/www.bellunopress.it\/2026\/02\/11\/lo-sporthello-ciclo-di-incontri-a-perarolo-di-cadore-a-supporto-dellavvio-di-nuove-attivita\/","name":"Lo Sporthello. Ciclo di incontri a Perarolo di Cadore, a supporto dell'avvio di nuove attivit\u00e0 - Bellunopress - Dolomiti","isPartOf":{"@id":"https:\/\/www.bellunopress.it\/#website"},"primaryImageOfPage":{"@id":"https:\/\/www.bellunopress.it\/2026\/02\/11\/lo-sporthello-ciclo-di-incontri-a-perarolo-di-cadore-a-supporto-dellavvio-di-nuove-attivita\/#primaryimage"},"image":{"@id":"https:\/\/www.bellunopress.it\/2026\/02\/11\/lo-sporthello-ciclo-di-incontri-a-perarolo-di-cadore-a-supporto-dellavvio-di-nuove-attivita\/#primaryimage"},"thumbnailUrl":"https:\/\/www.bellunopress.it\/wp-content\/uploads\/2026\/02\/Lo-Sporthello-Perarolo-di-Cadore.jpg","datePublished":"2026-02-11T13:18:43+00:00","breadcrumb":{"@id":"https:\/\/www.bellunopress.it\/2026\/02\/11\/lo-sporthello-ciclo-di-incontri-a-perarolo-di-cadore-a-supporto-dellavvio-di-nuove-attivita\/#breadcrumb"},"inLanguage":"fr-FR","potentialAction":[{"@type":"ReadAction","target":["https:\/\/www.bellunopress.it\/2026\/02\/11\/lo-sporthello-ciclo-di-incontri-a-perarolo-di-cadore-a-supporto-dellavvio-di-nuove-attivita\/"]}]},{"@type":"ImageObject","inLanguage":"fr-FR","@id":"https:\/\/www.bellunopress.it\/2026\/02\/11\/lo-sporthello-ciclo-di-incontri-a-perarolo-di-cadore-a-supporto-dellavvio-di-nuove-attivita\/#primaryimage","url":"https:\/\/www.bellunopress.it\/wp-content\/uploads\/2026\/02\/Lo-Sporthello-Perarolo-di-Cadore.jpg","contentUrl":"https:\/\/www.bellunopress.it\/wp-content\/uploads\/2026\/02\/Lo-Sporthello-Perarolo-di-Cadore.jpg","width":483,"height":472},{"@type":"BreadcrumbList","@id":"https:\/\/www.bellunopress.it\/2026\/02\/11\/lo-sporthello-ciclo-di-incontri-a-perarolo-di-cadore-a-supporto-dellavvio-di-nuove-attivita\/#breadcrumb","itemListElement":[{"@type":"ListItem","position":1,"name":"Home","item":"https:\/\/www.bellunopress.it\/"},{"@type":"ListItem","position":2,"name":"Lo Sporthello. Ciclo di incontri a Perarolo di Cadore, a supporto dell&#8217;avvio di nuove attivit\u00e0"}]},{"@type":"WebSite","@id":"https:\/\/www.bellunopress.it\/#website","url":"https:\/\/www.bellunopress.it\/","name":"Bellunopress - Dolomiti","description":"e-mail: redazione@bellunopress.it","publisher":{"@id":"https:\/\/www.bellunopress.it\/#organization"},"potentialAction":[{"@type":"SearchAction","target":{"@type":"EntryPoint","urlTemplate":"https:\/\/www.bellunopress.it\/?s={search_term_string}"},"query-input":{"@type":"PropertyValueSpecification","valueRequired":true,"valueName":"search_term_string"}}],"inLanguage":"fr-FR"},{"@type":"Organization","@id":"https:\/\/www.bellunopress.it\/#organization","name":"Bellunopress","url":"https:\/\/www.bellunopress.it\/","logo":{"@type":"ImageObject","inLanguage":"fr-FR","@id":"https:\/\/www.bellunopress.it\/#\/schema\/logo\/image\/","url":"https:\/\/www.bellunopress.it\/wp-content\/uploads\/2011\/05\/cropped-logo-bellunopress-.jpg","contentUrl":"https:\/\/www.bellunopress.it\/wp-content\/uploads\/2011\/05\/cropped-logo-bellunopress-.jpg","width":512,"height":512,"caption":"Bellunopress"},"image":{"@id":"https:\/\/www.bellunopress.it\/#\/schema\/logo\/image\/"},"sameAs":["https:\/\/www.facebook.com\/profile.php?id=100008943462799","https:\/\/x.com\/bellunopress","https:\/\/www.linkedin.com\/hp\/?dnr=JBzUWaJfMUw8vbXJJ2tVW5-I3jZKvC4wsoxE&amp;amp;amp;amp;amp;amp;trk=nav_responsive_tab_home","https:\/\/www.youtube.com\/channel\/UCxL0wu1uN0_3_7hGG0306cw"]},{"@type":"Person","@id":"https:\/\/www.bellunopress.it\/#\/schema\/person\/79bb06722b37ece1c03d3e94beb30d73","name":"r\u00e9daction","image":{"@type":"ImageObject","inLanguage":"fr-FR","@id":"https:\/\/secure.gravatar.com\/avatar\/37d968a2e67a6fd04c169c4bdef102d0bc5d31b2546345219e348575eb80e9a0?s=96&d=mm&r=g","url":"https:\/\/secure.gravatar.com\/avatar\/37d968a2e67a6fd04c169c4bdef102d0bc5d31b2546345219e348575eb80e9a0?s=96&d=mm&r=g","contentUrl":"https:\/\/secure.gravatar.com\/avatar\/37d968a2e67a6fd04c169c4bdef102d0bc5d31b2546345219e348575eb80e9a0?s=96&d=mm&r=g","caption":"redazione"},"sameAs":["http:\/\/www.bellunopress.it","https:\/\/x.com\/bellunopress"],"url":"https:\/\/www.bellunopress.it\/fr\/author\/redazione\/"}]}},"_links":{"self":[{"href":"https:\/\/www.bellunopress.it\/fr\/wp-json\/wp\/v2\/posts\/167375","targetHints":{"allow":["GET"]}}],"collection":[{"href":"https:\/\/www.bellunopress.it\/fr\/wp-json\/wp\/v2\/posts"}],"about":[{"href":"https:\/\/www.bellunopress.it\/fr\/wp-json\/wp\/v2\/types\/post"}],"author":[{"embeddable":true,"href":"https:\/\/www.bellunopress.it\/fr\/wp-json\/wp\/v2\/users\/2"}],"replies":[{"embeddable":true,"href":"https:\/\/www.bellunopress.it\/fr\/wp-json\/wp\/v2\/comments?post=167375"}],"version-history":[{"count":1,"href":"https:\/\/www.bellunopress.it\/fr\/wp-json\/wp\/v2\/posts\/167375\/revisions"}],"predecessor-version":[{"id":167377,"href":"https:\/\/www.bellunopress.it\/fr\/wp-json\/wp\/v2\/posts\/167375\/revisions\/167377"}],"wp:featuredmedia":[{"embeddable":true,"href":"https:\/\/www.bellunopress.it\/fr\/wp-json\/wp\/v2\/media\/167376"}],"wp:attachment":[{"href":"https:\/\/www.bellunopress.it\/fr\/wp-json\/wp\/v2\/media?parent=167375"}],"wp:term":[{"taxonomy":"category","embeddable":true,"href":"https:\/\/www.bellunopress.it\/fr\/wp-json\/wp\/v2\/categories?post=167375"},{"taxonomy":"post_tag","embeddable":true,"href":"https:\/\/www.bellunopress.it\/fr\/wp-json\/wp\/v2\/tags?post=167375"}],"curies":[{"name":"wp","href":"https:\/\/api.w.org\/{rel}","templated":true}]}}