{"id":167346,"date":"2026-02-15T10:55:40","date_gmt":"2026-02-15T09:55:40","guid":{"rendered":"https:\/\/www.bellunopress.it\/?p=167346"},"modified":"2026-02-10T14:58:08","modified_gmt":"2026-02-10T13:58:08","slug":"belluno-martedi-17-febbraio-la-quarta-edizione-della-pedonata-mascherata","status":"publish","type":"post","link":"https:\/\/www.bellunopress.it\/fr\/2026\/02\/15\/belluno-martedi-17-febbraio-la-quarta-edizione-della-pedonata-mascherata\/","title":{"rendered":"Belluno. Marted\u00ec 17 febbraio la quarta edizione della Pedonata Mascherata"},"content":{"rendered":"<p>Belluno festeggia il Carnevale: marted\u00ec 17 febbraio, Marted\u00ec Grasso, festa e colori in centro storico con la Pedonata Mascherata.<\/p>\n<p>Torna infatti anche quest\u2019anno uno degli appuntamenti pi\u00f9 attesi del Carnevale bellunese, giunto alla sua quarta edizione e ormai diventato una tradizione cittadina. L\u2019iniziativa, nata nel 2023, animer\u00e0 le vie del centro storico con una passeggiata non competitiva a tema carnevalesco, pensata per bambini, famiglie e per tutti coloro che hanno voglia di vivere il Carnevale in modo allegro e condiviso.<\/p>\n<p>Come ogni anno, anche per questa edizione sono attesi centinaia di bambini in maschera, accompagnati dagli adulti e anche dai propri amici a quattro zampe. Un momento di festa capace di unire generazioni diverse in un pomeriggio di svago e di sport. Al termine della manifestazione, non mancher\u00e0 la tradizionale\u00a0merenda per tutti i partecipanti, curata e offerta dall\u2019Associazione Atletica Dolomiti. Fondamentale, come sempre, il supporto degli\u00a0Alpini della sezione ANA di Belluno, impegnati nel garantire la sicurezza lungo il percorso con le chiusure dinamiche delle vie di transito, e dell\u2019AICS, che sostiene l\u2019iniziativa.<\/p>\n<p>\u201cLa Pedonata Mascherata \u00e8 un\u2019altra bellissima occasione per promuovere l\u2019attivit\u00e0 motoria in modo giocoso e inclusivo \u2013 sottolinea l\u2019assessore allo sport\u00a0Monica Mazzoccoli\u00a0\u2013. \u00c8 una festa di movimento, di colori e di sorrisi, che unisce la voglia di stare insieme al piacere di vivere il Carnevale, che \u00e8 per antonomasia la festa dei bambini. Un ringraziamento particolare va agli alpini, agli organizzatori e a tutti coloro che ogni anno rendono possibile questo momento di allegria condivisa nel cuore della nostra Citt\u00e0\u201d.<\/p>\n<p>Un\u2019occasione, quella del Carnevale in piazza e della passeggiata tra le vie cittadine, per promuovere la Citt\u00e0 e farla conoscere anche a chi viene da fuori. \u201cNegli ultimi anni il Carnevale ha acquisito sempre pi\u00f9 valore come manifestazione capace di attrarre famiglie e visitatori \u2013 spiega infatti l\u2019assessore al turismo, Paolo Luciani -. Accanto ai Carnevali storici delle nostre valli e delle terre alte, che rappresentano un patrimonio di tradizioni antiche, anche Belluno si sta affermando sempre di pi\u00f9 con una proposta propria, cos\u00ec come Sedico, che vanta una tradizione consolidata e uno spettacolo di grande richiamo. L\u2019obiettivo \u00e8 quello di offrire qualcosa di diverso e complementare. In questo modo le famiglie possono scegliere di partecipare a pi\u00f9 appuntamenti, trovando ogni volta un\u2019esperienza nuova\u201d.<\/p>\n<p><strong>NOVITA\u2019 2026<\/strong><br \/>\nTra le novit\u00e0 di quest\u2019anno, arriva anche una simpatica iniziativa digitale: la\u00a0\u201cgara di Like\u201d. Le mamme e i pap\u00e0 potranno pubblicare su Facebook una foto del proprio bambino scattata davanti agli\u00a0Spectaculars\u00a0in Piazza dei Martiri, impostando la privacy del post su \u201cpubblica\u201d, utilizzando l\u2019hashtag\u00a0#bellunomascherata\u00a0e taggando\u00a0\u201cAdorable Belluno\u201d.<br \/>\nLe dieci foto che, entro il 24 febbraio, riceveranno pi\u00f9 like saranno invitate il\u00a027 febbraio a Palazzo Rosso\u00a0per una foto di gruppo e la cerimonia di consegna di gadget e buoni acquisto, offerti dal\u00a0Consorzio dei Commercianti del Centro Storico di Belluno.<\/p>\n<p>&nbsp;<\/p>","protected":false},"excerpt":{"rendered":"<p>Belluno festeggia il Carnevale: marted\u00ec 17 febbraio, Marted\u00ec Grasso, festa e colori in centro storico con la Pedonata Mascherata. Torna infatti anche quest\u2019anno uno degli appuntamenti pi\u00f9 attesi del Carnevale bellunese, giunto alla sua quarta edizione e ormai diventato una tradizione cittadina. L\u2019iniziativa, nata nel 2023, animer\u00e0 le vie del centro storico con una passeggiata [&hellip;]<\/p>\n","protected":false},"author":2,"featured_media":158448,"comment_status":"closed","ping_status":"open","sticky":false,"template":"","format":"standard","meta":{"footnotes":""},"categories":[25,4],"tags":[],"class_list":["post-167346","post","type-post","status-publish","format-standard","has-post-thumbnail","category-pausa-caffe","category-sport"],"yoast_head":"<!-- This site is optimized with the Yoast SEO plugin v28.4 - https:\/\/yoast.com\/product\/yoast-seo-wordpress\/ -->\n<title>Belluno. Marted\u00ec 17 febbraio la quarta edizione della Pedonata Mascherata - Bellunopress - Dolomiti<\/title>\n<meta name=\"robots\" content=\"index, follow, max-snippet:-1, max-image-preview:large, max-video-preview:-1\" \/>\n<link rel=\"canonical\" href=\"https:\/\/www.bellunopress.it\/fr\/2026\/02\/15\/belluno-martedi-17-febbraio-la-quarta-edizione-della-pedonata-mascherata\/\" \/>\n<meta property=\"og:locale\" content=\"fr_FR\" \/>\n<meta property=\"og:type\" content=\"article\" \/>\n<meta property=\"og:title\" content=\"Belluno. Marted\u00ec 17 febbraio la quarta edizione della Pedonata Mascherata - Bellunopress - Dolomiti\" \/>\n<meta property=\"og:description\" content=\"Belluno festeggia il Carnevale: marted\u00ec 17 febbraio, Marted\u00ec Grasso, festa e colori in centro storico con la Pedonata Mascherata. Torna infatti anche quest\u2019anno uno degli appuntamenti pi\u00f9 attesi del Carnevale bellunese, giunto alla sua quarta edizione e ormai diventato una tradizione cittadina. L\u2019iniziativa, nata nel 2023, animer\u00e0 le vie del centro storico con una passeggiata [&hellip;]\" \/>\n<meta property=\"og:url\" content=\"https:\/\/www.bellunopress.it\/fr\/2026\/02\/15\/belluno-martedi-17-febbraio-la-quarta-edizione-della-pedonata-mascherata\/\" \/>\n<meta property=\"og:site_name\" content=\"Bellunopress - Dolomiti\" \/>\n<meta property=\"article:publisher\" content=\"https:\/\/www.facebook.com\/profile.php?id=100008943462799\" \/>\n<meta property=\"article:published_time\" content=\"2026-02-15T09:55:40+00:00\" \/>\n<meta property=\"og:image\" content=\"https:\/\/www.bellunopress.it\/wp-content\/uploads\/2025\/03\/Pippo-Carnevale-Belluno.jpg\" \/>\n\t<meta property=\"og:image:width\" content=\"978\" \/>\n\t<meta property=\"og:image:height\" content=\"931\" \/>\n\t<meta property=\"og:image:type\" content=\"image\/jpeg\" \/>\n<meta name=\"author\" content=\"redazione\" \/>\n<meta name=\"twitter:card\" content=\"summary_large_image\" \/>\n<meta name=\"twitter:creator\" content=\"@bellunopress\" \/>\n<meta name=\"twitter:site\" content=\"@bellunopress\" \/>\n<meta name=\"twitter:label1\" content=\"\u00c9crit par\" \/>\n\t<meta name=\"twitter:data1\" content=\"redazione\" \/>\n\t<meta name=\"twitter:label2\" content=\"Dur\u00e9e de lecture estim\u00e9e\" \/>\n\t<meta name=\"twitter:data2\" content=\"2 minutes\" \/>\n<script type=\"application\/ld+json\" class=\"yoast-schema-graph\">{\"@context\":\"https:\\\/\\\/schema.org\",\"@graph\":[{\"@type\":\"Article\",\"@id\":\"https:\\\/\\\/www.bellunopress.it\\\/2026\\\/02\\\/15\\\/belluno-martedi-17-febbraio-la-quarta-edizione-della-pedonata-mascherata\\\/#article\",\"isPartOf\":{\"@id\":\"https:\\\/\\\/www.bellunopress.it\\\/2026\\\/02\\\/15\\\/belluno-martedi-17-febbraio-la-quarta-edizione-della-pedonata-mascherata\\\/\"},\"author\":{\"name\":\"redazione\",\"@id\":\"https:\\\/\\\/www.bellunopress.it\\\/#\\\/schema\\\/person\\\/79bb06722b37ece1c03d3e94beb30d73\"},\"headline\":\"Belluno. Marted\u00ec 17 febbraio la quarta edizione della Pedonata Mascherata\",\"datePublished\":\"2026-02-15T09:55:40+00:00\",\"mainEntityOfPage\":{\"@id\":\"https:\\\/\\\/www.bellunopress.it\\\/2026\\\/02\\\/15\\\/belluno-martedi-17-febbraio-la-quarta-edizione-della-pedonata-mascherata\\\/\"},\"wordCount\":489,\"publisher\":{\"@id\":\"https:\\\/\\\/www.bellunopress.it\\\/#organization\"},\"image\":{\"@id\":\"https:\\\/\\\/www.bellunopress.it\\\/2026\\\/02\\\/15\\\/belluno-martedi-17-febbraio-la-quarta-edizione-della-pedonata-mascherata\\\/#primaryimage\"},\"thumbnailUrl\":\"https:\\\/\\\/www.bellunopress.it\\\/wp-content\\\/uploads\\\/2025\\\/03\\\/Pippo-Carnevale-Belluno.jpg\",\"articleSection\":[\"Pausa Caff\u00e8\",\"Sport, tempo libero\"],\"inLanguage\":\"fr-FR\"},{\"@type\":\"WebPage\",\"@id\":\"https:\\\/\\\/www.bellunopress.it\\\/2026\\\/02\\\/15\\\/belluno-martedi-17-febbraio-la-quarta-edizione-della-pedonata-mascherata\\\/\",\"url\":\"https:\\\/\\\/www.bellunopress.it\\\/2026\\\/02\\\/15\\\/belluno-martedi-17-febbraio-la-quarta-edizione-della-pedonata-mascherata\\\/\",\"name\":\"Belluno. Marted\u00ec 17 febbraio la quarta edizione della Pedonata Mascherata - Bellunopress - Dolomiti\",\"isPartOf\":{\"@id\":\"https:\\\/\\\/www.bellunopress.it\\\/#website\"},\"primaryImageOfPage\":{\"@id\":\"https:\\\/\\\/www.bellunopress.it\\\/2026\\\/02\\\/15\\\/belluno-martedi-17-febbraio-la-quarta-edizione-della-pedonata-mascherata\\\/#primaryimage\"},\"image\":{\"@id\":\"https:\\\/\\\/www.bellunopress.it\\\/2026\\\/02\\\/15\\\/belluno-martedi-17-febbraio-la-quarta-edizione-della-pedonata-mascherata\\\/#primaryimage\"},\"thumbnailUrl\":\"https:\\\/\\\/www.bellunopress.it\\\/wp-content\\\/uploads\\\/2025\\\/03\\\/Pippo-Carnevale-Belluno.jpg\",\"datePublished\":\"2026-02-15T09:55:40+00:00\",\"breadcrumb\":{\"@id\":\"https:\\\/\\\/www.bellunopress.it\\\/2026\\\/02\\\/15\\\/belluno-martedi-17-febbraio-la-quarta-edizione-della-pedonata-mascherata\\\/#breadcrumb\"},\"inLanguage\":\"fr-FR\",\"potentialAction\":[{\"@type\":\"ReadAction\",\"target\":[\"https:\\\/\\\/www.bellunopress.it\\\/2026\\\/02\\\/15\\\/belluno-martedi-17-febbraio-la-quarta-edizione-della-pedonata-mascherata\\\/\"]}]},{\"@type\":\"ImageObject\",\"inLanguage\":\"fr-FR\",\"@id\":\"https:\\\/\\\/www.bellunopress.it\\\/2026\\\/02\\\/15\\\/belluno-martedi-17-febbraio-la-quarta-edizione-della-pedonata-mascherata\\\/#primaryimage\",\"url\":\"https:\\\/\\\/www.bellunopress.it\\\/wp-content\\\/uploads\\\/2025\\\/03\\\/Pippo-Carnevale-Belluno.jpg\",\"contentUrl\":\"https:\\\/\\\/www.bellunopress.it\\\/wp-content\\\/uploads\\\/2025\\\/03\\\/Pippo-Carnevale-Belluno.jpg\",\"width\":978,\"height\":931},{\"@type\":\"BreadcrumbList\",\"@id\":\"https:\\\/\\\/www.bellunopress.it\\\/2026\\\/02\\\/15\\\/belluno-martedi-17-febbraio-la-quarta-edizione-della-pedonata-mascherata\\\/#breadcrumb\",\"itemListElement\":[{\"@type\":\"ListItem\",\"position\":1,\"name\":\"Home\",\"item\":\"https:\\\/\\\/www.bellunopress.it\\\/\"},{\"@type\":\"ListItem\",\"position\":2,\"name\":\"Belluno. Marted\u00ec 17 febbraio la quarta edizione della Pedonata Mascherata\"}]},{\"@type\":\"WebSite\",\"@id\":\"https:\\\/\\\/www.bellunopress.it\\\/#website\",\"url\":\"https:\\\/\\\/www.bellunopress.it\\\/\",\"name\":\"Bellunopress - Dolomiti\",\"description\":\"e-mail: redazione@bellunopress.it\",\"publisher\":{\"@id\":\"https:\\\/\\\/www.bellunopress.it\\\/#organization\"},\"potentialAction\":[{\"@type\":\"SearchAction\",\"target\":{\"@type\":\"EntryPoint\",\"urlTemplate\":\"https:\\\/\\\/www.bellunopress.it\\\/?s={search_term_string}\"},\"query-input\":{\"@type\":\"PropertyValueSpecification\",\"valueRequired\":true,\"valueName\":\"search_term_string\"}}],\"inLanguage\":\"fr-FR\"},{\"@type\":\"Organization\",\"@id\":\"https:\\\/\\\/www.bellunopress.it\\\/#organization\",\"name\":\"Bellunopress\",\"url\":\"https:\\\/\\\/www.bellunopress.it\\\/\",\"logo\":{\"@type\":\"ImageObject\",\"inLanguage\":\"fr-FR\",\"@id\":\"https:\\\/\\\/www.bellunopress.it\\\/#\\\/schema\\\/logo\\\/image\\\/\",\"url\":\"https:\\\/\\\/www.bellunopress.it\\\/wp-content\\\/uploads\\\/2011\\\/05\\\/cropped-logo-bellunopress-.jpg\",\"contentUrl\":\"https:\\\/\\\/www.bellunopress.it\\\/wp-content\\\/uploads\\\/2011\\\/05\\\/cropped-logo-bellunopress-.jpg\",\"width\":512,\"height\":512,\"caption\":\"Bellunopress\"},\"image\":{\"@id\":\"https:\\\/\\\/www.bellunopress.it\\\/#\\\/schema\\\/logo\\\/image\\\/\"},\"sameAs\":[\"https:\\\/\\\/www.facebook.com\\\/profile.php?id=100008943462799\",\"https:\\\/\\\/x.com\\\/bellunopress\",\"https:\\\/\\\/www.linkedin.com\\\/hp\\\/?dnr=JBzUWaJfMUw8vbXJJ2tVW5-I3jZKvC4wsoxE&amp;amp;amp;amp;amp;amp;trk=nav_responsive_tab_home\",\"https:\\\/\\\/www.youtube.com\\\/channel\\\/UCxL0wu1uN0_3_7hGG0306cw\"]},{\"@type\":\"Person\",\"@id\":\"https:\\\/\\\/www.bellunopress.it\\\/#\\\/schema\\\/person\\\/79bb06722b37ece1c03d3e94beb30d73\",\"name\":\"redazione\",\"image\":{\"@type\":\"ImageObject\",\"inLanguage\":\"fr-FR\",\"@id\":\"https:\\\/\\\/secure.gravatar.com\\\/avatar\\\/37d968a2e67a6fd04c169c4bdef102d0bc5d31b2546345219e348575eb80e9a0?s=96&d=mm&r=g\",\"url\":\"https:\\\/\\\/secure.gravatar.com\\\/avatar\\\/37d968a2e67a6fd04c169c4bdef102d0bc5d31b2546345219e348575eb80e9a0?s=96&d=mm&r=g\",\"contentUrl\":\"https:\\\/\\\/secure.gravatar.com\\\/avatar\\\/37d968a2e67a6fd04c169c4bdef102d0bc5d31b2546345219e348575eb80e9a0?s=96&d=mm&r=g\",\"caption\":\"redazione\"},\"sameAs\":[\"http:\\\/\\\/www.bellunopress.it\",\"https:\\\/\\\/x.com\\\/bellunopress\"],\"url\":\"https:\\\/\\\/www.bellunopress.it\\\/fr\\\/author\\\/redazione\\\/\"}]}<\/script>\n<!-- \/ Yoast SEO plugin. -->","yoast_head_json":{"title":"Belluno. Marted\u00ec 17 febbraio la quarta edizione della Pedonata Mascherata - Bellunopress - Dolomiti","robots":{"index":"index","follow":"follow","max-snippet":"max-snippet:-1","max-image-preview":"max-image-preview:large","max-video-preview":"max-video-preview:-1"},"canonical":"https:\/\/www.bellunopress.it\/fr\/2026\/02\/15\/belluno-martedi-17-febbraio-la-quarta-edizione-della-pedonata-mascherata\/","og_locale":"fr_FR","og_type":"article","og_title":"Belluno. Marted\u00ec 17 febbraio la quarta edizione della Pedonata Mascherata - Bellunopress - Dolomiti","og_description":"Belluno festeggia il Carnevale: marted\u00ec 17 febbraio, Marted\u00ec Grasso, festa e colori in centro storico con la Pedonata Mascherata. Torna infatti anche quest\u2019anno uno degli appuntamenti pi\u00f9 attesi del Carnevale bellunese, giunto alla sua quarta edizione e ormai diventato una tradizione cittadina. L\u2019iniziativa, nata nel 2023, animer\u00e0 le vie del centro storico con una passeggiata [&hellip;]","og_url":"https:\/\/www.bellunopress.it\/fr\/2026\/02\/15\/belluno-martedi-17-febbraio-la-quarta-edizione-della-pedonata-mascherata\/","og_site_name":"Bellunopress - Dolomiti","article_publisher":"https:\/\/www.facebook.com\/profile.php?id=100008943462799","article_published_time":"2026-02-15T09:55:40+00:00","og_image":[{"width":978,"height":931,"url":"https:\/\/www.bellunopress.it\/wp-content\/uploads\/2025\/03\/Pippo-Carnevale-Belluno.jpg","type":"image\/jpeg"}],"author":"redazione","twitter_card":"summary_large_image","twitter_creator":"@bellunopress","twitter_site":"@bellunopress","twitter_misc":{"\u00c9crit par":"redazione","Dur\u00e9e de lecture estim\u00e9e":"2 minutes"},"schema":{"@context":"https:\/\/schema.org","@graph":[{"@type":"Article","@id":"https:\/\/www.bellunopress.it\/2026\/02\/15\/belluno-martedi-17-febbraio-la-quarta-edizione-della-pedonata-mascherata\/#article","isPartOf":{"@id":"https:\/\/www.bellunopress.it\/2026\/02\/15\/belluno-martedi-17-febbraio-la-quarta-edizione-della-pedonata-mascherata\/"},"author":{"name":"redazione","@id":"https:\/\/www.bellunopress.it\/#\/schema\/person\/79bb06722b37ece1c03d3e94beb30d73"},"headline":"Belluno. Marted\u00ec 17 febbraio la quarta edizione della Pedonata Mascherata","datePublished":"2026-02-15T09:55:40+00:00","mainEntityOfPage":{"@id":"https:\/\/www.bellunopress.it\/2026\/02\/15\/belluno-martedi-17-febbraio-la-quarta-edizione-della-pedonata-mascherata\/"},"wordCount":489,"publisher":{"@id":"https:\/\/www.bellunopress.it\/#organization"},"image":{"@id":"https:\/\/www.bellunopress.it\/2026\/02\/15\/belluno-martedi-17-febbraio-la-quarta-edizione-della-pedonata-mascherata\/#primaryimage"},"thumbnailUrl":"https:\/\/www.bellunopress.it\/wp-content\/uploads\/2025\/03\/Pippo-Carnevale-Belluno.jpg","articleSection":["Pausa Caff\u00e8","Sport, tempo libero"],"inLanguage":"fr-FR"},{"@type":"WebPage","@id":"https:\/\/www.bellunopress.it\/2026\/02\/15\/belluno-martedi-17-febbraio-la-quarta-edizione-della-pedonata-mascherata\/","url":"https:\/\/www.bellunopress.it\/2026\/02\/15\/belluno-martedi-17-febbraio-la-quarta-edizione-della-pedonata-mascherata\/","name":"Belluno. Marted\u00ec 17 febbraio la quarta edizione della Pedonata Mascherata - Bellunopress - Dolomiti","isPartOf":{"@id":"https:\/\/www.bellunopress.it\/#website"},"primaryImageOfPage":{"@id":"https:\/\/www.bellunopress.it\/2026\/02\/15\/belluno-martedi-17-febbraio-la-quarta-edizione-della-pedonata-mascherata\/#primaryimage"},"image":{"@id":"https:\/\/www.bellunopress.it\/2026\/02\/15\/belluno-martedi-17-febbraio-la-quarta-edizione-della-pedonata-mascherata\/#primaryimage"},"thumbnailUrl":"https:\/\/www.bellunopress.it\/wp-content\/uploads\/2025\/03\/Pippo-Carnevale-Belluno.jpg","datePublished":"2026-02-15T09:55:40+00:00","breadcrumb":{"@id":"https:\/\/www.bellunopress.it\/2026\/02\/15\/belluno-martedi-17-febbraio-la-quarta-edizione-della-pedonata-mascherata\/#breadcrumb"},"inLanguage":"fr-FR","potentialAction":[{"@type":"ReadAction","target":["https:\/\/www.bellunopress.it\/2026\/02\/15\/belluno-martedi-17-febbraio-la-quarta-edizione-della-pedonata-mascherata\/"]}]},{"@type":"ImageObject","inLanguage":"fr-FR","@id":"https:\/\/www.bellunopress.it\/2026\/02\/15\/belluno-martedi-17-febbraio-la-quarta-edizione-della-pedonata-mascherata\/#primaryimage","url":"https:\/\/www.bellunopress.it\/wp-content\/uploads\/2025\/03\/Pippo-Carnevale-Belluno.jpg","contentUrl":"https:\/\/www.bellunopress.it\/wp-content\/uploads\/2025\/03\/Pippo-Carnevale-Belluno.jpg","width":978,"height":931},{"@type":"BreadcrumbList","@id":"https:\/\/www.bellunopress.it\/2026\/02\/15\/belluno-martedi-17-febbraio-la-quarta-edizione-della-pedonata-mascherata\/#breadcrumb","itemListElement":[{"@type":"ListItem","position":1,"name":"Home","item":"https:\/\/www.bellunopress.it\/"},{"@type":"ListItem","position":2,"name":"Belluno. Marted\u00ec 17 febbraio la quarta edizione della Pedonata Mascherata"}]},{"@type":"WebSite","@id":"https:\/\/www.bellunopress.it\/#website","url":"https:\/\/www.bellunopress.it\/","name":"Bellunopress - Dolomiti","description":"e-mail: redazione@bellunopress.it","publisher":{"@id":"https:\/\/www.bellunopress.it\/#organization"},"potentialAction":[{"@type":"SearchAction","target":{"@type":"EntryPoint","urlTemplate":"https:\/\/www.bellunopress.it\/?s={search_term_string}"},"query-input":{"@type":"PropertyValueSpecification","valueRequired":true,"valueName":"search_term_string"}}],"inLanguage":"fr-FR"},{"@type":"Organization","@id":"https:\/\/www.bellunopress.it\/#organization","name":"Bellunopress","url":"https:\/\/www.bellunopress.it\/","logo":{"@type":"ImageObject","inLanguage":"fr-FR","@id":"https:\/\/www.bellunopress.it\/#\/schema\/logo\/image\/","url":"https:\/\/www.bellunopress.it\/wp-content\/uploads\/2011\/05\/cropped-logo-bellunopress-.jpg","contentUrl":"https:\/\/www.bellunopress.it\/wp-content\/uploads\/2011\/05\/cropped-logo-bellunopress-.jpg","width":512,"height":512,"caption":"Bellunopress"},"image":{"@id":"https:\/\/www.bellunopress.it\/#\/schema\/logo\/image\/"},"sameAs":["https:\/\/www.facebook.com\/profile.php?id=100008943462799","https:\/\/x.com\/bellunopress","https:\/\/www.linkedin.com\/hp\/?dnr=JBzUWaJfMUw8vbXJJ2tVW5-I3jZKvC4wsoxE&amp;amp;amp;amp;amp;amp;trk=nav_responsive_tab_home","https:\/\/www.youtube.com\/channel\/UCxL0wu1uN0_3_7hGG0306cw"]},{"@type":"Person","@id":"https:\/\/www.bellunopress.it\/#\/schema\/person\/79bb06722b37ece1c03d3e94beb30d73","name":"r\u00e9daction","image":{"@type":"ImageObject","inLanguage":"fr-FR","@id":"https:\/\/secure.gravatar.com\/avatar\/37d968a2e67a6fd04c169c4bdef102d0bc5d31b2546345219e348575eb80e9a0?s=96&d=mm&r=g","url":"https:\/\/secure.gravatar.com\/avatar\/37d968a2e67a6fd04c169c4bdef102d0bc5d31b2546345219e348575eb80e9a0?s=96&d=mm&r=g","contentUrl":"https:\/\/secure.gravatar.com\/avatar\/37d968a2e67a6fd04c169c4bdef102d0bc5d31b2546345219e348575eb80e9a0?s=96&d=mm&r=g","caption":"redazione"},"sameAs":["http:\/\/www.bellunopress.it","https:\/\/x.com\/bellunopress"],"url":"https:\/\/www.bellunopress.it\/fr\/author\/redazione\/"}]}},"_links":{"self":[{"href":"https:\/\/www.bellunopress.it\/fr\/wp-json\/wp\/v2\/posts\/167346","targetHints":{"allow":["GET"]}}],"collection":[{"href":"https:\/\/www.bellunopress.it\/fr\/wp-json\/wp\/v2\/posts"}],"about":[{"href":"https:\/\/www.bellunopress.it\/fr\/wp-json\/wp\/v2\/types\/post"}],"author":[{"embeddable":true,"href":"https:\/\/www.bellunopress.it\/fr\/wp-json\/wp\/v2\/users\/2"}],"replies":[{"embeddable":true,"href":"https:\/\/www.bellunopress.it\/fr\/wp-json\/wp\/v2\/comments?post=167346"}],"version-history":[{"count":1,"href":"https:\/\/www.bellunopress.it\/fr\/wp-json\/wp\/v2\/posts\/167346\/revisions"}],"predecessor-version":[{"id":167347,"href":"https:\/\/www.bellunopress.it\/fr\/wp-json\/wp\/v2\/posts\/167346\/revisions\/167347"}],"wp:featuredmedia":[{"embeddable":true,"href":"https:\/\/www.bellunopress.it\/fr\/wp-json\/wp\/v2\/media\/158448"}],"wp:attachment":[{"href":"https:\/\/www.bellunopress.it\/fr\/wp-json\/wp\/v2\/media?parent=167346"}],"wp:term":[{"taxonomy":"category","embeddable":true,"href":"https:\/\/www.bellunopress.it\/fr\/wp-json\/wp\/v2\/categories?post=167346"},{"taxonomy":"post_tag","embeddable":true,"href":"https:\/\/www.bellunopress.it\/fr\/wp-json\/wp\/v2\/tags?post=167346"}],"curies":[{"name":"wp","href":"https:\/\/api.w.org\/{rel}","templated":true}]}}