{"id":167337,"date":"2026-02-10T11:02:25","date_gmt":"2026-02-10T10:02:25","guid":{"rendered":"https:\/\/www.bellunopress.it\/?p=167337"},"modified":"2026-02-10T14:08:02","modified_gmt":"2026-02-10T13:08:02","slug":"belluno-il-questore-ricorda-la-figura-di-giovanni-palatucci-morto-nel-campo-di-concentramento-di-dachau-nel-1945","status":"publish","type":"post","link":"https:\/\/www.bellunopress.it\/fr\/2026\/02\/10\/belluno-il-questore-ricorda-la-figura-di-giovanni-palatucci-morto-nel-campo-di-concentramento-di-dachau-nel-1945\/","title":{"rendered":"Belluno. Il questore ricorda la figura di Giovanni Palatucci, morto nel campo di concentramento di Dachau nel 1945"},"content":{"rendered":"<p>Oggi, 10 febbraio 2026, il Questore di Belluno Dott. Roberto Della Rocca ha voluto ricordare il funzionario della Polizia di Stato Giovanni Palatucci e le sue eroiche gesta. Per l\u2019occasione ha organizzato una cerimonia commemorativa al parco Lambioi di Belluno alla quale hanno preso parte le maggiori autorit\u00e0 civili e militari della provincia, tra cui il Prefetto e l\u2019Assessore Raffaele Addamiano, nonch\u00e9 i giovani agenti in prova ed ispettori in prova da poco approdati alla Questura di Belluno.<\/p>\n<p>Il Questore, alla loro presenza, ha raccontato la storia di Palatucci, giovane Funzionario di Polizia gi\u00e0 Questore reggente di Fiume, morto nel campo di concentramento di Dachau il 10 febbraio 1945, deportatovi poich\u00e9 aveva tratto in salvo innumerevoli cittadini ebrei dalla morte certa a cui sarebbero stati condannati. Con coraggio e dedizione, \u00e8 rimasto sino alla fine fedele e coerente ai suoi valori morali e nonostante la sottoposizione alle torture, non ha mai rivelato i nomi di coloro che aveva tratto in salvo e di chi lo aveva aiutato a salvarli. Nel corso della cerimonia \u00e8 stata deposta una composizione floreale in sua memoria, segno di coraggio e dedizione, qualit\u00e0 che ci si augura possano ispirare tutte le nuove generazioni.<br \/>\nContestualmente, nell\u2019ambito della collaborazione con gli istituti scolastici, due operatrici della Polizia di Stato hanno preso parte ad un incontro concordato e voluto dall\u2019l\u2019I.T.E. Calvi di Belluno per parlare con i maturandi della scuola di quanto sia importante non voltare le spalle alle ingiustizie che quotidianamente si verificano nella nostra societ\u00e0 e seguire l\u2019esempio di persone come Palatucci.<\/p>","protected":false},"excerpt":{"rendered":"<p>Oggi, 10 febbraio 2026, il Questore di Belluno Dott. Roberto Della Rocca ha voluto ricordare il funzionario della Polizia di Stato Giovanni Palatucci e le sue eroiche gesta. Per l\u2019occasione ha organizzato una cerimonia commemorativa al parco Lambioi di Belluno alla quale hanno preso parte le maggiori autorit\u00e0 civili e militari della provincia, tra cui [&hellip;]<\/p>\n","protected":false},"author":2,"featured_media":167338,"comment_status":"closed","ping_status":"open","sticky":false,"template":"","format":"standard","meta":{"footnotes":""},"categories":[8],"tags":[],"class_list":["post-167337","post","type-post","status-publish","format-standard","has-post-thumbnail","category-societa-istituzioni"],"yoast_head":"<!-- This site is optimized with the Yoast SEO plugin v28.4 - https:\/\/yoast.com\/product\/yoast-seo-wordpress\/ -->\n<title>Belluno. Il questore ricorda la figura di Giovanni Palatucci, morto nel campo di concentramento di Dachau nel 1945 - Bellunopress - Dolomiti<\/title>\n<meta name=\"robots\" content=\"index, follow, max-snippet:-1, max-image-preview:large, max-video-preview:-1\" \/>\n<link rel=\"canonical\" href=\"https:\/\/www.bellunopress.it\/fr\/2026\/02\/10\/belluno-il-questore-ricorda-la-figura-di-giovanni-palatucci-morto-nel-campo-di-concentramento-di-dachau-nel-1945\/\" \/>\n<meta property=\"og:locale\" content=\"fr_FR\" \/>\n<meta property=\"og:type\" content=\"article\" \/>\n<meta property=\"og:title\" content=\"Belluno. Il questore ricorda la figura di Giovanni Palatucci, morto nel campo di concentramento di Dachau nel 1945 - Bellunopress - Dolomiti\" \/>\n<meta property=\"og:description\" content=\"Oggi, 10 febbraio 2026, il Questore di Belluno Dott. Roberto Della Rocca ha voluto ricordare il funzionario della Polizia di Stato Giovanni Palatucci e le sue eroiche gesta. Per l\u2019occasione ha organizzato una cerimonia commemorativa al parco Lambioi di Belluno alla quale hanno preso parte le maggiori autorit\u00e0 civili e militari della provincia, tra cui [&hellip;]\" \/>\n<meta property=\"og:url\" content=\"https:\/\/www.bellunopress.it\/fr\/2026\/02\/10\/belluno-il-questore-ricorda-la-figura-di-giovanni-palatucci-morto-nel-campo-di-concentramento-di-dachau-nel-1945\/\" \/>\n<meta property=\"og:site_name\" content=\"Bellunopress - Dolomiti\" \/>\n<meta property=\"article:publisher\" content=\"https:\/\/www.facebook.com\/profile.php?id=100008943462799\" \/>\n<meta property=\"article:published_time\" content=\"2026-02-10T10:02:25+00:00\" \/>\n<meta property=\"article:modified_time\" content=\"2026-02-10T13:08:02+00:00\" \/>\n<meta property=\"og:image\" content=\"https:\/\/www.bellunopress.it\/wp-content\/uploads\/2026\/02\/commemorazione-Palatucci.jpg\" \/>\n\t<meta property=\"og:image:width\" content=\"500\" \/>\n\t<meta property=\"og:image:height\" content=\"333\" \/>\n\t<meta property=\"og:image:type\" content=\"image\/jpeg\" \/>\n<meta name=\"author\" content=\"redazione\" \/>\n<meta name=\"twitter:card\" content=\"summary_large_image\" \/>\n<meta name=\"twitter:creator\" content=\"@bellunopress\" \/>\n<meta name=\"twitter:site\" content=\"@bellunopress\" \/>\n<meta name=\"twitter:label1\" content=\"\u00c9crit par\" \/>\n\t<meta name=\"twitter:data1\" content=\"redazione\" \/>\n\t<meta name=\"twitter:label2\" content=\"Dur\u00e9e de lecture estim\u00e9e\" \/>\n\t<meta name=\"twitter:data2\" content=\"1 minute\" \/>\n<script type=\"application\/ld+json\" class=\"yoast-schema-graph\">{\"@context\":\"https:\\\/\\\/schema.org\",\"@graph\":[{\"@type\":\"Article\",\"@id\":\"https:\\\/\\\/www.bellunopress.it\\\/2026\\\/02\\\/10\\\/belluno-il-questore-ricorda-la-figura-di-giovanni-palatucci-morto-nel-campo-di-concentramento-di-dachau-nel-1945\\\/#article\",\"isPartOf\":{\"@id\":\"https:\\\/\\\/www.bellunopress.it\\\/2026\\\/02\\\/10\\\/belluno-il-questore-ricorda-la-figura-di-giovanni-palatucci-morto-nel-campo-di-concentramento-di-dachau-nel-1945\\\/\"},\"author\":{\"name\":\"redazione\",\"@id\":\"https:\\\/\\\/www.bellunopress.it\\\/#\\\/schema\\\/person\\\/79bb06722b37ece1c03d3e94beb30d73\"},\"headline\":\"Belluno. Il questore ricorda la figura di Giovanni Palatucci, morto nel campo di concentramento di Dachau nel 1945\",\"datePublished\":\"2026-02-10T10:02:25+00:00\",\"dateModified\":\"2026-02-10T13:08:02+00:00\",\"mainEntityOfPage\":{\"@id\":\"https:\\\/\\\/www.bellunopress.it\\\/2026\\\/02\\\/10\\\/belluno-il-questore-ricorda-la-figura-di-giovanni-palatucci-morto-nel-campo-di-concentramento-di-dachau-nel-1945\\\/\"},\"wordCount\":275,\"publisher\":{\"@id\":\"https:\\\/\\\/www.bellunopress.it\\\/#organization\"},\"image\":{\"@id\":\"https:\\\/\\\/www.bellunopress.it\\\/2026\\\/02\\\/10\\\/belluno-il-questore-ricorda-la-figura-di-giovanni-palatucci-morto-nel-campo-di-concentramento-di-dachau-nel-1945\\\/#primaryimage\"},\"thumbnailUrl\":\"https:\\\/\\\/www.bellunopress.it\\\/wp-content\\\/uploads\\\/2026\\\/02\\\/commemorazione-Palatucci.jpg\",\"articleSection\":[\"Societ\u00e0, Associazioni, Istituzioni\"],\"inLanguage\":\"fr-FR\"},{\"@type\":\"WebPage\",\"@id\":\"https:\\\/\\\/www.bellunopress.it\\\/2026\\\/02\\\/10\\\/belluno-il-questore-ricorda-la-figura-di-giovanni-palatucci-morto-nel-campo-di-concentramento-di-dachau-nel-1945\\\/\",\"url\":\"https:\\\/\\\/www.bellunopress.it\\\/2026\\\/02\\\/10\\\/belluno-il-questore-ricorda-la-figura-di-giovanni-palatucci-morto-nel-campo-di-concentramento-di-dachau-nel-1945\\\/\",\"name\":\"Belluno. Il questore ricorda la figura di Giovanni Palatucci, morto nel campo di concentramento di Dachau nel 1945 - Bellunopress - Dolomiti\",\"isPartOf\":{\"@id\":\"https:\\\/\\\/www.bellunopress.it\\\/#website\"},\"primaryImageOfPage\":{\"@id\":\"https:\\\/\\\/www.bellunopress.it\\\/2026\\\/02\\\/10\\\/belluno-il-questore-ricorda-la-figura-di-giovanni-palatucci-morto-nel-campo-di-concentramento-di-dachau-nel-1945\\\/#primaryimage\"},\"image\":{\"@id\":\"https:\\\/\\\/www.bellunopress.it\\\/2026\\\/02\\\/10\\\/belluno-il-questore-ricorda-la-figura-di-giovanni-palatucci-morto-nel-campo-di-concentramento-di-dachau-nel-1945\\\/#primaryimage\"},\"thumbnailUrl\":\"https:\\\/\\\/www.bellunopress.it\\\/wp-content\\\/uploads\\\/2026\\\/02\\\/commemorazione-Palatucci.jpg\",\"datePublished\":\"2026-02-10T10:02:25+00:00\",\"dateModified\":\"2026-02-10T13:08:02+00:00\",\"breadcrumb\":{\"@id\":\"https:\\\/\\\/www.bellunopress.it\\\/2026\\\/02\\\/10\\\/belluno-il-questore-ricorda-la-figura-di-giovanni-palatucci-morto-nel-campo-di-concentramento-di-dachau-nel-1945\\\/#breadcrumb\"},\"inLanguage\":\"fr-FR\",\"potentialAction\":[{\"@type\":\"ReadAction\",\"target\":[\"https:\\\/\\\/www.bellunopress.it\\\/2026\\\/02\\\/10\\\/belluno-il-questore-ricorda-la-figura-di-giovanni-palatucci-morto-nel-campo-di-concentramento-di-dachau-nel-1945\\\/\"]}]},{\"@type\":\"ImageObject\",\"inLanguage\":\"fr-FR\",\"@id\":\"https:\\\/\\\/www.bellunopress.it\\\/2026\\\/02\\\/10\\\/belluno-il-questore-ricorda-la-figura-di-giovanni-palatucci-morto-nel-campo-di-concentramento-di-dachau-nel-1945\\\/#primaryimage\",\"url\":\"https:\\\/\\\/www.bellunopress.it\\\/wp-content\\\/uploads\\\/2026\\\/02\\\/commemorazione-Palatucci.jpg\",\"contentUrl\":\"https:\\\/\\\/www.bellunopress.it\\\/wp-content\\\/uploads\\\/2026\\\/02\\\/commemorazione-Palatucci.jpg\",\"width\":500,\"height\":333},{\"@type\":\"BreadcrumbList\",\"@id\":\"https:\\\/\\\/www.bellunopress.it\\\/2026\\\/02\\\/10\\\/belluno-il-questore-ricorda-la-figura-di-giovanni-palatucci-morto-nel-campo-di-concentramento-di-dachau-nel-1945\\\/#breadcrumb\",\"itemListElement\":[{\"@type\":\"ListItem\",\"position\":1,\"name\":\"Home\",\"item\":\"https:\\\/\\\/www.bellunopress.it\\\/\"},{\"@type\":\"ListItem\",\"position\":2,\"name\":\"Belluno. Il questore ricorda la figura di Giovanni Palatucci, morto nel campo di concentramento di Dachau nel 1945\"}]},{\"@type\":\"WebSite\",\"@id\":\"https:\\\/\\\/www.bellunopress.it\\\/#website\",\"url\":\"https:\\\/\\\/www.bellunopress.it\\\/\",\"name\":\"Bellunopress - Dolomiti\",\"description\":\"e-mail: redazione@bellunopress.it\",\"publisher\":{\"@id\":\"https:\\\/\\\/www.bellunopress.it\\\/#organization\"},\"potentialAction\":[{\"@type\":\"SearchAction\",\"target\":{\"@type\":\"EntryPoint\",\"urlTemplate\":\"https:\\\/\\\/www.bellunopress.it\\\/?s={search_term_string}\"},\"query-input\":{\"@type\":\"PropertyValueSpecification\",\"valueRequired\":true,\"valueName\":\"search_term_string\"}}],\"inLanguage\":\"fr-FR\"},{\"@type\":\"Organization\",\"@id\":\"https:\\\/\\\/www.bellunopress.it\\\/#organization\",\"name\":\"Bellunopress\",\"url\":\"https:\\\/\\\/www.bellunopress.it\\\/\",\"logo\":{\"@type\":\"ImageObject\",\"inLanguage\":\"fr-FR\",\"@id\":\"https:\\\/\\\/www.bellunopress.it\\\/#\\\/schema\\\/logo\\\/image\\\/\",\"url\":\"https:\\\/\\\/www.bellunopress.it\\\/wp-content\\\/uploads\\\/2011\\\/05\\\/cropped-logo-bellunopress-.jpg\",\"contentUrl\":\"https:\\\/\\\/www.bellunopress.it\\\/wp-content\\\/uploads\\\/2011\\\/05\\\/cropped-logo-bellunopress-.jpg\",\"width\":512,\"height\":512,\"caption\":\"Bellunopress\"},\"image\":{\"@id\":\"https:\\\/\\\/www.bellunopress.it\\\/#\\\/schema\\\/logo\\\/image\\\/\"},\"sameAs\":[\"https:\\\/\\\/www.facebook.com\\\/profile.php?id=100008943462799\",\"https:\\\/\\\/x.com\\\/bellunopress\",\"https:\\\/\\\/www.linkedin.com\\\/hp\\\/?dnr=JBzUWaJfMUw8vbXJJ2tVW5-I3jZKvC4wsoxE&amp;amp;amp;amp;amp;amp;trk=nav_responsive_tab_home\",\"https:\\\/\\\/www.youtube.com\\\/channel\\\/UCxL0wu1uN0_3_7hGG0306cw\"]},{\"@type\":\"Person\",\"@id\":\"https:\\\/\\\/www.bellunopress.it\\\/#\\\/schema\\\/person\\\/79bb06722b37ece1c03d3e94beb30d73\",\"name\":\"redazione\",\"image\":{\"@type\":\"ImageObject\",\"inLanguage\":\"fr-FR\",\"@id\":\"https:\\\/\\\/secure.gravatar.com\\\/avatar\\\/37d968a2e67a6fd04c169c4bdef102d0bc5d31b2546345219e348575eb80e9a0?s=96&d=mm&r=g\",\"url\":\"https:\\\/\\\/secure.gravatar.com\\\/avatar\\\/37d968a2e67a6fd04c169c4bdef102d0bc5d31b2546345219e348575eb80e9a0?s=96&d=mm&r=g\",\"contentUrl\":\"https:\\\/\\\/secure.gravatar.com\\\/avatar\\\/37d968a2e67a6fd04c169c4bdef102d0bc5d31b2546345219e348575eb80e9a0?s=96&d=mm&r=g\",\"caption\":\"redazione\"},\"sameAs\":[\"http:\\\/\\\/www.bellunopress.it\",\"https:\\\/\\\/x.com\\\/bellunopress\"],\"url\":\"https:\\\/\\\/www.bellunopress.it\\\/fr\\\/author\\\/redazione\\\/\"}]}<\/script>\n<!-- \/ Yoast SEO plugin. -->","yoast_head_json":{"title":"Belluno. Il questore ricorda la figura di Giovanni Palatucci, morto nel campo di concentramento di Dachau nel 1945 - Bellunopress - Dolomiti","robots":{"index":"index","follow":"follow","max-snippet":"max-snippet:-1","max-image-preview":"max-image-preview:large","max-video-preview":"max-video-preview:-1"},"canonical":"https:\/\/www.bellunopress.it\/fr\/2026\/02\/10\/belluno-il-questore-ricorda-la-figura-di-giovanni-palatucci-morto-nel-campo-di-concentramento-di-dachau-nel-1945\/","og_locale":"fr_FR","og_type":"article","og_title":"Belluno. Il questore ricorda la figura di Giovanni Palatucci, morto nel campo di concentramento di Dachau nel 1945 - Bellunopress - Dolomiti","og_description":"Oggi, 10 febbraio 2026, il Questore di Belluno Dott. Roberto Della Rocca ha voluto ricordare il funzionario della Polizia di Stato Giovanni Palatucci e le sue eroiche gesta. Per l\u2019occasione ha organizzato una cerimonia commemorativa al parco Lambioi di Belluno alla quale hanno preso parte le maggiori autorit\u00e0 civili e militari della provincia, tra cui [&hellip;]","og_url":"https:\/\/www.bellunopress.it\/fr\/2026\/02\/10\/belluno-il-questore-ricorda-la-figura-di-giovanni-palatucci-morto-nel-campo-di-concentramento-di-dachau-nel-1945\/","og_site_name":"Bellunopress - Dolomiti","article_publisher":"https:\/\/www.facebook.com\/profile.php?id=100008943462799","article_published_time":"2026-02-10T10:02:25+00:00","article_modified_time":"2026-02-10T13:08:02+00:00","og_image":[{"width":500,"height":333,"url":"https:\/\/www.bellunopress.it\/wp-content\/uploads\/2026\/02\/commemorazione-Palatucci.jpg","type":"image\/jpeg"}],"author":"redazione","twitter_card":"summary_large_image","twitter_creator":"@bellunopress","twitter_site":"@bellunopress","twitter_misc":{"\u00c9crit par":"redazione","Dur\u00e9e de lecture estim\u00e9e":"1 minute"},"schema":{"@context":"https:\/\/schema.org","@graph":[{"@type":"Article","@id":"https:\/\/www.bellunopress.it\/2026\/02\/10\/belluno-il-questore-ricorda-la-figura-di-giovanni-palatucci-morto-nel-campo-di-concentramento-di-dachau-nel-1945\/#article","isPartOf":{"@id":"https:\/\/www.bellunopress.it\/2026\/02\/10\/belluno-il-questore-ricorda-la-figura-di-giovanni-palatucci-morto-nel-campo-di-concentramento-di-dachau-nel-1945\/"},"author":{"name":"redazione","@id":"https:\/\/www.bellunopress.it\/#\/schema\/person\/79bb06722b37ece1c03d3e94beb30d73"},"headline":"Belluno. Il questore ricorda la figura di Giovanni Palatucci, morto nel campo di concentramento di Dachau nel 1945","datePublished":"2026-02-10T10:02:25+00:00","dateModified":"2026-02-10T13:08:02+00:00","mainEntityOfPage":{"@id":"https:\/\/www.bellunopress.it\/2026\/02\/10\/belluno-il-questore-ricorda-la-figura-di-giovanni-palatucci-morto-nel-campo-di-concentramento-di-dachau-nel-1945\/"},"wordCount":275,"publisher":{"@id":"https:\/\/www.bellunopress.it\/#organization"},"image":{"@id":"https:\/\/www.bellunopress.it\/2026\/02\/10\/belluno-il-questore-ricorda-la-figura-di-giovanni-palatucci-morto-nel-campo-di-concentramento-di-dachau-nel-1945\/#primaryimage"},"thumbnailUrl":"https:\/\/www.bellunopress.it\/wp-content\/uploads\/2026\/02\/commemorazione-Palatucci.jpg","articleSection":["Societ\u00e0, Associazioni, Istituzioni"],"inLanguage":"fr-FR"},{"@type":"WebPage","@id":"https:\/\/www.bellunopress.it\/2026\/02\/10\/belluno-il-questore-ricorda-la-figura-di-giovanni-palatucci-morto-nel-campo-di-concentramento-di-dachau-nel-1945\/","url":"https:\/\/www.bellunopress.it\/2026\/02\/10\/belluno-il-questore-ricorda-la-figura-di-giovanni-palatucci-morto-nel-campo-di-concentramento-di-dachau-nel-1945\/","name":"Belluno. Il questore ricorda la figura di Giovanni Palatucci, morto nel campo di concentramento di Dachau nel 1945 - Bellunopress - Dolomiti","isPartOf":{"@id":"https:\/\/www.bellunopress.it\/#website"},"primaryImageOfPage":{"@id":"https:\/\/www.bellunopress.it\/2026\/02\/10\/belluno-il-questore-ricorda-la-figura-di-giovanni-palatucci-morto-nel-campo-di-concentramento-di-dachau-nel-1945\/#primaryimage"},"image":{"@id":"https:\/\/www.bellunopress.it\/2026\/02\/10\/belluno-il-questore-ricorda-la-figura-di-giovanni-palatucci-morto-nel-campo-di-concentramento-di-dachau-nel-1945\/#primaryimage"},"thumbnailUrl":"https:\/\/www.bellunopress.it\/wp-content\/uploads\/2026\/02\/commemorazione-Palatucci.jpg","datePublished":"2026-02-10T10:02:25+00:00","dateModified":"2026-02-10T13:08:02+00:00","breadcrumb":{"@id":"https:\/\/www.bellunopress.it\/2026\/02\/10\/belluno-il-questore-ricorda-la-figura-di-giovanni-palatucci-morto-nel-campo-di-concentramento-di-dachau-nel-1945\/#breadcrumb"},"inLanguage":"fr-FR","potentialAction":[{"@type":"ReadAction","target":["https:\/\/www.bellunopress.it\/2026\/02\/10\/belluno-il-questore-ricorda-la-figura-di-giovanni-palatucci-morto-nel-campo-di-concentramento-di-dachau-nel-1945\/"]}]},{"@type":"ImageObject","inLanguage":"fr-FR","@id":"https:\/\/www.bellunopress.it\/2026\/02\/10\/belluno-il-questore-ricorda-la-figura-di-giovanni-palatucci-morto-nel-campo-di-concentramento-di-dachau-nel-1945\/#primaryimage","url":"https:\/\/www.bellunopress.it\/wp-content\/uploads\/2026\/02\/commemorazione-Palatucci.jpg","contentUrl":"https:\/\/www.bellunopress.it\/wp-content\/uploads\/2026\/02\/commemorazione-Palatucci.jpg","width":500,"height":333},{"@type":"BreadcrumbList","@id":"https:\/\/www.bellunopress.it\/2026\/02\/10\/belluno-il-questore-ricorda-la-figura-di-giovanni-palatucci-morto-nel-campo-di-concentramento-di-dachau-nel-1945\/#breadcrumb","itemListElement":[{"@type":"ListItem","position":1,"name":"Home","item":"https:\/\/www.bellunopress.it\/"},{"@type":"ListItem","position":2,"name":"Belluno. Il questore ricorda la figura di Giovanni Palatucci, morto nel campo di concentramento di Dachau nel 1945"}]},{"@type":"WebSite","@id":"https:\/\/www.bellunopress.it\/#website","url":"https:\/\/www.bellunopress.it\/","name":"Bellunopress - Dolomiti","description":"e-mail: redazione@bellunopress.it","publisher":{"@id":"https:\/\/www.bellunopress.it\/#organization"},"potentialAction":[{"@type":"SearchAction","target":{"@type":"EntryPoint","urlTemplate":"https:\/\/www.bellunopress.it\/?s={search_term_string}"},"query-input":{"@type":"PropertyValueSpecification","valueRequired":true,"valueName":"search_term_string"}}],"inLanguage":"fr-FR"},{"@type":"Organization","@id":"https:\/\/www.bellunopress.it\/#organization","name":"Bellunopress","url":"https:\/\/www.bellunopress.it\/","logo":{"@type":"ImageObject","inLanguage":"fr-FR","@id":"https:\/\/www.bellunopress.it\/#\/schema\/logo\/image\/","url":"https:\/\/www.bellunopress.it\/wp-content\/uploads\/2011\/05\/cropped-logo-bellunopress-.jpg","contentUrl":"https:\/\/www.bellunopress.it\/wp-content\/uploads\/2011\/05\/cropped-logo-bellunopress-.jpg","width":512,"height":512,"caption":"Bellunopress"},"image":{"@id":"https:\/\/www.bellunopress.it\/#\/schema\/logo\/image\/"},"sameAs":["https:\/\/www.facebook.com\/profile.php?id=100008943462799","https:\/\/x.com\/bellunopress","https:\/\/www.linkedin.com\/hp\/?dnr=JBzUWaJfMUw8vbXJJ2tVW5-I3jZKvC4wsoxE&amp;amp;amp;amp;amp;amp;trk=nav_responsive_tab_home","https:\/\/www.youtube.com\/channel\/UCxL0wu1uN0_3_7hGG0306cw"]},{"@type":"Person","@id":"https:\/\/www.bellunopress.it\/#\/schema\/person\/79bb06722b37ece1c03d3e94beb30d73","name":"r\u00e9daction","image":{"@type":"ImageObject","inLanguage":"fr-FR","@id":"https:\/\/secure.gravatar.com\/avatar\/37d968a2e67a6fd04c169c4bdef102d0bc5d31b2546345219e348575eb80e9a0?s=96&d=mm&r=g","url":"https:\/\/secure.gravatar.com\/avatar\/37d968a2e67a6fd04c169c4bdef102d0bc5d31b2546345219e348575eb80e9a0?s=96&d=mm&r=g","contentUrl":"https:\/\/secure.gravatar.com\/avatar\/37d968a2e67a6fd04c169c4bdef102d0bc5d31b2546345219e348575eb80e9a0?s=96&d=mm&r=g","caption":"redazione"},"sameAs":["http:\/\/www.bellunopress.it","https:\/\/x.com\/bellunopress"],"url":"https:\/\/www.bellunopress.it\/fr\/author\/redazione\/"}]}},"_links":{"self":[{"href":"https:\/\/www.bellunopress.it\/fr\/wp-json\/wp\/v2\/posts\/167337","targetHints":{"allow":["GET"]}}],"collection":[{"href":"https:\/\/www.bellunopress.it\/fr\/wp-json\/wp\/v2\/posts"}],"about":[{"href":"https:\/\/www.bellunopress.it\/fr\/wp-json\/wp\/v2\/types\/post"}],"author":[{"embeddable":true,"href":"https:\/\/www.bellunopress.it\/fr\/wp-json\/wp\/v2\/users\/2"}],"replies":[{"embeddable":true,"href":"https:\/\/www.bellunopress.it\/fr\/wp-json\/wp\/v2\/comments?post=167337"}],"version-history":[{"count":1,"href":"https:\/\/www.bellunopress.it\/fr\/wp-json\/wp\/v2\/posts\/167337\/revisions"}],"predecessor-version":[{"id":167339,"href":"https:\/\/www.bellunopress.it\/fr\/wp-json\/wp\/v2\/posts\/167337\/revisions\/167339"}],"wp:featuredmedia":[{"embeddable":true,"href":"https:\/\/www.bellunopress.it\/fr\/wp-json\/wp\/v2\/media\/167338"}],"wp:attachment":[{"href":"https:\/\/www.bellunopress.it\/fr\/wp-json\/wp\/v2\/media?parent=167337"}],"wp:term":[{"taxonomy":"category","embeddable":true,"href":"https:\/\/www.bellunopress.it\/fr\/wp-json\/wp\/v2\/categories?post=167337"},{"taxonomy":"post_tag","embeddable":true,"href":"https:\/\/www.bellunopress.it\/fr\/wp-json\/wp\/v2\/tags?post=167337"}],"curies":[{"name":"wp","href":"https:\/\/api.w.org\/{rel}","templated":true}]}}